{"id":1764044,"date":"2023-09-08T11:49:24","date_gmt":"2023-09-08T10:49:24","guid":{"rendered":"https:\/\/www.pressenza.com\/?p=1764044"},"modified":"2023-09-08T11:50:16","modified_gmt":"2023-09-08T10:50:16","slug":"australia-datti-da-fare-per-liberare-julian-assange-scandiscono-gli-attivisti-nella-giornata-delle-ambasciate-australiane","status":"publish","type":"post","link":"https:\/\/www.pressenza.com\/it\/2023\/09\/australia-datti-da-fare-per-liberare-julian-assange-scandiscono-gli-attivisti-nella-giornata-delle-ambasciate-australiane\/","title":{"rendered":"&#8220;Australia, datti da fare per liberare Julian Assange&#8221;, scandiscono gli attivisti nella giornata delle ambasciate australiane"},"content":{"rendered":"<p>E sei parlamentari australiani partono alla volta di Washington per farlo.<\/p>\n<p>L&#8217;iniziativa si \u00e8 diffusa a macchia d&#8217;olio.\u00a0 Lo scorso 12 agosto, un attivista per Julian Assange di Wellington (NZ) ha twittato un appello a organizzare sit-in fuori dalle ambasciate australiane in tutto il mondo il 3 settembre (o intorno a tale data), per sollecitare il governo australiano a essere pi\u00f9 risoluto nel chiedere il rilascio di Assange dalla prigione di Belmarsh a Londra. Un attivista di Londra ha fatto eco all&#8217;appello in un popolare talk show sul web e gli attivisti di Roma hanno diffuso l&#8217;appello attraverso un&#8217;agenzia di stampa internazionale.\u00a0 E poi \u00e8 accaduto il miracolo.<\/p>\n<p>In sedici citt\u00e0 di tutto il pianeta &#8211; Sydney, Melbourne, Wellington, Londra, Bruxelles, L&#8217;Aia, Parigi, Roma, Milano, Madrid, Stoccolma, Dublino, Toronto, Chicago, Tulsa, Citt\u00e0 del Messico &#8211; la gente si \u00e8 riunita spontaneamente davanti all&#8217;ambasciata o al consolato australiano locale, o a qualche altro edificio legato al continente australe, per ringraziare il popolo australiano per il massiccio sostegno dato al loro compatriota Julian e per esortare il governo di Canberra ad ascoltare le loro voci e a riportare Julian a casa.<\/p>\n<p>Dal momento che il 3 settembre \u00e8 la festa del pap\u00e0 in Australia, i sit-in hanno pure voluto ricordare che Julian, come padre, non ha mai visto i suoi figli pi\u00f9 piccoli, di 4 e 6 anni, se non da neonati o dietro le sbarre della prigione. Gli attivisti hanno anche voluto rendere omaggio al padre di Julian, John Shipton, che, pur settantenne, gira instancabilmente in tutto il mondo per perorare la causa del figlio che attende l&#8217;estradizione negli Stati Uniti e una possibile condanna a 175 anni per aver rivelato crimini di guerra utilizzando documenti riservati.<\/p>\n<div id=\"attachment_1764047\" class=\"wp-caption aligncenter\"><img loading=\"lazy\" decoding=\"async\" aria-describedby=\"caption-attachment-1764047\" class=\"size-large wp-image-1764047\" src=\"https:\/\/www.pressenza.com\/wp-content\/uploads\/2023\/09\/australian_embassy_day_paris-soutien-Assange-820x444.jpg\" alt=\"\" width=\"820\" height=\"444\" srcset=\"https:\/\/www.pressenza.com\/wp-content\/uploads\/2023\/09\/australian_embassy_day_paris-soutien-Assange-820x444.jpg 820w, https:\/\/www.pressenza.com\/wp-content\/uploads\/2023\/09\/australian_embassy_day_paris-soutien-Assange-300x162.jpg 300w, https:\/\/www.pressenza.com\/wp-content\/uploads\/2023\/09\/australian_embassy_day_paris-soutien-Assange.jpg 850w\" sizes=\"auto, (max-width: 820px) 100vw, 820px\" \/><p id=\"caption-attachment-1764047\" class=\"wp-caption-text\">Manifestanti francesi pro Assange si riuniscono vicino all&#8217;ambasciata australiana a Parigi, 3 settembre 2023.<br \/>Foto per gentile concessione del Comit\u00e9 de soutien Assange.<\/p><\/div>\n<p>A Parigi, 60 attivisti francesi, in rappresentanza di 22 gruppi Free Assange di tutta la Francia, hanno sfidato il caldo torrido per venire nella capitale e manifestare davanti all&#8217;ambasciata australiana (vedi foto).\u00a0 Nel loro appello, gli attivisti francesi hanno ricordato al premier australiano Anthony Albanese che, lo scorso dicembre, egli aveva commentato la persecuzione giudiziaria di Julian con un secco &#8220;Quando \u00e8 troppo \u00e8 troppo&#8221;.\u00a0 &#8220;Ora, nove mesi dopo&#8221;, hanno proseguito gli attivisti, &#8220;\u00e8 fin troppo&#8221;; l&#8217;Australia dovrebbe usare l&#8217;influenza acquisita nei confronti degli Stati Uniti &#8220;per chiedere l&#8217;immediato rilascio di Assange. Se un giornalista australiano che pubblica in Europa pu\u00f2 essere arrestato sommariamente e poi giudicato da un tribunale americano, allora nessun giornalista al mondo pu\u00f2 essere al sicuro&#8221;.<\/p>\n<p>Durante il loro sit-in, gli attivisti di Boston hanno ricordato ai partecipanti che l&#8217;Alta Corte del Regno Unito \u00e8 in pausa estiva fino al 2 ottobre.\u00a0 Ma poco dopo, i giudici annunceranno se concederanno o meno ad Assange un&#8217;ultima possibilit\u00e0 di fare appello contro la sua estradizione.\u00a0 Quel giorno viene chiamato &#8220;giorno X&#8221; perch\u00e9 se la richiesta di appello viene respinta, Julian potrebbe essere immediatamente messo su un aereo per gli Stati Uniti e quindi per un destino da ergastolano.\u00a0 Infatti, le pratiche per l&#8217;estradizione sono gi\u00e0 state preparate e firmate: l&#8217;allora ministro dell&#8217;Interno Pritti Patel ha messo la firma un anno fa, il 7 giugno 2022.<\/p>\n<div id=\"attachment_1764045\" class=\"wp-caption aligncenter\"><img loading=\"lazy\" decoding=\"async\" aria-describedby=\"caption-attachment-1764045\" class=\"size-large wp-image-1764045\" src=\"https:\/\/www.pressenza.com\/wp-content\/uploads\/2023\/09\/dormino_roma_giornata_ambasciate_australiane-820x565.jpg\" alt=\"\" width=\"820\" height=\"565\" srcset=\"https:\/\/www.pressenza.com\/wp-content\/uploads\/2023\/09\/dormino_roma_giornata_ambasciate_australiane-820x565.jpg 820w, https:\/\/www.pressenza.com\/wp-content\/uploads\/2023\/09\/dormino_roma_giornata_ambasciate_australiane-300x207.jpg 300w, https:\/\/www.pressenza.com\/wp-content\/uploads\/2023\/09\/dormino_roma_giornata_ambasciate_australiane.jpg 899w\" sizes=\"auto, (max-width: 820px) 100vw, 820px\" \/><p id=\"caption-attachment-1764045\" class=\"wp-caption-text\">Davide Dormino si rivolge alla folla fuori dall&#8217;ambasciata australiana a Roma.<br \/>Foto per gentile concessione di Free Assange Roma.<\/p><\/div>\n<p>A Roma, Davide Dormino, lo scultore della famosa statua in bronzo &#8220;Anything to Say?&#8221; che riproduce Assange insieme a Chelsea Manning ed Edward Snowden, ha parlato a quasi un centinaio di attivisti davanti all&#8217;ambasciata australiana.\u00a0 &#8220;Come Prometeo, Julian Assange ha scardinato il potere degli dei, fatto di menzogne, trasformando quelle bugie in verit\u00e0 accessibili a tutti noi &#8211; e ora sta pagando per questo&#8221;, ha detto Dormino.\u00a0\u00a0 &#8220;Ma non sar\u00e0 la legge a salvare Julian&#8221;, ha aggiunto. &#8220;perch\u00e9 Julian Assange \u00e8 un prigioniero politico. Se verr\u00e0 salvato, sar\u00e0 salvato solo perch\u00e9 tutti noi siamo qui, cos\u00ec come in tante altre citt\u00e0 del mondo, a manifestare, sar\u00e0 la nostra pressione sui governi a farlo tornare libero&#8221;.<\/p>\n<p>A Milano, gli attivisti del Comitato per la Liberazione di Julian Assange &#8211; Italia hanno detto a una folla di 120 sostenitori, riuniti fuori dal Consolato australiano, che &#8220;il caso Assange \u00e8 un caso di persecuzione politica che non ha nulla a che vedere con le questioni giudiziarie, che vengono utilizzate in modo arbitrario, creando cos\u00ec un pericoloso precedente per lo Stato di diritto&#8221;.<\/p>\n<p>Nella capitale britannica, una dozzina di manifestanti del Team Assange London si sono riuniti sulla Strand davanti all&#8217;Australia House per cantare &#8220;Albo [Albanese] mantieni la promessa elettorale! Liberate Assange!&#8221;<\/p>\n<div id=\"attachment_1764046\" class=\"wp-caption aligncenter\"><img loading=\"lazy\" decoding=\"async\" aria-describedby=\"caption-attachment-1764046\" class=\"size-large wp-image-1764046\" src=\"https:\/\/www.pressenza.com\/wp-content\/uploads\/2023\/09\/australian_embassy_day_london-team-assange-820x525.jpg\" alt=\"\" width=\"820\" height=\"525\" srcset=\"https:\/\/www.pressenza.com\/wp-content\/uploads\/2023\/09\/australian_embassy_day_london-team-assange-820x525.jpg 820w, https:\/\/www.pressenza.com\/wp-content\/uploads\/2023\/09\/australian_embassy_day_london-team-assange-300x192.jpg 300w, https:\/\/www.pressenza.com\/wp-content\/uploads\/2023\/09\/australian_embassy_day_london-team-assange.jpg 850w\" sizes=\"auto, (max-width: 820px) 100vw, 820px\" \/><p id=\"caption-attachment-1764046\" class=\"wp-caption-text\">Attivisti davanti all&#8217;Australia House, Londra, 2 settembre 2023.\u00a0<br \/>Foto per gentile concessione del Team Assange London.<\/p><\/div>\n<p>Come spronata dai molteplici sit-in in tutto il mondo, una delegazione di parlamentari australiani provenienti da tutto lo spettro politico si recher\u00e0 a Washington DC questo mese per esortare i politici e i funzionari statunitensi a rinunciare ai tentativi di estradare Assange.<\/p>\n<p>La delegazione trasversale comprender\u00e0 l&#8217;ex vice primo ministro e leader dei Nationals Barnaby Joyce, il deputato laburista Tony Zapia, la deputata indipendente Monique Ryan, il deputato liberale Alex Antic, il deputato dei Verdi Peter Whish-Wilson e il deputato David Shoebridge.\u00a0 Incontreranno membri del Congresso e del Senato, il Dipartimento di Stato degli Stati Uniti, il Dipartimento di Giustizia, nonch\u00e9 importanti think-tank e ONG tra cui l&#8217;American Civil Liberties Union (ACLU), la Foundation for Individual Rights and Expression (FIRE), il Committee to Protect Journalists e Reporters Without Borders.<\/p>\n<p>Gabriel Shipton, fratello di Julian che accompagner\u00e0 i parlamentari, ha dichiarato: &#8220;Gli australiani considerano gli Stati Uniti come il nostro pi\u00f9 stretto alleato e molti sono orgogliosi delle strette relazioni che i nostri due Paesi intrattengono.\u00a0 Ma in questo momento Julian viene tenuto in ostaggio da un&#8217;amministrazione statunitense vendicativa e questo sta danneggiando le relazioni tra Stati Uniti e Australia&#8221;.<\/p>\n<p>Inoltre, hanno osservato i parlamentari, la persecuzione di Julian Assange offre a Stati rivali come Cina e Russia, criticati in Occidente per la persecuzione dei giornalisti, l&#8217;opportunit\u00e0 di sostenere che gli Stati Uniti fanno esattamente la stessa cosa.\u00a0 Un smacco alla propria reputazione che il governo americano dovrebbe voler evitare, rinunciando alla richiesta di estradizione.<\/p>\n","protected":false},"excerpt":{"rendered":"<p>E sei parlamentari australiani partono alla volta di Washington per farlo. L&#8217;iniziativa si \u00e8 diffusa a macchia d&#8217;olio.\u00a0 Lo scorso 12 agosto, un attivista per Julian Assange di Wellington (NZ) ha twittato un appello a organizzare sit-in fuori dalle ambasciate&hellip;<\/p>\n","protected":false},"author":1032,"featured_media":1764046,"comment_status":"closed","ping_status":"closed","sticky":false,"template":"","format":"standard","meta":{"footnotes":""},"categories":[11388,60],"tags":[3910,2599,2600,3673,3873],"class_list":["post-1764044","post","type-post","status-publish","format-standard","has-post-thumbnail","hentry","category-contenuti-originali","category-diritti-umani","tag-australia-it","tag-julian-assange-it","tag-londra","tag-parigi","tag-roma"],"yoast_head":"<!-- This site is optimized with the Yoast SEO plugin v27.1.1 - https:\/\/yoast.com\/product\/yoast-seo-wordpress\/ -->\n<title>&quot;Australia, datti da fare per liberare Julian Assange&quot;, scandiscono gli attivisti nella giornata delle ambasciate australiane<\/title>\n<meta name=\"description\" content=\"E sei parlamentari australiani partono alla volta di Washington per farlo. L&#039;iniziativa si \u00e8 diffusa a macchia d&#039;olio.\u00a0 Lo scorso 12 agosto, un attivista\" \/>\n<meta name=\"robots\" content=\"index, follow, max-snippet:-1, max-image-preview:large, max-video-preview:-1\" \/>\n<link rel=\"canonical\" href=\"https:\/\/www.pressenza.com\/it\/2023\/09\/australia-datti-da-fare-per-liberare-julian-assange-scandiscono-gli-attivisti-nella-giornata-delle-ambasciate-australiane\/\" \/>\n<meta property=\"og:locale\" content=\"it_IT\" \/>\n<meta property=\"og:type\" content=\"article\" \/>\n<meta property=\"og:title\" content=\"&quot;Australia, datti da fare per liberare Julian Assange&quot;, scandiscono gli attivisti nella giornata delle ambasciate australiane\" \/>\n<meta property=\"og:description\" content=\"E sei parlamentari australiani partono alla volta di Washington per farlo. L&#039;iniziativa si \u00e8 diffusa a macchia d&#039;olio.\u00a0 Lo scorso 12 agosto, un attivista\" \/>\n<meta property=\"og:url\" content=\"https:\/\/www.pressenza.com\/it\/2023\/09\/australia-datti-da-fare-per-liberare-julian-assange-scandiscono-gli-attivisti-nella-giornata-delle-ambasciate-australiane\/\" \/>\n<meta property=\"og:site_name\" content=\"Pressenza\" \/>\n<meta property=\"article:publisher\" content=\"https:\/\/www.facebook.com\/PressenzaItalia\" \/>\n<meta property=\"article:published_time\" content=\"2023-09-08T10:49:24+00:00\" \/>\n<meta property=\"article:modified_time\" content=\"2023-09-08T10:50:16+00:00\" \/>\n<meta property=\"og:image\" content=\"https:\/\/www.pressenza.com\/wp-content\/uploads\/2023\/09\/australian_embassy_day_london-team-assange.jpg\" \/>\n\t<meta property=\"og:image:width\" content=\"850\" \/>\n\t<meta property=\"og:image:height\" content=\"544\" \/>\n\t<meta property=\"og:image:type\" content=\"image\/jpeg\" \/>\n<meta name=\"author\" content=\"Patrick Boylan\" \/>\n<meta name=\"twitter:card\" content=\"summary_large_image\" \/>\n<meta name=\"twitter:creator\" content=\"@PressenzaIPA\" \/>\n<meta name=\"twitter:site\" content=\"@PressenzaIPA\" \/>\n<meta name=\"twitter:label1\" content=\"Scritto da\" \/>\n\t<meta name=\"twitter:data1\" content=\"Patrick Boylan\" \/>\n\t<meta name=\"twitter:label2\" content=\"Tempo di lettura stimato\" \/>\n\t<meta name=\"twitter:data2\" content=\"7 minuti\" \/>\n<script type=\"application\/ld+json\" class=\"yoast-schema-graph\">{\"@context\":\"https:\/\/schema.org\",\"@graph\":[{\"@type\":\"Article\",\"@id\":\"https:\/\/www.pressenza.com\/it\/2023\/09\/australia-datti-da-fare-per-liberare-julian-assange-scandiscono-gli-attivisti-nella-giornata-delle-ambasciate-australiane\/#article\",\"isPartOf\":{\"@id\":\"https:\/\/www.pressenza.com\/it\/2023\/09\/australia-datti-da-fare-per-liberare-julian-assange-scandiscono-gli-attivisti-nella-giornata-delle-ambasciate-australiane\/\"},\"author\":{\"name\":\"Patrick Boylan\",\"@id\":\"https:\/\/www.pressenza.com\/it\/#\/schema\/person\/73e3263da21b4555aa2e90b7ce72a2dd\"},\"headline\":\"&#8220;Australia, datti da fare per liberare Julian Assange&#8221;, scandiscono gli attivisti nella giornata delle ambasciate australiane\",\"datePublished\":\"2023-09-08T10:49:24+00:00\",\"dateModified\":\"2023-09-08T10:50:16+00:00\",\"mainEntityOfPage\":{\"@id\":\"https:\/\/www.pressenza.com\/it\/2023\/09\/australia-datti-da-fare-per-liberare-julian-assange-scandiscono-gli-attivisti-nella-giornata-delle-ambasciate-australiane\/\"},\"wordCount\":1060,\"publisher\":{\"@id\":\"https:\/\/www.pressenza.com\/it\/#organization\"},\"image\":{\"@id\":\"https:\/\/www.pressenza.com\/it\/2023\/09\/australia-datti-da-fare-per-liberare-julian-assange-scandiscono-gli-attivisti-nella-giornata-delle-ambasciate-australiane\/#primaryimage\"},\"thumbnailUrl\":\"https:\/\/www.pressenza.com\/wp-content\/uploads\/2023\/09\/australian_embassy_day_london-team-assange.jpg\",\"keywords\":[\"Australia\",\"Julian Assange\",\"Londra\",\"Parigi\",\"Roma\"],\"articleSection\":[\"contenuti originali\",\"Diritti Umani\"],\"inLanguage\":\"it-IT\"},{\"@type\":\"WebPage\",\"@id\":\"https:\/\/www.pressenza.com\/it\/2023\/09\/australia-datti-da-fare-per-liberare-julian-assange-scandiscono-gli-attivisti-nella-giornata-delle-ambasciate-australiane\/\",\"url\":\"https:\/\/www.pressenza.com\/it\/2023\/09\/australia-datti-da-fare-per-liberare-julian-assange-scandiscono-gli-attivisti-nella-giornata-delle-ambasciate-australiane\/\",\"name\":\"\\\"Australia, datti da fare per liberare Julian Assange\\\", scandiscono gli attivisti nella giornata delle ambasciate australiane\",\"isPartOf\":{\"@id\":\"https:\/\/www.pressenza.com\/it\/#website\"},\"primaryImageOfPage\":{\"@id\":\"https:\/\/www.pressenza.com\/it\/2023\/09\/australia-datti-da-fare-per-liberare-julian-assange-scandiscono-gli-attivisti-nella-giornata-delle-ambasciate-australiane\/#primaryimage\"},\"image\":{\"@id\":\"https:\/\/www.pressenza.com\/it\/2023\/09\/australia-datti-da-fare-per-liberare-julian-assange-scandiscono-gli-attivisti-nella-giornata-delle-ambasciate-australiane\/#primaryimage\"},\"thumbnailUrl\":\"https:\/\/www.pressenza.com\/wp-content\/uploads\/2023\/09\/australian_embassy_day_london-team-assange.jpg\",\"datePublished\":\"2023-09-08T10:49:24+00:00\",\"dateModified\":\"2023-09-08T10:50:16+00:00\",\"description\":\"E sei parlamentari australiani partono alla volta di Washington per farlo. L'iniziativa si \u00e8 diffusa a macchia d'olio.\u00a0 Lo scorso 12 agosto, un attivista\",\"breadcrumb\":{\"@id\":\"https:\/\/www.pressenza.com\/it\/2023\/09\/australia-datti-da-fare-per-liberare-julian-assange-scandiscono-gli-attivisti-nella-giornata-delle-ambasciate-australiane\/#breadcrumb\"},\"inLanguage\":\"it-IT\",\"potentialAction\":[{\"@type\":\"ReadAction\",\"target\":[\"https:\/\/www.pressenza.com\/it\/2023\/09\/australia-datti-da-fare-per-liberare-julian-assange-scandiscono-gli-attivisti-nella-giornata-delle-ambasciate-australiane\/\"]}]},{\"@type\":\"ImageObject\",\"inLanguage\":\"it-IT\",\"@id\":\"https:\/\/www.pressenza.com\/it\/2023\/09\/australia-datti-da-fare-per-liberare-julian-assange-scandiscono-gli-attivisti-nella-giornata-delle-ambasciate-australiane\/#primaryimage\",\"url\":\"https:\/\/www.pressenza.com\/wp-content\/uploads\/2023\/09\/australian_embassy_day_london-team-assange.jpg\",\"contentUrl\":\"https:\/\/www.pressenza.com\/wp-content\/uploads\/2023\/09\/australian_embassy_day_london-team-assange.jpg\",\"width\":850,\"height\":544,\"caption\":\"Attivisti davanti all'Australia House, Londra, 2 settembre 2023.\u00a0 Foto per gentile concessione del Team Assange London.\"},{\"@type\":\"BreadcrumbList\",\"@id\":\"https:\/\/www.pressenza.com\/it\/2023\/09\/australia-datti-da-fare-per-liberare-julian-assange-scandiscono-gli-attivisti-nella-giornata-delle-ambasciate-australiane\/#breadcrumb\",\"itemListElement\":[{\"@type\":\"ListItem\",\"position\":1,\"name\":\"Accueil\",\"item\":\"https:\/\/www.pressenza.com\/it\/\"},{\"@type\":\"ListItem\",\"position\":2,\"name\":\"&#8220;Australia, datti da fare per liberare Julian Assange&#8221;, scandiscono gli attivisti nella giornata delle ambasciate australiane\"}]},{\"@type\":\"WebSite\",\"@id\":\"https:\/\/www.pressenza.com\/it\/#website\",\"url\":\"https:\/\/www.pressenza.com\/it\/\",\"name\":\"Pressenza\",\"description\":\"Agenzia di Stampa Internazionale\",\"publisher\":{\"@id\":\"https:\/\/www.pressenza.com\/it\/#organization\"},\"potentialAction\":[{\"@type\":\"SearchAction\",\"target\":{\"@type\":\"EntryPoint\",\"urlTemplate\":\"https:\/\/www.pressenza.com\/it\/?s={search_term_string}\"},\"query-input\":{\"@type\":\"PropertyValueSpecification\",\"valueRequired\":true,\"valueName\":\"search_term_string\"}}],\"inLanguage\":\"it-IT\"},{\"@type\":\"Organization\",\"@id\":\"https:\/\/www.pressenza.com\/it\/#organization\",\"name\":\"Pressenza\",\"url\":\"https:\/\/www.pressenza.com\/it\/\",\"logo\":{\"@type\":\"ImageObject\",\"inLanguage\":\"it-IT\",\"@id\":\"https:\/\/www.pressenza.com\/it\/#\/schema\/logo\/image\/\",\"url\":\"https:\/\/www.pressenza.com\/wp-content\/uploads\/2022\/10\/pressenza_logo_200x200.jpg\",\"contentUrl\":\"https:\/\/www.pressenza.com\/wp-content\/uploads\/2022\/10\/pressenza_logo_200x200.jpg\",\"width\":200,\"height\":200,\"caption\":\"Pressenza\"},\"image\":{\"@id\":\"https:\/\/www.pressenza.com\/it\/#\/schema\/logo\/image\/\"},\"sameAs\":[\"https:\/\/www.facebook.com\/PressenzaItalia\",\"https:\/\/x.com\/PressenzaIPA\"]},{\"@type\":\"Person\",\"@id\":\"https:\/\/www.pressenza.com\/it\/#\/schema\/person\/73e3263da21b4555aa2e90b7ce72a2dd\",\"name\":\"Patrick Boylan\",\"description\":\"Patrick Boylan, gi\u00e0 professore di Inglese per la Comunicazione Interculturale all'Universit\u00e0 \u201cRoma Tre\u201d, si \u00e8 laureato nella sua nativa California e di nuovo alla Sorbona di Parigi, dove ha anche insegnato come visiting professor. Ora co-dirige il Journal of Intercultural Mediation and Communication (Cultus), svolge training interculturali, ed \u00e8 attivista per la Rete NoWar e le associazioni PeaceLink e Statunitensi per la pace e la giustizia.\",\"url\":\"https:\/\/www.pressenza.com\/it\/author\/patrick-boylan\/\"}]}<\/script>\n<!-- \/ Yoast SEO plugin. -->","yoast_head_json":{"title":"\"Australia, datti da fare per liberare Julian Assange\", scandiscono gli attivisti nella giornata delle ambasciate australiane","description":"E sei parlamentari australiani partono alla volta di Washington per farlo. L'iniziativa si \u00e8 diffusa a macchia d'olio.\u00a0 Lo scorso 12 agosto, un attivista","robots":{"index":"index","follow":"follow","max-snippet":"max-snippet:-1","max-image-preview":"max-image-preview:large","max-video-preview":"max-video-preview:-1"},"canonical":"https:\/\/www.pressenza.com\/it\/2023\/09\/australia-datti-da-fare-per-liberare-julian-assange-scandiscono-gli-attivisti-nella-giornata-delle-ambasciate-australiane\/","og_locale":"it_IT","og_type":"article","og_title":"\"Australia, datti da fare per liberare Julian Assange\", scandiscono gli attivisti nella giornata delle ambasciate australiane","og_description":"E sei parlamentari australiani partono alla volta di Washington per farlo. L'iniziativa si \u00e8 diffusa a macchia d'olio.\u00a0 Lo scorso 12 agosto, un attivista","og_url":"https:\/\/www.pressenza.com\/it\/2023\/09\/australia-datti-da-fare-per-liberare-julian-assange-scandiscono-gli-attivisti-nella-giornata-delle-ambasciate-australiane\/","og_site_name":"Pressenza","article_publisher":"https:\/\/www.facebook.com\/PressenzaItalia","article_published_time":"2023-09-08T10:49:24+00:00","article_modified_time":"2023-09-08T10:50:16+00:00","og_image":[{"width":850,"height":544,"url":"https:\/\/www.pressenza.com\/wp-content\/uploads\/2023\/09\/australian_embassy_day_london-team-assange.jpg","type":"image\/jpeg"}],"author":"Patrick Boylan","twitter_card":"summary_large_image","twitter_creator":"@PressenzaIPA","twitter_site":"@PressenzaIPA","twitter_misc":{"Scritto da":"Patrick Boylan","Tempo di lettura stimato":"7 minuti"},"schema":{"@context":"https:\/\/schema.org","@graph":[{"@type":"Article","@id":"https:\/\/www.pressenza.com\/it\/2023\/09\/australia-datti-da-fare-per-liberare-julian-assange-scandiscono-gli-attivisti-nella-giornata-delle-ambasciate-australiane\/#article","isPartOf":{"@id":"https:\/\/www.pressenza.com\/it\/2023\/09\/australia-datti-da-fare-per-liberare-julian-assange-scandiscono-gli-attivisti-nella-giornata-delle-ambasciate-australiane\/"},"author":{"name":"Patrick Boylan","@id":"https:\/\/www.pressenza.com\/it\/#\/schema\/person\/73e3263da21b4555aa2e90b7ce72a2dd"},"headline":"&#8220;Australia, datti da fare per liberare Julian Assange&#8221;, scandiscono gli attivisti nella giornata delle ambasciate australiane","datePublished":"2023-09-08T10:49:24+00:00","dateModified":"2023-09-08T10:50:16+00:00","mainEntityOfPage":{"@id":"https:\/\/www.pressenza.com\/it\/2023\/09\/australia-datti-da-fare-per-liberare-julian-assange-scandiscono-gli-attivisti-nella-giornata-delle-ambasciate-australiane\/"},"wordCount":1060,"publisher":{"@id":"https:\/\/www.pressenza.com\/it\/#organization"},"image":{"@id":"https:\/\/www.pressenza.com\/it\/2023\/09\/australia-datti-da-fare-per-liberare-julian-assange-scandiscono-gli-attivisti-nella-giornata-delle-ambasciate-australiane\/#primaryimage"},"thumbnailUrl":"https:\/\/www.pressenza.com\/wp-content\/uploads\/2023\/09\/australian_embassy_day_london-team-assange.jpg","keywords":["Australia","Julian Assange","Londra","Parigi","Roma"],"articleSection":["contenuti originali","Diritti Umani"],"inLanguage":"it-IT"},{"@type":"WebPage","@id":"https:\/\/www.pressenza.com\/it\/2023\/09\/australia-datti-da-fare-per-liberare-julian-assange-scandiscono-gli-attivisti-nella-giornata-delle-ambasciate-australiane\/","url":"https:\/\/www.pressenza.com\/it\/2023\/09\/australia-datti-da-fare-per-liberare-julian-assange-scandiscono-gli-attivisti-nella-giornata-delle-ambasciate-australiane\/","name":"\"Australia, datti da fare per liberare Julian Assange\", scandiscono gli attivisti nella giornata delle ambasciate australiane","isPartOf":{"@id":"https:\/\/www.pressenza.com\/it\/#website"},"primaryImageOfPage":{"@id":"https:\/\/www.pressenza.com\/it\/2023\/09\/australia-datti-da-fare-per-liberare-julian-assange-scandiscono-gli-attivisti-nella-giornata-delle-ambasciate-australiane\/#primaryimage"},"image":{"@id":"https:\/\/www.pressenza.com\/it\/2023\/09\/australia-datti-da-fare-per-liberare-julian-assange-scandiscono-gli-attivisti-nella-giornata-delle-ambasciate-australiane\/#primaryimage"},"thumbnailUrl":"https:\/\/www.pressenza.com\/wp-content\/uploads\/2023\/09\/australian_embassy_day_london-team-assange.jpg","datePublished":"2023-09-08T10:49:24+00:00","dateModified":"2023-09-08T10:50:16+00:00","description":"E sei parlamentari australiani partono alla volta di Washington per farlo. L'iniziativa si \u00e8 diffusa a macchia d'olio.\u00a0 Lo scorso 12 agosto, un attivista","breadcrumb":{"@id":"https:\/\/www.pressenza.com\/it\/2023\/09\/australia-datti-da-fare-per-liberare-julian-assange-scandiscono-gli-attivisti-nella-giornata-delle-ambasciate-australiane\/#breadcrumb"},"inLanguage":"it-IT","potentialAction":[{"@type":"ReadAction","target":["https:\/\/www.pressenza.com\/it\/2023\/09\/australia-datti-da-fare-per-liberare-julian-assange-scandiscono-gli-attivisti-nella-giornata-delle-ambasciate-australiane\/"]}]},{"@type":"ImageObject","inLanguage":"it-IT","@id":"https:\/\/www.pressenza.com\/it\/2023\/09\/australia-datti-da-fare-per-liberare-julian-assange-scandiscono-gli-attivisti-nella-giornata-delle-ambasciate-australiane\/#primaryimage","url":"https:\/\/www.pressenza.com\/wp-content\/uploads\/2023\/09\/australian_embassy_day_london-team-assange.jpg","contentUrl":"https:\/\/www.pressenza.com\/wp-content\/uploads\/2023\/09\/australian_embassy_day_london-team-assange.jpg","width":850,"height":544,"caption":"Attivisti davanti all'Australia House, Londra, 2 settembre 2023.\u00a0 Foto per gentile concessione del Team Assange London."},{"@type":"BreadcrumbList","@id":"https:\/\/www.pressenza.com\/it\/2023\/09\/australia-datti-da-fare-per-liberare-julian-assange-scandiscono-gli-attivisti-nella-giornata-delle-ambasciate-australiane\/#breadcrumb","itemListElement":[{"@type":"ListItem","position":1,"name":"Accueil","item":"https:\/\/www.pressenza.com\/it\/"},{"@type":"ListItem","position":2,"name":"&#8220;Australia, datti da fare per liberare Julian Assange&#8221;, scandiscono gli attivisti nella giornata delle ambasciate australiane"}]},{"@type":"WebSite","@id":"https:\/\/www.pressenza.com\/it\/#website","url":"https:\/\/www.pressenza.com\/it\/","name":"Pressenza","description":"Agenzia di Stampa Internazionale","publisher":{"@id":"https:\/\/www.pressenza.com\/it\/#organization"},"potentialAction":[{"@type":"SearchAction","target":{"@type":"EntryPoint","urlTemplate":"https:\/\/www.pressenza.com\/it\/?s={search_term_string}"},"query-input":{"@type":"PropertyValueSpecification","valueRequired":true,"valueName":"search_term_string"}}],"inLanguage":"it-IT"},{"@type":"Organization","@id":"https:\/\/www.pressenza.com\/it\/#organization","name":"Pressenza","url":"https:\/\/www.pressenza.com\/it\/","logo":{"@type":"ImageObject","inLanguage":"it-IT","@id":"https:\/\/www.pressenza.com\/it\/#\/schema\/logo\/image\/","url":"https:\/\/www.pressenza.com\/wp-content\/uploads\/2022\/10\/pressenza_logo_200x200.jpg","contentUrl":"https:\/\/www.pressenza.com\/wp-content\/uploads\/2022\/10\/pressenza_logo_200x200.jpg","width":200,"height":200,"caption":"Pressenza"},"image":{"@id":"https:\/\/www.pressenza.com\/it\/#\/schema\/logo\/image\/"},"sameAs":["https:\/\/www.facebook.com\/PressenzaItalia","https:\/\/x.com\/PressenzaIPA"]},{"@type":"Person","@id":"https:\/\/www.pressenza.com\/it\/#\/schema\/person\/73e3263da21b4555aa2e90b7ce72a2dd","name":"Patrick Boylan","description":"Patrick Boylan, gi\u00e0 professore di Inglese per la Comunicazione Interculturale all'Universit\u00e0 \u201cRoma Tre\u201d, si \u00e8 laureato nella sua nativa California e di nuovo alla Sorbona di Parigi, dove ha anche insegnato come visiting professor. Ora co-dirige il Journal of Intercultural Mediation and Communication (Cultus), svolge training interculturali, ed \u00e8 attivista per la Rete NoWar e le associazioni PeaceLink e Statunitensi per la pace e la giustizia.","url":"https:\/\/www.pressenza.com\/it\/author\/patrick-boylan\/"}]}},"place":"","original_article_url":"","_links":{"self":[{"href":"https:\/\/www.pressenza.com\/it\/wp-json\/wp\/v2\/posts\/1764044","targetHints":{"allow":["GET"]}}],"collection":[{"href":"https:\/\/www.pressenza.com\/it\/wp-json\/wp\/v2\/posts"}],"about":[{"href":"https:\/\/www.pressenza.com\/it\/wp-json\/wp\/v2\/types\/post"}],"author":[{"embeddable":true,"href":"https:\/\/www.pressenza.com\/it\/wp-json\/wp\/v2\/users\/1032"}],"replies":[{"embeddable":true,"href":"https:\/\/www.pressenza.com\/it\/wp-json\/wp\/v2\/comments?post=1764044"}],"version-history":[{"count":0,"href":"https:\/\/www.pressenza.com\/it\/wp-json\/wp\/v2\/posts\/1764044\/revisions"}],"wp:featuredmedia":[{"embeddable":true,"href":"https:\/\/www.pressenza.com\/it\/wp-json\/wp\/v2\/media\/1764046"}],"wp:attachment":[{"href":"https:\/\/www.pressenza.com\/it\/wp-json\/wp\/v2\/media?parent=1764044"}],"wp:term":[{"taxonomy":"category","embeddable":true,"href":"https:\/\/www.pressenza.com\/it\/wp-json\/wp\/v2\/categories?post=1764044"},{"taxonomy":"post_tag","embeddable":true,"href":"https:\/\/www.pressenza.com\/it\/wp-json\/wp\/v2\/tags?post=1764044"}],"curies":[{"name":"wp","href":"https:\/\/api.w.org\/{rel}","templated":true}]}}