{"id":1763047,"date":"2023-09-04T07:09:12","date_gmt":"2023-09-04T06:09:12","guid":{"rendered":"https:\/\/www.pressenza.com\/?p=1763047"},"modified":"2023-09-03T16:18:31","modified_gmt":"2023-09-03T15:18:31","slug":"palestina-occupazione-di-terreni-agricoli-palestinesi-da-parte-di-coloni-protetti-dallesercito","status":"publish","type":"post","link":"https:\/\/www.pressenza.com\/it\/2023\/09\/palestina-occupazione-di-terreni-agricoli-palestinesi-da-parte-di-coloni-protetti-dallesercito\/","title":{"rendered":"Palestina : occupazione di terreni agricoli palestinesi da parte di coloni, protetti dall\u2019esercito"},"content":{"rendered":"<p>Palestina Occupata<\/p>\n<p>Sono state registrate ieri diverse azioni di occupazione di terreni agricoli palestinesi da parte di coloni, protetti dall\u2019esercito.<br \/>\nL\u2019episodio pi\u00f9 grave \u00e8 avvenuto a Qusra, a sud di Nablus.<br \/>\nSei contadini sono rimasti feriti con colpi di pallottole di guerra e sono stati ricoverati nell\u2019ospedale del capoluogo.<\/p>\n<p>La repressione delle attivit\u00e0 economiche palestinesi \u00e8 sistematica.<br \/>\nLe barche dei pescatori di Gaza sono state attaccate dalle unit\u00e0 della marina di Tel Aviv.<br \/>\nUn pescatore \u00e8 stato ferito da una pallottola ed \u00e8 stato riportato in spiaggia per le prime cure. \u00c8 il terzo attacco, nella giornata di ieri, contro le barche palestinesi.<br \/>\nObiettivo del governo di Tel Aviv \u00e8 quello di strangolare l\u2019economia palestinese e renderla schiava di quella israeliana.<\/p>\n<p>Il dossier pi\u00f9 importante all\u2019ordine del giorno del governo israeliano \u00e8 quello dei detenuti politici palestinesi.<br \/>\nIl ministro estremista Bin Gvir ha emanato una direttiva alle direzioni delle carceri per ridurre le visite dei familiari, da una al mese, ad una ogni due mesi.<br \/>\nLa Croce rossa internazionale e l\u2019ONU hanno condannato questo passo provocatorio, considerato tale dalle stesse direzioni delle prigioni.<br \/>\nIl governo Netanyahu, nel tentativo di attenuare le reazioni internazionali, ha dichiarato che il provvedimento non \u00e8 ancora operativo, ma di fatto molte famiglie in visita sono state respinte e costrette a far ritorno a casa senza poter vedere i loro cari.<br \/>\nCentinaia di detenuti politici hanno annunciato l\u2019adesione allo sciopero della fame proclamato per il 13 settembre.<\/p>\n","protected":false},"excerpt":{"rendered":"<p>Palestina Occupata Sono state registrate ieri diverse azioni di occupazione di terreni agricoli palestinesi da parte di coloni, protetti dall\u2019esercito. L\u2019episodio pi\u00f9 grave \u00e8 avvenuto a Qusra, a sud di Nablus. Sei contadini sono rimasti feriti con colpi di pallottole&hellip;<\/p>\n","protected":false},"author":2080,"featured_media":1361900,"comment_status":"closed","ping_status":"closed","sticky":false,"template":"","format":"standard","meta":{"footnotes":""},"categories":[150,60,52,55],"tags":[18043,36638,1227],"class_list":["post-1763047","post","type-post","status-publish","format-standard","has-post-thumbnail","hentry","category-comunicati-stampa","category-diritti-umani","category-medio-oriente","category-politica","tag-coloni","tag-esercito-israele","tag-palestina-it"],"yoast_head":"<!-- This site is optimized with the Yoast SEO plugin v27.1.1 - https:\/\/yoast.com\/product\/yoast-seo-wordpress\/ -->\n<title>Palestina : occupazione di terreni agricoli palestinesi da parte di coloni, protetti dall\u2019esercito<\/title>\n<meta name=\"description\" content=\"Palestina Occupata Sono state registrate ieri diverse azioni di occupazione di terreni agricoli palestinesi da parte di coloni, protetti dall\u2019esercito.\" \/>\n<meta name=\"robots\" content=\"index, follow, max-snippet:-1, max-image-preview:large, max-video-preview:-1\" \/>\n<link rel=\"canonical\" href=\"https:\/\/www.pressenza.com\/it\/2023\/09\/palestina-occupazione-di-terreni-agricoli-palestinesi-da-parte-di-coloni-protetti-dallesercito\/\" \/>\n<meta property=\"og:locale\" content=\"it_IT\" \/>\n<meta property=\"og:type\" content=\"article\" \/>\n<meta property=\"og:title\" content=\"Palestina : occupazione di terreni agricoli palestinesi da parte di coloni, protetti dall\u2019esercito\" \/>\n<meta property=\"og:description\" content=\"Palestina Occupata Sono state registrate ieri diverse azioni di occupazione di terreni agricoli palestinesi da parte di coloni, protetti dall\u2019esercito.\" \/>\n<meta property=\"og:url\" content=\"https:\/\/www.pressenza.com\/it\/2023\/09\/palestina-occupazione-di-terreni-agricoli-palestinesi-da-parte-di-coloni-protetti-dallesercito\/\" \/>\n<meta property=\"og:site_name\" content=\"Pressenza\" \/>\n<meta property=\"article:publisher\" content=\"https:\/\/www.facebook.com\/PressenzaItalia\" \/>\n<meta property=\"article:published_time\" content=\"2023-09-04T06:09:12+00:00\" \/>\n<meta property=\"og:image\" content=\"https:\/\/www.pressenza.com\/wp-content\/uploads\/2021\/05\/Manifestazione-Palestina-24.jpg\" \/>\n\t<meta property=\"og:image:width\" content=\"1280\" \/>\n\t<meta property=\"og:image:height\" content=\"848\" \/>\n\t<meta property=\"og:image:type\" content=\"image\/jpeg\" \/>\n<meta name=\"author\" content=\"ANBAMED\" \/>\n<meta name=\"twitter:card\" content=\"summary_large_image\" \/>\n<meta name=\"twitter:creator\" content=\"@PressenzaIPA\" \/>\n<meta name=\"twitter:site\" content=\"@PressenzaIPA\" \/>\n<meta name=\"twitter:label1\" content=\"Scritto da\" \/>\n\t<meta name=\"twitter:data1\" content=\"ANBAMED\" \/>\n<script type=\"application\/ld+json\" class=\"yoast-schema-graph\">{\"@context\":\"https:\/\/schema.org\",\"@graph\":[{\"@type\":\"Article\",\"@id\":\"https:\/\/www.pressenza.com\/it\/2023\/09\/palestina-occupazione-di-terreni-agricoli-palestinesi-da-parte-di-coloni-protetti-dallesercito\/#article\",\"isPartOf\":{\"@id\":\"https:\/\/www.pressenza.com\/it\/2023\/09\/palestina-occupazione-di-terreni-agricoli-palestinesi-da-parte-di-coloni-protetti-dallesercito\/\"},\"author\":{\"name\":\"ANBAMED\",\"@id\":\"https:\/\/www.pressenza.com\/it\/#\/schema\/person\/9f05db79ca2872d8e94cb459a93831e4\"},\"headline\":\"Palestina : occupazione di terreni agricoli palestinesi da parte di coloni, protetti dall\u2019esercito\",\"datePublished\":\"2023-09-04T06:09:12+00:00\",\"mainEntityOfPage\":{\"@id\":\"https:\/\/www.pressenza.com\/it\/2023\/09\/palestina-occupazione-di-terreni-agricoli-palestinesi-da-parte-di-coloni-protetti-dallesercito\/\"},\"wordCount\":252,\"publisher\":{\"@id\":\"https:\/\/www.pressenza.com\/it\/#organization\"},\"image\":{\"@id\":\"https:\/\/www.pressenza.com\/it\/2023\/09\/palestina-occupazione-di-terreni-agricoli-palestinesi-da-parte-di-coloni-protetti-dallesercito\/#primaryimage\"},\"thumbnailUrl\":\"https:\/\/www.pressenza.com\/wp-content\/uploads\/2021\/05\/Manifestazione-Palestina-24.jpg\",\"keywords\":[\"coloni\",\"Esercito Israele\",\"Palestina\"],\"articleSection\":[\"Comunicati Stampa\",\"Diritti Umani\",\"Medio Oriente\",\"Politica\"],\"inLanguage\":\"it-IT\"},{\"@type\":\"WebPage\",\"@id\":\"https:\/\/www.pressenza.com\/it\/2023\/09\/palestina-occupazione-di-terreni-agricoli-palestinesi-da-parte-di-coloni-protetti-dallesercito\/\",\"url\":\"https:\/\/www.pressenza.com\/it\/2023\/09\/palestina-occupazione-di-terreni-agricoli-palestinesi-da-parte-di-coloni-protetti-dallesercito\/\",\"name\":\"Palestina : occupazione di terreni agricoli palestinesi da parte di coloni, protetti dall\u2019esercito\",\"isPartOf\":{\"@id\":\"https:\/\/www.pressenza.com\/it\/#website\"},\"primaryImageOfPage\":{\"@id\":\"https:\/\/www.pressenza.com\/it\/2023\/09\/palestina-occupazione-di-terreni-agricoli-palestinesi-da-parte-di-coloni-protetti-dallesercito\/#primaryimage\"},\"image\":{\"@id\":\"https:\/\/www.pressenza.com\/it\/2023\/09\/palestina-occupazione-di-terreni-agricoli-palestinesi-da-parte-di-coloni-protetti-dallesercito\/#primaryimage\"},\"thumbnailUrl\":\"https:\/\/www.pressenza.com\/wp-content\/uploads\/2021\/05\/Manifestazione-Palestina-24.jpg\",\"datePublished\":\"2023-09-04T06:09:12+00:00\",\"description\":\"Palestina Occupata Sono state registrate ieri diverse azioni di occupazione di terreni agricoli palestinesi da parte di coloni, protetti dall\u2019esercito.\",\"breadcrumb\":{\"@id\":\"https:\/\/www.pressenza.com\/it\/2023\/09\/palestina-occupazione-di-terreni-agricoli-palestinesi-da-parte-di-coloni-protetti-dallesercito\/#breadcrumb\"},\"inLanguage\":\"it-IT\",\"potentialAction\":[{\"@type\":\"ReadAction\",\"target\":[\"https:\/\/www.pressenza.com\/it\/2023\/09\/palestina-occupazione-di-terreni-agricoli-palestinesi-da-parte-di-coloni-protetti-dallesercito\/\"]}]},{\"@type\":\"ImageObject\",\"inLanguage\":\"it-IT\",\"@id\":\"https:\/\/www.pressenza.com\/it\/2023\/09\/palestina-occupazione-di-terreni-agricoli-palestinesi-da-parte-di-coloni-protetti-dallesercito\/#primaryimage\",\"url\":\"https:\/\/www.pressenza.com\/wp-content\/uploads\/2021\/05\/Manifestazione-Palestina-24.jpg\",\"contentUrl\":\"https:\/\/www.pressenza.com\/wp-content\/uploads\/2021\/05\/Manifestazione-Palestina-24.jpg\",\"width\":1280,\"height\":848},{\"@type\":\"BreadcrumbList\",\"@id\":\"https:\/\/www.pressenza.com\/it\/2023\/09\/palestina-occupazione-di-terreni-agricoli-palestinesi-da-parte-di-coloni-protetti-dallesercito\/#breadcrumb\",\"itemListElement\":[{\"@type\":\"ListItem\",\"position\":1,\"name\":\"Accueil\",\"item\":\"https:\/\/www.pressenza.com\/it\/\"},{\"@type\":\"ListItem\",\"position\":2,\"name\":\"Palestina : occupazione di terreni agricoli palestinesi da parte di coloni, protetti dall\u2019esercito\"}]},{\"@type\":\"WebSite\",\"@id\":\"https:\/\/www.pressenza.com\/it\/#website\",\"url\":\"https:\/\/www.pressenza.com\/it\/\",\"name\":\"Pressenza\",\"description\":\"Agenzia di Stampa Internazionale\",\"publisher\":{\"@id\":\"https:\/\/www.pressenza.com\/it\/#organization\"},\"potentialAction\":[{\"@type\":\"SearchAction\",\"target\":{\"@type\":\"EntryPoint\",\"urlTemplate\":\"https:\/\/www.pressenza.com\/it\/?s={search_term_string}\"},\"query-input\":{\"@type\":\"PropertyValueSpecification\",\"valueRequired\":true,\"valueName\":\"search_term_string\"}}],\"inLanguage\":\"it-IT\"},{\"@type\":\"Organization\",\"@id\":\"https:\/\/www.pressenza.com\/it\/#organization\",\"name\":\"Pressenza\",\"url\":\"https:\/\/www.pressenza.com\/it\/\",\"logo\":{\"@type\":\"ImageObject\",\"inLanguage\":\"it-IT\",\"@id\":\"https:\/\/www.pressenza.com\/it\/#\/schema\/logo\/image\/\",\"url\":\"https:\/\/www.pressenza.com\/wp-content\/uploads\/2022\/10\/pressenza_logo_200x200.jpg\",\"contentUrl\":\"https:\/\/www.pressenza.com\/wp-content\/uploads\/2022\/10\/pressenza_logo_200x200.jpg\",\"width\":200,\"height\":200,\"caption\":\"Pressenza\"},\"image\":{\"@id\":\"https:\/\/www.pressenza.com\/it\/#\/schema\/logo\/image\/\"},\"sameAs\":[\"https:\/\/www.facebook.com\/PressenzaItalia\",\"https:\/\/x.com\/PressenzaIPA\"]},{\"@type\":\"Person\",\"@id\":\"https:\/\/www.pressenza.com\/it\/#\/schema\/person\/9f05db79ca2872d8e94cb459a93831e4\",\"name\":\"ANBAMED\",\"description\":\"Notizie dal Sud Est del Mediterraneo\",\"sameAs\":[\"https:\/\/www.anbamed.it\/\"],\"url\":\"https:\/\/www.pressenza.com\/it\/author\/anbamed\/\"}]}<\/script>\n<!-- \/ Yoast SEO plugin. -->","yoast_head_json":{"title":"Palestina : occupazione di terreni agricoli palestinesi da parte di coloni, protetti dall\u2019esercito","description":"Palestina Occupata Sono state registrate ieri diverse azioni di occupazione di terreni agricoli palestinesi da parte di coloni, protetti dall\u2019esercito.","robots":{"index":"index","follow":"follow","max-snippet":"max-snippet:-1","max-image-preview":"max-image-preview:large","max-video-preview":"max-video-preview:-1"},"canonical":"https:\/\/www.pressenza.com\/it\/2023\/09\/palestina-occupazione-di-terreni-agricoli-palestinesi-da-parte-di-coloni-protetti-dallesercito\/","og_locale":"it_IT","og_type":"article","og_title":"Palestina : occupazione di terreni agricoli palestinesi da parte di coloni, protetti dall\u2019esercito","og_description":"Palestina Occupata Sono state registrate ieri diverse azioni di occupazione di terreni agricoli palestinesi da parte di coloni, protetti dall\u2019esercito.","og_url":"https:\/\/www.pressenza.com\/it\/2023\/09\/palestina-occupazione-di-terreni-agricoli-palestinesi-da-parte-di-coloni-protetti-dallesercito\/","og_site_name":"Pressenza","article_publisher":"https:\/\/www.facebook.com\/PressenzaItalia","article_published_time":"2023-09-04T06:09:12+00:00","og_image":[{"width":1280,"height":848,"url":"https:\/\/www.pressenza.com\/wp-content\/uploads\/2021\/05\/Manifestazione-Palestina-24.jpg","type":"image\/jpeg"}],"author":"ANBAMED","twitter_card":"summary_large_image","twitter_creator":"@PressenzaIPA","twitter_site":"@PressenzaIPA","twitter_misc":{"Scritto da":"ANBAMED"},"schema":{"@context":"https:\/\/schema.org","@graph":[{"@type":"Article","@id":"https:\/\/www.pressenza.com\/it\/2023\/09\/palestina-occupazione-di-terreni-agricoli-palestinesi-da-parte-di-coloni-protetti-dallesercito\/#article","isPartOf":{"@id":"https:\/\/www.pressenza.com\/it\/2023\/09\/palestina-occupazione-di-terreni-agricoli-palestinesi-da-parte-di-coloni-protetti-dallesercito\/"},"author":{"name":"ANBAMED","@id":"https:\/\/www.pressenza.com\/it\/#\/schema\/person\/9f05db79ca2872d8e94cb459a93831e4"},"headline":"Palestina : occupazione di terreni agricoli palestinesi da parte di coloni, protetti dall\u2019esercito","datePublished":"2023-09-04T06:09:12+00:00","mainEntityOfPage":{"@id":"https:\/\/www.pressenza.com\/it\/2023\/09\/palestina-occupazione-di-terreni-agricoli-palestinesi-da-parte-di-coloni-protetti-dallesercito\/"},"wordCount":252,"publisher":{"@id":"https:\/\/www.pressenza.com\/it\/#organization"},"image":{"@id":"https:\/\/www.pressenza.com\/it\/2023\/09\/palestina-occupazione-di-terreni-agricoli-palestinesi-da-parte-di-coloni-protetti-dallesercito\/#primaryimage"},"thumbnailUrl":"https:\/\/www.pressenza.com\/wp-content\/uploads\/2021\/05\/Manifestazione-Palestina-24.jpg","keywords":["coloni","Esercito Israele","Palestina"],"articleSection":["Comunicati Stampa","Diritti Umani","Medio Oriente","Politica"],"inLanguage":"it-IT"},{"@type":"WebPage","@id":"https:\/\/www.pressenza.com\/it\/2023\/09\/palestina-occupazione-di-terreni-agricoli-palestinesi-da-parte-di-coloni-protetti-dallesercito\/","url":"https:\/\/www.pressenza.com\/it\/2023\/09\/palestina-occupazione-di-terreni-agricoli-palestinesi-da-parte-di-coloni-protetti-dallesercito\/","name":"Palestina : occupazione di terreni agricoli palestinesi da parte di coloni, protetti dall\u2019esercito","isPartOf":{"@id":"https:\/\/www.pressenza.com\/it\/#website"},"primaryImageOfPage":{"@id":"https:\/\/www.pressenza.com\/it\/2023\/09\/palestina-occupazione-di-terreni-agricoli-palestinesi-da-parte-di-coloni-protetti-dallesercito\/#primaryimage"},"image":{"@id":"https:\/\/www.pressenza.com\/it\/2023\/09\/palestina-occupazione-di-terreni-agricoli-palestinesi-da-parte-di-coloni-protetti-dallesercito\/#primaryimage"},"thumbnailUrl":"https:\/\/www.pressenza.com\/wp-content\/uploads\/2021\/05\/Manifestazione-Palestina-24.jpg","datePublished":"2023-09-04T06:09:12+00:00","description":"Palestina Occupata Sono state registrate ieri diverse azioni di occupazione di terreni agricoli palestinesi da parte di coloni, protetti dall\u2019esercito.","breadcrumb":{"@id":"https:\/\/www.pressenza.com\/it\/2023\/09\/palestina-occupazione-di-terreni-agricoli-palestinesi-da-parte-di-coloni-protetti-dallesercito\/#breadcrumb"},"inLanguage":"it-IT","potentialAction":[{"@type":"ReadAction","target":["https:\/\/www.pressenza.com\/it\/2023\/09\/palestina-occupazione-di-terreni-agricoli-palestinesi-da-parte-di-coloni-protetti-dallesercito\/"]}]},{"@type":"ImageObject","inLanguage":"it-IT","@id":"https:\/\/www.pressenza.com\/it\/2023\/09\/palestina-occupazione-di-terreni-agricoli-palestinesi-da-parte-di-coloni-protetti-dallesercito\/#primaryimage","url":"https:\/\/www.pressenza.com\/wp-content\/uploads\/2021\/05\/Manifestazione-Palestina-24.jpg","contentUrl":"https:\/\/www.pressenza.com\/wp-content\/uploads\/2021\/05\/Manifestazione-Palestina-24.jpg","width":1280,"height":848},{"@type":"BreadcrumbList","@id":"https:\/\/www.pressenza.com\/it\/2023\/09\/palestina-occupazione-di-terreni-agricoli-palestinesi-da-parte-di-coloni-protetti-dallesercito\/#breadcrumb","itemListElement":[{"@type":"ListItem","position":1,"name":"Accueil","item":"https:\/\/www.pressenza.com\/it\/"},{"@type":"ListItem","position":2,"name":"Palestina : occupazione di terreni agricoli palestinesi da parte di coloni, protetti dall\u2019esercito"}]},{"@type":"WebSite","@id":"https:\/\/www.pressenza.com\/it\/#website","url":"https:\/\/www.pressenza.com\/it\/","name":"Pressenza","description":"Agenzia di Stampa Internazionale","publisher":{"@id":"https:\/\/www.pressenza.com\/it\/#organization"},"potentialAction":[{"@type":"SearchAction","target":{"@type":"EntryPoint","urlTemplate":"https:\/\/www.pressenza.com\/it\/?s={search_term_string}"},"query-input":{"@type":"PropertyValueSpecification","valueRequired":true,"valueName":"search_term_string"}}],"inLanguage":"it-IT"},{"@type":"Organization","@id":"https:\/\/www.pressenza.com\/it\/#organization","name":"Pressenza","url":"https:\/\/www.pressenza.com\/it\/","logo":{"@type":"ImageObject","inLanguage":"it-IT","@id":"https:\/\/www.pressenza.com\/it\/#\/schema\/logo\/image\/","url":"https:\/\/www.pressenza.com\/wp-content\/uploads\/2022\/10\/pressenza_logo_200x200.jpg","contentUrl":"https:\/\/www.pressenza.com\/wp-content\/uploads\/2022\/10\/pressenza_logo_200x200.jpg","width":200,"height":200,"caption":"Pressenza"},"image":{"@id":"https:\/\/www.pressenza.com\/it\/#\/schema\/logo\/image\/"},"sameAs":["https:\/\/www.facebook.com\/PressenzaItalia","https:\/\/x.com\/PressenzaIPA"]},{"@type":"Person","@id":"https:\/\/www.pressenza.com\/it\/#\/schema\/person\/9f05db79ca2872d8e94cb459a93831e4","name":"ANBAMED","description":"Notizie dal Sud Est del Mediterraneo","sameAs":["https:\/\/www.anbamed.it\/"],"url":"https:\/\/www.pressenza.com\/it\/author\/anbamed\/"}]}},"place":"","original_article_url":"","_links":{"self":[{"href":"https:\/\/www.pressenza.com\/it\/wp-json\/wp\/v2\/posts\/1763047","targetHints":{"allow":["GET"]}}],"collection":[{"href":"https:\/\/www.pressenza.com\/it\/wp-json\/wp\/v2\/posts"}],"about":[{"href":"https:\/\/www.pressenza.com\/it\/wp-json\/wp\/v2\/types\/post"}],"author":[{"embeddable":true,"href":"https:\/\/www.pressenza.com\/it\/wp-json\/wp\/v2\/users\/2080"}],"replies":[{"embeddable":true,"href":"https:\/\/www.pressenza.com\/it\/wp-json\/wp\/v2\/comments?post=1763047"}],"version-history":[{"count":0,"href":"https:\/\/www.pressenza.com\/it\/wp-json\/wp\/v2\/posts\/1763047\/revisions"}],"wp:featuredmedia":[{"embeddable":true,"href":"https:\/\/www.pressenza.com\/it\/wp-json\/wp\/v2\/media\/1361900"}],"wp:attachment":[{"href":"https:\/\/www.pressenza.com\/it\/wp-json\/wp\/v2\/media?parent=1763047"}],"wp:term":[{"taxonomy":"category","embeddable":true,"href":"https:\/\/www.pressenza.com\/it\/wp-json\/wp\/v2\/categories?post=1763047"},{"taxonomy":"post_tag","embeddable":true,"href":"https:\/\/www.pressenza.com\/it\/wp-json\/wp\/v2\/tags?post=1763047"}],"curies":[{"name":"wp","href":"https:\/\/api.w.org\/{rel}","templated":true}]}}