{"id":175979,"date":"2015-04-09T14:48:41","date_gmt":"2015-04-09T13:48:41","guid":{"rendered":"http:\/\/www.pressenza.com\/?p=175979"},"modified":"2015-04-09T14:48:50","modified_gmt":"2015-04-09T13:48:50","slug":"a-40-anni-dallomicidio-di-varalli-e-zibecchi-le-iniziative-a-milano-il-16-17-e-18-aprile","status":"publish","type":"post","link":"https:\/\/www.pressenza.com\/it\/2015\/04\/a-40-anni-dallomicidio-di-varalli-e-zibecchi-le-iniziative-a-milano-il-16-17-e-18-aprile\/","title":{"rendered":"A 40 anni dall&#8217;omicidio di Varalli e Zibecchi. Le iniziative a Milano il 16, 17 e 18 aprile"},"content":{"rendered":"<p>Il 16 e 17 aprile prossimi saranno esattamente 40 anni da quando due giovani antifascisti milanesi, Claudio Varalli e Giannino Zibecchi, furono assassinati nelle strade di Milano. Claudio mor\u00ec a 18 anni, ammazzato dai colpi di pistola esplosi da un neofascista in piazza Cavour il 16 aprile 1975. Giannino di anni ne aveva 28 e fu ucciso il giorno seguente in corso XXII Marzo, investito da un camion dei Carabinieri che si era lanciato nel corteo antifascista indetto dopo l\u2019omicidio di Varalli (per una ricostruzione di quei giorni visita il sito\u00a0<a href=\"http:\/\/www.pernondimenticare.com\/\">Per non dimenticare<\/a>).<\/p>\n<p>Sono passati 40 anni, viviamo in un\u2019altra epoca politica, eppure la memoria di quei giorni non parla soltanto a chi era giovane allora, a chi aveva vissuto in prima persona quell\u2019aprile milanese. L\u2019antifascismo, ahinoi, \u00e8 di drammatica attualit\u00e0, anche se in troppi fanno finta che non sia cos\u00ec. E quindi, non pu\u00f2 che essere attuale coltivare la memoria di chi diede la vita per la libert\u00e0 e la giustizia sociale, 70 anni fa e 40 anni fa.<\/p>\n<p>Eccovi le iniziative in programma a Milano nel 40\u00b0 anniversario degli omicidi di Varalli e Zibecchi:<\/p>\n<p><strong>Gioved\u00ec 16 aprile<\/strong>:\u00a0<strong>h. 18.00<\/strong>, piazza Cavour, deposizione della corona alla lapide di Claudio Varalli.\u00a0<strong>h. 19.00<\/strong>, corso XXII Marzo, deposizione della corona alla lapide di Giannino Zibecchi<\/p>\n<p><strong>Venerd\u00ec 17 aprile<\/strong>:\u00a0<strong>h. 18.00,<\/strong>\u00a0piazza S. Stefano,\u00a0<strong>Inaugurazione dei giardini al monumento a Varalli e Zibecchi <\/strong>(nella foto). Interventi e lettura di testi.\u00a0<strong>h. 20.30,<\/strong>Camera del Lavoro, corso Porta Vittoria 43,\u00a0interventi e concerto (Gaetano Liguori Idea Trio, Orchestra di via Padova)<\/p>\n<p>L\u2019evento fb delle iniziative del 16 e del 17 lo trovate\u00a0<a href=\"https:\/\/www.facebook.com\/events\/1568251656789995\">qui<\/a>.<\/p>\n<p>Inoltre, vi segnalo che per\u00a0<strong>contribuire al progetto dei giardini\u00a0<\/strong>al monumento di piazza Santo Stefano\u00a0potete inviare la vostra sottoscrizione sul\u00a0<strong>c\/c postale<\/strong>\u00a0n. 37475597, intestato a \u201cPer non dimenticare Claudio Varalli e Giannino Zibecchi\u201d, oppure fare un\u00a0<strong>bonifico bancario<\/strong>\u00a0su IBAN IT 03 E 07601 01600 000037475597.<\/p>\n","protected":false},"excerpt":{"rendered":"<p>Il 16 e 17 aprile prossimi saranno esattamente 40 anni da quando due giovani antifascisti milanesi, Claudio Varalli e Giannino Zibecchi, furono assassinati nelle strade di Milano. Claudio mor\u00ec a 18 anni, ammazzato dai colpi di pistola esplosi da un&hellip;<\/p>\n","protected":false},"author":982,"featured_media":175980,"comment_status":"closed","ping_status":"open","sticky":false,"template":"","format":"standard","meta":{"footnotes":""},"categories":[47,162,55],"tags":[6792,4480,4481],"class_list":["post-175979","post","type-post","status-publish","format-standard","has-post-thumbnail","hentry","category-europa","category-opinioni","category-politica","tag-anti-fascismo","tag-varalli","tag-zibecchi"],"yoast_head":"<!-- This site is optimized with the Yoast SEO plugin v27.1.1 - https:\/\/yoast.com\/product\/yoast-seo-wordpress\/ -->\n<title>A 40 anni dall&#039;omicidio di Varalli e Zibecchi. Le iniziative a Milano il 16, 17 e 18 aprile<\/title>\n<meta name=\"description\" content=\"Il 16 e 17 aprile prossimi saranno esattamente 40 anni da quando due giovani antifascisti milanesi, Claudio Varalli e Giannino Zibecchi, furono\" \/>\n<meta name=\"robots\" content=\"index, follow, max-snippet:-1, max-image-preview:large, max-video-preview:-1\" \/>\n<link rel=\"canonical\" href=\"https:\/\/www.pressenza.com\/it\/2015\/04\/a-40-anni-dallomicidio-di-varalli-e-zibecchi-le-iniziative-a-milano-il-16-17-e-18-aprile\/\" \/>\n<meta property=\"og:locale\" content=\"it_IT\" \/>\n<meta property=\"og:type\" content=\"article\" \/>\n<meta property=\"og:title\" content=\"A 40 anni dall&#039;omicidio di Varalli e Zibecchi. Le iniziative a Milano il 16, 17 e 18 aprile\" \/>\n<meta property=\"og:description\" content=\"Il 16 e 17 aprile prossimi saranno esattamente 40 anni da quando due giovani antifascisti milanesi, Claudio Varalli e Giannino Zibecchi, furono\" \/>\n<meta property=\"og:url\" content=\"https:\/\/www.pressenza.com\/it\/2015\/04\/a-40-anni-dallomicidio-di-varalli-e-zibecchi-le-iniziative-a-milano-il-16-17-e-18-aprile\/\" \/>\n<meta property=\"og:site_name\" content=\"Pressenza\" \/>\n<meta property=\"article:publisher\" content=\"https:\/\/www.facebook.com\/PressenzaItalia\" \/>\n<meta property=\"article:author\" content=\"https:\/\/www.facebook.com\/luciano.muhlbauer\" \/>\n<meta property=\"article:published_time\" content=\"2015-04-09T13:48:41+00:00\" \/>\n<meta property=\"article:modified_time\" content=\"2015-04-09T13:48:50+00:00\" \/>\n<meta property=\"og:image\" content=\"https:\/\/www.pressenza.com\/wp-content\/uploads\/2015\/04\/monumento-varalli-zibecchi.jpg\" \/>\n\t<meta property=\"og:image:width\" content=\"800\" \/>\n\t<meta property=\"og:image:height\" content=\"600\" \/>\n\t<meta property=\"og:image:type\" content=\"image\/jpeg\" \/>\n<meta name=\"author\" content=\"Luciano Muhlbauer\" \/>\n<meta name=\"twitter:card\" content=\"summary_large_image\" \/>\n<meta name=\"twitter:creator\" content=\"@Muhlbauer_\" \/>\n<meta name=\"twitter:site\" content=\"@PressenzaIPA\" \/>\n<meta name=\"twitter:label1\" content=\"Scritto da\" \/>\n\t<meta name=\"twitter:data1\" content=\"Luciano Muhlbauer\" \/>\n\t<meta name=\"twitter:label2\" content=\"Tempo di lettura stimato\" \/>\n\t<meta name=\"twitter:data2\" content=\"2 minuti\" \/>\n<script type=\"application\/ld+json\" class=\"yoast-schema-graph\">{\"@context\":\"https:\/\/schema.org\",\"@graph\":[{\"@type\":\"Article\",\"@id\":\"https:\/\/www.pressenza.com\/it\/2015\/04\/a-40-anni-dallomicidio-di-varalli-e-zibecchi-le-iniziative-a-milano-il-16-17-e-18-aprile\/#article\",\"isPartOf\":{\"@id\":\"https:\/\/www.pressenza.com\/it\/2015\/04\/a-40-anni-dallomicidio-di-varalli-e-zibecchi-le-iniziative-a-milano-il-16-17-e-18-aprile\/\"},\"author\":{\"name\":\"Luciano Muhlbauer\",\"@id\":\"https:\/\/www.pressenza.com\/it\/#\/schema\/person\/39da6bde67055a1b8cddb12c57da5142\"},\"headline\":\"A 40 anni dall&#8217;omicidio di Varalli e Zibecchi. Le iniziative a Milano il 16, 17 e 18 aprile\",\"datePublished\":\"2015-04-09T13:48:41+00:00\",\"dateModified\":\"2015-04-09T13:48:50+00:00\",\"mainEntityOfPage\":{\"@id\":\"https:\/\/www.pressenza.com\/it\/2015\/04\/a-40-anni-dallomicidio-di-varalli-e-zibecchi-le-iniziative-a-milano-il-16-17-e-18-aprile\/\"},\"wordCount\":315,\"publisher\":{\"@id\":\"https:\/\/www.pressenza.com\/it\/#organization\"},\"image\":{\"@id\":\"https:\/\/www.pressenza.com\/it\/2015\/04\/a-40-anni-dallomicidio-di-varalli-e-zibecchi-le-iniziative-a-milano-il-16-17-e-18-aprile\/#primaryimage\"},\"thumbnailUrl\":\"https:\/\/www.pressenza.com\/wp-content\/uploads\/2015\/04\/monumento-varalli-zibecchi.jpg\",\"keywords\":[\"anti-fascismo\",\"Varalli\",\"Zibecchi\"],\"articleSection\":[\"Europa\",\"Opinioni\",\"Politica\"],\"inLanguage\":\"it-IT\"},{\"@type\":\"WebPage\",\"@id\":\"https:\/\/www.pressenza.com\/it\/2015\/04\/a-40-anni-dallomicidio-di-varalli-e-zibecchi-le-iniziative-a-milano-il-16-17-e-18-aprile\/\",\"url\":\"https:\/\/www.pressenza.com\/it\/2015\/04\/a-40-anni-dallomicidio-di-varalli-e-zibecchi-le-iniziative-a-milano-il-16-17-e-18-aprile\/\",\"name\":\"A 40 anni dall'omicidio di Varalli e Zibecchi. Le iniziative a Milano il 16, 17 e 18 aprile\",\"isPartOf\":{\"@id\":\"https:\/\/www.pressenza.com\/it\/#website\"},\"primaryImageOfPage\":{\"@id\":\"https:\/\/www.pressenza.com\/it\/2015\/04\/a-40-anni-dallomicidio-di-varalli-e-zibecchi-le-iniziative-a-milano-il-16-17-e-18-aprile\/#primaryimage\"},\"image\":{\"@id\":\"https:\/\/www.pressenza.com\/it\/2015\/04\/a-40-anni-dallomicidio-di-varalli-e-zibecchi-le-iniziative-a-milano-il-16-17-e-18-aprile\/#primaryimage\"},\"thumbnailUrl\":\"https:\/\/www.pressenza.com\/wp-content\/uploads\/2015\/04\/monumento-varalli-zibecchi.jpg\",\"datePublished\":\"2015-04-09T13:48:41+00:00\",\"dateModified\":\"2015-04-09T13:48:50+00:00\",\"description\":\"Il 16 e 17 aprile prossimi saranno esattamente 40 anni da quando due giovani antifascisti milanesi, Claudio Varalli e Giannino Zibecchi, furono\",\"breadcrumb\":{\"@id\":\"https:\/\/www.pressenza.com\/it\/2015\/04\/a-40-anni-dallomicidio-di-varalli-e-zibecchi-le-iniziative-a-milano-il-16-17-e-18-aprile\/#breadcrumb\"},\"inLanguage\":\"it-IT\",\"potentialAction\":[{\"@type\":\"ReadAction\",\"target\":[\"https:\/\/www.pressenza.com\/it\/2015\/04\/a-40-anni-dallomicidio-di-varalli-e-zibecchi-le-iniziative-a-milano-il-16-17-e-18-aprile\/\"]}]},{\"@type\":\"ImageObject\",\"inLanguage\":\"it-IT\",\"@id\":\"https:\/\/www.pressenza.com\/it\/2015\/04\/a-40-anni-dallomicidio-di-varalli-e-zibecchi-le-iniziative-a-milano-il-16-17-e-18-aprile\/#primaryimage\",\"url\":\"https:\/\/www.pressenza.com\/wp-content\/uploads\/2015\/04\/monumento-varalli-zibecchi.jpg\",\"contentUrl\":\"https:\/\/www.pressenza.com\/wp-content\/uploads\/2015\/04\/monumento-varalli-zibecchi.jpg\",\"width\":800,\"height\":600},{\"@type\":\"BreadcrumbList\",\"@id\":\"https:\/\/www.pressenza.com\/it\/2015\/04\/a-40-anni-dallomicidio-di-varalli-e-zibecchi-le-iniziative-a-milano-il-16-17-e-18-aprile\/#breadcrumb\",\"itemListElement\":[{\"@type\":\"ListItem\",\"position\":1,\"name\":\"Accueil\",\"item\":\"https:\/\/www.pressenza.com\/it\/\"},{\"@type\":\"ListItem\",\"position\":2,\"name\":\"A 40 anni dall&#8217;omicidio di Varalli e Zibecchi. Le iniziative a Milano il 16, 17 e 18 aprile\"}]},{\"@type\":\"WebSite\",\"@id\":\"https:\/\/www.pressenza.com\/it\/#website\",\"url\":\"https:\/\/www.pressenza.com\/it\/\",\"name\":\"Pressenza\",\"description\":\"Agenzia di Stampa Internazionale\",\"publisher\":{\"@id\":\"https:\/\/www.pressenza.com\/it\/#organization\"},\"potentialAction\":[{\"@type\":\"SearchAction\",\"target\":{\"@type\":\"EntryPoint\",\"urlTemplate\":\"https:\/\/www.pressenza.com\/it\/?s={search_term_string}\"},\"query-input\":{\"@type\":\"PropertyValueSpecification\",\"valueRequired\":true,\"valueName\":\"search_term_string\"}}],\"inLanguage\":\"it-IT\"},{\"@type\":\"Organization\",\"@id\":\"https:\/\/www.pressenza.com\/it\/#organization\",\"name\":\"Pressenza\",\"url\":\"https:\/\/www.pressenza.com\/it\/\",\"logo\":{\"@type\":\"ImageObject\",\"inLanguage\":\"it-IT\",\"@id\":\"https:\/\/www.pressenza.com\/it\/#\/schema\/logo\/image\/\",\"url\":\"https:\/\/www.pressenza.com\/wp-content\/uploads\/2022\/10\/pressenza_logo_200x200.jpg\",\"contentUrl\":\"https:\/\/www.pressenza.com\/wp-content\/uploads\/2022\/10\/pressenza_logo_200x200.jpg\",\"width\":200,\"height\":200,\"caption\":\"Pressenza\"},\"image\":{\"@id\":\"https:\/\/www.pressenza.com\/it\/#\/schema\/logo\/image\/\"},\"sameAs\":[\"https:\/\/www.facebook.com\/PressenzaItalia\",\"https:\/\/x.com\/PressenzaIPA\"]},{\"@type\":\"Person\",\"@id\":\"https:\/\/www.pressenza.com\/it\/#\/schema\/person\/39da6bde67055a1b8cddb12c57da5142\",\"name\":\"Luciano Muhlbauer\",\"description\":\"Collabora con le testate di informazione alternativa on line MilanoX e Milano In Movimento, \u00e8 stato tra i portavoce del Genoa Social Forum nel 2001 e uno dei segretari nazionali del sindacato di base SinCobas fino al 2005. Dal 2005 al 2010 \u00e8 stato consigliere regionale in Lombardia. www.lucianomuhlbauer.it\/blog\/\",\"sameAs\":[\"https:\/\/www.facebook.com\/luciano.muhlbauer\",\"https:\/\/x.com\/Muhlbauer_\"],\"url\":\"https:\/\/www.pressenza.com\/it\/author\/luciano-muhlbauer\/\"}]}<\/script>\n<!-- \/ Yoast SEO plugin. -->","yoast_head_json":{"title":"A 40 anni dall'omicidio di Varalli e Zibecchi. Le iniziative a Milano il 16, 17 e 18 aprile","description":"Il 16 e 17 aprile prossimi saranno esattamente 40 anni da quando due giovani antifascisti milanesi, Claudio Varalli e Giannino Zibecchi, furono","robots":{"index":"index","follow":"follow","max-snippet":"max-snippet:-1","max-image-preview":"max-image-preview:large","max-video-preview":"max-video-preview:-1"},"canonical":"https:\/\/www.pressenza.com\/it\/2015\/04\/a-40-anni-dallomicidio-di-varalli-e-zibecchi-le-iniziative-a-milano-il-16-17-e-18-aprile\/","og_locale":"it_IT","og_type":"article","og_title":"A 40 anni dall'omicidio di Varalli e Zibecchi. Le iniziative a Milano il 16, 17 e 18 aprile","og_description":"Il 16 e 17 aprile prossimi saranno esattamente 40 anni da quando due giovani antifascisti milanesi, Claudio Varalli e Giannino Zibecchi, furono","og_url":"https:\/\/www.pressenza.com\/it\/2015\/04\/a-40-anni-dallomicidio-di-varalli-e-zibecchi-le-iniziative-a-milano-il-16-17-e-18-aprile\/","og_site_name":"Pressenza","article_publisher":"https:\/\/www.facebook.com\/PressenzaItalia","article_author":"https:\/\/www.facebook.com\/luciano.muhlbauer","article_published_time":"2015-04-09T13:48:41+00:00","article_modified_time":"2015-04-09T13:48:50+00:00","og_image":[{"width":800,"height":600,"url":"https:\/\/www.pressenza.com\/wp-content\/uploads\/2015\/04\/monumento-varalli-zibecchi.jpg","type":"image\/jpeg"}],"author":"Luciano Muhlbauer","twitter_card":"summary_large_image","twitter_creator":"@Muhlbauer_","twitter_site":"@PressenzaIPA","twitter_misc":{"Scritto da":"Luciano Muhlbauer","Tempo di lettura stimato":"2 minuti"},"schema":{"@context":"https:\/\/schema.org","@graph":[{"@type":"Article","@id":"https:\/\/www.pressenza.com\/it\/2015\/04\/a-40-anni-dallomicidio-di-varalli-e-zibecchi-le-iniziative-a-milano-il-16-17-e-18-aprile\/#article","isPartOf":{"@id":"https:\/\/www.pressenza.com\/it\/2015\/04\/a-40-anni-dallomicidio-di-varalli-e-zibecchi-le-iniziative-a-milano-il-16-17-e-18-aprile\/"},"author":{"name":"Luciano Muhlbauer","@id":"https:\/\/www.pressenza.com\/it\/#\/schema\/person\/39da6bde67055a1b8cddb12c57da5142"},"headline":"A 40 anni dall&#8217;omicidio di Varalli e Zibecchi. Le iniziative a Milano il 16, 17 e 18 aprile","datePublished":"2015-04-09T13:48:41+00:00","dateModified":"2015-04-09T13:48:50+00:00","mainEntityOfPage":{"@id":"https:\/\/www.pressenza.com\/it\/2015\/04\/a-40-anni-dallomicidio-di-varalli-e-zibecchi-le-iniziative-a-milano-il-16-17-e-18-aprile\/"},"wordCount":315,"publisher":{"@id":"https:\/\/www.pressenza.com\/it\/#organization"},"image":{"@id":"https:\/\/www.pressenza.com\/it\/2015\/04\/a-40-anni-dallomicidio-di-varalli-e-zibecchi-le-iniziative-a-milano-il-16-17-e-18-aprile\/#primaryimage"},"thumbnailUrl":"https:\/\/www.pressenza.com\/wp-content\/uploads\/2015\/04\/monumento-varalli-zibecchi.jpg","keywords":["anti-fascismo","Varalli","Zibecchi"],"articleSection":["Europa","Opinioni","Politica"],"inLanguage":"it-IT"},{"@type":"WebPage","@id":"https:\/\/www.pressenza.com\/it\/2015\/04\/a-40-anni-dallomicidio-di-varalli-e-zibecchi-le-iniziative-a-milano-il-16-17-e-18-aprile\/","url":"https:\/\/www.pressenza.com\/it\/2015\/04\/a-40-anni-dallomicidio-di-varalli-e-zibecchi-le-iniziative-a-milano-il-16-17-e-18-aprile\/","name":"A 40 anni dall'omicidio di Varalli e Zibecchi. Le iniziative a Milano il 16, 17 e 18 aprile","isPartOf":{"@id":"https:\/\/www.pressenza.com\/it\/#website"},"primaryImageOfPage":{"@id":"https:\/\/www.pressenza.com\/it\/2015\/04\/a-40-anni-dallomicidio-di-varalli-e-zibecchi-le-iniziative-a-milano-il-16-17-e-18-aprile\/#primaryimage"},"image":{"@id":"https:\/\/www.pressenza.com\/it\/2015\/04\/a-40-anni-dallomicidio-di-varalli-e-zibecchi-le-iniziative-a-milano-il-16-17-e-18-aprile\/#primaryimage"},"thumbnailUrl":"https:\/\/www.pressenza.com\/wp-content\/uploads\/2015\/04\/monumento-varalli-zibecchi.jpg","datePublished":"2015-04-09T13:48:41+00:00","dateModified":"2015-04-09T13:48:50+00:00","description":"Il 16 e 17 aprile prossimi saranno esattamente 40 anni da quando due giovani antifascisti milanesi, Claudio Varalli e Giannino Zibecchi, furono","breadcrumb":{"@id":"https:\/\/www.pressenza.com\/it\/2015\/04\/a-40-anni-dallomicidio-di-varalli-e-zibecchi-le-iniziative-a-milano-il-16-17-e-18-aprile\/#breadcrumb"},"inLanguage":"it-IT","potentialAction":[{"@type":"ReadAction","target":["https:\/\/www.pressenza.com\/it\/2015\/04\/a-40-anni-dallomicidio-di-varalli-e-zibecchi-le-iniziative-a-milano-il-16-17-e-18-aprile\/"]}]},{"@type":"ImageObject","inLanguage":"it-IT","@id":"https:\/\/www.pressenza.com\/it\/2015\/04\/a-40-anni-dallomicidio-di-varalli-e-zibecchi-le-iniziative-a-milano-il-16-17-e-18-aprile\/#primaryimage","url":"https:\/\/www.pressenza.com\/wp-content\/uploads\/2015\/04\/monumento-varalli-zibecchi.jpg","contentUrl":"https:\/\/www.pressenza.com\/wp-content\/uploads\/2015\/04\/monumento-varalli-zibecchi.jpg","width":800,"height":600},{"@type":"BreadcrumbList","@id":"https:\/\/www.pressenza.com\/it\/2015\/04\/a-40-anni-dallomicidio-di-varalli-e-zibecchi-le-iniziative-a-milano-il-16-17-e-18-aprile\/#breadcrumb","itemListElement":[{"@type":"ListItem","position":1,"name":"Accueil","item":"https:\/\/www.pressenza.com\/it\/"},{"@type":"ListItem","position":2,"name":"A 40 anni dall&#8217;omicidio di Varalli e Zibecchi. Le iniziative a Milano il 16, 17 e 18 aprile"}]},{"@type":"WebSite","@id":"https:\/\/www.pressenza.com\/it\/#website","url":"https:\/\/www.pressenza.com\/it\/","name":"Pressenza","description":"Agenzia di Stampa Internazionale","publisher":{"@id":"https:\/\/www.pressenza.com\/it\/#organization"},"potentialAction":[{"@type":"SearchAction","target":{"@type":"EntryPoint","urlTemplate":"https:\/\/www.pressenza.com\/it\/?s={search_term_string}"},"query-input":{"@type":"PropertyValueSpecification","valueRequired":true,"valueName":"search_term_string"}}],"inLanguage":"it-IT"},{"@type":"Organization","@id":"https:\/\/www.pressenza.com\/it\/#organization","name":"Pressenza","url":"https:\/\/www.pressenza.com\/it\/","logo":{"@type":"ImageObject","inLanguage":"it-IT","@id":"https:\/\/www.pressenza.com\/it\/#\/schema\/logo\/image\/","url":"https:\/\/www.pressenza.com\/wp-content\/uploads\/2022\/10\/pressenza_logo_200x200.jpg","contentUrl":"https:\/\/www.pressenza.com\/wp-content\/uploads\/2022\/10\/pressenza_logo_200x200.jpg","width":200,"height":200,"caption":"Pressenza"},"image":{"@id":"https:\/\/www.pressenza.com\/it\/#\/schema\/logo\/image\/"},"sameAs":["https:\/\/www.facebook.com\/PressenzaItalia","https:\/\/x.com\/PressenzaIPA"]},{"@type":"Person","@id":"https:\/\/www.pressenza.com\/it\/#\/schema\/person\/39da6bde67055a1b8cddb12c57da5142","name":"Luciano Muhlbauer","description":"Collabora con le testate di informazione alternativa on line MilanoX e Milano In Movimento, \u00e8 stato tra i portavoce del Genoa Social Forum nel 2001 e uno dei segretari nazionali del sindacato di base SinCobas fino al 2005. Dal 2005 al 2010 \u00e8 stato consigliere regionale in Lombardia. www.lucianomuhlbauer.it\/blog\/","sameAs":["https:\/\/www.facebook.com\/luciano.muhlbauer","https:\/\/x.com\/Muhlbauer_"],"url":"https:\/\/www.pressenza.com\/it\/author\/luciano-muhlbauer\/"}]}},"place":"Milano","original_article_url":"","_links":{"self":[{"href":"https:\/\/www.pressenza.com\/it\/wp-json\/wp\/v2\/posts\/175979","targetHints":{"allow":["GET"]}}],"collection":[{"href":"https:\/\/www.pressenza.com\/it\/wp-json\/wp\/v2\/posts"}],"about":[{"href":"https:\/\/www.pressenza.com\/it\/wp-json\/wp\/v2\/types\/post"}],"author":[{"embeddable":true,"href":"https:\/\/www.pressenza.com\/it\/wp-json\/wp\/v2\/users\/982"}],"replies":[{"embeddable":true,"href":"https:\/\/www.pressenza.com\/it\/wp-json\/wp\/v2\/comments?post=175979"}],"version-history":[{"count":0,"href":"https:\/\/www.pressenza.com\/it\/wp-json\/wp\/v2\/posts\/175979\/revisions"}],"wp:featuredmedia":[{"embeddable":true,"href":"https:\/\/www.pressenza.com\/it\/wp-json\/wp\/v2\/media\/175980"}],"wp:attachment":[{"href":"https:\/\/www.pressenza.com\/it\/wp-json\/wp\/v2\/media?parent=175979"}],"wp:term":[{"taxonomy":"category","embeddable":true,"href":"https:\/\/www.pressenza.com\/it\/wp-json\/wp\/v2\/categories?post=175979"},{"taxonomy":"post_tag","embeddable":true,"href":"https:\/\/www.pressenza.com\/it\/wp-json\/wp\/v2\/tags?post=175979"}],"curies":[{"name":"wp","href":"https:\/\/api.w.org\/{rel}","templated":true}]}}