{"id":1759642,"date":"2023-08-15T09:24:16","date_gmt":"2023-08-15T08:24:16","guid":{"rendered":"https:\/\/www.pressenza.com\/?p=1759642"},"modified":"2023-08-15T09:24:16","modified_gmt":"2023-08-15T08:24:16","slug":"regno-unito-politiche-di-controllo-e-deportazione-delle-persone-migranti","status":"publish","type":"post","link":"https:\/\/www.pressenza.com\/it\/2023\/08\/regno-unito-politiche-di-controllo-e-deportazione-delle-persone-migranti\/","title":{"rendered":"Regno Unito: politiche di controllo e deportazione delle persone migranti"},"content":{"rendered":"<p>Le strategie di deterrenza messe in atto dal governo non hanno rispetto delle vite umane.<\/p>\n<p><em>Nonostante la sentenza che ha dichiarato illegale il trasferimento dei migranti in Ruanda, il governo del Regno Unito mantiene fermo il suo progetto politico. Slogan identitari, minacce di deportazione oltreoceano, l\u2019incremento dei fondi destinati alle forze militari per la sorveglianza del Canale della Manica e la creazione di una struttura di detenzione galleggiante sono le risposte all\u2019aumento degli arrivi sulle coste inglesi.<\/em><\/p>\n<p>Nonostante l\u2019investimento massiccio nella sorveglianza del Canale, centinaia di migranti attraversano ancora ogni giorno la Manica in piccole imbarcazioni. La presenza costante delle forze militari francesi e inglesi sulle coste e in mare rende il passaggio pericoloso, l\u2019<a href=\"https:\/\/it.euronews.com\/2023\/08\/12\/migranti-naufragio-nel-canale-della-manica-ci-sono-morti-e-feriti\" data-type=\"link\" data-id=\"https:\/\/it.euronews.com\/2023\/08\/12\/migranti-naufragio-nel-canale-della-manica-ci-sono-morti-e-feriti\">ultimo naufragio<\/a>\u00a0solo pochi giorni fa: almeno 6 i morti, cittadini afghani di circa 30 anni, e circa 10 le persone disperse.\u00a0<a href=\"https:\/\/www.infomigrants.net\/en\/post\/44706\/uk-and-france-sign-%E2%82%AC72-million-deal-over-channel-migrants\">InfoMigrants<\/a>\u00a0segnala che a novembre 2022 il Regno Unito ha stanziato\u00a0<strong>72 milioni di euro<\/strong>\u00a0per il controllo del Canale. Una parte dei fondi era destinata a rafforzare la sicurezza nei porti utilizzando droni, cani, telecamere e elicotteri. Inoltre la Francia avrebbe disposto di circa 350 forze armate in pi\u00f9 attive nel controllo del confine. D\u2019altra parte per\u00f2, coloro che riescono ad attraversare il mare andranno incontro ad altri scenari drammatici.<\/p>\n<h4><strong>La deportazione delle persone richiedenti asilo<\/strong><\/h4>\n<p>Il 29 giugno 2023 la\u00a0<a href=\"https:\/\/www.theguardian.com\/uk-news\/2023\/jun\/29\/plan-to-send-asylum-seekers-to-rwanda-is-unlawful-uk-appeal-court-rules\">Corte d\u2019Appello<\/a>\u00a0inglese ha dichiarato illegale il piano di deportazione di persone richiedenti asilo nel Regno Unito. I giudici hanno ritenuto che il Ruanda non disponga di un adeguato sistema di asilo, ponendo migliaia di persone in una condizione di estrema vulnerabilit\u00e0. Il rischio principale \u00e8 che il Ruanda deporti a sua volta le persone nel loro paese di origine, dove affrontano persecuzioni e trattamenti inumani. Di fatto la sentenza dichiara che il Ruanda non \u00e8 un Paese sicuro, come viene dichiarato dalla\u00a0<a href=\"https:\/\/www.meltingpot.org\/2022\/05\/regno-unito-e-ruanda-lesternalizzazione-delle-domande-di-asilo\/\">propaganda governativa<\/a>, che sostiene l\u2019effetto deterrente di questo accordo.<\/p>\n<p>Sarah Dines, Sottosegretaria all\u2019Interno inglese, il 7 agosto 2023 ha rilasciato una\u00a0<a href=\"https:\/\/www.theguardian.com\/uk-news\/2023\/aug\/07\/uk-may-try-to-send-small-boat-arrivals-to-ascension-island-minister-confirms\">dichiarazione<\/a>\u00a0a Times Radio in cui sostiene il valore delle politiche migratorie governative. Dines afferma come l\u2019accordo con il Ruanda sia completamente legale, tanto che presto verr\u00e0 richiesta un\u2019ulteriore sentenza della Corte Suprema a riguardo. Inoltre, Dines presenta un altro progetto di deportazione, che potrebbe entrare in vigore in caso l\u2019accordo con il Ruanda non si riesca a realizzare. La proposta prevede la deportazione delle persone richiedenti asilo nell<a href=\"https:\/\/it.wikipedia.org\/wiki\/Isola_di_Ascensione\">\u2019Isola dell\u2019Ascensione<\/a>, che si trova nell\u2019Oceano Atlantico meridionale ed appartiene al territorio britannico d\u2019oltremare di Sant\u2019Elena.<\/p>\n<p>Il progetto aveva gi\u00e0 preso forma tre anni prima, sotto una richiesta del segretario per gli affari interni Priti Patel. Tuttavia\u00a0<a href=\"https:\/\/www.theguardian.com\/uk-news\/2023\/aug\/07\/uk-may-try-to-send-small-boat-arrivals-to-ascension-island-minister-confirms\">The Guardian<\/a>\u00a0dichiara come gi\u00e0 nel 2020 il piano fosse stato dichiarato irrealizzabile. Jacob Rees-Moog, che al tempo ricopriva la carica di ministro, in un\u2019intervista a\u00a0<a href=\"https:\/\/www.theguardian.com\/uk-news\/2023\/aug\/07\/uk-may-try-to-send-small-boat-arrivals-to-ascension-island-minister-confirms\">GB News<\/a>, ha enfatizzato l\u2019infattibilit\u00e0 del progetto in termini economici, \u201c<em>sarebbe costato almeno un milione di sterline a persona<\/em>\u201d. Ancora una volta pur di sostenere una politica di deterrenza spietata, il governo inglese propone progetti costosissimi e fortemente criticati da gruppi di persone richiedenti asilo, da organizzazioni umanitarie e da esperti in politiche di asilo.<\/p>\n<p>Otto English, scrittore e giornalista,\u00a0<a href=\"https:\/\/twitter.com\/Otto_English\/status\/1689209712690999296?s=20\">ha commentato<\/a> una recente intervista di Robert Jenrick, Ministro dell\u2019Immigrazione del Regno Unito, sottolineando come il governo stia ritardando deliberatamente le procedure di richiesta di asilo per rinforzare la crisi umanitaria in atto e applicare la propria politica di deterrenza. A riguardo, l\u2019ONG <a href=\"https:\/\/areyousyrious.eu\/\">Are You Syrious<\/a>\u00a0sostiene che le proposte che vengono promosse rispecchiano una forma di\u00a0<strong>crudelt\u00e0 performativa imperialista<\/strong>\u00a0da parte del Regno Unito. L\u2019idea di deportare persone nell\u2019Isola dell\u2019Ascensione sembra completamente impraticabile,\u00a0<a href=\"https:\/\/twitter.com\/Otto_English\/status\/1688453444774850560?s=20\">English<\/a>\u00a0sottolinea come nell\u2019isola non ci sia popolazione indigena e non ci sia alcuna infrastruttura adeguata nell\u2019ospitare delle persone. \u201c<em>Rimane un\u2019idea stupida, costosa e impraticabile, costruita per i titoli sensazionalistici dei giornali e non potr\u00e0 mai essere realizzata<\/em>\u201d, afferma English.<\/p>\n<h4><strong>Le prime deportazioni sulla Bibby Stockhom<\/strong><\/h4>\n<p>Al contempo il governo britannico ha messo in atto altre forme di deportazione. Ad aprile 2023 aveva presentato un progetto che prevedeva la sistemazione forzata di almeno 500 persone richiedenti asilo all\u2019interno di una chiatta, chiamata\u00a0<a href=\"https:\/\/www.meltingpot.org\/2023\/07\/le-prigioni-galleggianti-il-nuovo-piano-del-regno-unito-per-la-prima-accoglienza-dei-richiedenti-asilo\/\">Bibby Stockhom<\/a>, ferma nel canale della Manica, a Portland. La proposta era stata criticata da ONG e organizzazioni che lavorano con persone migranti e richiedenti asilo. In un\u2019intervista a\u00a0<a href=\"https:\/\/www.meltingpot.org\/2023\/07\/le-prigioni-galleggianti-il-nuovo-piano-del-regno-unito-per-la-prima-accoglienza-dei-richiedenti-asilo\/#easy-footnote-3-496567\">Melting Pot<\/a>, Tigs Louis-Puttick, fondatrice dell\u2019ONG Reclaim The Sea, sottolinea che lo spazio all\u2019interno della nave non sia adeguato a ospitare un numero cos\u00ec elevato di persone. Oltre a questo moltissime persone in movimento hanno traumi legati al mare e si vedrebbero rinchiuse in una struttura galleggiante senza possibilit\u00e0 di uscita, un luogo dove manca la privacy ed il diritto a uno spazio personale.<\/p>\n<p>Il piano doveva essere attuato a luglio 2023, tuttavia ha subito dei rallentamenti e diverse sono state le critiche riguardanti la sicurezza della struttura. Il segretario generale di un sindacato dei vigili del fuoco nel Regno Unito,\u00a0<a href=\"https:\/\/www.infomigrants.net\/en\/post\/50783\/uk-delays-beset-government-plans-for-migrant-accommodation\">Ben Selby<\/a>, ha rilasciato una dichiarazione in cui afferma che: \u201c<em>A differenza di questo governo, il fuoco non fa discriminazioni. Costringere i richiedenti asilo in alloggi che non sono stati adeguatamente valutati dal punto di vista del rischio incendio \u00e8 un\u00a0<strong>approccio sconsiderato<\/strong><\/em>\u201d. Selby aggiunge che la scelta dell\u2019opzione pi\u00f9 economica per l\u2019alloggio dei richiedenti asilo evidenzia come \u201c<em>il risparmio \u00e8 la priorit\u00e0 pi\u00f9 alta, e la vita delle persone viene trattata come un danno collaterale<\/em>\u201c. Nonostante tutte le proteste e le criticit\u00e0 rilevate, il 7 agosto 15 persone sono state deportate sulla chiatta.<\/p>\n<p><em>&#8220;La Bibby Stockholm, una reminiscenza delle navi-prigione dell\u2019epoca vittoriana, rappresenta un modo profondamente vergognoso di accogliere persone fuggite da terrore, conflitti e persecuzioni\u201d. <\/em><a href=\"https:\/\/www.amnesty.it\/regno-unito-trasferiti-i-primi-richiedenti-asilo-sulla-chiatta-bibby-stockholm\/\">Steve Valdez-Symonds<\/a>, direttore del programma diritti delle persone migranti e rifugiate di Amnesty International Regno Unito.<\/p>\n<p>Valdez-Symonds ricorda che tutti dovrebbero essere preoccupati che ciascuna persona avr\u00e0 a disposizione, a bordo, uno spazio equiparabile a quello di un parcheggio per un\u2019automobile. Egli denuncia come sia completamente inappropriato che \u201c<em>il governo di Londra continui a trattare orribilmente persone come se fossero cose da immagazzinare<\/em>\u201d. Al momento numerose associazioni come\u00a0<a href=\"https:\/\/www.infomigrants.net\/en\/post\/50917\/uk-first-asylum-seekers-move-on-to-divisive-barge\">Care4Calais\u00a0<\/a>cercano di impedire che vengano detenute sulla chiatta persone con disabilit\u00e0 o persone che comunicano di avere avuto esperienze traumatiche in mare.<\/p>\n<p>Sabato 12 agosto, per il momento, l\u2019epilogo fallimentare: la nave-prigione\u00a0<a href=\"https:\/\/www.bbc.com\/news\/uk-england-dorset-66476538\">\u00e8 stata evacuata<\/a>\u00a0dopo che sono state trovate tracce di batteri della legionella nel sistema idrico di bordo.<\/p>\n<p>Le politiche migratorie del Regno Unito, evidenziate dall\u2019investimento nella sorveglianza del Canale della Manica e dalla proposta di deportazione in Ruanda e nell\u2019Isola dell\u2019Ascensione, rivelano una crescente determinazione governativa a perseguire una politica di deterrenza. Le prime deportazioni sulla nave-prigione Bibby Stockholm accentuano la mancanza di attenzione alle condizioni umane delle persone coinvolte e suscitano interrogativi sulla moralit\u00e0 e legalit\u00e0 di tali politiche. Le critiche da parte di organizzazioni umanitarie e esperti legali sottolineano la necessit\u00e0 di soluzioni umane che rispettino i diritti delle persone in movimento e la loro libert\u00e0.<\/p>\n<p><strong>\u00a0<\/strong><\/p>\n","protected":false},"excerpt":{"rendered":"<p>Le strategie di deterrenza messe in atto dal governo non hanno rispetto delle vite umane. Nonostante la sentenza che ha dichiarato illegale il trasferimento dei migranti in Ruanda, il governo del Regno Unito mantiene fermo il suo progetto politico. Slogan&hellip;<\/p>\n","protected":false},"author":1534,"featured_media":1759643,"comment_status":"closed","ping_status":"closed","sticky":false,"template":"","format":"standard","meta":{"footnotes":""},"categories":[60,47,55],"tags":[27074,115327,14847,3500,7212],"class_list":["post-1759642","post","type-post","status-publish","format-standard","has-post-thumbnail","hentry","category-diritti-umani","category-europa","category-politica","tag-deportazioni","tag-nave-prigione-bibby-stockholm","tag-politiche-migratorie","tag-regno-unito","tag-richiedenti-asilo"],"yoast_head":"<!-- This site is optimized with the Yoast SEO plugin v27.1.1 - https:\/\/yoast.com\/product\/yoast-seo-wordpress\/ -->\n<title>Regno Unito: politiche di controllo e deportazione delle persone migranti<\/title>\n<meta name=\"description\" content=\"Le strategie di deterrenza messe in atto dal governo non hanno rispetto delle vite umane. Nonostante la sentenza che ha dichiarato illegale il\" \/>\n<meta name=\"robots\" content=\"index, follow, max-snippet:-1, max-image-preview:large, max-video-preview:-1\" \/>\n<link rel=\"canonical\" href=\"https:\/\/www.pressenza.com\/it\/2023\/08\/regno-unito-politiche-di-controllo-e-deportazione-delle-persone-migranti\/\" \/>\n<meta property=\"og:locale\" content=\"it_IT\" \/>\n<meta property=\"og:type\" content=\"article\" \/>\n<meta property=\"og:title\" content=\"Regno Unito: politiche di controllo e deportazione delle persone migranti\" \/>\n<meta property=\"og:description\" content=\"Le strategie di deterrenza messe in atto dal governo non hanno rispetto delle vite umane. Nonostante la sentenza che ha dichiarato illegale il\" \/>\n<meta property=\"og:url\" content=\"https:\/\/www.pressenza.com\/it\/2023\/08\/regno-unito-politiche-di-controllo-e-deportazione-delle-persone-migranti\/\" \/>\n<meta property=\"og:site_name\" content=\"Pressenza\" \/>\n<meta property=\"article:publisher\" content=\"https:\/\/www.facebook.com\/PressenzaItalia\" \/>\n<meta property=\"article:published_time\" content=\"2023-08-15T08:24:16+00:00\" \/>\n<meta property=\"og:image\" content=\"https:\/\/www.pressenza.com\/wp-content\/uploads\/2023\/08\/prigione-galleggiante-UK.jpeg\" \/>\n\t<meta property=\"og:image:width\" content=\"900\" \/>\n\t<meta property=\"og:image:height\" content=\"506\" \/>\n\t<meta property=\"og:image:type\" content=\"image\/jpeg\" \/>\n<meta name=\"author\" content=\"Melting Pot Europa\" \/>\n<meta name=\"twitter:card\" content=\"summary_large_image\" \/>\n<meta name=\"twitter:creator\" content=\"@PressenzaIPA\" \/>\n<meta name=\"twitter:site\" content=\"@PressenzaIPA\" \/>\n<meta name=\"twitter:label1\" content=\"Scritto da\" \/>\n\t<meta name=\"twitter:data1\" content=\"Melting Pot Europa\" \/>\n\t<meta name=\"twitter:label2\" content=\"Tempo di lettura stimato\" \/>\n\t<meta name=\"twitter:data2\" content=\"6 minuti\" \/>\n<script type=\"application\/ld+json\" class=\"yoast-schema-graph\">{\"@context\":\"https:\/\/schema.org\",\"@graph\":[{\"@type\":\"Article\",\"@id\":\"https:\/\/www.pressenza.com\/it\/2023\/08\/regno-unito-politiche-di-controllo-e-deportazione-delle-persone-migranti\/#article\",\"isPartOf\":{\"@id\":\"https:\/\/www.pressenza.com\/it\/2023\/08\/regno-unito-politiche-di-controllo-e-deportazione-delle-persone-migranti\/\"},\"author\":{\"name\":\"Melting Pot Europa\",\"@id\":\"https:\/\/www.pressenza.com\/it\/#\/schema\/person\/3031735997dc103b27a9a24dc6b29290\"},\"headline\":\"Regno Unito: politiche di controllo e deportazione delle persone migranti\",\"datePublished\":\"2023-08-15T08:24:16+00:00\",\"mainEntityOfPage\":{\"@id\":\"https:\/\/www.pressenza.com\/it\/2023\/08\/regno-unito-politiche-di-controllo-e-deportazione-delle-persone-migranti\/\"},\"wordCount\":1153,\"publisher\":{\"@id\":\"https:\/\/www.pressenza.com\/it\/#organization\"},\"image\":{\"@id\":\"https:\/\/www.pressenza.com\/it\/2023\/08\/regno-unito-politiche-di-controllo-e-deportazione-delle-persone-migranti\/#primaryimage\"},\"thumbnailUrl\":\"https:\/\/www.pressenza.com\/wp-content\/uploads\/2023\/08\/prigione-galleggiante-UK.jpeg\",\"keywords\":[\"deportazioni\",\"nave-prigione\u00a0Bibby Stockholm\",\"politiche migratorie\",\"Regno Unito\",\"richiedenti asilo\"],\"articleSection\":[\"Diritti Umani\",\"Europa\",\"Politica\"],\"inLanguage\":\"it-IT\"},{\"@type\":\"WebPage\",\"@id\":\"https:\/\/www.pressenza.com\/it\/2023\/08\/regno-unito-politiche-di-controllo-e-deportazione-delle-persone-migranti\/\",\"url\":\"https:\/\/www.pressenza.com\/it\/2023\/08\/regno-unito-politiche-di-controllo-e-deportazione-delle-persone-migranti\/\",\"name\":\"Regno Unito: politiche di controllo e deportazione delle persone migranti\",\"isPartOf\":{\"@id\":\"https:\/\/www.pressenza.com\/it\/#website\"},\"primaryImageOfPage\":{\"@id\":\"https:\/\/www.pressenza.com\/it\/2023\/08\/regno-unito-politiche-di-controllo-e-deportazione-delle-persone-migranti\/#primaryimage\"},\"image\":{\"@id\":\"https:\/\/www.pressenza.com\/it\/2023\/08\/regno-unito-politiche-di-controllo-e-deportazione-delle-persone-migranti\/#primaryimage\"},\"thumbnailUrl\":\"https:\/\/www.pressenza.com\/wp-content\/uploads\/2023\/08\/prigione-galleggiante-UK.jpeg\",\"datePublished\":\"2023-08-15T08:24:16+00:00\",\"description\":\"Le strategie di deterrenza messe in atto dal governo non hanno rispetto delle vite umane. Nonostante la sentenza che ha dichiarato illegale il\",\"breadcrumb\":{\"@id\":\"https:\/\/www.pressenza.com\/it\/2023\/08\/regno-unito-politiche-di-controllo-e-deportazione-delle-persone-migranti\/#breadcrumb\"},\"inLanguage\":\"it-IT\",\"potentialAction\":[{\"@type\":\"ReadAction\",\"target\":[\"https:\/\/www.pressenza.com\/it\/2023\/08\/regno-unito-politiche-di-controllo-e-deportazione-delle-persone-migranti\/\"]}]},{\"@type\":\"ImageObject\",\"inLanguage\":\"it-IT\",\"@id\":\"https:\/\/www.pressenza.com\/it\/2023\/08\/regno-unito-politiche-di-controllo-e-deportazione-delle-persone-migranti\/#primaryimage\",\"url\":\"https:\/\/www.pressenza.com\/wp-content\/uploads\/2023\/08\/prigione-galleggiante-UK.jpeg\",\"contentUrl\":\"https:\/\/www.pressenza.com\/wp-content\/uploads\/2023\/08\/prigione-galleggiante-UK.jpeg\",\"width\":900,\"height\":506},{\"@type\":\"BreadcrumbList\",\"@id\":\"https:\/\/www.pressenza.com\/it\/2023\/08\/regno-unito-politiche-di-controllo-e-deportazione-delle-persone-migranti\/#breadcrumb\",\"itemListElement\":[{\"@type\":\"ListItem\",\"position\":1,\"name\":\"Accueil\",\"item\":\"https:\/\/www.pressenza.com\/it\/\"},{\"@type\":\"ListItem\",\"position\":2,\"name\":\"Regno Unito: politiche di controllo e deportazione delle persone migranti\"}]},{\"@type\":\"WebSite\",\"@id\":\"https:\/\/www.pressenza.com\/it\/#website\",\"url\":\"https:\/\/www.pressenza.com\/it\/\",\"name\":\"Pressenza\",\"description\":\"Agenzia di Stampa Internazionale\",\"publisher\":{\"@id\":\"https:\/\/www.pressenza.com\/it\/#organization\"},\"potentialAction\":[{\"@type\":\"SearchAction\",\"target\":{\"@type\":\"EntryPoint\",\"urlTemplate\":\"https:\/\/www.pressenza.com\/it\/?s={search_term_string}\"},\"query-input\":{\"@type\":\"PropertyValueSpecification\",\"valueRequired\":true,\"valueName\":\"search_term_string\"}}],\"inLanguage\":\"it-IT\"},{\"@type\":\"Organization\",\"@id\":\"https:\/\/www.pressenza.com\/it\/#organization\",\"name\":\"Pressenza\",\"url\":\"https:\/\/www.pressenza.com\/it\/\",\"logo\":{\"@type\":\"ImageObject\",\"inLanguage\":\"it-IT\",\"@id\":\"https:\/\/www.pressenza.com\/it\/#\/schema\/logo\/image\/\",\"url\":\"https:\/\/www.pressenza.com\/wp-content\/uploads\/2022\/10\/pressenza_logo_200x200.jpg\",\"contentUrl\":\"https:\/\/www.pressenza.com\/wp-content\/uploads\/2022\/10\/pressenza_logo_200x200.jpg\",\"width\":200,\"height\":200,\"caption\":\"Pressenza\"},\"image\":{\"@id\":\"https:\/\/www.pressenza.com\/it\/#\/schema\/logo\/image\/\"},\"sameAs\":[\"https:\/\/www.facebook.com\/PressenzaItalia\",\"https:\/\/x.com\/PressenzaIPA\"]},{\"@type\":\"Person\",\"@id\":\"https:\/\/www.pressenza.com\/it\/#\/schema\/person\/3031735997dc103b27a9a24dc6b29290\",\"name\":\"Melting Pot Europa\",\"description\":\"Melting Pot Europa \u00e8 un progetto di comunicazione indipendente nato nel 1996 e frutto dell\u2019impegno collettivo di associazioni, esperti, avvocati, docenti, attivisti, giornalisti, fotografi, videomakers, che mettono a disposizione il loro lavoro per la realizzazione di questo spazio di informazione e approfondimento libero, autonomo e gratuito.\",\"sameAs\":[\"http:\/\/www.meltingpot.org\/\"],\"url\":\"https:\/\/www.pressenza.com\/it\/author\/melting-pot-europa\/\"}]}<\/script>\n<!-- \/ Yoast SEO plugin. -->","yoast_head_json":{"title":"Regno Unito: politiche di controllo e deportazione delle persone migranti","description":"Le strategie di deterrenza messe in atto dal governo non hanno rispetto delle vite umane. Nonostante la sentenza che ha dichiarato illegale il","robots":{"index":"index","follow":"follow","max-snippet":"max-snippet:-1","max-image-preview":"max-image-preview:large","max-video-preview":"max-video-preview:-1"},"canonical":"https:\/\/www.pressenza.com\/it\/2023\/08\/regno-unito-politiche-di-controllo-e-deportazione-delle-persone-migranti\/","og_locale":"it_IT","og_type":"article","og_title":"Regno Unito: politiche di controllo e deportazione delle persone migranti","og_description":"Le strategie di deterrenza messe in atto dal governo non hanno rispetto delle vite umane. Nonostante la sentenza che ha dichiarato illegale il","og_url":"https:\/\/www.pressenza.com\/it\/2023\/08\/regno-unito-politiche-di-controllo-e-deportazione-delle-persone-migranti\/","og_site_name":"Pressenza","article_publisher":"https:\/\/www.facebook.com\/PressenzaItalia","article_published_time":"2023-08-15T08:24:16+00:00","og_image":[{"width":900,"height":506,"url":"https:\/\/www.pressenza.com\/wp-content\/uploads\/2023\/08\/prigione-galleggiante-UK.jpeg","type":"image\/jpeg"}],"author":"Melting Pot Europa","twitter_card":"summary_large_image","twitter_creator":"@PressenzaIPA","twitter_site":"@PressenzaIPA","twitter_misc":{"Scritto da":"Melting Pot Europa","Tempo di lettura stimato":"6 minuti"},"schema":{"@context":"https:\/\/schema.org","@graph":[{"@type":"Article","@id":"https:\/\/www.pressenza.com\/it\/2023\/08\/regno-unito-politiche-di-controllo-e-deportazione-delle-persone-migranti\/#article","isPartOf":{"@id":"https:\/\/www.pressenza.com\/it\/2023\/08\/regno-unito-politiche-di-controllo-e-deportazione-delle-persone-migranti\/"},"author":{"name":"Melting Pot Europa","@id":"https:\/\/www.pressenza.com\/it\/#\/schema\/person\/3031735997dc103b27a9a24dc6b29290"},"headline":"Regno Unito: politiche di controllo e deportazione delle persone migranti","datePublished":"2023-08-15T08:24:16+00:00","mainEntityOfPage":{"@id":"https:\/\/www.pressenza.com\/it\/2023\/08\/regno-unito-politiche-di-controllo-e-deportazione-delle-persone-migranti\/"},"wordCount":1153,"publisher":{"@id":"https:\/\/www.pressenza.com\/it\/#organization"},"image":{"@id":"https:\/\/www.pressenza.com\/it\/2023\/08\/regno-unito-politiche-di-controllo-e-deportazione-delle-persone-migranti\/#primaryimage"},"thumbnailUrl":"https:\/\/www.pressenza.com\/wp-content\/uploads\/2023\/08\/prigione-galleggiante-UK.jpeg","keywords":["deportazioni","nave-prigione\u00a0Bibby Stockholm","politiche migratorie","Regno Unito","richiedenti asilo"],"articleSection":["Diritti Umani","Europa","Politica"],"inLanguage":"it-IT"},{"@type":"WebPage","@id":"https:\/\/www.pressenza.com\/it\/2023\/08\/regno-unito-politiche-di-controllo-e-deportazione-delle-persone-migranti\/","url":"https:\/\/www.pressenza.com\/it\/2023\/08\/regno-unito-politiche-di-controllo-e-deportazione-delle-persone-migranti\/","name":"Regno Unito: politiche di controllo e deportazione delle persone migranti","isPartOf":{"@id":"https:\/\/www.pressenza.com\/it\/#website"},"primaryImageOfPage":{"@id":"https:\/\/www.pressenza.com\/it\/2023\/08\/regno-unito-politiche-di-controllo-e-deportazione-delle-persone-migranti\/#primaryimage"},"image":{"@id":"https:\/\/www.pressenza.com\/it\/2023\/08\/regno-unito-politiche-di-controllo-e-deportazione-delle-persone-migranti\/#primaryimage"},"thumbnailUrl":"https:\/\/www.pressenza.com\/wp-content\/uploads\/2023\/08\/prigione-galleggiante-UK.jpeg","datePublished":"2023-08-15T08:24:16+00:00","description":"Le strategie di deterrenza messe in atto dal governo non hanno rispetto delle vite umane. Nonostante la sentenza che ha dichiarato illegale il","breadcrumb":{"@id":"https:\/\/www.pressenza.com\/it\/2023\/08\/regno-unito-politiche-di-controllo-e-deportazione-delle-persone-migranti\/#breadcrumb"},"inLanguage":"it-IT","potentialAction":[{"@type":"ReadAction","target":["https:\/\/www.pressenza.com\/it\/2023\/08\/regno-unito-politiche-di-controllo-e-deportazione-delle-persone-migranti\/"]}]},{"@type":"ImageObject","inLanguage":"it-IT","@id":"https:\/\/www.pressenza.com\/it\/2023\/08\/regno-unito-politiche-di-controllo-e-deportazione-delle-persone-migranti\/#primaryimage","url":"https:\/\/www.pressenza.com\/wp-content\/uploads\/2023\/08\/prigione-galleggiante-UK.jpeg","contentUrl":"https:\/\/www.pressenza.com\/wp-content\/uploads\/2023\/08\/prigione-galleggiante-UK.jpeg","width":900,"height":506},{"@type":"BreadcrumbList","@id":"https:\/\/www.pressenza.com\/it\/2023\/08\/regno-unito-politiche-di-controllo-e-deportazione-delle-persone-migranti\/#breadcrumb","itemListElement":[{"@type":"ListItem","position":1,"name":"Accueil","item":"https:\/\/www.pressenza.com\/it\/"},{"@type":"ListItem","position":2,"name":"Regno Unito: politiche di controllo e deportazione delle persone migranti"}]},{"@type":"WebSite","@id":"https:\/\/www.pressenza.com\/it\/#website","url":"https:\/\/www.pressenza.com\/it\/","name":"Pressenza","description":"Agenzia di Stampa Internazionale","publisher":{"@id":"https:\/\/www.pressenza.com\/it\/#organization"},"potentialAction":[{"@type":"SearchAction","target":{"@type":"EntryPoint","urlTemplate":"https:\/\/www.pressenza.com\/it\/?s={search_term_string}"},"query-input":{"@type":"PropertyValueSpecification","valueRequired":true,"valueName":"search_term_string"}}],"inLanguage":"it-IT"},{"@type":"Organization","@id":"https:\/\/www.pressenza.com\/it\/#organization","name":"Pressenza","url":"https:\/\/www.pressenza.com\/it\/","logo":{"@type":"ImageObject","inLanguage":"it-IT","@id":"https:\/\/www.pressenza.com\/it\/#\/schema\/logo\/image\/","url":"https:\/\/www.pressenza.com\/wp-content\/uploads\/2022\/10\/pressenza_logo_200x200.jpg","contentUrl":"https:\/\/www.pressenza.com\/wp-content\/uploads\/2022\/10\/pressenza_logo_200x200.jpg","width":200,"height":200,"caption":"Pressenza"},"image":{"@id":"https:\/\/www.pressenza.com\/it\/#\/schema\/logo\/image\/"},"sameAs":["https:\/\/www.facebook.com\/PressenzaItalia","https:\/\/x.com\/PressenzaIPA"]},{"@type":"Person","@id":"https:\/\/www.pressenza.com\/it\/#\/schema\/person\/3031735997dc103b27a9a24dc6b29290","name":"Melting Pot Europa","description":"Melting Pot Europa \u00e8 un progetto di comunicazione indipendente nato nel 1996 e frutto dell\u2019impegno collettivo di associazioni, esperti, avvocati, docenti, attivisti, giornalisti, fotografi, videomakers, che mettono a disposizione il loro lavoro per la realizzazione di questo spazio di informazione e approfondimento libero, autonomo e gratuito.","sameAs":["http:\/\/www.meltingpot.org\/"],"url":"https:\/\/www.pressenza.com\/it\/author\/melting-pot-europa\/"}]}},"place":"Francesca Olivi","original_article_url":"https:\/\/www.meltingpot.org\/2023\/08\/regno-unito-politiche-di-controllo-e-deportazione-delle-persone-migranti\/","_links":{"self":[{"href":"https:\/\/www.pressenza.com\/it\/wp-json\/wp\/v2\/posts\/1759642","targetHints":{"allow":["GET"]}}],"collection":[{"href":"https:\/\/www.pressenza.com\/it\/wp-json\/wp\/v2\/posts"}],"about":[{"href":"https:\/\/www.pressenza.com\/it\/wp-json\/wp\/v2\/types\/post"}],"author":[{"embeddable":true,"href":"https:\/\/www.pressenza.com\/it\/wp-json\/wp\/v2\/users\/1534"}],"replies":[{"embeddable":true,"href":"https:\/\/www.pressenza.com\/it\/wp-json\/wp\/v2\/comments?post=1759642"}],"version-history":[{"count":0,"href":"https:\/\/www.pressenza.com\/it\/wp-json\/wp\/v2\/posts\/1759642\/revisions"}],"wp:featuredmedia":[{"embeddable":true,"href":"https:\/\/www.pressenza.com\/it\/wp-json\/wp\/v2\/media\/1759643"}],"wp:attachment":[{"href":"https:\/\/www.pressenza.com\/it\/wp-json\/wp\/v2\/media?parent=1759642"}],"wp:term":[{"taxonomy":"category","embeddable":true,"href":"https:\/\/www.pressenza.com\/it\/wp-json\/wp\/v2\/categories?post=1759642"},{"taxonomy":"post_tag","embeddable":true,"href":"https:\/\/www.pressenza.com\/it\/wp-json\/wp\/v2\/tags?post=1759642"}],"curies":[{"name":"wp","href":"https:\/\/api.w.org\/{rel}","templated":true}]}}