{"id":1756600,"date":"2023-08-09T20:01:52","date_gmt":"2023-08-09T19:01:52","guid":{"rendered":"https:\/\/www.pressenza.com\/?p=1756600"},"modified":"2023-08-10T08:23:40","modified_gmt":"2023-08-10T07:23:40","slug":"crisi-niger-cedeao-il-punto-dopo-scadenza-ultimatum","status":"publish","type":"post","link":"https:\/\/www.pressenza.com\/it\/2023\/08\/crisi-niger-cedeao-il-punto-dopo-scadenza-ultimatum\/","title":{"rendered":"Crisi Niger \u2013 Cedeao: il punto dopo scadenza ultimatum"},"content":{"rendered":"<p><strong>L\u2019ultimatum imposto dalla CEDEAO \u00e8 scaduto<\/strong>, ma le truppe della Nigeria \u2013 il paese militarmente pi\u00f9 potente dell\u2019organizzazione \u2013 non han attraversato il confine col Niger;\u00a0<strong>il conto alla rovescia verso il conflitto \u00e8 stato momentaneamente sospeso.<\/strong><\/p>\n<p>Ma\u00a0<strong><a href=\"https:\/\/www.fronteampio.it\/niger-scaduto-ultimatum-al-via-una-nuova-guerra\/\" target=\"_blank\" rel=\"noreferrer noopener\">l\u2019opzione dello scontro militare resta sul tavolo<\/a><\/strong>.<\/p>\n<p>Da un lato i vertici della\u00a0<strong>CEDEAO<\/strong>\u00a0sperano forse che le prime\u00a0<strong>pesanti sanzioni<\/strong> anche economiche decise contro il Niger \u2013 che gi\u00e0 di suo \u00e8\u00a0<strong>paese tra i pi\u00f9 poveri al mondo<\/strong>\u00a0\u2013 facciano effetto per come sostenuto in un\u2019intervista all\u2019emittente televisiva France24 dall\u2019ex\u00a0<strong>primo ministro del decaduto governo nigerino Ouhoumoudou Mahamadou<\/strong>\u00a0[<strong>0<\/strong>].<\/p>\n<h2 id=\"h-l-etnia-hausa-che-accomuna-nigeria-e-niger-blocca-la-guerra\" class=\"wp-block-heading\"><strong>L\u2019etnia Hausa, che accomuna Nigeria e Niger, blocca la guerra?<\/strong><\/h2>\n<p>D\u2019altro canto la\u00a0<strong>Nigeria<\/strong>\u00a0deve pure far fronte a\u00a0<strong>contestazioni interne<\/strong>\u00a0rispetto ad un intervento armato.<\/p>\n<p>Ricevuti dal presidente della Nigeria, \u00ab\u00a0<em>i governatori degli stati di Jigawa, Katsina, Kebbi, Sokoto e Yob\u00e9 hanno informato l\u2019attuale presidente dell\u2019ECOWAS delle conseguenze negative che tale opzione potrebbe avere per i loro stati e hanno quindi caldeggiato la via del dialogo e della diplomazia<\/em>\u00a0\u00bb [<strong>1<\/strong>].<\/p>\n<p>Si deve rilevare in proposito che l<strong><a href=\"https:\/\/it.wikipedia.org\/wiki\/Hausa_(popolo)\" target=\"_blank\" rel=\"noreferrer noopener\">\u2019etnia di lingua Hausa<\/a><\/strong>\u00a0[altro approfondimento sugli\u00a0<strong><a href=\"https:\/\/joshuaproject.net\/people_groups\/12070\/NG\" target=\"_blank\" rel=\"noreferrer noopener\">Hausa<\/a><\/strong>] accomuna il nord della Nigeria con la regione sudovest del Niger ( con capoluogo Zinder ), etnia divisa solo nel 1890 tra i confini arbitrariamente disegnati dagli imperi coloniali di Francia e Inghilterra.<\/p>\n<p>Sul social Twitter [<strong>2<\/strong>], il seguitissimo\u00a0<strong>prof. Mamadou Koulibaly<\/strong>\u00a0( 176.000 follower ) ha pure rilanciato il tweet dello<strong>\u00a0scrittore ed ex senatore ivoriano Jean-Baptiste Pany\u00a0<\/strong>che ha evidenziato come \u00ab\u00a0<em>le sanzioni potrebbero avere un impatto negativo indiretto sulla Costa d\u2019Avorio\u00a0<\/em>\u00bb [ detentrice del 22% del debito pubblico del Niger, NdR ].<\/p>\n<h2 id=\"h-l-opzione-intervento-armato-in-niger-e-illegale\" class=\"wp-block-heading\"><strong>L\u2019opzione intervento armato in Niger \u00e8 illegale<\/strong><\/h2>\n<p>Come rivela inoltre oggi il giornale \u201c<strong>Ciad Infos<\/strong>\u201d [<strong>3<\/strong>], i ministri degli esteri di Mali e Burkina Faso hanno scritto all\u2019<strong>ambasciatore statunitense Linda Thomas-Greenfield, presidente di turno del Consiglio di Sicurezza dell\u2019ONU<\/strong>, per chiedere di \u00ab\u00a0<em>impedire, con tutti i mezzi a disposizione, un\u2019azione armata contro uno stato sovrano (il Niger)<\/em>\u00a0\u00bb.<\/p>\n<p>Che<strong>\u00a0l\u2019intervento militare abbia una \u00ab base legale molto fragile \u00bb, lo sostiene pure una diffusione della stessa radio francese RFI [4].<\/strong><\/p>\n<p>Giova ricordare, in proposito, come l\u2019<strong>articolo 2.4 dello Statuto ONU<\/strong>\u00a0preveda che \u00ab\u00a0<em>i Membri devono astenersi nelle loro relazioni internazionali dalla minaccia o dall\u2019uso della forza, sia contro l\u2019integrit\u00e0 territoriale o l\u2019indipendenza politica di qualsiasi Stato<\/em>\u00a0\u00bb, e, d\u2019altro canto, che l\u2019ONU non pu\u00f2 \u00ab\u00a0<em>intervenire in questioni che appartengono essenzialmente alla competenza interna di uno Stato<\/em>\u00a0\u00bb (<strong>articolo 2.7<\/strong>).<\/p>\n<p><strong>Il governo del Niger<\/strong>, molto attivo nel rafforzare il proprio potere, dopo aver<strong>\u00a0respinto una nuova delegazione dell\u2019ECOWAS \u2013 CEDEAO<\/strong>\u00a0che sarebbe dovuta giungere a Niamey ieri ( \u00ab\u00a0<em>l\u2019attuale contesto di \u201crabbia\u201d delle popolazioni causata dalle sanzioni dell\u2019ECOWAS, non consente di accogliere con serenit\u00e0 e sicurezza questa delegazione\u00a0<\/em>\u00bb, riporta\u00a0<strong>\u201cCiad Infos\u201d [5]<\/strong>\u00a0), ha altres\u00ec provveduto a designare dei nuovi governatori regionali e\u00a0<strong>un primo ministro, in questo caso nella figura dell\u2019economista Ali Mahaman Lamine Zeine,<\/strong>\u00a058 anni, gi\u00e0 in passato ministro dell\u2019economia e poi delle finanze ed attualmente referente della Banque africaine de d\u00e9veloppement (BAD) in Ciad [<strong>6<\/strong>] ).<\/p>\n<h2 id=\"h-crisi-niger-le-diplomazie-al-lavoro-tra-dialogo-e-sanzioni\" class=\"wp-block-heading\"><strong>Crisi Niger: le diplomazie al lavoro, tra dialogo e sanzioni<\/strong><\/h2>\n<p>E\u2019 stata invece ricevuta per un paio d\u2019ore, ma non dal generale Tchiani, bens\u00ec da altri membri della giunta,\u00a0<strong>Victoria Nuland, sottosegretario di stato statunitense<\/strong>, che ufficialmente per \u00ab\u00a0<em>esprimere grave preoccupazione per i tentativi antidemocratici di prendere il potere e ha sollecitato un ritorno all\u2019ordine costituzionale\u00a0<\/em>\u00bb [<strong>7<\/strong>], ma, anche, secondo altre fonti, per provare a \u00ab\u00a0<em>dissuadere le nuove autorit\u00e0 del Niger dall\u2019allearsi con il gruppo paramilitare russo<\/em> <strong>Wagner<\/strong> \u00bb [<strong>8<\/strong>].<\/p>\n<p>Sarebbe giunta, invece, una <strong>risposta negativa rispetto alla richiesta, da parte di Niamey di ritirare le truppe francesi \u2013 circa 1.500 uomini \u2013 che si trovano in Niger<\/strong>. \u00ab\u00a0<em>Per Parigi solo le autorit\u00e0 \u201clegittime\u201d possono modificare gli accordi militari<\/em>\u00a0\u00bb, scrive<strong>\u00a0il quotidiano francese LePoint [9].<\/strong><\/p>\n<p>Il nuovo governo del Niger, nel frattempo, ha risposto\u00a0<strong>sospendendo il segnali radio e televisivi delle emittenti francesi RFI e France24.<\/strong><\/p>\n<p>Mentre<strong>\u00a0la Francia, nel tentativo di isolare il governo del Niger, ha iniziato a sanzionare anche i suoi alleati.\u00a0<\/strong>Al Burkina Faso in particolare, paese nel quale il 40% della popolazione vive sotto la soglia della povert\u00e0, ha sospeso \u00ab\u00a0<em>fino a nuovo avviso tutte le sue azioni di aiuto allo sviluppo e di sostegno al bilancio<\/em>\u00a0\u00bb ( nel 2022 rispettivamente 480 e 13 milioni di euro )<strong>[10].<\/strong><\/p>\n<p>Lo stesso Burkina Faso e il Mali, altro paese che ha riconosciuto il nuovo governo del Niger, sono stati oggetto della\u00a0<strong>sospensione dei voli di Air France [11].<\/strong><\/p>\n<p>E, infine, come ha scritto l\u2019influencer svizzero-camerunense\u00a0<strong>Nathalie Yamb<\/strong>\u00a0( 338.000 follower ), \u00ab\u00a0<em>di non rilasciare pi\u00f9 visti per la Francia dal Burkina Faso \u201cfino a nuovo avviso\u201d\u00a0<\/em>\u00bb [<strong>12<\/strong>].<\/p>\n<p>Domani, comunque, sempre\u00a0<strong>nella capitale nigeriana Abuja, si riunisce nuovamente la CEDEAO<\/strong>\u00a0e solo dopo si potr\u00e0 sapere qualcosa in pi\u00f9 rispetto alla soluzione della crisi politica in Niger [<strong>13<\/strong>]. Da parte propria\u00a0<strong>il generale nigerino Tchiani<\/strong>\u00a0non chiude alla via diplomatica: \u00ab\u00a0<em>siamo sempre rimasti con umilt\u00e0 all\u2019ascolto di tutte le parti interessate e aperti al dialogo in modo da poter creare le condizioni per una transizione pacifica che dovrebbe portare alle elezioni politiche in un periodo di tempo relativamente breve e ragionevole<\/em>\u00a0\u00bb, ha dichiarato in un discorso alla nazione [<strong>14<\/strong>].<\/p>\n<p><strong>\u2013<\/strong><\/p>\n<h2 id=\"h-fonti-e-note\" class=\"wp-block-heading\"><strong>Fonti e Note:<\/strong><\/h2>\n<p><strong>[0]\u00a0<a href=\"https:\/\/twitter.com\/AirInfoAgadez\/status\/1685730821297057792\" target=\"_blank\" rel=\"noreferrer noopener\">Twitter<\/a>,<\/strong>\u00a030 luglio 2023, profilo\u00a0<strong>Air Info Agadez<\/strong>.<\/p>\n<p><strong>[1]\u00a0<\/strong><a href=\"https:\/\/www.actuniger.com\/international\/19407-niger-nigeria-apres-les-senateurs-les-gouverneurs-des-etats-du-nord-contre-toute-intervention-militaire-au-niger.html\" target=\"_blank\" rel=\"noreferrer noopener\"><strong>Actu Niger<\/strong>,<\/a>\u00a07 agosto 2023, \u201c<em>Niger-Nigeria : apr\u00e8s les S\u00e9nateurs, les gouverneurs des Etats du nord contre toute intervention militaire au Niger<\/em>\u201d.<\/p>\n<p><strong>[2] Twitter<\/strong>, profilo\u00a0<strong>Jean-Baptiste Pany.<\/strong><\/p>\n<figure class=\"wp-block-embed is-type-rich is-provider-twitter wp-block-embed-twitter\">\n<div class=\"wp-block-embed__wrapper\">\n<div class=\"twitter-tweet twitter-tweet-rendered\"><iframe id=\"twitter-widget-0\" class=\"\" title=\"Twitter Tweet\" src=\"https:\/\/platform.twitter.com\/embed\/Tweet.html?dnt=true&amp;embedId=twitter-widget-0&amp;features=eyJ0ZndfdGltZWxpbmVfbGlzdCI6eyJidWNrZXQiOltdLCJ2ZXJzaW9uIjpudWxsfSwidGZ3X2ZvbGxvd2VyX2NvdW50X3N1bnNldCI6eyJidWNrZXQiOnRydWUsInZlcnNpb24iOm51bGx9LCJ0ZndfdHdlZXRfZWRpdF9iYWNrZW5kIjp7ImJ1Y2tldCI6Im9uIiwidmVyc2lvbiI6bnVsbH0sInRmd19yZWZzcmNfc2Vzc2lvbiI6eyJidWNrZXQiOiJvbiIsInZlcnNpb24iOm51bGx9LCJ0ZndfZm9zbnJfc29mdF9pbnRlcnZlbnRpb25zX2VuYWJsZWQiOnsiYnVja2V0Ijoib24iLCJ2ZXJzaW9uIjpudWxsfSwidGZ3X21peGVkX21lZGlhXzE1ODk3Ijp7ImJ1Y2tldCI6InRyZWF0bWVudCIsInZlcnNpb24iOm51bGx9LCJ0ZndfZXhwZXJpbWVudHNfY29va2llX2V4cGlyYXRpb24iOnsiYnVja2V0IjoxMjA5NjAwLCJ2ZXJzaW9uIjpudWxsfSwidGZ3X3Nob3dfYmlyZHdhdGNoX3Bpdm90c19lbmFibGVkIjp7ImJ1Y2tldCI6Im9uIiwidmVyc2lvbiI6bnVsbH0sInRmd19kdXBsaWNhdGVfc2NyaWJlc190b19zZXR0aW5ncyI6eyJidWNrZXQiOiJvbiIsInZlcnNpb24iOm51bGx9LCJ0ZndfdXNlX3Byb2ZpbGVfaW1hZ2Vfc2hhcGVfZW5hYmxlZCI6eyJidWNrZXQiOiJvbiIsInZlcnNpb24iOm51bGx9LCJ0ZndfdmlkZW9faGxzX2R5bmFtaWNfbWFuaWZlc3RzXzE1MDgyIjp7ImJ1Y2tldCI6InRydWVfYml0cmF0ZSIsInZlcnNpb24iOm51bGx9LCJ0ZndfbGVnYWN5X3RpbWVsaW5lX3N1bnNldCI6eyJidWNrZXQiOnRydWUsInZlcnNpb24iOm51bGx9LCJ0ZndfdHdlZXRfZWRpdF9mcm9udGVuZCI6eyJidWNrZXQiOiJvbiIsInZlcnNpb24iOm51bGx9fQ%3D%3D&amp;frame=false&amp;hideCard=false&amp;hideThread=false&amp;id=1689032445738332161&amp;lang=it&amp;origin=https%3A%2F%2Fwww.fronteampio.it%2Fcrisi-niger-cedeao-il-punto-dopo-scadenza-ultimatum%2F&amp;sessionId=d50dfc2199513aa6352132d75c2ad96586554fb9&amp;theme=light&amp;widgetsVersion=aaf4084522e3a%3A1674595607486&amp;width=500px\" frameborder=\"0\" scrolling=\"no\" allowfullscreen=\"allowfullscreen\" data-tweet-id=\"1689032445738332161\" data-mce-fragment=\"1\"><\/iframe><\/div>\n<\/div>\n<\/figure>\n<p><strong>[3]\u00a0<a href=\"https:\/\/tchadinfos.com\/le-mali-et-le-burkina-faso-exhortent-lonu-et-lua-a-empecher-une-intervention-militaire-contre-le-niger\/\" target=\"_blank\" rel=\"noreferrer noopener\">Ciad Infos<\/a><\/strong>, 9 agosto 2023, \u201c<em>Le Mali et le Burkina Faso exhortent l\u2019ONU et l\u2019UA \u00e0 emp\u00eacher une intervention militaire contre le Niger<\/em>\u201d.<\/p>\n<p><strong>[4]\u00a0<a href=\"https:\/\/twitter.com\/RFIAfrique\/status\/1689166223110479873\" target=\"_blank\" rel=\"noreferrer noopener\">Twitter<\/a><\/strong>, profilo<strong>\u00a0RFI Afrique<\/strong>.<\/p>\n<p><strong>[5]<\/strong><a href=\"https:\/\/tchadinfos.com\/niger-le-gouvernement-refuse-larrivee-dune-mission-internationale\/\" target=\"_blank\" rel=\"noreferrer noopener\"><strong>\u00a0Ciad Infos<\/strong>,<\/a>\u00a08 agosto 2023, \u201cN<em>iger : le gouvernement refuse l\u2019arriv\u00e9e d\u2019une mission internationale<\/em>\u201d.<\/p>\n<p><strong>[6]\u00a0<a href=\"https:\/\/www.rfi.fr\/fr\/afrique\/20230808-niger-qui-est-ali-mahaman-lamine-zeine-le-nouveau-premier-ministre-nomm%C3%A9-par-la-junte\" target=\"_blank\" rel=\"noreferrer noopener\">RFI<\/a><\/strong>, 8 agosto 2023, \u201c<em>Niger: qui est Ali Mahaman Lamine Zeine, le nouveau Premier ministre nomm\u00e9 par la junte<\/em>\u201d.<\/p>\n<p><strong>[7] Twitter<\/strong>, 8 agosto 2023, profilo\u00a0<strong>Victoria Nuland<\/strong>.<\/p>\n<figure class=\"wp-block-embed is-type-rich is-provider-twitter wp-block-embed-twitter\">\n<div class=\"wp-block-embed__wrapper\">\n<div class=\"twitter-tweet twitter-tweet-rendered\"><iframe id=\"twitter-widget-1\" class=\"\" title=\"Twitter Tweet\" src=\"https:\/\/platform.twitter.com\/embed\/Tweet.html?dnt=true&amp;embedId=twitter-widget-1&amp;features=eyJ0ZndfdGltZWxpbmVfbGlzdCI6eyJidWNrZXQiOltdLCJ2ZXJzaW9uIjpudWxsfSwidGZ3X2ZvbGxvd2VyX2NvdW50X3N1bnNldCI6eyJidWNrZXQiOnRydWUsInZlcnNpb24iOm51bGx9LCJ0ZndfdHdlZXRfZWRpdF9iYWNrZW5kIjp7ImJ1Y2tldCI6Im9uIiwidmVyc2lvbiI6bnVsbH0sInRmd19yZWZzcmNfc2Vzc2lvbiI6eyJidWNrZXQiOiJvbiIsInZlcnNpb24iOm51bGx9LCJ0ZndfZm9zbnJfc29mdF9pbnRlcnZlbnRpb25zX2VuYWJsZWQiOnsiYnVja2V0Ijoib24iLCJ2ZXJzaW9uIjpudWxsfSwidGZ3X21peGVkX21lZGlhXzE1ODk3Ijp7ImJ1Y2tldCI6InRyZWF0bWVudCIsInZlcnNpb24iOm51bGx9LCJ0ZndfZXhwZXJpbWVudHNfY29va2llX2V4cGlyYXRpb24iOnsiYnVja2V0IjoxMjA5NjAwLCJ2ZXJzaW9uIjpudWxsfSwidGZ3X3Nob3dfYmlyZHdhdGNoX3Bpdm90c19lbmFibGVkIjp7ImJ1Y2tldCI6Im9uIiwidmVyc2lvbiI6bnVsbH0sInRmd19kdXBsaWNhdGVfc2NyaWJlc190b19zZXR0aW5ncyI6eyJidWNrZXQiOiJvbiIsInZlcnNpb24iOm51bGx9LCJ0ZndfdXNlX3Byb2ZpbGVfaW1hZ2Vfc2hhcGVfZW5hYmxlZCI6eyJidWNrZXQiOiJvbiIsInZlcnNpb24iOm51bGx9LCJ0ZndfdmlkZW9faGxzX2R5bmFtaWNfbWFuaWZlc3RzXzE1MDgyIjp7ImJ1Y2tldCI6InRydWVfYml0cmF0ZSIsInZlcnNpb24iOm51bGx9LCJ0ZndfbGVnYWN5X3RpbWVsaW5lX3N1bnNldCI6eyJidWNrZXQiOnRydWUsInZlcnNpb24iOm51bGx9LCJ0ZndfdHdlZXRfZWRpdF9mcm9udGVuZCI6eyJidWNrZXQiOiJvbiIsInZlcnNpb24iOm51bGx9fQ%3D%3D&amp;frame=false&amp;hideCard=false&amp;hideThread=false&amp;id=1688696756966662144&amp;lang=it&amp;origin=https%3A%2F%2Fwww.fronteampio.it%2Fcrisi-niger-cedeao-il-punto-dopo-scadenza-ultimatum%2F&amp;sessionId=d50dfc2199513aa6352132d75c2ad96586554fb9&amp;theme=light&amp;widgetsVersion=aaf4084522e3a%3A1674595607486&amp;width=500px\" frameborder=\"0\" scrolling=\"no\" allowfullscreen=\"allowfullscreen\" data-tweet-id=\"1688696756966662144\" data-mce-fragment=\"1\"><\/iframe><\/div>\n<\/div>\n<\/figure>\n<p><strong>[8] Twitter<\/strong>, 8 agosto 2023, profilo\u00a0<strong>Amir Nourdine Elbachir.<\/strong><\/p>\n<figure class=\"wp-block-embed is-type-rich is-provider-twitter wp-block-embed-twitter\">\n<div class=\"wp-block-embed__wrapper\">\n<div class=\"twitter-tweet twitter-tweet-rendered\"><iframe id=\"twitter-widget-2\" class=\"\" title=\"Twitter Tweet\" src=\"https:\/\/platform.twitter.com\/embed\/Tweet.html?dnt=true&amp;embedId=twitter-widget-2&amp;features=eyJ0ZndfdGltZWxpbmVfbGlzdCI6eyJidWNrZXQiOltdLCJ2ZXJzaW9uIjpudWxsfSwidGZ3X2ZvbGxvd2VyX2NvdW50X3N1bnNldCI6eyJidWNrZXQiOnRydWUsInZlcnNpb24iOm51bGx9LCJ0ZndfdHdlZXRfZWRpdF9iYWNrZW5kIjp7ImJ1Y2tldCI6Im9uIiwidmVyc2lvbiI6bnVsbH0sInRmd19yZWZzcmNfc2Vzc2lvbiI6eyJidWNrZXQiOiJvbiIsInZlcnNpb24iOm51bGx9LCJ0ZndfZm9zbnJfc29mdF9pbnRlcnZlbnRpb25zX2VuYWJsZWQiOnsiYnVja2V0Ijoib24iLCJ2ZXJzaW9uIjpudWxsfSwidGZ3X21peGVkX21lZGlhXzE1ODk3Ijp7ImJ1Y2tldCI6InRyZWF0bWVudCIsInZlcnNpb24iOm51bGx9LCJ0ZndfZXhwZXJpbWVudHNfY29va2llX2V4cGlyYXRpb24iOnsiYnVja2V0IjoxMjA5NjAwLCJ2ZXJzaW9uIjpudWxsfSwidGZ3X3Nob3dfYmlyZHdhdGNoX3Bpdm90c19lbmFibGVkIjp7ImJ1Y2tldCI6Im9uIiwidmVyc2lvbiI6bnVsbH0sInRmd19kdXBsaWNhdGVfc2NyaWJlc190b19zZXR0aW5ncyI6eyJidWNrZXQiOiJvbiIsInZlcnNpb24iOm51bGx9LCJ0ZndfdXNlX3Byb2ZpbGVfaW1hZ2Vfc2hhcGVfZW5hYmxlZCI6eyJidWNrZXQiOiJvbiIsInZlcnNpb24iOm51bGx9LCJ0ZndfdmlkZW9faGxzX2R5bmFtaWNfbWFuaWZlc3RzXzE1MDgyIjp7ImJ1Y2tldCI6InRydWVfYml0cmF0ZSIsInZlcnNpb24iOm51bGx9LCJ0ZndfbGVnYWN5X3RpbWVsaW5lX3N1bnNldCI6eyJidWNrZXQiOnRydWUsInZlcnNpb24iOm51bGx9LCJ0ZndfdHdlZXRfZWRpdF9mcm9udGVuZCI6eyJidWNrZXQiOiJvbiIsInZlcnNpb24iOm51bGx9fQ%3D%3D&amp;frame=false&amp;hideCard=false&amp;hideThread=false&amp;id=1688755486055628801&amp;lang=it&amp;origin=https%3A%2F%2Fwww.fronteampio.it%2Fcrisi-niger-cedeao-il-punto-dopo-scadenza-ultimatum%2F&amp;sessionId=d50dfc2199513aa6352132d75c2ad96586554fb9&amp;theme=light&amp;widgetsVersion=aaf4084522e3a%3A1674595607486&amp;width=500px\" frameborder=\"0\" scrolling=\"no\" allowfullscreen=\"allowfullscreen\" data-tweet-id=\"1688755486055628801\" data-mce-fragment=\"1\"><\/iframe><\/div>\n<\/div>\n<\/figure>\n<p><strong>[9]\u00a0<a href=\"https:\/\/www.lepoint.fr\/afrique\/niger-pour-paris-seules-les-autorites-legitimes-peuvent-denoncer-les-accords-militaires-04-08-2023-2530602_3826.php#xtor=RSS-286\" target=\"_blank\" rel=\"noreferrer noopener\">LePoint<\/a><\/strong>, 4 agosto 2023, \u201c<em>Niger : pour Paris, seules les autorit\u00e9s \u00ab l\u00e9gitimes \u00bb peuvent d\u00e9noncer les accords militaires<\/em>\u201d.<\/p>\n<p><strong>[10]\u00a0<a href=\"https:\/\/www.rfi.fr\/fr\/afrique\/20230807-la-france-suspend-son-aide-au-d%C3%A9veloppement-au-burkina-faso\" target=\"_blank\" rel=\"noreferrer noopener\">RFI<\/a><\/strong>, 7 agosto 2023, \u201c<em>La France suspend son aide au d\u00e9veloppement au Burkina Faso<\/em>\u201d.<\/p>\n<p><strong>[11]\u00a0<a href=\"https:\/\/maliactu.net\/air-france-suspend-ses-vols-vers-le-burkina-faso-le-mali-et-le-niger\/\" target=\"_blank\" rel=\"noreferrer noopener\">Mali Actu<\/a><\/strong>, 8 agosto 2023, \u201c<em>Air France suspend ses vols vers le Burkina Faso, le Mali et le Niger<\/em>\u201d.<\/p>\n<p><strong>[<\/strong><strong>12<\/strong><strong>] Twitter, 9 agosto 2023, profilo\u00a0<\/strong><strong>Nathalie Yamb.<\/strong><\/p>\n<figure class=\"wp-block-embed is-type-rich is-provider-twitter wp-block-embed-twitter\">\n<div class=\"wp-block-embed__wrapper\">\n<div class=\"twitter-tweet twitter-tweet-rendered\"><iframe id=\"twitter-widget-3\" class=\"\" title=\"Twitter Tweet\" src=\"https:\/\/platform.twitter.com\/embed\/Tweet.html?dnt=true&amp;embedId=twitter-widget-3&amp;features=eyJ0ZndfdGltZWxpbmVfbGlzdCI6eyJidWNrZXQiOltdLCJ2ZXJzaW9uIjpudWxsfSwidGZ3X2ZvbGxvd2VyX2NvdW50X3N1bnNldCI6eyJidWNrZXQiOnRydWUsInZlcnNpb24iOm51bGx9LCJ0ZndfdHdlZXRfZWRpdF9iYWNrZW5kIjp7ImJ1Y2tldCI6Im9uIiwidmVyc2lvbiI6bnVsbH0sInRmd19yZWZzcmNfc2Vzc2lvbiI6eyJidWNrZXQiOiJvbiIsInZlcnNpb24iOm51bGx9LCJ0ZndfZm9zbnJfc29mdF9pbnRlcnZlbnRpb25zX2VuYWJsZWQiOnsiYnVja2V0Ijoib24iLCJ2ZXJzaW9uIjpudWxsfSwidGZ3X21peGVkX21lZGlhXzE1ODk3Ijp7ImJ1Y2tldCI6InRyZWF0bWVudCIsInZlcnNpb24iOm51bGx9LCJ0ZndfZXhwZXJpbWVudHNfY29va2llX2V4cGlyYXRpb24iOnsiYnVja2V0IjoxMjA5NjAwLCJ2ZXJzaW9uIjpudWxsfSwidGZ3X3Nob3dfYmlyZHdhdGNoX3Bpdm90c19lbmFibGVkIjp7ImJ1Y2tldCI6Im9uIiwidmVyc2lvbiI6bnVsbH0sInRmd19kdXBsaWNhdGVfc2NyaWJlc190b19zZXR0aW5ncyI6eyJidWNrZXQiOiJvbiIsInZlcnNpb24iOm51bGx9LCJ0ZndfdXNlX3Byb2ZpbGVfaW1hZ2Vfc2hhcGVfZW5hYmxlZCI6eyJidWNrZXQiOiJvbiIsInZlcnNpb24iOm51bGx9LCJ0ZndfdmlkZW9faGxzX2R5bmFtaWNfbWFuaWZlc3RzXzE1MDgyIjp7ImJ1Y2tldCI6InRydWVfYml0cmF0ZSIsInZlcnNpb24iOm51bGx9LCJ0ZndfbGVnYWN5X3RpbWVsaW5lX3N1bnNldCI6eyJidWNrZXQiOnRydWUsInZlcnNpb24iOm51bGx9LCJ0ZndfdHdlZXRfZWRpdF9mcm9udGVuZCI6eyJidWNrZXQiOiJvbiIsInZlcnNpb24iOm51bGx9fQ%3D%3D&amp;frame=false&amp;hideCard=false&amp;hideThread=false&amp;id=1689210827809648640&amp;lang=it&amp;origin=https%3A%2F%2Fwww.fronteampio.it%2Fcrisi-niger-cedeao-il-punto-dopo-scadenza-ultimatum%2F&amp;sessionId=d50dfc2199513aa6352132d75c2ad96586554fb9&amp;theme=light&amp;widgetsVersion=aaf4084522e3a%3A1674595607486&amp;width=500px\" frameborder=\"0\" scrolling=\"no\" allowfullscreen=\"allowfullscreen\" data-tweet-id=\"1689210827809648640\" data-mce-fragment=\"1\"><\/iframe><\/div>\n<\/div>\n<\/figure>\n<p><strong>[13]\u00a0<a href=\"https:\/\/maliactu.net\/coup-detat-au-niger-les-dirigeants-de-la-cedeao-vont-se-reunir-au-nigeria\/\" target=\"_blank\" rel=\"noreferrer noopener\">Mali Actu,<\/a><\/strong>\u00a07 agosto 2023, \u201c<em>Coup d\u2019\u00c9tat au Niger : les dirigeants de la C\u00e9d\u00e9ao vont se rassembler au Nigeria<\/em>\u201d.<\/p>\n<p><strong>[14] Twitter<\/strong>, 2 agosto 2023, profilo<strong>\u00a0Air Info Agadez.<\/strong><\/p>\n<figure class=\"wp-block-embed is-type-rich is-provider-twitter wp-block-embed-twitter\">\n<div class=\"wp-block-embed__wrapper\">\n<div class=\"twitter-tweet twitter-tweet-rendered\"><iframe id=\"twitter-widget-4\" class=\"\" title=\"Twitter Tweet\" src=\"https:\/\/platform.twitter.com\/embed\/Tweet.html?dnt=true&amp;embedId=twitter-widget-4&amp;features=eyJ0ZndfdGltZWxpbmVfbGlzdCI6eyJidWNrZXQiOltdLCJ2ZXJzaW9uIjpudWxsfSwidGZ3X2ZvbGxvd2VyX2NvdW50X3N1bnNldCI6eyJidWNrZXQiOnRydWUsInZlcnNpb24iOm51bGx9LCJ0ZndfdHdlZXRfZWRpdF9iYWNrZW5kIjp7ImJ1Y2tldCI6Im9uIiwidmVyc2lvbiI6bnVsbH0sInRmd19yZWZzcmNfc2Vzc2lvbiI6eyJidWNrZXQiOiJvbiIsInZlcnNpb24iOm51bGx9LCJ0ZndfZm9zbnJfc29mdF9pbnRlcnZlbnRpb25zX2VuYWJsZWQiOnsiYnVja2V0Ijoib24iLCJ2ZXJzaW9uIjpudWxsfSwidGZ3X21peGVkX21lZGlhXzE1ODk3Ijp7ImJ1Y2tldCI6InRyZWF0bWVudCIsInZlcnNpb24iOm51bGx9LCJ0ZndfZXhwZXJpbWVudHNfY29va2llX2V4cGlyYXRpb24iOnsiYnVja2V0IjoxMjA5NjAwLCJ2ZXJzaW9uIjpudWxsfSwidGZ3X3Nob3dfYmlyZHdhdGNoX3Bpdm90c19lbmFibGVkIjp7ImJ1Y2tldCI6Im9uIiwidmVyc2lvbiI6bnVsbH0sInRmd19kdXBsaWNhdGVfc2NyaWJlc190b19zZXR0aW5ncyI6eyJidWNrZXQiOiJvbiIsInZlcnNpb24iOm51bGx9LCJ0ZndfdXNlX3Byb2ZpbGVfaW1hZ2Vfc2hhcGVfZW5hYmxlZCI6eyJidWNrZXQiOiJvbiIsInZlcnNpb24iOm51bGx9LCJ0ZndfdmlkZW9faGxzX2R5bmFtaWNfbWFuaWZlc3RzXzE1MDgyIjp7ImJ1Y2tldCI6InRydWVfYml0cmF0ZSIsInZlcnNpb24iOm51bGx9LCJ0ZndfbGVnYWN5X3RpbWVsaW5lX3N1bnNldCI6eyJidWNrZXQiOnRydWUsInZlcnNpb24iOm51bGx9LCJ0ZndfdHdlZXRfZWRpdF9mcm9udGVuZCI6eyJidWNrZXQiOiJvbiIsInZlcnNpb24iOm51bGx9fQ%3D%3D&amp;frame=false&amp;hideCard=false&amp;hideThread=false&amp;id=1686856455087886336&amp;lang=it&amp;origin=https%3A%2F%2Fwww.fronteampio.it%2Fcrisi-niger-cedeao-il-punto-dopo-scadenza-ultimatum%2F&amp;sessionId=d50dfc2199513aa6352132d75c2ad96586554fb9&amp;theme=light&amp;widgetsVersion=aaf4084522e3a%3A1674595607486&amp;width=500px\" frameborder=\"0\" scrolling=\"no\" allowfullscreen=\"allowfullscreen\" data-tweet-id=\"1686856455087886336\" data-mce-fragment=\"1\"><\/iframe><\/div>\n<\/div>\n<\/figure>\n<div id=\"share-after-18407\" class=\"share-after share-filled share-medium\">\n<div id=\"facebook-after-18407\" class=\"facebook sharrre\" data-url=\"https:\/\/www.fronteampio.it\/crisi-niger-cedeao-il-punto-dopo-scadenza-ultimatum\/\" data-urlalt=\"https:\/\/www.fronteampio.it\/?p=18407\" data-text=\"Crisi Niger \u2013 Cedeao: il punto dopo scadenza ultimatum\" data-title=\"Share\" data-reader=\"Condividi su Facebook\" data-count=\"%s shares on Facebook\">\n<div class=\"box no-count\"><\/div>\n<\/div>\n<\/div>\n","protected":false},"excerpt":{"rendered":"<p>L\u2019ultimatum imposto dalla CEDEAO \u00e8 scaduto, ma le truppe della Nigeria \u2013 il paese militarmente pi\u00f9 potente dell\u2019organizzazione \u2013 non han attraversato il confine col Niger;\u00a0il conto alla rovescia verso il conflitto \u00e8 stato momentaneamente sospeso. Ma\u00a0l\u2019opzione dello scontro militare&hellip;<\/p>\n","protected":false},"author":1284,"featured_media":1756601,"comment_status":"closed","ping_status":"closed","sticky":false,"template":"","format":"standard","meta":{"footnotes":""},"categories":[45,11388,1263,57],"tags":[115173,4458,4027,208],"class_list":["post-1756600","post","type-post","status-publish","format-standard","has-post-thumbnail","hentry","category-africa-it","category-contenuti-originali","category-pace-disarmo","category-affari-esteri","tag-hausa","tag-niger-it","tag-nigeria-it","tag-onu"],"yoast_head":"<!-- This site is optimized with the Yoast SEO plugin v27.1.1 - https:\/\/yoast.com\/product\/yoast-seo-wordpress\/ -->\n<title>Crisi Niger \u2013 Cedeao: il punto dopo scadenza ultimatum<\/title>\n<meta name=\"description\" content=\"L\u2019ultimatum imposto dalla CEDEAO \u00e8 scaduto, ma le truppe della Nigeria \u2013 il paese militarmente pi\u00f9 potente dell\u2019organizzazione \u2013 non han attraversato il\" \/>\n<meta name=\"robots\" content=\"index, follow, max-snippet:-1, max-image-preview:large, max-video-preview:-1\" \/>\n<link rel=\"canonical\" href=\"https:\/\/www.pressenza.com\/it\/2023\/08\/crisi-niger-cedeao-il-punto-dopo-scadenza-ultimatum\/\" \/>\n<meta property=\"og:locale\" content=\"it_IT\" \/>\n<meta property=\"og:type\" content=\"article\" \/>\n<meta property=\"og:title\" content=\"Crisi Niger \u2013 Cedeao: il punto dopo scadenza ultimatum\" \/>\n<meta property=\"og:description\" content=\"L\u2019ultimatum imposto dalla CEDEAO \u00e8 scaduto, ma le truppe della Nigeria \u2013 il paese militarmente pi\u00f9 potente dell\u2019organizzazione \u2013 non han attraversato il\" \/>\n<meta property=\"og:url\" content=\"https:\/\/www.pressenza.com\/it\/2023\/08\/crisi-niger-cedeao-il-punto-dopo-scadenza-ultimatum\/\" \/>\n<meta property=\"og:site_name\" content=\"Pressenza\" \/>\n<meta property=\"article:publisher\" content=\"https:\/\/www.facebook.com\/PressenzaItalia\" \/>\n<meta property=\"article:published_time\" content=\"2023-08-09T19:01:52+00:00\" \/>\n<meta property=\"article:modified_time\" content=\"2023-08-10T07:23:40+00:00\" \/>\n<meta property=\"og:image\" content=\"https:\/\/www.pressenza.com\/wp-content\/uploads\/2023\/08\/Niger-Nigeria.jpeg\" \/>\n\t<meta property=\"og:image:width\" content=\"828\" \/>\n\t<meta property=\"og:image:height\" content=\"672\" \/>\n\t<meta property=\"og:image:type\" content=\"image\/jpeg\" \/>\n<meta name=\"author\" content=\"Natale Salvo\" \/>\n<meta name=\"twitter:card\" content=\"summary_large_image\" \/>\n<meta name=\"twitter:creator\" content=\"@PressenzaIPA\" \/>\n<meta name=\"twitter:site\" content=\"@PressenzaIPA\" \/>\n<meta name=\"twitter:label1\" content=\"Scritto da\" \/>\n\t<meta name=\"twitter:data1\" content=\"Natale Salvo\" \/>\n\t<meta name=\"twitter:label2\" content=\"Tempo di lettura stimato\" \/>\n\t<meta name=\"twitter:data2\" content=\"6 minuti\" \/>\n<script type=\"application\/ld+json\" class=\"yoast-schema-graph\">{\"@context\":\"https:\/\/schema.org\",\"@graph\":[{\"@type\":\"Article\",\"@id\":\"https:\/\/www.pressenza.com\/it\/2023\/08\/crisi-niger-cedeao-il-punto-dopo-scadenza-ultimatum\/#article\",\"isPartOf\":{\"@id\":\"https:\/\/www.pressenza.com\/it\/2023\/08\/crisi-niger-cedeao-il-punto-dopo-scadenza-ultimatum\/\"},\"author\":{\"name\":\"Natale Salvo\",\"@id\":\"https:\/\/www.pressenza.com\/it\/#\/schema\/person\/dfdba7d9ea928e4a93ced607c353757c\"},\"headline\":\"Crisi Niger \u2013 Cedeao: il punto dopo scadenza ultimatum\",\"datePublished\":\"2023-08-09T19:01:52+00:00\",\"dateModified\":\"2023-08-10T07:23:40+00:00\",\"mainEntityOfPage\":{\"@id\":\"https:\/\/www.pressenza.com\/it\/2023\/08\/crisi-niger-cedeao-il-punto-dopo-scadenza-ultimatum\/\"},\"wordCount\":1036,\"publisher\":{\"@id\":\"https:\/\/www.pressenza.com\/it\/#organization\"},\"image\":{\"@id\":\"https:\/\/www.pressenza.com\/it\/2023\/08\/crisi-niger-cedeao-il-punto-dopo-scadenza-ultimatum\/#primaryimage\"},\"thumbnailUrl\":\"https:\/\/www.pressenza.com\/wp-content\/uploads\/2023\/08\/Niger-Nigeria.jpeg\",\"keywords\":[\"Hausa\",\"Niger\",\"Nigeria\",\"ONU\"],\"articleSection\":[\"Africa\",\"contenuti originali\",\"Pace e Disarmo\",\"Questioni internazionali\"],\"inLanguage\":\"it-IT\"},{\"@type\":\"WebPage\",\"@id\":\"https:\/\/www.pressenza.com\/it\/2023\/08\/crisi-niger-cedeao-il-punto-dopo-scadenza-ultimatum\/\",\"url\":\"https:\/\/www.pressenza.com\/it\/2023\/08\/crisi-niger-cedeao-il-punto-dopo-scadenza-ultimatum\/\",\"name\":\"Crisi Niger \u2013 Cedeao: il punto dopo scadenza ultimatum\",\"isPartOf\":{\"@id\":\"https:\/\/www.pressenza.com\/it\/#website\"},\"primaryImageOfPage\":{\"@id\":\"https:\/\/www.pressenza.com\/it\/2023\/08\/crisi-niger-cedeao-il-punto-dopo-scadenza-ultimatum\/#primaryimage\"},\"image\":{\"@id\":\"https:\/\/www.pressenza.com\/it\/2023\/08\/crisi-niger-cedeao-il-punto-dopo-scadenza-ultimatum\/#primaryimage\"},\"thumbnailUrl\":\"https:\/\/www.pressenza.com\/wp-content\/uploads\/2023\/08\/Niger-Nigeria.jpeg\",\"datePublished\":\"2023-08-09T19:01:52+00:00\",\"dateModified\":\"2023-08-10T07:23:40+00:00\",\"description\":\"L\u2019ultimatum imposto dalla CEDEAO \u00e8 scaduto, ma le truppe della Nigeria \u2013 il paese militarmente pi\u00f9 potente dell\u2019organizzazione \u2013 non han attraversato il\",\"breadcrumb\":{\"@id\":\"https:\/\/www.pressenza.com\/it\/2023\/08\/crisi-niger-cedeao-il-punto-dopo-scadenza-ultimatum\/#breadcrumb\"},\"inLanguage\":\"it-IT\",\"potentialAction\":[{\"@type\":\"ReadAction\",\"target\":[\"https:\/\/www.pressenza.com\/it\/2023\/08\/crisi-niger-cedeao-il-punto-dopo-scadenza-ultimatum\/\"]}]},{\"@type\":\"ImageObject\",\"inLanguage\":\"it-IT\",\"@id\":\"https:\/\/www.pressenza.com\/it\/2023\/08\/crisi-niger-cedeao-il-punto-dopo-scadenza-ultimatum\/#primaryimage\",\"url\":\"https:\/\/www.pressenza.com\/wp-content\/uploads\/2023\/08\/Niger-Nigeria.jpeg\",\"contentUrl\":\"https:\/\/www.pressenza.com\/wp-content\/uploads\/2023\/08\/Niger-Nigeria.jpeg\",\"width\":828,\"height\":672,\"caption\":\"Niger-Nigeria\"},{\"@type\":\"BreadcrumbList\",\"@id\":\"https:\/\/www.pressenza.com\/it\/2023\/08\/crisi-niger-cedeao-il-punto-dopo-scadenza-ultimatum\/#breadcrumb\",\"itemListElement\":[{\"@type\":\"ListItem\",\"position\":1,\"name\":\"Accueil\",\"item\":\"https:\/\/www.pressenza.com\/it\/\"},{\"@type\":\"ListItem\",\"position\":2,\"name\":\"Crisi Niger \u2013 Cedeao: il punto dopo scadenza ultimatum\"}]},{\"@type\":\"WebSite\",\"@id\":\"https:\/\/www.pressenza.com\/it\/#website\",\"url\":\"https:\/\/www.pressenza.com\/it\/\",\"name\":\"Pressenza\",\"description\":\"Agenzia di Stampa Internazionale\",\"publisher\":{\"@id\":\"https:\/\/www.pressenza.com\/it\/#organization\"},\"potentialAction\":[{\"@type\":\"SearchAction\",\"target\":{\"@type\":\"EntryPoint\",\"urlTemplate\":\"https:\/\/www.pressenza.com\/it\/?s={search_term_string}\"},\"query-input\":{\"@type\":\"PropertyValueSpecification\",\"valueRequired\":true,\"valueName\":\"search_term_string\"}}],\"inLanguage\":\"it-IT\"},{\"@type\":\"Organization\",\"@id\":\"https:\/\/www.pressenza.com\/it\/#organization\",\"name\":\"Pressenza\",\"url\":\"https:\/\/www.pressenza.com\/it\/\",\"logo\":{\"@type\":\"ImageObject\",\"inLanguage\":\"it-IT\",\"@id\":\"https:\/\/www.pressenza.com\/it\/#\/schema\/logo\/image\/\",\"url\":\"https:\/\/www.pressenza.com\/wp-content\/uploads\/2022\/10\/pressenza_logo_200x200.jpg\",\"contentUrl\":\"https:\/\/www.pressenza.com\/wp-content\/uploads\/2022\/10\/pressenza_logo_200x200.jpg\",\"width\":200,\"height\":200,\"caption\":\"Pressenza\"},\"image\":{\"@id\":\"https:\/\/www.pressenza.com\/it\/#\/schema\/logo\/image\/\"},\"sameAs\":[\"https:\/\/www.facebook.com\/PressenzaItalia\",\"https:\/\/x.com\/PressenzaIPA\"]},{\"@type\":\"Person\",\"@id\":\"https:\/\/www.pressenza.com\/it\/#\/schema\/person\/dfdba7d9ea928e4a93ced607c353757c\",\"name\":\"Natale Salvo\",\"description\":\"Nato e cresciuto nella terra del \u201cGattopardo\u201d, la Sicilia. Ha dedicato la propria esistenza all'impegno sociale. Allenatore di una squadretta di calcio di periferia, presidente del circolo di Legambiente, candidato sindaco per il Partito Umanista. Infine blogger d\u2019inchiesta; ha pagato le sue denunce di cattiva amministrazione con una persecuzione per via giudiziaria. E' autore del libro \\\"La rivoluzione copernicana chiamata Reddito di Base\\\", edito da Multimage, Firenze.\",\"url\":\"https:\/\/www.pressenza.com\/it\/author\/natale-salvo\/\"}]}<\/script>\n<!-- \/ Yoast SEO plugin. -->","yoast_head_json":{"title":"Crisi Niger \u2013 Cedeao: il punto dopo scadenza ultimatum","description":"L\u2019ultimatum imposto dalla CEDEAO \u00e8 scaduto, ma le truppe della Nigeria \u2013 il paese militarmente pi\u00f9 potente dell\u2019organizzazione \u2013 non han attraversato il","robots":{"index":"index","follow":"follow","max-snippet":"max-snippet:-1","max-image-preview":"max-image-preview:large","max-video-preview":"max-video-preview:-1"},"canonical":"https:\/\/www.pressenza.com\/it\/2023\/08\/crisi-niger-cedeao-il-punto-dopo-scadenza-ultimatum\/","og_locale":"it_IT","og_type":"article","og_title":"Crisi Niger \u2013 Cedeao: il punto dopo scadenza ultimatum","og_description":"L\u2019ultimatum imposto dalla CEDEAO \u00e8 scaduto, ma le truppe della Nigeria \u2013 il paese militarmente pi\u00f9 potente dell\u2019organizzazione \u2013 non han attraversato il","og_url":"https:\/\/www.pressenza.com\/it\/2023\/08\/crisi-niger-cedeao-il-punto-dopo-scadenza-ultimatum\/","og_site_name":"Pressenza","article_publisher":"https:\/\/www.facebook.com\/PressenzaItalia","article_published_time":"2023-08-09T19:01:52+00:00","article_modified_time":"2023-08-10T07:23:40+00:00","og_image":[{"width":828,"height":672,"url":"https:\/\/www.pressenza.com\/wp-content\/uploads\/2023\/08\/Niger-Nigeria.jpeg","type":"image\/jpeg"}],"author":"Natale Salvo","twitter_card":"summary_large_image","twitter_creator":"@PressenzaIPA","twitter_site":"@PressenzaIPA","twitter_misc":{"Scritto da":"Natale Salvo","Tempo di lettura stimato":"6 minuti"},"schema":{"@context":"https:\/\/schema.org","@graph":[{"@type":"Article","@id":"https:\/\/www.pressenza.com\/it\/2023\/08\/crisi-niger-cedeao-il-punto-dopo-scadenza-ultimatum\/#article","isPartOf":{"@id":"https:\/\/www.pressenza.com\/it\/2023\/08\/crisi-niger-cedeao-il-punto-dopo-scadenza-ultimatum\/"},"author":{"name":"Natale Salvo","@id":"https:\/\/www.pressenza.com\/it\/#\/schema\/person\/dfdba7d9ea928e4a93ced607c353757c"},"headline":"Crisi Niger \u2013 Cedeao: il punto dopo scadenza ultimatum","datePublished":"2023-08-09T19:01:52+00:00","dateModified":"2023-08-10T07:23:40+00:00","mainEntityOfPage":{"@id":"https:\/\/www.pressenza.com\/it\/2023\/08\/crisi-niger-cedeao-il-punto-dopo-scadenza-ultimatum\/"},"wordCount":1036,"publisher":{"@id":"https:\/\/www.pressenza.com\/it\/#organization"},"image":{"@id":"https:\/\/www.pressenza.com\/it\/2023\/08\/crisi-niger-cedeao-il-punto-dopo-scadenza-ultimatum\/#primaryimage"},"thumbnailUrl":"https:\/\/www.pressenza.com\/wp-content\/uploads\/2023\/08\/Niger-Nigeria.jpeg","keywords":["Hausa","Niger","Nigeria","ONU"],"articleSection":["Africa","contenuti originali","Pace e Disarmo","Questioni internazionali"],"inLanguage":"it-IT"},{"@type":"WebPage","@id":"https:\/\/www.pressenza.com\/it\/2023\/08\/crisi-niger-cedeao-il-punto-dopo-scadenza-ultimatum\/","url":"https:\/\/www.pressenza.com\/it\/2023\/08\/crisi-niger-cedeao-il-punto-dopo-scadenza-ultimatum\/","name":"Crisi Niger \u2013 Cedeao: il punto dopo scadenza ultimatum","isPartOf":{"@id":"https:\/\/www.pressenza.com\/it\/#website"},"primaryImageOfPage":{"@id":"https:\/\/www.pressenza.com\/it\/2023\/08\/crisi-niger-cedeao-il-punto-dopo-scadenza-ultimatum\/#primaryimage"},"image":{"@id":"https:\/\/www.pressenza.com\/it\/2023\/08\/crisi-niger-cedeao-il-punto-dopo-scadenza-ultimatum\/#primaryimage"},"thumbnailUrl":"https:\/\/www.pressenza.com\/wp-content\/uploads\/2023\/08\/Niger-Nigeria.jpeg","datePublished":"2023-08-09T19:01:52+00:00","dateModified":"2023-08-10T07:23:40+00:00","description":"L\u2019ultimatum imposto dalla CEDEAO \u00e8 scaduto, ma le truppe della Nigeria \u2013 il paese militarmente pi\u00f9 potente dell\u2019organizzazione \u2013 non han attraversato il","breadcrumb":{"@id":"https:\/\/www.pressenza.com\/it\/2023\/08\/crisi-niger-cedeao-il-punto-dopo-scadenza-ultimatum\/#breadcrumb"},"inLanguage":"it-IT","potentialAction":[{"@type":"ReadAction","target":["https:\/\/www.pressenza.com\/it\/2023\/08\/crisi-niger-cedeao-il-punto-dopo-scadenza-ultimatum\/"]}]},{"@type":"ImageObject","inLanguage":"it-IT","@id":"https:\/\/www.pressenza.com\/it\/2023\/08\/crisi-niger-cedeao-il-punto-dopo-scadenza-ultimatum\/#primaryimage","url":"https:\/\/www.pressenza.com\/wp-content\/uploads\/2023\/08\/Niger-Nigeria.jpeg","contentUrl":"https:\/\/www.pressenza.com\/wp-content\/uploads\/2023\/08\/Niger-Nigeria.jpeg","width":828,"height":672,"caption":"Niger-Nigeria"},{"@type":"BreadcrumbList","@id":"https:\/\/www.pressenza.com\/it\/2023\/08\/crisi-niger-cedeao-il-punto-dopo-scadenza-ultimatum\/#breadcrumb","itemListElement":[{"@type":"ListItem","position":1,"name":"Accueil","item":"https:\/\/www.pressenza.com\/it\/"},{"@type":"ListItem","position":2,"name":"Crisi Niger \u2013 Cedeao: il punto dopo scadenza ultimatum"}]},{"@type":"WebSite","@id":"https:\/\/www.pressenza.com\/it\/#website","url":"https:\/\/www.pressenza.com\/it\/","name":"Pressenza","description":"Agenzia di Stampa Internazionale","publisher":{"@id":"https:\/\/www.pressenza.com\/it\/#organization"},"potentialAction":[{"@type":"SearchAction","target":{"@type":"EntryPoint","urlTemplate":"https:\/\/www.pressenza.com\/it\/?s={search_term_string}"},"query-input":{"@type":"PropertyValueSpecification","valueRequired":true,"valueName":"search_term_string"}}],"inLanguage":"it-IT"},{"@type":"Organization","@id":"https:\/\/www.pressenza.com\/it\/#organization","name":"Pressenza","url":"https:\/\/www.pressenza.com\/it\/","logo":{"@type":"ImageObject","inLanguage":"it-IT","@id":"https:\/\/www.pressenza.com\/it\/#\/schema\/logo\/image\/","url":"https:\/\/www.pressenza.com\/wp-content\/uploads\/2022\/10\/pressenza_logo_200x200.jpg","contentUrl":"https:\/\/www.pressenza.com\/wp-content\/uploads\/2022\/10\/pressenza_logo_200x200.jpg","width":200,"height":200,"caption":"Pressenza"},"image":{"@id":"https:\/\/www.pressenza.com\/it\/#\/schema\/logo\/image\/"},"sameAs":["https:\/\/www.facebook.com\/PressenzaItalia","https:\/\/x.com\/PressenzaIPA"]},{"@type":"Person","@id":"https:\/\/www.pressenza.com\/it\/#\/schema\/person\/dfdba7d9ea928e4a93ced607c353757c","name":"Natale Salvo","description":"Nato e cresciuto nella terra del \u201cGattopardo\u201d, la Sicilia. Ha dedicato la propria esistenza all'impegno sociale. Allenatore di una squadretta di calcio di periferia, presidente del circolo di Legambiente, candidato sindaco per il Partito Umanista. Infine blogger d\u2019inchiesta; ha pagato le sue denunce di cattiva amministrazione con una persecuzione per via giudiziaria. E' autore del libro \"La rivoluzione copernicana chiamata Reddito di Base\", edito da Multimage, Firenze.","url":"https:\/\/www.pressenza.com\/it\/author\/natale-salvo\/"}]}},"place":"","original_article_url":"","_links":{"self":[{"href":"https:\/\/www.pressenza.com\/it\/wp-json\/wp\/v2\/posts\/1756600","targetHints":{"allow":["GET"]}}],"collection":[{"href":"https:\/\/www.pressenza.com\/it\/wp-json\/wp\/v2\/posts"}],"about":[{"href":"https:\/\/www.pressenza.com\/it\/wp-json\/wp\/v2\/types\/post"}],"author":[{"embeddable":true,"href":"https:\/\/www.pressenza.com\/it\/wp-json\/wp\/v2\/users\/1284"}],"replies":[{"embeddable":true,"href":"https:\/\/www.pressenza.com\/it\/wp-json\/wp\/v2\/comments?post=1756600"}],"version-history":[{"count":0,"href":"https:\/\/www.pressenza.com\/it\/wp-json\/wp\/v2\/posts\/1756600\/revisions"}],"wp:featuredmedia":[{"embeddable":true,"href":"https:\/\/www.pressenza.com\/it\/wp-json\/wp\/v2\/media\/1756601"}],"wp:attachment":[{"href":"https:\/\/www.pressenza.com\/it\/wp-json\/wp\/v2\/media?parent=1756600"}],"wp:term":[{"taxonomy":"category","embeddable":true,"href":"https:\/\/www.pressenza.com\/it\/wp-json\/wp\/v2\/categories?post=1756600"},{"taxonomy":"post_tag","embeddable":true,"href":"https:\/\/www.pressenza.com\/it\/wp-json\/wp\/v2\/tags?post=1756600"}],"curies":[{"name":"wp","href":"https:\/\/api.w.org\/{rel}","templated":true}]}}