{"id":1754328,"date":"2023-07-28T13:43:41","date_gmt":"2023-07-28T12:43:41","guid":{"rendered":"https:\/\/www.pressenza.com\/?p=1754328"},"modified":"2023-07-28T13:43:41","modified_gmt":"2023-07-28T12:43:41","slug":"niger-uno-stop-agli-aiuti-avrebbe-effetti-immediati","status":"publish","type":"post","link":"https:\/\/www.pressenza.com\/it\/2023\/07\/niger-uno-stop-agli-aiuti-avrebbe-effetti-immediati\/","title":{"rendered":"Niger: uno stop agli aiuti avrebbe effetti immediati"},"content":{"rendered":"<p>&#8220;Il Niger \u00e8 uno dei Paesi del mondo dove la povert\u00e0 \u00e8 pi\u00f9 diffusa: uno stop agli aiuti avrebbe effetti immediati&#8221;. Alessandra Morelli, gi\u00e0 responsabile a Niamey dell&#8217;Alto commissariato dell&#8217;Onu per i rifugiati (Unhcr), parla con l&#8217;agenzia Dire del golpe contro Mohamed Bazoum, un presidente che conosce personalmente da anni.<\/p>\n<p>Dopo il discorso in tv con il quale il colonnello Amadou Abdramane ha annunciato la fine del &#8220;regime&#8221; e la nascita del Consiglio per la salvaguardia della patria, le Nazioni Unite hanno sospeso ogni operazione nel Paese. A collegare &#8220;governance democratica&#8221; e concessione di aiuti \u00e8 stata invece Washington. Il segretario di Stato americano, Anthony Blinken, ha anche detto di aver parlato al telefono con Bazoum e di avergli offerto il sostegno dei circa 1.100 militari statunitensi a oggi in Niger.<\/p>\n<p>Tra le presenze straniere ha rilievo particolare quella della Francia, ex potenza coloniale. A Niamey i suoi militari effettivi sono circa 1.500 effettivi. Il Niger \u00e8 strategico per Parigi per i giacimenti di uranio, che coprono secondo alcune stime circa il 30 per cento del fabbisogno energetico d&#8217;Oltralpe. &#8220;Per la Francia la caduta di Bazoum sarebbe un colpo duro&#8221; commenta Morelli, parlando di &#8220;ultimo baluardo&#8221; per l&#8217;influenza di Parigi nel Sahel dopo i golpe militari in Mali e in Burkina Faso tra il 2020 e il 2022.<\/p>\n<p>Al centro della testimonianza dell&#8217;ex responsabile di Unhcr, una vita per la cooperazione anche in Somalia e in altri Paesi attraversati da conflitti, ci sono considerazioni di carattere umanitario e sociale. &#8220;Di Bazoum ricordo la disponibilit\u00e0 al confronto, anzitutto quando era ministro dell&#8217;Interno responsabile anche per la sistemazione delle persone sfollate e rifugiate&#8221; dice Morelli. &#8220;Il Niger non ha mai chiuso le frontiere, n\u00e9 verso chi arrivava dal Mali o dal nord della Nigeria, n\u00e9 verso chi si spostava dal Sudan&#8221;.<\/p>\n<p>Stando a questa ricostruzione, Niamey \u00e8 diventata negli anni &#8220;uno spazio di asilo&#8221;, in qualche caso aprendo all&#8217;integrazione dei profughi presso le comunit\u00e0 locali anche con costruzioni di case o donazioni di appezzamenti. &#8220;Passaggi non sempre scontati&#8221;, sottolinea Morelli, &#8220;come pure il via libera ai voli di migranti che tornavano da Tripoli e ripartivano poi dal Niger attraverso &#8216;corridoi umanitari&#8217; che li conducevano in sicurezza verso Paesi europei o nordamericani&#8221;.<br \/>\nSecondo l&#8217;Ufficio dell&#8217;Onu per il coordinamento dell&#8217;assistenza umanitaria (Ocha), a livello nazionale il numero delle persone bisognose \u00e8 aumentato da un milione e 900mila nel 2017 a quattro milioni e 300mila nel 2023.<\/p>\n<p>Mercoled\u00ec scorso, nel loro intervento in tv, i militari hanno detto di aver agito per porre fine al &#8220;continuo deterioramente della sicurezza&#8221; e al &#8220;malgoverno dell&#8217;economia e della societ\u00e0&#8221;.<br \/>\nOggi, la ministra degli Esteri francese Catherine Colonna ha detto che Bazoum \u00e8 &#8220;in buona salute&#8221;. &#8220;Se mi sentite parlare di &#8216;tentato golpe&#8217; \u00e8 perch\u00e9 non consideriamo la situazione definitiva&#8221; ha aggiunto la dirigente. &#8220;Per quelle persone responsabili che ascolteranno la comunit\u00e0 internazionale c&#8217;\u00e8 ancora una via di uscita&#8221;.<\/p>\n<p>Morelli continua a seguire dall&#8217;Italia, in contatto costante con Niamey. &#8220;Con Bazoum il Niger \u00e8 riuscito a costruire tasselli di possibilit\u00e0 per il futuro&#8221;, sottolinea la cooperante, &#8220;anche se il presidente ha pagato probabilmente la sua vicinanza alla Francia&#8221;.<\/p>\n<p>Nonostante le miniere di uranio, nell&#8217;Indice dell&#8217;Onu sullo sviluppo umano, che misura ricchezza e povert\u00e0 con una scala multidimensionale, il Niger figura stabilmente agli ultimi posti.<br \/>\nLa notizia dell&#8217;ultima ora trasmessa dalla tv statale \u00e8 che alla guida del Consiglio per la salvaguardia della patria \u00e8 stato posto il generale Abdourahamane Tchiani, dal 2015 gi\u00e0 a capo della Guardia presidenziale, un corpo militare di elite.<\/p>\n","protected":false},"excerpt":{"rendered":"<p>&#8220;Il Niger \u00e8 uno dei Paesi del mondo dove la povert\u00e0 \u00e8 pi\u00f9 diffusa: uno stop agli aiuti avrebbe effetti immediati&#8221;. Alessandra Morelli, gi\u00e0 responsabile a Niamey dell&#8217;Alto commissariato dell&#8217;Onu per i rifugiati (Unhcr), parla con l&#8217;agenzia Dire del golpe&hellip;<\/p>\n","protected":false},"author":1478,"featured_media":1069083,"comment_status":"closed","ping_status":"closed","sticky":false,"template":"","format":"standard","meta":{"footnotes":""},"categories":[45,55],"tags":[172,4458,3422],"class_list":["post-1754328","post","type-post","status-publish","format-standard","has-post-thumbnail","hentry","category-africa-it","category-politica","tag-colpo-di-stato","tag-niger-it","tag-unhcr"],"yoast_head":"<!-- This site is optimized with the Yoast SEO plugin v27.1.1 - https:\/\/yoast.com\/product\/yoast-seo-wordpress\/ -->\n<title>Niger: uno stop agli aiuti avrebbe effetti immediati<\/title>\n<meta name=\"description\" content=\"&quot;Il Niger \u00e8 uno dei Paesi del mondo dove la povert\u00e0 \u00e8 pi\u00f9 diffusa: uno stop agli aiuti avrebbe effetti immediati&quot;. Alessandra Morelli, gi\u00e0 responsabile a\" \/>\n<meta name=\"robots\" content=\"index, follow, max-snippet:-1, max-image-preview:large, max-video-preview:-1\" \/>\n<link rel=\"canonical\" href=\"https:\/\/www.pressenza.com\/it\/2023\/07\/niger-uno-stop-agli-aiuti-avrebbe-effetti-immediati\/\" \/>\n<meta property=\"og:locale\" content=\"it_IT\" \/>\n<meta property=\"og:type\" content=\"article\" \/>\n<meta property=\"og:title\" content=\"Niger: uno stop agli aiuti avrebbe effetti immediati\" \/>\n<meta property=\"og:description\" content=\"&quot;Il Niger \u00e8 uno dei Paesi del mondo dove la povert\u00e0 \u00e8 pi\u00f9 diffusa: uno stop agli aiuti avrebbe effetti immediati&quot;. Alessandra Morelli, gi\u00e0 responsabile a\" \/>\n<meta property=\"og:url\" content=\"https:\/\/www.pressenza.com\/it\/2023\/07\/niger-uno-stop-agli-aiuti-avrebbe-effetti-immediati\/\" \/>\n<meta property=\"og:site_name\" content=\"Pressenza\" \/>\n<meta property=\"article:publisher\" content=\"https:\/\/www.facebook.com\/PressenzaItalia\" \/>\n<meta property=\"article:published_time\" content=\"2023-07-28T12:43:41+00:00\" \/>\n<meta property=\"og:image\" content=\"https:\/\/www.pressenza.com\/wp-content\/uploads\/2020\/03\/WhatsApp-Image-2020-03-28-at-19.11.53.jpeg\" \/>\n\t<meta property=\"og:image:width\" content=\"400\" \/>\n\t<meta property=\"og:image:height\" content=\"400\" \/>\n\t<meta property=\"og:image:type\" content=\"image\/jpeg\" \/>\n<meta name=\"author\" content=\"Agenzia DIRE\" \/>\n<meta name=\"twitter:card\" content=\"summary_large_image\" \/>\n<meta name=\"twitter:creator\" content=\"@PressenzaIPA\" \/>\n<meta name=\"twitter:site\" content=\"@PressenzaIPA\" \/>\n<meta name=\"twitter:label1\" content=\"Scritto da\" \/>\n\t<meta name=\"twitter:data1\" content=\"Agenzia DIRE\" \/>\n\t<meta name=\"twitter:label2\" content=\"Tempo di lettura stimato\" \/>\n\t<meta name=\"twitter:data2\" content=\"4 minuti\" \/>\n<script type=\"application\/ld+json\" class=\"yoast-schema-graph\">{\"@context\":\"https:\/\/schema.org\",\"@graph\":[{\"@type\":\"Article\",\"@id\":\"https:\/\/www.pressenza.com\/it\/2023\/07\/niger-uno-stop-agli-aiuti-avrebbe-effetti-immediati\/#article\",\"isPartOf\":{\"@id\":\"https:\/\/www.pressenza.com\/it\/2023\/07\/niger-uno-stop-agli-aiuti-avrebbe-effetti-immediati\/\"},\"author\":{\"name\":\"Agenzia DIRE\",\"@id\":\"https:\/\/www.pressenza.com\/it\/#\/schema\/person\/bb13dad7d75de3f57ef0c4246101316b\"},\"headline\":\"Niger: uno stop agli aiuti avrebbe effetti immediati\",\"datePublished\":\"2023-07-28T12:43:41+00:00\",\"mainEntityOfPage\":{\"@id\":\"https:\/\/www.pressenza.com\/it\/2023\/07\/niger-uno-stop-agli-aiuti-avrebbe-effetti-immediati\/\"},\"wordCount\":589,\"publisher\":{\"@id\":\"https:\/\/www.pressenza.com\/it\/#organization\"},\"image\":{\"@id\":\"https:\/\/www.pressenza.com\/it\/2023\/07\/niger-uno-stop-agli-aiuti-avrebbe-effetti-immediati\/#primaryimage\"},\"thumbnailUrl\":\"https:\/\/www.pressenza.com\/wp-content\/uploads\/2020\/03\/WhatsApp-Image-2020-03-28-at-19.11.53.jpeg\",\"keywords\":[\"colpo di stato\",\"Niger\",\"UNHCR\"],\"articleSection\":[\"Africa\",\"Politica\"],\"inLanguage\":\"it-IT\"},{\"@type\":\"WebPage\",\"@id\":\"https:\/\/www.pressenza.com\/it\/2023\/07\/niger-uno-stop-agli-aiuti-avrebbe-effetti-immediati\/\",\"url\":\"https:\/\/www.pressenza.com\/it\/2023\/07\/niger-uno-stop-agli-aiuti-avrebbe-effetti-immediati\/\",\"name\":\"Niger: uno stop agli aiuti avrebbe effetti immediati\",\"isPartOf\":{\"@id\":\"https:\/\/www.pressenza.com\/it\/#website\"},\"primaryImageOfPage\":{\"@id\":\"https:\/\/www.pressenza.com\/it\/2023\/07\/niger-uno-stop-agli-aiuti-avrebbe-effetti-immediati\/#primaryimage\"},\"image\":{\"@id\":\"https:\/\/www.pressenza.com\/it\/2023\/07\/niger-uno-stop-agli-aiuti-avrebbe-effetti-immediati\/#primaryimage\"},\"thumbnailUrl\":\"https:\/\/www.pressenza.com\/wp-content\/uploads\/2020\/03\/WhatsApp-Image-2020-03-28-at-19.11.53.jpeg\",\"datePublished\":\"2023-07-28T12:43:41+00:00\",\"description\":\"\\\"Il Niger \u00e8 uno dei Paesi del mondo dove la povert\u00e0 \u00e8 pi\u00f9 diffusa: uno stop agli aiuti avrebbe effetti immediati\\\". Alessandra Morelli, gi\u00e0 responsabile a\",\"breadcrumb\":{\"@id\":\"https:\/\/www.pressenza.com\/it\/2023\/07\/niger-uno-stop-agli-aiuti-avrebbe-effetti-immediati\/#breadcrumb\"},\"inLanguage\":\"it-IT\",\"potentialAction\":[{\"@type\":\"ReadAction\",\"target\":[\"https:\/\/www.pressenza.com\/it\/2023\/07\/niger-uno-stop-agli-aiuti-avrebbe-effetti-immediati\/\"]}]},{\"@type\":\"ImageObject\",\"inLanguage\":\"it-IT\",\"@id\":\"https:\/\/www.pressenza.com\/it\/2023\/07\/niger-uno-stop-agli-aiuti-avrebbe-effetti-immediati\/#primaryimage\",\"url\":\"https:\/\/www.pressenza.com\/wp-content\/uploads\/2020\/03\/WhatsApp-Image-2020-03-28-at-19.11.53.jpeg\",\"contentUrl\":\"https:\/\/www.pressenza.com\/wp-content\/uploads\/2020\/03\/WhatsApp-Image-2020-03-28-at-19.11.53.jpeg\",\"width\":400,\"height\":400,\"caption\":\"UNHCR - Niger\"},{\"@type\":\"BreadcrumbList\",\"@id\":\"https:\/\/www.pressenza.com\/it\/2023\/07\/niger-uno-stop-agli-aiuti-avrebbe-effetti-immediati\/#breadcrumb\",\"itemListElement\":[{\"@type\":\"ListItem\",\"position\":1,\"name\":\"Accueil\",\"item\":\"https:\/\/www.pressenza.com\/it\/\"},{\"@type\":\"ListItem\",\"position\":2,\"name\":\"Niger: uno stop agli aiuti avrebbe effetti immediati\"}]},{\"@type\":\"WebSite\",\"@id\":\"https:\/\/www.pressenza.com\/it\/#website\",\"url\":\"https:\/\/www.pressenza.com\/it\/\",\"name\":\"Pressenza\",\"description\":\"Agenzia di Stampa Internazionale\",\"publisher\":{\"@id\":\"https:\/\/www.pressenza.com\/it\/#organization\"},\"potentialAction\":[{\"@type\":\"SearchAction\",\"target\":{\"@type\":\"EntryPoint\",\"urlTemplate\":\"https:\/\/www.pressenza.com\/it\/?s={search_term_string}\"},\"query-input\":{\"@type\":\"PropertyValueSpecification\",\"valueRequired\":true,\"valueName\":\"search_term_string\"}}],\"inLanguage\":\"it-IT\"},{\"@type\":\"Organization\",\"@id\":\"https:\/\/www.pressenza.com\/it\/#organization\",\"name\":\"Pressenza\",\"url\":\"https:\/\/www.pressenza.com\/it\/\",\"logo\":{\"@type\":\"ImageObject\",\"inLanguage\":\"it-IT\",\"@id\":\"https:\/\/www.pressenza.com\/it\/#\/schema\/logo\/image\/\",\"url\":\"https:\/\/www.pressenza.com\/wp-content\/uploads\/2022\/10\/pressenza_logo_200x200.jpg\",\"contentUrl\":\"https:\/\/www.pressenza.com\/wp-content\/uploads\/2022\/10\/pressenza_logo_200x200.jpg\",\"width\":200,\"height\":200,\"caption\":\"Pressenza\"},\"image\":{\"@id\":\"https:\/\/www.pressenza.com\/it\/#\/schema\/logo\/image\/\"},\"sameAs\":[\"https:\/\/www.facebook.com\/PressenzaItalia\",\"https:\/\/x.com\/PressenzaIPA\"]},{\"@type\":\"Person\",\"@id\":\"https:\/\/www.pressenza.com\/it\/#\/schema\/person\/bb13dad7d75de3f57ef0c4246101316b\",\"name\":\"Agenzia DIRE\",\"description\":\"La DIRE \u00e8 una delle principali agenzie di stampa nazionali, trasmette sui propri notiziari multimediali tutte le notizie dell'ultimo minuto, approfondimenti, interviste, newsletter tematiche. Specializzata in politiche parlamentari e di governo, oltre che esteri, sanit\u00e0, ambiente, welfare, politiche regionali e locali, giovani. Su Dire.it pubblica, ogni giorno, tutte le principali notizie. E' presente su tutto il territorio nazionale con sei sedi, cinquanta giornalisti e corrispondenti da tutte le regioni.\",\"sameAs\":[\"http:\/\/www.dire.it\/\"],\"url\":\"https:\/\/www.pressenza.com\/it\/author\/agenzia-dire\/\"}]}<\/script>\n<!-- \/ Yoast SEO plugin. -->","yoast_head_json":{"title":"Niger: uno stop agli aiuti avrebbe effetti immediati","description":"\"Il Niger \u00e8 uno dei Paesi del mondo dove la povert\u00e0 \u00e8 pi\u00f9 diffusa: uno stop agli aiuti avrebbe effetti immediati\". Alessandra Morelli, gi\u00e0 responsabile a","robots":{"index":"index","follow":"follow","max-snippet":"max-snippet:-1","max-image-preview":"max-image-preview:large","max-video-preview":"max-video-preview:-1"},"canonical":"https:\/\/www.pressenza.com\/it\/2023\/07\/niger-uno-stop-agli-aiuti-avrebbe-effetti-immediati\/","og_locale":"it_IT","og_type":"article","og_title":"Niger: uno stop agli aiuti avrebbe effetti immediati","og_description":"\"Il Niger \u00e8 uno dei Paesi del mondo dove la povert\u00e0 \u00e8 pi\u00f9 diffusa: uno stop agli aiuti avrebbe effetti immediati\". Alessandra Morelli, gi\u00e0 responsabile a","og_url":"https:\/\/www.pressenza.com\/it\/2023\/07\/niger-uno-stop-agli-aiuti-avrebbe-effetti-immediati\/","og_site_name":"Pressenza","article_publisher":"https:\/\/www.facebook.com\/PressenzaItalia","article_published_time":"2023-07-28T12:43:41+00:00","og_image":[{"width":400,"height":400,"url":"https:\/\/www.pressenza.com\/wp-content\/uploads\/2020\/03\/WhatsApp-Image-2020-03-28-at-19.11.53.jpeg","type":"image\/jpeg"}],"author":"Agenzia DIRE","twitter_card":"summary_large_image","twitter_creator":"@PressenzaIPA","twitter_site":"@PressenzaIPA","twitter_misc":{"Scritto da":"Agenzia DIRE","Tempo di lettura stimato":"4 minuti"},"schema":{"@context":"https:\/\/schema.org","@graph":[{"@type":"Article","@id":"https:\/\/www.pressenza.com\/it\/2023\/07\/niger-uno-stop-agli-aiuti-avrebbe-effetti-immediati\/#article","isPartOf":{"@id":"https:\/\/www.pressenza.com\/it\/2023\/07\/niger-uno-stop-agli-aiuti-avrebbe-effetti-immediati\/"},"author":{"name":"Agenzia DIRE","@id":"https:\/\/www.pressenza.com\/it\/#\/schema\/person\/bb13dad7d75de3f57ef0c4246101316b"},"headline":"Niger: uno stop agli aiuti avrebbe effetti immediati","datePublished":"2023-07-28T12:43:41+00:00","mainEntityOfPage":{"@id":"https:\/\/www.pressenza.com\/it\/2023\/07\/niger-uno-stop-agli-aiuti-avrebbe-effetti-immediati\/"},"wordCount":589,"publisher":{"@id":"https:\/\/www.pressenza.com\/it\/#organization"},"image":{"@id":"https:\/\/www.pressenza.com\/it\/2023\/07\/niger-uno-stop-agli-aiuti-avrebbe-effetti-immediati\/#primaryimage"},"thumbnailUrl":"https:\/\/www.pressenza.com\/wp-content\/uploads\/2020\/03\/WhatsApp-Image-2020-03-28-at-19.11.53.jpeg","keywords":["colpo di stato","Niger","UNHCR"],"articleSection":["Africa","Politica"],"inLanguage":"it-IT"},{"@type":"WebPage","@id":"https:\/\/www.pressenza.com\/it\/2023\/07\/niger-uno-stop-agli-aiuti-avrebbe-effetti-immediati\/","url":"https:\/\/www.pressenza.com\/it\/2023\/07\/niger-uno-stop-agli-aiuti-avrebbe-effetti-immediati\/","name":"Niger: uno stop agli aiuti avrebbe effetti immediati","isPartOf":{"@id":"https:\/\/www.pressenza.com\/it\/#website"},"primaryImageOfPage":{"@id":"https:\/\/www.pressenza.com\/it\/2023\/07\/niger-uno-stop-agli-aiuti-avrebbe-effetti-immediati\/#primaryimage"},"image":{"@id":"https:\/\/www.pressenza.com\/it\/2023\/07\/niger-uno-stop-agli-aiuti-avrebbe-effetti-immediati\/#primaryimage"},"thumbnailUrl":"https:\/\/www.pressenza.com\/wp-content\/uploads\/2020\/03\/WhatsApp-Image-2020-03-28-at-19.11.53.jpeg","datePublished":"2023-07-28T12:43:41+00:00","description":"\"Il Niger \u00e8 uno dei Paesi del mondo dove la povert\u00e0 \u00e8 pi\u00f9 diffusa: uno stop agli aiuti avrebbe effetti immediati\". Alessandra Morelli, gi\u00e0 responsabile a","breadcrumb":{"@id":"https:\/\/www.pressenza.com\/it\/2023\/07\/niger-uno-stop-agli-aiuti-avrebbe-effetti-immediati\/#breadcrumb"},"inLanguage":"it-IT","potentialAction":[{"@type":"ReadAction","target":["https:\/\/www.pressenza.com\/it\/2023\/07\/niger-uno-stop-agli-aiuti-avrebbe-effetti-immediati\/"]}]},{"@type":"ImageObject","inLanguage":"it-IT","@id":"https:\/\/www.pressenza.com\/it\/2023\/07\/niger-uno-stop-agli-aiuti-avrebbe-effetti-immediati\/#primaryimage","url":"https:\/\/www.pressenza.com\/wp-content\/uploads\/2020\/03\/WhatsApp-Image-2020-03-28-at-19.11.53.jpeg","contentUrl":"https:\/\/www.pressenza.com\/wp-content\/uploads\/2020\/03\/WhatsApp-Image-2020-03-28-at-19.11.53.jpeg","width":400,"height":400,"caption":"UNHCR - Niger"},{"@type":"BreadcrumbList","@id":"https:\/\/www.pressenza.com\/it\/2023\/07\/niger-uno-stop-agli-aiuti-avrebbe-effetti-immediati\/#breadcrumb","itemListElement":[{"@type":"ListItem","position":1,"name":"Accueil","item":"https:\/\/www.pressenza.com\/it\/"},{"@type":"ListItem","position":2,"name":"Niger: uno stop agli aiuti avrebbe effetti immediati"}]},{"@type":"WebSite","@id":"https:\/\/www.pressenza.com\/it\/#website","url":"https:\/\/www.pressenza.com\/it\/","name":"Pressenza","description":"Agenzia di Stampa Internazionale","publisher":{"@id":"https:\/\/www.pressenza.com\/it\/#organization"},"potentialAction":[{"@type":"SearchAction","target":{"@type":"EntryPoint","urlTemplate":"https:\/\/www.pressenza.com\/it\/?s={search_term_string}"},"query-input":{"@type":"PropertyValueSpecification","valueRequired":true,"valueName":"search_term_string"}}],"inLanguage":"it-IT"},{"@type":"Organization","@id":"https:\/\/www.pressenza.com\/it\/#organization","name":"Pressenza","url":"https:\/\/www.pressenza.com\/it\/","logo":{"@type":"ImageObject","inLanguage":"it-IT","@id":"https:\/\/www.pressenza.com\/it\/#\/schema\/logo\/image\/","url":"https:\/\/www.pressenza.com\/wp-content\/uploads\/2022\/10\/pressenza_logo_200x200.jpg","contentUrl":"https:\/\/www.pressenza.com\/wp-content\/uploads\/2022\/10\/pressenza_logo_200x200.jpg","width":200,"height":200,"caption":"Pressenza"},"image":{"@id":"https:\/\/www.pressenza.com\/it\/#\/schema\/logo\/image\/"},"sameAs":["https:\/\/www.facebook.com\/PressenzaItalia","https:\/\/x.com\/PressenzaIPA"]},{"@type":"Person","@id":"https:\/\/www.pressenza.com\/it\/#\/schema\/person\/bb13dad7d75de3f57ef0c4246101316b","name":"Agenzia DIRE","description":"La DIRE \u00e8 una delle principali agenzie di stampa nazionali, trasmette sui propri notiziari multimediali tutte le notizie dell'ultimo minuto, approfondimenti, interviste, newsletter tematiche. Specializzata in politiche parlamentari e di governo, oltre che esteri, sanit\u00e0, ambiente, welfare, politiche regionali e locali, giovani. Su Dire.it pubblica, ogni giorno, tutte le principali notizie. E' presente su tutto il territorio nazionale con sei sedi, cinquanta giornalisti e corrispondenti da tutte le regioni.","sameAs":["http:\/\/www.dire.it\/"],"url":"https:\/\/www.pressenza.com\/it\/author\/agenzia-dire\/"}]}},"place":"","original_article_url":"","_links":{"self":[{"href":"https:\/\/www.pressenza.com\/it\/wp-json\/wp\/v2\/posts\/1754328","targetHints":{"allow":["GET"]}}],"collection":[{"href":"https:\/\/www.pressenza.com\/it\/wp-json\/wp\/v2\/posts"}],"about":[{"href":"https:\/\/www.pressenza.com\/it\/wp-json\/wp\/v2\/types\/post"}],"author":[{"embeddable":true,"href":"https:\/\/www.pressenza.com\/it\/wp-json\/wp\/v2\/users\/1478"}],"replies":[{"embeddable":true,"href":"https:\/\/www.pressenza.com\/it\/wp-json\/wp\/v2\/comments?post=1754328"}],"version-history":[{"count":0,"href":"https:\/\/www.pressenza.com\/it\/wp-json\/wp\/v2\/posts\/1754328\/revisions"}],"wp:featuredmedia":[{"embeddable":true,"href":"https:\/\/www.pressenza.com\/it\/wp-json\/wp\/v2\/media\/1069083"}],"wp:attachment":[{"href":"https:\/\/www.pressenza.com\/it\/wp-json\/wp\/v2\/media?parent=1754328"}],"wp:term":[{"taxonomy":"category","embeddable":true,"href":"https:\/\/www.pressenza.com\/it\/wp-json\/wp\/v2\/categories?post=1754328"},{"taxonomy":"post_tag","embeddable":true,"href":"https:\/\/www.pressenza.com\/it\/wp-json\/wp\/v2\/tags?post=1754328"}],"curies":[{"name":"wp","href":"https:\/\/api.w.org\/{rel}","templated":true}]}}