{"id":1752952,"date":"2023-07-20T20:40:03","date_gmt":"2023-07-20T19:40:03","guid":{"rendered":"https:\/\/www.pressenza.com\/?p=1752952"},"modified":"2023-07-20T20:42:11","modified_gmt":"2023-07-20T19:42:11","slug":"ostuni-climate-camp-dal-1-al-6-agosto-2023-crisi-climatica-e-prospettive-di-lotta","status":"publish","type":"post","link":"https:\/\/www.pressenza.com\/it\/2023\/07\/ostuni-climate-camp-dal-1-al-6-agosto-2023-crisi-climatica-e-prospettive-di-lotta\/","title":{"rendered":"Ostuni Climate Camp dal 1\u00b0 al 6 agosto 2023: crisi climatica e prospettive di lotta"},"content":{"rendered":"<p>Dal 1\u00b0 al 6 agosto si svolger\u00e0 la terza edizione dell\u2019Ostuni Climate Camp a Cala dei Ginepri, Costa Merlata (Brindisi). L\u2019iniziativa, incentrata sulla gravissima crisi climatica in atto, \u00e8 promossa dalla Campagna nazionale Per il Clima Fuori dal Fossile, Confederazione COBAS, Movimento NOTAP\/NOSNAM della Provincia di Brindisi e\u00a0 Emergenzaclimatica.it.<\/p>\n<p>Gli eventi meteo estremi, quali alluvioni e ondate di calore, stanno diventando sempre di pi\u00f9 una \u201cnuova normalit\u00e0\u201d, provocando morti ed enormi danni al territorio e all\u2019economia. Nonostante che il mondo scientifico continui a lanciare allarmi sul riscaldamento globale e sulla necessit\u00e0 di abbandonare da subito l\u2019utilizzo dei combustibili fossili, il Governo italiano ha imboccato la strada opposta, varando un antistorico \u201cpiano Mattei\u201d tutto incentrato sullo sviluppo di infrastrutture per il gas e il petrolio e nuove trivellazioni in mare e sulla terraferma.<\/p>\n<p>L\u2019obiettivo del Governo Meloni &#8211; mentre tutte le previsioni danno in calo il consumo di gas in Italia e in Europa &#8211; \u00e8 quello di trasformare la nostra penisola in un anacronistico \u201chub del gas\u201d. A questo scopo sono stati imposti due nuovi rigassificatori della Snam a Piombino e a Ravenna e altri impianti di rigassificazione sono in programma a Gioia Tauro, Porto Empedocle e Porto Vesme.<\/p>\n<p>Nuovi depositi di GNL (Gas Naturale Liquefatto) sono previsti in diversi porti italiani. E\u2019 stato inoltre autorizzato il mega gasdotto Linea Adriatica della Snam di 430 chilometri da Sulmona a Minerbio, con centrale di compressione a Sulmona. Il Governo, sempre pi\u00f9 chiaramente al guinzaglio delle grandi compagnie del settore fossile, punta inoltre al raddoppio del TAP, al nuovo gasdotto EastMed Poseidon dal Medio Oriente e a un nuovo metanodotto dall\u2019Algeria alla Sardegna, mentre \u00e8 allo studio anche un nuovo gasdotto da Barcellona a Livorno. A tutte queste opere, utili solo per i profitti di ENI e di SNAM ma che saranno pagate dai cittadini italiani, va aggiunto anche il grande idrogenodotto SoutH2 Corridor dall\u2019Italia alla Germania. Si tratta di una grande quantit\u00e0 di opere fossili che sottrarranno risorse preziose al nostro Paese e all\u2019Europa e che invece servirebbero per lo sviluppo delle fonti energetiche rinnovabili, le quali rappresentano l\u2019unica soluzione se vogliamo salvare il clima e con esso la vita sul nostro Pianeta.<\/p>\n<p>Dopo le manifestazioni promosse dalla Campagna Per il Clima Fuori dal Fossile a Piombino, Cagliari, Napoli e Ravenna, l\u2019Ostuni Climate Camp \u00e8 una importante occasione per riflettere sulla situazione in atto e per programmare le iniziative dei prossimi mesi.<\/p>\n<p>Il \u00a01\u00b0 agosto si parler\u00e0 delle grandi opere inutili, come tra l\u2019altro il Ponte sullo Stretto e la TAV; Il 2 agosto si affronter\u00e0 il rapporto tra acqua, energia e clima; il 3 agosto la discussione sar\u00e0 incentrata su metano, GNL, trivelle, idrogeno,\u00a0 PNIEC, fonti rinnovabili e comunit\u00e0 energetiche; il 4 agosto al centro del dibattito sar\u00e0 un tema di grande attualit\u00e0: il rapporto tra guerra ed energia; Il 5 agosto \u00e8 dedicato all\u2019assemblea nazionale della Campagna Per il Clima Fuori dal Fossile: fase attuale e prospettive di lotta; il 6 agosto, anniversario della bomba di Hiroshima, mobilitazione contro la guerra e il nucleare.<\/p>\n<p>Ogni sera sono in programma spettacoli ed eventi culturali a cura di Teatri Urbani Organizzati e Lavoratori Autorganizzati dello Spettacolo Cobas Puglia.<\/p>\n<p>Per contatti e partecipazione: <a href=\"http:\/\/www.ostuniclimatecamp.wordpress.com\">www.ostuniclimatecamp.wordpress.com<\/a><\/p>\n","protected":false},"excerpt":{"rendered":"<p>Dal 1\u00b0 al 6 agosto si svolger\u00e0 la terza edizione dell\u2019Ostuni Climate Camp a Cala dei Ginepri, Costa Merlata (Brindisi). L\u2019iniziativa, incentrata sulla gravissima crisi climatica in atto, \u00e8 promossa dalla Campagna nazionale Per il Clima Fuori dal Fossile, Confederazione&hellip;<\/p>\n","protected":false},"author":594,"featured_media":1752953,"comment_status":"closed","ping_status":"closed","sticky":false,"template":"","format":"standard","meta":{"footnotes":""},"categories":[150,59],"tags":[9775,4339,104128,91784],"class_list":["post-1752952","post","type-post","status-publish","format-standard","has-post-thumbnail","hentry","category-comunicati-stampa","category-ambiente-ecologia","tag-cambiamento-climatico","tag-eventi","tag-ostuni-climate-camp","tag-rigassificatori"],"yoast_head":"<!-- This site is optimized with the Yoast SEO plugin v27.1.1 - https:\/\/yoast.com\/product\/yoast-seo-wordpress\/ -->\n<title>Ostuni Climate Camp dal 1\u00b0 al 6 agosto 2023: crisi climatica e prospettive di lotta<\/title>\n<meta name=\"description\" content=\"Dal 1\u00b0 al 6 agosto si svolger\u00e0 la terza edizione dell\u2019Ostuni Climate Camp a Cala dei Ginepri, Costa Merlata (Brindisi). L\u2019iniziativa, incentrata sulla\" \/>\n<meta name=\"robots\" content=\"index, follow, max-snippet:-1, max-image-preview:large, max-video-preview:-1\" \/>\n<link rel=\"canonical\" href=\"https:\/\/www.pressenza.com\/it\/2023\/07\/ostuni-climate-camp-dal-1-al-6-agosto-2023-crisi-climatica-e-prospettive-di-lotta\/\" \/>\n<meta property=\"og:locale\" content=\"it_IT\" \/>\n<meta property=\"og:type\" content=\"article\" \/>\n<meta property=\"og:title\" content=\"Ostuni Climate Camp dal 1\u00b0 al 6 agosto 2023: crisi climatica e prospettive di lotta\" \/>\n<meta property=\"og:description\" content=\"Dal 1\u00b0 al 6 agosto si svolger\u00e0 la terza edizione dell\u2019Ostuni Climate Camp a Cala dei Ginepri, Costa Merlata (Brindisi). L\u2019iniziativa, incentrata sulla\" \/>\n<meta property=\"og:url\" content=\"https:\/\/www.pressenza.com\/it\/2023\/07\/ostuni-climate-camp-dal-1-al-6-agosto-2023-crisi-climatica-e-prospettive-di-lotta\/\" \/>\n<meta property=\"og:site_name\" content=\"Pressenza\" \/>\n<meta property=\"article:publisher\" content=\"https:\/\/www.facebook.com\/PressenzaItalia\" \/>\n<meta property=\"article:author\" content=\"https:\/\/www.facebook.com\/PressenzaItalia\" \/>\n<meta property=\"article:published_time\" content=\"2023-07-20T19:40:03+00:00\" \/>\n<meta property=\"article:modified_time\" content=\"2023-07-20T19:42:11+00:00\" \/>\n<meta property=\"og:image\" content=\"https:\/\/www.pressenza.com\/wp-content\/uploads\/2023\/07\/ostunidibattiti.jpg\" \/>\n\t<meta property=\"og:image:width\" content=\"2048\" \/>\n\t<meta property=\"og:image:height\" content=\"1088\" \/>\n\t<meta property=\"og:image:type\" content=\"image\/jpeg\" \/>\n<meta name=\"author\" content=\"Redazione Italia\" \/>\n<meta name=\"twitter:card\" content=\"summary_large_image\" \/>\n<meta name=\"twitter:creator\" content=\"@pressenza_it\" \/>\n<meta name=\"twitter:site\" content=\"@PressenzaIPA\" \/>\n<meta name=\"twitter:label1\" content=\"Scritto da\" \/>\n\t<meta name=\"twitter:data1\" content=\"Redazione Italia\" \/>\n\t<meta name=\"twitter:label2\" content=\"Tempo di lettura stimato\" \/>\n\t<meta name=\"twitter:data2\" content=\"3 minuti\" \/>\n<script type=\"application\/ld+json\" class=\"yoast-schema-graph\">{\"@context\":\"https:\/\/schema.org\",\"@graph\":[{\"@type\":\"Article\",\"@id\":\"https:\/\/www.pressenza.com\/it\/2023\/07\/ostuni-climate-camp-dal-1-al-6-agosto-2023-crisi-climatica-e-prospettive-di-lotta\/#article\",\"isPartOf\":{\"@id\":\"https:\/\/www.pressenza.com\/it\/2023\/07\/ostuni-climate-camp-dal-1-al-6-agosto-2023-crisi-climatica-e-prospettive-di-lotta\/\"},\"author\":{\"name\":\"Redazione Italia\",\"@id\":\"https:\/\/www.pressenza.com\/it\/#\/schema\/person\/d983e81827ae24f2c7b1a2123d197f8d\"},\"headline\":\"Ostuni Climate Camp dal 1\u00b0 al 6 agosto 2023: crisi climatica e prospettive di lotta\",\"datePublished\":\"2023-07-20T19:40:03+00:00\",\"dateModified\":\"2023-07-20T19:42:11+00:00\",\"mainEntityOfPage\":{\"@id\":\"https:\/\/www.pressenza.com\/it\/2023\/07\/ostuni-climate-camp-dal-1-al-6-agosto-2023-crisi-climatica-e-prospettive-di-lotta\/\"},\"wordCount\":547,\"publisher\":{\"@id\":\"https:\/\/www.pressenza.com\/it\/#organization\"},\"image\":{\"@id\":\"https:\/\/www.pressenza.com\/it\/2023\/07\/ostuni-climate-camp-dal-1-al-6-agosto-2023-crisi-climatica-e-prospettive-di-lotta\/#primaryimage\"},\"thumbnailUrl\":\"https:\/\/www.pressenza.com\/wp-content\/uploads\/2023\/07\/ostunidibattiti.jpg\",\"keywords\":[\"cambiamento climatico\",\"eventi\",\"Ostuni Climate Camp\",\"rigassificatori\"],\"articleSection\":[\"Comunicati Stampa\",\"Ecologia ed Ambiente\"],\"inLanguage\":\"it-IT\"},{\"@type\":\"WebPage\",\"@id\":\"https:\/\/www.pressenza.com\/it\/2023\/07\/ostuni-climate-camp-dal-1-al-6-agosto-2023-crisi-climatica-e-prospettive-di-lotta\/\",\"url\":\"https:\/\/www.pressenza.com\/it\/2023\/07\/ostuni-climate-camp-dal-1-al-6-agosto-2023-crisi-climatica-e-prospettive-di-lotta\/\",\"name\":\"Ostuni Climate Camp dal 1\u00b0 al 6 agosto 2023: crisi climatica e prospettive di lotta\",\"isPartOf\":{\"@id\":\"https:\/\/www.pressenza.com\/it\/#website\"},\"primaryImageOfPage\":{\"@id\":\"https:\/\/www.pressenza.com\/it\/2023\/07\/ostuni-climate-camp-dal-1-al-6-agosto-2023-crisi-climatica-e-prospettive-di-lotta\/#primaryimage\"},\"image\":{\"@id\":\"https:\/\/www.pressenza.com\/it\/2023\/07\/ostuni-climate-camp-dal-1-al-6-agosto-2023-crisi-climatica-e-prospettive-di-lotta\/#primaryimage\"},\"thumbnailUrl\":\"https:\/\/www.pressenza.com\/wp-content\/uploads\/2023\/07\/ostunidibattiti.jpg\",\"datePublished\":\"2023-07-20T19:40:03+00:00\",\"dateModified\":\"2023-07-20T19:42:11+00:00\",\"description\":\"Dal 1\u00b0 al 6 agosto si svolger\u00e0 la terza edizione dell\u2019Ostuni Climate Camp a Cala dei Ginepri, Costa Merlata (Brindisi). L\u2019iniziativa, incentrata sulla\",\"breadcrumb\":{\"@id\":\"https:\/\/www.pressenza.com\/it\/2023\/07\/ostuni-climate-camp-dal-1-al-6-agosto-2023-crisi-climatica-e-prospettive-di-lotta\/#breadcrumb\"},\"inLanguage\":\"it-IT\",\"potentialAction\":[{\"@type\":\"ReadAction\",\"target\":[\"https:\/\/www.pressenza.com\/it\/2023\/07\/ostuni-climate-camp-dal-1-al-6-agosto-2023-crisi-climatica-e-prospettive-di-lotta\/\"]}]},{\"@type\":\"ImageObject\",\"inLanguage\":\"it-IT\",\"@id\":\"https:\/\/www.pressenza.com\/it\/2023\/07\/ostuni-climate-camp-dal-1-al-6-agosto-2023-crisi-climatica-e-prospettive-di-lotta\/#primaryimage\",\"url\":\"https:\/\/www.pressenza.com\/wp-content\/uploads\/2023\/07\/ostunidibattiti.jpg\",\"contentUrl\":\"https:\/\/www.pressenza.com\/wp-content\/uploads\/2023\/07\/ostunidibattiti.jpg\",\"width\":2048,\"height\":1088},{\"@type\":\"BreadcrumbList\",\"@id\":\"https:\/\/www.pressenza.com\/it\/2023\/07\/ostuni-climate-camp-dal-1-al-6-agosto-2023-crisi-climatica-e-prospettive-di-lotta\/#breadcrumb\",\"itemListElement\":[{\"@type\":\"ListItem\",\"position\":1,\"name\":\"Accueil\",\"item\":\"https:\/\/www.pressenza.com\/it\/\"},{\"@type\":\"ListItem\",\"position\":2,\"name\":\"Ostuni Climate Camp dal 1\u00b0 al 6 agosto 2023: crisi climatica e prospettive di lotta\"}]},{\"@type\":\"WebSite\",\"@id\":\"https:\/\/www.pressenza.com\/it\/#website\",\"url\":\"https:\/\/www.pressenza.com\/it\/\",\"name\":\"Pressenza\",\"description\":\"Agenzia di Stampa Internazionale\",\"publisher\":{\"@id\":\"https:\/\/www.pressenza.com\/it\/#organization\"},\"potentialAction\":[{\"@type\":\"SearchAction\",\"target\":{\"@type\":\"EntryPoint\",\"urlTemplate\":\"https:\/\/www.pressenza.com\/it\/?s={search_term_string}\"},\"query-input\":{\"@type\":\"PropertyValueSpecification\",\"valueRequired\":true,\"valueName\":\"search_term_string\"}}],\"inLanguage\":\"it-IT\"},{\"@type\":\"Organization\",\"@id\":\"https:\/\/www.pressenza.com\/it\/#organization\",\"name\":\"Pressenza\",\"url\":\"https:\/\/www.pressenza.com\/it\/\",\"logo\":{\"@type\":\"ImageObject\",\"inLanguage\":\"it-IT\",\"@id\":\"https:\/\/www.pressenza.com\/it\/#\/schema\/logo\/image\/\",\"url\":\"https:\/\/www.pressenza.com\/wp-content\/uploads\/2022\/10\/pressenza_logo_200x200.jpg\",\"contentUrl\":\"https:\/\/www.pressenza.com\/wp-content\/uploads\/2022\/10\/pressenza_logo_200x200.jpg\",\"width\":200,\"height\":200,\"caption\":\"Pressenza\"},\"image\":{\"@id\":\"https:\/\/www.pressenza.com\/it\/#\/schema\/logo\/image\/\"},\"sameAs\":[\"https:\/\/www.facebook.com\/PressenzaItalia\",\"https:\/\/x.com\/PressenzaIPA\"]},{\"@type\":\"Person\",\"@id\":\"https:\/\/www.pressenza.com\/it\/#\/schema\/person\/d983e81827ae24f2c7b1a2123d197f8d\",\"name\":\"Redazione Italia\",\"description\":\"News from the Pressenza Bureau in Italy\",\"sameAs\":[\"https:\/\/www.pressenza.com\/it\/author\/redazione-italia\/\",\"https:\/\/www.facebook.com\/PressenzaItalia\",\"https:\/\/www.instagram.com\/pressenza_italia\/\",\"https:\/\/x.com\/pressenza_it\",\"https:\/\/www.youtube.com\/channel\/UCSalEIWjE1RSxkwjfftFuqg\"],\"url\":\"https:\/\/www.pressenza.com\/it\/author\/redazione-italia\/\"}]}<\/script>\n<!-- \/ Yoast SEO plugin. -->","yoast_head_json":{"title":"Ostuni Climate Camp dal 1\u00b0 al 6 agosto 2023: crisi climatica e prospettive di lotta","description":"Dal 1\u00b0 al 6 agosto si svolger\u00e0 la terza edizione dell\u2019Ostuni Climate Camp a Cala dei Ginepri, Costa Merlata (Brindisi). L\u2019iniziativa, incentrata sulla","robots":{"index":"index","follow":"follow","max-snippet":"max-snippet:-1","max-image-preview":"max-image-preview:large","max-video-preview":"max-video-preview:-1"},"canonical":"https:\/\/www.pressenza.com\/it\/2023\/07\/ostuni-climate-camp-dal-1-al-6-agosto-2023-crisi-climatica-e-prospettive-di-lotta\/","og_locale":"it_IT","og_type":"article","og_title":"Ostuni Climate Camp dal 1\u00b0 al 6 agosto 2023: crisi climatica e prospettive di lotta","og_description":"Dal 1\u00b0 al 6 agosto si svolger\u00e0 la terza edizione dell\u2019Ostuni Climate Camp a Cala dei Ginepri, Costa Merlata (Brindisi). L\u2019iniziativa, incentrata sulla","og_url":"https:\/\/www.pressenza.com\/it\/2023\/07\/ostuni-climate-camp-dal-1-al-6-agosto-2023-crisi-climatica-e-prospettive-di-lotta\/","og_site_name":"Pressenza","article_publisher":"https:\/\/www.facebook.com\/PressenzaItalia","article_author":"https:\/\/www.facebook.com\/PressenzaItalia","article_published_time":"2023-07-20T19:40:03+00:00","article_modified_time":"2023-07-20T19:42:11+00:00","og_image":[{"width":2048,"height":1088,"url":"https:\/\/www.pressenza.com\/wp-content\/uploads\/2023\/07\/ostunidibattiti.jpg","type":"image\/jpeg"}],"author":"Redazione Italia","twitter_card":"summary_large_image","twitter_creator":"@pressenza_it","twitter_site":"@PressenzaIPA","twitter_misc":{"Scritto da":"Redazione Italia","Tempo di lettura stimato":"3 minuti"},"schema":{"@context":"https:\/\/schema.org","@graph":[{"@type":"Article","@id":"https:\/\/www.pressenza.com\/it\/2023\/07\/ostuni-climate-camp-dal-1-al-6-agosto-2023-crisi-climatica-e-prospettive-di-lotta\/#article","isPartOf":{"@id":"https:\/\/www.pressenza.com\/it\/2023\/07\/ostuni-climate-camp-dal-1-al-6-agosto-2023-crisi-climatica-e-prospettive-di-lotta\/"},"author":{"name":"Redazione Italia","@id":"https:\/\/www.pressenza.com\/it\/#\/schema\/person\/d983e81827ae24f2c7b1a2123d197f8d"},"headline":"Ostuni Climate Camp dal 1\u00b0 al 6 agosto 2023: crisi climatica e prospettive di lotta","datePublished":"2023-07-20T19:40:03+00:00","dateModified":"2023-07-20T19:42:11+00:00","mainEntityOfPage":{"@id":"https:\/\/www.pressenza.com\/it\/2023\/07\/ostuni-climate-camp-dal-1-al-6-agosto-2023-crisi-climatica-e-prospettive-di-lotta\/"},"wordCount":547,"publisher":{"@id":"https:\/\/www.pressenza.com\/it\/#organization"},"image":{"@id":"https:\/\/www.pressenza.com\/it\/2023\/07\/ostuni-climate-camp-dal-1-al-6-agosto-2023-crisi-climatica-e-prospettive-di-lotta\/#primaryimage"},"thumbnailUrl":"https:\/\/www.pressenza.com\/wp-content\/uploads\/2023\/07\/ostunidibattiti.jpg","keywords":["cambiamento climatico","eventi","Ostuni Climate Camp","rigassificatori"],"articleSection":["Comunicati Stampa","Ecologia ed Ambiente"],"inLanguage":"it-IT"},{"@type":"WebPage","@id":"https:\/\/www.pressenza.com\/it\/2023\/07\/ostuni-climate-camp-dal-1-al-6-agosto-2023-crisi-climatica-e-prospettive-di-lotta\/","url":"https:\/\/www.pressenza.com\/it\/2023\/07\/ostuni-climate-camp-dal-1-al-6-agosto-2023-crisi-climatica-e-prospettive-di-lotta\/","name":"Ostuni Climate Camp dal 1\u00b0 al 6 agosto 2023: crisi climatica e prospettive di lotta","isPartOf":{"@id":"https:\/\/www.pressenza.com\/it\/#website"},"primaryImageOfPage":{"@id":"https:\/\/www.pressenza.com\/it\/2023\/07\/ostuni-climate-camp-dal-1-al-6-agosto-2023-crisi-climatica-e-prospettive-di-lotta\/#primaryimage"},"image":{"@id":"https:\/\/www.pressenza.com\/it\/2023\/07\/ostuni-climate-camp-dal-1-al-6-agosto-2023-crisi-climatica-e-prospettive-di-lotta\/#primaryimage"},"thumbnailUrl":"https:\/\/www.pressenza.com\/wp-content\/uploads\/2023\/07\/ostunidibattiti.jpg","datePublished":"2023-07-20T19:40:03+00:00","dateModified":"2023-07-20T19:42:11+00:00","description":"Dal 1\u00b0 al 6 agosto si svolger\u00e0 la terza edizione dell\u2019Ostuni Climate Camp a Cala dei Ginepri, Costa Merlata (Brindisi). L\u2019iniziativa, incentrata sulla","breadcrumb":{"@id":"https:\/\/www.pressenza.com\/it\/2023\/07\/ostuni-climate-camp-dal-1-al-6-agosto-2023-crisi-climatica-e-prospettive-di-lotta\/#breadcrumb"},"inLanguage":"it-IT","potentialAction":[{"@type":"ReadAction","target":["https:\/\/www.pressenza.com\/it\/2023\/07\/ostuni-climate-camp-dal-1-al-6-agosto-2023-crisi-climatica-e-prospettive-di-lotta\/"]}]},{"@type":"ImageObject","inLanguage":"it-IT","@id":"https:\/\/www.pressenza.com\/it\/2023\/07\/ostuni-climate-camp-dal-1-al-6-agosto-2023-crisi-climatica-e-prospettive-di-lotta\/#primaryimage","url":"https:\/\/www.pressenza.com\/wp-content\/uploads\/2023\/07\/ostunidibattiti.jpg","contentUrl":"https:\/\/www.pressenza.com\/wp-content\/uploads\/2023\/07\/ostunidibattiti.jpg","width":2048,"height":1088},{"@type":"BreadcrumbList","@id":"https:\/\/www.pressenza.com\/it\/2023\/07\/ostuni-climate-camp-dal-1-al-6-agosto-2023-crisi-climatica-e-prospettive-di-lotta\/#breadcrumb","itemListElement":[{"@type":"ListItem","position":1,"name":"Accueil","item":"https:\/\/www.pressenza.com\/it\/"},{"@type":"ListItem","position":2,"name":"Ostuni Climate Camp dal 1\u00b0 al 6 agosto 2023: crisi climatica e prospettive di lotta"}]},{"@type":"WebSite","@id":"https:\/\/www.pressenza.com\/it\/#website","url":"https:\/\/www.pressenza.com\/it\/","name":"Pressenza","description":"Agenzia di Stampa Internazionale","publisher":{"@id":"https:\/\/www.pressenza.com\/it\/#organization"},"potentialAction":[{"@type":"SearchAction","target":{"@type":"EntryPoint","urlTemplate":"https:\/\/www.pressenza.com\/it\/?s={search_term_string}"},"query-input":{"@type":"PropertyValueSpecification","valueRequired":true,"valueName":"search_term_string"}}],"inLanguage":"it-IT"},{"@type":"Organization","@id":"https:\/\/www.pressenza.com\/it\/#organization","name":"Pressenza","url":"https:\/\/www.pressenza.com\/it\/","logo":{"@type":"ImageObject","inLanguage":"it-IT","@id":"https:\/\/www.pressenza.com\/it\/#\/schema\/logo\/image\/","url":"https:\/\/www.pressenza.com\/wp-content\/uploads\/2022\/10\/pressenza_logo_200x200.jpg","contentUrl":"https:\/\/www.pressenza.com\/wp-content\/uploads\/2022\/10\/pressenza_logo_200x200.jpg","width":200,"height":200,"caption":"Pressenza"},"image":{"@id":"https:\/\/www.pressenza.com\/it\/#\/schema\/logo\/image\/"},"sameAs":["https:\/\/www.facebook.com\/PressenzaItalia","https:\/\/x.com\/PressenzaIPA"]},{"@type":"Person","@id":"https:\/\/www.pressenza.com\/it\/#\/schema\/person\/d983e81827ae24f2c7b1a2123d197f8d","name":"Redazione Italia","description":"News from the Pressenza Bureau in Italy","sameAs":["https:\/\/www.pressenza.com\/it\/author\/redazione-italia\/","https:\/\/www.facebook.com\/PressenzaItalia","https:\/\/www.instagram.com\/pressenza_italia\/","https:\/\/x.com\/pressenza_it","https:\/\/www.youtube.com\/channel\/UCSalEIWjE1RSxkwjfftFuqg"],"url":"https:\/\/www.pressenza.com\/it\/author\/redazione-italia\/"}]}},"place":"","original_article_url":"","_links":{"self":[{"href":"https:\/\/www.pressenza.com\/it\/wp-json\/wp\/v2\/posts\/1752952","targetHints":{"allow":["GET"]}}],"collection":[{"href":"https:\/\/www.pressenza.com\/it\/wp-json\/wp\/v2\/posts"}],"about":[{"href":"https:\/\/www.pressenza.com\/it\/wp-json\/wp\/v2\/types\/post"}],"author":[{"embeddable":true,"href":"https:\/\/www.pressenza.com\/it\/wp-json\/wp\/v2\/users\/594"}],"replies":[{"embeddable":true,"href":"https:\/\/www.pressenza.com\/it\/wp-json\/wp\/v2\/comments?post=1752952"}],"version-history":[{"count":0,"href":"https:\/\/www.pressenza.com\/it\/wp-json\/wp\/v2\/posts\/1752952\/revisions"}],"wp:featuredmedia":[{"embeddable":true,"href":"https:\/\/www.pressenza.com\/it\/wp-json\/wp\/v2\/media\/1752953"}],"wp:attachment":[{"href":"https:\/\/www.pressenza.com\/it\/wp-json\/wp\/v2\/media?parent=1752952"}],"wp:term":[{"taxonomy":"category","embeddable":true,"href":"https:\/\/www.pressenza.com\/it\/wp-json\/wp\/v2\/categories?post=1752952"},{"taxonomy":"post_tag","embeddable":true,"href":"https:\/\/www.pressenza.com\/it\/wp-json\/wp\/v2\/tags?post=1752952"}],"curies":[{"name":"wp","href":"https:\/\/api.w.org\/{rel}","templated":true}]}}