{"id":1751502,"date":"2023-07-13T18:38:41","date_gmt":"2023-07-13T17:38:41","guid":{"rendered":"https:\/\/www.pressenza.com\/?p=1751502"},"modified":"2023-07-13T18:49:19","modified_gmt":"2023-07-13T17:49:19","slug":"a-roma-tira-una-brutta-aria-il-monitoraggio-dei-cittadini-per-laria","status":"publish","type":"post","link":"https:\/\/www.pressenza.com\/it\/2023\/07\/a-roma-tira-una-brutta-aria-il-monitoraggio-dei-cittadini-per-laria\/","title":{"rendered":"A Roma \u201ctira una brutta aria\u201d: il monitoraggio dei \u201cCittadini per l&#8217;Aria\u201d"},"content":{"rendered":"<p align=\"JUSTIFY\"><span style=\"color: #202020;\"><span style=\"font-family: Calibri, sans-serif;\"><span style=\"font-size: small;\">Come si sa, quasi sempre ignoriamo la qualit\u00e0 dell&#8217;aria che respiriamo. Eppure, l\u2019inquinamento atmosferico non \u00e8 invisibile. <\/span><\/span><\/span><span style=\"color: #202020;\"><span style=\"font-family: Calibri, sans-serif;\"><span style=\"font-size: small;\"><b>Oltre <\/b><\/span><\/span><\/span><strong><span style=\"color: #202020;\"><span style=\"font-family: Calibri, sans-serif;\"><span style=\"font-size: small;\"><b>500 cittadine e cittadini della Citt\u00e0 metropolitana di Roma, <\/b><\/span><\/span><\/span><\/strong><strong><span style=\"color: #202020;\"><span style=\"font-family: Calibri, sans-serif;\"><span style=\"font-size: small;\">coordinati da <\/span><\/span><\/span><\/strong><strong><span style=\"color: #202020;\"><span style=\"font-family: Calibri, sans-serif;\"><span style=\"font-size: small;\"><b>Alessandra Grasso<\/b><\/span><\/span><\/span><\/strong><strong><span style=\"color: #202020;\"><span style=\"font-family: Calibri, sans-serif;\"><span style=\"font-size: small;\">, nell&#8217;ambito della C<\/span><\/span><\/span><\/strong><em><span style=\"color: #202020;\"><span style=\"font-family: Calibri, sans-serif;\"><span style=\"font-size: small;\">ampagna di scienza partecipata Salviamo l&#8217;aria: \u201cNO2 NO GRAZIE!\u201d, <\/span><\/span><\/span><\/em><em><span style=\"color: #202020;\"><span style=\"font-family: Calibri, sans-serif;\"><span style=\"font-size: small;\">promossa da<\/span><\/span><\/span><\/em><em><span style=\"color: #202020;\"><span style=\"font-family: Calibri, sans-serif;\"><span style=\"font-size: small;\"> Cittadini per l&#8217;Aria<\/span><\/span><\/span><\/em><em><span style=\"color: #202020;\"><span style=\"font-family: Calibri, sans-serif;\"><span style=\"font-size: small;\">,<\/span><\/span><\/span><\/em> <span style=\"color: #202020;\"><span style=\"font-family: Calibri, sans-serif;\"><span style=\"font-size: small;\">hanno messo in luce le concentrazioni di biossido di azoto, <\/span><\/span><\/span><span style=\"color: #202020;\"><span style=\"font-family: Calibri, sans-serif;\"><span style=\"font-size: small;\">dando cos\u00ec colore all\u2019inquinamento in citt\u00e0. Il monitoraggio di questo inquinante derivante dal <\/span><\/span><\/span><strong><span style=\"color: #202020;\"><span style=\"font-family: Calibri, sans-serif;\"><span style=\"font-size: small;\">traffico veicolare<\/span><\/span><\/span><\/strong><span style=\"color: #202020;\"><span style=\"font-family: Calibri, sans-serif;\"><span style=\"font-size: small;\">, e in special modo dai veicoli <\/span><\/span><\/span><strong><span style=\"color: #202020;\"><span style=\"font-family: Calibri, sans-serif;\"><span style=\"font-size: small;\">diesel<\/span><\/span><\/span><\/strong><span style=\"color: #202020;\"><span style=\"font-family: Calibri, sans-serif;\"><span style=\"font-size: small;\">, \u00e8 stato effettuato nella Capitale <\/span><\/span><\/span><strong><span style=\"color: #202020;\"><span style=\"font-family: Calibri, sans-serif;\"><span style=\"font-size: small;\">dal 4 febbraio al 4 marzo 2023<\/span><\/span><\/span><\/strong><span style=\"color: #202020;\"><span style=\"font-family: Calibri, sans-serif;\"><span style=\"font-size: small;\">, per la terza volta dal 2018. La mappa dei punti di monitoraggio scelti dalle persone, vicino a casa, a scuola, al lavoro, \u00e8 stata integrata da quelli selezionati dai ricercatori del Dipartimento di Epidemiologia del Lazio per la calibrazione con le centraline di ARPA Lazio; a partire da questi dati puntuali, e grazie all\u2019elaborazione dei ricercatori, sono state stimate le concentrazioni medie annue di ciascun punto e, nei prossimi mesi, sar\u00e0 possibile sviluppare mappe che aiuteranno a studiare ancora pi\u00f9 nel dettaglio come si disperde il biossido d\u2019azoto.<\/span><\/span><\/span><\/p>\n<p align=\"JUSTIFY\"><strong><span style=\"color: #202020;\"><span style=\"font-family: Calibri, sans-serif;\"><span style=\"font-size: small;\"><b>Quali sono i dati rilevati a Roma?<\/b><\/span><\/span><\/span><\/strong><\/p>\n<p align=\"JUSTIFY\"><span style=\"color: #202020;\"><span style=\"font-family: Calibri, sans-serif;\"><span style=\"font-size: small;\">La <\/span><\/span><\/span><strong><span style=\"color: #202020;\"><span style=\"font-family: Calibri, sans-serif;\"><span style=\"font-size: small;\">media mensile <\/span><\/span><\/span><\/strong><span style=\"color: #202020;\"><span style=\"font-family: Calibri, sans-serif;\"><span style=\"font-size: small;\">della citt\u00e0, per il monitoraggio del 2023, \u00e8 stata di <\/span><\/span><\/span><strong><span style=\"color: #202020;\"><span style=\"font-family: Calibri, sans-serif;\"><span style=\"font-size: small;\">42,69 \u03bcg\/m\u00b3 <\/span><\/span><\/span><\/strong><span style=\"color: #202020;\"><span style=\"font-family: Calibri, sans-serif;\"><span style=\"font-size: small;\">rispetto ai 40 \u03bcg\/m\u00b3 del 2020. <\/span><\/span><\/span><span style=\"color: #202020;\"><span style=\"font-family: Calibri, sans-serif;\"><span style=\"font-size: small;\"><b>A Roma, tra febbraio e marzo 2023,<\/b><\/span><\/span><\/span><strong><span style=\"color: #202020;\"><span style=\"font-family: Calibri, sans-serif;\"><span style=\"font-size: small;\"><b>i l 99% dei 387 campionatori <\/b><\/span><\/span><\/span><\/strong><span style=\"color: #202020;\"><span style=\"font-family: Calibri, sans-serif;\"><span style=\"font-size: small;\"><b>che rispettano i criteri di inclusione nell\u2019analisi dei ricercatori, ha misurato concentrazioni di biossido di azoto superiori alla <\/b><\/span><\/span><\/span><a href=\"https:\/\/cittadiniperlaria.us18.list-manage.com\/track\/click?u=8483f82b7373398b45043043a&amp;id=65722ee582&amp;e=755bc385d7\" target=\"_blank\" rel=\"noopener\"><span style=\"color: #007c89;\"><span style=\"font-family: Calibri, sans-serif;\"><span style=\"font-size: small;\"><u><b>soglia annuale di 10 \u03bcg\/m\u00b3<\/b><\/u><\/span><\/span><\/span><\/a><b> <\/b><span style=\"color: #202020;\"><span style=\"font-family: Calibri, sans-serif;\"><span style=\"font-size: small;\"><b>che i ricercatori dell\u2019OMS indicano quale valore da cui si verifica un impatto sulla salute umana<\/b><\/span><\/span><\/span><span style=\"color: #202020;\"><span style=\"font-family: Calibri, sans-serif;\"><span style=\"font-size: small;\">. Sempre su base mensile \u00a0<\/span><\/span><\/span><strong><span style=\"color: #202020;\"><span style=\"font-family: Calibri, sans-serif;\"><span style=\"font-size: small;\">il 56% dei campionatori ha superato i 40 \u03bcg\/m\u00b3, il 24% supera i 50 \u03bcg\/m\u00b3 e l\u20198%, infine, supera addirittura i 60 \u03bcg\/m\u00b3<\/span><\/span><\/span><\/strong><span style=\"color: #202020;\"><span style=\"font-family: Calibri, sans-serif;\"><span style=\"font-size: small;\">. <\/span><\/span><\/span><span style=\"color: #202020;\"><span style=\"font-family: Calibri, sans-serif;\"><span style=\"font-size: small;\"><b>Nella mappa colpiscono i <\/b><\/span><\/span><\/span><strong><span style=\"color: #202020;\"><span style=\"font-family: Calibri, sans-serif;\"><span style=\"font-size: small;\"><b>dati del centro<\/b><\/span><\/span><\/span><\/strong><span style=\"color: #202020;\"><span style=\"font-family: Calibri, sans-serif;\"><span style=\"font-size: small;\">, con picchi pari a oltre <\/span><\/span><\/span><strong><span style=\"color: #202020;\"><span style=\"font-family: Calibri, sans-serif;\"><span style=\"font-size: small;\">83 \u03bcg\/m\u00b3<\/span><\/span><\/span><\/strong><span style=\"color: #202020;\"><span style=\"font-family: Calibri, sans-serif;\"><span style=\"font-size: small;\">, quelli dei punti monitorati in strade che dovrebbero essere a traffico limitato \u2013 ma che purtroppo nella realt\u00e0 non lo sono, cos\u00ec delineate e costantemente oggetto di deroghe e violazioni \u2013 di <\/span><\/span><\/span><strong><span style=\"color: #202020;\"><span style=\"font-family: Calibri, sans-serif;\"><span style=\"font-size: small;\"><b>Piazza Venezia<\/b><\/span><\/span><\/span><\/strong><strong><span style=\"color: #202020;\"><span style=\"font-family: Calibri, sans-serif;\"><span style=\"font-size: small;\"> (52.7 \u03bcg\/m\u00b3) <\/span><\/span><\/span><\/strong><span style=\"color: #202020;\"><span style=\"font-family: Calibri, sans-serif;\"><span style=\"font-size: small;\">e <\/span><\/span><\/span><strong><span style=\"color: #202020;\"><span style=\"font-family: Calibri, sans-serif;\"><span style=\"font-size: small;\">v<\/span><\/span><\/span><\/strong><strong><span style=\"color: #202020;\"><span style=\"font-family: Calibri, sans-serif;\"><span style=\"font-size: small;\"><b>ia del Teatro Marcello<\/b><\/span><\/span><\/span><\/strong><strong><span style=\"color: #202020;\"><span style=\"font-family: Calibri, sans-serif;\"><span style=\"font-size: small;\"> (65.6 \u03bcg\/m\u00b3) <\/span><\/span><\/span><\/strong><span style=\"color: #202020;\"><span style=\"font-family: Calibri, sans-serif;\"><span style=\"font-size: small;\"><b>proprio sotto al Campidoglio<\/b><\/span><\/span><\/span><span style=\"color: #202020;\"><span style=\"font-family: Calibri, sans-serif;\"><span style=\"font-size: small;\">. <\/span><\/span><\/span><\/p>\n<p align=\"JUSTIFY\"><span style=\"color: #202020;\"><span style=\"font-family: Calibri, sans-serif;\"><span style=\"font-size: small;\">E ancora, allarmano le concentrazioni di <\/span><\/span><\/span><strong><span style=\"color: #202020;\"><span style=\"font-family: Calibri, sans-serif;\"><span style=\"font-size: small;\"><b>via della Greca<\/b><\/span><\/span><\/span><\/strong><strong><span style=\"color: #202020;\"><span style=\"font-family: Calibri, sans-serif;\"><span style=\"font-size: small;\"> (60.2 \u03bcg\/m\u00b3) <\/span><\/span><\/span><\/strong><span style=\"color: #202020;\"><span style=\"font-family: Calibri, sans-serif;\"><span style=\"font-size: small;\">e di <\/span><\/span><\/span><strong><span style=\"color: #202020;\"><span style=\"font-family: Calibri, sans-serif;\"><span style=\"font-size: small;\"><b>San Lorenzo<\/b><\/span><\/span><\/span><\/strong><span style=\"color: #202020;\"><span style=\"font-family: Calibri, sans-serif;\"><span style=\"font-size: small;\">, che raggiunge addirittura <\/span><\/span><\/span><strong><span style=\"color: #202020;\"><span style=\"font-family: Calibri, sans-serif;\"><span style=\"font-size: small;\">72 \u03bcg\/m\u00b3<\/span><\/span><\/span><\/strong><span style=\"color: #202020;\"><span style=\"font-family: Calibri, sans-serif;\"><span style=\"font-size: small;\">, ancor pi\u00f9 grave considerando che il campionatore \u00e8 stato posizionato <\/span><\/span><\/span><strong><span style=\"color: #202020;\"><span style=\"font-family: Calibri, sans-serif;\"><span style=\"font-size: small;\">davanti a una scuola<\/span><\/span><\/span><\/strong><span style=\"color: #202020;\"><span style=\"font-family: Calibri, sans-serif;\"><span style=\"font-size: small;\">. Anche il dato rilevato all\u2019<\/span><\/span><\/span><strong><span style=\"color: #202020;\"><span style=\"font-family: Calibri, sans-serif;\"><span style=\"font-size: small;\"><b>Esquilino<\/b><\/span><\/span><\/span><\/strong> <span style=\"color: #202020;\"><span style=\"font-family: Calibri, sans-serif;\"><span style=\"font-size: small;\">raggiunge quasi gli stessi livelli, rilevando una concentrazione di biossido di azoto nel mese pari a <\/span><\/span><\/span><strong><span style=\"color: #202020;\"><span style=\"font-family: Calibri, sans-serif;\"><span style=\"font-size: small;\">66.7 \u03bcg\/m\u00b3<\/span><\/span><\/span><\/strong><span style=\"color: #202020;\"><span style=\"font-family: Calibri, sans-serif;\"><span style=\"font-size: small;\">. Dati, quelli elencati fin qui, che hanno ancor pi\u00f9 valore, poich\u00e9 sono aree perfette per l\u2019attivazione di provvedimenti di moderazione della velocit\u00e0, almeno \u201c<\/span><\/span><\/span><strong><span style=\"color: #202020;\"><span style=\"font-family: Calibri, sans-serif;\"><span style=\"font-size: small;\">zone 30 km\/h<\/span><\/span><\/span><\/strong><span style=\"color: #202020;\"><span style=\"font-family: Calibri, sans-serif;\"><span style=\"font-size: small;\">\u201c se non, ancora meglio, \u201c20 km\/h\u201d. Al momento, invece, sono veri e propri corridoi di passaggio congestionati. Esplorando la mappa, attirano l\u2019attenzione anche altre strade, come <\/span><\/span><\/span><strong><span style=\"color: #202020;\"><span style=\"font-family: Calibri, sans-serif;\"><span style=\"font-size: small;\"><b>via Druso<\/b><\/span><\/span><\/span><\/strong><strong><span style=\"color: #202020;\"><span style=\"font-family: Calibri, sans-serif;\"><span style=\"font-size: small;\"> (che registra il dato cittadino pi\u00f9 elevato 83.9 \u03bcg\/m\u00b3)<\/span><\/span><\/span><\/strong><span style=\"color: #202020;\"><span style=\"font-family: Calibri, sans-serif;\"><span style=\"font-size: small;\">, <\/span><\/span><\/span><strong><span style=\"color: #202020;\"><span style=\"font-family: Calibri, sans-serif;\"><span style=\"font-size: small;\"><b>via Cilicia<\/b><\/span><\/span><\/span><\/strong><strong><span style=\"color: #202020;\"><span style=\"font-family: Calibri, sans-serif;\"><span style=\"font-size: small;\"> 73.1 \u03bcg\/m\u00b3<\/span><\/span><\/span><\/strong><span style=\"color: #202020;\"><span style=\"font-family: Calibri, sans-serif;\"><span style=\"font-size: small;\">, e tutte le <\/span><\/span><\/span><strong><span style=\"color: #202020;\"><span style=\"font-family: Calibri, sans-serif;\"><span style=\"font-size: small;\">consolari<\/span><\/span><\/span><\/strong><span style=\"color: #202020;\"><span style=\"font-family: Calibri, sans-serif;\"><span style=\"font-size: small;\">: <\/span><\/span><\/span><span style=\"color: #202020;\"><span style=\"font-family: Calibri, sans-serif;\"><span style=\"font-size: small;\"><b>Prenestina <\/b><\/span><\/span><\/span><span style=\"color: #202020;\"><span style=\"font-family: Calibri, sans-serif;\"><span style=\"font-size: small;\">61.3 \u03bcg\/m\u00b3, <\/span><\/span><\/span><span style=\"color: #202020;\"><span style=\"font-family: Calibri, sans-serif;\"><span style=\"font-size: small;\"><b>Casilina <\/b><\/span><\/span><\/span><span style=\"color: #202020;\"><span style=\"font-family: Calibri, sans-serif;\"><span style=\"font-size: small;\">81.7 \u03bcg\/m\u00b3, <\/span><\/span><\/span><span style=\"color: #202020;\"><span style=\"font-family: Calibri, sans-serif;\"><span style=\"font-size: small;\"><b>Palmiro Togliatti<\/b><\/span><\/span><\/span><span style=\"color: #202020;\"><span style=\"font-family: Calibri, sans-serif;\"><span style=\"font-size: small;\"> 63.4 \u03bcg\/m\u00b3, <\/span><\/span><\/span><span style=\"color: #202020;\"><span style=\"font-family: Calibri, sans-serif;\"><span style=\"font-size: small;\"><b>Tuscolana<\/b><\/span><\/span><\/span><span style=\"color: #202020;\"><span style=\"font-family: Calibri, sans-serif;\"><span style=\"font-size: small;\"> 62.4 \u03bcg\/m\u00b3, <\/span><\/span><\/span><span style=\"color: #202020;\"><span style=\"font-family: Calibri, sans-serif;\"><span style=\"font-size: small;\"><b>Ostiense<\/b><\/span><\/span><\/span><span style=\"color: #202020;\"><span style=\"font-family: Calibri, sans-serif;\"><span style=\"font-size: small;\"> 67.7 \u03bcg\/m\u00b3, <\/span><\/span><\/span><span style=\"color: #202020;\"><span style=\"font-family: Calibri, sans-serif;\"><span style=\"font-size: small;\"><b>Nomentana<\/b><\/span><\/span><\/span><span style=\"color: #202020;\"><span style=\"font-family: Calibri, sans-serif;\"><span style=\"font-size: small;\"> 55.9 \u03bcg\/m\u00b3, <\/span><\/span><\/span><span style=\"color: #202020;\"><span style=\"font-family: Calibri, sans-serif;\"><span style=\"font-size: small;\"><b>Cassia <\/b><\/span><\/span><\/span><span style=\"color: #202020;\"><span style=\"font-family: Calibri, sans-serif;\"><span style=\"font-size: small;\">50.5 \u03bcg\/m\u00b3, <\/span><\/span><\/span><span style=\"color: #202020;\"><span style=\"font-family: Calibri, sans-serif;\"><span style=\"font-size: small;\"><b>Flaminia<\/b><\/span><\/span><\/span><span style=\"color: #202020;\"><span style=\"font-family: Calibri, sans-serif;\"><span style=\"font-size: small;\"> 57 \u03bcg\/m\u00b3, <\/span><\/span><\/span><span style=\"color: #202020;\"><span style=\"font-family: Calibri, sans-serif;\"><span style=\"font-size: small;\"><b>Aurelia <\/b><\/span><\/span><\/span><span style=\"color: #202020;\"><span style=\"font-family: Calibri, sans-serif;\"><span style=\"font-size: small;\">53.8 \u03bcg\/m\u00b3, <\/span><\/span><\/span><span style=\"color: #202020;\"><span style=\"font-family: Calibri, sans-serif;\"><span style=\"font-size: small;\"><b>Portuense<\/b><\/span><\/span><\/span><span style=\"color: #202020;\"><span style=\"font-family: Calibri, sans-serif;\"><span style=\"font-size: small;\"> 52.7 \u03bcg\/m\u00b3, <\/span><\/span><\/span><span style=\"color: #202020;\"><span style=\"font-family: Calibri, sans-serif;\"><span style=\"font-size: small;\"><b>Laurentina<\/b><\/span><\/span><\/span><span style=\"color: #202020;\"><span style=\"font-family: Calibri, sans-serif;\"><span style=\"font-size: small;\"> 47.3 \u03bcg\/m\u00b3.<\/span><\/span><\/span><\/p>\n<p align=\"JUSTIFY\"><strong><span style=\"color: #202020;\"><span style=\"font-family: Calibri, sans-serif;\"><span style=\"font-size: small;\"><b>Una<\/b><\/span><\/span><\/span><\/strong> <strong><span style=\"color: #202020;\"><span style=\"font-family: Calibri, sans-serif;\"><span style=\"font-size: small;\"><b>Citt\u00e0 Eterna color brunito<\/b><\/span><\/span><\/span><\/strong><strong><span style=\"color: #202020;\"><span style=\"font-family: Calibri, sans-serif;\"><span style=\"font-size: small;\">, come il biossido di azoto . <\/span><\/span><\/span><\/strong><span style=\"color: #202020;\"><span style=\"font-family: Calibri, sans-serif;\"><span style=\"font-size: small;\">Lungo le grandi arterie di Roma, infatti, i punti monitorati assumono il color brunito del biossido di azoto, attestandosi quindi su concentrazioni nella fascia tra i 40 \u03bcg\/m\u00b3 e i 60\u03bcg\/m\u00b3, ma con picchi oltre i 70\u03bcg\/m\u00b3, come quello di <\/span><\/span><\/span><span style=\"color: #202020;\"><span style=\"font-family: Calibri, sans-serif;\"><span style=\"font-size: small;\"><b>Via Casilina<\/b><\/span><\/span><\/span><span style=\"color: #202020;\"><span style=\"font-family: Calibri, sans-serif;\"><span style=\"font-size: small;\">, che arriva addirittura a 81 \u03bcg\/m\u00b3. <\/span><\/span><\/span><span style=\"color: #202020;\"><span style=\"font-family: Calibri, sans-serif;\"><span style=\"font-size: small;\"><u><b>E questo perch\u00e9 <\/b><\/u><\/span><\/span><\/span><strong><span style=\"color: #202020;\"><span style=\"font-family: Calibri, sans-serif;\"><span style=\"font-size: small;\"><u><b>Roma \u00e8 una citt\u00e0 soffocata dalle automobili: c<\/b><\/u><\/span><\/span><\/span><\/strong><span style=\"color: #202020;\"><span style=\"font-family: Calibri, sans-serif;\"><span style=\"font-size: small;\"><u><b>i sono pi\u00f9 automobili (1,7 milioni) che patenti (1,5 milioni), la media \u00e8 di 51 automobili ogni 100 abitanti<\/b><\/u><\/span><\/span><\/span><span style=\"color: #202020;\"><span style=\"font-family: Calibri, sans-serif;\"><span style=\"font-size: small;\">.<\/span><\/span><\/span><\/p>\n<p align=\"JUSTIFY\"><span style=\"color: #202020;\"><span style=\"font-family: Calibri, sans-serif;\"><span style=\"font-size: small;\">Una situazione insostenibile che dovrebbe spingerci a domandarci:<\/span><\/span><\/span><b> <\/b><strong><span style=\"color: #202020;\"><span style=\"font-family: Calibri, sans-serif;\"><span style=\"font-size: small;\"><b>Proteggiamo davvero la salute dei pi\u00f9 fragili? <\/b><\/span><\/span><\/span><\/strong><span style=\"color: #202020;\"><span style=\"font-family: Calibri, sans-serif;\"><span style=\"font-size: small;\"> L\u2019<\/span><\/span><\/span><span style=\"color: #202020;\"><span style=\"font-family: Calibri, sans-serif;\"><span style=\"font-size: small;\"><b>Organizzazione Mondiale della Sanit\u00e0 <\/b><\/span><\/span><\/span><span style=\"color: #202020;\"><span style=\"font-family: Calibri, sans-serif;\"><span style=\"font-size: small;\">evidenzia come i bambini siano maggiormente esposti ai rischi dell\u2019inquinamento dell\u2019aria, perch\u00e9 sono in grado di inalare una gran quantit\u00e0 di polveri sottili ed altre sostanze tossiche immesse nell\u2019aria, e sono quindi maggiormente vulnerabili all\u2019inquinamento atmosferico. I risultati ottenuti, purtroppo, evidenziano come questi luoghi non siano porti sicuri per i bambini romani: <\/span><\/span><\/span><strong><span style=\"color: #202020;\"><span style=\"font-family: Calibri, sans-serif;\"><span style=\"font-size: small;\"><b>delle circa 80 scuole monitorate in citt\u00e0, quasi il 40% si attesta su concentrazioni tra i 30 e i 40 \u03bcg\/m\u00b3 e il 30% tra i 40 e i 50 \u03bcg\/m\u00b3<\/b><\/span><\/span><\/span><\/strong><span style=\"color: #202020;\"><span style=\"font-family: Calibri, sans-serif;\"><span style=\"font-size: small;\"><b>. <\/b><\/span><\/span><\/span><span style=\"color: #202020;\"><span style=\"font-family: Calibri, sans-serif;\"><span style=\"font-size: small;\"><u><b>La maggior parte delle scuole monitorate, quindi, supera di gran lunga il valore limite indicato dall\u2019OMS (10 \u03bcg\/m\u00b3) a tutela della salute e anche quello di legge, fissato a 40 \u03bcg\/m\u00b3<\/b><\/u><\/span><\/span><\/span><span style=\"color: #202020;\"><span style=\"font-family: Calibri, sans-serif;\"><span style=\"font-size: small;\"><u>. <\/u><\/span><\/span><\/span><span style=\"color: #202020;\"><span style=\"font-family: Calibri, sans-serif;\"><span style=\"font-size: small;\">Rilevante, per esempio, il dato di via <\/span><\/span><\/span><span style=\"color: #202020;\"><span style=\"font-family: Calibri, sans-serif;\"><span style=\"font-size: small;\"><b>Nino Bixio<\/b><\/span><\/span><\/span><span style=\"color: #202020;\"><span style=\"font-family: Calibri, sans-serif;\"><span style=\"font-size: small;\">, dove \u00e8 stata attivata una <\/span><\/span><\/span><span style=\"color: #202020;\"><span style=\"font-family: Calibri, sans-serif;\"><span style=\"font-size: small;\"><b>strada scolastica<\/b><\/span><\/span><\/span><span style=\"color: #202020;\"><span style=\"font-family: Calibri, sans-serif;\"><span style=\"font-size: small;\"> che, allontanando il traffico dall\u2019edificio dove i bambini passano tante ore della loro giornata, evidenzia una media di circa 10 \u03bcg\/m\u00b3 inferiore a quella misurata nelle strade alle estremit\u00e0, dove ancora scorre il traffico. Insomma, <\/span><\/span><\/span><span style=\"color: #202020;\"><span style=\"font-family: Calibri, sans-serif;\"><span style=\"font-size: small;\"><b>Roma e le sue scuole sono ostaggio del traffico veicolare<\/b><\/span><\/span><\/span><span style=\"color: #202020;\"><span style=\"font-family: Calibri, sans-serif;\"><span style=\"font-size: small;\">, <\/span><\/span><\/span><span style=\"color: #202020;\"><span style=\"font-family: Calibri, sans-serif;\"><span style=\"font-size: small;\"><b>esponendo bambine e bambini a rischi altissimi per la propria salute, non solo fisica, ma anche per lo sviluppo cognitivo<\/b><\/span><\/span><\/span><span style=\"color: #202020;\"><span style=\"font-family: Calibri, sans-serif;\"><span style=\"font-size: small;\">. Le concentrazioni a cui sono sottoposti provocano inoltre l\u2019insorgenza di malattie respiratorie, aggravamento di situazioni preesistenti e, secondo uno degli ultimi <\/span><\/span><\/span><a href=\"https:\/\/cittadiniperlaria.us18.list-manage.com\/track\/click?u=8483f82b7373398b45043043a&amp;id=35c08f38ab&amp;e=755bc385d7\" target=\"_blank\" rel=\"noopener\"><span style=\"font-family: Calibri, sans-serif;\"><span style=\"font-size: small;\">rapporti<\/span><\/span><\/a><u> <\/u><span style=\"color: #202020;\"><span style=\"font-family: Calibri, sans-serif;\"><span style=\"font-size: small;\">dell\u2019<\/span><\/span><\/span><span style=\"color: #202020;\"><span style=\"font-family: Calibri, sans-serif;\"><span style=\"font-size: small;\"><b>Agenzia Europea dell\u2019Ambiente<\/b><\/span><\/span><\/span><span style=\"color: #202020;\"><span style=\"font-family: Calibri, sans-serif;\"><span style=\"font-size: small;\"> la <\/span><\/span><\/span><span style=\"color: #202020;\"><span style=\"font-family: Calibri, sans-serif;\"><span style=\"font-size: small;\"><b>morte prematura di circa 1.200 bambini l\u2019anno, in Europa<\/b><\/span><\/span><\/span><span style=\"color: #202020;\"><span style=\"font-family: Calibri, sans-serif;\"><span style=\"font-size: small;\">.<\/span><\/span><\/span><\/p>\n<p align=\"JUSTIFY\"><span style=\"color: #202020;\"><span style=\"font-family: Calibri, sans-serif;\"><span style=\"font-size: small;\">Un altro elemento che attira l\u2019attenzione guardando le mappe pubblicate sul sito dell\u2019associazione \u00e8 che, nonostante Roma sia dotata di grandi parchi, in alcune aree della citt\u00e0 il verde in citt\u00e0 \u00e8 ancora insufficiente. Fra i pochissimi punti di campionamento colorati di verde, inferiori al limite di legge previsto per il biossido di azoto, i valori pi\u00f9 contenuti rilevati sono proprio nelle grandi aree verdi: agli <strong><b>Orti urbani Tre Fontane<\/b><\/strong><strong> (25.8 \u03bcg\/m\u00b3<\/strong>), in zona <strong><b>Villa Ada<\/b><\/strong><strong> (26.9 \u03bcg\/m\u00b3)<\/strong>, a conferma del fatto che, oltre al ruolo fondamentale di contrasto delle isole di calore e di promozione della salute dei cittadini, le aree verdi risultano un\u2019infrastruttura fondamentale nel mitigare l\u2019inquinamento urbano. Il traffico, d\u2019altra parte, incide anche sulle aree verdi. Infatti, le concentrazioni rilevate dai campionatori posizionati nel centro di un&#8217;area verde &#8211; e quindi distanti dalle auto &#8211; sono molto inferiori a quelle dei punti di campionamento all\u2019interno dello stesso parco ma vicino alle arterie stradali. Ad esempio, nell\u2019<b>Orto Urbano Garbatella<\/b> i cittadini avevano posizionato due campionatori, uno interno e uno ancora interno al parco ma pi\u00f9 vicino alla <b>Via Cristoforo Colombo<\/b>: mentre il primo ha una concentrazione di <strong>37.6 \u03bcg\/m\u00b3<\/strong>, il secondo ne ha registrata una ben maggiore, pari a <strong>44.1\u03bcg\/m\u00b3<\/strong>. <b>L\u2019impatto delle emissioni del traffico si evidenzia ancor di pi\u00f9 dalle concentrazioni del campionatore posizionato proprio sulla Via Cristoforo Colombo, che raggiunge il valore di 66.7 \u03bcg\/m\u00b3<\/b><\/span><\/span><\/span><\/p>\n<p align=\"JUSTIFY\"><span style=\"color: #202020;\"><span style=\"font-family: Calibri, sans-serif;\"><span style=\"font-size: small;\">Occorre migliorare la qualit\u00e0 dell&#8217;aria intorno alle scuole e agli asili, attuare <\/span><\/span><\/span><strong><span style=\"color: #202020;\"><span style=\"font-family: Calibri, sans-serif;\"><span style=\"font-size: small;\"><b>Strade scolastiche<\/b><\/span><\/span><\/span><\/strong><strong><span style=\"color: #202020;\"><span style=\"font-family: Calibri, sans-serif;\"><span style=\"font-size: small;\">, dare<\/span><\/span><\/span><\/strong><span style=\"color: #202020;\"><span style=\"font-family: Calibri, sans-serif;\"><span style=\"font-size: small;\"> spazio ai bambini per muoversi e giocare in sicurezza. E a<\/span><\/span><\/span><strong><span style=\"color: #202020;\"><span style=\"font-family: Calibri, sans-serif;\"><span style=\"font-size: small;\">ncora <\/span><\/span><\/span><\/strong><strong><span style=\"color: #202020;\"><span style=\"font-family: Calibri, sans-serif;\"><span style=\"font-size: small;\"><b>pi\u00f9 verde, per l\u2019aria, il clima e la loro crescita sana<\/b><\/span><\/span><\/span><\/strong><strong><span style=\"color: #202020;\"><span style=\"font-family: Calibri, sans-serif;\"><span style=\"font-size: small;\">. Occorre investire maggiormente sullo sviluppo dei mezzi pubblici, della mobilit\u00e0 condivisa e sulle infrastrutture per la mobilit\u00e0 attiva. <\/span><\/span><\/span><\/strong><strong><span style=\"color: #202020;\"><span style=\"font-family: Calibri, sans-serif;\"><span style=\"font-size: small;\"><b>Il cambiamento \u00e8 necessario e non pi\u00f9 rinviabile se si vuole salvaguardare la salute pubblica e al contempo migliorare la vivibilit\u00e0 cittadina.<\/b><\/span><\/span><\/span><\/strong><\/p>\n<p align=\"JUSTIFY\"><strong><span style=\"color: #202020;\"><span style=\"font-family: Calibri, sans-serif;\"><span style=\"font-size: small;\"><b>Per approfondire<\/b><\/span><\/span><\/span><\/strong><strong><span style=\"color: #202020;\"><span style=\"font-family: Calibri, sans-serif;\"><span style=\"font-size: small;\">: <\/span><\/span><\/span><\/strong><strong><a href=\"https:\/\/www.cittadiniperlaria.org\/biossido-azoto-roma-aria-fuorilegge\/\"><span style=\"font-family: Calibri, sans-serif;\"><span style=\"font-size: small;\">https:\/\/www.cittadiniperlaria.org\/biossido-azoto-roma-aria-fuorilegge\/<\/span><\/span><\/a><\/strong><strong><span style=\"color: #202020;\"><span style=\"font-family: Calibri, sans-serif;\"><span style=\"font-size: small;\">. <\/span><\/span><\/span><\/strong><\/p>\n","protected":false},"excerpt":{"rendered":"<p>Come si sa, quasi sempre ignoriamo la qualit\u00e0 dell&#8217;aria che respiriamo. Eppure, l\u2019inquinamento atmosferico non \u00e8 invisibile. Oltre 500 cittadine e cittadini della Citt\u00e0 metropolitana di Roma, coordinati da Alessandra Grasso, nell&#8217;ambito della Campagna di scienza partecipata Salviamo l&#8217;aria: \u201cNO2&hellip;<\/p>\n","protected":false},"author":2106,"featured_media":1751503,"comment_status":"closed","ping_status":"closed","sticky":false,"template":"","format":"standard","meta":{"footnotes":""},"categories":[11388,59,47],"tags":[178,10949,3873],"class_list":["post-1751502","post","type-post","status-publish","format-standard","has-post-thumbnail","hentry","category-contenuti-originali","category-ambiente-ecologia","category-europa","tag-inquinamento","tag-qualita-dellaria","tag-roma"],"yoast_head":"<!-- This site is optimized with the Yoast SEO plugin v27.1.1 - https:\/\/yoast.com\/product\/yoast-seo-wordpress\/ -->\n<title>A Roma \u201ctira una brutta aria\u201d: il monitoraggio dei \u201cCittadini per l&#039;Aria\u201d<\/title>\n<meta name=\"description\" content=\"Oltre 500 cittadine e cittadini della Citt\u00e0 metropolitana di Roma, nell&#039;ambito della Campagna di scienza partecipata Salviamo l&#039;aria: \u201cNO2 NO GRAZIE!\u201d, hanno messo in luce le concentrazioni di biossido di azoto, dando cos\u00ec colore all\u2019inquinamento in citt\u00e0\" \/>\n<meta name=\"robots\" content=\"index, follow, max-snippet:-1, max-image-preview:large, max-video-preview:-1\" \/>\n<link rel=\"canonical\" href=\"https:\/\/www.pressenza.com\/it\/2023\/07\/a-roma-tira-una-brutta-aria-il-monitoraggio-dei-cittadini-per-laria\/\" \/>\n<meta property=\"og:locale\" content=\"it_IT\" \/>\n<meta property=\"og:type\" content=\"article\" \/>\n<meta property=\"og:title\" content=\"A Roma \u201ctira una brutta aria\u201d: il monitoraggio dei \u201cCittadini per l&#039;Aria\u201d\" \/>\n<meta property=\"og:description\" content=\"Oltre 500 cittadine e cittadini della Citt\u00e0 metropolitana di Roma, nell&#039;ambito della Campagna di scienza partecipata Salviamo l&#039;aria: \u201cNO2 NO GRAZIE!\u201d, hanno messo in luce le concentrazioni di biossido di azoto, dando cos\u00ec colore all\u2019inquinamento in citt\u00e0\" \/>\n<meta property=\"og:url\" content=\"https:\/\/www.pressenza.com\/it\/2023\/07\/a-roma-tira-una-brutta-aria-il-monitoraggio-dei-cittadini-per-laria\/\" \/>\n<meta property=\"og:site_name\" content=\"Pressenza\" \/>\n<meta property=\"article:publisher\" content=\"https:\/\/www.facebook.com\/PressenzaItalia\" \/>\n<meta property=\"article:published_time\" content=\"2023-07-13T17:38:41+00:00\" \/>\n<meta property=\"article:modified_time\" content=\"2023-07-13T17:49:19+00:00\" \/>\n<meta property=\"og:image\" content=\"https:\/\/www.pressenza.com\/wp-content\/uploads\/2023\/07\/Citta-torcia.jpg\" \/>\n\t<meta property=\"og:image:width\" content=\"820\" \/>\n\t<meta property=\"og:image:height\" content=\"536\" \/>\n\t<meta property=\"og:image:type\" content=\"image\/jpeg\" \/>\n<meta name=\"author\" content=\"Giovanni Caprio\" \/>\n<meta name=\"twitter:card\" content=\"summary_large_image\" \/>\n<meta name=\"twitter:creator\" content=\"@PressenzaIPA\" \/>\n<meta name=\"twitter:site\" content=\"@PressenzaIPA\" \/>\n<meta name=\"twitter:label1\" content=\"Scritto da\" \/>\n\t<meta name=\"twitter:data1\" content=\"Giovanni Caprio\" \/>\n\t<meta name=\"twitter:label2\" content=\"Tempo di lettura stimato\" \/>\n\t<meta name=\"twitter:data2\" content=\"7 minuti\" \/>\n<script type=\"application\/ld+json\" class=\"yoast-schema-graph\">{\"@context\":\"https:\/\/schema.org\",\"@graph\":[{\"@type\":\"Article\",\"@id\":\"https:\/\/www.pressenza.com\/it\/2023\/07\/a-roma-tira-una-brutta-aria-il-monitoraggio-dei-cittadini-per-laria\/#article\",\"isPartOf\":{\"@id\":\"https:\/\/www.pressenza.com\/it\/2023\/07\/a-roma-tira-una-brutta-aria-il-monitoraggio-dei-cittadini-per-laria\/\"},\"author\":{\"name\":\"Giovanni Caprio\",\"@id\":\"https:\/\/www.pressenza.com\/it\/#\/schema\/person\/841c36a613f4f6e80f5fbc9c1f8c32c8\"},\"headline\":\"A Roma \u201ctira una brutta aria\u201d: il monitoraggio dei \u201cCittadini per l&#8217;Aria\u201d\",\"datePublished\":\"2023-07-13T17:38:41+00:00\",\"dateModified\":\"2023-07-13T17:49:19+00:00\",\"mainEntityOfPage\":{\"@id\":\"https:\/\/www.pressenza.com\/it\/2023\/07\/a-roma-tira-una-brutta-aria-il-monitoraggio-dei-cittadini-per-laria\/\"},\"wordCount\":1178,\"publisher\":{\"@id\":\"https:\/\/www.pressenza.com\/it\/#organization\"},\"image\":{\"@id\":\"https:\/\/www.pressenza.com\/it\/2023\/07\/a-roma-tira-una-brutta-aria-il-monitoraggio-dei-cittadini-per-laria\/#primaryimage\"},\"thumbnailUrl\":\"https:\/\/www.pressenza.com\/wp-content\/uploads\/2023\/07\/Citta-torcia.jpg\",\"keywords\":[\"inquinamento\",\"qualit\u00e0 dell'aria\",\"Roma\"],\"articleSection\":[\"contenuti originali\",\"Ecologia ed Ambiente\",\"Europa\"],\"inLanguage\":\"it-IT\"},{\"@type\":\"WebPage\",\"@id\":\"https:\/\/www.pressenza.com\/it\/2023\/07\/a-roma-tira-una-brutta-aria-il-monitoraggio-dei-cittadini-per-laria\/\",\"url\":\"https:\/\/www.pressenza.com\/it\/2023\/07\/a-roma-tira-una-brutta-aria-il-monitoraggio-dei-cittadini-per-laria\/\",\"name\":\"A Roma \u201ctira una brutta aria\u201d: il monitoraggio dei \u201cCittadini per l'Aria\u201d\",\"isPartOf\":{\"@id\":\"https:\/\/www.pressenza.com\/it\/#website\"},\"primaryImageOfPage\":{\"@id\":\"https:\/\/www.pressenza.com\/it\/2023\/07\/a-roma-tira-una-brutta-aria-il-monitoraggio-dei-cittadini-per-laria\/#primaryimage\"},\"image\":{\"@id\":\"https:\/\/www.pressenza.com\/it\/2023\/07\/a-roma-tira-una-brutta-aria-il-monitoraggio-dei-cittadini-per-laria\/#primaryimage\"},\"thumbnailUrl\":\"https:\/\/www.pressenza.com\/wp-content\/uploads\/2023\/07\/Citta-torcia.jpg\",\"datePublished\":\"2023-07-13T17:38:41+00:00\",\"dateModified\":\"2023-07-13T17:49:19+00:00\",\"description\":\"Oltre 500 cittadine e cittadini della Citt\u00e0 metropolitana di Roma, nell'ambito della Campagna di scienza partecipata Salviamo l'aria: \u201cNO2 NO GRAZIE!\u201d, hanno messo in luce le concentrazioni di biossido di azoto, dando cos\u00ec colore all\u2019inquinamento in citt\u00e0\",\"breadcrumb\":{\"@id\":\"https:\/\/www.pressenza.com\/it\/2023\/07\/a-roma-tira-una-brutta-aria-il-monitoraggio-dei-cittadini-per-laria\/#breadcrumb\"},\"inLanguage\":\"it-IT\",\"potentialAction\":[{\"@type\":\"ReadAction\",\"target\":[\"https:\/\/www.pressenza.com\/it\/2023\/07\/a-roma-tira-una-brutta-aria-il-monitoraggio-dei-cittadini-per-laria\/\"]}]},{\"@type\":\"ImageObject\",\"inLanguage\":\"it-IT\",\"@id\":\"https:\/\/www.pressenza.com\/it\/2023\/07\/a-roma-tira-una-brutta-aria-il-monitoraggio-dei-cittadini-per-laria\/#primaryimage\",\"url\":\"https:\/\/www.pressenza.com\/wp-content\/uploads\/2023\/07\/Citta-torcia.jpg\",\"contentUrl\":\"https:\/\/www.pressenza.com\/wp-content\/uploads\/2023\/07\/Citta-torcia.jpg\",\"width\":820,\"height\":536},{\"@type\":\"BreadcrumbList\",\"@id\":\"https:\/\/www.pressenza.com\/it\/2023\/07\/a-roma-tira-una-brutta-aria-il-monitoraggio-dei-cittadini-per-laria\/#breadcrumb\",\"itemListElement\":[{\"@type\":\"ListItem\",\"position\":1,\"name\":\"Accueil\",\"item\":\"https:\/\/www.pressenza.com\/it\/\"},{\"@type\":\"ListItem\",\"position\":2,\"name\":\"A Roma \u201ctira una brutta aria\u201d: il monitoraggio dei \u201cCittadini per l&#8217;Aria\u201d\"}]},{\"@type\":\"WebSite\",\"@id\":\"https:\/\/www.pressenza.com\/it\/#website\",\"url\":\"https:\/\/www.pressenza.com\/it\/\",\"name\":\"Pressenza\",\"description\":\"Agenzia di Stampa Internazionale\",\"publisher\":{\"@id\":\"https:\/\/www.pressenza.com\/it\/#organization\"},\"potentialAction\":[{\"@type\":\"SearchAction\",\"target\":{\"@type\":\"EntryPoint\",\"urlTemplate\":\"https:\/\/www.pressenza.com\/it\/?s={search_term_string}\"},\"query-input\":{\"@type\":\"PropertyValueSpecification\",\"valueRequired\":true,\"valueName\":\"search_term_string\"}}],\"inLanguage\":\"it-IT\"},{\"@type\":\"Organization\",\"@id\":\"https:\/\/www.pressenza.com\/it\/#organization\",\"name\":\"Pressenza\",\"url\":\"https:\/\/www.pressenza.com\/it\/\",\"logo\":{\"@type\":\"ImageObject\",\"inLanguage\":\"it-IT\",\"@id\":\"https:\/\/www.pressenza.com\/it\/#\/schema\/logo\/image\/\",\"url\":\"https:\/\/www.pressenza.com\/wp-content\/uploads\/2022\/10\/pressenza_logo_200x200.jpg\",\"contentUrl\":\"https:\/\/www.pressenza.com\/wp-content\/uploads\/2022\/10\/pressenza_logo_200x200.jpg\",\"width\":200,\"height\":200,\"caption\":\"Pressenza\"},\"image\":{\"@id\":\"https:\/\/www.pressenza.com\/it\/#\/schema\/logo\/image\/\"},\"sameAs\":[\"https:\/\/www.facebook.com\/PressenzaItalia\",\"https:\/\/x.com\/PressenzaIPA\"]},{\"@type\":\"Person\",\"@id\":\"https:\/\/www.pressenza.com\/it\/#\/schema\/person\/841c36a613f4f6e80f5fbc9c1f8c32c8\",\"name\":\"Giovanni Caprio\",\"description\":\"Pubblicista, gi\u00e0 dirigente di istituzioni pubbliche e di fondazioni private. Si occupa di beni comuni, partecipazione e governo del territorio.\",\"url\":\"https:\/\/www.pressenza.com\/it\/author\/giovanni-caprio\/\"}]}<\/script>\n<!-- \/ Yoast SEO plugin. -->","yoast_head_json":{"title":"A Roma \u201ctira una brutta aria\u201d: il monitoraggio dei \u201cCittadini per l'Aria\u201d","description":"Oltre 500 cittadine e cittadini della Citt\u00e0 metropolitana di Roma, nell'ambito della Campagna di scienza partecipata Salviamo l'aria: \u201cNO2 NO GRAZIE!\u201d, hanno messo in luce le concentrazioni di biossido di azoto, dando cos\u00ec colore all\u2019inquinamento in citt\u00e0","robots":{"index":"index","follow":"follow","max-snippet":"max-snippet:-1","max-image-preview":"max-image-preview:large","max-video-preview":"max-video-preview:-1"},"canonical":"https:\/\/www.pressenza.com\/it\/2023\/07\/a-roma-tira-una-brutta-aria-il-monitoraggio-dei-cittadini-per-laria\/","og_locale":"it_IT","og_type":"article","og_title":"A Roma \u201ctira una brutta aria\u201d: il monitoraggio dei \u201cCittadini per l'Aria\u201d","og_description":"Oltre 500 cittadine e cittadini della Citt\u00e0 metropolitana di Roma, nell'ambito della Campagna di scienza partecipata Salviamo l'aria: \u201cNO2 NO GRAZIE!\u201d, hanno messo in luce le concentrazioni di biossido di azoto, dando cos\u00ec colore all\u2019inquinamento in citt\u00e0","og_url":"https:\/\/www.pressenza.com\/it\/2023\/07\/a-roma-tira-una-brutta-aria-il-monitoraggio-dei-cittadini-per-laria\/","og_site_name":"Pressenza","article_publisher":"https:\/\/www.facebook.com\/PressenzaItalia","article_published_time":"2023-07-13T17:38:41+00:00","article_modified_time":"2023-07-13T17:49:19+00:00","og_image":[{"width":820,"height":536,"url":"https:\/\/www.pressenza.com\/wp-content\/uploads\/2023\/07\/Citta-torcia.jpg","type":"image\/jpeg"}],"author":"Giovanni Caprio","twitter_card":"summary_large_image","twitter_creator":"@PressenzaIPA","twitter_site":"@PressenzaIPA","twitter_misc":{"Scritto da":"Giovanni Caprio","Tempo di lettura stimato":"7 minuti"},"schema":{"@context":"https:\/\/schema.org","@graph":[{"@type":"Article","@id":"https:\/\/www.pressenza.com\/it\/2023\/07\/a-roma-tira-una-brutta-aria-il-monitoraggio-dei-cittadini-per-laria\/#article","isPartOf":{"@id":"https:\/\/www.pressenza.com\/it\/2023\/07\/a-roma-tira-una-brutta-aria-il-monitoraggio-dei-cittadini-per-laria\/"},"author":{"name":"Giovanni Caprio","@id":"https:\/\/www.pressenza.com\/it\/#\/schema\/person\/841c36a613f4f6e80f5fbc9c1f8c32c8"},"headline":"A Roma \u201ctira una brutta aria\u201d: il monitoraggio dei \u201cCittadini per l&#8217;Aria\u201d","datePublished":"2023-07-13T17:38:41+00:00","dateModified":"2023-07-13T17:49:19+00:00","mainEntityOfPage":{"@id":"https:\/\/www.pressenza.com\/it\/2023\/07\/a-roma-tira-una-brutta-aria-il-monitoraggio-dei-cittadini-per-laria\/"},"wordCount":1178,"publisher":{"@id":"https:\/\/www.pressenza.com\/it\/#organization"},"image":{"@id":"https:\/\/www.pressenza.com\/it\/2023\/07\/a-roma-tira-una-brutta-aria-il-monitoraggio-dei-cittadini-per-laria\/#primaryimage"},"thumbnailUrl":"https:\/\/www.pressenza.com\/wp-content\/uploads\/2023\/07\/Citta-torcia.jpg","keywords":["inquinamento","qualit\u00e0 dell'aria","Roma"],"articleSection":["contenuti originali","Ecologia ed Ambiente","Europa"],"inLanguage":"it-IT"},{"@type":"WebPage","@id":"https:\/\/www.pressenza.com\/it\/2023\/07\/a-roma-tira-una-brutta-aria-il-monitoraggio-dei-cittadini-per-laria\/","url":"https:\/\/www.pressenza.com\/it\/2023\/07\/a-roma-tira-una-brutta-aria-il-monitoraggio-dei-cittadini-per-laria\/","name":"A Roma \u201ctira una brutta aria\u201d: il monitoraggio dei \u201cCittadini per l'Aria\u201d","isPartOf":{"@id":"https:\/\/www.pressenza.com\/it\/#website"},"primaryImageOfPage":{"@id":"https:\/\/www.pressenza.com\/it\/2023\/07\/a-roma-tira-una-brutta-aria-il-monitoraggio-dei-cittadini-per-laria\/#primaryimage"},"image":{"@id":"https:\/\/www.pressenza.com\/it\/2023\/07\/a-roma-tira-una-brutta-aria-il-monitoraggio-dei-cittadini-per-laria\/#primaryimage"},"thumbnailUrl":"https:\/\/www.pressenza.com\/wp-content\/uploads\/2023\/07\/Citta-torcia.jpg","datePublished":"2023-07-13T17:38:41+00:00","dateModified":"2023-07-13T17:49:19+00:00","description":"Oltre 500 cittadine e cittadini della Citt\u00e0 metropolitana di Roma, nell'ambito della Campagna di scienza partecipata Salviamo l'aria: \u201cNO2 NO GRAZIE!\u201d, hanno messo in luce le concentrazioni di biossido di azoto, dando cos\u00ec colore all\u2019inquinamento in citt\u00e0","breadcrumb":{"@id":"https:\/\/www.pressenza.com\/it\/2023\/07\/a-roma-tira-una-brutta-aria-il-monitoraggio-dei-cittadini-per-laria\/#breadcrumb"},"inLanguage":"it-IT","potentialAction":[{"@type":"ReadAction","target":["https:\/\/www.pressenza.com\/it\/2023\/07\/a-roma-tira-una-brutta-aria-il-monitoraggio-dei-cittadini-per-laria\/"]}]},{"@type":"ImageObject","inLanguage":"it-IT","@id":"https:\/\/www.pressenza.com\/it\/2023\/07\/a-roma-tira-una-brutta-aria-il-monitoraggio-dei-cittadini-per-laria\/#primaryimage","url":"https:\/\/www.pressenza.com\/wp-content\/uploads\/2023\/07\/Citta-torcia.jpg","contentUrl":"https:\/\/www.pressenza.com\/wp-content\/uploads\/2023\/07\/Citta-torcia.jpg","width":820,"height":536},{"@type":"BreadcrumbList","@id":"https:\/\/www.pressenza.com\/it\/2023\/07\/a-roma-tira-una-brutta-aria-il-monitoraggio-dei-cittadini-per-laria\/#breadcrumb","itemListElement":[{"@type":"ListItem","position":1,"name":"Accueil","item":"https:\/\/www.pressenza.com\/it\/"},{"@type":"ListItem","position":2,"name":"A Roma \u201ctira una brutta aria\u201d: il monitoraggio dei \u201cCittadini per l&#8217;Aria\u201d"}]},{"@type":"WebSite","@id":"https:\/\/www.pressenza.com\/it\/#website","url":"https:\/\/www.pressenza.com\/it\/","name":"Pressenza","description":"Agenzia di Stampa Internazionale","publisher":{"@id":"https:\/\/www.pressenza.com\/it\/#organization"},"potentialAction":[{"@type":"SearchAction","target":{"@type":"EntryPoint","urlTemplate":"https:\/\/www.pressenza.com\/it\/?s={search_term_string}"},"query-input":{"@type":"PropertyValueSpecification","valueRequired":true,"valueName":"search_term_string"}}],"inLanguage":"it-IT"},{"@type":"Organization","@id":"https:\/\/www.pressenza.com\/it\/#organization","name":"Pressenza","url":"https:\/\/www.pressenza.com\/it\/","logo":{"@type":"ImageObject","inLanguage":"it-IT","@id":"https:\/\/www.pressenza.com\/it\/#\/schema\/logo\/image\/","url":"https:\/\/www.pressenza.com\/wp-content\/uploads\/2022\/10\/pressenza_logo_200x200.jpg","contentUrl":"https:\/\/www.pressenza.com\/wp-content\/uploads\/2022\/10\/pressenza_logo_200x200.jpg","width":200,"height":200,"caption":"Pressenza"},"image":{"@id":"https:\/\/www.pressenza.com\/it\/#\/schema\/logo\/image\/"},"sameAs":["https:\/\/www.facebook.com\/PressenzaItalia","https:\/\/x.com\/PressenzaIPA"]},{"@type":"Person","@id":"https:\/\/www.pressenza.com\/it\/#\/schema\/person\/841c36a613f4f6e80f5fbc9c1f8c32c8","name":"Giovanni Caprio","description":"Pubblicista, gi\u00e0 dirigente di istituzioni pubbliche e di fondazioni private. Si occupa di beni comuni, partecipazione e governo del territorio.","url":"https:\/\/www.pressenza.com\/it\/author\/giovanni-caprio\/"}]}},"place":"","original_article_url":"","_links":{"self":[{"href":"https:\/\/www.pressenza.com\/it\/wp-json\/wp\/v2\/posts\/1751502","targetHints":{"allow":["GET"]}}],"collection":[{"href":"https:\/\/www.pressenza.com\/it\/wp-json\/wp\/v2\/posts"}],"about":[{"href":"https:\/\/www.pressenza.com\/it\/wp-json\/wp\/v2\/types\/post"}],"author":[{"embeddable":true,"href":"https:\/\/www.pressenza.com\/it\/wp-json\/wp\/v2\/users\/2106"}],"replies":[{"embeddable":true,"href":"https:\/\/www.pressenza.com\/it\/wp-json\/wp\/v2\/comments?post=1751502"}],"version-history":[{"count":0,"href":"https:\/\/www.pressenza.com\/it\/wp-json\/wp\/v2\/posts\/1751502\/revisions"}],"wp:featuredmedia":[{"embeddable":true,"href":"https:\/\/www.pressenza.com\/it\/wp-json\/wp\/v2\/media\/1751503"}],"wp:attachment":[{"href":"https:\/\/www.pressenza.com\/it\/wp-json\/wp\/v2\/media?parent=1751502"}],"wp:term":[{"taxonomy":"category","embeddable":true,"href":"https:\/\/www.pressenza.com\/it\/wp-json\/wp\/v2\/categories?post=1751502"},{"taxonomy":"post_tag","embeddable":true,"href":"https:\/\/www.pressenza.com\/it\/wp-json\/wp\/v2\/tags?post=1751502"}],"curies":[{"name":"wp","href":"https:\/\/api.w.org\/{rel}","templated":true}]}}