{"id":1750903,"date":"2023-07-10T06:40:40","date_gmt":"2023-07-10T05:40:40","guid":{"rendered":"https:\/\/www.pressenza.com\/?p=1750903"},"modified":"2023-07-10T06:40:40","modified_gmt":"2023-07-10T05:40:40","slug":"bendate-le-statue-in-piazza-della-liberta-a-udine","status":"publish","type":"post","link":"https:\/\/www.pressenza.com\/it\/2023\/07\/bendate-le-statue-in-piazza-della-liberta-a-udine\/","title":{"rendered":"Bendate le statue in piazza della Libert\u00e0 a Udine"},"content":{"rendered":"<p>Nella mattinata di domenica gli attivisti di Extinction Rebellion hanno bendato le statue di Ercole e Caco di Udine (Florean e Venturin per gli udinesi) e hanno occupato Piazza della Libert\u00e0 e la Loggia del Lionello con cartelli con scritto &#8220;Emergenza in corso, apriamo gli occhi sulla crisi climatica&#8221; o \u201cI governi sono immobili, entriamo in azione\u201d. Si sono poi bendati a loro volta ai piedi delle statue, ad aspettare le forze dell&#8217;ordine, come sempre avviene durante le azioni di disobbedienza civile poste in essere dal movimento.<br \/>\n\u201cSiamo in emergenza climatica e non possiamo pi\u00f9 permetterci di chiudere gli occhi, accettando la ridicolizzazione e repressione di chi agisce per far emergere una dura verit\u00e0\u201d dichiara Tommaso, attivista di Extinction Rebellion \u201cDobbiamo ascoltare quello che ci dice la comunit\u00e0 scientifica altrimenti vedremo avverarsi le previsioni di un collasso sociale gi\u00e0 annunciato. E\u2019 necessario cambiare rotta o saranno i cittadini a subirne le gravi conseguenze\u201d. Intervenuta la polizia, gli attivisti si sono identificati senza opporre resistenza, creando un clima di dialogo e compresione con le forze dell&#8217;ordine.<\/p>\n<p>L&#8217;azione, fortemente simbolica, \u00e8 stata lanciata da Scientist Rebellion e viene ripetuta da mesi ogni domenica contemporaneamente in numerose citt\u00e0 in tutta Europa e in Italia. In particolare ha fatto scalpore il caso di un attivista 21enne di Scientists Rebellion e Fridays for Future che, dopo aver compiuto questa stessa azione a Vercelli, domenica 16 aprile \u00e8 stato prelevato dalla sua abitazione dalla polizia, portato in Questura e denunciato ai sensi dell&#8217;art. 518 del codice penale [Il Fatto Quotidiano], rischiando la reclusione da due a cinque anni e la multa da euro 2.500 a euro 15.000. L&#8217;accusa \u00e8 di aver reso &#8220;in tutto o in parte inservibili o non fruibili beni culturali&#8221;, per aver posto una benda bianca su una statua.<\/p>\n<p>Ad oggi sono state bendate decine di statue, da attivisti e scienziati in Svezia, Francia, Germania, Belgio, Norvegia, Finlandia, Danimarca e Regno Unito con l\u2019intento di sottolineare la cecit\u00e0 dei governi e a denunciare il silenzio delle istituzioni di fronte agli innumerevoli avvertimenti della scienza, con particolare riferimento al contenuto dell&#8217;ultimo report IPCC, la sintesi rivolta ai decisori politici, pubblicata il 20 marzo 2023 [IPCC Syntheisis Report] in cui si afferma &#8220;Il riscaldamento climatico causato dall&#8217;uomo sta gi\u00e0 provocando eventi climatici estremi in ogni regione del pianeta, con impatti avversi e perdite e danni sul mondo naturale e sulle persone&#8221; rendendo dolorosamente chiaro che la crisi climatica e il disastro ecologico minacciano la nostra societ\u00e0 e la sopravvivenza stessa della nostra specie, richiedendo un&#8217;azione immediata ben pi\u00f9 pervasiva di quanto non si stia facendo attualmente.<\/p>\n<p>Gli attivisti si rivolgono anche ai governi locali: &#8220;La Regione Friuli Venezia Giulia e il Comune di Udine dimostrano di avere uno sguardo politico poco lungimirante, che continua ad anteporre il profitto al bene dei cittadini&#8221; dichiara Luigina &#8220;Non si sta tenendo conto degli sconvolgimenti che in regione si stanno gi\u00e0 verificando, tra siccit\u00e0, pessima qualit\u00e0 dell\u2019aria e sfruttamento indiscriminato delle risorse e del suolo&#8221;. Secondo gli attivisti questa miopia \u00e8 confermata dalle concessioni per la costruzione di nuovi impianti sciistici [RAINews], la cementificazione dei sentieri montani, il nuovo progetto dell\u2019acciaieria a San Giorgio di Nogaro [L&#8217;Indipendente] e i quattro impianti di falsa cogenerazione SIOT sull\u2019oleodotto transalpino, come sostenuto dal report dell\u2019Agenzia per l\u2019Energia del Friuli Venezia Giulia [Greenreport.it]<\/p>\n<p>Extinction Rebellion invita chiunque voglia replicare questa azione nella propria citt\u00e0 ad agire e a diventare parte del cambiamento per invertire la rotta del collasso eco-climatico.<\/p>\n<p>Extinction Rebellion<\/p>\n","protected":false},"excerpt":{"rendered":"<p>Nella mattinata di domenica gli attivisti di Extinction Rebellion hanno bendato le statue di Ercole e Caco di Udine (Florean e Venturin per gli udinesi) e hanno occupato Piazza della Libert\u00e0 e la Loggia del Lionello con cartelli con scritto&hellip;<\/p>\n","protected":false},"author":1696,"featured_media":1750904,"comment_status":"closed","ping_status":"closed","sticky":false,"template":"","format":"standard","meta":{"footnotes":""},"categories":[150,59,62,55],"tags":[100854,114378,101324],"class_list":["post-1750903","post","type-post","status-publish","format-standard","has-post-thumbnail","hentry","category-comunicati-stampa","category-ambiente-ecologia","category-economia","category-politica","tag-scientist-rebellion","tag-statue-bendate","tag-udine"],"yoast_head":"<!-- This site is optimized with the Yoast SEO plugin v27.1.1 - https:\/\/yoast.com\/product\/yoast-seo-wordpress\/ -->\n<title>Bendate le statue in piazza della Libert\u00e0 a Udine<\/title>\n<meta name=\"description\" content=\"Nella mattinata di domenica gli attivisti di Extinction Rebellion hanno bendato le statue di Ercole e Caco di Udine (Florean e Venturin per gli udinesi) e\" \/>\n<meta name=\"robots\" content=\"index, follow, max-snippet:-1, max-image-preview:large, max-video-preview:-1\" \/>\n<link rel=\"canonical\" href=\"https:\/\/www.pressenza.com\/it\/2023\/07\/bendate-le-statue-in-piazza-della-liberta-a-udine\/\" \/>\n<meta property=\"og:locale\" content=\"it_IT\" \/>\n<meta property=\"og:type\" content=\"article\" \/>\n<meta property=\"og:title\" content=\"Bendate le statue in piazza della Libert\u00e0 a Udine\" \/>\n<meta property=\"og:description\" content=\"Nella mattinata di domenica gli attivisti di Extinction Rebellion hanno bendato le statue di Ercole e Caco di Udine (Florean e Venturin per gli udinesi) e\" \/>\n<meta property=\"og:url\" content=\"https:\/\/www.pressenza.com\/it\/2023\/07\/bendate-le-statue-in-piazza-della-liberta-a-udine\/\" \/>\n<meta property=\"og:site_name\" content=\"Pressenza\" \/>\n<meta property=\"article:publisher\" content=\"https:\/\/www.facebook.com\/PressenzaItalia\" \/>\n<meta property=\"article:published_time\" content=\"2023-07-10T05:40:40+00:00\" \/>\n<meta property=\"og:image\" content=\"https:\/\/www.pressenza.com\/wp-content\/uploads\/2023\/07\/scientist-rebellion.jpg\" \/>\n\t<meta property=\"og:image:width\" content=\"1920\" \/>\n\t<meta property=\"og:image:height\" content=\"1078\" \/>\n\t<meta property=\"og:image:type\" content=\"image\/jpeg\" \/>\n<meta name=\"author\" content=\"Extinction Rebellion\" \/>\n<meta name=\"twitter:card\" content=\"summary_large_image\" \/>\n<meta name=\"twitter:creator\" content=\"@PressenzaIPA\" \/>\n<meta name=\"twitter:site\" content=\"@PressenzaIPA\" \/>\n<meta name=\"twitter:label1\" content=\"Scritto da\" \/>\n\t<meta name=\"twitter:data1\" content=\"Extinction Rebellion\" \/>\n<script type=\"application\/ld+json\" class=\"yoast-schema-graph\">{\"@context\":\"https:\/\/schema.org\",\"@graph\":[{\"@type\":\"Article\",\"@id\":\"https:\/\/www.pressenza.com\/it\/2023\/07\/bendate-le-statue-in-piazza-della-liberta-a-udine\/#article\",\"isPartOf\":{\"@id\":\"https:\/\/www.pressenza.com\/it\/2023\/07\/bendate-le-statue-in-piazza-della-liberta-a-udine\/\"},\"author\":{\"name\":\"Extinction Rebellion\",\"@id\":\"https:\/\/www.pressenza.com\/it\/#\/schema\/person\/469654e5f261458f78054b73ca6931aa\"},\"headline\":\"Bendate le statue in piazza della Libert\u00e0 a Udine\",\"datePublished\":\"2023-07-10T05:40:40+00:00\",\"mainEntityOfPage\":{\"@id\":\"https:\/\/www.pressenza.com\/it\/2023\/07\/bendate-le-statue-in-piazza-della-liberta-a-udine\/\"},\"wordCount\":593,\"publisher\":{\"@id\":\"https:\/\/www.pressenza.com\/it\/#organization\"},\"image\":{\"@id\":\"https:\/\/www.pressenza.com\/it\/2023\/07\/bendate-le-statue-in-piazza-della-liberta-a-udine\/#primaryimage\"},\"thumbnailUrl\":\"https:\/\/www.pressenza.com\/wp-content\/uploads\/2023\/07\/scientist-rebellion.jpg\",\"keywords\":[\"Scientist Rebellion\",\"statue bendate\",\"Udine\"],\"articleSection\":[\"Comunicati Stampa\",\"Ecologia ed Ambiente\",\"Economia\",\"Politica\"],\"inLanguage\":\"it-IT\"},{\"@type\":\"WebPage\",\"@id\":\"https:\/\/www.pressenza.com\/it\/2023\/07\/bendate-le-statue-in-piazza-della-liberta-a-udine\/\",\"url\":\"https:\/\/www.pressenza.com\/it\/2023\/07\/bendate-le-statue-in-piazza-della-liberta-a-udine\/\",\"name\":\"Bendate le statue in piazza della Libert\u00e0 a Udine\",\"isPartOf\":{\"@id\":\"https:\/\/www.pressenza.com\/it\/#website\"},\"primaryImageOfPage\":{\"@id\":\"https:\/\/www.pressenza.com\/it\/2023\/07\/bendate-le-statue-in-piazza-della-liberta-a-udine\/#primaryimage\"},\"image\":{\"@id\":\"https:\/\/www.pressenza.com\/it\/2023\/07\/bendate-le-statue-in-piazza-della-liberta-a-udine\/#primaryimage\"},\"thumbnailUrl\":\"https:\/\/www.pressenza.com\/wp-content\/uploads\/2023\/07\/scientist-rebellion.jpg\",\"datePublished\":\"2023-07-10T05:40:40+00:00\",\"description\":\"Nella mattinata di domenica gli attivisti di Extinction Rebellion hanno bendato le statue di Ercole e Caco di Udine (Florean e Venturin per gli udinesi) e\",\"breadcrumb\":{\"@id\":\"https:\/\/www.pressenza.com\/it\/2023\/07\/bendate-le-statue-in-piazza-della-liberta-a-udine\/#breadcrumb\"},\"inLanguage\":\"it-IT\",\"potentialAction\":[{\"@type\":\"ReadAction\",\"target\":[\"https:\/\/www.pressenza.com\/it\/2023\/07\/bendate-le-statue-in-piazza-della-liberta-a-udine\/\"]}]},{\"@type\":\"ImageObject\",\"inLanguage\":\"it-IT\",\"@id\":\"https:\/\/www.pressenza.com\/it\/2023\/07\/bendate-le-statue-in-piazza-della-liberta-a-udine\/#primaryimage\",\"url\":\"https:\/\/www.pressenza.com\/wp-content\/uploads\/2023\/07\/scientist-rebellion.jpg\",\"contentUrl\":\"https:\/\/www.pressenza.com\/wp-content\/uploads\/2023\/07\/scientist-rebellion.jpg\",\"width\":1920,\"height\":1078},{\"@type\":\"BreadcrumbList\",\"@id\":\"https:\/\/www.pressenza.com\/it\/2023\/07\/bendate-le-statue-in-piazza-della-liberta-a-udine\/#breadcrumb\",\"itemListElement\":[{\"@type\":\"ListItem\",\"position\":1,\"name\":\"Accueil\",\"item\":\"https:\/\/www.pressenza.com\/it\/\"},{\"@type\":\"ListItem\",\"position\":2,\"name\":\"Bendate le statue in piazza della Libert\u00e0 a Udine\"}]},{\"@type\":\"WebSite\",\"@id\":\"https:\/\/www.pressenza.com\/it\/#website\",\"url\":\"https:\/\/www.pressenza.com\/it\/\",\"name\":\"Pressenza\",\"description\":\"Agenzia di Stampa Internazionale\",\"publisher\":{\"@id\":\"https:\/\/www.pressenza.com\/it\/#organization\"},\"potentialAction\":[{\"@type\":\"SearchAction\",\"target\":{\"@type\":\"EntryPoint\",\"urlTemplate\":\"https:\/\/www.pressenza.com\/it\/?s={search_term_string}\"},\"query-input\":{\"@type\":\"PropertyValueSpecification\",\"valueRequired\":true,\"valueName\":\"search_term_string\"}}],\"inLanguage\":\"it-IT\"},{\"@type\":\"Organization\",\"@id\":\"https:\/\/www.pressenza.com\/it\/#organization\",\"name\":\"Pressenza\",\"url\":\"https:\/\/www.pressenza.com\/it\/\",\"logo\":{\"@type\":\"ImageObject\",\"inLanguage\":\"it-IT\",\"@id\":\"https:\/\/www.pressenza.com\/it\/#\/schema\/logo\/image\/\",\"url\":\"https:\/\/www.pressenza.com\/wp-content\/uploads\/2022\/10\/pressenza_logo_200x200.jpg\",\"contentUrl\":\"https:\/\/www.pressenza.com\/wp-content\/uploads\/2022\/10\/pressenza_logo_200x200.jpg\",\"width\":200,\"height\":200,\"caption\":\"Pressenza\"},\"image\":{\"@id\":\"https:\/\/www.pressenza.com\/it\/#\/schema\/logo\/image\/\"},\"sameAs\":[\"https:\/\/www.facebook.com\/PressenzaItalia\",\"https:\/\/x.com\/PressenzaIPA\"]},{\"@type\":\"Person\",\"@id\":\"https:\/\/www.pressenza.com\/it\/#\/schema\/person\/469654e5f261458f78054b73ca6931aa\",\"name\":\"Extinction Rebellion\",\"description\":\"Extinction Rebellion (XR) \u00e8 un movimento internazionale \u201cdal basso\u201d, nonviolento, fondato in Inghilterra in risposta alla devastazione ambientale causata dalle attivit\u00e0 umane. La sua ragione d\u2019essere si basa sui risultati scientifici.\",\"sameAs\":[\"https:\/\/rebellion.earth\/\"],\"url\":\"https:\/\/www.pressenza.com\/it\/author\/extinction-rebellion\/\"}]}<\/script>\n<!-- \/ Yoast SEO plugin. -->","yoast_head_json":{"title":"Bendate le statue in piazza della Libert\u00e0 a Udine","description":"Nella mattinata di domenica gli attivisti di Extinction Rebellion hanno bendato le statue di Ercole e Caco di Udine (Florean e Venturin per gli udinesi) e","robots":{"index":"index","follow":"follow","max-snippet":"max-snippet:-1","max-image-preview":"max-image-preview:large","max-video-preview":"max-video-preview:-1"},"canonical":"https:\/\/www.pressenza.com\/it\/2023\/07\/bendate-le-statue-in-piazza-della-liberta-a-udine\/","og_locale":"it_IT","og_type":"article","og_title":"Bendate le statue in piazza della Libert\u00e0 a Udine","og_description":"Nella mattinata di domenica gli attivisti di Extinction Rebellion hanno bendato le statue di Ercole e Caco di Udine (Florean e Venturin per gli udinesi) e","og_url":"https:\/\/www.pressenza.com\/it\/2023\/07\/bendate-le-statue-in-piazza-della-liberta-a-udine\/","og_site_name":"Pressenza","article_publisher":"https:\/\/www.facebook.com\/PressenzaItalia","article_published_time":"2023-07-10T05:40:40+00:00","og_image":[{"width":1920,"height":1078,"url":"https:\/\/www.pressenza.com\/wp-content\/uploads\/2023\/07\/scientist-rebellion.jpg","type":"image\/jpeg"}],"author":"Extinction Rebellion","twitter_card":"summary_large_image","twitter_creator":"@PressenzaIPA","twitter_site":"@PressenzaIPA","twitter_misc":{"Scritto da":"Extinction Rebellion"},"schema":{"@context":"https:\/\/schema.org","@graph":[{"@type":"Article","@id":"https:\/\/www.pressenza.com\/it\/2023\/07\/bendate-le-statue-in-piazza-della-liberta-a-udine\/#article","isPartOf":{"@id":"https:\/\/www.pressenza.com\/it\/2023\/07\/bendate-le-statue-in-piazza-della-liberta-a-udine\/"},"author":{"name":"Extinction Rebellion","@id":"https:\/\/www.pressenza.com\/it\/#\/schema\/person\/469654e5f261458f78054b73ca6931aa"},"headline":"Bendate le statue in piazza della Libert\u00e0 a Udine","datePublished":"2023-07-10T05:40:40+00:00","mainEntityOfPage":{"@id":"https:\/\/www.pressenza.com\/it\/2023\/07\/bendate-le-statue-in-piazza-della-liberta-a-udine\/"},"wordCount":593,"publisher":{"@id":"https:\/\/www.pressenza.com\/it\/#organization"},"image":{"@id":"https:\/\/www.pressenza.com\/it\/2023\/07\/bendate-le-statue-in-piazza-della-liberta-a-udine\/#primaryimage"},"thumbnailUrl":"https:\/\/www.pressenza.com\/wp-content\/uploads\/2023\/07\/scientist-rebellion.jpg","keywords":["Scientist Rebellion","statue bendate","Udine"],"articleSection":["Comunicati Stampa","Ecologia ed Ambiente","Economia","Politica"],"inLanguage":"it-IT"},{"@type":"WebPage","@id":"https:\/\/www.pressenza.com\/it\/2023\/07\/bendate-le-statue-in-piazza-della-liberta-a-udine\/","url":"https:\/\/www.pressenza.com\/it\/2023\/07\/bendate-le-statue-in-piazza-della-liberta-a-udine\/","name":"Bendate le statue in piazza della Libert\u00e0 a Udine","isPartOf":{"@id":"https:\/\/www.pressenza.com\/it\/#website"},"primaryImageOfPage":{"@id":"https:\/\/www.pressenza.com\/it\/2023\/07\/bendate-le-statue-in-piazza-della-liberta-a-udine\/#primaryimage"},"image":{"@id":"https:\/\/www.pressenza.com\/it\/2023\/07\/bendate-le-statue-in-piazza-della-liberta-a-udine\/#primaryimage"},"thumbnailUrl":"https:\/\/www.pressenza.com\/wp-content\/uploads\/2023\/07\/scientist-rebellion.jpg","datePublished":"2023-07-10T05:40:40+00:00","description":"Nella mattinata di domenica gli attivisti di Extinction Rebellion hanno bendato le statue di Ercole e Caco di Udine (Florean e Venturin per gli udinesi) e","breadcrumb":{"@id":"https:\/\/www.pressenza.com\/it\/2023\/07\/bendate-le-statue-in-piazza-della-liberta-a-udine\/#breadcrumb"},"inLanguage":"it-IT","potentialAction":[{"@type":"ReadAction","target":["https:\/\/www.pressenza.com\/it\/2023\/07\/bendate-le-statue-in-piazza-della-liberta-a-udine\/"]}]},{"@type":"ImageObject","inLanguage":"it-IT","@id":"https:\/\/www.pressenza.com\/it\/2023\/07\/bendate-le-statue-in-piazza-della-liberta-a-udine\/#primaryimage","url":"https:\/\/www.pressenza.com\/wp-content\/uploads\/2023\/07\/scientist-rebellion.jpg","contentUrl":"https:\/\/www.pressenza.com\/wp-content\/uploads\/2023\/07\/scientist-rebellion.jpg","width":1920,"height":1078},{"@type":"BreadcrumbList","@id":"https:\/\/www.pressenza.com\/it\/2023\/07\/bendate-le-statue-in-piazza-della-liberta-a-udine\/#breadcrumb","itemListElement":[{"@type":"ListItem","position":1,"name":"Accueil","item":"https:\/\/www.pressenza.com\/it\/"},{"@type":"ListItem","position":2,"name":"Bendate le statue in piazza della Libert\u00e0 a Udine"}]},{"@type":"WebSite","@id":"https:\/\/www.pressenza.com\/it\/#website","url":"https:\/\/www.pressenza.com\/it\/","name":"Pressenza","description":"Agenzia di Stampa Internazionale","publisher":{"@id":"https:\/\/www.pressenza.com\/it\/#organization"},"potentialAction":[{"@type":"SearchAction","target":{"@type":"EntryPoint","urlTemplate":"https:\/\/www.pressenza.com\/it\/?s={search_term_string}"},"query-input":{"@type":"PropertyValueSpecification","valueRequired":true,"valueName":"search_term_string"}}],"inLanguage":"it-IT"},{"@type":"Organization","@id":"https:\/\/www.pressenza.com\/it\/#organization","name":"Pressenza","url":"https:\/\/www.pressenza.com\/it\/","logo":{"@type":"ImageObject","inLanguage":"it-IT","@id":"https:\/\/www.pressenza.com\/it\/#\/schema\/logo\/image\/","url":"https:\/\/www.pressenza.com\/wp-content\/uploads\/2022\/10\/pressenza_logo_200x200.jpg","contentUrl":"https:\/\/www.pressenza.com\/wp-content\/uploads\/2022\/10\/pressenza_logo_200x200.jpg","width":200,"height":200,"caption":"Pressenza"},"image":{"@id":"https:\/\/www.pressenza.com\/it\/#\/schema\/logo\/image\/"},"sameAs":["https:\/\/www.facebook.com\/PressenzaItalia","https:\/\/x.com\/PressenzaIPA"]},{"@type":"Person","@id":"https:\/\/www.pressenza.com\/it\/#\/schema\/person\/469654e5f261458f78054b73ca6931aa","name":"Extinction Rebellion","description":"Extinction Rebellion (XR) \u00e8 un movimento internazionale \u201cdal basso\u201d, nonviolento, fondato in Inghilterra in risposta alla devastazione ambientale causata dalle attivit\u00e0 umane. La sua ragione d\u2019essere si basa sui risultati scientifici.","sameAs":["https:\/\/rebellion.earth\/"],"url":"https:\/\/www.pressenza.com\/it\/author\/extinction-rebellion\/"}]}},"place":"","original_article_url":"","_links":{"self":[{"href":"https:\/\/www.pressenza.com\/it\/wp-json\/wp\/v2\/posts\/1750903","targetHints":{"allow":["GET"]}}],"collection":[{"href":"https:\/\/www.pressenza.com\/it\/wp-json\/wp\/v2\/posts"}],"about":[{"href":"https:\/\/www.pressenza.com\/it\/wp-json\/wp\/v2\/types\/post"}],"author":[{"embeddable":true,"href":"https:\/\/www.pressenza.com\/it\/wp-json\/wp\/v2\/users\/1696"}],"replies":[{"embeddable":true,"href":"https:\/\/www.pressenza.com\/it\/wp-json\/wp\/v2\/comments?post=1750903"}],"version-history":[{"count":0,"href":"https:\/\/www.pressenza.com\/it\/wp-json\/wp\/v2\/posts\/1750903\/revisions"}],"wp:featuredmedia":[{"embeddable":true,"href":"https:\/\/www.pressenza.com\/it\/wp-json\/wp\/v2\/media\/1750904"}],"wp:attachment":[{"href":"https:\/\/www.pressenza.com\/it\/wp-json\/wp\/v2\/media?parent=1750903"}],"wp:term":[{"taxonomy":"category","embeddable":true,"href":"https:\/\/www.pressenza.com\/it\/wp-json\/wp\/v2\/categories?post=1750903"},{"taxonomy":"post_tag","embeddable":true,"href":"https:\/\/www.pressenza.com\/it\/wp-json\/wp\/v2\/tags?post=1750903"}],"curies":[{"name":"wp","href":"https:\/\/api.w.org\/{rel}","templated":true}]}}