{"id":1750685,"date":"2023-07-08T20:28:22","date_gmt":"2023-07-08T19:28:22","guid":{"rendered":"https:\/\/www.pressenza.com\/?p=1750685"},"modified":"2023-07-08T20:28:22","modified_gmt":"2023-07-08T19:28:22","slug":"oltre-duecento-persone-allassemblea-dei-movimenti-climatici-al-presidio-ex-gkn","status":"publish","type":"post","link":"https:\/\/www.pressenza.com\/it\/2023\/07\/oltre-duecento-persone-allassemblea-dei-movimenti-climatici-al-presidio-ex-gkn\/","title":{"rendered":"Oltre duecento persone all&#8217;assemblea dei movimenti climatici al presidio ex Gkn"},"content":{"rendered":"<p>Oltre duecento persone da diverse parti d&#8217;Italia e d&#8217;Europa hanno partecipato stamane presso il presidio ex Gkn a Campi Bisenzio all&#8217;assemblea &#8220;Lotte sindacali e climatiche: esperienze nazionali a confronto&#8221;. Testimonianze di attivisti climatici e sindacali dalla Germania e dalla Svizzera, a sottolineare come sia necessario, per contrastare il cambiamento climatico, un profondo cambiamento del sistema. <\/p>\n<p>La parola d&#8217;ordine \u00e8 convergenza internazionale, un obiettivo direttamente perseguito dal Collettivo di Fabbrica grazie ai vari Insorgiamo tour che si sono svolti nel nostro Paese, ma anche in vari Paesi europei come la Francia, la Germania e il Belgio, grazie alla presentazione dello spettacolo teatrale &#8220;Il Capitale&#8221;, un progetto Kepler 452 in collaborazione con il Collettivo di Fabbrica ex Gkn. La convergenza vedr\u00e0 altri appuntamenti dove consolidarsi, come il campeggio internazionale No Muos ad agosto o la World Climate Justice Conference a Milano a ottobre. L&#8217;assemblea internazionale si \u00e8 sviluppata all&#8217;interno della due giorni organizzata durante il secondo anniversario dell&#8217;invio dell&#8217;email da parte di Gkn e del Fondo finanziario Melrose che, di fatto, lasciava a casa quasi 500 persone e dava il via alla una delle lotte operaie pi\u00f9 rilevanti degli ultimi decenni.<\/p>\n<p>Un&#8217;assemblea che si \u00e8 divisa in quattro gruppi di lavoro [trasporti; reindustrializzazione e transizione ecologica; clima, diritti del lavoro ed economia internazionale; emersione delle nuove destre in Europa] e che ha messo a confronto esperienze internazionali per consolidare la progressiva integrazione tra lotte per il clima e lotte operaie. I punti trovati in comune sono l&#8217;intervento pubblico nelle imprese sotto il controllo dei lavoratori, per tenere assieme la necessaria transizione ecologica con la difesa dei diritti del lavoro, e di come le lotte per la tutela ambientale, come quelle contro l&#8217;apertura delle miniere estrattive in Europa, possano essere occasioni di convergenza.<\/p>\n<p>&#8220;L&#8217;assemblea di oggi segna un passaggio storico per la lotta del Collettivo di Fabbrica ex Gkn&#8221; sottolinea l&#8217;Rsu. &#8220;E&#8217; la formalizzazione del carattere internazionale di una lotta operaia che ha saputo resistere per due anni ai tentativi di licenziamento e all&#8217;assedio dell&#8217;attuale propriet\u00e0 che ha provato a strangolare centinaia di persone, una violenza contro un&#8217;intera comunit\u00e0 e un territorio sulla quale andr\u00e0 fatta chiarezza&#8221;. Il riferimento \u00e8 ai ritardi nel versamento della cassa integrazione e in particolar modo degli stipendi e delle spettanze che, solo in parte, \u00e8 stato sbloccato dall&#8217;azione di occupazione della Torre di San Niccol\u00f2. E soprattutto al tavolo ottenuto con Inps e Ispettorato del lavoro convocato per marted\u00ec prossimo.<\/p>\n","protected":false},"excerpt":{"rendered":"<p>Oltre duecento persone da diverse parti d&#8217;Italia e d&#8217;Europa hanno partecipato stamane presso il presidio ex Gkn a Campi Bisenzio all&#8217;assemblea &#8220;Lotte sindacali e climatiche: esperienze nazionali a confronto&#8221;. Testimonianze di attivisti climatici e sindacali dalla Germania e dalla Svizzera,&hellip;<\/p>\n","protected":false},"author":1712,"featured_media":1750686,"comment_status":"closed","ping_status":"closed","sticky":false,"template":"","format":"standard","meta":{"footnotes":""},"categories":[150,59],"tags":[2504,86147,93049],"class_list":["post-1750685","post","type-post","status-publish","format-standard","has-post-thumbnail","hentry","category-comunicati-stampa","category-ambiente-ecologia","tag-assemblea","tag-emergenza-ecologica","tag-gkn"],"yoast_head":"<!-- This site is optimized with the Yoast SEO plugin v27.1.1 - https:\/\/yoast.com\/product\/yoast-seo-wordpress\/ -->\n<title>Oltre duecento persone all&#039;assemblea dei movimenti climatici al presidio ex Gkn<\/title>\n<meta name=\"description\" content=\"Oltre duecento persone da diverse parti d&#039;Italia e d&#039;Europa hanno partecipato stamane presso il presidio ex Gkn a Campi Bisenzio all&#039;assemblea &quot;Lotte\" \/>\n<meta name=\"robots\" content=\"index, follow, max-snippet:-1, max-image-preview:large, max-video-preview:-1\" \/>\n<link rel=\"canonical\" href=\"https:\/\/www.pressenza.com\/it\/2023\/07\/oltre-duecento-persone-allassemblea-dei-movimenti-climatici-al-presidio-ex-gkn\/\" \/>\n<meta property=\"og:locale\" content=\"it_IT\" \/>\n<meta property=\"og:type\" content=\"article\" \/>\n<meta property=\"og:title\" content=\"Oltre duecento persone all&#039;assemblea dei movimenti climatici al presidio ex Gkn\" \/>\n<meta property=\"og:description\" content=\"Oltre duecento persone da diverse parti d&#039;Italia e d&#039;Europa hanno partecipato stamane presso il presidio ex Gkn a Campi Bisenzio all&#039;assemblea &quot;Lotte\" \/>\n<meta property=\"og:url\" content=\"https:\/\/www.pressenza.com\/it\/2023\/07\/oltre-duecento-persone-allassemblea-dei-movimenti-climatici-al-presidio-ex-gkn\/\" \/>\n<meta property=\"og:site_name\" content=\"Pressenza\" \/>\n<meta property=\"article:publisher\" content=\"https:\/\/www.facebook.com\/PressenzaItalia\" \/>\n<meta property=\"article:published_time\" content=\"2023-07-08T19:28:22+00:00\" \/>\n<meta property=\"og:image\" content=\"https:\/\/www.pressenza.com\/wp-content\/uploads\/2023\/07\/assemblea-ex-GKN.jpg\" \/>\n\t<meta property=\"og:image:width\" content=\"850\" \/>\n\t<meta property=\"og:image:height\" content=\"638\" \/>\n\t<meta property=\"og:image:type\" content=\"image\/jpeg\" \/>\n<meta name=\"author\" content=\"Redazione Toscana\" \/>\n<meta name=\"twitter:card\" content=\"summary_large_image\" \/>\n<meta name=\"twitter:creator\" content=\"@PressenzaIPA\" \/>\n<meta name=\"twitter:site\" content=\"@PressenzaIPA\" \/>\n<meta name=\"twitter:label1\" content=\"Scritto da\" \/>\n\t<meta name=\"twitter:data1\" content=\"Redazione Toscana\" \/>\n\t<meta name=\"twitter:label2\" content=\"Tempo di lettura stimato\" \/>\n\t<meta name=\"twitter:data2\" content=\"3 minuti\" \/>\n<script type=\"application\/ld+json\" class=\"yoast-schema-graph\">{\"@context\":\"https:\/\/schema.org\",\"@graph\":[{\"@type\":\"Article\",\"@id\":\"https:\/\/www.pressenza.com\/it\/2023\/07\/oltre-duecento-persone-allassemblea-dei-movimenti-climatici-al-presidio-ex-gkn\/#article\",\"isPartOf\":{\"@id\":\"https:\/\/www.pressenza.com\/it\/2023\/07\/oltre-duecento-persone-allassemblea-dei-movimenti-climatici-al-presidio-ex-gkn\/\"},\"author\":{\"name\":\"Redazione Toscana\",\"@id\":\"https:\/\/www.pressenza.com\/it\/#\/schema\/person\/4e3dce4e18e03345dd2deb3148d621d1\"},\"headline\":\"Oltre duecento persone all&#8217;assemblea dei movimenti climatici al presidio ex Gkn\",\"datePublished\":\"2023-07-08T19:28:22+00:00\",\"mainEntityOfPage\":{\"@id\":\"https:\/\/www.pressenza.com\/it\/2023\/07\/oltre-duecento-persone-allassemblea-dei-movimenti-climatici-al-presidio-ex-gkn\/\"},\"wordCount\":425,\"publisher\":{\"@id\":\"https:\/\/www.pressenza.com\/it\/#organization\"},\"image\":{\"@id\":\"https:\/\/www.pressenza.com\/it\/2023\/07\/oltre-duecento-persone-allassemblea-dei-movimenti-climatici-al-presidio-ex-gkn\/#primaryimage\"},\"thumbnailUrl\":\"https:\/\/www.pressenza.com\/wp-content\/uploads\/2023\/07\/assemblea-ex-GKN.jpg\",\"keywords\":[\"assemblea\",\"Emergenza Ecologica\",\"Gkn\"],\"articleSection\":[\"Comunicati Stampa\",\"Ecologia ed Ambiente\"],\"inLanguage\":\"it-IT\"},{\"@type\":\"WebPage\",\"@id\":\"https:\/\/www.pressenza.com\/it\/2023\/07\/oltre-duecento-persone-allassemblea-dei-movimenti-climatici-al-presidio-ex-gkn\/\",\"url\":\"https:\/\/www.pressenza.com\/it\/2023\/07\/oltre-duecento-persone-allassemblea-dei-movimenti-climatici-al-presidio-ex-gkn\/\",\"name\":\"Oltre duecento persone all'assemblea dei movimenti climatici al presidio ex Gkn\",\"isPartOf\":{\"@id\":\"https:\/\/www.pressenza.com\/it\/#website\"},\"primaryImageOfPage\":{\"@id\":\"https:\/\/www.pressenza.com\/it\/2023\/07\/oltre-duecento-persone-allassemblea-dei-movimenti-climatici-al-presidio-ex-gkn\/#primaryimage\"},\"image\":{\"@id\":\"https:\/\/www.pressenza.com\/it\/2023\/07\/oltre-duecento-persone-allassemblea-dei-movimenti-climatici-al-presidio-ex-gkn\/#primaryimage\"},\"thumbnailUrl\":\"https:\/\/www.pressenza.com\/wp-content\/uploads\/2023\/07\/assemblea-ex-GKN.jpg\",\"datePublished\":\"2023-07-08T19:28:22+00:00\",\"description\":\"Oltre duecento persone da diverse parti d'Italia e d'Europa hanno partecipato stamane presso il presidio ex Gkn a Campi Bisenzio all'assemblea \\\"Lotte\",\"breadcrumb\":{\"@id\":\"https:\/\/www.pressenza.com\/it\/2023\/07\/oltre-duecento-persone-allassemblea-dei-movimenti-climatici-al-presidio-ex-gkn\/#breadcrumb\"},\"inLanguage\":\"it-IT\",\"potentialAction\":[{\"@type\":\"ReadAction\",\"target\":[\"https:\/\/www.pressenza.com\/it\/2023\/07\/oltre-duecento-persone-allassemblea-dei-movimenti-climatici-al-presidio-ex-gkn\/\"]}]},{\"@type\":\"ImageObject\",\"inLanguage\":\"it-IT\",\"@id\":\"https:\/\/www.pressenza.com\/it\/2023\/07\/oltre-duecento-persone-allassemblea-dei-movimenti-climatici-al-presidio-ex-gkn\/#primaryimage\",\"url\":\"https:\/\/www.pressenza.com\/wp-content\/uploads\/2023\/07\/assemblea-ex-GKN.jpg\",\"contentUrl\":\"https:\/\/www.pressenza.com\/wp-content\/uploads\/2023\/07\/assemblea-ex-GKN.jpg\",\"width\":850,\"height\":638},{\"@type\":\"BreadcrumbList\",\"@id\":\"https:\/\/www.pressenza.com\/it\/2023\/07\/oltre-duecento-persone-allassemblea-dei-movimenti-climatici-al-presidio-ex-gkn\/#breadcrumb\",\"itemListElement\":[{\"@type\":\"ListItem\",\"position\":1,\"name\":\"Accueil\",\"item\":\"https:\/\/www.pressenza.com\/it\/\"},{\"@type\":\"ListItem\",\"position\":2,\"name\":\"Oltre duecento persone all&#8217;assemblea dei movimenti climatici al presidio ex Gkn\"}]},{\"@type\":\"WebSite\",\"@id\":\"https:\/\/www.pressenza.com\/it\/#website\",\"url\":\"https:\/\/www.pressenza.com\/it\/\",\"name\":\"Pressenza\",\"description\":\"Agenzia di Stampa Internazionale\",\"publisher\":{\"@id\":\"https:\/\/www.pressenza.com\/it\/#organization\"},\"potentialAction\":[{\"@type\":\"SearchAction\",\"target\":{\"@type\":\"EntryPoint\",\"urlTemplate\":\"https:\/\/www.pressenza.com\/it\/?s={search_term_string}\"},\"query-input\":{\"@type\":\"PropertyValueSpecification\",\"valueRequired\":true,\"valueName\":\"search_term_string\"}}],\"inLanguage\":\"it-IT\"},{\"@type\":\"Organization\",\"@id\":\"https:\/\/www.pressenza.com\/it\/#organization\",\"name\":\"Pressenza\",\"url\":\"https:\/\/www.pressenza.com\/it\/\",\"logo\":{\"@type\":\"ImageObject\",\"inLanguage\":\"it-IT\",\"@id\":\"https:\/\/www.pressenza.com\/it\/#\/schema\/logo\/image\/\",\"url\":\"https:\/\/www.pressenza.com\/wp-content\/uploads\/2022\/10\/pressenza_logo_200x200.jpg\",\"contentUrl\":\"https:\/\/www.pressenza.com\/wp-content\/uploads\/2022\/10\/pressenza_logo_200x200.jpg\",\"width\":200,\"height\":200,\"caption\":\"Pressenza\"},\"image\":{\"@id\":\"https:\/\/www.pressenza.com\/it\/#\/schema\/logo\/image\/\"},\"sameAs\":[\"https:\/\/www.facebook.com\/PressenzaItalia\",\"https:\/\/x.com\/PressenzaIPA\"]},{\"@type\":\"Person\",\"@id\":\"https:\/\/www.pressenza.com\/it\/#\/schema\/person\/4e3dce4e18e03345dd2deb3148d621d1\",\"name\":\"Redazione Toscana\",\"description\":\"News from the Pressenza Bureau in Tuscany, Italy\",\"url\":\"https:\/\/www.pressenza.com\/it\/author\/redazione-toscana\/\"}]}<\/script>\n<!-- \/ Yoast SEO plugin. -->","yoast_head_json":{"title":"Oltre duecento persone all'assemblea dei movimenti climatici al presidio ex Gkn","description":"Oltre duecento persone da diverse parti d'Italia e d'Europa hanno partecipato stamane presso il presidio ex Gkn a Campi Bisenzio all'assemblea \"Lotte","robots":{"index":"index","follow":"follow","max-snippet":"max-snippet:-1","max-image-preview":"max-image-preview:large","max-video-preview":"max-video-preview:-1"},"canonical":"https:\/\/www.pressenza.com\/it\/2023\/07\/oltre-duecento-persone-allassemblea-dei-movimenti-climatici-al-presidio-ex-gkn\/","og_locale":"it_IT","og_type":"article","og_title":"Oltre duecento persone all'assemblea dei movimenti climatici al presidio ex Gkn","og_description":"Oltre duecento persone da diverse parti d'Italia e d'Europa hanno partecipato stamane presso il presidio ex Gkn a Campi Bisenzio all'assemblea \"Lotte","og_url":"https:\/\/www.pressenza.com\/it\/2023\/07\/oltre-duecento-persone-allassemblea-dei-movimenti-climatici-al-presidio-ex-gkn\/","og_site_name":"Pressenza","article_publisher":"https:\/\/www.facebook.com\/PressenzaItalia","article_published_time":"2023-07-08T19:28:22+00:00","og_image":[{"width":850,"height":638,"url":"https:\/\/www.pressenza.com\/wp-content\/uploads\/2023\/07\/assemblea-ex-GKN.jpg","type":"image\/jpeg"}],"author":"Redazione Toscana","twitter_card":"summary_large_image","twitter_creator":"@PressenzaIPA","twitter_site":"@PressenzaIPA","twitter_misc":{"Scritto da":"Redazione Toscana","Tempo di lettura stimato":"3 minuti"},"schema":{"@context":"https:\/\/schema.org","@graph":[{"@type":"Article","@id":"https:\/\/www.pressenza.com\/it\/2023\/07\/oltre-duecento-persone-allassemblea-dei-movimenti-climatici-al-presidio-ex-gkn\/#article","isPartOf":{"@id":"https:\/\/www.pressenza.com\/it\/2023\/07\/oltre-duecento-persone-allassemblea-dei-movimenti-climatici-al-presidio-ex-gkn\/"},"author":{"name":"Redazione Toscana","@id":"https:\/\/www.pressenza.com\/it\/#\/schema\/person\/4e3dce4e18e03345dd2deb3148d621d1"},"headline":"Oltre duecento persone all&#8217;assemblea dei movimenti climatici al presidio ex Gkn","datePublished":"2023-07-08T19:28:22+00:00","mainEntityOfPage":{"@id":"https:\/\/www.pressenza.com\/it\/2023\/07\/oltre-duecento-persone-allassemblea-dei-movimenti-climatici-al-presidio-ex-gkn\/"},"wordCount":425,"publisher":{"@id":"https:\/\/www.pressenza.com\/it\/#organization"},"image":{"@id":"https:\/\/www.pressenza.com\/it\/2023\/07\/oltre-duecento-persone-allassemblea-dei-movimenti-climatici-al-presidio-ex-gkn\/#primaryimage"},"thumbnailUrl":"https:\/\/www.pressenza.com\/wp-content\/uploads\/2023\/07\/assemblea-ex-GKN.jpg","keywords":["assemblea","Emergenza Ecologica","Gkn"],"articleSection":["Comunicati Stampa","Ecologia ed Ambiente"],"inLanguage":"it-IT"},{"@type":"WebPage","@id":"https:\/\/www.pressenza.com\/it\/2023\/07\/oltre-duecento-persone-allassemblea-dei-movimenti-climatici-al-presidio-ex-gkn\/","url":"https:\/\/www.pressenza.com\/it\/2023\/07\/oltre-duecento-persone-allassemblea-dei-movimenti-climatici-al-presidio-ex-gkn\/","name":"Oltre duecento persone all'assemblea dei movimenti climatici al presidio ex Gkn","isPartOf":{"@id":"https:\/\/www.pressenza.com\/it\/#website"},"primaryImageOfPage":{"@id":"https:\/\/www.pressenza.com\/it\/2023\/07\/oltre-duecento-persone-allassemblea-dei-movimenti-climatici-al-presidio-ex-gkn\/#primaryimage"},"image":{"@id":"https:\/\/www.pressenza.com\/it\/2023\/07\/oltre-duecento-persone-allassemblea-dei-movimenti-climatici-al-presidio-ex-gkn\/#primaryimage"},"thumbnailUrl":"https:\/\/www.pressenza.com\/wp-content\/uploads\/2023\/07\/assemblea-ex-GKN.jpg","datePublished":"2023-07-08T19:28:22+00:00","description":"Oltre duecento persone da diverse parti d'Italia e d'Europa hanno partecipato stamane presso il presidio ex Gkn a Campi Bisenzio all'assemblea \"Lotte","breadcrumb":{"@id":"https:\/\/www.pressenza.com\/it\/2023\/07\/oltre-duecento-persone-allassemblea-dei-movimenti-climatici-al-presidio-ex-gkn\/#breadcrumb"},"inLanguage":"it-IT","potentialAction":[{"@type":"ReadAction","target":["https:\/\/www.pressenza.com\/it\/2023\/07\/oltre-duecento-persone-allassemblea-dei-movimenti-climatici-al-presidio-ex-gkn\/"]}]},{"@type":"ImageObject","inLanguage":"it-IT","@id":"https:\/\/www.pressenza.com\/it\/2023\/07\/oltre-duecento-persone-allassemblea-dei-movimenti-climatici-al-presidio-ex-gkn\/#primaryimage","url":"https:\/\/www.pressenza.com\/wp-content\/uploads\/2023\/07\/assemblea-ex-GKN.jpg","contentUrl":"https:\/\/www.pressenza.com\/wp-content\/uploads\/2023\/07\/assemblea-ex-GKN.jpg","width":850,"height":638},{"@type":"BreadcrumbList","@id":"https:\/\/www.pressenza.com\/it\/2023\/07\/oltre-duecento-persone-allassemblea-dei-movimenti-climatici-al-presidio-ex-gkn\/#breadcrumb","itemListElement":[{"@type":"ListItem","position":1,"name":"Accueil","item":"https:\/\/www.pressenza.com\/it\/"},{"@type":"ListItem","position":2,"name":"Oltre duecento persone all&#8217;assemblea dei movimenti climatici al presidio ex Gkn"}]},{"@type":"WebSite","@id":"https:\/\/www.pressenza.com\/it\/#website","url":"https:\/\/www.pressenza.com\/it\/","name":"Pressenza","description":"Agenzia di Stampa Internazionale","publisher":{"@id":"https:\/\/www.pressenza.com\/it\/#organization"},"potentialAction":[{"@type":"SearchAction","target":{"@type":"EntryPoint","urlTemplate":"https:\/\/www.pressenza.com\/it\/?s={search_term_string}"},"query-input":{"@type":"PropertyValueSpecification","valueRequired":true,"valueName":"search_term_string"}}],"inLanguage":"it-IT"},{"@type":"Organization","@id":"https:\/\/www.pressenza.com\/it\/#organization","name":"Pressenza","url":"https:\/\/www.pressenza.com\/it\/","logo":{"@type":"ImageObject","inLanguage":"it-IT","@id":"https:\/\/www.pressenza.com\/it\/#\/schema\/logo\/image\/","url":"https:\/\/www.pressenza.com\/wp-content\/uploads\/2022\/10\/pressenza_logo_200x200.jpg","contentUrl":"https:\/\/www.pressenza.com\/wp-content\/uploads\/2022\/10\/pressenza_logo_200x200.jpg","width":200,"height":200,"caption":"Pressenza"},"image":{"@id":"https:\/\/www.pressenza.com\/it\/#\/schema\/logo\/image\/"},"sameAs":["https:\/\/www.facebook.com\/PressenzaItalia","https:\/\/x.com\/PressenzaIPA"]},{"@type":"Person","@id":"https:\/\/www.pressenza.com\/it\/#\/schema\/person\/4e3dce4e18e03345dd2deb3148d621d1","name":"Redazione Toscana","description":"News from the Pressenza Bureau in Tuscany, Italy","url":"https:\/\/www.pressenza.com\/it\/author\/redazione-toscana\/"}]}},"place":"Campi Bisenzio (FI)","original_article_url":"","_links":{"self":[{"href":"https:\/\/www.pressenza.com\/it\/wp-json\/wp\/v2\/posts\/1750685","targetHints":{"allow":["GET"]}}],"collection":[{"href":"https:\/\/www.pressenza.com\/it\/wp-json\/wp\/v2\/posts"}],"about":[{"href":"https:\/\/www.pressenza.com\/it\/wp-json\/wp\/v2\/types\/post"}],"author":[{"embeddable":true,"href":"https:\/\/www.pressenza.com\/it\/wp-json\/wp\/v2\/users\/1712"}],"replies":[{"embeddable":true,"href":"https:\/\/www.pressenza.com\/it\/wp-json\/wp\/v2\/comments?post=1750685"}],"version-history":[{"count":0,"href":"https:\/\/www.pressenza.com\/it\/wp-json\/wp\/v2\/posts\/1750685\/revisions"}],"wp:featuredmedia":[{"embeddable":true,"href":"https:\/\/www.pressenza.com\/it\/wp-json\/wp\/v2\/media\/1750686"}],"wp:attachment":[{"href":"https:\/\/www.pressenza.com\/it\/wp-json\/wp\/v2\/media?parent=1750685"}],"wp:term":[{"taxonomy":"category","embeddable":true,"href":"https:\/\/www.pressenza.com\/it\/wp-json\/wp\/v2\/categories?post=1750685"},{"taxonomy":"post_tag","embeddable":true,"href":"https:\/\/www.pressenza.com\/it\/wp-json\/wp\/v2\/tags?post=1750685"}],"curies":[{"name":"wp","href":"https:\/\/api.w.org\/{rel}","templated":true}]}}