{"id":174912,"date":"2015-04-04T14:37:17","date_gmt":"2015-04-04T13:37:17","guid":{"rendered":"http:\/\/www.pressenza.com\/?p=174912"},"modified":"2015-04-04T14:37:17","modified_gmt":"2015-04-04T13:37:17","slug":"un-ricordo-di-renato-solmi","status":"publish","type":"post","link":"https:\/\/www.pressenza.com\/it\/2015\/04\/un-ricordo-di-renato-solmi\/","title":{"rendered":"Un ricordo di Renato Solmi"},"content":{"rendered":"<p><strong>di Nanni Salio<\/strong><\/p>\n<p>Ho avuto modo di conoscere due Renato Solmi. Il primo, che ho frequentato saltuariamente, \u00e8 la figura pi\u00f9 nota e ricordata dello studioso, abilissimo traduttore, germanista, intellettuale di sinistra attivo nell\u2019ambiente culturale einaudiano degli anni 1950-1970.<\/p>\n<p>Il secono Rentato Solmi \u00e8 quello, meno noto, ma a me pi\u00f9 caro e importante, dell\u2019attivista per la pace e la nonviolenza. Un interesse sorto sin dai tempi dei lavori di G\u00fcnther Anders sulla minaccia di sterminio nucleare, ma maturato lentamente e pi\u00f9 in profondit\u00e0 man mano che si avvicin\u00f2 al Movimento Nonviolento, fondato da Aldo Capitini, sino a diventare un assiduo frequentatore e sostenitore del Centro Studi Sereno Regis.<\/p>\n<p>In questa seconda parte della sua vita continu\u00f2 a dare il suo contributo con la traduzione di articoli di autori importanti come Jonathan Schell (noto per il best seller degli anni \u201980 <i>Il destino della Terra, <\/i>Mondadori, Milano 1982, e pi\u00f9 in generale per la sua opera di denuncia e divulgazione della minaccia nucleare) e di altri come Jan Oberg, direttore della TFF (<i>Transnational Foundation for Peace and Future Research<\/i>) e ricercatore della rete <i>Tanscend <\/i>fondata da Johan Galtung, noto per i suoi lavori di <i>peace research<\/i>.<\/p>\n<p>Nelle riunioni, nei seminari e nei convegni del Movimento Nonviolento, Renato portava la sua carica di indignazione, simile a quella di St\u00e9phane Hessel, per la follia della guerra e in particolare delle tecniche di bombardamento aereo che si sono imposte a partire dalla seconda guerra mondiale. La sua radicale proposta di un bando dei bombardamenti non solo non fu mai presa in considerazione a livello istituzionale, ma gli sviluppi successivi hanno portato a progettare una tecnologia ancora pi\u00f9 distruttiva e feroce, quella dei droni.<\/p>\n<p>Un ricordo di Renato mi \u00e8 particolarmente caro: veniva ai momenti convivivali che spesso seguono le nostre riunioni, portando il suo contributo, felice di partecipare perch\u00e9, come mi disse una volta, \u201cnel movimento nonviolento ho trovato degli amici\u201d.<\/p>\n<p>Negli ultimi tempi mi parlava delle sue ultime traduzioni che avrebbe voluto pubblicare. Una nuova edizione dell\u2019opera di Clausewitz, a suo parere non tradotta correttamente, e soprattutto l\u2019enorme impresa di tradurre integralmente le poesie di Emily Dickhinson, una passione per la poesia ereditata dal padre.<\/p>\n<p>Lo faremo sicuramente felice e lo ricorderemo nel modo pi\u00f9 significativo se riusciremo a pubblicare, postumi, questi suoi ultimi lavori.<\/p>\n","protected":false},"excerpt":{"rendered":"<p>di Nanni Salio Ho avuto modo di conoscere due Renato Solmi. Il primo, che ho frequentato saltuariamente, \u00e8 la figura pi\u00f9 nota e ricordata dello studioso, abilissimo traduttore, germanista, intellettuale di sinistra attivo nell\u2019ambiente culturale einaudiano degli anni 1950-1970. Il&hellip;<\/p>\n","protected":false},"author":766,"featured_media":174913,"comment_status":"closed","ping_status":"open","sticky":false,"template":"","format":"standard","meta":{"footnotes":""},"categories":[47,1262],"tags":[6371,7657,460],"class_list":["post-174912","post","type-post","status-publish","format-standard","has-post-thumbnail","hentry","category-europa","category-nonviolenza-argomento","tag-aldo-capitini","tag-nanni-salio","tag-nonviolenza"],"yoast_head":"<!-- This site is optimized with the Yoast SEO plugin v27.1.1 - https:\/\/yoast.com\/product\/yoast-seo-wordpress\/ -->\n<title>Un ricordo di Renato Solmi<\/title>\n<meta name=\"description\" content=\"di Nanni Salio Ho avuto modo di conoscere due Renato Solmi. Il primo, che ho frequentato saltuariamente, \u00e8 la figura pi\u00f9 nota e ricordata dello studioso,\" \/>\n<meta name=\"robots\" content=\"index, follow, max-snippet:-1, max-image-preview:large, max-video-preview:-1\" \/>\n<link rel=\"canonical\" href=\"https:\/\/www.pressenza.com\/it\/2015\/04\/un-ricordo-di-renato-solmi\/\" \/>\n<meta property=\"og:locale\" content=\"it_IT\" \/>\n<meta property=\"og:type\" content=\"article\" \/>\n<meta property=\"og:title\" content=\"Un ricordo di Renato Solmi\" \/>\n<meta property=\"og:description\" content=\"di Nanni Salio Ho avuto modo di conoscere due Renato Solmi. Il primo, che ho frequentato saltuariamente, \u00e8 la figura pi\u00f9 nota e ricordata dello studioso,\" \/>\n<meta property=\"og:url\" content=\"https:\/\/www.pressenza.com\/it\/2015\/04\/un-ricordo-di-renato-solmi\/\" \/>\n<meta property=\"og:site_name\" content=\"Pressenza\" \/>\n<meta property=\"article:publisher\" content=\"https:\/\/www.facebook.com\/PressenzaItalia\" \/>\n<meta property=\"article:author\" content=\"https:\/\/www.facebook.com\/serenoregis\" \/>\n<meta property=\"article:published_time\" content=\"2015-04-04T13:37:17+00:00\" \/>\n<meta property=\"og:image\" content=\"https:\/\/www.pressenza.com\/wp-content\/uploads\/2015\/04\/renato_solmi-copia.jpg\" \/>\n\t<meta property=\"og:image:width\" content=\"570\" \/>\n\t<meta property=\"og:image:height\" content=\"379\" \/>\n\t<meta property=\"og:image:type\" content=\"image\/jpeg\" \/>\n<meta name=\"author\" content=\"Centro Sereno Regis\" \/>\n<meta name=\"twitter:card\" content=\"summary_large_image\" \/>\n<meta name=\"twitter:creator\" content=\"@Sereno_Regis\" \/>\n<meta name=\"twitter:site\" content=\"@PressenzaIPA\" \/>\n<meta name=\"twitter:label1\" content=\"Scritto da\" \/>\n\t<meta name=\"twitter:data1\" content=\"Centro Sereno Regis\" \/>\n\t<meta name=\"twitter:label2\" content=\"Tempo di lettura stimato\" \/>\n\t<meta name=\"twitter:data2\" content=\"2 minuti\" \/>\n<script type=\"application\/ld+json\" class=\"yoast-schema-graph\">{\"@context\":\"https:\/\/schema.org\",\"@graph\":[{\"@type\":\"Article\",\"@id\":\"https:\/\/www.pressenza.com\/it\/2015\/04\/un-ricordo-di-renato-solmi\/#article\",\"isPartOf\":{\"@id\":\"https:\/\/www.pressenza.com\/it\/2015\/04\/un-ricordo-di-renato-solmi\/\"},\"author\":{\"name\":\"Centro Sereno Regis\",\"@id\":\"https:\/\/www.pressenza.com\/it\/#\/schema\/person\/d8d4bb868e9033b87b22f9ac47dfc5d3\"},\"headline\":\"Un ricordo di Renato Solmi\",\"datePublished\":\"2015-04-04T13:37:17+00:00\",\"mainEntityOfPage\":{\"@id\":\"https:\/\/www.pressenza.com\/it\/2015\/04\/un-ricordo-di-renato-solmi\/\"},\"wordCount\":389,\"publisher\":{\"@id\":\"https:\/\/www.pressenza.com\/it\/#organization\"},\"image\":{\"@id\":\"https:\/\/www.pressenza.com\/it\/2015\/04\/un-ricordo-di-renato-solmi\/#primaryimage\"},\"thumbnailUrl\":\"https:\/\/www.pressenza.com\/wp-content\/uploads\/2015\/04\/renato_solmi-copia.jpg\",\"keywords\":[\"Aldo Capitini\",\"Nanni Salio\",\"nonviolenza\"],\"articleSection\":[\"Europa\",\"Nonviolenza\"],\"inLanguage\":\"it-IT\"},{\"@type\":\"WebPage\",\"@id\":\"https:\/\/www.pressenza.com\/it\/2015\/04\/un-ricordo-di-renato-solmi\/\",\"url\":\"https:\/\/www.pressenza.com\/it\/2015\/04\/un-ricordo-di-renato-solmi\/\",\"name\":\"Un ricordo di Renato Solmi\",\"isPartOf\":{\"@id\":\"https:\/\/www.pressenza.com\/it\/#website\"},\"primaryImageOfPage\":{\"@id\":\"https:\/\/www.pressenza.com\/it\/2015\/04\/un-ricordo-di-renato-solmi\/#primaryimage\"},\"image\":{\"@id\":\"https:\/\/www.pressenza.com\/it\/2015\/04\/un-ricordo-di-renato-solmi\/#primaryimage\"},\"thumbnailUrl\":\"https:\/\/www.pressenza.com\/wp-content\/uploads\/2015\/04\/renato_solmi-copia.jpg\",\"datePublished\":\"2015-04-04T13:37:17+00:00\",\"description\":\"di Nanni Salio Ho avuto modo di conoscere due Renato Solmi. Il primo, che ho frequentato saltuariamente, \u00e8 la figura pi\u00f9 nota e ricordata dello studioso,\",\"breadcrumb\":{\"@id\":\"https:\/\/www.pressenza.com\/it\/2015\/04\/un-ricordo-di-renato-solmi\/#breadcrumb\"},\"inLanguage\":\"it-IT\",\"potentialAction\":[{\"@type\":\"ReadAction\",\"target\":[\"https:\/\/www.pressenza.com\/it\/2015\/04\/un-ricordo-di-renato-solmi\/\"]}]},{\"@type\":\"ImageObject\",\"inLanguage\":\"it-IT\",\"@id\":\"https:\/\/www.pressenza.com\/it\/2015\/04\/un-ricordo-di-renato-solmi\/#primaryimage\",\"url\":\"https:\/\/www.pressenza.com\/wp-content\/uploads\/2015\/04\/renato_solmi-copia.jpg\",\"contentUrl\":\"https:\/\/www.pressenza.com\/wp-content\/uploads\/2015\/04\/renato_solmi-copia.jpg\",\"width\":570,\"height\":379},{\"@type\":\"BreadcrumbList\",\"@id\":\"https:\/\/www.pressenza.com\/it\/2015\/04\/un-ricordo-di-renato-solmi\/#breadcrumb\",\"itemListElement\":[{\"@type\":\"ListItem\",\"position\":1,\"name\":\"Accueil\",\"item\":\"https:\/\/www.pressenza.com\/it\/\"},{\"@type\":\"ListItem\",\"position\":2,\"name\":\"Un ricordo di Renato Solmi\"}]},{\"@type\":\"WebSite\",\"@id\":\"https:\/\/www.pressenza.com\/it\/#website\",\"url\":\"https:\/\/www.pressenza.com\/it\/\",\"name\":\"Pressenza\",\"description\":\"Agenzia di Stampa Internazionale\",\"publisher\":{\"@id\":\"https:\/\/www.pressenza.com\/it\/#organization\"},\"potentialAction\":[{\"@type\":\"SearchAction\",\"target\":{\"@type\":\"EntryPoint\",\"urlTemplate\":\"https:\/\/www.pressenza.com\/it\/?s={search_term_string}\"},\"query-input\":{\"@type\":\"PropertyValueSpecification\",\"valueRequired\":true,\"valueName\":\"search_term_string\"}}],\"inLanguage\":\"it-IT\"},{\"@type\":\"Organization\",\"@id\":\"https:\/\/www.pressenza.com\/it\/#organization\",\"name\":\"Pressenza\",\"url\":\"https:\/\/www.pressenza.com\/it\/\",\"logo\":{\"@type\":\"ImageObject\",\"inLanguage\":\"it-IT\",\"@id\":\"https:\/\/www.pressenza.com\/it\/#\/schema\/logo\/image\/\",\"url\":\"https:\/\/www.pressenza.com\/wp-content\/uploads\/2022\/10\/pressenza_logo_200x200.jpg\",\"contentUrl\":\"https:\/\/www.pressenza.com\/wp-content\/uploads\/2022\/10\/pressenza_logo_200x200.jpg\",\"width\":200,\"height\":200,\"caption\":\"Pressenza\"},\"image\":{\"@id\":\"https:\/\/www.pressenza.com\/it\/#\/schema\/logo\/image\/\"},\"sameAs\":[\"https:\/\/www.facebook.com\/PressenzaItalia\",\"https:\/\/x.com\/PressenzaIPA\"]},{\"@type\":\"Person\",\"@id\":\"https:\/\/www.pressenza.com\/it\/#\/schema\/person\/d8d4bb868e9033b87b22f9ac47dfc5d3\",\"name\":\"Centro Sereno Regis\",\"description\":\"Il Centro Studi Sereno Regis \u00e8 una ONLUS (Organizzazione Non Lucrativa di Utilit\u00e0 Sociale) che promuove programmi di ricerca, educazione e azione sui temi della partecipazione politica, della difesa popolare nonviolenta, dell\u2019educazione alla pace e all\u2019interculturalit\u00e0, della trasformazione nonviolenta dei conflitti, dei modelli di sviluppo, delle energie rinnovabili e dell\u2019ecologia. Il Centro Studi \u00e8 stato costituito nel 1982 su iniziativa del Movimento Internazionale della Riconciliazione (MIR) e del Movimento Nonviolento (MN), attivi nella nostra regione sin dalla seconda met\u00e0 degli anni \u201960. serenoregis.org\/\",\"sameAs\":[\"https:\/\/www.facebook.com\/serenoregis\",\"https:\/\/x.com\/Sereno_Regis\"],\"url\":\"https:\/\/www.pressenza.com\/it\/author\/centro-sereno-regis\/\"}]}<\/script>\n<!-- \/ Yoast SEO plugin. -->","yoast_head_json":{"title":"Un ricordo di Renato Solmi","description":"di Nanni Salio Ho avuto modo di conoscere due Renato Solmi. Il primo, che ho frequentato saltuariamente, \u00e8 la figura pi\u00f9 nota e ricordata dello studioso,","robots":{"index":"index","follow":"follow","max-snippet":"max-snippet:-1","max-image-preview":"max-image-preview:large","max-video-preview":"max-video-preview:-1"},"canonical":"https:\/\/www.pressenza.com\/it\/2015\/04\/un-ricordo-di-renato-solmi\/","og_locale":"it_IT","og_type":"article","og_title":"Un ricordo di Renato Solmi","og_description":"di Nanni Salio Ho avuto modo di conoscere due Renato Solmi. Il primo, che ho frequentato saltuariamente, \u00e8 la figura pi\u00f9 nota e ricordata dello studioso,","og_url":"https:\/\/www.pressenza.com\/it\/2015\/04\/un-ricordo-di-renato-solmi\/","og_site_name":"Pressenza","article_publisher":"https:\/\/www.facebook.com\/PressenzaItalia","article_author":"https:\/\/www.facebook.com\/serenoregis","article_published_time":"2015-04-04T13:37:17+00:00","og_image":[{"width":570,"height":379,"url":"https:\/\/www.pressenza.com\/wp-content\/uploads\/2015\/04\/renato_solmi-copia.jpg","type":"image\/jpeg"}],"author":"Centro Sereno Regis","twitter_card":"summary_large_image","twitter_creator":"@Sereno_Regis","twitter_site":"@PressenzaIPA","twitter_misc":{"Scritto da":"Centro Sereno Regis","Tempo di lettura stimato":"2 minuti"},"schema":{"@context":"https:\/\/schema.org","@graph":[{"@type":"Article","@id":"https:\/\/www.pressenza.com\/it\/2015\/04\/un-ricordo-di-renato-solmi\/#article","isPartOf":{"@id":"https:\/\/www.pressenza.com\/it\/2015\/04\/un-ricordo-di-renato-solmi\/"},"author":{"name":"Centro Sereno Regis","@id":"https:\/\/www.pressenza.com\/it\/#\/schema\/person\/d8d4bb868e9033b87b22f9ac47dfc5d3"},"headline":"Un ricordo di Renato Solmi","datePublished":"2015-04-04T13:37:17+00:00","mainEntityOfPage":{"@id":"https:\/\/www.pressenza.com\/it\/2015\/04\/un-ricordo-di-renato-solmi\/"},"wordCount":389,"publisher":{"@id":"https:\/\/www.pressenza.com\/it\/#organization"},"image":{"@id":"https:\/\/www.pressenza.com\/it\/2015\/04\/un-ricordo-di-renato-solmi\/#primaryimage"},"thumbnailUrl":"https:\/\/www.pressenza.com\/wp-content\/uploads\/2015\/04\/renato_solmi-copia.jpg","keywords":["Aldo Capitini","Nanni Salio","nonviolenza"],"articleSection":["Europa","Nonviolenza"],"inLanguage":"it-IT"},{"@type":"WebPage","@id":"https:\/\/www.pressenza.com\/it\/2015\/04\/un-ricordo-di-renato-solmi\/","url":"https:\/\/www.pressenza.com\/it\/2015\/04\/un-ricordo-di-renato-solmi\/","name":"Un ricordo di Renato Solmi","isPartOf":{"@id":"https:\/\/www.pressenza.com\/it\/#website"},"primaryImageOfPage":{"@id":"https:\/\/www.pressenza.com\/it\/2015\/04\/un-ricordo-di-renato-solmi\/#primaryimage"},"image":{"@id":"https:\/\/www.pressenza.com\/it\/2015\/04\/un-ricordo-di-renato-solmi\/#primaryimage"},"thumbnailUrl":"https:\/\/www.pressenza.com\/wp-content\/uploads\/2015\/04\/renato_solmi-copia.jpg","datePublished":"2015-04-04T13:37:17+00:00","description":"di Nanni Salio Ho avuto modo di conoscere due Renato Solmi. Il primo, che ho frequentato saltuariamente, \u00e8 la figura pi\u00f9 nota e ricordata dello studioso,","breadcrumb":{"@id":"https:\/\/www.pressenza.com\/it\/2015\/04\/un-ricordo-di-renato-solmi\/#breadcrumb"},"inLanguage":"it-IT","potentialAction":[{"@type":"ReadAction","target":["https:\/\/www.pressenza.com\/it\/2015\/04\/un-ricordo-di-renato-solmi\/"]}]},{"@type":"ImageObject","inLanguage":"it-IT","@id":"https:\/\/www.pressenza.com\/it\/2015\/04\/un-ricordo-di-renato-solmi\/#primaryimage","url":"https:\/\/www.pressenza.com\/wp-content\/uploads\/2015\/04\/renato_solmi-copia.jpg","contentUrl":"https:\/\/www.pressenza.com\/wp-content\/uploads\/2015\/04\/renato_solmi-copia.jpg","width":570,"height":379},{"@type":"BreadcrumbList","@id":"https:\/\/www.pressenza.com\/it\/2015\/04\/un-ricordo-di-renato-solmi\/#breadcrumb","itemListElement":[{"@type":"ListItem","position":1,"name":"Accueil","item":"https:\/\/www.pressenza.com\/it\/"},{"@type":"ListItem","position":2,"name":"Un ricordo di Renato Solmi"}]},{"@type":"WebSite","@id":"https:\/\/www.pressenza.com\/it\/#website","url":"https:\/\/www.pressenza.com\/it\/","name":"Pressenza","description":"Agenzia di Stampa Internazionale","publisher":{"@id":"https:\/\/www.pressenza.com\/it\/#organization"},"potentialAction":[{"@type":"SearchAction","target":{"@type":"EntryPoint","urlTemplate":"https:\/\/www.pressenza.com\/it\/?s={search_term_string}"},"query-input":{"@type":"PropertyValueSpecification","valueRequired":true,"valueName":"search_term_string"}}],"inLanguage":"it-IT"},{"@type":"Organization","@id":"https:\/\/www.pressenza.com\/it\/#organization","name":"Pressenza","url":"https:\/\/www.pressenza.com\/it\/","logo":{"@type":"ImageObject","inLanguage":"it-IT","@id":"https:\/\/www.pressenza.com\/it\/#\/schema\/logo\/image\/","url":"https:\/\/www.pressenza.com\/wp-content\/uploads\/2022\/10\/pressenza_logo_200x200.jpg","contentUrl":"https:\/\/www.pressenza.com\/wp-content\/uploads\/2022\/10\/pressenza_logo_200x200.jpg","width":200,"height":200,"caption":"Pressenza"},"image":{"@id":"https:\/\/www.pressenza.com\/it\/#\/schema\/logo\/image\/"},"sameAs":["https:\/\/www.facebook.com\/PressenzaItalia","https:\/\/x.com\/PressenzaIPA"]},{"@type":"Person","@id":"https:\/\/www.pressenza.com\/it\/#\/schema\/person\/d8d4bb868e9033b87b22f9ac47dfc5d3","name":"Centro Sereno Regis","description":"Il Centro Studi Sereno Regis \u00e8 una ONLUS (Organizzazione Non Lucrativa di Utilit\u00e0 Sociale) che promuove programmi di ricerca, educazione e azione sui temi della partecipazione politica, della difesa popolare nonviolenta, dell\u2019educazione alla pace e all\u2019interculturalit\u00e0, della trasformazione nonviolenta dei conflitti, dei modelli di sviluppo, delle energie rinnovabili e dell\u2019ecologia. Il Centro Studi \u00e8 stato costituito nel 1982 su iniziativa del Movimento Internazionale della Riconciliazione (MIR) e del Movimento Nonviolento (MN), attivi nella nostra regione sin dalla seconda met\u00e0 degli anni \u201960. serenoregis.org\/","sameAs":["https:\/\/www.facebook.com\/serenoregis","https:\/\/x.com\/Sereno_Regis"],"url":"https:\/\/www.pressenza.com\/it\/author\/centro-sereno-regis\/"}]}},"place":"","original_article_url":"","_links":{"self":[{"href":"https:\/\/www.pressenza.com\/it\/wp-json\/wp\/v2\/posts\/174912","targetHints":{"allow":["GET"]}}],"collection":[{"href":"https:\/\/www.pressenza.com\/it\/wp-json\/wp\/v2\/posts"}],"about":[{"href":"https:\/\/www.pressenza.com\/it\/wp-json\/wp\/v2\/types\/post"}],"author":[{"embeddable":true,"href":"https:\/\/www.pressenza.com\/it\/wp-json\/wp\/v2\/users\/766"}],"replies":[{"embeddable":true,"href":"https:\/\/www.pressenza.com\/it\/wp-json\/wp\/v2\/comments?post=174912"}],"version-history":[{"count":0,"href":"https:\/\/www.pressenza.com\/it\/wp-json\/wp\/v2\/posts\/174912\/revisions"}],"wp:featuredmedia":[{"embeddable":true,"href":"https:\/\/www.pressenza.com\/it\/wp-json\/wp\/v2\/media\/174913"}],"wp:attachment":[{"href":"https:\/\/www.pressenza.com\/it\/wp-json\/wp\/v2\/media?parent=174912"}],"wp:term":[{"taxonomy":"category","embeddable":true,"href":"https:\/\/www.pressenza.com\/it\/wp-json\/wp\/v2\/categories?post=174912"},{"taxonomy":"post_tag","embeddable":true,"href":"https:\/\/www.pressenza.com\/it\/wp-json\/wp\/v2\/tags?post=174912"}],"curies":[{"name":"wp","href":"https:\/\/api.w.org\/{rel}","templated":true}]}}