{"id":174894,"date":"2015-04-03T23:11:31","date_gmt":"2015-04-03T22:11:31","guid":{"rendered":"http:\/\/www.pressenza.com\/?p=174894"},"modified":"2015-04-03T23:11:31","modified_gmt":"2015-04-03T22:11:31","slug":"no-alla-privatizzazione-della-mensa","status":"publish","type":"post","link":"https:\/\/www.pressenza.com\/it\/2015\/04\/no-alla-privatizzazione-della-mensa\/","title":{"rendered":"No alla privatizzazione della mensa!"},"content":{"rendered":"<p>Il 30 marzo 2015 il PD, da solo e incurante di qualsiasi forma di dialogo \u201cdemocratico\u201d ha votato a favore della modifica del Regolamento del servizio di ristorazione scolastica eliminando la possibilit\u00e0 di svolgere il servizio all\u2019interno del Comune di Figline e Incisa Valdarno.<\/p>\n<p>Viene cos\u00ec esternalizzato un servizio che ha espresso qualit\u00e0, e che ha garantito finora ora la necessaria flessibilit\u00e0, un servizio &#8221; delicato&#8221; perch\u00e9 rivolto a minori.<\/p>\n<p>I gruppi consiliari d\u2019opposizione, \u00a0IdeaComune \u00a0e Percorso Comune hanno provato inutilmente ad opporsi a questa ulteriore deriva privatistica, sia in sede di commissione che durante le sedute Consiliari.<\/p>\n<p>\u201cSi tratta purtroppo dell\u2019ennesimo passo verso l\u2019esternalizzazione dei servizi ai cittadini quali la sanit\u00e0, le infrastrutture, le risorse energetiche e la gestione dell\u2019Acqua, cominciata alla fine degli anni novanta anche da governi di cosiddetto centrosinistra, e portata avanti con decisione dai vari governi Berlusconi, Monti, Letta e Renzi. Prendiamo atto che anche a livello locale si persiste in questa sbornia pensando che la gestione privata risolver\u00e0 ogni problema.\u201d Denuncia Simone Lombardi capogruppo di Idea Comune, ritenendo invece che la soluzione sia quella di cercare sinergie con i Comuni limitrofi per aumentare il grado efficienza e contemporaneamente abbattere i costi di gestione, che ricadono sempre sui cittadini.<\/p>\n<p>\u201cCi sarebbe cos\u00ec modo di difendere il lavoro e le competenze di quanti gi\u00e0 operano nel settore, con risultati eccellenti e combattere la privatizzazione che favorisce il lavoro \u201cal ribasso\u201d impedendo una reale tutela dei diritti dei lavoratori, troppo spesso sfruttati con contratti al limite del legale.\u201d Conclude Simone Lombardi<\/p>\n<p>Sulla questione esternalizzazione della mensa analoga posizione \u00e8 quella tenuta anche dal gruppo consiliare Percorso Comune che si associa nella protesta per voce del capogruppo Piero Caramello.<\/p>\n<p>&#8220;Poniamo molti dubbi in essere al Regolamento approvato in Consiglio Comunale e riteniamo che sia figlio di una fretta che non condividiamo nel merito e nella sostanza. Ci siamo appellati non solo al buon senso ma soprattutto al convincimento che la ristorazione scolastica altro non \u00e8 che uno dei tanti momenti educativi nei confronti degli studenti di ogni et\u00e0. Nel regolamento non sono presenti indicazioni al &#8216;km zero&#8217; o rispetto alla coltivazione biologica. Non si parla di \u201ceducazione alimentare\u201d. Non si accenna alla possibilit\u00e0 di avere men\u00f9 multietnici o che rispettino le credenze religiose, si accenna brevemente alle questioni di allergia o di intolleranza alimentare. Siamo convinti dell\u2019eccellente servizio sino ad oggi svolto e restiamo convinti che i bambini possano acquisire la giusta educazione civica anche attraverso la convivialit\u00e0 del consumare il pasto. Sarebbe opportuno per le questioni delicate come la Mensa scolastica si smettesse di puntare tutto sul convincimento della forza della maggioranza e si cominciasse a confrontarsi con maggiore chiarezza sia all\u2019interno delle commissioni sia in Consiglio comunale. Non vi \u00e8 dubbio che il metodo dell\u2019esternalizzazione sia una moda che non produce benessere, n\u00e9 per gli addetti n\u00e9 per gli utenti.\u201d<\/p>\n<p>Al contrario, come dimostrano altre esperienze \u00e8 certo che l\u2019esternalizzazione non rappresenti nessuna forma di taglio dei costi, risultando invece evidente che le uniche due cose che verranno tagliate si chiamano diritto e qualit\u00e0 del servizio.<\/p>\n","protected":false},"excerpt":{"rendered":"<p>Il 30 marzo 2015 il PD, da solo e incurante di qualsiasi forma di dialogo \u201cdemocratico\u201d ha votato a favore della modifica del Regolamento del servizio di ristorazione scolastica eliminando la possibilit\u00e0 di svolgere il servizio all\u2019interno del Comune di&hellip;<\/p>\n","protected":false},"author":594,"featured_media":174895,"comment_status":"closed","ping_status":"open","sticky":false,"template":"","format":"standard","meta":{"footnotes":""},"categories":[150,1258,47,55],"tags":[718,3011,16845,16630],"class_list":["post-174894","post","type-post","status-publish","format-standard","has-post-thumbnail","hentry","category-comunicati-stampa","category-educazione","category-europa","category-politica","tag-privatizzazione","tag-scuola","tag-servizi","tag-valdarno"],"yoast_head":"<!-- This site is optimized with the Yoast SEO plugin v27.1.1 - https:\/\/yoast.com\/product\/yoast-seo-wordpress\/ -->\n<title>No alla privatizzazione della mensa!<\/title>\n<meta name=\"description\" content=\"PD a Figline Incisa vota compatto verso la privatizzazione del servizio di mensa scolastica.\" \/>\n<meta name=\"robots\" content=\"index, follow, max-snippet:-1, max-image-preview:large, max-video-preview:-1\" \/>\n<link rel=\"canonical\" href=\"https:\/\/www.pressenza.com\/it\/2015\/04\/no-alla-privatizzazione-della-mensa\/\" \/>\n<meta property=\"og:locale\" content=\"it_IT\" \/>\n<meta property=\"og:type\" content=\"article\" \/>\n<meta property=\"og:title\" content=\"No alla privatizzazione della mensa!\" \/>\n<meta property=\"og:description\" content=\"PD a Figline Incisa vota compatto verso la privatizzazione del servizio di mensa scolastica.\" \/>\n<meta property=\"og:url\" content=\"https:\/\/www.pressenza.com\/it\/2015\/04\/no-alla-privatizzazione-della-mensa\/\" \/>\n<meta property=\"og:site_name\" content=\"Pressenza\" \/>\n<meta property=\"article:publisher\" content=\"https:\/\/www.facebook.com\/PressenzaItalia\" \/>\n<meta property=\"article:author\" content=\"https:\/\/www.facebook.com\/PressenzaItalia\" \/>\n<meta property=\"article:published_time\" content=\"2015-04-03T22:11:31+00:00\" \/>\n<meta property=\"og:image\" content=\"https:\/\/www.pressenza.com\/wp-content\/uploads\/2015\/04\/Mensa.jpg\" \/>\n\t<meta property=\"og:image:width\" content=\"2139\" \/>\n\t<meta property=\"og:image:height\" content=\"1412\" \/>\n\t<meta property=\"og:image:type\" content=\"image\/jpeg\" \/>\n<meta name=\"author\" content=\"Redazione Italia\" \/>\n<meta name=\"twitter:card\" content=\"summary_large_image\" \/>\n<meta name=\"twitter:title\" content=\"No alla privatizzazione della mensa!\" \/>\n<meta name=\"twitter:description\" content=\"PD a Figline Incisa vota compatto verso la privatizzazione del servizio di mensa scolastica.\" \/>\n<meta name=\"twitter:image\" content=\"http:\/\/www.pressenza.com\/wp-content\/uploads\/2015\/04\/Mensa.jpg\" \/>\n<meta name=\"twitter:creator\" content=\"@pressenza_it\" \/>\n<meta name=\"twitter:site\" content=\"@PressenzaIPA\" \/>\n<meta name=\"twitter:label1\" content=\"Scritto da\" \/>\n\t<meta name=\"twitter:data1\" content=\"Redazione Italia\" \/>\n\t<meta name=\"twitter:label2\" content=\"Tempo di lettura stimato\" \/>\n\t<meta name=\"twitter:data2\" content=\"3 minuti\" \/>\n<script type=\"application\/ld+json\" class=\"yoast-schema-graph\">{\"@context\":\"https:\/\/schema.org\",\"@graph\":[{\"@type\":\"Article\",\"@id\":\"https:\/\/www.pressenza.com\/it\/2015\/04\/no-alla-privatizzazione-della-mensa\/#article\",\"isPartOf\":{\"@id\":\"https:\/\/www.pressenza.com\/it\/2015\/04\/no-alla-privatizzazione-della-mensa\/\"},\"author\":{\"name\":\"Redazione Italia\",\"@id\":\"https:\/\/www.pressenza.com\/it\/#\/schema\/person\/d983e81827ae24f2c7b1a2123d197f8d\"},\"headline\":\"No alla privatizzazione della mensa!\",\"datePublished\":\"2015-04-03T22:11:31+00:00\",\"mainEntityOfPage\":{\"@id\":\"https:\/\/www.pressenza.com\/it\/2015\/04\/no-alla-privatizzazione-della-mensa\/\"},\"wordCount\":517,\"publisher\":{\"@id\":\"https:\/\/www.pressenza.com\/it\/#organization\"},\"image\":{\"@id\":\"https:\/\/www.pressenza.com\/it\/2015\/04\/no-alla-privatizzazione-della-mensa\/#primaryimage\"},\"thumbnailUrl\":\"https:\/\/www.pressenza.com\/wp-content\/uploads\/2015\/04\/Mensa.jpg\",\"keywords\":[\"privatizzazione\",\"scuola\",\"Servizi\",\"Valdarno\"],\"articleSection\":[\"Comunicati Stampa\",\"Educazione\",\"Europa\",\"Politica\"],\"inLanguage\":\"it-IT\"},{\"@type\":\"WebPage\",\"@id\":\"https:\/\/www.pressenza.com\/it\/2015\/04\/no-alla-privatizzazione-della-mensa\/\",\"url\":\"https:\/\/www.pressenza.com\/it\/2015\/04\/no-alla-privatizzazione-della-mensa\/\",\"name\":\"No alla privatizzazione della mensa!\",\"isPartOf\":{\"@id\":\"https:\/\/www.pressenza.com\/it\/#website\"},\"primaryImageOfPage\":{\"@id\":\"https:\/\/www.pressenza.com\/it\/2015\/04\/no-alla-privatizzazione-della-mensa\/#primaryimage\"},\"image\":{\"@id\":\"https:\/\/www.pressenza.com\/it\/2015\/04\/no-alla-privatizzazione-della-mensa\/#primaryimage\"},\"thumbnailUrl\":\"https:\/\/www.pressenza.com\/wp-content\/uploads\/2015\/04\/Mensa.jpg\",\"datePublished\":\"2015-04-03T22:11:31+00:00\",\"description\":\"PD a Figline Incisa vota compatto verso la privatizzazione del servizio di mensa scolastica.\",\"breadcrumb\":{\"@id\":\"https:\/\/www.pressenza.com\/it\/2015\/04\/no-alla-privatizzazione-della-mensa\/#breadcrumb\"},\"inLanguage\":\"it-IT\",\"potentialAction\":[{\"@type\":\"ReadAction\",\"target\":[\"https:\/\/www.pressenza.com\/it\/2015\/04\/no-alla-privatizzazione-della-mensa\/\"]}]},{\"@type\":\"ImageObject\",\"inLanguage\":\"it-IT\",\"@id\":\"https:\/\/www.pressenza.com\/it\/2015\/04\/no-alla-privatizzazione-della-mensa\/#primaryimage\",\"url\":\"https:\/\/www.pressenza.com\/wp-content\/uploads\/2015\/04\/Mensa.jpg\",\"contentUrl\":\"https:\/\/www.pressenza.com\/wp-content\/uploads\/2015\/04\/Mensa.jpg\",\"width\":2139,\"height\":1412,\"caption\":\"MENSA\"},{\"@type\":\"BreadcrumbList\",\"@id\":\"https:\/\/www.pressenza.com\/it\/2015\/04\/no-alla-privatizzazione-della-mensa\/#breadcrumb\",\"itemListElement\":[{\"@type\":\"ListItem\",\"position\":1,\"name\":\"Accueil\",\"item\":\"https:\/\/www.pressenza.com\/it\/\"},{\"@type\":\"ListItem\",\"position\":2,\"name\":\"No alla privatizzazione della mensa!\"}]},{\"@type\":\"WebSite\",\"@id\":\"https:\/\/www.pressenza.com\/it\/#website\",\"url\":\"https:\/\/www.pressenza.com\/it\/\",\"name\":\"Pressenza\",\"description\":\"Agenzia di Stampa Internazionale\",\"publisher\":{\"@id\":\"https:\/\/www.pressenza.com\/it\/#organization\"},\"potentialAction\":[{\"@type\":\"SearchAction\",\"target\":{\"@type\":\"EntryPoint\",\"urlTemplate\":\"https:\/\/www.pressenza.com\/it\/?s={search_term_string}\"},\"query-input\":{\"@type\":\"PropertyValueSpecification\",\"valueRequired\":true,\"valueName\":\"search_term_string\"}}],\"inLanguage\":\"it-IT\"},{\"@type\":\"Organization\",\"@id\":\"https:\/\/www.pressenza.com\/it\/#organization\",\"name\":\"Pressenza\",\"url\":\"https:\/\/www.pressenza.com\/it\/\",\"logo\":{\"@type\":\"ImageObject\",\"inLanguage\":\"it-IT\",\"@id\":\"https:\/\/www.pressenza.com\/it\/#\/schema\/logo\/image\/\",\"url\":\"https:\/\/www.pressenza.com\/wp-content\/uploads\/2022\/10\/pressenza_logo_200x200.jpg\",\"contentUrl\":\"https:\/\/www.pressenza.com\/wp-content\/uploads\/2022\/10\/pressenza_logo_200x200.jpg\",\"width\":200,\"height\":200,\"caption\":\"Pressenza\"},\"image\":{\"@id\":\"https:\/\/www.pressenza.com\/it\/#\/schema\/logo\/image\/\"},\"sameAs\":[\"https:\/\/www.facebook.com\/PressenzaItalia\",\"https:\/\/x.com\/PressenzaIPA\"]},{\"@type\":\"Person\",\"@id\":\"https:\/\/www.pressenza.com\/it\/#\/schema\/person\/d983e81827ae24f2c7b1a2123d197f8d\",\"name\":\"Redazione Italia\",\"description\":\"News from the Pressenza Bureau in Italy\",\"sameAs\":[\"https:\/\/www.pressenza.com\/it\/author\/redazione-italia\/\",\"https:\/\/www.facebook.com\/PressenzaItalia\",\"https:\/\/www.instagram.com\/pressenza_italia\/\",\"https:\/\/x.com\/pressenza_it\",\"https:\/\/www.youtube.com\/channel\/UCSalEIWjE1RSxkwjfftFuqg\"],\"url\":\"https:\/\/www.pressenza.com\/it\/author\/redazione-italia\/\"}]}<\/script>\n<!-- \/ Yoast SEO plugin. -->","yoast_head_json":{"title":"No alla privatizzazione della mensa!","description":"PD a Figline Incisa vota compatto verso la privatizzazione del servizio di mensa scolastica.","robots":{"index":"index","follow":"follow","max-snippet":"max-snippet:-1","max-image-preview":"max-image-preview:large","max-video-preview":"max-video-preview:-1"},"canonical":"https:\/\/www.pressenza.com\/it\/2015\/04\/no-alla-privatizzazione-della-mensa\/","og_locale":"it_IT","og_type":"article","og_title":"No alla privatizzazione della mensa!","og_description":"PD a Figline Incisa vota compatto verso la privatizzazione del servizio di mensa scolastica.","og_url":"https:\/\/www.pressenza.com\/it\/2015\/04\/no-alla-privatizzazione-della-mensa\/","og_site_name":"Pressenza","article_publisher":"https:\/\/www.facebook.com\/PressenzaItalia","article_author":"https:\/\/www.facebook.com\/PressenzaItalia","article_published_time":"2015-04-03T22:11:31+00:00","og_image":[{"width":2139,"height":1412,"url":"https:\/\/www.pressenza.com\/wp-content\/uploads\/2015\/04\/Mensa.jpg","type":"image\/jpeg"}],"author":"Redazione Italia","twitter_card":"summary_large_image","twitter_title":"No alla privatizzazione della mensa!","twitter_description":"PD a Figline Incisa vota compatto verso la privatizzazione del servizio di mensa scolastica.","twitter_image":"http:\/\/www.pressenza.com\/wp-content\/uploads\/2015\/04\/Mensa.jpg","twitter_creator":"@pressenza_it","twitter_site":"@PressenzaIPA","twitter_misc":{"Scritto da":"Redazione Italia","Tempo di lettura stimato":"3 minuti"},"schema":{"@context":"https:\/\/schema.org","@graph":[{"@type":"Article","@id":"https:\/\/www.pressenza.com\/it\/2015\/04\/no-alla-privatizzazione-della-mensa\/#article","isPartOf":{"@id":"https:\/\/www.pressenza.com\/it\/2015\/04\/no-alla-privatizzazione-della-mensa\/"},"author":{"name":"Redazione Italia","@id":"https:\/\/www.pressenza.com\/it\/#\/schema\/person\/d983e81827ae24f2c7b1a2123d197f8d"},"headline":"No alla privatizzazione della mensa!","datePublished":"2015-04-03T22:11:31+00:00","mainEntityOfPage":{"@id":"https:\/\/www.pressenza.com\/it\/2015\/04\/no-alla-privatizzazione-della-mensa\/"},"wordCount":517,"publisher":{"@id":"https:\/\/www.pressenza.com\/it\/#organization"},"image":{"@id":"https:\/\/www.pressenza.com\/it\/2015\/04\/no-alla-privatizzazione-della-mensa\/#primaryimage"},"thumbnailUrl":"https:\/\/www.pressenza.com\/wp-content\/uploads\/2015\/04\/Mensa.jpg","keywords":["privatizzazione","scuola","Servizi","Valdarno"],"articleSection":["Comunicati Stampa","Educazione","Europa","Politica"],"inLanguage":"it-IT"},{"@type":"WebPage","@id":"https:\/\/www.pressenza.com\/it\/2015\/04\/no-alla-privatizzazione-della-mensa\/","url":"https:\/\/www.pressenza.com\/it\/2015\/04\/no-alla-privatizzazione-della-mensa\/","name":"No alla privatizzazione della mensa!","isPartOf":{"@id":"https:\/\/www.pressenza.com\/it\/#website"},"primaryImageOfPage":{"@id":"https:\/\/www.pressenza.com\/it\/2015\/04\/no-alla-privatizzazione-della-mensa\/#primaryimage"},"image":{"@id":"https:\/\/www.pressenza.com\/it\/2015\/04\/no-alla-privatizzazione-della-mensa\/#primaryimage"},"thumbnailUrl":"https:\/\/www.pressenza.com\/wp-content\/uploads\/2015\/04\/Mensa.jpg","datePublished":"2015-04-03T22:11:31+00:00","description":"PD a Figline Incisa vota compatto verso la privatizzazione del servizio di mensa scolastica.","breadcrumb":{"@id":"https:\/\/www.pressenza.com\/it\/2015\/04\/no-alla-privatizzazione-della-mensa\/#breadcrumb"},"inLanguage":"it-IT","potentialAction":[{"@type":"ReadAction","target":["https:\/\/www.pressenza.com\/it\/2015\/04\/no-alla-privatizzazione-della-mensa\/"]}]},{"@type":"ImageObject","inLanguage":"it-IT","@id":"https:\/\/www.pressenza.com\/it\/2015\/04\/no-alla-privatizzazione-della-mensa\/#primaryimage","url":"https:\/\/www.pressenza.com\/wp-content\/uploads\/2015\/04\/Mensa.jpg","contentUrl":"https:\/\/www.pressenza.com\/wp-content\/uploads\/2015\/04\/Mensa.jpg","width":2139,"height":1412,"caption":"MENSA"},{"@type":"BreadcrumbList","@id":"https:\/\/www.pressenza.com\/it\/2015\/04\/no-alla-privatizzazione-della-mensa\/#breadcrumb","itemListElement":[{"@type":"ListItem","position":1,"name":"Accueil","item":"https:\/\/www.pressenza.com\/it\/"},{"@type":"ListItem","position":2,"name":"No alla privatizzazione della mensa!"}]},{"@type":"WebSite","@id":"https:\/\/www.pressenza.com\/it\/#website","url":"https:\/\/www.pressenza.com\/it\/","name":"Pressenza","description":"Agenzia di Stampa Internazionale","publisher":{"@id":"https:\/\/www.pressenza.com\/it\/#organization"},"potentialAction":[{"@type":"SearchAction","target":{"@type":"EntryPoint","urlTemplate":"https:\/\/www.pressenza.com\/it\/?s={search_term_string}"},"query-input":{"@type":"PropertyValueSpecification","valueRequired":true,"valueName":"search_term_string"}}],"inLanguage":"it-IT"},{"@type":"Organization","@id":"https:\/\/www.pressenza.com\/it\/#organization","name":"Pressenza","url":"https:\/\/www.pressenza.com\/it\/","logo":{"@type":"ImageObject","inLanguage":"it-IT","@id":"https:\/\/www.pressenza.com\/it\/#\/schema\/logo\/image\/","url":"https:\/\/www.pressenza.com\/wp-content\/uploads\/2022\/10\/pressenza_logo_200x200.jpg","contentUrl":"https:\/\/www.pressenza.com\/wp-content\/uploads\/2022\/10\/pressenza_logo_200x200.jpg","width":200,"height":200,"caption":"Pressenza"},"image":{"@id":"https:\/\/www.pressenza.com\/it\/#\/schema\/logo\/image\/"},"sameAs":["https:\/\/www.facebook.com\/PressenzaItalia","https:\/\/x.com\/PressenzaIPA"]},{"@type":"Person","@id":"https:\/\/www.pressenza.com\/it\/#\/schema\/person\/d983e81827ae24f2c7b1a2123d197f8d","name":"Redazione Italia","description":"News from the Pressenza Bureau in Italy","sameAs":["https:\/\/www.pressenza.com\/it\/author\/redazione-italia\/","https:\/\/www.facebook.com\/PressenzaItalia","https:\/\/www.instagram.com\/pressenza_italia\/","https:\/\/x.com\/pressenza_it","https:\/\/www.youtube.com\/channel\/UCSalEIWjE1RSxkwjfftFuqg"],"url":"https:\/\/www.pressenza.com\/it\/author\/redazione-italia\/"}]}},"place":"Figline Incisa V.no","original_article_url":"","_links":{"self":[{"href":"https:\/\/www.pressenza.com\/it\/wp-json\/wp\/v2\/posts\/174894","targetHints":{"allow":["GET"]}}],"collection":[{"href":"https:\/\/www.pressenza.com\/it\/wp-json\/wp\/v2\/posts"}],"about":[{"href":"https:\/\/www.pressenza.com\/it\/wp-json\/wp\/v2\/types\/post"}],"author":[{"embeddable":true,"href":"https:\/\/www.pressenza.com\/it\/wp-json\/wp\/v2\/users\/594"}],"replies":[{"embeddable":true,"href":"https:\/\/www.pressenza.com\/it\/wp-json\/wp\/v2\/comments?post=174894"}],"version-history":[{"count":0,"href":"https:\/\/www.pressenza.com\/it\/wp-json\/wp\/v2\/posts\/174894\/revisions"}],"wp:featuredmedia":[{"embeddable":true,"href":"https:\/\/www.pressenza.com\/it\/wp-json\/wp\/v2\/media\/174895"}],"wp:attachment":[{"href":"https:\/\/www.pressenza.com\/it\/wp-json\/wp\/v2\/media?parent=174894"}],"wp:term":[{"taxonomy":"category","embeddable":true,"href":"https:\/\/www.pressenza.com\/it\/wp-json\/wp\/v2\/categories?post=174894"},{"taxonomy":"post_tag","embeddable":true,"href":"https:\/\/www.pressenza.com\/it\/wp-json\/wp\/v2\/tags?post=174894"}],"curies":[{"name":"wp","href":"https:\/\/api.w.org\/{rel}","templated":true}]}}