{"id":1748456,"date":"2023-06-28T13:46:18","date_gmt":"2023-06-28T12:46:18","guid":{"rendered":"https:\/\/www.pressenza.com\/?p=1748456"},"modified":"2023-06-28T13:47:16","modified_gmt":"2023-06-28T12:47:16","slug":"la-poverta-in-italia-secondo-i-dati-2023-della-rete-caritas","status":"publish","type":"post","link":"https:\/\/www.pressenza.com\/it\/2023\/06\/la-poverta-in-italia-secondo-i-dati-2023-della-rete-caritas\/","title":{"rendered":"La povert\u00e0 in Italia secondo i dati 2023 della Rete Caritas"},"content":{"rendered":"<p align=\"JUSTIFY\"><span style=\"font-family: Calibri, sans-serif;\"><span style=\"font-size: small;\">E&#8217; stato appena approvato dal Senato della Repubblica grazie all&#8217;ennesimo voto di fiducia il cosiddetto decreto lavoro, che ora passa alla <a href=\"https:\/\/www.senato.it\/attualita\/archivio-notizie?nid=81835\">Camera dei deputati<\/a>. Un provvedimento che rappresenta un vero e proprio attacco ai poveri e ai lavoratori, che<\/span><\/span><em><span style=\"color: #000000;\"><span style=\"font-family: Calibri, sans-serif;\"><span style=\"font-size: small;\"> introduce la precariet\u00e0 permanente in cambio di qualche spicciolo per i redditi bassi, che smantella il reddito di cittadinanza e che aumenta la precariet\u00e0.<\/span><\/span><\/span><\/em><span style=\"color: #000000;\"><span style=\"font-family: Calibri, sans-serif;\"><span style=\"font-size: small;\"> Un provvedimento figlio di<\/span><\/span><\/span><span style=\"color: #22262a;\"><span style=\"font-family: Calibri, sans-serif;\"><span style=\"font-size: small;\"> una visione della povert\u00e0- <\/span><\/span><\/span><span style=\"color: #22262a;\"><span style=\"font-family: Calibri, sans-serif;\"><span style=\"font-size: small;\"><i>di<\/i><\/span><\/span><\/span> <span style=\"color: #22262a;\"><span style=\"font-family: Calibri, sans-serif;\"><span style=\"font-size: small;\"><i>thatcheriana memoria- <\/i><\/span><\/span><\/span><span style=\"color: #22262a;\"><span style=\"font-family: Calibri, sans-serif;\"><span style=\"font-size: small;\">che lega la condizione di miseria ad una responsabilit\u00e0 individuale: chi vive in povert\u00e0 \u00e8 causa del suo mal.<\/span><\/span><\/span><span style=\"color: #000000;\"><span style=\"font-family: Calibri, sans-serif;\"><span style=\"font-size: small;\"> Una visione della <\/span><\/span><\/span><span style=\"color: #22262a;\"><span style=\"font-family: Calibri, sans-serif;\"><span style=\"font-size: small;\">povert\u00e0 semplicistica, fuorviante e grottesca,<\/span><\/span><\/span><span style=\"color: #000000;\"><span style=\"font-family: Calibri, sans-serif;\"><span style=\"font-size: small;\"> che anche oggi- <\/span><\/span><\/span><span style=\"color: #000000;\"><span style=\"font-family: Calibri, sans-serif;\"><span style=\"font-size: small;\"><i>per l&#8217;ennesima volta<\/i><\/span><\/span><\/span><span style=\"color: #000000;\"><span style=\"font-family: Calibri, sans-serif;\"><span style=\"font-size: small;\">&#8211; \u00e8 stata confutata. Ci ha pensato <\/span><\/span><\/span><span style=\"color: #000000;\"><span style=\"font-family: Calibri, sans-serif;\"><span style=\"font-size: small;\"><b>la Caritas<\/b><\/span><\/span><\/span><span style=\"color: #000000;\"><span style=\"font-family: Calibri, sans-serif;\"><span style=\"font-size: small;\"> con il suo <\/span><\/span><\/span><span style=\"color: #000000;\"><span style=\"font-family: Calibri, sans-serif;\"><span style=\"font-size: small;\"><b>Report statistico 2023 sulle povert\u00e0.<\/b><\/span><\/span><\/span><\/p>\n<p align=\"JUSTIFY\"><span style=\"color: #000000;\"><span style=\"font-family: Calibri, sans-serif;\"><span style=\"font-size: small;\"><b>I<\/b><\/span><\/span><\/span><span style=\"color: #000000;\"><span style=\"font-family: Calibri, sans-serif;\"><span style=\"font-size: small;\">n termini assoluti si contano in Italia <\/span><\/span><\/span><span style=\"color: #000000;\"><span style=\"font-family: Calibri, sans-serif;\"><span style=\"font-size: small;\"><b>5milioni 571mila persone in stato di povert\u00e0 assoluta<\/b><\/span><\/span><\/span><span style=\"color: #000000;\"><span style=\"font-family: Calibri, sans-serif;\"><span style=\"font-size: small;\">, erano 1,8 milioni solo tre lustri fa\u2019. L<\/span><\/span><\/span><span style=\"color: #000000;\"><span style=\"font-family: Calibri, sans-serif;\"><span style=\"font-size: small;\">a poverta\u0300 in Italia \u00e8 ormai un fenomeno strutturale visto che tocca quasi un residente su dieci, il 9,4% della popolazione residente vive infatti, secondo l&#8217;Istat, in una condizione di poverta\u0300 assoluta.<\/span><\/span><\/span><\/p>\n<p align=\"JUSTIFY\"><span style=\"color: #000000;\"><span style=\"font-family: Calibri, sans-serif;\"><span style=\"font-size: small;\"><i><b>Ma che cosa ci dicono i centri d\u2019ascolto Caritas?<\/b><\/i><\/span><\/span><\/span> <span style=\"font-family: Calibri, sans-serif;\"><span style=\"font-size: small;\">Nel 2022, nei 2855 centri di ascolto della Caritas, le persone incontrate e supportate sono state 255.957. Un aumento del 12,5% rispetto al 2021. E\u2019 quanto emerge dal rapporto Caritas e dal bilancio sociale. Nel 2022 gli interventi della rete Caritas sono stati numerosi e differenziati: <\/span><\/span><span style=\"font-family: Calibri, sans-serif;\"><span style=\"font-size: small;\"><b>complessivamente sono stati erogati oltre 3,4 milioni di interventi, una media di 13,5 interventi per ciascun assistito<\/b><\/span><\/span><span style=\"font-family: Calibri, sans-serif;\"><span style=\"font-size: small;\"> (considerate anche le prestazioni di ascolto). In particolare: il 71,8% ha riguardato l\u2019erogazione di beni e servizi materiali (distribuzione di viveri, accesso alle mense\/empori, docce, ecc). Rispetto alla storia assistenziale, non si tratta sempre e soltanto di nuovi poveri:<\/span><\/span><span style=\"font-family: Calibri, sans-serif;\"><span style=\"font-size: small;\"><b> quasi il 30 per cento delle persone \u00e8 infatti accompagnato da pi\u00f9 di 5 anni<\/b><\/span><\/span><span style=\"font-family: Calibri, sans-serif;\"><span style=\"font-size: small;\">. A chiedere aiuto sono donne (52,1%) e uomini (47,9%). <\/span><\/span><span style=\"font-family: Calibri, sans-serif;\"><span style=\"font-size: small;\"><b>L\u2019et\u00e0 media dei beneficiari si attesta a 46 anni<\/b><\/span><\/span><span style=\"font-family: Calibri, sans-serif;\"><span style=\"font-size: small;\">. Complessivamente le persone senza dimora incontrate sono state 27.877 (+ 16% rispetto al 2021), pari al 16,9% del totale. <\/span><\/span><\/p>\n<p align=\"JUSTIFY\"><span style=\"font-family: Calibri, sans-serif;\"><span style=\"font-size: small;\">F<\/span><\/span><span style=\"font-family: Calibri, sans-serif;\"><span style=\"font-size: small;\"><b>orte risulta essere la relazione tra povert\u00e0 e bassa scolarit\u00e0<\/b><\/span><\/span><span style=\"font-family: Calibri, sans-serif;\"><span style=\"font-size: small;\">. Tra gli assistiti prevalgono infatti quelli con licenza media inferiore che pesano per il 44%; se a loro si aggiungono i possessori della sola licenza elementare (16,2%) e la quota di chi risulta senza alcun titolo di studio o analfabeta (6,3%) si comprende come i due terzi dell\u2019utenza sia sbilanciato su livelli di istruzione bassi o molto bassi. <\/span><\/span><span style=\"font-family: Calibri, sans-serif;\"><span style=\"font-size: small;\"><b>Rispetto al 2021 cresce leggermente la percentuale di chi pu\u00f2 contare su titoli di studio pi\u00f9 elevati<\/b><\/span><\/span><span style=\"font-family: Calibri, sans-serif;\"><span style=\"font-size: small;\"> (diploma superiore o laurea), <\/span><\/span><span style=\"font-family: Calibri, sans-serif;\"><span style=\"font-size: small;\"><b>segnale di una povert\u00e0 che diventa in qualche modo sempre pi\u00f9 trasversale<\/b><\/span><\/span><span style=\"font-family: Calibri, sans-serif;\"><span style=\"font-size: small;\">. Strettamente correlato al livello di istruzione \u00e8 poi il dato sulla condizione professionale che racconta molto delle fragilit\u00e0 di questo tempo post pandemico. <\/span><\/span><span style=\"font-family: Calibri, sans-serif;\"><span style=\"font-size: small;\"><b>A chiedere aiuto sono per lo pi\u00f9 persone che fanno fatica a trovare un lavoro, disoccupati o inoccupati (48,0%) ma anche tanti occupati, working poor o lavoratori poveri su base familiare, che sperimentano condizioni di indigenza (22,8%).<\/b><\/span><\/span><\/p>\n<p align=\"JUSTIFY\"><span style=\"font-family: Calibri, sans-serif;\"><span style=\"font-size: small;\">La <\/span><\/span><span style=\"font-family: Calibri, sans-serif;\"><span style=\"font-size: small;\"><b>Caritas <\/b><\/span><\/span><span style=\"font-family: Calibri, sans-serif;\"><span style=\"font-size: small;\">suddivide i beneficiari della sua rete in <\/span><\/span><span style=\"font-family: Calibri, sans-serif;\"><span style=\"font-size: small;\"><b>5 cluster o profili<\/b><\/span><\/span><span style=\"font-family: Calibri, sans-serif;\"><span style=\"font-size: small;\">, ciascuno con dei tratti sociali specifici: <\/span><\/span><span style=\"font-family: Calibri, sans-serif;\"><span style=\"font-size: small;\"><b>\u201ci vulnerabili soli\u201d<\/b><\/span><\/span><span style=\"font-family: Calibri, sans-serif;\"><span style=\"font-size: small;\">, ovvero uomini, tra i 35 e i 60 anni, che vivono soli, che per oltre la met\u00e0 risulta celibe, a cui si aggiunge anche una quota importante di divorziati e dei quali pi\u00f9 di uno su tre risulta senza dimora; <\/span><\/span><span style=\"font-family: Calibri, sans-serif;\"><span style=\"font-size: small;\"><b>\u201cle famiglie povere\u201d<\/b><\/span><\/span><span style=\"font-family: Calibri, sans-serif;\"><span style=\"font-size: small;\">, gruppo che<\/span><\/span><b> <\/b><span style=\"font-family: Calibri, sans-serif;\"><span style=\"font-size: small;\">comprende soprattutto donne adulte, coniugate (i due terzi), con figli (82,7%), spesso minori conviventi; <\/span><\/span><span style=\"font-family: Calibri, sans-serif;\"><span style=\"font-size: small;\"><b>\u201ci giovani stranieri in transito\u201d <\/b><\/span><\/span><span style=\"font-family: Calibri, sans-serif;\"><span style=\"font-size: small;\">fatto di giovani uomini stranieri, con un\u2019et\u00e0 media di 25 anni, in maggioranza celibi e di cui uno su due \u00e8 di nazionalit\u00e0 africana; \u201c<\/span><\/span><span style=\"font-family: Calibri, sans-serif;\"><span style=\"font-size: small;\"><b>I genitori fragili\u201d<\/b><\/span><\/span><span style=\"font-family: Calibri, sans-serif;\"><span style=\"font-size: small;\">, gruppo che<\/span><\/span><b> <\/b><span style=\"font-family: Calibri, sans-serif;\"><span style=\"font-size: small;\">comprende in particolare genitori di et\u00e0 compresa tra i 35 e i 60 anni, per lo pi\u00f9 di genere femminile, che quasi sempre hanno figli minori conviventi, vivono con i propri familiari o in convivenze di fatto, ma in nuclei mediamente pi\u00f9 numerosi rispetto agli altri gruppi; <\/span><\/span><span style=\"font-family: Calibri, sans-serif;\"><span style=\"font-size: small;\"><b>\u201ci poveri soli\u201d<\/b><\/span><\/span><span style=\"font-family: Calibri, sans-serif;\"><span style=\"font-size: small;\">, che sono soprattutto adulti di genere maschile, per lo pi\u00f9 tra i 35 e i 65 anni, di et\u00e0 media pi\u00f9 alta rispetto agli altri cluster, che vivono soli e presentano una elevata incidenza rispetto agli altri gruppi di celibi, separati\/divorziati, vedovi e pensionati e sono quasi sempre senza figli. <\/span><\/span><\/p>\n<p align=\"JUSTIFY\"><span style=\"font-family: Calibri, sans-serif;\"><span style=\"font-size: small;\">Scrive <\/span><\/span><span style=\"font-family: Calibri, sans-serif;\"><span style=\"font-size: small;\"><b>don Marco Pagniello <\/b><\/span><\/span><span style=\"font-family: Calibri, sans-serif;\"><span style=\"font-size: small;\">Direttore di Caritas Italiana nella presentazione del Report che \u201c<\/span><\/span><span style=\"font-family: Calibri, sans-serif;\"><span style=\"font-size: small;\"><i>lo scenario economico e sociale negli ultimi anni, come sappiamo, oltre a moltiplicare la platea degli indigenti ha anche prodotto un acuirsi delle fragilit\u00e0 di chi era gi\u00e0 in stato di vulnerabilit\u00e0\u201d.<\/i><\/span><\/span><span style=\"font-family: Calibri, sans-serif;\"><span style=\"font-size: small;\"> Aggiungendo la necessit\u00e0<\/span><\/span><span style=\"font-family: Calibri, sans-serif;\"><span style=\"font-size: small;\"><i>, che \u00e8 <\/i><\/span><\/span><span style=\"font-family: Calibri, sans-serif;\"><span style=\"font-size: small;\">alla base della pubblicazione della <\/span><\/span><span style=\"font-family: Calibri, sans-serif;\"><span style=\"font-size: small;\"><b>Caritas<\/b><\/span><\/span><span style=\"font-family: Calibri, sans-serif;\"><span style=\"font-size: small;\">: <\/span><\/span><span style=\"font-family: Calibri, sans-serif;\"><span style=\"font-size: small;\"><i>\u201cche il dato venga comunicato in modo tempestivo, cos\u00ec da poter cogliere sul nascere dinamiche e nuove tendenze, valutando in tempo quasi reale l\u2019effetto sulla pelle dei poveri di alcune decisioni apparentemente neutre dei policy-makers\u201d.<\/i><\/span><\/span><\/p>\n<p align=\"JUSTIFY\"><span style=\"font-family: Calibri, sans-serif;\"><span style=\"font-size: small;\"><a href=\"https:\/\/www.caritas.it\/wp-content\/uploads\/sites\/2\/2023\/06\/Rapp.-Caritas-2023.qxp_STAMPA_def.pdf\"><strong>Qui<\/strong><\/a> il Report della <\/span><\/span><span style=\"font-family: Calibri, sans-serif;\"><span style=\"font-size: small;\"><b>Caritas<\/b><\/span><\/span><span style=\"font-family: Calibri, sans-serif;\"><span style=\"font-size: small;\"> completo.<\/span><\/span><\/p>\n","protected":false},"excerpt":{"rendered":"<p>E&#8217; stato appena approvato dal Senato della Repubblica grazie all&#8217;ennesimo voto di fiducia il cosiddetto decreto lavoro, che ora passa alla Camera dei deputati. Un provvedimento che rappresenta un vero e proprio attacco ai poveri e ai lavoratori, che introduce&hellip;<\/p>\n","protected":false},"author":2106,"featured_media":1748457,"comment_status":"closed","ping_status":"closed","sticky":false,"template":"","format":"standard","meta":{"footnotes":""},"categories":[11388,47,55],"tags":[114009,370,1549],"class_list":["post-1748456","post","type-post","status-publish","format-standard","has-post-thumbnail","hentry","category-contenuti-originali","category-europa","category-politica","tag-decreto-lavoro","tag-italia","tag-poverta"],"yoast_head":"<!-- This site is optimized with the Yoast SEO plugin v27.1.1 - https:\/\/yoast.com\/product\/yoast-seo-wordpress\/ -->\n<title>La povert\u00e0 in Italia secondo i dati 2023 della Rete Caritas<\/title>\n<meta name=\"description\" content=\"E&#039; stato appena approvato dal Senato, grazie all&#039;ennesimo voto di fiducia, il cosiddetto decreto lavoro, che ora passa alla Camera. Un provvedimento che rappresenta un vero e proprio attacco ai poveri e ai lavoratori\" \/>\n<meta name=\"robots\" content=\"index, follow, max-snippet:-1, max-image-preview:large, max-video-preview:-1\" \/>\n<link rel=\"canonical\" href=\"https:\/\/www.pressenza.com\/it\/2023\/06\/la-poverta-in-italia-secondo-i-dati-2023-della-rete-caritas\/\" \/>\n<meta property=\"og:locale\" content=\"it_IT\" \/>\n<meta property=\"og:type\" content=\"article\" \/>\n<meta property=\"og:title\" content=\"La povert\u00e0 in Italia secondo i dati 2023 della Rete Caritas\" \/>\n<meta property=\"og:description\" content=\"E&#039; stato appena approvato dal Senato, grazie all&#039;ennesimo voto di fiducia, il cosiddetto decreto lavoro, che ora passa alla Camera. Un provvedimento che rappresenta un vero e proprio attacco ai poveri e ai lavoratori\" \/>\n<meta property=\"og:url\" content=\"https:\/\/www.pressenza.com\/it\/2023\/06\/la-poverta-in-italia-secondo-i-dati-2023-della-rete-caritas\/\" \/>\n<meta property=\"og:site_name\" content=\"Pressenza\" \/>\n<meta property=\"article:publisher\" content=\"https:\/\/www.facebook.com\/PressenzaItalia\" \/>\n<meta property=\"article:published_time\" content=\"2023-06-28T12:46:18+00:00\" \/>\n<meta property=\"article:modified_time\" content=\"2023-06-28T12:47:16+00:00\" \/>\n<meta property=\"og:image\" content=\"https:\/\/www.pressenza.com\/wp-content\/uploads\/2023\/06\/foto-della-Caritas.jpg\" \/>\n\t<meta property=\"og:image:width\" content=\"820\" \/>\n\t<meta property=\"og:image:height\" content=\"540\" \/>\n\t<meta property=\"og:image:type\" content=\"image\/jpeg\" \/>\n<meta name=\"author\" content=\"Giovanni Caprio\" \/>\n<meta name=\"twitter:card\" content=\"summary_large_image\" \/>\n<meta name=\"twitter:creator\" content=\"@PressenzaIPA\" \/>\n<meta name=\"twitter:site\" content=\"@PressenzaIPA\" \/>\n<meta name=\"twitter:label1\" content=\"Scritto da\" \/>\n\t<meta name=\"twitter:data1\" content=\"Giovanni Caprio\" \/>\n\t<meta name=\"twitter:label2\" content=\"Tempo di lettura stimato\" \/>\n\t<meta name=\"twitter:data2\" content=\"5 minuti\" \/>\n<script type=\"application\/ld+json\" class=\"yoast-schema-graph\">{\"@context\":\"https:\/\/schema.org\",\"@graph\":[{\"@type\":\"Article\",\"@id\":\"https:\/\/www.pressenza.com\/it\/2023\/06\/la-poverta-in-italia-secondo-i-dati-2023-della-rete-caritas\/#article\",\"isPartOf\":{\"@id\":\"https:\/\/www.pressenza.com\/it\/2023\/06\/la-poverta-in-italia-secondo-i-dati-2023-della-rete-caritas\/\"},\"author\":{\"name\":\"Giovanni Caprio\",\"@id\":\"https:\/\/www.pressenza.com\/it\/#\/schema\/person\/841c36a613f4f6e80f5fbc9c1f8c32c8\"},\"headline\":\"La povert\u00e0 in Italia secondo i dati 2023 della Rete Caritas\",\"datePublished\":\"2023-06-28T12:46:18+00:00\",\"dateModified\":\"2023-06-28T12:47:16+00:00\",\"mainEntityOfPage\":{\"@id\":\"https:\/\/www.pressenza.com\/it\/2023\/06\/la-poverta-in-italia-secondo-i-dati-2023-della-rete-caritas\/\"},\"wordCount\":795,\"publisher\":{\"@id\":\"https:\/\/www.pressenza.com\/it\/#organization\"},\"image\":{\"@id\":\"https:\/\/www.pressenza.com\/it\/2023\/06\/la-poverta-in-italia-secondo-i-dati-2023-della-rete-caritas\/#primaryimage\"},\"thumbnailUrl\":\"https:\/\/www.pressenza.com\/wp-content\/uploads\/2023\/06\/foto-della-Caritas.jpg\",\"keywords\":[\"decreto lavoro\",\"Italia\",\"povert\u00e0\"],\"articleSection\":[\"contenuti originali\",\"Europa\",\"Politica\"],\"inLanguage\":\"it-IT\"},{\"@type\":\"WebPage\",\"@id\":\"https:\/\/www.pressenza.com\/it\/2023\/06\/la-poverta-in-italia-secondo-i-dati-2023-della-rete-caritas\/\",\"url\":\"https:\/\/www.pressenza.com\/it\/2023\/06\/la-poverta-in-italia-secondo-i-dati-2023-della-rete-caritas\/\",\"name\":\"La povert\u00e0 in Italia secondo i dati 2023 della Rete Caritas\",\"isPartOf\":{\"@id\":\"https:\/\/www.pressenza.com\/it\/#website\"},\"primaryImageOfPage\":{\"@id\":\"https:\/\/www.pressenza.com\/it\/2023\/06\/la-poverta-in-italia-secondo-i-dati-2023-della-rete-caritas\/#primaryimage\"},\"image\":{\"@id\":\"https:\/\/www.pressenza.com\/it\/2023\/06\/la-poverta-in-italia-secondo-i-dati-2023-della-rete-caritas\/#primaryimage\"},\"thumbnailUrl\":\"https:\/\/www.pressenza.com\/wp-content\/uploads\/2023\/06\/foto-della-Caritas.jpg\",\"datePublished\":\"2023-06-28T12:46:18+00:00\",\"dateModified\":\"2023-06-28T12:47:16+00:00\",\"description\":\"E' stato appena approvato dal Senato, grazie all'ennesimo voto di fiducia, il cosiddetto decreto lavoro, che ora passa alla Camera. Un provvedimento che rappresenta un vero e proprio attacco ai poveri e ai lavoratori\",\"breadcrumb\":{\"@id\":\"https:\/\/www.pressenza.com\/it\/2023\/06\/la-poverta-in-italia-secondo-i-dati-2023-della-rete-caritas\/#breadcrumb\"},\"inLanguage\":\"it-IT\",\"potentialAction\":[{\"@type\":\"ReadAction\",\"target\":[\"https:\/\/www.pressenza.com\/it\/2023\/06\/la-poverta-in-italia-secondo-i-dati-2023-della-rete-caritas\/\"]}]},{\"@type\":\"ImageObject\",\"inLanguage\":\"it-IT\",\"@id\":\"https:\/\/www.pressenza.com\/it\/2023\/06\/la-poverta-in-italia-secondo-i-dati-2023-della-rete-caritas\/#primaryimage\",\"url\":\"https:\/\/www.pressenza.com\/wp-content\/uploads\/2023\/06\/foto-della-Caritas.jpg\",\"contentUrl\":\"https:\/\/www.pressenza.com\/wp-content\/uploads\/2023\/06\/foto-della-Caritas.jpg\",\"width\":820,\"height\":540},{\"@type\":\"BreadcrumbList\",\"@id\":\"https:\/\/www.pressenza.com\/it\/2023\/06\/la-poverta-in-italia-secondo-i-dati-2023-della-rete-caritas\/#breadcrumb\",\"itemListElement\":[{\"@type\":\"ListItem\",\"position\":1,\"name\":\"Accueil\",\"item\":\"https:\/\/www.pressenza.com\/it\/\"},{\"@type\":\"ListItem\",\"position\":2,\"name\":\"La povert\u00e0 in Italia secondo i dati 2023 della Rete Caritas\"}]},{\"@type\":\"WebSite\",\"@id\":\"https:\/\/www.pressenza.com\/it\/#website\",\"url\":\"https:\/\/www.pressenza.com\/it\/\",\"name\":\"Pressenza\",\"description\":\"Agenzia di Stampa Internazionale\",\"publisher\":{\"@id\":\"https:\/\/www.pressenza.com\/it\/#organization\"},\"potentialAction\":[{\"@type\":\"SearchAction\",\"target\":{\"@type\":\"EntryPoint\",\"urlTemplate\":\"https:\/\/www.pressenza.com\/it\/?s={search_term_string}\"},\"query-input\":{\"@type\":\"PropertyValueSpecification\",\"valueRequired\":true,\"valueName\":\"search_term_string\"}}],\"inLanguage\":\"it-IT\"},{\"@type\":\"Organization\",\"@id\":\"https:\/\/www.pressenza.com\/it\/#organization\",\"name\":\"Pressenza\",\"url\":\"https:\/\/www.pressenza.com\/it\/\",\"logo\":{\"@type\":\"ImageObject\",\"inLanguage\":\"it-IT\",\"@id\":\"https:\/\/www.pressenza.com\/it\/#\/schema\/logo\/image\/\",\"url\":\"https:\/\/www.pressenza.com\/wp-content\/uploads\/2022\/10\/pressenza_logo_200x200.jpg\",\"contentUrl\":\"https:\/\/www.pressenza.com\/wp-content\/uploads\/2022\/10\/pressenza_logo_200x200.jpg\",\"width\":200,\"height\":200,\"caption\":\"Pressenza\"},\"image\":{\"@id\":\"https:\/\/www.pressenza.com\/it\/#\/schema\/logo\/image\/\"},\"sameAs\":[\"https:\/\/www.facebook.com\/PressenzaItalia\",\"https:\/\/x.com\/PressenzaIPA\"]},{\"@type\":\"Person\",\"@id\":\"https:\/\/www.pressenza.com\/it\/#\/schema\/person\/841c36a613f4f6e80f5fbc9c1f8c32c8\",\"name\":\"Giovanni Caprio\",\"description\":\"Pubblicista, gi\u00e0 dirigente di istituzioni pubbliche e di fondazioni private. Si occupa di beni comuni, partecipazione e governo del territorio.\",\"url\":\"https:\/\/www.pressenza.com\/it\/author\/giovanni-caprio\/\"}]}<\/script>\n<!-- \/ Yoast SEO plugin. -->","yoast_head_json":{"title":"La povert\u00e0 in Italia secondo i dati 2023 della Rete Caritas","description":"E' stato appena approvato dal Senato, grazie all'ennesimo voto di fiducia, il cosiddetto decreto lavoro, che ora passa alla Camera. Un provvedimento che rappresenta un vero e proprio attacco ai poveri e ai lavoratori","robots":{"index":"index","follow":"follow","max-snippet":"max-snippet:-1","max-image-preview":"max-image-preview:large","max-video-preview":"max-video-preview:-1"},"canonical":"https:\/\/www.pressenza.com\/it\/2023\/06\/la-poverta-in-italia-secondo-i-dati-2023-della-rete-caritas\/","og_locale":"it_IT","og_type":"article","og_title":"La povert\u00e0 in Italia secondo i dati 2023 della Rete Caritas","og_description":"E' stato appena approvato dal Senato, grazie all'ennesimo voto di fiducia, il cosiddetto decreto lavoro, che ora passa alla Camera. Un provvedimento che rappresenta un vero e proprio attacco ai poveri e ai lavoratori","og_url":"https:\/\/www.pressenza.com\/it\/2023\/06\/la-poverta-in-italia-secondo-i-dati-2023-della-rete-caritas\/","og_site_name":"Pressenza","article_publisher":"https:\/\/www.facebook.com\/PressenzaItalia","article_published_time":"2023-06-28T12:46:18+00:00","article_modified_time":"2023-06-28T12:47:16+00:00","og_image":[{"width":820,"height":540,"url":"https:\/\/www.pressenza.com\/wp-content\/uploads\/2023\/06\/foto-della-Caritas.jpg","type":"image\/jpeg"}],"author":"Giovanni Caprio","twitter_card":"summary_large_image","twitter_creator":"@PressenzaIPA","twitter_site":"@PressenzaIPA","twitter_misc":{"Scritto da":"Giovanni Caprio","Tempo di lettura stimato":"5 minuti"},"schema":{"@context":"https:\/\/schema.org","@graph":[{"@type":"Article","@id":"https:\/\/www.pressenza.com\/it\/2023\/06\/la-poverta-in-italia-secondo-i-dati-2023-della-rete-caritas\/#article","isPartOf":{"@id":"https:\/\/www.pressenza.com\/it\/2023\/06\/la-poverta-in-italia-secondo-i-dati-2023-della-rete-caritas\/"},"author":{"name":"Giovanni Caprio","@id":"https:\/\/www.pressenza.com\/it\/#\/schema\/person\/841c36a613f4f6e80f5fbc9c1f8c32c8"},"headline":"La povert\u00e0 in Italia secondo i dati 2023 della Rete Caritas","datePublished":"2023-06-28T12:46:18+00:00","dateModified":"2023-06-28T12:47:16+00:00","mainEntityOfPage":{"@id":"https:\/\/www.pressenza.com\/it\/2023\/06\/la-poverta-in-italia-secondo-i-dati-2023-della-rete-caritas\/"},"wordCount":795,"publisher":{"@id":"https:\/\/www.pressenza.com\/it\/#organization"},"image":{"@id":"https:\/\/www.pressenza.com\/it\/2023\/06\/la-poverta-in-italia-secondo-i-dati-2023-della-rete-caritas\/#primaryimage"},"thumbnailUrl":"https:\/\/www.pressenza.com\/wp-content\/uploads\/2023\/06\/foto-della-Caritas.jpg","keywords":["decreto lavoro","Italia","povert\u00e0"],"articleSection":["contenuti originali","Europa","Politica"],"inLanguage":"it-IT"},{"@type":"WebPage","@id":"https:\/\/www.pressenza.com\/it\/2023\/06\/la-poverta-in-italia-secondo-i-dati-2023-della-rete-caritas\/","url":"https:\/\/www.pressenza.com\/it\/2023\/06\/la-poverta-in-italia-secondo-i-dati-2023-della-rete-caritas\/","name":"La povert\u00e0 in Italia secondo i dati 2023 della Rete Caritas","isPartOf":{"@id":"https:\/\/www.pressenza.com\/it\/#website"},"primaryImageOfPage":{"@id":"https:\/\/www.pressenza.com\/it\/2023\/06\/la-poverta-in-italia-secondo-i-dati-2023-della-rete-caritas\/#primaryimage"},"image":{"@id":"https:\/\/www.pressenza.com\/it\/2023\/06\/la-poverta-in-italia-secondo-i-dati-2023-della-rete-caritas\/#primaryimage"},"thumbnailUrl":"https:\/\/www.pressenza.com\/wp-content\/uploads\/2023\/06\/foto-della-Caritas.jpg","datePublished":"2023-06-28T12:46:18+00:00","dateModified":"2023-06-28T12:47:16+00:00","description":"E' stato appena approvato dal Senato, grazie all'ennesimo voto di fiducia, il cosiddetto decreto lavoro, che ora passa alla Camera. Un provvedimento che rappresenta un vero e proprio attacco ai poveri e ai lavoratori","breadcrumb":{"@id":"https:\/\/www.pressenza.com\/it\/2023\/06\/la-poverta-in-italia-secondo-i-dati-2023-della-rete-caritas\/#breadcrumb"},"inLanguage":"it-IT","potentialAction":[{"@type":"ReadAction","target":["https:\/\/www.pressenza.com\/it\/2023\/06\/la-poverta-in-italia-secondo-i-dati-2023-della-rete-caritas\/"]}]},{"@type":"ImageObject","inLanguage":"it-IT","@id":"https:\/\/www.pressenza.com\/it\/2023\/06\/la-poverta-in-italia-secondo-i-dati-2023-della-rete-caritas\/#primaryimage","url":"https:\/\/www.pressenza.com\/wp-content\/uploads\/2023\/06\/foto-della-Caritas.jpg","contentUrl":"https:\/\/www.pressenza.com\/wp-content\/uploads\/2023\/06\/foto-della-Caritas.jpg","width":820,"height":540},{"@type":"BreadcrumbList","@id":"https:\/\/www.pressenza.com\/it\/2023\/06\/la-poverta-in-italia-secondo-i-dati-2023-della-rete-caritas\/#breadcrumb","itemListElement":[{"@type":"ListItem","position":1,"name":"Accueil","item":"https:\/\/www.pressenza.com\/it\/"},{"@type":"ListItem","position":2,"name":"La povert\u00e0 in Italia secondo i dati 2023 della Rete Caritas"}]},{"@type":"WebSite","@id":"https:\/\/www.pressenza.com\/it\/#website","url":"https:\/\/www.pressenza.com\/it\/","name":"Pressenza","description":"Agenzia di Stampa Internazionale","publisher":{"@id":"https:\/\/www.pressenza.com\/it\/#organization"},"potentialAction":[{"@type":"SearchAction","target":{"@type":"EntryPoint","urlTemplate":"https:\/\/www.pressenza.com\/it\/?s={search_term_string}"},"query-input":{"@type":"PropertyValueSpecification","valueRequired":true,"valueName":"search_term_string"}}],"inLanguage":"it-IT"},{"@type":"Organization","@id":"https:\/\/www.pressenza.com\/it\/#organization","name":"Pressenza","url":"https:\/\/www.pressenza.com\/it\/","logo":{"@type":"ImageObject","inLanguage":"it-IT","@id":"https:\/\/www.pressenza.com\/it\/#\/schema\/logo\/image\/","url":"https:\/\/www.pressenza.com\/wp-content\/uploads\/2022\/10\/pressenza_logo_200x200.jpg","contentUrl":"https:\/\/www.pressenza.com\/wp-content\/uploads\/2022\/10\/pressenza_logo_200x200.jpg","width":200,"height":200,"caption":"Pressenza"},"image":{"@id":"https:\/\/www.pressenza.com\/it\/#\/schema\/logo\/image\/"},"sameAs":["https:\/\/www.facebook.com\/PressenzaItalia","https:\/\/x.com\/PressenzaIPA"]},{"@type":"Person","@id":"https:\/\/www.pressenza.com\/it\/#\/schema\/person\/841c36a613f4f6e80f5fbc9c1f8c32c8","name":"Giovanni Caprio","description":"Pubblicista, gi\u00e0 dirigente di istituzioni pubbliche e di fondazioni private. Si occupa di beni comuni, partecipazione e governo del territorio.","url":"https:\/\/www.pressenza.com\/it\/author\/giovanni-caprio\/"}]}},"place":"","original_article_url":"","_links":{"self":[{"href":"https:\/\/www.pressenza.com\/it\/wp-json\/wp\/v2\/posts\/1748456","targetHints":{"allow":["GET"]}}],"collection":[{"href":"https:\/\/www.pressenza.com\/it\/wp-json\/wp\/v2\/posts"}],"about":[{"href":"https:\/\/www.pressenza.com\/it\/wp-json\/wp\/v2\/types\/post"}],"author":[{"embeddable":true,"href":"https:\/\/www.pressenza.com\/it\/wp-json\/wp\/v2\/users\/2106"}],"replies":[{"embeddable":true,"href":"https:\/\/www.pressenza.com\/it\/wp-json\/wp\/v2\/comments?post=1748456"}],"version-history":[{"count":0,"href":"https:\/\/www.pressenza.com\/it\/wp-json\/wp\/v2\/posts\/1748456\/revisions"}],"wp:featuredmedia":[{"embeddable":true,"href":"https:\/\/www.pressenza.com\/it\/wp-json\/wp\/v2\/media\/1748457"}],"wp:attachment":[{"href":"https:\/\/www.pressenza.com\/it\/wp-json\/wp\/v2\/media?parent=1748456"}],"wp:term":[{"taxonomy":"category","embeddable":true,"href":"https:\/\/www.pressenza.com\/it\/wp-json\/wp\/v2\/categories?post=1748456"},{"taxonomy":"post_tag","embeddable":true,"href":"https:\/\/www.pressenza.com\/it\/wp-json\/wp\/v2\/tags?post=1748456"}],"curies":[{"name":"wp","href":"https:\/\/api.w.org\/{rel}","templated":true}]}}