{"id":1747878,"date":"2023-06-24T23:20:27","date_gmt":"2023-06-24T22:20:27","guid":{"rendered":"https:\/\/www.pressenza.com\/?p=1747878"},"modified":"2023-06-24T23:20:27","modified_gmt":"2023-06-24T22:20:27","slug":"little-big-horn-un-anniversario-rimosso","status":"publish","type":"post","link":"https:\/\/www.pressenza.com\/it\/2023\/06\/little-big-horn-un-anniversario-rimosso\/","title":{"rendered":"Little Big Horn: un anniversario rimosso"},"content":{"rendered":"<p>Il 25 giugno prossimo saranno passati 167 anni dalla battaglia del Little Big Horn, ormai quasi secoli di Storia. Il 25 giugno del 1876 si concludeva un\u2019accanita battaglia che vedeva le nazioni indiane Lakota Cheyenne e Arapajo unite contro l\u2019esercito degli Stati Uniti d\u2019America. La ricostruzione storica ci narra che questa battaglia segn\u00f2 l\u2019apice di una guerra gi\u00e0 in atto da anni fra le trib\u00f9 indiane delle praterie e i \u201cvisi pallidi\u201d, nota come guerra delle Black Hills. Su queste colline, considerate territorio sacro dai Lakota, erano presenti minerali preziosi, tra cui oro e argento. Una tentazione troppo forte per gli speculatori e affaristi del proto-capitalismo nordamericano. Venne fatto di tutto per provocare i nativi americani e costringerli ad impugnare le armi. La violazione dei loro territori sacri da parte di bande organizzate e disperati cercatori d\u2019oro, l\u2019abbattimento indiscriminato dei bisonti, che costituivano il principale nutrimento degli indiani, riuscirono nell\u2019intento.<\/p>\n<p>Ma per l\u2019esercito statunitense non era facile, perch\u00e9 i guerrieri usavano tattiche di guerriglia, sottraendosi ad uno scontro in campo aperto che, vista la superiorit\u00e0 tecnica delle armi in mano ai bianchi, li avrebbe visti soccombere. Quando infine il governo di Washington affid\u00f2 al generale Custer l\u2019incarico di sgombrare il campo dalla fastidiosa presenza dei nativi, le nazioni indiane della prateria si unirono in alleanza e prepararono la trappola. Dopo aver annientato le ali dell\u2019esercito avversario, che intendevano circondare il loro accampamento, gli indiani attirarono Custer nella vallata sotto il Little Big Horn. Si stima che in quella battaglia morirono poco meno di trecento soldati, assieme al loro generale. Fu il pi\u00f9 eclatante disastro militare delle guerre indiane. Ma anche il canto del cigno dell\u2019opposizione ai conquistatori. Solo quattro anni dopo, infatti, nel dicembre del 1890, fu eseguito quel famoso ordine di sgombrare il territorio e, col massacro di Wonded Knee, le nazioni indiane resistenti furono definitivamente sconfitte e confinate nelle riserve.<\/p>\n<p>Perch\u00e9 ricordare questa data cos\u00ec lontana? Innanzitutto perch\u00e9 non viene pi\u00f9 ricordata, neppure in America, perch\u00e9 le piccole, grandi sconfitte della \u201ccivilt\u00e0\u201d contro i \u201cselvaggi\u201d, per la narrazione pubblica, vanno dimenticate. Ce ne sono state di troppe pi\u00f9 recenti, dal Vietnam all\u2019Afganistan, per imbarazzare l\u2019opinione pubblica sui racconti della bisnonna.<\/p>\n<p>In secondo luogo perch\u00e9 quella momentanea sconfitta ha determinato l\u2019annientamento delle resistenze indiane e quindi pu\u00f2 ricordare, alla pari dei massacri e delle discriminazioni, perpetrati anche attraverso i virus e l\u2019alcool, il genocidio perpetrato.<\/p>\n<p>Perch\u00e9 la Storia va ricordata e soprattutto quella degli oppressi, che troppo spesso viene cancellata da chi pretende di ergersi a paladino della democrazia.<\/p>\n<p>&nbsp;<\/p>\n","protected":false},"excerpt":{"rendered":"<p>Il 25 giugno prossimo saranno passati 167 anni dalla battaglia del Little Big Horn, ormai quasi secoli di Storia. Il 25 giugno del 1876 si concludeva un\u2019accanita battaglia che vedeva le nazioni indiane Lakota Cheyenne e Arapajo unite contro l\u2019esercito&hellip;<\/p>\n","protected":false},"author":2131,"featured_media":1747880,"comment_status":"closed","ping_status":"closed","sticky":false,"template":"","format":"standard","meta":{"footnotes":""},"categories":[11388,162,61],"tags":[293,113905],"class_list":["post-1747878","post","type-post","status-publish","format-standard","has-post-thumbnail","hentry","category-contenuti-originali","category-opinioni","category-popoli-aborigeni","tag-anniversario","tag-little-big-horn"],"yoast_head":"<!-- This site is optimized with the Yoast SEO plugin v27.1.1 - https:\/\/yoast.com\/product\/yoast-seo-wordpress\/ -->\n<title>Little Big Horn: un anniversario rimosso<\/title>\n<meta name=\"description\" content=\"Il 25 giugno prossimo saranno passati 167 anni dalla battaglia del Little Big Horn, ormai quasi secoli di Storia. Il 25 giugno del 1876 si concludeva\" \/>\n<meta name=\"robots\" content=\"index, follow, max-snippet:-1, max-image-preview:large, max-video-preview:-1\" \/>\n<link rel=\"canonical\" href=\"https:\/\/www.pressenza.com\/it\/2023\/06\/little-big-horn-un-anniversario-rimosso\/\" \/>\n<meta property=\"og:locale\" content=\"it_IT\" \/>\n<meta property=\"og:type\" content=\"article\" \/>\n<meta property=\"og:title\" content=\"Little Big Horn: un anniversario rimosso\" \/>\n<meta property=\"og:description\" content=\"Il 25 giugno prossimo saranno passati 167 anni dalla battaglia del Little Big Horn, ormai quasi secoli di Storia. Il 25 giugno del 1876 si concludeva\" \/>\n<meta property=\"og:url\" content=\"https:\/\/www.pressenza.com\/it\/2023\/06\/little-big-horn-un-anniversario-rimosso\/\" \/>\n<meta property=\"og:site_name\" content=\"Pressenza\" \/>\n<meta property=\"article:publisher\" content=\"https:\/\/www.facebook.com\/PressenzaItalia\" \/>\n<meta property=\"article:published_time\" content=\"2023-06-24T22:20:27+00:00\" \/>\n<meta property=\"og:image\" content=\"https:\/\/www.pressenza.com\/wp-content\/uploads\/2023\/06\/1280px-Custer_Massacre_At_Big_Horn_Montana_June_25_1876.jpg\" \/>\n\t<meta property=\"og:image:width\" content=\"1280\" \/>\n\t<meta property=\"og:image:height\" content=\"880\" \/>\n\t<meta property=\"og:image:type\" content=\"image\/jpeg\" \/>\n<meta name=\"author\" content=\"Carlo Bellisai\" \/>\n<meta name=\"twitter:card\" content=\"summary_large_image\" \/>\n<meta name=\"twitter:creator\" content=\"@PressenzaIPA\" \/>\n<meta name=\"twitter:site\" content=\"@PressenzaIPA\" \/>\n<meta name=\"twitter:label1\" content=\"Scritto da\" \/>\n\t<meta name=\"twitter:data1\" content=\"Carlo Bellisai\" \/>\n\t<meta name=\"twitter:label2\" content=\"Tempo di lettura stimato\" \/>\n\t<meta name=\"twitter:data2\" content=\"3 minuti\" \/>\n<script type=\"application\/ld+json\" class=\"yoast-schema-graph\">{\"@context\":\"https:\/\/schema.org\",\"@graph\":[{\"@type\":\"Article\",\"@id\":\"https:\/\/www.pressenza.com\/it\/2023\/06\/little-big-horn-un-anniversario-rimosso\/#article\",\"isPartOf\":{\"@id\":\"https:\/\/www.pressenza.com\/it\/2023\/06\/little-big-horn-un-anniversario-rimosso\/\"},\"author\":{\"name\":\"Carlo Bellisai\",\"@id\":\"https:\/\/www.pressenza.com\/it\/#\/schema\/person\/2efaf89de911f967d3d8a8494805864d\"},\"headline\":\"Little Big Horn: un anniversario rimosso\",\"datePublished\":\"2023-06-24T22:20:27+00:00\",\"mainEntityOfPage\":{\"@id\":\"https:\/\/www.pressenza.com\/it\/2023\/06\/little-big-horn-un-anniversario-rimosso\/\"},\"wordCount\":437,\"publisher\":{\"@id\":\"https:\/\/www.pressenza.com\/it\/#organization\"},\"image\":{\"@id\":\"https:\/\/www.pressenza.com\/it\/2023\/06\/little-big-horn-un-anniversario-rimosso\/#primaryimage\"},\"thumbnailUrl\":\"https:\/\/www.pressenza.com\/wp-content\/uploads\/2023\/06\/1280px-Custer_Massacre_At_Big_Horn_Montana_June_25_1876.jpg\",\"keywords\":[\"anniversario\",\"Little Big Horn\"],\"articleSection\":[\"contenuti originali\",\"Opinioni\",\"Popoli originari\"],\"inLanguage\":\"it-IT\"},{\"@type\":\"WebPage\",\"@id\":\"https:\/\/www.pressenza.com\/it\/2023\/06\/little-big-horn-un-anniversario-rimosso\/\",\"url\":\"https:\/\/www.pressenza.com\/it\/2023\/06\/little-big-horn-un-anniversario-rimosso\/\",\"name\":\"Little Big Horn: un anniversario rimosso\",\"isPartOf\":{\"@id\":\"https:\/\/www.pressenza.com\/it\/#website\"},\"primaryImageOfPage\":{\"@id\":\"https:\/\/www.pressenza.com\/it\/2023\/06\/little-big-horn-un-anniversario-rimosso\/#primaryimage\"},\"image\":{\"@id\":\"https:\/\/www.pressenza.com\/it\/2023\/06\/little-big-horn-un-anniversario-rimosso\/#primaryimage\"},\"thumbnailUrl\":\"https:\/\/www.pressenza.com\/wp-content\/uploads\/2023\/06\/1280px-Custer_Massacre_At_Big_Horn_Montana_June_25_1876.jpg\",\"datePublished\":\"2023-06-24T22:20:27+00:00\",\"description\":\"Il 25 giugno prossimo saranno passati 167 anni dalla battaglia del Little Big Horn, ormai quasi secoli di Storia. Il 25 giugno del 1876 si concludeva\",\"breadcrumb\":{\"@id\":\"https:\/\/www.pressenza.com\/it\/2023\/06\/little-big-horn-un-anniversario-rimosso\/#breadcrumb\"},\"inLanguage\":\"it-IT\",\"potentialAction\":[{\"@type\":\"ReadAction\",\"target\":[\"https:\/\/www.pressenza.com\/it\/2023\/06\/little-big-horn-un-anniversario-rimosso\/\"]}]},{\"@type\":\"ImageObject\",\"inLanguage\":\"it-IT\",\"@id\":\"https:\/\/www.pressenza.com\/it\/2023\/06\/little-big-horn-un-anniversario-rimosso\/#primaryimage\",\"url\":\"https:\/\/www.pressenza.com\/wp-content\/uploads\/2023\/06\/1280px-Custer_Massacre_At_Big_Horn_Montana_June_25_1876.jpg\",\"contentUrl\":\"https:\/\/www.pressenza.com\/wp-content\/uploads\/2023\/06\/1280px-Custer_Massacre_At_Big_Horn_Montana_June_25_1876.jpg\",\"width\":1280,\"height\":880},{\"@type\":\"BreadcrumbList\",\"@id\":\"https:\/\/www.pressenza.com\/it\/2023\/06\/little-big-horn-un-anniversario-rimosso\/#breadcrumb\",\"itemListElement\":[{\"@type\":\"ListItem\",\"position\":1,\"name\":\"Accueil\",\"item\":\"https:\/\/www.pressenza.com\/it\/\"},{\"@type\":\"ListItem\",\"position\":2,\"name\":\"Little Big Horn: un anniversario rimosso\"}]},{\"@type\":\"WebSite\",\"@id\":\"https:\/\/www.pressenza.com\/it\/#website\",\"url\":\"https:\/\/www.pressenza.com\/it\/\",\"name\":\"Pressenza\",\"description\":\"Agenzia di Stampa Internazionale\",\"publisher\":{\"@id\":\"https:\/\/www.pressenza.com\/it\/#organization\"},\"potentialAction\":[{\"@type\":\"SearchAction\",\"target\":{\"@type\":\"EntryPoint\",\"urlTemplate\":\"https:\/\/www.pressenza.com\/it\/?s={search_term_string}\"},\"query-input\":{\"@type\":\"PropertyValueSpecification\",\"valueRequired\":true,\"valueName\":\"search_term_string\"}}],\"inLanguage\":\"it-IT\"},{\"@type\":\"Organization\",\"@id\":\"https:\/\/www.pressenza.com\/it\/#organization\",\"name\":\"Pressenza\",\"url\":\"https:\/\/www.pressenza.com\/it\/\",\"logo\":{\"@type\":\"ImageObject\",\"inLanguage\":\"it-IT\",\"@id\":\"https:\/\/www.pressenza.com\/it\/#\/schema\/logo\/image\/\",\"url\":\"https:\/\/www.pressenza.com\/wp-content\/uploads\/2022\/10\/pressenza_logo_200x200.jpg\",\"contentUrl\":\"https:\/\/www.pressenza.com\/wp-content\/uploads\/2022\/10\/pressenza_logo_200x200.jpg\",\"width\":200,\"height\":200,\"caption\":\"Pressenza\"},\"image\":{\"@id\":\"https:\/\/www.pressenza.com\/it\/#\/schema\/logo\/image\/\"},\"sameAs\":[\"https:\/\/www.facebook.com\/PressenzaItalia\",\"https:\/\/x.com\/PressenzaIPA\"]},{\"@type\":\"Person\",\"@id\":\"https:\/\/www.pressenza.com\/it\/#\/schema\/person\/2efaf89de911f967d3d8a8494805864d\",\"name\":\"Carlo Bellisai\",\"description\":\"Sono nato e vivo in Sardegna. Da oltre trent\u2019anni lavoro come maestro di scuola elementare. Dagli anni Novanta dello scorso secolo mi occupo di nonviolenza e di gestione costruttiva dei conflitti. Faccio parte del Movimento Nonviolento, col ruolo di portavoce del centro territoriale sardo, oltre che membro del Comitato di Coordinamento. Ho pubblicato: \u201cAnimalandia\u201d (filastrocche per far ridere e riflettere su temi importanti) Punto di Fuga Editrice 2008 \u2013 esaurito; \u201cNon so come sia da voi ma da noi \u00e8 cos\u00ec\u201d (un percorso didattico per gli alunni dagli 8 ai 12 anni, ispirato al metodo dell\u2019equivalenza di Pat Patfoort), Infinito Edizioni 2017; \u201cSulle rive di un mare di plastica\u201d (un libro di racconti, per grandi e piccoli, sui temi dell\u2019ambiente e dei rifiuti), Edizioni La citt\u00e0 degli dei 2018.\",\"url\":\"https:\/\/www.pressenza.com\/it\/author\/carlo-bellisai\/\"}]}<\/script>\n<!-- \/ Yoast SEO plugin. -->","yoast_head_json":{"title":"Little Big Horn: un anniversario rimosso","description":"Il 25 giugno prossimo saranno passati 167 anni dalla battaglia del Little Big Horn, ormai quasi secoli di Storia. Il 25 giugno del 1876 si concludeva","robots":{"index":"index","follow":"follow","max-snippet":"max-snippet:-1","max-image-preview":"max-image-preview:large","max-video-preview":"max-video-preview:-1"},"canonical":"https:\/\/www.pressenza.com\/it\/2023\/06\/little-big-horn-un-anniversario-rimosso\/","og_locale":"it_IT","og_type":"article","og_title":"Little Big Horn: un anniversario rimosso","og_description":"Il 25 giugno prossimo saranno passati 167 anni dalla battaglia del Little Big Horn, ormai quasi secoli di Storia. Il 25 giugno del 1876 si concludeva","og_url":"https:\/\/www.pressenza.com\/it\/2023\/06\/little-big-horn-un-anniversario-rimosso\/","og_site_name":"Pressenza","article_publisher":"https:\/\/www.facebook.com\/PressenzaItalia","article_published_time":"2023-06-24T22:20:27+00:00","og_image":[{"width":1280,"height":880,"url":"https:\/\/www.pressenza.com\/wp-content\/uploads\/2023\/06\/1280px-Custer_Massacre_At_Big_Horn_Montana_June_25_1876.jpg","type":"image\/jpeg"}],"author":"Carlo Bellisai","twitter_card":"summary_large_image","twitter_creator":"@PressenzaIPA","twitter_site":"@PressenzaIPA","twitter_misc":{"Scritto da":"Carlo Bellisai","Tempo di lettura stimato":"3 minuti"},"schema":{"@context":"https:\/\/schema.org","@graph":[{"@type":"Article","@id":"https:\/\/www.pressenza.com\/it\/2023\/06\/little-big-horn-un-anniversario-rimosso\/#article","isPartOf":{"@id":"https:\/\/www.pressenza.com\/it\/2023\/06\/little-big-horn-un-anniversario-rimosso\/"},"author":{"name":"Carlo Bellisai","@id":"https:\/\/www.pressenza.com\/it\/#\/schema\/person\/2efaf89de911f967d3d8a8494805864d"},"headline":"Little Big Horn: un anniversario rimosso","datePublished":"2023-06-24T22:20:27+00:00","mainEntityOfPage":{"@id":"https:\/\/www.pressenza.com\/it\/2023\/06\/little-big-horn-un-anniversario-rimosso\/"},"wordCount":437,"publisher":{"@id":"https:\/\/www.pressenza.com\/it\/#organization"},"image":{"@id":"https:\/\/www.pressenza.com\/it\/2023\/06\/little-big-horn-un-anniversario-rimosso\/#primaryimage"},"thumbnailUrl":"https:\/\/www.pressenza.com\/wp-content\/uploads\/2023\/06\/1280px-Custer_Massacre_At_Big_Horn_Montana_June_25_1876.jpg","keywords":["anniversario","Little Big Horn"],"articleSection":["contenuti originali","Opinioni","Popoli originari"],"inLanguage":"it-IT"},{"@type":"WebPage","@id":"https:\/\/www.pressenza.com\/it\/2023\/06\/little-big-horn-un-anniversario-rimosso\/","url":"https:\/\/www.pressenza.com\/it\/2023\/06\/little-big-horn-un-anniversario-rimosso\/","name":"Little Big Horn: un anniversario rimosso","isPartOf":{"@id":"https:\/\/www.pressenza.com\/it\/#website"},"primaryImageOfPage":{"@id":"https:\/\/www.pressenza.com\/it\/2023\/06\/little-big-horn-un-anniversario-rimosso\/#primaryimage"},"image":{"@id":"https:\/\/www.pressenza.com\/it\/2023\/06\/little-big-horn-un-anniversario-rimosso\/#primaryimage"},"thumbnailUrl":"https:\/\/www.pressenza.com\/wp-content\/uploads\/2023\/06\/1280px-Custer_Massacre_At_Big_Horn_Montana_June_25_1876.jpg","datePublished":"2023-06-24T22:20:27+00:00","description":"Il 25 giugno prossimo saranno passati 167 anni dalla battaglia del Little Big Horn, ormai quasi secoli di Storia. Il 25 giugno del 1876 si concludeva","breadcrumb":{"@id":"https:\/\/www.pressenza.com\/it\/2023\/06\/little-big-horn-un-anniversario-rimosso\/#breadcrumb"},"inLanguage":"it-IT","potentialAction":[{"@type":"ReadAction","target":["https:\/\/www.pressenza.com\/it\/2023\/06\/little-big-horn-un-anniversario-rimosso\/"]}]},{"@type":"ImageObject","inLanguage":"it-IT","@id":"https:\/\/www.pressenza.com\/it\/2023\/06\/little-big-horn-un-anniversario-rimosso\/#primaryimage","url":"https:\/\/www.pressenza.com\/wp-content\/uploads\/2023\/06\/1280px-Custer_Massacre_At_Big_Horn_Montana_June_25_1876.jpg","contentUrl":"https:\/\/www.pressenza.com\/wp-content\/uploads\/2023\/06\/1280px-Custer_Massacre_At_Big_Horn_Montana_June_25_1876.jpg","width":1280,"height":880},{"@type":"BreadcrumbList","@id":"https:\/\/www.pressenza.com\/it\/2023\/06\/little-big-horn-un-anniversario-rimosso\/#breadcrumb","itemListElement":[{"@type":"ListItem","position":1,"name":"Accueil","item":"https:\/\/www.pressenza.com\/it\/"},{"@type":"ListItem","position":2,"name":"Little Big Horn: un anniversario rimosso"}]},{"@type":"WebSite","@id":"https:\/\/www.pressenza.com\/it\/#website","url":"https:\/\/www.pressenza.com\/it\/","name":"Pressenza","description":"Agenzia di Stampa Internazionale","publisher":{"@id":"https:\/\/www.pressenza.com\/it\/#organization"},"potentialAction":[{"@type":"SearchAction","target":{"@type":"EntryPoint","urlTemplate":"https:\/\/www.pressenza.com\/it\/?s={search_term_string}"},"query-input":{"@type":"PropertyValueSpecification","valueRequired":true,"valueName":"search_term_string"}}],"inLanguage":"it-IT"},{"@type":"Organization","@id":"https:\/\/www.pressenza.com\/it\/#organization","name":"Pressenza","url":"https:\/\/www.pressenza.com\/it\/","logo":{"@type":"ImageObject","inLanguage":"it-IT","@id":"https:\/\/www.pressenza.com\/it\/#\/schema\/logo\/image\/","url":"https:\/\/www.pressenza.com\/wp-content\/uploads\/2022\/10\/pressenza_logo_200x200.jpg","contentUrl":"https:\/\/www.pressenza.com\/wp-content\/uploads\/2022\/10\/pressenza_logo_200x200.jpg","width":200,"height":200,"caption":"Pressenza"},"image":{"@id":"https:\/\/www.pressenza.com\/it\/#\/schema\/logo\/image\/"},"sameAs":["https:\/\/www.facebook.com\/PressenzaItalia","https:\/\/x.com\/PressenzaIPA"]},{"@type":"Person","@id":"https:\/\/www.pressenza.com\/it\/#\/schema\/person\/2efaf89de911f967d3d8a8494805864d","name":"Carlo Bellisai","description":"Sono nato e vivo in Sardegna. Da oltre trent\u2019anni lavoro come maestro di scuola elementare. Dagli anni Novanta dello scorso secolo mi occupo di nonviolenza e di gestione costruttiva dei conflitti. Faccio parte del Movimento Nonviolento, col ruolo di portavoce del centro territoriale sardo, oltre che membro del Comitato di Coordinamento. Ho pubblicato: \u201cAnimalandia\u201d (filastrocche per far ridere e riflettere su temi importanti) Punto di Fuga Editrice 2008 \u2013 esaurito; \u201cNon so come sia da voi ma da noi \u00e8 cos\u00ec\u201d (un percorso didattico per gli alunni dagli 8 ai 12 anni, ispirato al metodo dell\u2019equivalenza di Pat Patfoort), Infinito Edizioni 2017; \u201cSulle rive di un mare di plastica\u201d (un libro di racconti, per grandi e piccoli, sui temi dell\u2019ambiente e dei rifiuti), Edizioni La citt\u00e0 degli dei 2018.","url":"https:\/\/www.pressenza.com\/it\/author\/carlo-bellisai\/"}]}},"place":"","original_article_url":"","_links":{"self":[{"href":"https:\/\/www.pressenza.com\/it\/wp-json\/wp\/v2\/posts\/1747878","targetHints":{"allow":["GET"]}}],"collection":[{"href":"https:\/\/www.pressenza.com\/it\/wp-json\/wp\/v2\/posts"}],"about":[{"href":"https:\/\/www.pressenza.com\/it\/wp-json\/wp\/v2\/types\/post"}],"author":[{"embeddable":true,"href":"https:\/\/www.pressenza.com\/it\/wp-json\/wp\/v2\/users\/2131"}],"replies":[{"embeddable":true,"href":"https:\/\/www.pressenza.com\/it\/wp-json\/wp\/v2\/comments?post=1747878"}],"version-history":[{"count":0,"href":"https:\/\/www.pressenza.com\/it\/wp-json\/wp\/v2\/posts\/1747878\/revisions"}],"wp:featuredmedia":[{"embeddable":true,"href":"https:\/\/www.pressenza.com\/it\/wp-json\/wp\/v2\/media\/1747880"}],"wp:attachment":[{"href":"https:\/\/www.pressenza.com\/it\/wp-json\/wp\/v2\/media?parent=1747878"}],"wp:term":[{"taxonomy":"category","embeddable":true,"href":"https:\/\/www.pressenza.com\/it\/wp-json\/wp\/v2\/categories?post=1747878"},{"taxonomy":"post_tag","embeddable":true,"href":"https:\/\/www.pressenza.com\/it\/wp-json\/wp\/v2\/tags?post=1747878"}],"curies":[{"name":"wp","href":"https:\/\/api.w.org\/{rel}","templated":true}]}}