{"id":1747336,"date":"2023-06-21T20:31:12","date_gmt":"2023-06-21T19:31:12","guid":{"rendered":"https:\/\/www.pressenza.com\/?p=1747336"},"modified":"2023-06-21T22:25:27","modified_gmt":"2023-06-21T21:25:27","slug":"parole-sul-confine-il-confine-di-ventimiglia","status":"publish","type":"post","link":"https:\/\/www.pressenza.com\/it\/2023\/06\/parole-sul-confine-il-confine-di-ventimiglia\/","title":{"rendered":"Parole sul confine: il confine di Ventimiglia"},"content":{"rendered":"<p><i>Circola in rete e lo puoi anche scaricare <a href=\"https:\/\/www.pressenza.com\/wp-content\/uploads\/2023\/06\/RESISTERE_AL_CONFINE_PAGINA_SINGOLA-1.pdf\">da qui<\/a> Resistere al Confine \u2013 Ventimiglia 2015\/2023 Quaderni n. 2 realizzato dall&#8217;Osservatorio Repressione con il collettivo \u00abParole sul confine\u00bb.<\/i><\/p>\n<p><i>Continua il viaggio dell&#8217;Osservatorio Repressione tra quell\u2019umanit\u00e0 che il 14 giugno le autorit\u00e0 greche hanno lasciato consapevolmente morire nel mare Egeo, cos\u00ec come hanno fatto le autorit\u00e0 italiane per la strage di Cutro, cos\u00ec come accadde a Lampedusa nell\u2019ottobre del 2013 distante nel tempo ma vivo nella memoria. Non sapremo mai il numero degli annegati: sappiamo che una nuova strage si \u00e8 compiuta. E non sapremo mai quante, quanti, non riescono a correre il rischio di sopravvivere al mare. I nuovi desaparesidos. Con Resistere al confine, grazie al collettivo \u00abParole sul confine\u00bb raccontiamo le lotte di resistenza e di speranza, e gli avvenimenti che dal 2015 si sono succeduti sugli scogli di Ventimiglia e lungo i sentieri della frontiera tra Italia e Francia<\/i><\/p>\n<p>Il progetto del blog nasce nel 2017 da un gruppo di persone che, solidali alle lotte contro i confini, ha seguito gli eventi accaduti a Ventimiglia a partire dall\u2019estate del 2015. Tracciato politico che causa profonde conseguenze reali, il confine rappresenta allo stesso tempo un limite e un punto di passaggio e d&#8217;incontro. \u00c8 perci\u00f2 nelle zone di frontiera che si sviluppano dure resistenze e lotte, nelle quali migliaia di persone si giocano le proprie speranze e, sempre pi\u00f9 spesso, la vita.<\/p>\n<p>A Giugno del 2015 la Francia ha chiuso le frontiere sospendendo gli accordi di Schengen. Da allora non ha pi\u00f9 smobilitato l&#8217;ingente apparato di controlli, continuando ad effettuare selezioni e rastrellamenti basati su criteri di discriminazione razziale: una caccia alle persone non bianche che si spinge fino a oltre venti chilometri dal confine. Nel 2015 vi fu un ampio eco mediatico quando le persone migranti occuparono gli scogli dei Balzi Rossi per protestare contro la chiusura del confine, rivendicando per s\u00e9 stesse la libert\u00e0 di movimento. L\u2019inceppamento del sistema di Schengen e i primi nodi al pettine nel sistema Dublino furono solo un iniziale momento di imbarazzo e difficolt\u00e0 per le istituzioni italiane ed europee. Esse si sono rapidamente organizzate, mettendo in campo una serie di dispositivi volti a sigillare le porte d\u2019Europa e bonificare i paesi interessati dal flusso migratorio: attraverso un proliferare di norme, decreti e ordinanze si \u00e8 costruito quello che si pu\u00f2 definire un \u201cregime di confine\u201d.<\/p>\n<p>Anche a Ventimiglia, come sugli altri punti di ingresso della cosiddetta Fortezza Europa, la riattivazione e moltiplicazione dei confini ha trasformato il territorio in uno spazio altamente militarizzato, un laboratorio sempre pi\u00f9 agguerrito e raffinato di controlli razziali e repressione del dissenso. L&#8217;<i>emergenza migranti<\/i> dei primi anni nella citt\u00e0 di confine si \u00e8 presto evoluta in una strategia indirizzata a impedire l&#8217;autodeterminazione delle persone in viaggio e, contemporaneamente, ad ottenere una loro dissoluzione dallo spazio del territorio pubblico. A disegnare su una mappa della citt\u00e0 i punti di riferimento che, nel tempo, sono stati approntati per chi arriva a Ventimiglia per passare la frontiera, si noterebbe chiaramente una progressiva onda di rifiuto ontologico nei confronti delle persone migranti, spinte a furia di sgomberi e ruspe ad allontanarsi dal cuore della citt\u00e0 per cercare ripari di fortuna sempre pi\u00f9 precari verso zone sempre pi\u00f9 periferiche e nascoste. Il campo di accoglienza nella piazza della stazione, poi nella pi\u00f9 distante chiesa delle Gianchette, poi il campo della Croce Rossa tra i cavalcavia dell&#8217;autostrada a diversi chilometri dal centro. Poi nemmeno pi\u00f9 quello, smantellato definitivamente nell&#8217;estate del 2020 .<\/p>\n<p>Attrezzare un luogo dedicato all&#8217;accoglienza dei migranti causa un concentramento visivo di queste persone nello spazio urbano, generando reazioni e angosce nella popolazione ventimigliese: meglio ancora se i migranti si invisibilizzano negli anfratti pi\u00f9 nascosti della geografia urbana di Ventimiglia. I binari tronchi della ferrovia, i sottopassaggi, la selva di arbusti nel greto del fiume, i capannoni abbandonati nelle periferie. L&#8217;importante \u00e8 che queste persone non si facciano vedere in giro e soprattutto che sembri che l&#8217;amministrazione di turno stia facendo per loro il meno possibile in termini di accoglienza e il massimo in termini di repressione. Una gestione criminale che alimenta un consenso politico sempre pi\u00f9 orientato alla forca e alla purga, aggiungendo al rischio di morire nel passaggio della frontiera il rischio di morire perch\u00e9 \u00e8 troppo duro sopravvivere in strada a Ventimiglia.<\/p>\n<p>Il potere di rendere invisibili le persone<\/p>\n<p>Non \u00e8 solo questione che non paga, in termini di voti, assumersi la responsabilit\u00e0 di approntare un piano territoriale che tenga in considerazione la presenza e i bisogni delle persone migranti. C&#8217;\u00e8 un desiderio molto pi\u00f9 profondo e inquietante nel gioco a palla avvelenata portato avanti dalle istituzioni tanto a livello nazionale quanto locale: il tentativo costante e trasversale alle forze politiche di far fisicamente sparire le persone migranti dalla citt\u00e0. Non perch\u00e9 qualcuno pensi ancora sul serio che i flussi migratori possano essere fermati o contenuti, ma perch\u00e9 semplicemente non devono vedersi.<\/p>\n<p>Lontano dai proclami propagandistici dell\u2019amministrazione cittadina prima a guida pd e poi centrodestra, Ventimiglia si \u00e8 mostrata fuori della retorica della \u201cbuona accoglienza\u201d: retate, identificazioni forzate, violenze e deportazioni verso gli hotspot del sud Italia in passato, adesso sempre pi\u00f9 spesso direttamente verso i cpr, come \u00e8 successo a Moussa Balde dopo essere stato aggredito a Ventimiglia. Mentre per gli uomini e le donne impegnate nelle pratiche di solidariet\u00e0 attiva e dal basso sono stati riservati denunce, multe, processi, diffamazione, perquisizioni e fogli di via. Nel vuoto lasciato dalla distruzione degli spazi autogestiti dalle persone migranti con il supporto di quelle attiviste, ha potuto inserirsi una serie di realt\u00e0 che, dalla chiesa alle ong a varie associazioni umanitarie, ha tentato invano di rendere un po&#8217; meno misera e pericolosa la vita di chi arriva a Ventimiglia con un progetto migratorio. Partendo dal presidio occupato dai migranti ai Balzi Rossi, dove la gente si auto organizzava per attraversare la frontiera, fino ad arrivare agli attuali giacigli tra binari tronchi e schiere di trafficanti di esseri umani, si \u00e8 imboccata una lunga parabola discendente che conferma quotidianamente il detto \u201cal peggio non v&#8217;\u00e8 mai fine\u201d.<\/p>\n<p>Gli antichi e ormai in disuso uffici della dogana italiana sono stati riaperti e rimodernizzati. I monti e i sentieri che portano in Francia sono disseminati da checkpoint della legione straniera francese. Le violenze, gli abusi e le umiliazioni inflitte ai migranti sono andate incrementando da ambo le parti del confine. L\u2019inasprimento delle misure di controllo e l\u2019esasperarsi complessivo della situazione ha causato, dal 2016 ad oggi, un numero allarmante di persone ferite e decedute nel tentativo di attraversare il confine.<\/p>\n<p>E se da un lato imperversa un sistema di ghettizzazione e segregazione delle persone in viaggio, dall&#8217;altro incalza una narrativa mediatica e istituzionale volta a criminalizzare e de-umanizzare le persone migranti. Per questo abbiamo pensato che fosse urgente raccontare il confine e le sue conseguenze reali nella vita di chi attraversa lo spazio di frontiera. Dal blog <i>Parole sul confine<\/i> abbiamo cercato di diffondere le storie e le parole di coloro che ogni giorno arrivano, partono, tornano e vivono a Ventimiglia: testimoniare vuol dire raccogliere messaggi che altrimenti andrebbero persi. Vuol dire aprire e difendere spazi informativi liberi e indipendenti, per provare a infrangere anche un altro confine: il recinto mediatico che tiene fuori le voci di coloro che si vogliono zittire.<\/p>\n<p>Molte delle testimonianze e avvenimenti citati in queste pagine sono raccolte negli articoli del blog, sia come lavoro redazionale sia grazie ai contributi esterni che ci sono stati inviati e che, anche in questa occasione, invitiamo caldamente a scrivere e condividere.<\/p>\n<p style=\"text-align: right;\">\n","protected":false},"excerpt":{"rendered":"<p>Circola in rete e lo puoi anche scaricare da qui Resistere al Confine \u2013 Ventimiglia 2015\/2023 Quaderni n. 2 realizzato dall&#8217;Osservatorio Repressione con il collettivo \u00abParole sul confine\u00bb. Continua il viaggio dell&#8217;Osservatorio Repressione tra quell\u2019umanit\u00e0 che il 14 giugno le&hellip;<\/p>\n","protected":false},"author":2263,"featured_media":466841,"comment_status":"closed","ping_status":"closed","sticky":false,"template":"","format":"standard","meta":{"footnotes":""},"categories":[11388,60,54572],"tags":[1490,19268,2636,27613],"class_list":["post-1747336","post","type-post","status-publish","format-standard","has-post-thumbnail","hentry","category-contenuti-originali","category-diritti-umani","category-migranti","tag-clandestini","tag-confine","tag-migranti","tag-ventimiglia"],"yoast_head":"<!-- This site is optimized with the Yoast SEO plugin v27.1.1 - https:\/\/yoast.com\/product\/yoast-seo-wordpress\/ -->\n<title>Parole sul confine: il confine di Ventimiglia<\/title>\n<meta name=\"description\" content=\"Circola in rete e lo puoi anche scaricare da qui Resistere al Confine \u2013 Ventimiglia 2015\/2023 Quaderni n. 2 realizzato dall&#039;Osservatorio Repressione con\" \/>\n<meta name=\"robots\" content=\"index, follow, max-snippet:-1, max-image-preview:large, max-video-preview:-1\" \/>\n<link rel=\"canonical\" href=\"https:\/\/www.pressenza.com\/it\/2023\/06\/parole-sul-confine-il-confine-di-ventimiglia\/\" \/>\n<meta property=\"og:locale\" content=\"it_IT\" \/>\n<meta property=\"og:type\" content=\"article\" \/>\n<meta property=\"og:title\" content=\"Parole sul confine: il confine di Ventimiglia\" \/>\n<meta property=\"og:description\" content=\"Circola in rete e lo puoi anche scaricare da qui Resistere al Confine \u2013 Ventimiglia 2015\/2023 Quaderni n. 2 realizzato dall&#039;Osservatorio Repressione con\" \/>\n<meta property=\"og:url\" content=\"https:\/\/www.pressenza.com\/it\/2023\/06\/parole-sul-confine-il-confine-di-ventimiglia\/\" \/>\n<meta property=\"og:site_name\" content=\"Pressenza\" \/>\n<meta property=\"article:publisher\" content=\"https:\/\/www.facebook.com\/PressenzaItalia\" \/>\n<meta property=\"article:published_time\" content=\"2023-06-21T19:31:12+00:00\" \/>\n<meta property=\"article:modified_time\" content=\"2023-06-21T21:25:27+00:00\" \/>\n<meta property=\"og:image\" content=\"https:\/\/www.pressenza.com\/wp-content\/uploads\/2017\/05\/welcomerefugee-ventimiglia.jpg\" \/>\n\t<meta property=\"og:image:width\" content=\"960\" \/>\n\t<meta property=\"og:image:height\" content=\"640\" \/>\n\t<meta property=\"og:image:type\" content=\"image\/jpeg\" \/>\n<meta name=\"author\" content=\"Osservatorio Repressione\" \/>\n<meta name=\"twitter:card\" content=\"summary_large_image\" \/>\n<meta name=\"twitter:creator\" content=\"@PressenzaIPA\" \/>\n<meta name=\"twitter:site\" content=\"@PressenzaIPA\" \/>\n<meta name=\"twitter:label1\" content=\"Scritto da\" \/>\n\t<meta name=\"twitter:data1\" content=\"Osservatorio Repressione\" \/>\n\t<meta name=\"twitter:label2\" content=\"Tempo di lettura stimato\" \/>\n\t<meta name=\"twitter:data2\" content=\"7 minuti\" \/>\n<script type=\"application\/ld+json\" class=\"yoast-schema-graph\">{\"@context\":\"https:\/\/schema.org\",\"@graph\":[{\"@type\":\"Article\",\"@id\":\"https:\/\/www.pressenza.com\/it\/2023\/06\/parole-sul-confine-il-confine-di-ventimiglia\/#article\",\"isPartOf\":{\"@id\":\"https:\/\/www.pressenza.com\/it\/2023\/06\/parole-sul-confine-il-confine-di-ventimiglia\/\"},\"author\":{\"name\":\"Osservatorio Repressione\",\"@id\":\"https:\/\/www.pressenza.com\/it\/#\/schema\/person\/d6fccf7ad21a11b398f662d2bdb41f02\"},\"headline\":\"Parole sul confine: il confine di Ventimiglia\",\"datePublished\":\"2023-06-21T19:31:12+00:00\",\"dateModified\":\"2023-06-21T21:25:27+00:00\",\"mainEntityOfPage\":{\"@id\":\"https:\/\/www.pressenza.com\/it\/2023\/06\/parole-sul-confine-il-confine-di-ventimiglia\/\"},\"wordCount\":1256,\"publisher\":{\"@id\":\"https:\/\/www.pressenza.com\/it\/#organization\"},\"image\":{\"@id\":\"https:\/\/www.pressenza.com\/it\/2023\/06\/parole-sul-confine-il-confine-di-ventimiglia\/#primaryimage\"},\"thumbnailUrl\":\"https:\/\/www.pressenza.com\/wp-content\/uploads\/2017\/05\/welcomerefugee-ventimiglia.jpg\",\"keywords\":[\"clandestini\",\"confine\",\"migranti\",\"Ventimiglia\"],\"articleSection\":[\"contenuti originali\",\"Diritti Umani\",\"Migranti\"],\"inLanguage\":\"it-IT\"},{\"@type\":\"WebPage\",\"@id\":\"https:\/\/www.pressenza.com\/it\/2023\/06\/parole-sul-confine-il-confine-di-ventimiglia\/\",\"url\":\"https:\/\/www.pressenza.com\/it\/2023\/06\/parole-sul-confine-il-confine-di-ventimiglia\/\",\"name\":\"Parole sul confine: il confine di Ventimiglia\",\"isPartOf\":{\"@id\":\"https:\/\/www.pressenza.com\/it\/#website\"},\"primaryImageOfPage\":{\"@id\":\"https:\/\/www.pressenza.com\/it\/2023\/06\/parole-sul-confine-il-confine-di-ventimiglia\/#primaryimage\"},\"image\":{\"@id\":\"https:\/\/www.pressenza.com\/it\/2023\/06\/parole-sul-confine-il-confine-di-ventimiglia\/#primaryimage\"},\"thumbnailUrl\":\"https:\/\/www.pressenza.com\/wp-content\/uploads\/2017\/05\/welcomerefugee-ventimiglia.jpg\",\"datePublished\":\"2023-06-21T19:31:12+00:00\",\"dateModified\":\"2023-06-21T21:25:27+00:00\",\"description\":\"Circola in rete e lo puoi anche scaricare da qui Resistere al Confine \u2013 Ventimiglia 2015\/2023 Quaderni n. 2 realizzato dall'Osservatorio Repressione con\",\"breadcrumb\":{\"@id\":\"https:\/\/www.pressenza.com\/it\/2023\/06\/parole-sul-confine-il-confine-di-ventimiglia\/#breadcrumb\"},\"inLanguage\":\"it-IT\",\"potentialAction\":[{\"@type\":\"ReadAction\",\"target\":[\"https:\/\/www.pressenza.com\/it\/2023\/06\/parole-sul-confine-il-confine-di-ventimiglia\/\"]}]},{\"@type\":\"ImageObject\",\"inLanguage\":\"it-IT\",\"@id\":\"https:\/\/www.pressenza.com\/it\/2023\/06\/parole-sul-confine-il-confine-di-ventimiglia\/#primaryimage\",\"url\":\"https:\/\/www.pressenza.com\/wp-content\/uploads\/2017\/05\/welcomerefugee-ventimiglia.jpg\",\"contentUrl\":\"https:\/\/www.pressenza.com\/wp-content\/uploads\/2017\/05\/welcomerefugee-ventimiglia.jpg\",\"width\":960,\"height\":640},{\"@type\":\"BreadcrumbList\",\"@id\":\"https:\/\/www.pressenza.com\/it\/2023\/06\/parole-sul-confine-il-confine-di-ventimiglia\/#breadcrumb\",\"itemListElement\":[{\"@type\":\"ListItem\",\"position\":1,\"name\":\"Accueil\",\"item\":\"https:\/\/www.pressenza.com\/it\/\"},{\"@type\":\"ListItem\",\"position\":2,\"name\":\"Parole sul confine: il confine di Ventimiglia\"}]},{\"@type\":\"WebSite\",\"@id\":\"https:\/\/www.pressenza.com\/it\/#website\",\"url\":\"https:\/\/www.pressenza.com\/it\/\",\"name\":\"Pressenza\",\"description\":\"Agenzia di Stampa Internazionale\",\"publisher\":{\"@id\":\"https:\/\/www.pressenza.com\/it\/#organization\"},\"potentialAction\":[{\"@type\":\"SearchAction\",\"target\":{\"@type\":\"EntryPoint\",\"urlTemplate\":\"https:\/\/www.pressenza.com\/it\/?s={search_term_string}\"},\"query-input\":{\"@type\":\"PropertyValueSpecification\",\"valueRequired\":true,\"valueName\":\"search_term_string\"}}],\"inLanguage\":\"it-IT\"},{\"@type\":\"Organization\",\"@id\":\"https:\/\/www.pressenza.com\/it\/#organization\",\"name\":\"Pressenza\",\"url\":\"https:\/\/www.pressenza.com\/it\/\",\"logo\":{\"@type\":\"ImageObject\",\"inLanguage\":\"it-IT\",\"@id\":\"https:\/\/www.pressenza.com\/it\/#\/schema\/logo\/image\/\",\"url\":\"https:\/\/www.pressenza.com\/wp-content\/uploads\/2022\/10\/pressenza_logo_200x200.jpg\",\"contentUrl\":\"https:\/\/www.pressenza.com\/wp-content\/uploads\/2022\/10\/pressenza_logo_200x200.jpg\",\"width\":200,\"height\":200,\"caption\":\"Pressenza\"},\"image\":{\"@id\":\"https:\/\/www.pressenza.com\/it\/#\/schema\/logo\/image\/\"},\"sameAs\":[\"https:\/\/www.facebook.com\/PressenzaItalia\",\"https:\/\/x.com\/PressenzaIPA\"]},{\"@type\":\"Person\",\"@id\":\"https:\/\/www.pressenza.com\/it\/#\/schema\/person\/d6fccf7ad21a11b398f662d2bdb41f02\",\"name\":\"Osservatorio Repressione\",\"description\":\"L\u2019Osservatorio Repressione \u00e8 un\u2019associazione di promozione sociale nata nel 2007. Si prefigge di promuovere e coordinare studi, ricerche, dibattiti e seminari, sui temi della repressione, della legislazione speciale, della situazione carceraria, nonch\u00e8 la raccolta di documenti inerenti la propria attivit\u00e0. L\u2019Osservatorio cura la pubblicazione di materiali ed esiti delle proprie ricerche, promuove progetti indipendenti o coordinati con altre associazioni e movimenti che operano nello stesso ambito.\",\"sameAs\":[\"https:\/\/www.osservatoriorepressione.info\/\"],\"url\":\"https:\/\/www.pressenza.com\/it\/author\/osservatorio-repressione\/\"}]}<\/script>\n<!-- \/ Yoast SEO plugin. -->","yoast_head_json":{"title":"Parole sul confine: il confine di Ventimiglia","description":"Circola in rete e lo puoi anche scaricare da qui Resistere al Confine \u2013 Ventimiglia 2015\/2023 Quaderni n. 2 realizzato dall'Osservatorio Repressione con","robots":{"index":"index","follow":"follow","max-snippet":"max-snippet:-1","max-image-preview":"max-image-preview:large","max-video-preview":"max-video-preview:-1"},"canonical":"https:\/\/www.pressenza.com\/it\/2023\/06\/parole-sul-confine-il-confine-di-ventimiglia\/","og_locale":"it_IT","og_type":"article","og_title":"Parole sul confine: il confine di Ventimiglia","og_description":"Circola in rete e lo puoi anche scaricare da qui Resistere al Confine \u2013 Ventimiglia 2015\/2023 Quaderni n. 2 realizzato dall'Osservatorio Repressione con","og_url":"https:\/\/www.pressenza.com\/it\/2023\/06\/parole-sul-confine-il-confine-di-ventimiglia\/","og_site_name":"Pressenza","article_publisher":"https:\/\/www.facebook.com\/PressenzaItalia","article_published_time":"2023-06-21T19:31:12+00:00","article_modified_time":"2023-06-21T21:25:27+00:00","og_image":[{"width":960,"height":640,"url":"https:\/\/www.pressenza.com\/wp-content\/uploads\/2017\/05\/welcomerefugee-ventimiglia.jpg","type":"image\/jpeg"}],"author":"Osservatorio Repressione","twitter_card":"summary_large_image","twitter_creator":"@PressenzaIPA","twitter_site":"@PressenzaIPA","twitter_misc":{"Scritto da":"Osservatorio Repressione","Tempo di lettura stimato":"7 minuti"},"schema":{"@context":"https:\/\/schema.org","@graph":[{"@type":"Article","@id":"https:\/\/www.pressenza.com\/it\/2023\/06\/parole-sul-confine-il-confine-di-ventimiglia\/#article","isPartOf":{"@id":"https:\/\/www.pressenza.com\/it\/2023\/06\/parole-sul-confine-il-confine-di-ventimiglia\/"},"author":{"name":"Osservatorio Repressione","@id":"https:\/\/www.pressenza.com\/it\/#\/schema\/person\/d6fccf7ad21a11b398f662d2bdb41f02"},"headline":"Parole sul confine: il confine di Ventimiglia","datePublished":"2023-06-21T19:31:12+00:00","dateModified":"2023-06-21T21:25:27+00:00","mainEntityOfPage":{"@id":"https:\/\/www.pressenza.com\/it\/2023\/06\/parole-sul-confine-il-confine-di-ventimiglia\/"},"wordCount":1256,"publisher":{"@id":"https:\/\/www.pressenza.com\/it\/#organization"},"image":{"@id":"https:\/\/www.pressenza.com\/it\/2023\/06\/parole-sul-confine-il-confine-di-ventimiglia\/#primaryimage"},"thumbnailUrl":"https:\/\/www.pressenza.com\/wp-content\/uploads\/2017\/05\/welcomerefugee-ventimiglia.jpg","keywords":["clandestini","confine","migranti","Ventimiglia"],"articleSection":["contenuti originali","Diritti Umani","Migranti"],"inLanguage":"it-IT"},{"@type":"WebPage","@id":"https:\/\/www.pressenza.com\/it\/2023\/06\/parole-sul-confine-il-confine-di-ventimiglia\/","url":"https:\/\/www.pressenza.com\/it\/2023\/06\/parole-sul-confine-il-confine-di-ventimiglia\/","name":"Parole sul confine: il confine di Ventimiglia","isPartOf":{"@id":"https:\/\/www.pressenza.com\/it\/#website"},"primaryImageOfPage":{"@id":"https:\/\/www.pressenza.com\/it\/2023\/06\/parole-sul-confine-il-confine-di-ventimiglia\/#primaryimage"},"image":{"@id":"https:\/\/www.pressenza.com\/it\/2023\/06\/parole-sul-confine-il-confine-di-ventimiglia\/#primaryimage"},"thumbnailUrl":"https:\/\/www.pressenza.com\/wp-content\/uploads\/2017\/05\/welcomerefugee-ventimiglia.jpg","datePublished":"2023-06-21T19:31:12+00:00","dateModified":"2023-06-21T21:25:27+00:00","description":"Circola in rete e lo puoi anche scaricare da qui Resistere al Confine \u2013 Ventimiglia 2015\/2023 Quaderni n. 2 realizzato dall'Osservatorio Repressione con","breadcrumb":{"@id":"https:\/\/www.pressenza.com\/it\/2023\/06\/parole-sul-confine-il-confine-di-ventimiglia\/#breadcrumb"},"inLanguage":"it-IT","potentialAction":[{"@type":"ReadAction","target":["https:\/\/www.pressenza.com\/it\/2023\/06\/parole-sul-confine-il-confine-di-ventimiglia\/"]}]},{"@type":"ImageObject","inLanguage":"it-IT","@id":"https:\/\/www.pressenza.com\/it\/2023\/06\/parole-sul-confine-il-confine-di-ventimiglia\/#primaryimage","url":"https:\/\/www.pressenza.com\/wp-content\/uploads\/2017\/05\/welcomerefugee-ventimiglia.jpg","contentUrl":"https:\/\/www.pressenza.com\/wp-content\/uploads\/2017\/05\/welcomerefugee-ventimiglia.jpg","width":960,"height":640},{"@type":"BreadcrumbList","@id":"https:\/\/www.pressenza.com\/it\/2023\/06\/parole-sul-confine-il-confine-di-ventimiglia\/#breadcrumb","itemListElement":[{"@type":"ListItem","position":1,"name":"Accueil","item":"https:\/\/www.pressenza.com\/it\/"},{"@type":"ListItem","position":2,"name":"Parole sul confine: il confine di Ventimiglia"}]},{"@type":"WebSite","@id":"https:\/\/www.pressenza.com\/it\/#website","url":"https:\/\/www.pressenza.com\/it\/","name":"Pressenza","description":"Agenzia di Stampa Internazionale","publisher":{"@id":"https:\/\/www.pressenza.com\/it\/#organization"},"potentialAction":[{"@type":"SearchAction","target":{"@type":"EntryPoint","urlTemplate":"https:\/\/www.pressenza.com\/it\/?s={search_term_string}"},"query-input":{"@type":"PropertyValueSpecification","valueRequired":true,"valueName":"search_term_string"}}],"inLanguage":"it-IT"},{"@type":"Organization","@id":"https:\/\/www.pressenza.com\/it\/#organization","name":"Pressenza","url":"https:\/\/www.pressenza.com\/it\/","logo":{"@type":"ImageObject","inLanguage":"it-IT","@id":"https:\/\/www.pressenza.com\/it\/#\/schema\/logo\/image\/","url":"https:\/\/www.pressenza.com\/wp-content\/uploads\/2022\/10\/pressenza_logo_200x200.jpg","contentUrl":"https:\/\/www.pressenza.com\/wp-content\/uploads\/2022\/10\/pressenza_logo_200x200.jpg","width":200,"height":200,"caption":"Pressenza"},"image":{"@id":"https:\/\/www.pressenza.com\/it\/#\/schema\/logo\/image\/"},"sameAs":["https:\/\/www.facebook.com\/PressenzaItalia","https:\/\/x.com\/PressenzaIPA"]},{"@type":"Person","@id":"https:\/\/www.pressenza.com\/it\/#\/schema\/person\/d6fccf7ad21a11b398f662d2bdb41f02","name":"Osservatorio Repressione","description":"L\u2019Osservatorio Repressione \u00e8 un\u2019associazione di promozione sociale nata nel 2007. Si prefigge di promuovere e coordinare studi, ricerche, dibattiti e seminari, sui temi della repressione, della legislazione speciale, della situazione carceraria, nonch\u00e8 la raccolta di documenti inerenti la propria attivit\u00e0. L\u2019Osservatorio cura la pubblicazione di materiali ed esiti delle proprie ricerche, promuove progetti indipendenti o coordinati con altre associazioni e movimenti che operano nello stesso ambito.","sameAs":["https:\/\/www.osservatoriorepressione.info\/"],"url":"https:\/\/www.pressenza.com\/it\/author\/osservatorio-repressione\/"}]}},"place":"Collettivo \"Parole dal Confine\"","original_article_url":"","_links":{"self":[{"href":"https:\/\/www.pressenza.com\/it\/wp-json\/wp\/v2\/posts\/1747336","targetHints":{"allow":["GET"]}}],"collection":[{"href":"https:\/\/www.pressenza.com\/it\/wp-json\/wp\/v2\/posts"}],"about":[{"href":"https:\/\/www.pressenza.com\/it\/wp-json\/wp\/v2\/types\/post"}],"author":[{"embeddable":true,"href":"https:\/\/www.pressenza.com\/it\/wp-json\/wp\/v2\/users\/2263"}],"replies":[{"embeddable":true,"href":"https:\/\/www.pressenza.com\/it\/wp-json\/wp\/v2\/comments?post=1747336"}],"version-history":[{"count":0,"href":"https:\/\/www.pressenza.com\/it\/wp-json\/wp\/v2\/posts\/1747336\/revisions"}],"wp:featuredmedia":[{"embeddable":true,"href":"https:\/\/www.pressenza.com\/it\/wp-json\/wp\/v2\/media\/466841"}],"wp:attachment":[{"href":"https:\/\/www.pressenza.com\/it\/wp-json\/wp\/v2\/media?parent=1747336"}],"wp:term":[{"taxonomy":"category","embeddable":true,"href":"https:\/\/www.pressenza.com\/it\/wp-json\/wp\/v2\/categories?post=1747336"},{"taxonomy":"post_tag","embeddable":true,"href":"https:\/\/www.pressenza.com\/it\/wp-json\/wp\/v2\/tags?post=1747336"}],"curies":[{"name":"wp","href":"https:\/\/api.w.org\/{rel}","templated":true}]}}