{"id":1745728,"date":"2023-06-14T20:20:17","date_gmt":"2023-06-14T19:20:17","guid":{"rendered":"https:\/\/www.pressenza.com\/?p=1745728"},"modified":"2023-06-14T20:26:15","modified_gmt":"2023-06-14T19:26:15","slug":"la-fine-della-carta-stampata","status":"publish","type":"post","link":"https:\/\/www.pressenza.com\/it\/2023\/06\/la-fine-della-carta-stampata\/","title":{"rendered":"La fine della carta stampata?"},"content":{"rendered":"<p>Ci sono persone che non hanno un computer, un tablet o un cellulare: chi perch\u00e9 non pu\u00f2 o ha difficolt\u00e0 a usare queste piattaforme, chi semplicemente non ama leggere sugli schermi.\u00a0Personalmente, quando \u00e8 lungo, io stampo\u2026 su carta!\u00a0Sentiamo gli stampatori esprimere la loro preoccupazione per il ridotto accesso a qualsiasi tipo di carta.\u00a0Ma ora le Cooperative dell\u2019informazione del Qu\u00e9bec ci informano che il dicembre 2023 sancir\u00e0 la fine del cartaceo&#8230; una questione di sopravvivenza per questi media.<\/p>\n<p>Chiss\u00e0 quando verr\u00e0 il turno dei libri.\u00a0Non mi preoccupano solo i nostri media, ma anche quei libri che amiamo, rileggiamo, di cui ci circondiamo in casa, compagni o compagne che ci fanno provare emozioni e accrescono la nostra conoscenza, e ci aprono al mondo.\u00a0Possiamo evitare la fine della carta?<\/p>\n<p>Voglio parlarvi di un libro che ho letto l\u2019anno scorso (cartaceo), di grande attualit\u00e0,\u00a0<em>La fureur de vivre<\/em>\u00a0di Hubert Reeves.\u00a0L\u2019ho ripreso, \u00e8 pieno di orecchie, segni e sottolineature.\u00a0Reeves descrive le \u201csequenze di ottimizzazione che hanno svolto un ruolo importante nell\u2019evoluzione della vita sul nostro pianeta\u201d e che hanno contribuito al fatto che noi umani potessimo vivere, perch\u00e9 c\u2019era abbastanza ossigeno per nascere, al vertice della piramide, perch\u00e9 gli umani hanno bisogno di molto ossigeno per il loro cervello, una percentuale di ossigeno molto pi\u00f9 alta che per altre specie animali.\u00a0Nella prima era della vita terrena ci fu il tempo delle felci.<\/p>\n<p>Poi venne la seconda era, quella delle conifere, questa forma vegetale che si diffuse \u201crapidamente in tutte le parti emerse del pianeta, per pi\u00f9 di cento milioni di anni\u201d.\u00a0Poi fu il tempo dei fiori, ecc., ecc.\u00a0Stava arrivando il momento in cui gli esseri umani avrebbero avuto abbastanza ossigeno&#8230; Poi \u00e8 arrivato un tale Bolsonaro in Brasile che considera una sciocchezza dire che le foreste amazzoniche sono i polmoni del pianeta!\u00a0Poi il turno di informatici, creatori di social network, UBER, venditori digitali che ci dicono che il progresso \u00e8 nel digitale, nel cloud, nella tecnologia.<\/p>\n<p>Eppure la carta \u00e8 facilmente riciclabile e dura a lungo.\u00a0\u00c8 solo una questione di riforestazione. Dobbiamo riciclare e riforestare, perch\u00e9 non farlo in Qu\u00e9bec?\u00a0Pensate che sia ci\u00f2 che vogliono i proprietari terrieri brasiliani? Riforesteranno dopo essersi sbarazzati degli alberi, dove alcuni considerano una stronzata credere che le foreste siano utili?<\/p>\n<p>Sono anche preoccupata nel vedere che le biblioteche di organizzazioni pubbliche e private stanno digitalizzando i loro documenti, eliminando tutto il cartaceo.\u00a0Sono preoccupata per la perdita di conoscenza, di testimonianze, di documenti di identit\u00e0, di tutto ci\u00f2 che \u00e8 umano che pu\u00f2 essere attaccato e distrutto.<\/p>\n<p>Dobbiamo lottare per salvare la carta e le nostre foreste, salvare entrambi i mondi per restare \u201cumani\u201d.\u00a0Dobbiamo ascoltare coloro che combattono per gli umani, come Hubert Reeves (da non confondere con UBER).\u00a0Reeves ci dice che noi umani abbiamo bisogno di molto ossigeno.\u00a0Con la diminuzione dell\u2019ossigeno i calamari continueranno a vivere, noi no!\u00a0La mia preoccupazione va anche ai bambini che leggeranno solo su schermi di computer, tablet e cellulari, per la loro formazione.\u00a0Ci sarebbe molto da dire su questo argomento.<\/p>\n<p>Salviamo la carta!\u00a0Si vuole fermare il deterioramento del clima, adottare misure contro le industrie inquinanti, combattere i gas serra, \u00e8 una cavolata credere che abbiamo bisogno di alberi, di avere ossigeno, di produrre carta, che possiamo riciclare e poi riforestare?\u00a0Perch\u00e9 questa lotta non riguarda solo la carta, ma riguarda anche la nostra razza umana!\u00a0Abbiamo perso \u201cLa furia di vivere\u201d?\u00a0Gli \u201csponsor\u201d hanno una responsabilit\u00e0?<\/p>\n<p><strong>France Croteau<\/strong><\/p>\n<p><em>Traduzione dal francese di Enrica Marchi. Revisione di Thomas Schmid.<\/em><\/p>\n","protected":false},"excerpt":{"rendered":"<p>Ci sono persone che non hanno un computer, un tablet o un cellulare: chi perch\u00e9 non pu\u00f2 o ha difficolt\u00e0 a usare queste piattaforme, chi semplicemente non ama leggere sugli schermi.\u00a0Personalmente, quando \u00e8 lungo, io stampo\u2026 su carta!\u00a0Sentiamo gli stampatori&hellip;<\/p>\n","protected":false},"author":2143,"featured_media":1745737,"comment_status":"closed","ping_status":"closed","sticky":false,"template":"","format":"standard","meta":{"footnotes":""},"categories":[59,162],"tags":[3301,113627,113626,887,3772],"class_list":["post-1745728","post","type-post","status-publish","format-standard","has-post-thumbnail","hentry","category-ambiente-ecologia","category-opinioni","tag-carta","tag-carta-stampata","tag-cartaceo","tag-libri","tag-quebec-it"],"yoast_head":"<!-- This site is optimized with the Yoast SEO plugin v27.1.1 - https:\/\/yoast.com\/product\/yoast-seo-wordpress\/ -->\n<title>La fine della carta stampata?<\/title>\n<meta name=\"description\" content=\"Le Cooperative dell\u2019informazione del Qu\u00e9bec ci informano che il dicembre 2023 sancir\u00e0 la fine del cartaceo\" \/>\n<meta name=\"robots\" content=\"index, follow, max-snippet:-1, max-image-preview:large, max-video-preview:-1\" \/>\n<link rel=\"canonical\" href=\"https:\/\/www.pressenza.com\/it\/2023\/06\/la-fine-della-carta-stampata\/\" \/>\n<meta property=\"og:locale\" content=\"it_IT\" \/>\n<meta property=\"og:type\" content=\"article\" \/>\n<meta property=\"og:title\" content=\"La fine della carta stampata?\" \/>\n<meta property=\"og:description\" content=\"Le Cooperative dell\u2019informazione del Qu\u00e9bec ci informano che il dicembre 2023 sancir\u00e0 la fine del cartaceo\" \/>\n<meta property=\"og:url\" content=\"https:\/\/www.pressenza.com\/it\/2023\/06\/la-fine-della-carta-stampata\/\" \/>\n<meta property=\"og:site_name\" content=\"Pressenza\" \/>\n<meta property=\"article:publisher\" content=\"https:\/\/www.facebook.com\/PressenzaItalia\" \/>\n<meta property=\"article:published_time\" content=\"2023-06-14T19:20:17+00:00\" \/>\n<meta property=\"article:modified_time\" content=\"2023-06-14T19:26:15+00:00\" \/>\n<meta property=\"og:image\" content=\"https:\/\/www.pressenza.com\/wp-content\/uploads\/2023\/06\/carta-stampata.jpg\" \/>\n\t<meta property=\"og:image:width\" content=\"835\" \/>\n\t<meta property=\"og:image:height\" content=\"497\" \/>\n\t<meta property=\"og:image:type\" content=\"image\/jpeg\" \/>\n<meta name=\"author\" content=\"AMECQ - Association des m\u00e9dias \u00e9crits communautaires du Qu\u00e9bec\" \/>\n<meta name=\"twitter:card\" content=\"summary_large_image\" \/>\n<meta name=\"twitter:creator\" content=\"@PressenzaIPA\" \/>\n<meta name=\"twitter:site\" content=\"@PressenzaIPA\" \/>\n<meta name=\"twitter:label1\" content=\"Scritto da\" \/>\n\t<meta name=\"twitter:data1\" content=\"AMECQ - Association des m\u00e9dias \u00e9crits communautaires du Qu\u00e9bec\" \/>\n\t<meta name=\"twitter:label2\" content=\"Tempo di lettura stimato\" \/>\n\t<meta name=\"twitter:data2\" content=\"3 minuti\" \/>\n<script type=\"application\/ld+json\" class=\"yoast-schema-graph\">{\"@context\":\"https:\/\/schema.org\",\"@graph\":[{\"@type\":\"Article\",\"@id\":\"https:\/\/www.pressenza.com\/it\/2023\/06\/la-fine-della-carta-stampata\/#article\",\"isPartOf\":{\"@id\":\"https:\/\/www.pressenza.com\/it\/2023\/06\/la-fine-della-carta-stampata\/\"},\"author\":{\"name\":\"AMECQ - Association des m\u00e9dias \u00e9crits communautaires du Qu\u00e9bec\",\"@id\":\"https:\/\/www.pressenza.com\/it\/#\/schema\/person\/5362584f414349fe88d3246d58d2ac3a\"},\"headline\":\"La fine della carta stampata?\",\"datePublished\":\"2023-06-14T19:20:17+00:00\",\"dateModified\":\"2023-06-14T19:26:15+00:00\",\"mainEntityOfPage\":{\"@id\":\"https:\/\/www.pressenza.com\/it\/2023\/06\/la-fine-della-carta-stampata\/\"},\"wordCount\":599,\"publisher\":{\"@id\":\"https:\/\/www.pressenza.com\/it\/#organization\"},\"image\":{\"@id\":\"https:\/\/www.pressenza.com\/it\/2023\/06\/la-fine-della-carta-stampata\/#primaryimage\"},\"thumbnailUrl\":\"https:\/\/www.pressenza.com\/wp-content\/uploads\/2023\/06\/carta-stampata.jpg\",\"keywords\":[\"carta\",\"carta stampata\",\"cartaceo\",\"libri\",\"Quebec\"],\"articleSection\":[\"Ecologia ed Ambiente\",\"Opinioni\"],\"inLanguage\":\"it-IT\"},{\"@type\":\"WebPage\",\"@id\":\"https:\/\/www.pressenza.com\/it\/2023\/06\/la-fine-della-carta-stampata\/\",\"url\":\"https:\/\/www.pressenza.com\/it\/2023\/06\/la-fine-della-carta-stampata\/\",\"name\":\"La fine della carta stampata?\",\"isPartOf\":{\"@id\":\"https:\/\/www.pressenza.com\/it\/#website\"},\"primaryImageOfPage\":{\"@id\":\"https:\/\/www.pressenza.com\/it\/2023\/06\/la-fine-della-carta-stampata\/#primaryimage\"},\"image\":{\"@id\":\"https:\/\/www.pressenza.com\/it\/2023\/06\/la-fine-della-carta-stampata\/#primaryimage\"},\"thumbnailUrl\":\"https:\/\/www.pressenza.com\/wp-content\/uploads\/2023\/06\/carta-stampata.jpg\",\"datePublished\":\"2023-06-14T19:20:17+00:00\",\"dateModified\":\"2023-06-14T19:26:15+00:00\",\"description\":\"Le Cooperative dell\u2019informazione del Qu\u00e9bec ci informano che il dicembre 2023 sancir\u00e0 la fine del cartaceo\",\"breadcrumb\":{\"@id\":\"https:\/\/www.pressenza.com\/it\/2023\/06\/la-fine-della-carta-stampata\/#breadcrumb\"},\"inLanguage\":\"it-IT\",\"potentialAction\":[{\"@type\":\"ReadAction\",\"target\":[\"https:\/\/www.pressenza.com\/it\/2023\/06\/la-fine-della-carta-stampata\/\"]}]},{\"@type\":\"ImageObject\",\"inLanguage\":\"it-IT\",\"@id\":\"https:\/\/www.pressenza.com\/it\/2023\/06\/la-fine-della-carta-stampata\/#primaryimage\",\"url\":\"https:\/\/www.pressenza.com\/wp-content\/uploads\/2023\/06\/carta-stampata.jpg\",\"contentUrl\":\"https:\/\/www.pressenza.com\/wp-content\/uploads\/2023\/06\/carta-stampata.jpg\",\"width\":835,\"height\":497},{\"@type\":\"BreadcrumbList\",\"@id\":\"https:\/\/www.pressenza.com\/it\/2023\/06\/la-fine-della-carta-stampata\/#breadcrumb\",\"itemListElement\":[{\"@type\":\"ListItem\",\"position\":1,\"name\":\"Accueil\",\"item\":\"https:\/\/www.pressenza.com\/it\/\"},{\"@type\":\"ListItem\",\"position\":2,\"name\":\"La fine della carta stampata?\"}]},{\"@type\":\"WebSite\",\"@id\":\"https:\/\/www.pressenza.com\/it\/#website\",\"url\":\"https:\/\/www.pressenza.com\/it\/\",\"name\":\"Pressenza\",\"description\":\"Agenzia di Stampa Internazionale\",\"publisher\":{\"@id\":\"https:\/\/www.pressenza.com\/it\/#organization\"},\"potentialAction\":[{\"@type\":\"SearchAction\",\"target\":{\"@type\":\"EntryPoint\",\"urlTemplate\":\"https:\/\/www.pressenza.com\/it\/?s={search_term_string}\"},\"query-input\":{\"@type\":\"PropertyValueSpecification\",\"valueRequired\":true,\"valueName\":\"search_term_string\"}}],\"inLanguage\":\"it-IT\"},{\"@type\":\"Organization\",\"@id\":\"https:\/\/www.pressenza.com\/it\/#organization\",\"name\":\"Pressenza\",\"url\":\"https:\/\/www.pressenza.com\/it\/\",\"logo\":{\"@type\":\"ImageObject\",\"inLanguage\":\"it-IT\",\"@id\":\"https:\/\/www.pressenza.com\/it\/#\/schema\/logo\/image\/\",\"url\":\"https:\/\/www.pressenza.com\/wp-content\/uploads\/2022\/10\/pressenza_logo_200x200.jpg\",\"contentUrl\":\"https:\/\/www.pressenza.com\/wp-content\/uploads\/2022\/10\/pressenza_logo_200x200.jpg\",\"width\":200,\"height\":200,\"caption\":\"Pressenza\"},\"image\":{\"@id\":\"https:\/\/www.pressenza.com\/it\/#\/schema\/logo\/image\/\"},\"sameAs\":[\"https:\/\/www.facebook.com\/PressenzaItalia\",\"https:\/\/x.com\/PressenzaIPA\"]},{\"@type\":\"Person\",\"@id\":\"https:\/\/www.pressenza.com\/it\/#\/schema\/person\/5362584f414349fe88d3246d58d2ac3a\",\"name\":\"AMECQ - Association des m\u00e9dias \u00e9crits communautaires du Qu\u00e9bec\",\"description\":\"L\u2019Association des m\u00e9dias \u00e9crits communautaires du Qu\u00e9bec a pour but : de fournir des services de soutien et de formation \u00e0 ses journaux communautaires membres et de les regrouper et de les repr\u00e9senter pour que ceux-ci puissent remplir leur r\u00f4le et leur mission fondamentale. L\u2019Association participe activement au d\u00e9veloppement et au rayonnement des m\u00e9dias \u00e9crits communautaires. Les liens \u00e9troits et constants qu\u2019elle entretient avec ses membres lui assurent une connaissance dynamique du secteur et de ses besoins. L\u2019AMECQ compte 74 journaux membres.\",\"url\":\"https:\/\/www.pressenza.com\/it\/author\/amecq\/\"}]}<\/script>\n<!-- \/ Yoast SEO plugin. -->","yoast_head_json":{"title":"La fine della carta stampata?","description":"Le Cooperative dell\u2019informazione del Qu\u00e9bec ci informano che il dicembre 2023 sancir\u00e0 la fine del cartaceo","robots":{"index":"index","follow":"follow","max-snippet":"max-snippet:-1","max-image-preview":"max-image-preview:large","max-video-preview":"max-video-preview:-1"},"canonical":"https:\/\/www.pressenza.com\/it\/2023\/06\/la-fine-della-carta-stampata\/","og_locale":"it_IT","og_type":"article","og_title":"La fine della carta stampata?","og_description":"Le Cooperative dell\u2019informazione del Qu\u00e9bec ci informano che il dicembre 2023 sancir\u00e0 la fine del cartaceo","og_url":"https:\/\/www.pressenza.com\/it\/2023\/06\/la-fine-della-carta-stampata\/","og_site_name":"Pressenza","article_publisher":"https:\/\/www.facebook.com\/PressenzaItalia","article_published_time":"2023-06-14T19:20:17+00:00","article_modified_time":"2023-06-14T19:26:15+00:00","og_image":[{"width":835,"height":497,"url":"https:\/\/www.pressenza.com\/wp-content\/uploads\/2023\/06\/carta-stampata.jpg","type":"image\/jpeg"}],"author":"AMECQ - Association des m\u00e9dias \u00e9crits communautaires du Qu\u00e9bec","twitter_card":"summary_large_image","twitter_creator":"@PressenzaIPA","twitter_site":"@PressenzaIPA","twitter_misc":{"Scritto da":"AMECQ - Association des m\u00e9dias \u00e9crits communautaires du Qu\u00e9bec","Tempo di lettura stimato":"3 minuti"},"schema":{"@context":"https:\/\/schema.org","@graph":[{"@type":"Article","@id":"https:\/\/www.pressenza.com\/it\/2023\/06\/la-fine-della-carta-stampata\/#article","isPartOf":{"@id":"https:\/\/www.pressenza.com\/it\/2023\/06\/la-fine-della-carta-stampata\/"},"author":{"name":"AMECQ - Association des m\u00e9dias \u00e9crits communautaires du Qu\u00e9bec","@id":"https:\/\/www.pressenza.com\/it\/#\/schema\/person\/5362584f414349fe88d3246d58d2ac3a"},"headline":"La fine della carta stampata?","datePublished":"2023-06-14T19:20:17+00:00","dateModified":"2023-06-14T19:26:15+00:00","mainEntityOfPage":{"@id":"https:\/\/www.pressenza.com\/it\/2023\/06\/la-fine-della-carta-stampata\/"},"wordCount":599,"publisher":{"@id":"https:\/\/www.pressenza.com\/it\/#organization"},"image":{"@id":"https:\/\/www.pressenza.com\/it\/2023\/06\/la-fine-della-carta-stampata\/#primaryimage"},"thumbnailUrl":"https:\/\/www.pressenza.com\/wp-content\/uploads\/2023\/06\/carta-stampata.jpg","keywords":["carta","carta stampata","cartaceo","libri","Quebec"],"articleSection":["Ecologia ed Ambiente","Opinioni"],"inLanguage":"it-IT"},{"@type":"WebPage","@id":"https:\/\/www.pressenza.com\/it\/2023\/06\/la-fine-della-carta-stampata\/","url":"https:\/\/www.pressenza.com\/it\/2023\/06\/la-fine-della-carta-stampata\/","name":"La fine della carta stampata?","isPartOf":{"@id":"https:\/\/www.pressenza.com\/it\/#website"},"primaryImageOfPage":{"@id":"https:\/\/www.pressenza.com\/it\/2023\/06\/la-fine-della-carta-stampata\/#primaryimage"},"image":{"@id":"https:\/\/www.pressenza.com\/it\/2023\/06\/la-fine-della-carta-stampata\/#primaryimage"},"thumbnailUrl":"https:\/\/www.pressenza.com\/wp-content\/uploads\/2023\/06\/carta-stampata.jpg","datePublished":"2023-06-14T19:20:17+00:00","dateModified":"2023-06-14T19:26:15+00:00","description":"Le Cooperative dell\u2019informazione del Qu\u00e9bec ci informano che il dicembre 2023 sancir\u00e0 la fine del cartaceo","breadcrumb":{"@id":"https:\/\/www.pressenza.com\/it\/2023\/06\/la-fine-della-carta-stampata\/#breadcrumb"},"inLanguage":"it-IT","potentialAction":[{"@type":"ReadAction","target":["https:\/\/www.pressenza.com\/it\/2023\/06\/la-fine-della-carta-stampata\/"]}]},{"@type":"ImageObject","inLanguage":"it-IT","@id":"https:\/\/www.pressenza.com\/it\/2023\/06\/la-fine-della-carta-stampata\/#primaryimage","url":"https:\/\/www.pressenza.com\/wp-content\/uploads\/2023\/06\/carta-stampata.jpg","contentUrl":"https:\/\/www.pressenza.com\/wp-content\/uploads\/2023\/06\/carta-stampata.jpg","width":835,"height":497},{"@type":"BreadcrumbList","@id":"https:\/\/www.pressenza.com\/it\/2023\/06\/la-fine-della-carta-stampata\/#breadcrumb","itemListElement":[{"@type":"ListItem","position":1,"name":"Accueil","item":"https:\/\/www.pressenza.com\/it\/"},{"@type":"ListItem","position":2,"name":"La fine della carta stampata?"}]},{"@type":"WebSite","@id":"https:\/\/www.pressenza.com\/it\/#website","url":"https:\/\/www.pressenza.com\/it\/","name":"Pressenza","description":"Agenzia di Stampa Internazionale","publisher":{"@id":"https:\/\/www.pressenza.com\/it\/#organization"},"potentialAction":[{"@type":"SearchAction","target":{"@type":"EntryPoint","urlTemplate":"https:\/\/www.pressenza.com\/it\/?s={search_term_string}"},"query-input":{"@type":"PropertyValueSpecification","valueRequired":true,"valueName":"search_term_string"}}],"inLanguage":"it-IT"},{"@type":"Organization","@id":"https:\/\/www.pressenza.com\/it\/#organization","name":"Pressenza","url":"https:\/\/www.pressenza.com\/it\/","logo":{"@type":"ImageObject","inLanguage":"it-IT","@id":"https:\/\/www.pressenza.com\/it\/#\/schema\/logo\/image\/","url":"https:\/\/www.pressenza.com\/wp-content\/uploads\/2022\/10\/pressenza_logo_200x200.jpg","contentUrl":"https:\/\/www.pressenza.com\/wp-content\/uploads\/2022\/10\/pressenza_logo_200x200.jpg","width":200,"height":200,"caption":"Pressenza"},"image":{"@id":"https:\/\/www.pressenza.com\/it\/#\/schema\/logo\/image\/"},"sameAs":["https:\/\/www.facebook.com\/PressenzaItalia","https:\/\/x.com\/PressenzaIPA"]},{"@type":"Person","@id":"https:\/\/www.pressenza.com\/it\/#\/schema\/person\/5362584f414349fe88d3246d58d2ac3a","name":"AMECQ - Association des m\u00e9dias \u00e9crits communautaires du Qu\u00e9bec","description":"L\u2019Association des m\u00e9dias \u00e9crits communautaires du Qu\u00e9bec a pour but : de fournir des services de soutien et de formation \u00e0 ses journaux communautaires membres et de les regrouper et de les repr\u00e9senter pour que ceux-ci puissent remplir leur r\u00f4le et leur mission fondamentale. L\u2019Association participe activement au d\u00e9veloppement et au rayonnement des m\u00e9dias \u00e9crits communautaires. Les liens \u00e9troits et constants qu\u2019elle entretient avec ses membres lui assurent une connaissance dynamique du secteur et de ses besoins. L\u2019AMECQ compte 74 journaux membres.","url":"https:\/\/www.pressenza.com\/it\/author\/amecq\/"}]}},"place":"Entr\u00e9e libre, Sherbrooke - France Croteau","original_article_url":"http:\/\/www.entreelibre.info\/2023\/05\/01\/fin-du-papier-2","_links":{"self":[{"href":"https:\/\/www.pressenza.com\/it\/wp-json\/wp\/v2\/posts\/1745728","targetHints":{"allow":["GET"]}}],"collection":[{"href":"https:\/\/www.pressenza.com\/it\/wp-json\/wp\/v2\/posts"}],"about":[{"href":"https:\/\/www.pressenza.com\/it\/wp-json\/wp\/v2\/types\/post"}],"author":[{"embeddable":true,"href":"https:\/\/www.pressenza.com\/it\/wp-json\/wp\/v2\/users\/2143"}],"replies":[{"embeddable":true,"href":"https:\/\/www.pressenza.com\/it\/wp-json\/wp\/v2\/comments?post=1745728"}],"version-history":[{"count":0,"href":"https:\/\/www.pressenza.com\/it\/wp-json\/wp\/v2\/posts\/1745728\/revisions"}],"wp:featuredmedia":[{"embeddable":true,"href":"https:\/\/www.pressenza.com\/it\/wp-json\/wp\/v2\/media\/1745737"}],"wp:attachment":[{"href":"https:\/\/www.pressenza.com\/it\/wp-json\/wp\/v2\/media?parent=1745728"}],"wp:term":[{"taxonomy":"category","embeddable":true,"href":"https:\/\/www.pressenza.com\/it\/wp-json\/wp\/v2\/categories?post=1745728"},{"taxonomy":"post_tag","embeddable":true,"href":"https:\/\/www.pressenza.com\/it\/wp-json\/wp\/v2\/tags?post=1745728"}],"curies":[{"name":"wp","href":"https:\/\/api.w.org\/{rel}","templated":true}]}}