{"id":1745518,"date":"2023-06-13T15:36:24","date_gmt":"2023-06-13T14:36:24","guid":{"rendered":"https:\/\/www.pressenza.com\/?p=1745518"},"modified":"2023-06-13T15:36:24","modified_gmt":"2023-06-13T14:36:24","slug":"ultima-offensiva-di-israele-contro-gaza-le-uccisioni-di-civili-e-le-estese-distruzioni-evidenziano-il-costo-umano-dellapartheid","status":"publish","type":"post","link":"https:\/\/www.pressenza.com\/it\/2023\/06\/ultima-offensiva-di-israele-contro-gaza-le-uccisioni-di-civili-e-le-estese-distruzioni-evidenziano-il-costo-umano-dellapartheid\/","title":{"rendered":"Ultima offensiva di Israele contro Gaza: \u201cLe uccisioni di civili e le estese distruzioni evidenziano il costo umano dell\u2019apartheid\u201d"},"content":{"rendered":"<p><strong>Nella sua ultima offensiva di maggio contro la Striscia di Gaza occupata, Israele ha illegalmente distrutto abitazioni palestinesi, spesso senza che vi fossero necessit\u00e0 militari, rendendosi responsabile di una punizione collettiva contro la popolazione civile e ha condotto attacchi aerei apparentemente sproporzionati, che hanno ucciso e ferito civili palestinesi, bambini compresi.<\/strong><\/p>\n<p><strong>Sono queste le conclusioni di un\u2019indagine di Amnesty International su nove attacchi aerei che hanno causato morti e feriti nella popolazione civile e danni e distruzioni di edifici civili nella Striscia di Gaza.<\/strong><\/p>\n<p>Il 9 maggio, nella prima notte di bombardamenti, tre attacchi con bombe di precisione, aventi per obiettivo tre alti comandanti delle Brigate al-Quds, hanno ucciso 10 civili palestinesi e ne hanno feriti almeno altri 20. Gli attacchi hanno colpito aree fittamente popolate, alle 2 di notte, quando le famiglie stavano dormendo nelle loro abitazioni. Questo lascia intendere che coloro che hanno pianificato e autorizzato gli attacchi sapevano \u2013 e probabilmente non he hanno tenuto conto \u2013 che ci sarebbero stati danni sproporzionati contro i civili.<\/p>\n<p>Lanciare intenzionalmente attacchi sproporzionati, ci\u00f2 che Amnesty International aveva documentato gi\u00e0 in precedenti operazioni israeliane, \u00e8 un crimine di guerra.<\/p>\n<p>I gruppi armati palestinesi della Striscia di Gaza, guidati dalle Brigate al-Quds \u2013 il braccio armato della Jihad islamica palestinese \u2013 si sono resi responsabili del lancio indiscriminato di razzi che hanno ucciso due civili in Israele e tre civili nella Striscia di Gaza: a loro volta, queste azioni devono essere indagate come crimini di guerra.<\/p>\n<p>\u201c\u00c8 passato un mese dal cessate-il-fuoco tra le autorit\u00e0 israeliane e i gruppi armati palestinesi, ma a non cessare mai \u00e8 la sofferenza causata dalle ricorrenti offensive israeliane contro la popolazione civile della Striscia di Gaza. Nella nostra indagine, abbiamo ascoltato vivide testimonianze di bombe che hanno distrutto abitazioni, di padri che estraggono le loro bambine dalle macerie, di un\u2019adolescente ferita a morte mentre era a letto abbracciando il suo orsacchiotto. Ancora pi\u00f9 raggelante \u00e8 avere la quasi certezza che, se i responsabili non saranno chiamati a rispondere, queste scene terribili si ripeteranno\u201d, ha dichiarato Heba Morayef, direttrice per il Medio Oriente e l\u2019Africa del Nord di Amnesty International.<\/p>\n<p>\u201cIl fatto che stiamo documentando da tempo lo stesso schema di uccisioni e distruzioni illegali \u00e8 un atto d\u2019accusa nei confronti della comunit\u00e0 internazionale, che non chiama Israele a risponderne. L\u2019impunit\u00e0 di Israele per i crimini di guerra che commette a ripetizione contro i palestinesi e il suo crudele blocco illegale di Gaza, che va avanti da 16 anni, incoraggiano ulteriori violazioni dei diritti umani e rendono cronica l\u2019ingiustizia\u201d, ha commentato Morayef.<\/p>\n<p><strong>I cinque giorni di offensiva<\/strong><\/p>\n<p>Il 9 maggio le forze israeliane hanno iniziato il primo di cinque giorni di offensiva contro la Striscia di Gaza, apparentemente destinata contro membri e strutture delle Brigate al-Quds. Gli attacchi israeliani hanno ucciso 11 civili palestinesi, tra cui quattro bambini. Il ministero della Sanit\u00e0 di Gaza ha riferito di 190 feriti, tra cui 64 bambini.<\/p>\n<p>L\u2019operazione militare israeliana ha danneggiato 2943 unit\u00e0 abitative, 103 delle quali sono state completamente distrutte. Secondo dati forniti dal Ministero palestinese dei Lavori pubblici, almeno 1244 palestinesi sono risultati sfollati.<\/p>\n<p>Dal 10 maggio e per quattro giorni, la Brigate al-Quds e altri gruppi armati minori hanno risposto agli attacchi israeliani lanciando centinaia di razzi contro le citt\u00e0 israeliane. Secondo il Ministero israeliano della Sanit\u00e0, hanno ucciso due civili \u2013 Inga Avramyan, una donna israeliana di 82 anni, e Adallah Abu Jibbeh, un operaio palestinese proveniente dalla Striscia di Gaza \u2013 e hanno ferito altre 40 persone. I razzi dei gruppi armati palestinesi hanno anche ucciso tre palestinesi nel nord della Striscia di Gaza, tra cui Layan Mdoukh e Yazan Alayan, di 10 e 16 anni. Non \u00e8 stato un fatto isolato: gi\u00e0 dopo l\u2019offensiva militare dell\u2019agosto 2022, Amnesty International aveva denunciato vittime palestinesi causate dai razzi palestinesi.<\/p>\n<p>\u201cNoti per la loro imprecisione, gli attacchi coi razzi dei gruppi armati palestinesi sono indiscriminati e devono essere indagati come crimini di guerra; le vittime devono avere immediato e adeguato risarcimento\u201d, ha sottolineato Morayef.<\/p>\n<p><strong>Una violenza indicibile<\/strong><\/p>\n<p>Alle 2 del 9 maggio, un attacco aereo israeliano ha colpito un edificio a due piani nel quartiere di al-Sha\u2019af a Gaza City. \u00c8 stata usata una GBU-39, una bomba di piccolo diametro prodotta dalla Boing Defence, Space &amp; Security, esportata in Israele dagli Usa.<\/p>\n<p>L\u2019attacco ha centrato l\u2019abitazione di Khalil al-Bahtini, un alto comandante delle Brigate al-Quds, uccidendo lui, la moglie Leila e la figlia Hajar di quattro anni. Nell\u2019appartamento contiguo, a sua volta colpito, sono morti la 19enne Dania Adas e sua sorella Iman, di 17 anni.<\/p>\n<p>Alaa Adas, il padre delle due vittime, ha raccontato di essersi svegliato quando la porta della stanza da letto gli \u00e8 crollata addosso. \u00c8 corso nella stanza delle figlie e le ha trovate a letto. Dania, che avrebbe dovuto sposarsi a luglio, era gi\u00e0 morta. Iman, che sognava di esercitare la professione medica, respirava ancora, ma \u00e8 morta poche ore dopo il ricovero in ospedale.<\/p>\n<p>\u201cIn quanto civili, le vite di Leila e Hajar al-Bahtini e di Dania e Iman Adas avrebbero dovuto essere protette. Israele ha l\u2019obbligo di annullare un attacco se pare chiaro che potr\u00e0 danneggiare in modo sproporzionato civili e obiettivi civili. Lanciare intenzionalmente un attacco sproporzionato \u00e8 un crimine di guerra\u201d, ha sottolineato Morayef.<\/p>\n<p><strong>Distruzione deliberata<\/strong><strong>\u00a0<\/strong><\/p>\n<p>La distruzione deliberata, da parte israeliana, di abitazioni civili nella Striscia di Gaza ha avuto un alto costo umano, anche nei confronti di persone con disabilit\u00e0.<\/p>\n<p>Il 13 maggio le forze israeliane hanno colpito un edificio di quattro piani nel campo rifugiati di Jabaliya, in cui abitavano 42 componenti della famiglia Nabhan, cinque dei quali con disabilit\u00e0, comprese tre persone in sedia a rotelle.<\/p>\n<p>Hussam Nabhan, che ha assistito all\u2019attacco, ha raccontato ad Amnesty International che intorno alle 18 aveva ricevuto una telefonata, da lui attribuita a un funzionario dell\u2019intelligence israeliana, che dava 15 minuti di tempo per evacuare il palazzo. Ha avvertito l\u2019interlocutore che nell\u2019edificio c\u2019erano persone con disabilit\u00e0 e che sarebbe stato necessario pi\u00f9 tempo, ma quest\u2019ultimo non ha fatto altro che ribadire l\u2019avviso.<\/p>\n<p>Una delle sopravvissute, la 22enne Haneen Nabhan, traumatizzata dall\u2019attacco, ha riferito a malapena che la sua sedia a rotelle era andata distrutta sotto le macerie e che non era pi\u00f9 in grado di muoversi autonomamente.<\/p>\n<p>Dalle ricerche di Amnesty International non \u00e8 emersa alcuna prova che l\u2019edificio della famiglia Nabhan e altri edifici distrutti o danneggiati durante gli ultimi due giorni dell\u2019offensiva israeliana fossero stati usati per nascondere armi o altre attrezzature militari o che fossero stati lanciati razzi dalle vicinanze.<\/p>\n<p>\u201cLa causa di fondo di questa indicibile violenza \u00e8 il sistema israeliano di apartheid. Questo sistema dev\u2019essere smantellato, il blocco nei confronti della Striscia di Gaza va immediatamente rimosso e i responsabili del crimine di apartheid, dei crimini di guerra e di altri crimini di diritto internazionale devono essere chiamati a risponderne\u201d, ha concluso Morayef.<\/p>\n<p><strong>Ulteriori informazioni<\/strong><\/p>\n<p>Poich\u00e9 le autorit\u00e0 israeliane continuano a impedire ad Amnesty International l\u2019accesso nella Striscia di Gaza, l\u2019organizzazione per i diritti umani ha posto sotto contratto un ricercatore locale, che ha raccolto prove e intervistato testimoni sui luoghi degli attacchi, sia durante che dopo i cinque giorni dell\u2019offensiva.<\/p>\n<p>I ricercatori di Amnesty International hanno condotto interviste e analizzato immagini satellitari e prove da fonti aperte, compresi i video degli attacchi e delle loro conseguenze, unitamente a dichiarazioni delle autorit\u00e0 israeliane.<\/p>\n<p>Gli attacchi illegali contro le abitazioni palestinesi e il blocco illegale imposto nei confronti di Gaza dal 2007 fanno parte del sistema israeliano di apartheid contro i palestinesi, che costituisce il crimine contro l\u2019umanit\u00e0 di apartheid ai sensi sia della Convenzione sul crimine di apartheid che dello Statuto di Roma della Corte Penale Internazionale.<\/p>\n<p>&nbsp;<\/p>\n<p>&nbsp;<\/p>\n<p>&nbsp;<\/p>\n","protected":false},"excerpt":{"rendered":"<p>Nella sua ultima offensiva di maggio contro la Striscia di Gaza occupata, Israele ha illegalmente distrutto abitazioni palestinesi, spesso senza che vi fossero necessit\u00e0 militari, rendendosi responsabile di una punizione collettiva contro la popolazione civile e ha condotto attacchi aerei&hellip;<\/p>\n","protected":false},"author":432,"featured_media":1745519,"comment_status":"closed","ping_status":"closed","sticky":false,"template":"","format":"standard","meta":{"footnotes":""},"categories":[150,60,52],"tags":[3852,16036,113592,778,1486],"class_list":["post-1745518","post","type-post","status-publish","format-standard","has-post-thumbnail","hentry","category-comunicati-stampa","category-diritti-umani","category-medio-oriente","tag-apartheid-it","tag-bombardamenti","tag-crimine-contro-lumanita","tag-israele","tag-striscia-di-gaza"],"yoast_head":"<!-- This site is optimized with the Yoast SEO plugin v27.1.1 - https:\/\/yoast.com\/product\/yoast-seo-wordpress\/ -->\n<title>Ultima offensiva di Israele contro Gaza: \u201cLe uccisioni di civili e le estese distruzioni evidenziano il costo umano dell\u2019apartheid\u201d<\/title>\n<meta name=\"description\" content=\"Nella sua ultima offensiva di maggio contro la Striscia di Gaza occupata, Israele ha illegalmente distrutto abitazioni palestinesi, spesso senza che vi\" \/>\n<meta name=\"robots\" content=\"index, follow, max-snippet:-1, max-image-preview:large, max-video-preview:-1\" \/>\n<link rel=\"canonical\" href=\"https:\/\/www.pressenza.com\/it\/2023\/06\/ultima-offensiva-di-israele-contro-gaza-le-uccisioni-di-civili-e-le-estese-distruzioni-evidenziano-il-costo-umano-dellapartheid\/\" \/>\n<meta property=\"og:locale\" content=\"it_IT\" \/>\n<meta property=\"og:type\" content=\"article\" \/>\n<meta property=\"og:title\" content=\"Ultima offensiva di Israele contro Gaza: \u201cLe uccisioni di civili e le estese distruzioni evidenziano il costo umano dell\u2019apartheid\u201d\" \/>\n<meta property=\"og:description\" content=\"Nella sua ultima offensiva di maggio contro la Striscia di Gaza occupata, Israele ha illegalmente distrutto abitazioni palestinesi, spesso senza che vi\" \/>\n<meta property=\"og:url\" content=\"https:\/\/www.pressenza.com\/it\/2023\/06\/ultima-offensiva-di-israele-contro-gaza-le-uccisioni-di-civili-e-le-estese-distruzioni-evidenziano-il-costo-umano-dellapartheid\/\" \/>\n<meta property=\"og:site_name\" content=\"Pressenza\" \/>\n<meta property=\"article:publisher\" content=\"https:\/\/www.facebook.com\/PressenzaItalia\" \/>\n<meta property=\"article:author\" content=\"https:\/\/www.facebook.com\/amnestyglobal\" \/>\n<meta property=\"article:published_time\" content=\"2023-06-13T14:36:24+00:00\" \/>\n<meta property=\"og:image\" content=\"https:\/\/www.pressenza.com\/wp-content\/uploads\/2023\/06\/bombarrdamento-Gaza-2021-rit.jpg\" \/>\n\t<meta property=\"og:image:width\" content=\"826\" \/>\n\t<meta property=\"og:image:height\" content=\"545\" \/>\n\t<meta property=\"og:image:type\" content=\"image\/jpeg\" \/>\n<meta name=\"author\" content=\"Amnesty International\" \/>\n<meta name=\"twitter:card\" content=\"summary_large_image\" \/>\n<meta name=\"twitter:creator\" content=\"@amnesty\" \/>\n<meta name=\"twitter:site\" content=\"@PressenzaIPA\" \/>\n<meta name=\"twitter:label1\" content=\"Scritto da\" \/>\n\t<meta name=\"twitter:data1\" content=\"Amnesty International\" \/>\n\t<meta name=\"twitter:label2\" content=\"Tempo di lettura stimato\" \/>\n\t<meta name=\"twitter:data2\" content=\"7 minuti\" \/>\n<script type=\"application\/ld+json\" class=\"yoast-schema-graph\">{\"@context\":\"https:\/\/schema.org\",\"@graph\":[{\"@type\":\"Article\",\"@id\":\"https:\/\/www.pressenza.com\/it\/2023\/06\/ultima-offensiva-di-israele-contro-gaza-le-uccisioni-di-civili-e-le-estese-distruzioni-evidenziano-il-costo-umano-dellapartheid\/#article\",\"isPartOf\":{\"@id\":\"https:\/\/www.pressenza.com\/it\/2023\/06\/ultima-offensiva-di-israele-contro-gaza-le-uccisioni-di-civili-e-le-estese-distruzioni-evidenziano-il-costo-umano-dellapartheid\/\"},\"author\":{\"name\":\"Amnesty International\",\"@id\":\"https:\/\/www.pressenza.com\/it\/#\/schema\/person\/9b981b05c7ecf09292e6acb3223b2d9d\"},\"headline\":\"Ultima offensiva di Israele contro Gaza: \u201cLe uccisioni di civili e le estese distruzioni evidenziano il costo umano dell\u2019apartheid\u201d\",\"datePublished\":\"2023-06-13T14:36:24+00:00\",\"mainEntityOfPage\":{\"@id\":\"https:\/\/www.pressenza.com\/it\/2023\/06\/ultima-offensiva-di-israele-contro-gaza-le-uccisioni-di-civili-e-le-estese-distruzioni-evidenziano-il-costo-umano-dellapartheid\/\"},\"wordCount\":1283,\"publisher\":{\"@id\":\"https:\/\/www.pressenza.com\/it\/#organization\"},\"image\":{\"@id\":\"https:\/\/www.pressenza.com\/it\/2023\/06\/ultima-offensiva-di-israele-contro-gaza-le-uccisioni-di-civili-e-le-estese-distruzioni-evidenziano-il-costo-umano-dellapartheid\/#primaryimage\"},\"thumbnailUrl\":\"https:\/\/www.pressenza.com\/wp-content\/uploads\/2023\/06\/bombarrdamento-Gaza-2021-rit.jpg\",\"keywords\":[\"apartheid\",\"bombardamenti\",\"crimine contro l'umanit\u00e0\",\"Israele\",\"striscia di Gaza\"],\"articleSection\":[\"Comunicati Stampa\",\"Diritti Umani\",\"Medio Oriente\"],\"inLanguage\":\"it-IT\"},{\"@type\":\"WebPage\",\"@id\":\"https:\/\/www.pressenza.com\/it\/2023\/06\/ultima-offensiva-di-israele-contro-gaza-le-uccisioni-di-civili-e-le-estese-distruzioni-evidenziano-il-costo-umano-dellapartheid\/\",\"url\":\"https:\/\/www.pressenza.com\/it\/2023\/06\/ultima-offensiva-di-israele-contro-gaza-le-uccisioni-di-civili-e-le-estese-distruzioni-evidenziano-il-costo-umano-dellapartheid\/\",\"name\":\"Ultima offensiva di Israele contro Gaza: \u201cLe uccisioni di civili e le estese distruzioni evidenziano il costo umano dell\u2019apartheid\u201d\",\"isPartOf\":{\"@id\":\"https:\/\/www.pressenza.com\/it\/#website\"},\"primaryImageOfPage\":{\"@id\":\"https:\/\/www.pressenza.com\/it\/2023\/06\/ultima-offensiva-di-israele-contro-gaza-le-uccisioni-di-civili-e-le-estese-distruzioni-evidenziano-il-costo-umano-dellapartheid\/#primaryimage\"},\"image\":{\"@id\":\"https:\/\/www.pressenza.com\/it\/2023\/06\/ultima-offensiva-di-israele-contro-gaza-le-uccisioni-di-civili-e-le-estese-distruzioni-evidenziano-il-costo-umano-dellapartheid\/#primaryimage\"},\"thumbnailUrl\":\"https:\/\/www.pressenza.com\/wp-content\/uploads\/2023\/06\/bombarrdamento-Gaza-2021-rit.jpg\",\"datePublished\":\"2023-06-13T14:36:24+00:00\",\"description\":\"Nella sua ultima offensiva di maggio contro la Striscia di Gaza occupata, Israele ha illegalmente distrutto abitazioni palestinesi, spesso senza che vi\",\"breadcrumb\":{\"@id\":\"https:\/\/www.pressenza.com\/it\/2023\/06\/ultima-offensiva-di-israele-contro-gaza-le-uccisioni-di-civili-e-le-estese-distruzioni-evidenziano-il-costo-umano-dellapartheid\/#breadcrumb\"},\"inLanguage\":\"it-IT\",\"potentialAction\":[{\"@type\":\"ReadAction\",\"target\":[\"https:\/\/www.pressenza.com\/it\/2023\/06\/ultima-offensiva-di-israele-contro-gaza-le-uccisioni-di-civili-e-le-estese-distruzioni-evidenziano-il-costo-umano-dellapartheid\/\"]}]},{\"@type\":\"ImageObject\",\"inLanguage\":\"it-IT\",\"@id\":\"https:\/\/www.pressenza.com\/it\/2023\/06\/ultima-offensiva-di-israele-contro-gaza-le-uccisioni-di-civili-e-le-estese-distruzioni-evidenziano-il-costo-umano-dellapartheid\/#primaryimage\",\"url\":\"https:\/\/www.pressenza.com\/wp-content\/uploads\/2023\/06\/bombarrdamento-Gaza-2021-rit.jpg\",\"contentUrl\":\"https:\/\/www.pressenza.com\/wp-content\/uploads\/2023\/06\/bombarrdamento-Gaza-2021-rit.jpg\",\"width\":826,\"height\":545},{\"@type\":\"BreadcrumbList\",\"@id\":\"https:\/\/www.pressenza.com\/it\/2023\/06\/ultima-offensiva-di-israele-contro-gaza-le-uccisioni-di-civili-e-le-estese-distruzioni-evidenziano-il-costo-umano-dellapartheid\/#breadcrumb\",\"itemListElement\":[{\"@type\":\"ListItem\",\"position\":1,\"name\":\"Accueil\",\"item\":\"https:\/\/www.pressenza.com\/it\/\"},{\"@type\":\"ListItem\",\"position\":2,\"name\":\"Ultima offensiva di Israele contro Gaza: \u201cLe uccisioni di civili e le estese distruzioni evidenziano il costo umano dell\u2019apartheid\u201d\"}]},{\"@type\":\"WebSite\",\"@id\":\"https:\/\/www.pressenza.com\/it\/#website\",\"url\":\"https:\/\/www.pressenza.com\/it\/\",\"name\":\"Pressenza\",\"description\":\"Agenzia di Stampa Internazionale\",\"publisher\":{\"@id\":\"https:\/\/www.pressenza.com\/it\/#organization\"},\"potentialAction\":[{\"@type\":\"SearchAction\",\"target\":{\"@type\":\"EntryPoint\",\"urlTemplate\":\"https:\/\/www.pressenza.com\/it\/?s={search_term_string}\"},\"query-input\":{\"@type\":\"PropertyValueSpecification\",\"valueRequired\":true,\"valueName\":\"search_term_string\"}}],\"inLanguage\":\"it-IT\"},{\"@type\":\"Organization\",\"@id\":\"https:\/\/www.pressenza.com\/it\/#organization\",\"name\":\"Pressenza\",\"url\":\"https:\/\/www.pressenza.com\/it\/\",\"logo\":{\"@type\":\"ImageObject\",\"inLanguage\":\"it-IT\",\"@id\":\"https:\/\/www.pressenza.com\/it\/#\/schema\/logo\/image\/\",\"url\":\"https:\/\/www.pressenza.com\/wp-content\/uploads\/2022\/10\/pressenza_logo_200x200.jpg\",\"contentUrl\":\"https:\/\/www.pressenza.com\/wp-content\/uploads\/2022\/10\/pressenza_logo_200x200.jpg\",\"width\":200,\"height\":200,\"caption\":\"Pressenza\"},\"image\":{\"@id\":\"https:\/\/www.pressenza.com\/it\/#\/schema\/logo\/image\/\"},\"sameAs\":[\"https:\/\/www.facebook.com\/PressenzaItalia\",\"https:\/\/x.com\/PressenzaIPA\"]},{\"@type\":\"Person\",\"@id\":\"https:\/\/www.pressenza.com\/it\/#\/schema\/person\/9b981b05c7ecf09292e6acb3223b2d9d\",\"name\":\"Amnesty International\",\"description\":\"Amnesty International is a global movement of more than 3 million supporters, members and activists in over 150 countries and territories who campaign to end grave abuses of human rights. Our vision is for every person to enjoy all the rights enshrined in the Universal Declaration of Human Rights and other international human rights standards. www.amnesty.org\",\"sameAs\":[\"http:\/\/www.amnesty.it\",\"https:\/\/www.facebook.com\/amnestyglobal\",\"https:\/\/x.com\/amnesty\"],\"url\":\"https:\/\/www.pressenza.com\/it\/author\/amnesty-international\/\"}]}<\/script>\n<!-- \/ Yoast SEO plugin. -->","yoast_head_json":{"title":"Ultima offensiva di Israele contro Gaza: \u201cLe uccisioni di civili e le estese distruzioni evidenziano il costo umano dell\u2019apartheid\u201d","description":"Nella sua ultima offensiva di maggio contro la Striscia di Gaza occupata, Israele ha illegalmente distrutto abitazioni palestinesi, spesso senza che vi","robots":{"index":"index","follow":"follow","max-snippet":"max-snippet:-1","max-image-preview":"max-image-preview:large","max-video-preview":"max-video-preview:-1"},"canonical":"https:\/\/www.pressenza.com\/it\/2023\/06\/ultima-offensiva-di-israele-contro-gaza-le-uccisioni-di-civili-e-le-estese-distruzioni-evidenziano-il-costo-umano-dellapartheid\/","og_locale":"it_IT","og_type":"article","og_title":"Ultima offensiva di Israele contro Gaza: \u201cLe uccisioni di civili e le estese distruzioni evidenziano il costo umano dell\u2019apartheid\u201d","og_description":"Nella sua ultima offensiva di maggio contro la Striscia di Gaza occupata, Israele ha illegalmente distrutto abitazioni palestinesi, spesso senza che vi","og_url":"https:\/\/www.pressenza.com\/it\/2023\/06\/ultima-offensiva-di-israele-contro-gaza-le-uccisioni-di-civili-e-le-estese-distruzioni-evidenziano-il-costo-umano-dellapartheid\/","og_site_name":"Pressenza","article_publisher":"https:\/\/www.facebook.com\/PressenzaItalia","article_author":"https:\/\/www.facebook.com\/amnestyglobal","article_published_time":"2023-06-13T14:36:24+00:00","og_image":[{"width":826,"height":545,"url":"https:\/\/www.pressenza.com\/wp-content\/uploads\/2023\/06\/bombarrdamento-Gaza-2021-rit.jpg","type":"image\/jpeg"}],"author":"Amnesty International","twitter_card":"summary_large_image","twitter_creator":"@amnesty","twitter_site":"@PressenzaIPA","twitter_misc":{"Scritto da":"Amnesty International","Tempo di lettura stimato":"7 minuti"},"schema":{"@context":"https:\/\/schema.org","@graph":[{"@type":"Article","@id":"https:\/\/www.pressenza.com\/it\/2023\/06\/ultima-offensiva-di-israele-contro-gaza-le-uccisioni-di-civili-e-le-estese-distruzioni-evidenziano-il-costo-umano-dellapartheid\/#article","isPartOf":{"@id":"https:\/\/www.pressenza.com\/it\/2023\/06\/ultima-offensiva-di-israele-contro-gaza-le-uccisioni-di-civili-e-le-estese-distruzioni-evidenziano-il-costo-umano-dellapartheid\/"},"author":{"name":"Amnesty International","@id":"https:\/\/www.pressenza.com\/it\/#\/schema\/person\/9b981b05c7ecf09292e6acb3223b2d9d"},"headline":"Ultima offensiva di Israele contro Gaza: \u201cLe uccisioni di civili e le estese distruzioni evidenziano il costo umano dell\u2019apartheid\u201d","datePublished":"2023-06-13T14:36:24+00:00","mainEntityOfPage":{"@id":"https:\/\/www.pressenza.com\/it\/2023\/06\/ultima-offensiva-di-israele-contro-gaza-le-uccisioni-di-civili-e-le-estese-distruzioni-evidenziano-il-costo-umano-dellapartheid\/"},"wordCount":1283,"publisher":{"@id":"https:\/\/www.pressenza.com\/it\/#organization"},"image":{"@id":"https:\/\/www.pressenza.com\/it\/2023\/06\/ultima-offensiva-di-israele-contro-gaza-le-uccisioni-di-civili-e-le-estese-distruzioni-evidenziano-il-costo-umano-dellapartheid\/#primaryimage"},"thumbnailUrl":"https:\/\/www.pressenza.com\/wp-content\/uploads\/2023\/06\/bombarrdamento-Gaza-2021-rit.jpg","keywords":["apartheid","bombardamenti","crimine contro l'umanit\u00e0","Israele","striscia di Gaza"],"articleSection":["Comunicati Stampa","Diritti Umani","Medio Oriente"],"inLanguage":"it-IT"},{"@type":"WebPage","@id":"https:\/\/www.pressenza.com\/it\/2023\/06\/ultima-offensiva-di-israele-contro-gaza-le-uccisioni-di-civili-e-le-estese-distruzioni-evidenziano-il-costo-umano-dellapartheid\/","url":"https:\/\/www.pressenza.com\/it\/2023\/06\/ultima-offensiva-di-israele-contro-gaza-le-uccisioni-di-civili-e-le-estese-distruzioni-evidenziano-il-costo-umano-dellapartheid\/","name":"Ultima offensiva di Israele contro Gaza: \u201cLe uccisioni di civili e le estese distruzioni evidenziano il costo umano dell\u2019apartheid\u201d","isPartOf":{"@id":"https:\/\/www.pressenza.com\/it\/#website"},"primaryImageOfPage":{"@id":"https:\/\/www.pressenza.com\/it\/2023\/06\/ultima-offensiva-di-israele-contro-gaza-le-uccisioni-di-civili-e-le-estese-distruzioni-evidenziano-il-costo-umano-dellapartheid\/#primaryimage"},"image":{"@id":"https:\/\/www.pressenza.com\/it\/2023\/06\/ultima-offensiva-di-israele-contro-gaza-le-uccisioni-di-civili-e-le-estese-distruzioni-evidenziano-il-costo-umano-dellapartheid\/#primaryimage"},"thumbnailUrl":"https:\/\/www.pressenza.com\/wp-content\/uploads\/2023\/06\/bombarrdamento-Gaza-2021-rit.jpg","datePublished":"2023-06-13T14:36:24+00:00","description":"Nella sua ultima offensiva di maggio contro la Striscia di Gaza occupata, Israele ha illegalmente distrutto abitazioni palestinesi, spesso senza che vi","breadcrumb":{"@id":"https:\/\/www.pressenza.com\/it\/2023\/06\/ultima-offensiva-di-israele-contro-gaza-le-uccisioni-di-civili-e-le-estese-distruzioni-evidenziano-il-costo-umano-dellapartheid\/#breadcrumb"},"inLanguage":"it-IT","potentialAction":[{"@type":"ReadAction","target":["https:\/\/www.pressenza.com\/it\/2023\/06\/ultima-offensiva-di-israele-contro-gaza-le-uccisioni-di-civili-e-le-estese-distruzioni-evidenziano-il-costo-umano-dellapartheid\/"]}]},{"@type":"ImageObject","inLanguage":"it-IT","@id":"https:\/\/www.pressenza.com\/it\/2023\/06\/ultima-offensiva-di-israele-contro-gaza-le-uccisioni-di-civili-e-le-estese-distruzioni-evidenziano-il-costo-umano-dellapartheid\/#primaryimage","url":"https:\/\/www.pressenza.com\/wp-content\/uploads\/2023\/06\/bombarrdamento-Gaza-2021-rit.jpg","contentUrl":"https:\/\/www.pressenza.com\/wp-content\/uploads\/2023\/06\/bombarrdamento-Gaza-2021-rit.jpg","width":826,"height":545},{"@type":"BreadcrumbList","@id":"https:\/\/www.pressenza.com\/it\/2023\/06\/ultima-offensiva-di-israele-contro-gaza-le-uccisioni-di-civili-e-le-estese-distruzioni-evidenziano-il-costo-umano-dellapartheid\/#breadcrumb","itemListElement":[{"@type":"ListItem","position":1,"name":"Accueil","item":"https:\/\/www.pressenza.com\/it\/"},{"@type":"ListItem","position":2,"name":"Ultima offensiva di Israele contro Gaza: \u201cLe uccisioni di civili e le estese distruzioni evidenziano il costo umano dell\u2019apartheid\u201d"}]},{"@type":"WebSite","@id":"https:\/\/www.pressenza.com\/it\/#website","url":"https:\/\/www.pressenza.com\/it\/","name":"Pressenza","description":"Agenzia di Stampa Internazionale","publisher":{"@id":"https:\/\/www.pressenza.com\/it\/#organization"},"potentialAction":[{"@type":"SearchAction","target":{"@type":"EntryPoint","urlTemplate":"https:\/\/www.pressenza.com\/it\/?s={search_term_string}"},"query-input":{"@type":"PropertyValueSpecification","valueRequired":true,"valueName":"search_term_string"}}],"inLanguage":"it-IT"},{"@type":"Organization","@id":"https:\/\/www.pressenza.com\/it\/#organization","name":"Pressenza","url":"https:\/\/www.pressenza.com\/it\/","logo":{"@type":"ImageObject","inLanguage":"it-IT","@id":"https:\/\/www.pressenza.com\/it\/#\/schema\/logo\/image\/","url":"https:\/\/www.pressenza.com\/wp-content\/uploads\/2022\/10\/pressenza_logo_200x200.jpg","contentUrl":"https:\/\/www.pressenza.com\/wp-content\/uploads\/2022\/10\/pressenza_logo_200x200.jpg","width":200,"height":200,"caption":"Pressenza"},"image":{"@id":"https:\/\/www.pressenza.com\/it\/#\/schema\/logo\/image\/"},"sameAs":["https:\/\/www.facebook.com\/PressenzaItalia","https:\/\/x.com\/PressenzaIPA"]},{"@type":"Person","@id":"https:\/\/www.pressenza.com\/it\/#\/schema\/person\/9b981b05c7ecf09292e6acb3223b2d9d","name":"Amnesty International","description":"Amnesty International is a global movement of more than 3 million supporters, members and activists in over 150 countries and territories who campaign to end grave abuses of human rights. Our vision is for every person to enjoy all the rights enshrined in the Universal Declaration of Human Rights and other international human rights standards. www.amnesty.org","sameAs":["http:\/\/www.amnesty.it","https:\/\/www.facebook.com\/amnestyglobal","https:\/\/x.com\/amnesty"],"url":"https:\/\/www.pressenza.com\/it\/author\/amnesty-international\/"}]}},"place":"","original_article_url":"","_links":{"self":[{"href":"https:\/\/www.pressenza.com\/it\/wp-json\/wp\/v2\/posts\/1745518","targetHints":{"allow":["GET"]}}],"collection":[{"href":"https:\/\/www.pressenza.com\/it\/wp-json\/wp\/v2\/posts"}],"about":[{"href":"https:\/\/www.pressenza.com\/it\/wp-json\/wp\/v2\/types\/post"}],"author":[{"embeddable":true,"href":"https:\/\/www.pressenza.com\/it\/wp-json\/wp\/v2\/users\/432"}],"replies":[{"embeddable":true,"href":"https:\/\/www.pressenza.com\/it\/wp-json\/wp\/v2\/comments?post=1745518"}],"version-history":[{"count":0,"href":"https:\/\/www.pressenza.com\/it\/wp-json\/wp\/v2\/posts\/1745518\/revisions"}],"wp:featuredmedia":[{"embeddable":true,"href":"https:\/\/www.pressenza.com\/it\/wp-json\/wp\/v2\/media\/1745519"}],"wp:attachment":[{"href":"https:\/\/www.pressenza.com\/it\/wp-json\/wp\/v2\/media?parent=1745518"}],"wp:term":[{"taxonomy":"category","embeddable":true,"href":"https:\/\/www.pressenza.com\/it\/wp-json\/wp\/v2\/categories?post=1745518"},{"taxonomy":"post_tag","embeddable":true,"href":"https:\/\/www.pressenza.com\/it\/wp-json\/wp\/v2\/tags?post=1745518"}],"curies":[{"name":"wp","href":"https:\/\/api.w.org\/{rel}","templated":true}]}}