{"id":1745515,"date":"2023-06-13T15:08:35","date_gmt":"2023-06-13T14:08:35","guid":{"rendered":"https:\/\/www.pressenza.com\/?p=1745515"},"modified":"2023-06-13T15:08:35","modified_gmt":"2023-06-13T14:08:35","slug":"alluvione-sabato-17-giugno-marcia-popolare-verso-la-sede-della-regione-emilia-romagna","status":"publish","type":"post","link":"https:\/\/www.pressenza.com\/it\/2023\/06\/alluvione-sabato-17-giugno-marcia-popolare-verso-la-sede-della-regione-emilia-romagna\/","title":{"rendered":"Alluvione, sabato 17 giugno marcia popolare verso la sede della Regione Emilia Romagna"},"content":{"rendered":"<p>A un mese esatto dall\u2019alluvione che ha colpito i territori che viviamo, sabato 17 giugno a Bologna \u00e8 in programma una marcia popolare per portare alla sede della Regione Emilia-Romagna il fango spalato da migliaia di volontarie e volontari, che in queste settimane hanno risposto con solidariet\u00e0 e rabbia alla catastrofe.<\/p>\n<p>La manifestazione &#8211; a cui parteciperanno collettivi e associazioni da tutta la regione, ma anche realt\u00e0 come Fridays for Future Italia e il Collettivo di Fabbrica GKN &#8211;\u00a0 \u00e8 organizzata dalle centinaia di volontarie e volontari che in queste settimane si sono auto-organizzate per dare una mano nelle zone alluvionate, e partir\u00e0 alle 16:00 da Piazza XX Settembre. Il corteo sfiler\u00e0 lungo via Matteotti, Piazza dell\u2019Unit\u00e0, via della Liberazione, via Aldo Moro fino alla sede della Regione Emilia-Romagna, dove sar\u00e0 consegnato il fango spalato in queste settimane. Successivamente, il corteo sfiler\u00e0 su via Serena e via Donato Creti, per concludersi in Piazza dell\u2019Unit\u00e0.<\/p>\n<p>Di seguito \u00e8 riportato il testo integrale della dichiarazione finale dell\u2019assemblea popolare svoltasi il 27 maggio in piazza del Nettuno a Bologna, che convoca la marcia popolare.<\/p>\n<p><strong>DICHIARAZIONE FINALE DELL\u2019ASSEMBLEA POPOLARE DEL 27 MAGGIO 2023\u00a0<\/strong><\/p>\n<p><strong>Il 17 giugno, a un mese esatto dall\u2019alluvione: 10mila stivali per portare sotto la Regione il fango che abbiamo raccolto \u2013 Per una ricostruzione sociale dei territori<\/strong><\/p>\n<p><strong>Partenza del corteo: 16.00, Piazza XX Settembre, Bologna<\/strong><\/p>\n<p>La crisi climatica ha mostrato i suoi effetti sull\u2019Emilia-Romagna, mentre la cementificazione del territorio ha trasformato precipitazioni intense in una catastrofe con morti e devastazioni. Siccit\u00e0 prolungate, ondate di calore e poi inondazioni improvvise provocano disastri e mettono in discussione la possibilit\u00e0 di produrre cibo di qualit\u00e0 e di avere acqua per tutte.<\/p>\n<p>Piogge intense saranno sempre pi\u00f9 frequenti e l\u2019acqua, su territori cementificati e impermeabilizzati, scorrer\u00e0 velocemente verso il mare, lasciando alle proprie spalle la distruzione delle alluvioni e i pozzi comunque a secco.<\/p>\n<p>Eventi sempre pi\u00f9 frequenti che distruggono case e luoghi di lavoro, ma anche gli spazi sociali e collettivi, mentre nuovi lockdown diventano normalit\u00e0, con la chiusura delle scuole e dei luoghi di socialit\u00e0; tante lavoratrici e lavoratori sono costrette a mettere a rischio la propria vita perch\u00e9 anche in situazioni d\u2019emergenza la macchina del profitto non si pu\u00f2 fermare. L\u2019ennesima crisi graver\u00e0 sulle nostre spalle e scaricher\u00e0 con la solita violenza il lavoro di cura in primis sulle donne, sulle povere, sulle ultime. Crisi che si svolge in simultanea con la folle escalation bellica. Guerra e crisi climatica sono due riquadri dell\u2019emergenza continua in cui viviamo.<\/p>\n<p>Tutto ci\u00f2 non \u00e8 un evento improvviso, \u00e8 crisi climatica; \u00e8 la volont\u00e0 politica di investire per decenni sul costruire un territorio per il profitto e non per la vita bella e sicura di chi lo vive. E la crisi climatica \u00e8 stata studiata ed annunciata, con i report sui tavoli di amministrazioni locali, regionali e governi. Sapevamo, sapevano! Di fronte a questa responsabilit\u00e0, \u00e8 ancora pi\u00f9 irresponsabile affermare che \u201cricostruiremo tutto come prima\u201d, e che le grandi opere vanno avanti. Dobbiamo fermarli!<\/p>\n<p>La ricostruzione deve essere cura e salvaguardia del territorio, perch\u00e9 esso sia ospitale per quante lo abitano. Non ci servono grandi opere che, cementificando il territorio, mettono a rischio le nostre stesse vite, ma grandi scelte capaci di mettere la nostra vita degna e bella prima di ogni altro interesse.<\/p>\n<p>Fermare le cause che peggiorano la crisi climatica, fermare il consumo di suolo, ricostruire socialmente i territori. Non possiamo accettare la logica dell\u2019emergenza, che impone che le decisioni sulla ricostruzione siano prese in modo autoritario e verticale. Vogliamo soldi per la ricostruzione, basta soldi spesi in armi per le guerre! Diciamo chiaramente NO a una ricostruzione che punti a rifare tutto come prima. E NO a una ricostruzione costruita da un Capo-Commissario con le mani sporche di cemento. Al contrario, dobbiamo commissariare noi chi in questi anni ha costruito il disastro. Vogliamo esercitare un legittimo potere di veto sulle scelte dannose per i nostri territori e le nostre vite. Vogliamo che le scelte su politiche e fondi non siano appannaggio di qualche capo supremo, ma siano un\u2019occasione per ripensare collettivamente i territori. Per ridisegnare socialmente, ecologicamente e radicalmente la Regione.<\/p>\n<p>Chiediamo anche la moratoria immediata su due grandi opere simbolo delle scelte irresponsabili di amministrazioni locali, Giunta Regionale e governo:<\/p>\n<ul>\n<li>il rigassificatore di Ravenna, che ci costringerebbe a decenni di dipendenza dalle fonti fossili, la cui combustione \u00e8 una delle principali cause dei cambiamenti climatici;<\/li>\n<li>il Passante di Bologna, il cui allargamento consentirebbe l\u2019ampliamento delle altre autostrade regionali e che \u00e8 l\u2019opera simbolo della cementificazione della nostra regione con decine di ettari che verrebbero sacrificati sull\u2019altare dell\u2019asfalto.<\/li>\n<\/ul>\n<p>Per tutti questi motivi, l\u2019assemblea di piazza del Nettuno a Bologna del 27 maggio lancia per il 17 giugno, a un mese esatto dall\u2019alluvione del 17 maggio, una marcia popolare che partir\u00e0 alle ore 16 da piazza XX settembre a Bologna e arriver\u00e0 sotto la sede della Regione Emilia-Romagna. In questi giorni, a migliaia, stiamo spalando fango in tutta la regione. Il 17 giugno questo fango lo porteremo sotto le istituzioni che hanno la responsabilit\u00e0 di quanto \u00e8 successo.<\/p>\n<p>La crisi climatica non ci pone solo la sfida di salvare il Pianeta, ma quella di costruire giustizia sociale e climatica. Case belle e per tutte e tutti, redditi e servizi sanitari di qualit\u00e0, nuove forme di welfare, mobilit\u00e0 collettiva e gratuita nelle citt\u00e0 e nelle aree rurali e montane, cura delle aree interne e appenniniche e del sistema idrogeologico, difesa del suolo e della biodiversit\u00e0, nuovi spazi pubblici e forme di mutualismo cooperativo per affrontare le conseguenze del riscaldamento globale, devono essere le bussole intorno al quale ricostruire dopo la catastrofe. Che il 17 giugno sia anche un grande momento di convergenza! La sfida che lanciamo \u00e8 quella di andare con 10mila stivali sotto la Regione!<\/p>\n<p>Spaliamo il fango con solidariet\u00e0 e rabbia, perch\u00e9 sappiamo che non \u00e8 stato un caso. Spaliamo, ma non siamo angeli mansueti come ci vogliono dipingere! Continueremo a farlo finch\u00e9 sar\u00e0 necessario, ma siamo pronte e pronti a portare quel fango a chi vuole far finta di niente, a chi vuole decidere sulle nostre teste. Perch\u00e9 dobbiamo fermarli, o le cose andranno sempre peggio. Dobbiamo cambiare i rapporti di forza in questa societ\u00e0. Dobbiamo costruire un nuovo territorio e un nuovo futuro possibile.<\/p>\n<p>&nbsp;<\/p>\n","protected":false},"excerpt":{"rendered":"<p>A un mese esatto dall\u2019alluvione che ha colpito i territori che viviamo, sabato 17 giugno a Bologna \u00e8 in programma una marcia popolare per portare alla sede della Regione Emilia-Romagna il fango spalato da migliaia di volontarie e volontari, che&hellip;<\/p>\n","protected":false},"author":594,"featured_media":1745517,"comment_status":"closed","ping_status":"closed","sticky":false,"template":"","format":"standard","meta":{"footnotes":""},"categories":[150,59,47],"tags":[7978,17972,57023,34170,4339,689,6714,43940],"class_list":["post-1745515","post","type-post","status-publish","format-standard","has-post-thumbnail","hentry","category-comunicati-stampa","category-ambiente-ecologia","category-europa","tag-alluvione","tag-cementificazione","tag-crisi-climatica","tag-emilia-romagna","tag-eventi","tag-grandi-opere","tag-marcia","tag-rigassificatore"],"yoast_head":"<!-- This site is optimized with the Yoast SEO plugin v27.1.1 - https:\/\/yoast.com\/product\/yoast-seo-wordpress\/ -->\n<title>Alluvione, sabato 17 giugno marcia popolare verso la sede della Regione Emilia Romagna<\/title>\n<meta name=\"description\" content=\"A un mese esatto dall\u2019alluvione che ha colpito i territori che viviamo, sabato 17 giugno a Bologna \u00e8 in programma una marcia popolare per portare alla\" \/>\n<meta name=\"robots\" content=\"index, follow, max-snippet:-1, max-image-preview:large, max-video-preview:-1\" \/>\n<link rel=\"canonical\" href=\"https:\/\/www.pressenza.com\/it\/2023\/06\/alluvione-sabato-17-giugno-marcia-popolare-verso-la-sede-della-regione-emilia-romagna\/\" \/>\n<meta property=\"og:locale\" content=\"it_IT\" \/>\n<meta property=\"og:type\" content=\"article\" \/>\n<meta property=\"og:title\" content=\"Alluvione, sabato 17 giugno marcia popolare verso la sede della Regione Emilia Romagna\" \/>\n<meta property=\"og:description\" content=\"A un mese esatto dall\u2019alluvione che ha colpito i territori che viviamo, sabato 17 giugno a Bologna \u00e8 in programma una marcia popolare per portare alla\" \/>\n<meta property=\"og:url\" content=\"https:\/\/www.pressenza.com\/it\/2023\/06\/alluvione-sabato-17-giugno-marcia-popolare-verso-la-sede-della-regione-emilia-romagna\/\" \/>\n<meta property=\"og:site_name\" content=\"Pressenza\" \/>\n<meta property=\"article:publisher\" content=\"https:\/\/www.facebook.com\/PressenzaItalia\" \/>\n<meta property=\"article:author\" content=\"https:\/\/www.facebook.com\/PressenzaItalia\" \/>\n<meta property=\"article:published_time\" content=\"2023-06-13T14:08:35+00:00\" \/>\n<meta property=\"og:image\" content=\"https:\/\/www.pressenza.com\/wp-content\/uploads\/2023\/06\/marcia-17-giugno.jpg\" \/>\n\t<meta property=\"og:image:width\" content=\"1640\" \/>\n\t<meta property=\"og:image:height\" content=\"924\" \/>\n\t<meta property=\"og:image:type\" content=\"image\/jpeg\" \/>\n<meta name=\"author\" content=\"Redazione Italia\" \/>\n<meta name=\"twitter:card\" content=\"summary_large_image\" \/>\n<meta name=\"twitter:creator\" content=\"@pressenza_it\" \/>\n<meta name=\"twitter:site\" content=\"@PressenzaIPA\" \/>\n<meta name=\"twitter:label1\" content=\"Scritto da\" \/>\n\t<meta name=\"twitter:data1\" content=\"Redazione Italia\" \/>\n\t<meta name=\"twitter:label2\" content=\"Tempo di lettura stimato\" \/>\n\t<meta name=\"twitter:data2\" content=\"6 minuti\" \/>\n<script type=\"application\/ld+json\" class=\"yoast-schema-graph\">{\"@context\":\"https:\/\/schema.org\",\"@graph\":[{\"@type\":\"Article\",\"@id\":\"https:\/\/www.pressenza.com\/it\/2023\/06\/alluvione-sabato-17-giugno-marcia-popolare-verso-la-sede-della-regione-emilia-romagna\/#article\",\"isPartOf\":{\"@id\":\"https:\/\/www.pressenza.com\/it\/2023\/06\/alluvione-sabato-17-giugno-marcia-popolare-verso-la-sede-della-regione-emilia-romagna\/\"},\"author\":{\"name\":\"Redazione Italia\",\"@id\":\"https:\/\/www.pressenza.com\/it\/#\/schema\/person\/d983e81827ae24f2c7b1a2123d197f8d\"},\"headline\":\"Alluvione, sabato 17 giugno marcia popolare verso la sede della Regione Emilia Romagna\",\"datePublished\":\"2023-06-13T14:08:35+00:00\",\"mainEntityOfPage\":{\"@id\":\"https:\/\/www.pressenza.com\/it\/2023\/06\/alluvione-sabato-17-giugno-marcia-popolare-verso-la-sede-della-regione-emilia-romagna\/\"},\"wordCount\":1048,\"publisher\":{\"@id\":\"https:\/\/www.pressenza.com\/it\/#organization\"},\"image\":{\"@id\":\"https:\/\/www.pressenza.com\/it\/2023\/06\/alluvione-sabato-17-giugno-marcia-popolare-verso-la-sede-della-regione-emilia-romagna\/#primaryimage\"},\"thumbnailUrl\":\"https:\/\/www.pressenza.com\/wp-content\/uploads\/2023\/06\/marcia-17-giugno.jpg\",\"keywords\":[\"alluvione\",\"Cementificazione\",\"crisi climatica\",\"Emilia Romagna\",\"eventi\",\"grandi opere\",\"marcia\",\"rigassificatore\"],\"articleSection\":[\"Comunicati Stampa\",\"Ecologia ed Ambiente\",\"Europa\"],\"inLanguage\":\"it-IT\"},{\"@type\":\"WebPage\",\"@id\":\"https:\/\/www.pressenza.com\/it\/2023\/06\/alluvione-sabato-17-giugno-marcia-popolare-verso-la-sede-della-regione-emilia-romagna\/\",\"url\":\"https:\/\/www.pressenza.com\/it\/2023\/06\/alluvione-sabato-17-giugno-marcia-popolare-verso-la-sede-della-regione-emilia-romagna\/\",\"name\":\"Alluvione, sabato 17 giugno marcia popolare verso la sede della Regione Emilia Romagna\",\"isPartOf\":{\"@id\":\"https:\/\/www.pressenza.com\/it\/#website\"},\"primaryImageOfPage\":{\"@id\":\"https:\/\/www.pressenza.com\/it\/2023\/06\/alluvione-sabato-17-giugno-marcia-popolare-verso-la-sede-della-regione-emilia-romagna\/#primaryimage\"},\"image\":{\"@id\":\"https:\/\/www.pressenza.com\/it\/2023\/06\/alluvione-sabato-17-giugno-marcia-popolare-verso-la-sede-della-regione-emilia-romagna\/#primaryimage\"},\"thumbnailUrl\":\"https:\/\/www.pressenza.com\/wp-content\/uploads\/2023\/06\/marcia-17-giugno.jpg\",\"datePublished\":\"2023-06-13T14:08:35+00:00\",\"description\":\"A un mese esatto dall\u2019alluvione che ha colpito i territori che viviamo, sabato 17 giugno a Bologna \u00e8 in programma una marcia popolare per portare alla\",\"breadcrumb\":{\"@id\":\"https:\/\/www.pressenza.com\/it\/2023\/06\/alluvione-sabato-17-giugno-marcia-popolare-verso-la-sede-della-regione-emilia-romagna\/#breadcrumb\"},\"inLanguage\":\"it-IT\",\"potentialAction\":[{\"@type\":\"ReadAction\",\"target\":[\"https:\/\/www.pressenza.com\/it\/2023\/06\/alluvione-sabato-17-giugno-marcia-popolare-verso-la-sede-della-regione-emilia-romagna\/\"]}]},{\"@type\":\"ImageObject\",\"inLanguage\":\"it-IT\",\"@id\":\"https:\/\/www.pressenza.com\/it\/2023\/06\/alluvione-sabato-17-giugno-marcia-popolare-verso-la-sede-della-regione-emilia-romagna\/#primaryimage\",\"url\":\"https:\/\/www.pressenza.com\/wp-content\/uploads\/2023\/06\/marcia-17-giugno.jpg\",\"contentUrl\":\"https:\/\/www.pressenza.com\/wp-content\/uploads\/2023\/06\/marcia-17-giugno.jpg\",\"width\":1640,\"height\":924},{\"@type\":\"BreadcrumbList\",\"@id\":\"https:\/\/www.pressenza.com\/it\/2023\/06\/alluvione-sabato-17-giugno-marcia-popolare-verso-la-sede-della-regione-emilia-romagna\/#breadcrumb\",\"itemListElement\":[{\"@type\":\"ListItem\",\"position\":1,\"name\":\"Accueil\",\"item\":\"https:\/\/www.pressenza.com\/it\/\"},{\"@type\":\"ListItem\",\"position\":2,\"name\":\"Alluvione, sabato 17 giugno marcia popolare verso la sede della Regione Emilia Romagna\"}]},{\"@type\":\"WebSite\",\"@id\":\"https:\/\/www.pressenza.com\/it\/#website\",\"url\":\"https:\/\/www.pressenza.com\/it\/\",\"name\":\"Pressenza\",\"description\":\"Agenzia di Stampa Internazionale\",\"publisher\":{\"@id\":\"https:\/\/www.pressenza.com\/it\/#organization\"},\"potentialAction\":[{\"@type\":\"SearchAction\",\"target\":{\"@type\":\"EntryPoint\",\"urlTemplate\":\"https:\/\/www.pressenza.com\/it\/?s={search_term_string}\"},\"query-input\":{\"@type\":\"PropertyValueSpecification\",\"valueRequired\":true,\"valueName\":\"search_term_string\"}}],\"inLanguage\":\"it-IT\"},{\"@type\":\"Organization\",\"@id\":\"https:\/\/www.pressenza.com\/it\/#organization\",\"name\":\"Pressenza\",\"url\":\"https:\/\/www.pressenza.com\/it\/\",\"logo\":{\"@type\":\"ImageObject\",\"inLanguage\":\"it-IT\",\"@id\":\"https:\/\/www.pressenza.com\/it\/#\/schema\/logo\/image\/\",\"url\":\"https:\/\/www.pressenza.com\/wp-content\/uploads\/2022\/10\/pressenza_logo_200x200.jpg\",\"contentUrl\":\"https:\/\/www.pressenza.com\/wp-content\/uploads\/2022\/10\/pressenza_logo_200x200.jpg\",\"width\":200,\"height\":200,\"caption\":\"Pressenza\"},\"image\":{\"@id\":\"https:\/\/www.pressenza.com\/it\/#\/schema\/logo\/image\/\"},\"sameAs\":[\"https:\/\/www.facebook.com\/PressenzaItalia\",\"https:\/\/x.com\/PressenzaIPA\"]},{\"@type\":\"Person\",\"@id\":\"https:\/\/www.pressenza.com\/it\/#\/schema\/person\/d983e81827ae24f2c7b1a2123d197f8d\",\"name\":\"Redazione Italia\",\"description\":\"News from the Pressenza Bureau in Italy\",\"sameAs\":[\"https:\/\/www.pressenza.com\/it\/author\/redazione-italia\/\",\"https:\/\/www.facebook.com\/PressenzaItalia\",\"https:\/\/www.instagram.com\/pressenza_italia\/\",\"https:\/\/x.com\/pressenza_it\",\"https:\/\/www.youtube.com\/channel\/UCSalEIWjE1RSxkwjfftFuqg\"],\"url\":\"https:\/\/www.pressenza.com\/it\/author\/redazione-italia\/\"}]}<\/script>\n<!-- \/ Yoast SEO plugin. -->","yoast_head_json":{"title":"Alluvione, sabato 17 giugno marcia popolare verso la sede della Regione Emilia Romagna","description":"A un mese esatto dall\u2019alluvione che ha colpito i territori che viviamo, sabato 17 giugno a Bologna \u00e8 in programma una marcia popolare per portare alla","robots":{"index":"index","follow":"follow","max-snippet":"max-snippet:-1","max-image-preview":"max-image-preview:large","max-video-preview":"max-video-preview:-1"},"canonical":"https:\/\/www.pressenza.com\/it\/2023\/06\/alluvione-sabato-17-giugno-marcia-popolare-verso-la-sede-della-regione-emilia-romagna\/","og_locale":"it_IT","og_type":"article","og_title":"Alluvione, sabato 17 giugno marcia popolare verso la sede della Regione Emilia Romagna","og_description":"A un mese esatto dall\u2019alluvione che ha colpito i territori che viviamo, sabato 17 giugno a Bologna \u00e8 in programma una marcia popolare per portare alla","og_url":"https:\/\/www.pressenza.com\/it\/2023\/06\/alluvione-sabato-17-giugno-marcia-popolare-verso-la-sede-della-regione-emilia-romagna\/","og_site_name":"Pressenza","article_publisher":"https:\/\/www.facebook.com\/PressenzaItalia","article_author":"https:\/\/www.facebook.com\/PressenzaItalia","article_published_time":"2023-06-13T14:08:35+00:00","og_image":[{"width":1640,"height":924,"url":"https:\/\/www.pressenza.com\/wp-content\/uploads\/2023\/06\/marcia-17-giugno.jpg","type":"image\/jpeg"}],"author":"Redazione Italia","twitter_card":"summary_large_image","twitter_creator":"@pressenza_it","twitter_site":"@PressenzaIPA","twitter_misc":{"Scritto da":"Redazione Italia","Tempo di lettura stimato":"6 minuti"},"schema":{"@context":"https:\/\/schema.org","@graph":[{"@type":"Article","@id":"https:\/\/www.pressenza.com\/it\/2023\/06\/alluvione-sabato-17-giugno-marcia-popolare-verso-la-sede-della-regione-emilia-romagna\/#article","isPartOf":{"@id":"https:\/\/www.pressenza.com\/it\/2023\/06\/alluvione-sabato-17-giugno-marcia-popolare-verso-la-sede-della-regione-emilia-romagna\/"},"author":{"name":"Redazione Italia","@id":"https:\/\/www.pressenza.com\/it\/#\/schema\/person\/d983e81827ae24f2c7b1a2123d197f8d"},"headline":"Alluvione, sabato 17 giugno marcia popolare verso la sede della Regione Emilia Romagna","datePublished":"2023-06-13T14:08:35+00:00","mainEntityOfPage":{"@id":"https:\/\/www.pressenza.com\/it\/2023\/06\/alluvione-sabato-17-giugno-marcia-popolare-verso-la-sede-della-regione-emilia-romagna\/"},"wordCount":1048,"publisher":{"@id":"https:\/\/www.pressenza.com\/it\/#organization"},"image":{"@id":"https:\/\/www.pressenza.com\/it\/2023\/06\/alluvione-sabato-17-giugno-marcia-popolare-verso-la-sede-della-regione-emilia-romagna\/#primaryimage"},"thumbnailUrl":"https:\/\/www.pressenza.com\/wp-content\/uploads\/2023\/06\/marcia-17-giugno.jpg","keywords":["alluvione","Cementificazione","crisi climatica","Emilia Romagna","eventi","grandi opere","marcia","rigassificatore"],"articleSection":["Comunicati Stampa","Ecologia ed Ambiente","Europa"],"inLanguage":"it-IT"},{"@type":"WebPage","@id":"https:\/\/www.pressenza.com\/it\/2023\/06\/alluvione-sabato-17-giugno-marcia-popolare-verso-la-sede-della-regione-emilia-romagna\/","url":"https:\/\/www.pressenza.com\/it\/2023\/06\/alluvione-sabato-17-giugno-marcia-popolare-verso-la-sede-della-regione-emilia-romagna\/","name":"Alluvione, sabato 17 giugno marcia popolare verso la sede della Regione Emilia Romagna","isPartOf":{"@id":"https:\/\/www.pressenza.com\/it\/#website"},"primaryImageOfPage":{"@id":"https:\/\/www.pressenza.com\/it\/2023\/06\/alluvione-sabato-17-giugno-marcia-popolare-verso-la-sede-della-regione-emilia-romagna\/#primaryimage"},"image":{"@id":"https:\/\/www.pressenza.com\/it\/2023\/06\/alluvione-sabato-17-giugno-marcia-popolare-verso-la-sede-della-regione-emilia-romagna\/#primaryimage"},"thumbnailUrl":"https:\/\/www.pressenza.com\/wp-content\/uploads\/2023\/06\/marcia-17-giugno.jpg","datePublished":"2023-06-13T14:08:35+00:00","description":"A un mese esatto dall\u2019alluvione che ha colpito i territori che viviamo, sabato 17 giugno a Bologna \u00e8 in programma una marcia popolare per portare alla","breadcrumb":{"@id":"https:\/\/www.pressenza.com\/it\/2023\/06\/alluvione-sabato-17-giugno-marcia-popolare-verso-la-sede-della-regione-emilia-romagna\/#breadcrumb"},"inLanguage":"it-IT","potentialAction":[{"@type":"ReadAction","target":["https:\/\/www.pressenza.com\/it\/2023\/06\/alluvione-sabato-17-giugno-marcia-popolare-verso-la-sede-della-regione-emilia-romagna\/"]}]},{"@type":"ImageObject","inLanguage":"it-IT","@id":"https:\/\/www.pressenza.com\/it\/2023\/06\/alluvione-sabato-17-giugno-marcia-popolare-verso-la-sede-della-regione-emilia-romagna\/#primaryimage","url":"https:\/\/www.pressenza.com\/wp-content\/uploads\/2023\/06\/marcia-17-giugno.jpg","contentUrl":"https:\/\/www.pressenza.com\/wp-content\/uploads\/2023\/06\/marcia-17-giugno.jpg","width":1640,"height":924},{"@type":"BreadcrumbList","@id":"https:\/\/www.pressenza.com\/it\/2023\/06\/alluvione-sabato-17-giugno-marcia-popolare-verso-la-sede-della-regione-emilia-romagna\/#breadcrumb","itemListElement":[{"@type":"ListItem","position":1,"name":"Accueil","item":"https:\/\/www.pressenza.com\/it\/"},{"@type":"ListItem","position":2,"name":"Alluvione, sabato 17 giugno marcia popolare verso la sede della Regione Emilia Romagna"}]},{"@type":"WebSite","@id":"https:\/\/www.pressenza.com\/it\/#website","url":"https:\/\/www.pressenza.com\/it\/","name":"Pressenza","description":"Agenzia di Stampa Internazionale","publisher":{"@id":"https:\/\/www.pressenza.com\/it\/#organization"},"potentialAction":[{"@type":"SearchAction","target":{"@type":"EntryPoint","urlTemplate":"https:\/\/www.pressenza.com\/it\/?s={search_term_string}"},"query-input":{"@type":"PropertyValueSpecification","valueRequired":true,"valueName":"search_term_string"}}],"inLanguage":"it-IT"},{"@type":"Organization","@id":"https:\/\/www.pressenza.com\/it\/#organization","name":"Pressenza","url":"https:\/\/www.pressenza.com\/it\/","logo":{"@type":"ImageObject","inLanguage":"it-IT","@id":"https:\/\/www.pressenza.com\/it\/#\/schema\/logo\/image\/","url":"https:\/\/www.pressenza.com\/wp-content\/uploads\/2022\/10\/pressenza_logo_200x200.jpg","contentUrl":"https:\/\/www.pressenza.com\/wp-content\/uploads\/2022\/10\/pressenza_logo_200x200.jpg","width":200,"height":200,"caption":"Pressenza"},"image":{"@id":"https:\/\/www.pressenza.com\/it\/#\/schema\/logo\/image\/"},"sameAs":["https:\/\/www.facebook.com\/PressenzaItalia","https:\/\/x.com\/PressenzaIPA"]},{"@type":"Person","@id":"https:\/\/www.pressenza.com\/it\/#\/schema\/person\/d983e81827ae24f2c7b1a2123d197f8d","name":"Redazione Italia","description":"News from the Pressenza Bureau in Italy","sameAs":["https:\/\/www.pressenza.com\/it\/author\/redazione-italia\/","https:\/\/www.facebook.com\/PressenzaItalia","https:\/\/www.instagram.com\/pressenza_italia\/","https:\/\/x.com\/pressenza_it","https:\/\/www.youtube.com\/channel\/UCSalEIWjE1RSxkwjfftFuqg"],"url":"https:\/\/www.pressenza.com\/it\/author\/redazione-italia\/"}]}},"place":"","original_article_url":"","_links":{"self":[{"href":"https:\/\/www.pressenza.com\/it\/wp-json\/wp\/v2\/posts\/1745515","targetHints":{"allow":["GET"]}}],"collection":[{"href":"https:\/\/www.pressenza.com\/it\/wp-json\/wp\/v2\/posts"}],"about":[{"href":"https:\/\/www.pressenza.com\/it\/wp-json\/wp\/v2\/types\/post"}],"author":[{"embeddable":true,"href":"https:\/\/www.pressenza.com\/it\/wp-json\/wp\/v2\/users\/594"}],"replies":[{"embeddable":true,"href":"https:\/\/www.pressenza.com\/it\/wp-json\/wp\/v2\/comments?post=1745515"}],"version-history":[{"count":0,"href":"https:\/\/www.pressenza.com\/it\/wp-json\/wp\/v2\/posts\/1745515\/revisions"}],"wp:featuredmedia":[{"embeddable":true,"href":"https:\/\/www.pressenza.com\/it\/wp-json\/wp\/v2\/media\/1745517"}],"wp:attachment":[{"href":"https:\/\/www.pressenza.com\/it\/wp-json\/wp\/v2\/media?parent=1745515"}],"wp:term":[{"taxonomy":"category","embeddable":true,"href":"https:\/\/www.pressenza.com\/it\/wp-json\/wp\/v2\/categories?post=1745515"},{"taxonomy":"post_tag","embeddable":true,"href":"https:\/\/www.pressenza.com\/it\/wp-json\/wp\/v2\/tags?post=1745515"}],"curies":[{"name":"wp","href":"https:\/\/api.w.org\/{rel}","templated":true}]}}