{"id":1742952,"date":"2023-05-31T14:14:22","date_gmt":"2023-05-31T13:14:22","guid":{"rendered":"https:\/\/www.pressenza.com\/?p=1742952"},"modified":"2023-05-31T14:16:10","modified_gmt":"2023-05-31T13:16:10","slug":"come-arginare-lesodo-dalla-professione-educativa","status":"publish","type":"post","link":"https:\/\/www.pressenza.com\/it\/2023\/05\/come-arginare-lesodo-dalla-professione-educativa\/","title":{"rendered":"Come arginare l&#8217;esodo dalla professione educativa"},"content":{"rendered":"<p align=\"JUSTIFY\"><span style=\"color: #000000;\"><span style=\"font-family: Calibri, sans-serif;\"><span style=\"font-size: small;\">Si \u00e8 da poco conclusa l&#8217;<\/span><\/span><\/span><span style=\"color: #000000;\"><span style=\"font-family: Calibri, sans-serif;\"><span style=\"font-size: small;\"><b>Agor\u00e0 delle educatrici e degli educatori<\/b><\/span><\/span><\/span><span style=\"color: #000000;\"><span style=\"font-family: Calibri, sans-serif;\"><span style=\"font-size: small;\"> dal titolo: \u201c<\/span><\/span><\/span><em><span style=\"color: #000000;\"><span style=\"font-family: Calibri, sans-serif;\"><span style=\"font-size: small;\"><b>La dignit\u00e0 del lavoro educativo<\/b><\/span><\/span><\/span><\/em><span style=\"color: #000000;\"><span style=\"font-family: Calibri, sans-serif;\"><span style=\"font-size: small;\"><b>.<\/b><\/span><\/span><\/span><span style=\"color: #000000;\"><span style=\"font-family: Calibri, sans-serif;\"><span style=\"font-size: small;\">\u201d Tre giorni (<\/span><\/span><\/span><span style=\"color: #000000;\"><span style=\"font-family: Calibri, sans-serif;\"><span style=\"font-size: small;\"><b>Torino<\/b><\/span><\/span><\/span><span style=\"color: #000000;\"><span style=\"font-family: Calibri, sans-serif;\"><span style=\"font-size: small;\">, 25\/27 Maggio) di discussioni di gruppo e di assemblee promossi dalla rivista <\/span><\/span><\/span><span style=\"color: #000000;\"><span style=\"font-family: Calibri, sans-serif;\"><span style=\"font-size: small;\"><b>Animazione Sociale <\/b><\/span><\/span><\/span><span style=\"color: #000000;\"><span style=\"font-family: Calibri, sans-serif;\"><span style=\"font-size: small;\">per rilanciare la dignit\u00e0 di una professione che oggi vive una fase di crisi, ma di cui si ha sempre pi\u00f9 bisogno.<\/span><\/span><\/span><\/p>\n<p align=\"JUSTIFY\"><span style=\"color: #000000;\"><span style=\"font-family: Calibri, sans-serif;\"><span style=\"font-size: small;\">Sono molte le educatrici e gli educatori che desiderano oggi cambiare il destino della propria professione, ancora troppo poco riconosciuta a livello sociale ed economico. Paghe inadeguate (7,50 euro all\u2019ora, \u00e8 la professione con la retribuzione pi\u00f9 bassa tra quelle che richiedono un titolo di laurea), condizioni di lavoro precarie, una scarsa considerazione sociale (l\u2019opinione pubblica fatica a dare il giusto valore al lavoro dell\u2019educatore). Tutto ci\u00f2 sta provocando un esodo dalla professione educativa e un calo degli iscritti ai corsi di laurea per educatori (molte Universit\u00e0 non sono riuscite quest\u2019anno a riempire i posti a disposizione). Con la conseguenza che molti servizi fondamentali (educative domiciliari, comunit\u00e0 alloggio, centri diurni per persone con disabilit\u00e0, sostegni scolastici&#8230;) non stanno riuscendo a trovare professionisti educativi.<\/span><\/span><\/span><\/p>\n<p align=\"JUSTIFY\"><span style=\"color: #000000;\"><span style=\"font-family: Calibri, sans-serif;\"><span style=\"font-size: small;\">E in preparazione dell&#8217;<b>Agor\u00e0 delle educatrici e degli educatori <\/b>la rivista <b>Animazione Sociale<\/b> ha pensato di lanciare un sondaggio, per ascoltare direttamente la voce delle figure educative e per raccogliere dati che permettano di discutere il problema insieme a tutti gli <i>stakeholders<\/i> coinvolti: cittadinanza, enti di Terzo settore, enti locali, Regioni, Governo e sindacati.<\/span><\/span><\/span><\/p>\n<p align=\"JUSTIFY\"><span style=\"color: #000000;\"><span style=\"font-family: Calibri, sans-serif;\"><span style=\"font-size: small;\"><i><b>Dal sondaggio<\/b><\/i><\/span><\/span><\/span><span style=\"color: #000000;\"><span style=\"font-family: Calibri, sans-serif;\"><span style=\"font-size: small;\"> (circa 3.000 risposte)<\/span><\/span><\/span><span style=\"color: #000000;\"><span style=\"font-family: Calibri, sans-serif;\"><span style=\"font-size: small;\"><i><b> cosa emerge?<\/b><\/i><\/span><\/span><\/span><\/p>\n<p align=\"JUSTIFY\"><span style=\"color: #000000;\"><span style=\"font-family: Calibri, sans-serif;\"><span style=\"font-size: small;\">L<\/span><\/span><\/span><span style=\"color: #000000;\"><span style=\"font-family: Calibri, sans-serif;\"><span style=\"font-size: small;\">o scarso riconoscimento sociale della professione \u00e8 la causa di affaticamento per la maggioranza delle educatrici e degli educatori (68%), mentre il <\/span><\/span><\/span><span style=\"color: #000000;\"><span style=\"font-family: Calibri, sans-serif;\"><span style=\"font-size: small;\">63% sostiene che siano le condizioni contrattuali. Il 49% alla domanda: \u201c<\/span><\/span><\/span><span style=\"color: #000000;\"><span style=\"font-family: Calibri, sans-serif;\"><span style=\"font-size: small;\"><i>Quanto ti sta affaticando il non riuscire a prenderti cura in modo adeguato delle persone che ti sono affidate?<\/i><\/span><\/span><\/span><span style=\"color: #000000;\"><span style=\"font-family: Calibri, sans-serif;\"><span style=\"font-size: small;\">\u201d, risponde: <\/span><\/span><\/span><span style=\"color: #000000;\"><span style=\"font-family: Calibri, sans-serif;\"><span style=\"font-size: small;\"><i>\u201cmolto<\/i><\/span><\/span><\/span><span style=\"color: #000000;\"><span style=\"font-family: Calibri, sans-serif;\"><span style=\"font-size: small;\">\u201d. Il 44% degli educatori e delle educatrici si dice invece molto affaticato dai carichi di lavoro. <\/span><\/span><\/span><\/p>\n<p align=\"JUSTIFY\"><span style=\"color: #000000;\"><span style=\"font-family: Calibri, sans-serif;\"><span style=\"font-size: small;\">Alla domanda: <\/span><\/span><\/span><span style=\"color: #000000;\"><span style=\"font-family: Calibri, sans-serif;\"><span style=\"font-size: small;\"><i>\u201cLe tue aspettative rispetto alla professione di educatore\/educatrice si stanno realizzando?<\/i><\/span><\/span><\/span><span style=\"color: #000000;\"><span style=\"font-family: Calibri, sans-serif;\"><span style=\"font-size: small;\">\u201d solo il 17% risponde di s\u00ec, mentre il 64% dice \u201c<\/span><\/span><\/span><span style=\"color: #000000;\"><span style=\"font-family: Calibri, sans-serif;\"><span style=\"font-size: small;\"><i>solo in parte<\/i><\/span><\/span><\/span><span style=\"color: #000000;\"><span style=\"font-family: Calibri, sans-serif;\"><span style=\"font-size: small;\">\u201d e il 19% (quasi 1 su 5) dichiara <\/span><\/span><\/span><span style=\"color: #000000;\"><span style=\"font-family: Calibri, sans-serif;\"><span style=\"font-size: small;\"><i>\u201cno, per nulla<\/i><\/span><\/span><\/span><span style=\"color: #000000;\"><span style=\"font-family: Calibri, sans-serif;\"><span style=\"font-size: small;\">\u201d. Solo il 55% afferma che, se potesse tornare indietro, rifarebbe il percorso di studi per diventare educatore\/educatrice, mentre il 16% risponde di no e il 29% si dice incerto. Alla domanda: \u201c<\/span><\/span><\/span><span style=\"color: #000000;\"><span style=\"font-family: Calibri, sans-serif;\"><span style=\"font-size: small;\"><i>Dove ti vedi tra 5 anni?<\/i><\/span><\/span><\/span><span style=\"color: #000000;\"><span style=\"font-family: Calibri, sans-serif;\"><span style=\"font-size: small;\">\u201d il 27% dichiara: \u201c<\/span><\/span><\/span><span style=\"color: #000000;\"><span style=\"font-family: Calibri, sans-serif;\"><span style=\"font-size: small;\"><i>nella stessa condizione lavorativa<\/i><\/span><\/span><\/span><span style=\"color: #000000;\"><span style=\"font-family: Calibri, sans-serif;\"><span style=\"font-size: small;\">\u201d (non intravede quindi alcuna prospettiva di miglioramento o carriera), il 22% \u201c<\/span><\/span><\/span><span style=\"color: #000000;\"><span style=\"font-family: Calibri, sans-serif;\"><span style=\"font-size: small;\"><i>in un altro servizio o in un&#8217;altra organizzazione di tipo educativo<\/i><\/span><\/span><\/span><span style=\"color: #000000;\"><span style=\"font-family: Calibri, sans-serif;\"><span style=\"font-size: small;\">\u201d (segno dell&#8217;instabilit\u00e0 che ha assunto oggi il lavoro), il 13% \u201c<\/span><\/span><\/span><span style=\"color: #000000;\"><span style=\"font-family: Calibri, sans-serif;\"><span style=\"font-size: small;\"><i>in un ambito lavorativo non pi\u00f9 di tipo educativo<\/i><\/span><\/span><\/span><span style=\"color: #000000;\"><span style=\"font-family: Calibri, sans-serif;\"><span style=\"font-size: small;\">\u201d (\u00e8 la quota di educatori\/educatrici pronti a ingrossare le fila dell&#8217;esodo), mentre il 32% dichiara di vedersi in una funzione di maggiore responsabilit\u00e0 in ambito educativo (percentuale che sale al 40% per la fascia 21-40 anni).<\/span><\/span><\/span><\/p>\n<p align=\"JUSTIFY\"><span style=\"color: #000000;\"><span style=\"font-family: Calibri, sans-serif;\"><span style=\"font-size: small;\">Rispetto al rapporto con la propria organizzazione spiccano due dati: 8 educatori\/educatrici su 10 (il 79%) al proprio datore di lavoro chiederebbero (\u201cmolto\u201d) una maggiore retribuzione, 7 su 10 (\u201cmolto\u201d) percorsi di formazione di qualit\u00e0. Alla domanda: \u201c<\/span><\/span><\/span><span style=\"color: #000000;\"><span style=\"font-family: Calibri, sans-serif;\"><span style=\"font-size: small;\"><i>Cosa aiuterebbe oggi educatori ed educatrici a uscire dallo scoramento che attraversa la loro professione?<\/i><\/span><\/span><\/span><span style=\"color: #000000;\"><span style=\"font-family: Calibri, sans-serif;\"><span style=\"font-size: small;\">\u201d il 78% risponde (\u201cmolto\u201d) un contratto lavorativo pi\u00f9 adeguato ai compiti e alle responsabilit\u00e0, il 73% (\u201cmolto\u201d) una narrazione che permetta alla societ\u00e0 di capire chi \u00e8 e cosa fa l&#8217;educatore. Alla domanda: <\/span><\/span><\/span><span style=\"color: #000000;\"><span style=\"font-family: Calibri, sans-serif;\"><span style=\"font-size: small;\"><i>\u201cPerch\u00e9 hai scelto di fare l&#8217;educatore\/educatrice?<\/i><\/span><\/span><\/span><span style=\"color: #000000;\"><span style=\"font-family: Calibri, sans-serif;\"><span style=\"font-size: small;\">\u201d l&#8217;80% del campione risponde \u201c<\/span><\/span><\/span><span style=\"color: #000000;\"><span style=\"font-family: Calibri, sans-serif;\"><span style=\"font-size: small;\"><i>per motivi valoriali e di impegno sociale<\/i><\/span><\/span><\/span><span style=\"color: #000000;\"><span style=\"font-family: Calibri, sans-serif;\"><span style=\"font-size: small;\">\u201d, il 17% \u201c<\/span><\/span><\/span><span style=\"color: #000000;\"><span style=\"font-family: Calibri, sans-serif;\"><span style=\"font-size: small;\"><i>per una scelta tecnico-professionale<\/i><\/span><\/span><\/span><span style=\"color: #000000;\"><span style=\"font-family: Calibri, sans-serif;\"><span style=\"font-size: small;\">\u201d, il 3% \u201c<\/span><\/span><\/span><span style=\"color: #000000;\"><span style=\"font-family: Calibri, sans-serif;\"><span style=\"font-size: small;\"><i>per la facilit\u00e0 di trovare una occupazione<\/i><\/span><\/span><\/span><span style=\"color: #000000;\"><span style=\"font-family: Calibri, sans-serif;\"><span style=\"font-size: small;\">\u201d. La larga prevalenza delle ragioni valoriali e di impegno ci fa comprendere quale capitale di passione umana e civile stiamo rischiando di dilapidare se non si garantiranno al pi\u00f9 presto adeguate condizioni contrattuali e lavorative a educatori ed educatrici.<\/span><\/span><\/span><\/p>\n<p align=\"JUSTIFY\"><span style=\"color: #000000;\"><span style=\"font-family: Calibri, sans-serif;\"><span style=\"font-size: small;\"><i><b>Come uscire da questo diffuso senso di malessere che mette a repentaglio i servizi?<\/b><\/i><\/span><\/span><\/span><\/p>\n<p align=\"JUSTIFY\"><span style=\"color: #000000;\"><span style=\"font-family: Calibri, sans-serif;\"><span style=\"font-size: small;\">Dall&#8217;Agor\u00e0 sono emerse <\/span><\/span><\/span><span style=\"color: #000000;\"><span style=\"font-family: Calibri, sans-serif;\"><span style=\"font-size: small;\"><b>4 <\/b><\/span><\/span><\/span><span style=\"color: #000000;\"><span style=\"font-family: Calibri, sans-serif;\"><span style=\"font-size: small;\">piste di lavoro:<\/span><\/span><\/span><b> <\/b><\/p>\n<p align=\"JUSTIFY\"><span style=\"color: #000000;\"><span style=\"font-family: Calibri, sans-serif;\"><span style=\"font-size: small;\"><u><b>1<\/b><\/u><\/span><\/span><\/span><span style=\"color: #000000;\"><span style=\"font-family: Calibri, sans-serif;\"><span style=\"font-size: small;\"><u>.<\/u><\/span><\/span><\/span><span style=\"color: #000000;\"><span style=\"font-family: Calibri, sans-serif;\"><span style=\"font-size: small;\">\u201c<\/span><\/span><\/span><span style=\"color: #000000;\"><span style=\"font-family: Calibri, sans-serif;\"><span style=\"font-size: small;\"><b>Pensarsi insieme, non da soli\u201d<\/b><\/span><\/span><\/span><span style=\"color: #000000;\"><span style=\"font-family: Calibri, sans-serif;\"><span style=\"font-size: small;\">, nel senso che da soli si \u00e8 fragili, facilmente sotto scacco, costretti a soluzioni di ripiego per uscire dall&#8217;angolo. Insieme si pu\u00f2 invece essere pi\u00f9 influenti. <\/span><\/span><\/span><\/p>\n<ul>\n<li><span style=\"color: #000000;\"><span style=\"font-family: Calibri, sans-serif;\"><span style=\"font-size: small;\"><u><b>2.<\/b><\/u><\/span><\/span><\/span><span style=\"color: #000000;\"><span style=\"font-family: Calibri, sans-serif;\"><span style=\"font-size: small;\">\u201c<\/span><\/span><\/span><span style=\"color: #000000;\"><span style=\"font-family: Calibri, sans-serif;\"><span style=\"font-size: small;\"><b>Rendere pi\u00f9 visibile e comprensibile il lavoro educativo<\/b><\/span><\/span><\/span><span style=\"color: #000000;\"><span style=\"font-family: Calibri, sans-serif;\"><span style=\"font-size: small;\">\u201d. Il lavoro educativo non ha ancora assunto nell&#8217;immaginario collettivo lo statuto di lavoro, che come tale richiede competenza, conoscenza, metodo, studio, tecnica. Prevale l&#8217;idea dell&#8217;educatore come intrattenitore. Per uscire da questo schema di minorit\u00e0 si tratta allora di rendere pi\u00f9 visibile il profondo valore della professione educativa. La seconda pista di lavoro proposta all&#8217;Agor\u00e0 \u00e8 insomma una sfida culturale da portare avanti. <\/span><\/span><\/span><\/li>\n<li><span style=\"color: #000000;\"><span style=\"font-family: Calibri, sans-serif;\"><span style=\"font-size: small;\"><u><b>3.<\/b><\/u><\/span><\/span><\/span><span style=\"color: #000000;\"><span style=\"font-family: Calibri, sans-serif;\"><span style=\"font-size: small;\">\u201d<\/span><\/span><\/span><span style=\"color: #000000;\"><span style=\"font-family: Calibri, sans-serif;\"><span style=\"font-size: small;\"><b>Costruire alleanze, non confliggere tra poveri\u201d<\/b><\/span><\/span><\/span><span style=\"color: #000000;\"><span style=\"font-family: Calibri, sans-serif;\"><span style=\"font-size: small;\">. Molti educatori ed educatrici ravvisano nelle cooperative sociali \u201cil nemico\u201d, il \u201cpadrone\u201d che li maltratta e li sottopaga. <\/span><\/span><\/span><span style=\"color: #000000;\"><span style=\"font-family: Calibri, sans-serif;\"><span style=\"font-size: small;\"><i>Ma siamo sicuri che le cooperative siano il bersaglio giusto? <\/i><\/span><\/span><\/span><span style=\"color: #000000;\"><span style=\"font-family: Calibri, sans-serif;\"><span style=\"font-size: small;\">Al netto del malaffare, dello sfruttamento e delle illegalit\u00e0 e di operatori del <\/span><\/span><\/span><span style=\"color: #000000;\"><span style=\"font-family: Calibri, sans-serif;\"><span style=\"font-size: small;\"><i>welfare<\/i><\/span><\/span><\/span><span style=\"color: #000000;\"><span style=\"font-family: Calibri, sans-serif;\"><span style=\"font-size: small;\"> la cui gestione \u00e8 opaca e la finalit\u00e0 dubbia, gli stessi soggetti del sociale oggi lamentano la difficolt\u00e0 di sostenersi economicamente. I primi responsabili di questa situazione sono gli enti pubblici che bandiscono condizioni simili, ma gli enti pubblici a loro volta lamentano di avere risorse scarse per garantire i servizi e allora ricorrono ad appalti con la logica dell\u2019offerta economica pi\u00f9 vantaggiosa.<\/span><\/span><\/span><span style=\"color: #000000;\"><span style=\"font-family: Calibri, sans-serif;\"><span style=\"font-size: small;\"><b> \u00c8 il girone dantesco del <\/b><\/span><\/span><\/span><span style=\"color: #000000;\"><span style=\"font-family: Calibri, sans-serif;\"><span style=\"font-size: small;\"><i><b>welfare<\/b><\/i><\/span><\/span><\/span><span style=\"color: #000000;\"><span style=\"font-family: Calibri, sans-serif;\"><span style=\"font-size: small;\"><b> italiano<\/b><\/span><\/span><\/span><span style=\"color: #000000;\"><span style=\"font-family: Calibri, sans-serif;\"><span style=\"font-size: small;\">, dove chi sta sopra scarica su chi sta sotto la propria impotenza a cambiare le cose: gli enti locali sulle cooperative, le cooperative sugli educatori e al fondo della catena, chi ha oggi bisogno di un supporto educativo di qualit\u00e0 e rischia di non trovarlo. <\/span><\/span><\/span><span style=\"color: #000000;\"><span style=\"font-family: Calibri, sans-serif;\"><span style=\"font-size: small;\"><i>Ma in alto, sopra gli enti locali, c&#8217;\u00e8 ancora qualcuno?<\/i><\/span><\/span><\/span><span style=\"color: #000000;\"><span style=\"font-family: Calibri, sans-serif;\"><span style=\"font-size: small;\"> S\u00ec, c&#8217;\u00e8 lo Stato, ossia ci sono le scelte assunte dalla politica nazionale in questi anni. <\/span><\/span><\/span><\/li>\n<li><span style=\"color: #000000;\"><span style=\"font-family: Calibri, sans-serif;\"><span style=\"font-size: small;\"><u><b>4.<\/b><\/u><\/span><\/span><\/span><span style=\"color: #000000;\"><span style=\"font-family: Calibri, sans-serif;\"><span style=\"font-size: small;\">\u201c<\/span><\/span><\/span><span style=\"color: #000000;\"><span style=\"font-family: Calibri, sans-serif;\"><span style=\"font-size: small;\"><b>Non individualizzare, ma politicizzare la questione\u201d. <\/b><\/span><\/span><\/span><span style=\"color: #000000;\"><span style=\"font-family: Calibri, sans-serif;\"><span style=\"font-size: small;\">E&#8217;<\/span><\/span><\/span><b> <\/b><span style=\"color: #000000;\"><span style=\"font-family: Calibri, sans-serif;\"><span style=\"font-size: small;\">tempo di dedicarsi a costruire soluzioni collettive, non abbandonando i singoli ad arrangiarsi come possono n\u00e9 chiedendo agli educatori di supplire con il sacrificio di s\u00e9 a una carenza di politiche di<\/span><\/span><\/span><span style=\"color: #000000;\"><span style=\"font-family: Calibri, sans-serif;\"><span style=\"font-size: small;\"><i> welfare.<\/i><\/span><\/span><\/span><\/li>\n<\/ul>\n<p align=\"JUSTIFY\"><span style=\"color: #000000;\"><span style=\"font-family: Calibri, sans-serif;\"><span style=\"font-size: small;\"><u><b>Per approfondire<\/b><\/u><\/span><\/span><\/span><span style=\"color: #000000;\"><span style=\"font-family: Calibri, sans-serif;\"><span style=\"font-size: small;\">: <\/span><\/span><\/span><a href=\"https:\/\/www.animazionesociale.it\/it-schede-3372-dignita_del_lavoro_educativo\"><span style=\"font-family: Calibri, sans-serif;\"><span style=\"font-size: small;\">https:\/\/www.animazionesociale.it\/it-schede-3372-dignita_del_lavoro_educativo<\/span><\/span><\/a><span style=\"color: #000000;\"><span style=\"font-family: Calibri, sans-serif;\"><span style=\"font-size: small;\">. <\/span><\/span><\/span><\/p>\n","protected":false},"excerpt":{"rendered":"<p>Si \u00e8 da poco conclusa l&#8217;Agor\u00e0 delle educatrici e degli educatori dal titolo: \u201cLa dignit\u00e0 del lavoro educativo.\u201d Tre giorni (Torino, 25\/27 Maggio) di discussioni di gruppo e di assemblee promossi dalla rivista Animazione Sociale per rilanciare la dignit\u00e0 di&hellip;<\/p>\n","protected":false},"author":2106,"featured_media":1742958,"comment_status":"closed","ping_status":"closed","sticky":false,"template":"","format":"standard","meta":{"footnotes":""},"categories":[11388,1258,47],"tags":[73453,4499,16327,3011],"class_list":["post-1742952","post","type-post","status-publish","format-standard","has-post-thumbnail","hentry","category-contenuti-originali","category-educazione","category-europa","tag-educatori","tag-educazione-2","tag-insegnanti","tag-scuola"],"yoast_head":"<!-- This site is optimized with the Yoast SEO plugin v27.1.1 - https:\/\/yoast.com\/product\/yoast-seo-wordpress\/ -->\n<title>Come arginare l&#039;esodo dalla professione educativa<\/title>\n<meta name=\"description\" content=\"Si \u00e8 conclusa l&#039;Agor\u00e0 delle educatrici e degli educatori \u201cLa dignit\u00e0 del lavoro educativo\u201d, tre giorni di discussioni di gruppo e di assemblee per rilanciare la dignit\u00e0 di una professione oggi in crisi, ma di cui si ha sempre pi\u00f9 bisogno\" \/>\n<meta name=\"robots\" content=\"index, follow, max-snippet:-1, max-image-preview:large, max-video-preview:-1\" \/>\n<link rel=\"canonical\" href=\"https:\/\/www.pressenza.com\/it\/2023\/05\/come-arginare-lesodo-dalla-professione-educativa\/\" \/>\n<meta property=\"og:locale\" content=\"it_IT\" \/>\n<meta property=\"og:type\" content=\"article\" \/>\n<meta property=\"og:title\" content=\"Come arginare l&#039;esodo dalla professione educativa\" \/>\n<meta property=\"og:description\" content=\"Si \u00e8 conclusa l&#039;Agor\u00e0 delle educatrici e degli educatori \u201cLa dignit\u00e0 del lavoro educativo\u201d, tre giorni di discussioni di gruppo e di assemblee per rilanciare la dignit\u00e0 di una professione oggi in crisi, ma di cui si ha sempre pi\u00f9 bisogno\" \/>\n<meta property=\"og:url\" content=\"https:\/\/www.pressenza.com\/it\/2023\/05\/come-arginare-lesodo-dalla-professione-educativa\/\" \/>\n<meta property=\"og:site_name\" content=\"Pressenza\" \/>\n<meta property=\"article:publisher\" content=\"https:\/\/www.facebook.com\/PressenzaItalia\" \/>\n<meta property=\"article:published_time\" content=\"2023-05-31T13:14:22+00:00\" \/>\n<meta property=\"article:modified_time\" content=\"2023-05-31T13:16:10+00:00\" \/>\n<meta property=\"og:image\" content=\"https:\/\/www.pressenza.com\/wp-content\/uploads\/2023\/05\/foto-di-Comune-Info-insegnanti-per-la-cittadinanza.jpg\" \/>\n\t<meta property=\"og:image:width\" content=\"779\" \/>\n\t<meta property=\"og:image:height\" content=\"524\" \/>\n\t<meta property=\"og:image:type\" content=\"image\/jpeg\" \/>\n<meta name=\"author\" content=\"Giovanni Caprio\" \/>\n<meta name=\"twitter:card\" content=\"summary_large_image\" \/>\n<meta name=\"twitter:creator\" content=\"@PressenzaIPA\" \/>\n<meta name=\"twitter:site\" content=\"@PressenzaIPA\" \/>\n<meta name=\"twitter:label1\" content=\"Scritto da\" \/>\n\t<meta name=\"twitter:data1\" content=\"Giovanni Caprio\" \/>\n\t<meta name=\"twitter:label2\" content=\"Tempo di lettura stimato\" \/>\n\t<meta name=\"twitter:data2\" content=\"6 minuti\" \/>\n<script type=\"application\/ld+json\" class=\"yoast-schema-graph\">{\"@context\":\"https:\/\/schema.org\",\"@graph\":[{\"@type\":\"Article\",\"@id\":\"https:\/\/www.pressenza.com\/it\/2023\/05\/come-arginare-lesodo-dalla-professione-educativa\/#article\",\"isPartOf\":{\"@id\":\"https:\/\/www.pressenza.com\/it\/2023\/05\/come-arginare-lesodo-dalla-professione-educativa\/\"},\"author\":{\"name\":\"Giovanni Caprio\",\"@id\":\"https:\/\/www.pressenza.com\/it\/#\/schema\/person\/841c36a613f4f6e80f5fbc9c1f8c32c8\"},\"headline\":\"Come arginare l&#8217;esodo dalla professione educativa\",\"datePublished\":\"2023-05-31T13:14:22+00:00\",\"dateModified\":\"2023-05-31T13:16:10+00:00\",\"mainEntityOfPage\":{\"@id\":\"https:\/\/www.pressenza.com\/it\/2023\/05\/come-arginare-lesodo-dalla-professione-educativa\/\"},\"wordCount\":978,\"publisher\":{\"@id\":\"https:\/\/www.pressenza.com\/it\/#organization\"},\"image\":{\"@id\":\"https:\/\/www.pressenza.com\/it\/2023\/05\/come-arginare-lesodo-dalla-professione-educativa\/#primaryimage\"},\"thumbnailUrl\":\"https:\/\/www.pressenza.com\/wp-content\/uploads\/2023\/05\/foto-di-Comune-Info-insegnanti-per-la-cittadinanza.jpg\",\"keywords\":[\"educatori\",\"educazione\",\"insegnanti\",\"scuola\"],\"articleSection\":[\"contenuti originali\",\"Educazione\",\"Europa\"],\"inLanguage\":\"it-IT\"},{\"@type\":\"WebPage\",\"@id\":\"https:\/\/www.pressenza.com\/it\/2023\/05\/come-arginare-lesodo-dalla-professione-educativa\/\",\"url\":\"https:\/\/www.pressenza.com\/it\/2023\/05\/come-arginare-lesodo-dalla-professione-educativa\/\",\"name\":\"Come arginare l'esodo dalla professione educativa\",\"isPartOf\":{\"@id\":\"https:\/\/www.pressenza.com\/it\/#website\"},\"primaryImageOfPage\":{\"@id\":\"https:\/\/www.pressenza.com\/it\/2023\/05\/come-arginare-lesodo-dalla-professione-educativa\/#primaryimage\"},\"image\":{\"@id\":\"https:\/\/www.pressenza.com\/it\/2023\/05\/come-arginare-lesodo-dalla-professione-educativa\/#primaryimage\"},\"thumbnailUrl\":\"https:\/\/www.pressenza.com\/wp-content\/uploads\/2023\/05\/foto-di-Comune-Info-insegnanti-per-la-cittadinanza.jpg\",\"datePublished\":\"2023-05-31T13:14:22+00:00\",\"dateModified\":\"2023-05-31T13:16:10+00:00\",\"description\":\"Si \u00e8 conclusa l'Agor\u00e0 delle educatrici e degli educatori \u201cLa dignit\u00e0 del lavoro educativo\u201d, tre giorni di discussioni di gruppo e di assemblee per rilanciare la dignit\u00e0 di una professione oggi in crisi, ma di cui si ha sempre pi\u00f9 bisogno\",\"breadcrumb\":{\"@id\":\"https:\/\/www.pressenza.com\/it\/2023\/05\/come-arginare-lesodo-dalla-professione-educativa\/#breadcrumb\"},\"inLanguage\":\"it-IT\",\"potentialAction\":[{\"@type\":\"ReadAction\",\"target\":[\"https:\/\/www.pressenza.com\/it\/2023\/05\/come-arginare-lesodo-dalla-professione-educativa\/\"]}]},{\"@type\":\"ImageObject\",\"inLanguage\":\"it-IT\",\"@id\":\"https:\/\/www.pressenza.com\/it\/2023\/05\/come-arginare-lesodo-dalla-professione-educativa\/#primaryimage\",\"url\":\"https:\/\/www.pressenza.com\/wp-content\/uploads\/2023\/05\/foto-di-Comune-Info-insegnanti-per-la-cittadinanza.jpg\",\"contentUrl\":\"https:\/\/www.pressenza.com\/wp-content\/uploads\/2023\/05\/foto-di-Comune-Info-insegnanti-per-la-cittadinanza.jpg\",\"width\":779,\"height\":524},{\"@type\":\"BreadcrumbList\",\"@id\":\"https:\/\/www.pressenza.com\/it\/2023\/05\/come-arginare-lesodo-dalla-professione-educativa\/#breadcrumb\",\"itemListElement\":[{\"@type\":\"ListItem\",\"position\":1,\"name\":\"Accueil\",\"item\":\"https:\/\/www.pressenza.com\/it\/\"},{\"@type\":\"ListItem\",\"position\":2,\"name\":\"Come arginare l&#8217;esodo dalla professione educativa\"}]},{\"@type\":\"WebSite\",\"@id\":\"https:\/\/www.pressenza.com\/it\/#website\",\"url\":\"https:\/\/www.pressenza.com\/it\/\",\"name\":\"Pressenza\",\"description\":\"Agenzia di Stampa Internazionale\",\"publisher\":{\"@id\":\"https:\/\/www.pressenza.com\/it\/#organization\"},\"potentialAction\":[{\"@type\":\"SearchAction\",\"target\":{\"@type\":\"EntryPoint\",\"urlTemplate\":\"https:\/\/www.pressenza.com\/it\/?s={search_term_string}\"},\"query-input\":{\"@type\":\"PropertyValueSpecification\",\"valueRequired\":true,\"valueName\":\"search_term_string\"}}],\"inLanguage\":\"it-IT\"},{\"@type\":\"Organization\",\"@id\":\"https:\/\/www.pressenza.com\/it\/#organization\",\"name\":\"Pressenza\",\"url\":\"https:\/\/www.pressenza.com\/it\/\",\"logo\":{\"@type\":\"ImageObject\",\"inLanguage\":\"it-IT\",\"@id\":\"https:\/\/www.pressenza.com\/it\/#\/schema\/logo\/image\/\",\"url\":\"https:\/\/www.pressenza.com\/wp-content\/uploads\/2022\/10\/pressenza_logo_200x200.jpg\",\"contentUrl\":\"https:\/\/www.pressenza.com\/wp-content\/uploads\/2022\/10\/pressenza_logo_200x200.jpg\",\"width\":200,\"height\":200,\"caption\":\"Pressenza\"},\"image\":{\"@id\":\"https:\/\/www.pressenza.com\/it\/#\/schema\/logo\/image\/\"},\"sameAs\":[\"https:\/\/www.facebook.com\/PressenzaItalia\",\"https:\/\/x.com\/PressenzaIPA\"]},{\"@type\":\"Person\",\"@id\":\"https:\/\/www.pressenza.com\/it\/#\/schema\/person\/841c36a613f4f6e80f5fbc9c1f8c32c8\",\"name\":\"Giovanni Caprio\",\"description\":\"Pubblicista, gi\u00e0 dirigente di istituzioni pubbliche e di fondazioni private. Si occupa di beni comuni, partecipazione e governo del territorio.\",\"url\":\"https:\/\/www.pressenza.com\/it\/author\/giovanni-caprio\/\"}]}<\/script>\n<!-- \/ Yoast SEO plugin. -->","yoast_head_json":{"title":"Come arginare l'esodo dalla professione educativa","description":"Si \u00e8 conclusa l'Agor\u00e0 delle educatrici e degli educatori \u201cLa dignit\u00e0 del lavoro educativo\u201d, tre giorni di discussioni di gruppo e di assemblee per rilanciare la dignit\u00e0 di una professione oggi in crisi, ma di cui si ha sempre pi\u00f9 bisogno","robots":{"index":"index","follow":"follow","max-snippet":"max-snippet:-1","max-image-preview":"max-image-preview:large","max-video-preview":"max-video-preview:-1"},"canonical":"https:\/\/www.pressenza.com\/it\/2023\/05\/come-arginare-lesodo-dalla-professione-educativa\/","og_locale":"it_IT","og_type":"article","og_title":"Come arginare l'esodo dalla professione educativa","og_description":"Si \u00e8 conclusa l'Agor\u00e0 delle educatrici e degli educatori \u201cLa dignit\u00e0 del lavoro educativo\u201d, tre giorni di discussioni di gruppo e di assemblee per rilanciare la dignit\u00e0 di una professione oggi in crisi, ma di cui si ha sempre pi\u00f9 bisogno","og_url":"https:\/\/www.pressenza.com\/it\/2023\/05\/come-arginare-lesodo-dalla-professione-educativa\/","og_site_name":"Pressenza","article_publisher":"https:\/\/www.facebook.com\/PressenzaItalia","article_published_time":"2023-05-31T13:14:22+00:00","article_modified_time":"2023-05-31T13:16:10+00:00","og_image":[{"width":779,"height":524,"url":"https:\/\/www.pressenza.com\/wp-content\/uploads\/2023\/05\/foto-di-Comune-Info-insegnanti-per-la-cittadinanza.jpg","type":"image\/jpeg"}],"author":"Giovanni Caprio","twitter_card":"summary_large_image","twitter_creator":"@PressenzaIPA","twitter_site":"@PressenzaIPA","twitter_misc":{"Scritto da":"Giovanni Caprio","Tempo di lettura stimato":"6 minuti"},"schema":{"@context":"https:\/\/schema.org","@graph":[{"@type":"Article","@id":"https:\/\/www.pressenza.com\/it\/2023\/05\/come-arginare-lesodo-dalla-professione-educativa\/#article","isPartOf":{"@id":"https:\/\/www.pressenza.com\/it\/2023\/05\/come-arginare-lesodo-dalla-professione-educativa\/"},"author":{"name":"Giovanni Caprio","@id":"https:\/\/www.pressenza.com\/it\/#\/schema\/person\/841c36a613f4f6e80f5fbc9c1f8c32c8"},"headline":"Come arginare l&#8217;esodo dalla professione educativa","datePublished":"2023-05-31T13:14:22+00:00","dateModified":"2023-05-31T13:16:10+00:00","mainEntityOfPage":{"@id":"https:\/\/www.pressenza.com\/it\/2023\/05\/come-arginare-lesodo-dalla-professione-educativa\/"},"wordCount":978,"publisher":{"@id":"https:\/\/www.pressenza.com\/it\/#organization"},"image":{"@id":"https:\/\/www.pressenza.com\/it\/2023\/05\/come-arginare-lesodo-dalla-professione-educativa\/#primaryimage"},"thumbnailUrl":"https:\/\/www.pressenza.com\/wp-content\/uploads\/2023\/05\/foto-di-Comune-Info-insegnanti-per-la-cittadinanza.jpg","keywords":["educatori","educazione","insegnanti","scuola"],"articleSection":["contenuti originali","Educazione","Europa"],"inLanguage":"it-IT"},{"@type":"WebPage","@id":"https:\/\/www.pressenza.com\/it\/2023\/05\/come-arginare-lesodo-dalla-professione-educativa\/","url":"https:\/\/www.pressenza.com\/it\/2023\/05\/come-arginare-lesodo-dalla-professione-educativa\/","name":"Come arginare l'esodo dalla professione educativa","isPartOf":{"@id":"https:\/\/www.pressenza.com\/it\/#website"},"primaryImageOfPage":{"@id":"https:\/\/www.pressenza.com\/it\/2023\/05\/come-arginare-lesodo-dalla-professione-educativa\/#primaryimage"},"image":{"@id":"https:\/\/www.pressenza.com\/it\/2023\/05\/come-arginare-lesodo-dalla-professione-educativa\/#primaryimage"},"thumbnailUrl":"https:\/\/www.pressenza.com\/wp-content\/uploads\/2023\/05\/foto-di-Comune-Info-insegnanti-per-la-cittadinanza.jpg","datePublished":"2023-05-31T13:14:22+00:00","dateModified":"2023-05-31T13:16:10+00:00","description":"Si \u00e8 conclusa l'Agor\u00e0 delle educatrici e degli educatori \u201cLa dignit\u00e0 del lavoro educativo\u201d, tre giorni di discussioni di gruppo e di assemblee per rilanciare la dignit\u00e0 di una professione oggi in crisi, ma di cui si ha sempre pi\u00f9 bisogno","breadcrumb":{"@id":"https:\/\/www.pressenza.com\/it\/2023\/05\/come-arginare-lesodo-dalla-professione-educativa\/#breadcrumb"},"inLanguage":"it-IT","potentialAction":[{"@type":"ReadAction","target":["https:\/\/www.pressenza.com\/it\/2023\/05\/come-arginare-lesodo-dalla-professione-educativa\/"]}]},{"@type":"ImageObject","inLanguage":"it-IT","@id":"https:\/\/www.pressenza.com\/it\/2023\/05\/come-arginare-lesodo-dalla-professione-educativa\/#primaryimage","url":"https:\/\/www.pressenza.com\/wp-content\/uploads\/2023\/05\/foto-di-Comune-Info-insegnanti-per-la-cittadinanza.jpg","contentUrl":"https:\/\/www.pressenza.com\/wp-content\/uploads\/2023\/05\/foto-di-Comune-Info-insegnanti-per-la-cittadinanza.jpg","width":779,"height":524},{"@type":"BreadcrumbList","@id":"https:\/\/www.pressenza.com\/it\/2023\/05\/come-arginare-lesodo-dalla-professione-educativa\/#breadcrumb","itemListElement":[{"@type":"ListItem","position":1,"name":"Accueil","item":"https:\/\/www.pressenza.com\/it\/"},{"@type":"ListItem","position":2,"name":"Come arginare l&#8217;esodo dalla professione educativa"}]},{"@type":"WebSite","@id":"https:\/\/www.pressenza.com\/it\/#website","url":"https:\/\/www.pressenza.com\/it\/","name":"Pressenza","description":"Agenzia di Stampa Internazionale","publisher":{"@id":"https:\/\/www.pressenza.com\/it\/#organization"},"potentialAction":[{"@type":"SearchAction","target":{"@type":"EntryPoint","urlTemplate":"https:\/\/www.pressenza.com\/it\/?s={search_term_string}"},"query-input":{"@type":"PropertyValueSpecification","valueRequired":true,"valueName":"search_term_string"}}],"inLanguage":"it-IT"},{"@type":"Organization","@id":"https:\/\/www.pressenza.com\/it\/#organization","name":"Pressenza","url":"https:\/\/www.pressenza.com\/it\/","logo":{"@type":"ImageObject","inLanguage":"it-IT","@id":"https:\/\/www.pressenza.com\/it\/#\/schema\/logo\/image\/","url":"https:\/\/www.pressenza.com\/wp-content\/uploads\/2022\/10\/pressenza_logo_200x200.jpg","contentUrl":"https:\/\/www.pressenza.com\/wp-content\/uploads\/2022\/10\/pressenza_logo_200x200.jpg","width":200,"height":200,"caption":"Pressenza"},"image":{"@id":"https:\/\/www.pressenza.com\/it\/#\/schema\/logo\/image\/"},"sameAs":["https:\/\/www.facebook.com\/PressenzaItalia","https:\/\/x.com\/PressenzaIPA"]},{"@type":"Person","@id":"https:\/\/www.pressenza.com\/it\/#\/schema\/person\/841c36a613f4f6e80f5fbc9c1f8c32c8","name":"Giovanni Caprio","description":"Pubblicista, gi\u00e0 dirigente di istituzioni pubbliche e di fondazioni private. Si occupa di beni comuni, partecipazione e governo del territorio.","url":"https:\/\/www.pressenza.com\/it\/author\/giovanni-caprio\/"}]}},"place":"","original_article_url":"","_links":{"self":[{"href":"https:\/\/www.pressenza.com\/it\/wp-json\/wp\/v2\/posts\/1742952","targetHints":{"allow":["GET"]}}],"collection":[{"href":"https:\/\/www.pressenza.com\/it\/wp-json\/wp\/v2\/posts"}],"about":[{"href":"https:\/\/www.pressenza.com\/it\/wp-json\/wp\/v2\/types\/post"}],"author":[{"embeddable":true,"href":"https:\/\/www.pressenza.com\/it\/wp-json\/wp\/v2\/users\/2106"}],"replies":[{"embeddable":true,"href":"https:\/\/www.pressenza.com\/it\/wp-json\/wp\/v2\/comments?post=1742952"}],"version-history":[{"count":0,"href":"https:\/\/www.pressenza.com\/it\/wp-json\/wp\/v2\/posts\/1742952\/revisions"}],"wp:featuredmedia":[{"embeddable":true,"href":"https:\/\/www.pressenza.com\/it\/wp-json\/wp\/v2\/media\/1742958"}],"wp:attachment":[{"href":"https:\/\/www.pressenza.com\/it\/wp-json\/wp\/v2\/media?parent=1742952"}],"wp:term":[{"taxonomy":"category","embeddable":true,"href":"https:\/\/www.pressenza.com\/it\/wp-json\/wp\/v2\/categories?post=1742952"},{"taxonomy":"post_tag","embeddable":true,"href":"https:\/\/www.pressenza.com\/it\/wp-json\/wp\/v2\/tags?post=1742952"}],"curies":[{"name":"wp","href":"https:\/\/api.w.org\/{rel}","templated":true}]}}