{"id":1739391,"date":"2023-05-15T16:04:32","date_gmt":"2023-05-15T15:04:32","guid":{"rendered":"https:\/\/www.pressenza.com\/?p=1739391"},"modified":"2023-05-15T16:07:04","modified_gmt":"2023-05-15T15:07:04","slug":"turchia-lopposizione-impone-il-ballottaggio-a-erdogan-28-maggio-giorno-della-verita","status":"publish","type":"post","link":"https:\/\/www.pressenza.com\/it\/2023\/05\/turchia-lopposizione-impone-il-ballottaggio-a-erdogan-28-maggio-giorno-della-verita\/","title":{"rendered":"Turchia, l\u2019opposizione impone il ballottaggio a Erdogan: 28 maggio, giorno della verit\u00e0"},"content":{"rendered":"<p>In un Paese come la\u00a0<strong>Turchia<\/strong>, dove l\u2019indice di democrazia \u00e8 tra i pi\u00f9 bassi al mondo e gli oppositori pi\u00f9 ostici finiscono in galera, gi\u00e0 il ballottaggio \u00e8 un evento eccezionale.<\/p>\n<p>Il presidente turco\u00a0<strong>Recep Tayyip Erdogan<\/strong>, che ha governato il suo Paese con una presa repressiva e autocratica, sempre pi\u00f9 ferma nel corso dei suoi 20 anni di potere, per la prima volta \u00e8 stato \u201cfermato\u201d sulla soglia del 49,60% in una serrata corsa elettorale.<\/p>\n<p>Il candidato\u00a0<strong>Kemal Kilicdaroglu<\/strong>, che era stato dato in testa nei sondaggi, ha costretto il presidente turco al secondo turno. Non era mai accaduto che\u00a0<strong>Erdogan<\/strong> non riuscisse a imporsi al primo colpo, anche se rivendica una \u201cnetta maggioranza in Parlamento\u201d. Lo sfidante,\u00a0<strong>Kilicdaroglu<\/strong>, \u00e8 staccato di quasi 5 punti, ma si dice sicuro della vittoria finale. A fare la differenza sar\u00e0 quel 5% dell\u2019outsider nazionalista Ogan.<\/p>\n<p>Il risultato finale, atteso tra due settimane, determiner\u00e0 se il paese alleato della\u00a0<strong>Nato<\/strong>, a cavallo tra\u00a0<strong>Europa<\/strong>\u00a0e Asia e al confine con Siria e Iran, rester\u00e0 sotto il controllo autoritario di\u00a0<strong>Erdogan<\/strong>\u00a0o riprender\u00e0 il percorso democratico promesso dal suo principale rivale e leader dell\u2019opposizione.<\/p>\n<p>Durante il suo ultimo comincio con i suoi sostenitori ad\u00a0<strong>Ankara<\/strong>, il sessantanovenne capo di stato ha affermato di poter vincere ma che rispetter\u00e0 \u201cla decisione della nazione\u201d, qualunque essa sia.<\/p>\n<p>Al ballottaggio peseranno anche le preferenze espresse dai turchi che vivono in altri paesi. Nel 2018 Erdogan aveva ottenuto il 60% dei voti all\u2019estero.<\/p>\n<p>Le elezioni di quest\u2019anno si sono concentrate in gran parte sulle questioni interne come l\u2019economia, i diritti civili e le conseguenze del terremoto dello scorso febbraio che ha ucciso pi\u00f9 di 50.000 persone. L\u2019esito delle presidenziali \u00e8 atteso anche dalle nazioni occidentali e soprattutto dagli investitori stranieri, che temono contraccolpi con la fine dell\u2019era Erdogan.<\/p>\n<p>Chi invece auspica la caduta di un regime ammantato di apparente legittimazione democratica sono le tante organizzazioni in difesa dei diritti umani e della libert\u00e0 di pensiero impegnate da sempre a contrastare le violazioni e i bavagli imposti da Erdogan, tra cui Articolo 21.<\/p>\n<p>In queste ore pensiamo a \u00a0Ebru Timtik, Helin Bolek e Mustafa Kocak, perseguitati per anni dalla magistratura \u201cerdoganizzata\u201d insieme a centinaia di giornalisti, deputati, attivisti inseriti nella lista senza fine dei nemici dello Stato, detenuti o condannati dopo processi senza prove. Per difendere i loro diritti e protestare contro i soprusi subiti si sono lasciati morire attuando lo sciopero della fame.<\/p>\n<p>Vogliamo credere che tutti i turchi al voto abbiano ripensato a loro, rivisto i loro volti scavati prima dell\u2019ultimo respiro e abbiano trovato la forza e il coraggio di cambiare.<\/p>\n<p>Il 28 maggio sar\u00e0 il giorno della verit\u00e0. E, ci auguriamo, della \u201cliberazione\u201d.<\/p>\n<p>&nbsp;<\/p>\n","protected":false},"excerpt":{"rendered":"<p>In un Paese come la\u00a0Turchia, dove l\u2019indice di democrazia \u00e8 tra i pi\u00f9 bassi al mondo e gli oppositori pi\u00f9 ostici finiscono in galera, gi\u00e0 il ballottaggio \u00e8 un evento eccezionale. Il presidente turco\u00a0Recep Tayyip Erdogan, che ha governato il&hellip;<\/p>\n","protected":false},"author":1469,"featured_media":1739392,"comment_status":"closed","ping_status":"closed","sticky":false,"template":"","format":"standard","meta":{"footnotes":""},"categories":[52,55],"tags":[36886,616,112838,60166,1100],"class_list":["post-1739391","post","type-post","status-publish","format-standard","has-post-thumbnail","hentry","category-medio-oriente","category-politica","tag-ballottaggio","tag-elezioni","tag-kemal-kilicdaroglu-it","tag-recep-tayyip-erdogan-it","tag-turchia"],"yoast_head":"<!-- This site is optimized with the Yoast SEO plugin v27.1.1 - https:\/\/yoast.com\/product\/yoast-seo-wordpress\/ -->\n<title>Turchia, l\u2019opposizione impone il ballottaggio a Erdogan: 28 maggio, giorno della verit\u00e0<\/title>\n<meta name=\"description\" content=\"In un Paese come la\u00a0Turchia, dove l\u2019indice di democrazia \u00e8 tra i pi\u00f9 bassi al mondo e gli oppositori pi\u00f9 ostici finiscono in galera, gi\u00e0 il ballottaggio \u00e8\" \/>\n<meta name=\"robots\" content=\"index, follow, max-snippet:-1, max-image-preview:large, max-video-preview:-1\" \/>\n<link rel=\"canonical\" href=\"https:\/\/www.pressenza.com\/it\/2023\/05\/turchia-lopposizione-impone-il-ballottaggio-a-erdogan-28-maggio-giorno-della-verita\/\" \/>\n<meta property=\"og:locale\" content=\"it_IT\" \/>\n<meta property=\"og:type\" content=\"article\" \/>\n<meta property=\"og:title\" content=\"Turchia, l\u2019opposizione impone il ballottaggio a Erdogan: 28 maggio, giorno della verit\u00e0\" \/>\n<meta property=\"og:description\" content=\"In un Paese come la\u00a0Turchia, dove l\u2019indice di democrazia \u00e8 tra i pi\u00f9 bassi al mondo e gli oppositori pi\u00f9 ostici finiscono in galera, gi\u00e0 il ballottaggio \u00e8\" \/>\n<meta property=\"og:url\" content=\"https:\/\/www.pressenza.com\/it\/2023\/05\/turchia-lopposizione-impone-il-ballottaggio-a-erdogan-28-maggio-giorno-della-verita\/\" \/>\n<meta property=\"og:site_name\" content=\"Pressenza\" \/>\n<meta property=\"article:publisher\" content=\"https:\/\/www.facebook.com\/PressenzaItalia\" \/>\n<meta property=\"article:published_time\" content=\"2023-05-15T15:04:32+00:00\" \/>\n<meta property=\"article:modified_time\" content=\"2023-05-15T15:07:04+00:00\" \/>\n<meta property=\"og:image\" content=\"https:\/\/www.pressenza.com\/wp-content\/uploads\/2023\/05\/dati-elezioni-turche-2023.jpeg\" \/>\n\t<meta property=\"og:image:width\" content=\"1170\" \/>\n\t<meta property=\"og:image:height\" content=\"1061\" \/>\n\t<meta property=\"og:image:type\" content=\"image\/jpeg\" \/>\n<meta name=\"author\" content=\"Articolo 21\" \/>\n<meta name=\"twitter:card\" content=\"summary_large_image\" \/>\n<meta name=\"twitter:creator\" content=\"@PressenzaIPA\" \/>\n<meta name=\"twitter:site\" content=\"@PressenzaIPA\" \/>\n<meta name=\"twitter:label1\" content=\"Scritto da\" \/>\n\t<meta name=\"twitter:data1\" content=\"Articolo 21\" \/>\n\t<meta name=\"twitter:label2\" content=\"Tempo di lettura stimato\" \/>\n\t<meta name=\"twitter:data2\" content=\"3 minuti\" \/>\n<script type=\"application\/ld+json\" class=\"yoast-schema-graph\">{\"@context\":\"https:\/\/schema.org\",\"@graph\":[{\"@type\":\"Article\",\"@id\":\"https:\/\/www.pressenza.com\/it\/2023\/05\/turchia-lopposizione-impone-il-ballottaggio-a-erdogan-28-maggio-giorno-della-verita\/#article\",\"isPartOf\":{\"@id\":\"https:\/\/www.pressenza.com\/it\/2023\/05\/turchia-lopposizione-impone-il-ballottaggio-a-erdogan-28-maggio-giorno-della-verita\/\"},\"author\":{\"name\":\"Articolo 21\",\"@id\":\"https:\/\/www.pressenza.com\/it\/#\/schema\/person\/08ea736e2bdeb73186ff26f6bee319d8\"},\"headline\":\"Turchia, l\u2019opposizione impone il ballottaggio a Erdogan: 28 maggio, giorno della verit\u00e0\",\"datePublished\":\"2023-05-15T15:04:32+00:00\",\"dateModified\":\"2023-05-15T15:07:04+00:00\",\"mainEntityOfPage\":{\"@id\":\"https:\/\/www.pressenza.com\/it\/2023\/05\/turchia-lopposizione-impone-il-ballottaggio-a-erdogan-28-maggio-giorno-della-verita\/\"},\"wordCount\":457,\"publisher\":{\"@id\":\"https:\/\/www.pressenza.com\/it\/#organization\"},\"image\":{\"@id\":\"https:\/\/www.pressenza.com\/it\/2023\/05\/turchia-lopposizione-impone-il-ballottaggio-a-erdogan-28-maggio-giorno-della-verita\/#primaryimage\"},\"thumbnailUrl\":\"https:\/\/www.pressenza.com\/wp-content\/uploads\/2023\/05\/dati-elezioni-turche-2023.jpeg\",\"keywords\":[\"ballottaggio\",\"elezioni\",\"Kemal K\u0131l\u0131\u00e7daro\u011flu\",\"Recep Tayyip Erdogan\",\"Turchia\"],\"articleSection\":[\"Medio Oriente\",\"Politica\"],\"inLanguage\":\"it-IT\"},{\"@type\":\"WebPage\",\"@id\":\"https:\/\/www.pressenza.com\/it\/2023\/05\/turchia-lopposizione-impone-il-ballottaggio-a-erdogan-28-maggio-giorno-della-verita\/\",\"url\":\"https:\/\/www.pressenza.com\/it\/2023\/05\/turchia-lopposizione-impone-il-ballottaggio-a-erdogan-28-maggio-giorno-della-verita\/\",\"name\":\"Turchia, l\u2019opposizione impone il ballottaggio a Erdogan: 28 maggio, giorno della verit\u00e0\",\"isPartOf\":{\"@id\":\"https:\/\/www.pressenza.com\/it\/#website\"},\"primaryImageOfPage\":{\"@id\":\"https:\/\/www.pressenza.com\/it\/2023\/05\/turchia-lopposizione-impone-il-ballottaggio-a-erdogan-28-maggio-giorno-della-verita\/#primaryimage\"},\"image\":{\"@id\":\"https:\/\/www.pressenza.com\/it\/2023\/05\/turchia-lopposizione-impone-il-ballottaggio-a-erdogan-28-maggio-giorno-della-verita\/#primaryimage\"},\"thumbnailUrl\":\"https:\/\/www.pressenza.com\/wp-content\/uploads\/2023\/05\/dati-elezioni-turche-2023.jpeg\",\"datePublished\":\"2023-05-15T15:04:32+00:00\",\"dateModified\":\"2023-05-15T15:07:04+00:00\",\"description\":\"In un Paese come la\u00a0Turchia, dove l\u2019indice di democrazia \u00e8 tra i pi\u00f9 bassi al mondo e gli oppositori pi\u00f9 ostici finiscono in galera, gi\u00e0 il ballottaggio \u00e8\",\"breadcrumb\":{\"@id\":\"https:\/\/www.pressenza.com\/it\/2023\/05\/turchia-lopposizione-impone-il-ballottaggio-a-erdogan-28-maggio-giorno-della-verita\/#breadcrumb\"},\"inLanguage\":\"it-IT\",\"potentialAction\":[{\"@type\":\"ReadAction\",\"target\":[\"https:\/\/www.pressenza.com\/it\/2023\/05\/turchia-lopposizione-impone-il-ballottaggio-a-erdogan-28-maggio-giorno-della-verita\/\"]}]},{\"@type\":\"ImageObject\",\"inLanguage\":\"it-IT\",\"@id\":\"https:\/\/www.pressenza.com\/it\/2023\/05\/turchia-lopposizione-impone-il-ballottaggio-a-erdogan-28-maggio-giorno-della-verita\/#primaryimage\",\"url\":\"https:\/\/www.pressenza.com\/wp-content\/uploads\/2023\/05\/dati-elezioni-turche-2023.jpeg\",\"contentUrl\":\"https:\/\/www.pressenza.com\/wp-content\/uploads\/2023\/05\/dati-elezioni-turche-2023.jpeg\",\"width\":1170,\"height\":1061},{\"@type\":\"BreadcrumbList\",\"@id\":\"https:\/\/www.pressenza.com\/it\/2023\/05\/turchia-lopposizione-impone-il-ballottaggio-a-erdogan-28-maggio-giorno-della-verita\/#breadcrumb\",\"itemListElement\":[{\"@type\":\"ListItem\",\"position\":1,\"name\":\"Accueil\",\"item\":\"https:\/\/www.pressenza.com\/it\/\"},{\"@type\":\"ListItem\",\"position\":2,\"name\":\"Turchia, l\u2019opposizione impone il ballottaggio a Erdogan: 28 maggio, giorno della verit\u00e0\"}]},{\"@type\":\"WebSite\",\"@id\":\"https:\/\/www.pressenza.com\/it\/#website\",\"url\":\"https:\/\/www.pressenza.com\/it\/\",\"name\":\"Pressenza\",\"description\":\"Agenzia di Stampa Internazionale\",\"publisher\":{\"@id\":\"https:\/\/www.pressenza.com\/it\/#organization\"},\"potentialAction\":[{\"@type\":\"SearchAction\",\"target\":{\"@type\":\"EntryPoint\",\"urlTemplate\":\"https:\/\/www.pressenza.com\/it\/?s={search_term_string}\"},\"query-input\":{\"@type\":\"PropertyValueSpecification\",\"valueRequired\":true,\"valueName\":\"search_term_string\"}}],\"inLanguage\":\"it-IT\"},{\"@type\":\"Organization\",\"@id\":\"https:\/\/www.pressenza.com\/it\/#organization\",\"name\":\"Pressenza\",\"url\":\"https:\/\/www.pressenza.com\/it\/\",\"logo\":{\"@type\":\"ImageObject\",\"inLanguage\":\"it-IT\",\"@id\":\"https:\/\/www.pressenza.com\/it\/#\/schema\/logo\/image\/\",\"url\":\"https:\/\/www.pressenza.com\/wp-content\/uploads\/2022\/10\/pressenza_logo_200x200.jpg\",\"contentUrl\":\"https:\/\/www.pressenza.com\/wp-content\/uploads\/2022\/10\/pressenza_logo_200x200.jpg\",\"width\":200,\"height\":200,\"caption\":\"Pressenza\"},\"image\":{\"@id\":\"https:\/\/www.pressenza.com\/it\/#\/schema\/logo\/image\/\"},\"sameAs\":[\"https:\/\/www.facebook.com\/PressenzaItalia\",\"https:\/\/x.com\/PressenzaIPA\"]},{\"@type\":\"Person\",\"@id\":\"https:\/\/www.pressenza.com\/it\/#\/schema\/person\/08ea736e2bdeb73186ff26f6bee319d8\",\"name\":\"Articolo 21\",\"description\":\"Articolo 21, liberi di\u2026 \u00e8 un\u2019associazione nata il 27 febbraio 2002 che riunisce esponenti del mondo della comunicazione, della cultura e dello spettacolo; giornalisti, giuristi, economisti che si propongono di promuovere il principio della libert\u00e0 di manifestazione del pensiero (oggetto dell\u2019Articolo 21 della Costituzione italiana da cui il nome).\",\"sameAs\":[\"https:\/\/www.articolo21.org\"],\"url\":\"https:\/\/www.pressenza.com\/it\/author\/articolo-21\/\"}]}<\/script>\n<!-- \/ Yoast SEO plugin. -->","yoast_head_json":{"title":"Turchia, l\u2019opposizione impone il ballottaggio a Erdogan: 28 maggio, giorno della verit\u00e0","description":"In un Paese come la\u00a0Turchia, dove l\u2019indice di democrazia \u00e8 tra i pi\u00f9 bassi al mondo e gli oppositori pi\u00f9 ostici finiscono in galera, gi\u00e0 il ballottaggio \u00e8","robots":{"index":"index","follow":"follow","max-snippet":"max-snippet:-1","max-image-preview":"max-image-preview:large","max-video-preview":"max-video-preview:-1"},"canonical":"https:\/\/www.pressenza.com\/it\/2023\/05\/turchia-lopposizione-impone-il-ballottaggio-a-erdogan-28-maggio-giorno-della-verita\/","og_locale":"it_IT","og_type":"article","og_title":"Turchia, l\u2019opposizione impone il ballottaggio a Erdogan: 28 maggio, giorno della verit\u00e0","og_description":"In un Paese come la\u00a0Turchia, dove l\u2019indice di democrazia \u00e8 tra i pi\u00f9 bassi al mondo e gli oppositori pi\u00f9 ostici finiscono in galera, gi\u00e0 il ballottaggio \u00e8","og_url":"https:\/\/www.pressenza.com\/it\/2023\/05\/turchia-lopposizione-impone-il-ballottaggio-a-erdogan-28-maggio-giorno-della-verita\/","og_site_name":"Pressenza","article_publisher":"https:\/\/www.facebook.com\/PressenzaItalia","article_published_time":"2023-05-15T15:04:32+00:00","article_modified_time":"2023-05-15T15:07:04+00:00","og_image":[{"width":1170,"height":1061,"url":"https:\/\/www.pressenza.com\/wp-content\/uploads\/2023\/05\/dati-elezioni-turche-2023.jpeg","type":"image\/jpeg"}],"author":"Articolo 21","twitter_card":"summary_large_image","twitter_creator":"@PressenzaIPA","twitter_site":"@PressenzaIPA","twitter_misc":{"Scritto da":"Articolo 21","Tempo di lettura stimato":"3 minuti"},"schema":{"@context":"https:\/\/schema.org","@graph":[{"@type":"Article","@id":"https:\/\/www.pressenza.com\/it\/2023\/05\/turchia-lopposizione-impone-il-ballottaggio-a-erdogan-28-maggio-giorno-della-verita\/#article","isPartOf":{"@id":"https:\/\/www.pressenza.com\/it\/2023\/05\/turchia-lopposizione-impone-il-ballottaggio-a-erdogan-28-maggio-giorno-della-verita\/"},"author":{"name":"Articolo 21","@id":"https:\/\/www.pressenza.com\/it\/#\/schema\/person\/08ea736e2bdeb73186ff26f6bee319d8"},"headline":"Turchia, l\u2019opposizione impone il ballottaggio a Erdogan: 28 maggio, giorno della verit\u00e0","datePublished":"2023-05-15T15:04:32+00:00","dateModified":"2023-05-15T15:07:04+00:00","mainEntityOfPage":{"@id":"https:\/\/www.pressenza.com\/it\/2023\/05\/turchia-lopposizione-impone-il-ballottaggio-a-erdogan-28-maggio-giorno-della-verita\/"},"wordCount":457,"publisher":{"@id":"https:\/\/www.pressenza.com\/it\/#organization"},"image":{"@id":"https:\/\/www.pressenza.com\/it\/2023\/05\/turchia-lopposizione-impone-il-ballottaggio-a-erdogan-28-maggio-giorno-della-verita\/#primaryimage"},"thumbnailUrl":"https:\/\/www.pressenza.com\/wp-content\/uploads\/2023\/05\/dati-elezioni-turche-2023.jpeg","keywords":["ballottaggio","elezioni","Kemal K\u0131l\u0131\u00e7daro\u011flu","Recep Tayyip Erdogan","Turchia"],"articleSection":["Medio Oriente","Politica"],"inLanguage":"it-IT"},{"@type":"WebPage","@id":"https:\/\/www.pressenza.com\/it\/2023\/05\/turchia-lopposizione-impone-il-ballottaggio-a-erdogan-28-maggio-giorno-della-verita\/","url":"https:\/\/www.pressenza.com\/it\/2023\/05\/turchia-lopposizione-impone-il-ballottaggio-a-erdogan-28-maggio-giorno-della-verita\/","name":"Turchia, l\u2019opposizione impone il ballottaggio a Erdogan: 28 maggio, giorno della verit\u00e0","isPartOf":{"@id":"https:\/\/www.pressenza.com\/it\/#website"},"primaryImageOfPage":{"@id":"https:\/\/www.pressenza.com\/it\/2023\/05\/turchia-lopposizione-impone-il-ballottaggio-a-erdogan-28-maggio-giorno-della-verita\/#primaryimage"},"image":{"@id":"https:\/\/www.pressenza.com\/it\/2023\/05\/turchia-lopposizione-impone-il-ballottaggio-a-erdogan-28-maggio-giorno-della-verita\/#primaryimage"},"thumbnailUrl":"https:\/\/www.pressenza.com\/wp-content\/uploads\/2023\/05\/dati-elezioni-turche-2023.jpeg","datePublished":"2023-05-15T15:04:32+00:00","dateModified":"2023-05-15T15:07:04+00:00","description":"In un Paese come la\u00a0Turchia, dove l\u2019indice di democrazia \u00e8 tra i pi\u00f9 bassi al mondo e gli oppositori pi\u00f9 ostici finiscono in galera, gi\u00e0 il ballottaggio \u00e8","breadcrumb":{"@id":"https:\/\/www.pressenza.com\/it\/2023\/05\/turchia-lopposizione-impone-il-ballottaggio-a-erdogan-28-maggio-giorno-della-verita\/#breadcrumb"},"inLanguage":"it-IT","potentialAction":[{"@type":"ReadAction","target":["https:\/\/www.pressenza.com\/it\/2023\/05\/turchia-lopposizione-impone-il-ballottaggio-a-erdogan-28-maggio-giorno-della-verita\/"]}]},{"@type":"ImageObject","inLanguage":"it-IT","@id":"https:\/\/www.pressenza.com\/it\/2023\/05\/turchia-lopposizione-impone-il-ballottaggio-a-erdogan-28-maggio-giorno-della-verita\/#primaryimage","url":"https:\/\/www.pressenza.com\/wp-content\/uploads\/2023\/05\/dati-elezioni-turche-2023.jpeg","contentUrl":"https:\/\/www.pressenza.com\/wp-content\/uploads\/2023\/05\/dati-elezioni-turche-2023.jpeg","width":1170,"height":1061},{"@type":"BreadcrumbList","@id":"https:\/\/www.pressenza.com\/it\/2023\/05\/turchia-lopposizione-impone-il-ballottaggio-a-erdogan-28-maggio-giorno-della-verita\/#breadcrumb","itemListElement":[{"@type":"ListItem","position":1,"name":"Accueil","item":"https:\/\/www.pressenza.com\/it\/"},{"@type":"ListItem","position":2,"name":"Turchia, l\u2019opposizione impone il ballottaggio a Erdogan: 28 maggio, giorno della verit\u00e0"}]},{"@type":"WebSite","@id":"https:\/\/www.pressenza.com\/it\/#website","url":"https:\/\/www.pressenza.com\/it\/","name":"Pressenza","description":"Agenzia di Stampa Internazionale","publisher":{"@id":"https:\/\/www.pressenza.com\/it\/#organization"},"potentialAction":[{"@type":"SearchAction","target":{"@type":"EntryPoint","urlTemplate":"https:\/\/www.pressenza.com\/it\/?s={search_term_string}"},"query-input":{"@type":"PropertyValueSpecification","valueRequired":true,"valueName":"search_term_string"}}],"inLanguage":"it-IT"},{"@type":"Organization","@id":"https:\/\/www.pressenza.com\/it\/#organization","name":"Pressenza","url":"https:\/\/www.pressenza.com\/it\/","logo":{"@type":"ImageObject","inLanguage":"it-IT","@id":"https:\/\/www.pressenza.com\/it\/#\/schema\/logo\/image\/","url":"https:\/\/www.pressenza.com\/wp-content\/uploads\/2022\/10\/pressenza_logo_200x200.jpg","contentUrl":"https:\/\/www.pressenza.com\/wp-content\/uploads\/2022\/10\/pressenza_logo_200x200.jpg","width":200,"height":200,"caption":"Pressenza"},"image":{"@id":"https:\/\/www.pressenza.com\/it\/#\/schema\/logo\/image\/"},"sameAs":["https:\/\/www.facebook.com\/PressenzaItalia","https:\/\/x.com\/PressenzaIPA"]},{"@type":"Person","@id":"https:\/\/www.pressenza.com\/it\/#\/schema\/person\/08ea736e2bdeb73186ff26f6bee319d8","name":"Articolo 21","description":"Articolo 21, liberi di\u2026 \u00e8 un\u2019associazione nata il 27 febbraio 2002 che riunisce esponenti del mondo della comunicazione, della cultura e dello spettacolo; giornalisti, giuristi, economisti che si propongono di promuovere il principio della libert\u00e0 di manifestazione del pensiero (oggetto dell\u2019Articolo 21 della Costituzione italiana da cui il nome).","sameAs":["https:\/\/www.articolo21.org"],"url":"https:\/\/www.pressenza.com\/it\/author\/articolo-21\/"}]}},"place":"Antonella Napoli","original_article_url":"https:\/\/www.articolo21.org\/2023\/05\/turchia-lopposizione-impone-il-ballottaggio-a-erdogan-28-maggio-giorno-della-verita\/","_links":{"self":[{"href":"https:\/\/www.pressenza.com\/it\/wp-json\/wp\/v2\/posts\/1739391","targetHints":{"allow":["GET"]}}],"collection":[{"href":"https:\/\/www.pressenza.com\/it\/wp-json\/wp\/v2\/posts"}],"about":[{"href":"https:\/\/www.pressenza.com\/it\/wp-json\/wp\/v2\/types\/post"}],"author":[{"embeddable":true,"href":"https:\/\/www.pressenza.com\/it\/wp-json\/wp\/v2\/users\/1469"}],"replies":[{"embeddable":true,"href":"https:\/\/www.pressenza.com\/it\/wp-json\/wp\/v2\/comments?post=1739391"}],"version-history":[{"count":0,"href":"https:\/\/www.pressenza.com\/it\/wp-json\/wp\/v2\/posts\/1739391\/revisions"}],"wp:featuredmedia":[{"embeddable":true,"href":"https:\/\/www.pressenza.com\/it\/wp-json\/wp\/v2\/media\/1739392"}],"wp:attachment":[{"href":"https:\/\/www.pressenza.com\/it\/wp-json\/wp\/v2\/media?parent=1739391"}],"wp:term":[{"taxonomy":"category","embeddable":true,"href":"https:\/\/www.pressenza.com\/it\/wp-json\/wp\/v2\/categories?post=1739391"},{"taxonomy":"post_tag","embeddable":true,"href":"https:\/\/www.pressenza.com\/it\/wp-json\/wp\/v2\/tags?post=1739391"}],"curies":[{"name":"wp","href":"https:\/\/api.w.org\/{rel}","templated":true}]}}