{"id":1737997,"date":"2023-05-08T17:48:23","date_gmt":"2023-05-08T16:48:23","guid":{"rendered":"https:\/\/www.pressenza.com\/?p=1737997"},"modified":"2023-10-30T06:40:24","modified_gmt":"2023-10-30T06:40:24","slug":"trapani-dibattito-ci-vuole-un-reddito-universale","status":"publish","type":"post","link":"https:\/\/www.pressenza.com\/it\/2023\/05\/trapani-dibattito-ci-vuole-un-reddito-universale\/","title":{"rendered":"Trapani, dibattito \u201cCi Vuole un Reddito Universale\u201d"},"content":{"rendered":"<p><strong>Sinistra Libertaria\u00a0<\/strong>ha risposto all\u2019invito del tavolo nazionale \u201c<em>Ci Vuole un Reddito Universale<\/em>\u201d promuovendo e organizzando due incontri-dibattito presso \u201c<em>La Casa del Popolo<\/em>\u201d di\u00a0<strong>Trapani<\/strong>, l\u2019uno gioved\u00ec 4 e l\u2019altro sabato 6 maggio.<\/p>\n<p>Il primo, tenuto davanti ad un numeroso pubblico da\u00a0<strong>Natale Salvo, portavoce di \u201cSinistra Libertaria\u201d<\/strong>, \u00e8 stato presentato il libro del\u00a0<strong>filosofo francese <a href=\"https:\/\/it.frwiki.wiki\/wiki\/Abdennour_Bidar\" target=\"_blank\" rel=\"noopener\">Abdennour Bidar<\/a><\/strong>: \u201c<em>Lib\u00e9rons-nous! Des chaines du travail et de la consommation<\/em>\u201d. Anche il secondo incontro, tenuto due giorni dopo da<strong>\u00a0Luca Sciacchitano<\/strong>, ci si \u00e8 soffermati sulla societ\u00e0 della bulimia da consumo.<\/p>\n<p>Nel saggio illustrato da Salvo,\u00a0<strong>Bidar sostiene che l\u2019uomo, per essere veramente libero, deve disfarsi di due catene<\/strong>: \u00ab<em>\u00a0La prima ci lega al lavoro: essa ci costringe a lavorare per guadagnare del denaro. La seconda ci lega al consumo: \u00e8 quella che rende il denaro desiderabile, e che ci motiva dunque a lavorare\u00a0<\/em>\u00bb, scrive.<\/p>\n<figure class=\"wp-block-image size-full\"><img loading=\"lazy\" decoding=\"async\" class=\"wp-image-18334\" src=\"https:\/\/www.fronteampio.it\/wp-content\/uploads\/2023\/05\/salvo-civuoleunreddito.jpg\" sizes=\"auto, (max-width: 1000px) 100vw, 1000px\" srcset=\"https:\/\/www.fronteampio.it\/wp-content\/uploads\/2023\/05\/salvo-civuoleunreddito.jpg 1000w, https:\/\/www.fronteampio.it\/wp-content\/uploads\/2023\/05\/salvo-civuoleunreddito-300x197.jpg 300w, https:\/\/www.fronteampio.it\/wp-content\/uploads\/2023\/05\/salvo-civuoleunreddito-768x505.jpg 768w\" alt=\"Natale Salvo - Ci Vuole un Reddito\" width=\"1000\" height=\"657\" \/><\/figure>\n<h2 id=\"h-la-catena-del-lavoro-si-spezza-col-reddito-di-base-universale\" class=\"wp-block-heading\"><strong>La catena del lavoro si spezza col reddito di base universale<\/strong><\/h2>\n<p><strong>Secondo il filosofo, la soluzione per spazzare la prima catena \u00e8 l\u2019istituzione di un Reddito di Base, universale, individuale e incondizionato<\/strong>, ha sintetizzato Natale Salvo.<\/p>\n<p>\u00ab\u00a0<em>Questo Reddito accordato a tutti permetter\u00e0 di coprire i bisogni di base e di poter vivere degnamente<\/em>\u00a0\u00bb, insiste Bidar nel suo lavoro.<\/p>\n<p>Naturalmente, \u00ab\u00a0<em>chi ne fruisce potrebbe utilizzare il tempo e il denaro per osare fare qualcosa, per prendersi il rischio di un progetto personale. O restare a casa tranquillamente per occuparsi dei figli, del proprio orto, o della salute dei propri cari. Prendere il piacere di studiare cosa l\u2019appassiona, di leggere o di meditare<\/em>\u00a0\u00bb.<\/p>\n<p><strong>Questo \u00e8 il\u00a0<a href=\"https:\/\/www.fronteampio.it\/forum-madrid-gli-umanisti-presentano-la-rendita-di-base-universale\/\" target=\"_blank\" rel=\"noreferrer noopener\">Reddito di Base Universale<\/a><\/strong>, spiega Salvo.<\/p>\n<p>Tuttavia,\u00a0<strong>il Reddito Universale non \u00e8 una bacchetta magica<\/strong>; precisa infatti Abdennour Bidar: \u00ab\u00a0<em>Lavoriamo per guadagnare di pi\u00f9, per spendere di pi\u00f9, per possedere di pi\u00f9. Questo \u00e8 il circolo vizioso dove molte delle esistenze girano in tondo<\/em> \u00bb.<\/p>\n<p>In buona sostanza, spiega\u00a0<strong>Natale Salvo<\/strong>\u00a0riportando le parole di Bidar, \u00ab<em>\u00a0finch\u00e9 il nostro reddito dipender\u00e0 dal nostro lavoro, noi saremo trattenuti in ostaggio da coloro che ci vogliono dare un lavoro quando questo collima coi loro interessi e che possono togliercelo da un giorno all\u2019altro secondo la stessa logica\u00a0<\/em>\u00bb.<\/p>\n<h2 id=\"h-bidar-la-seconda-catena-dell-uomo-il-consumo\" class=\"wp-block-heading\"><strong>Bidar, la seconda catena dell\u2019uomo: il consumo<\/strong><\/h2>\n<p>Tuttavia, \u00ab<strong>\u00a0il rischio forte \u00e8 quello di restare incatenati ad una seconda catena: la catena del bisogno condizionata dal consumo<\/strong>.\u00a0<em>Il capitalismo<\/em>\u00a0\u2013 aggiunge Salvo riportando il testo del saggio \u201c<em>Lib\u00e9rons-nous!<\/em>\u201d \u2013\u00a0<em>ci condanna creando nuovi inarrestabili bisogni. Ci fa credere che, in effetti, noi viviamo bene quando non ci accontentiamo. Cos\u00ec restiamo in perpetuo nell\u2019attesa della felicit\u00e0 e nell\u2019anticamera della vera gioia dell\u2019esistenza<\/em>\u00a0\u00bb.<\/p>\n<p>\u00ab\u00a0<em>Non servir\u00e0 a nulla aver spezzato solo la prima delle nostre due catene, se la seconda ci strangoler\u00e0 anch\u2019essa<\/em>.\u00a0<em>Dobbiamo imparare, o riapprendere, a<\/em>\u00a0<strong>trovare per la nostra vita altri obiettivi che comprare senza fine\u00a0<\/strong>\u00bb, si legge ancora nel saggio illustrato dal relatore.<\/p>\n<p>Salvo conclude la propria relazione evidenziando la proposta di Bidar: \u00ab\u00a0<strong>Dobbiamo costruire una Societ\u00e0 del Tempo libero, una Casa del tempo Libero<\/strong>,\u00a0<em>un luogo di co-educazione dove gli uni e gli altri si aiutano reciprocamente nel tempo libero, o parlano assieme, discutono e riflettono assieme\u00a0<\/em>\u00bb.<\/p>\n","protected":false},"excerpt":{"rendered":"<p>Sinistra Libertaria\u00a0ha risposto all\u2019invito del tavolo nazionale \u201cCi Vuole un Reddito Universale\u201d promuovendo e organizzando due incontri-dibattito presso \u201cLa Casa del Popolo\u201d di\u00a0Trapani, l\u2019uno gioved\u00ec 4 e l\u2019altro sabato 6 maggio. Il primo, tenuto davanti ad un numeroso pubblico da\u00a0Natale&hellip;<\/p>\n","protected":false},"author":2309,"featured_media":1737999,"comment_status":"closed","ping_status":"closed","sticky":false,"template":"","format":"standard","meta":{"footnotes":""},"categories":[11388,62],"tags":[],"class_list":["post-1737997","post","type-post","status-publish","format-standard","has-post-thumbnail","hentry","category-contenuti-originali","category-economia"],"yoast_head":"<!-- This site is optimized with the Yoast SEO plugin v27.1.1 - https:\/\/yoast.com\/product\/yoast-seo-wordpress\/ -->\n<title>Trapani, dibattito \u201cCi Vuole un Reddito Universale\u201d<\/title>\n<meta name=\"description\" content=\"Sinistra Libertaria\u00a0ha risposto all\u2019invito del tavolo nazionale \u201cCi Vuole un Reddito Universale\u201d promuovendo e organizzando due incontri-dibattito presso\" \/>\n<meta name=\"robots\" content=\"index, follow, max-snippet:-1, max-image-preview:large, max-video-preview:-1\" \/>\n<link rel=\"canonical\" href=\"https:\/\/www.pressenza.com\/it\/2023\/05\/trapani-dibattito-ci-vuole-un-reddito-universale\/\" \/>\n<meta property=\"og:locale\" content=\"it_IT\" \/>\n<meta property=\"og:type\" content=\"article\" \/>\n<meta property=\"og:title\" content=\"Trapani, dibattito \u201cCi Vuole un Reddito Universale\u201d\" \/>\n<meta property=\"og:description\" content=\"Sinistra Libertaria\u00a0ha risposto all\u2019invito del tavolo nazionale \u201cCi Vuole un Reddito Universale\u201d promuovendo e organizzando due incontri-dibattito presso\" \/>\n<meta property=\"og:url\" content=\"https:\/\/www.pressenza.com\/it\/2023\/05\/trapani-dibattito-ci-vuole-un-reddito-universale\/\" \/>\n<meta property=\"og:site_name\" content=\"Pressenza\" \/>\n<meta property=\"article:publisher\" content=\"https:\/\/www.facebook.com\/PressenzaItalia\" \/>\n<meta property=\"article:published_time\" content=\"2023-05-08T16:48:23+00:00\" \/>\n<meta property=\"article:modified_time\" content=\"2023-10-30T06:40:24+00:00\" \/>\n<meta property=\"og:image\" content=\"https:\/\/www.pressenza.com\/wp-content\/uploads\/2023\/05\/salvo_schiacchitano-civuoleunreddito.jpg\" \/>\n\t<meta property=\"og:image:width\" content=\"800\" \/>\n\t<meta property=\"og:image:height\" content=\"626\" \/>\n\t<meta property=\"og:image:type\" content=\"image\/jpeg\" \/>\n<meta name=\"author\" content=\"Redazione Trapani\" \/>\n<meta name=\"twitter:card\" content=\"summary_large_image\" \/>\n<meta name=\"twitter:creator\" content=\"@PressenzaIPA\" \/>\n<meta name=\"twitter:site\" content=\"@PressenzaIPA\" \/>\n<meta name=\"twitter:label1\" content=\"Scritto da\" \/>\n\t<meta name=\"twitter:data1\" content=\"Redazione Trapani\" \/>\n\t<meta name=\"twitter:label2\" content=\"Tempo di lettura stimato\" \/>\n\t<meta name=\"twitter:data2\" content=\"3 minuti\" \/>\n<script type=\"application\/ld+json\" class=\"yoast-schema-graph\">{\"@context\":\"https:\/\/schema.org\",\"@graph\":[{\"@type\":\"Article\",\"@id\":\"https:\/\/www.pressenza.com\/it\/2023\/05\/trapani-dibattito-ci-vuole-un-reddito-universale\/#article\",\"isPartOf\":{\"@id\":\"https:\/\/www.pressenza.com\/it\/2023\/05\/trapani-dibattito-ci-vuole-un-reddito-universale\/\"},\"author\":{\"name\":\"Redazione Trapani\",\"@id\":\"https:\/\/www.pressenza.com\/it\/#\/schema\/person\/8c49b38d40b9a93d4fc737dc63a1232b\"},\"headline\":\"Trapani, dibattito \u201cCi Vuole un Reddito Universale\u201d\",\"datePublished\":\"2023-05-08T16:48:23+00:00\",\"dateModified\":\"2023-10-30T06:40:24+00:00\",\"mainEntityOfPage\":{\"@id\":\"https:\/\/www.pressenza.com\/it\/2023\/05\/trapani-dibattito-ci-vuole-un-reddito-universale\/\"},\"wordCount\":518,\"publisher\":{\"@id\":\"https:\/\/www.pressenza.com\/it\/#organization\"},\"image\":{\"@id\":\"https:\/\/www.pressenza.com\/it\/2023\/05\/trapani-dibattito-ci-vuole-un-reddito-universale\/#primaryimage\"},\"thumbnailUrl\":\"https:\/\/www.pressenza.com\/wp-content\/uploads\/2023\/05\/salvo_schiacchitano-civuoleunreddito.jpg\",\"articleSection\":[\"contenuti originali\",\"Economia\"],\"inLanguage\":\"it-IT\"},{\"@type\":\"WebPage\",\"@id\":\"https:\/\/www.pressenza.com\/it\/2023\/05\/trapani-dibattito-ci-vuole-un-reddito-universale\/\",\"url\":\"https:\/\/www.pressenza.com\/it\/2023\/05\/trapani-dibattito-ci-vuole-un-reddito-universale\/\",\"name\":\"Trapani, dibattito \u201cCi Vuole un Reddito Universale\u201d\",\"isPartOf\":{\"@id\":\"https:\/\/www.pressenza.com\/it\/#website\"},\"primaryImageOfPage\":{\"@id\":\"https:\/\/www.pressenza.com\/it\/2023\/05\/trapani-dibattito-ci-vuole-un-reddito-universale\/#primaryimage\"},\"image\":{\"@id\":\"https:\/\/www.pressenza.com\/it\/2023\/05\/trapani-dibattito-ci-vuole-un-reddito-universale\/#primaryimage\"},\"thumbnailUrl\":\"https:\/\/www.pressenza.com\/wp-content\/uploads\/2023\/05\/salvo_schiacchitano-civuoleunreddito.jpg\",\"datePublished\":\"2023-05-08T16:48:23+00:00\",\"dateModified\":\"2023-10-30T06:40:24+00:00\",\"description\":\"Sinistra Libertaria\u00a0ha risposto all\u2019invito del tavolo nazionale \u201cCi Vuole un Reddito Universale\u201d promuovendo e organizzando due incontri-dibattito presso\",\"breadcrumb\":{\"@id\":\"https:\/\/www.pressenza.com\/it\/2023\/05\/trapani-dibattito-ci-vuole-un-reddito-universale\/#breadcrumb\"},\"inLanguage\":\"it-IT\",\"potentialAction\":[{\"@type\":\"ReadAction\",\"target\":[\"https:\/\/www.pressenza.com\/it\/2023\/05\/trapani-dibattito-ci-vuole-un-reddito-universale\/\"]}]},{\"@type\":\"ImageObject\",\"inLanguage\":\"it-IT\",\"@id\":\"https:\/\/www.pressenza.com\/it\/2023\/05\/trapani-dibattito-ci-vuole-un-reddito-universale\/#primaryimage\",\"url\":\"https:\/\/www.pressenza.com\/wp-content\/uploads\/2023\/05\/salvo_schiacchitano-civuoleunreddito.jpg\",\"contentUrl\":\"https:\/\/www.pressenza.com\/wp-content\/uploads\/2023\/05\/salvo_schiacchitano-civuoleunreddito.jpg\",\"width\":800,\"height\":626,\"caption\":\"salvo_schiacchitano-civuoleunreddito\"},{\"@type\":\"BreadcrumbList\",\"@id\":\"https:\/\/www.pressenza.com\/it\/2023\/05\/trapani-dibattito-ci-vuole-un-reddito-universale\/#breadcrumb\",\"itemListElement\":[{\"@type\":\"ListItem\",\"position\":1,\"name\":\"Accueil\",\"item\":\"https:\/\/www.pressenza.com\/it\/\"},{\"@type\":\"ListItem\",\"position\":2,\"name\":\"Trapani, dibattito \u201cCi Vuole un Reddito Universale\u201d\"}]},{\"@type\":\"WebSite\",\"@id\":\"https:\/\/www.pressenza.com\/it\/#website\",\"url\":\"https:\/\/www.pressenza.com\/it\/\",\"name\":\"Pressenza\",\"description\":\"Agenzia di Stampa Internazionale\",\"publisher\":{\"@id\":\"https:\/\/www.pressenza.com\/it\/#organization\"},\"potentialAction\":[{\"@type\":\"SearchAction\",\"target\":{\"@type\":\"EntryPoint\",\"urlTemplate\":\"https:\/\/www.pressenza.com\/it\/?s={search_term_string}\"},\"query-input\":{\"@type\":\"PropertyValueSpecification\",\"valueRequired\":true,\"valueName\":\"search_term_string\"}}],\"inLanguage\":\"it-IT\"},{\"@type\":\"Organization\",\"@id\":\"https:\/\/www.pressenza.com\/it\/#organization\",\"name\":\"Pressenza\",\"url\":\"https:\/\/www.pressenza.com\/it\/\",\"logo\":{\"@type\":\"ImageObject\",\"inLanguage\":\"it-IT\",\"@id\":\"https:\/\/www.pressenza.com\/it\/#\/schema\/logo\/image\/\",\"url\":\"https:\/\/www.pressenza.com\/wp-content\/uploads\/2022\/10\/pressenza_logo_200x200.jpg\",\"contentUrl\":\"https:\/\/www.pressenza.com\/wp-content\/uploads\/2022\/10\/pressenza_logo_200x200.jpg\",\"width\":200,\"height\":200,\"caption\":\"Pressenza\"},\"image\":{\"@id\":\"https:\/\/www.pressenza.com\/it\/#\/schema\/logo\/image\/\"},\"sameAs\":[\"https:\/\/www.facebook.com\/PressenzaItalia\",\"https:\/\/x.com\/PressenzaIPA\"]},{\"@type\":\"Person\",\"@id\":\"https:\/\/www.pressenza.com\/it\/#\/schema\/person\/8c49b38d40b9a93d4fc737dc63a1232b\",\"name\":\"Redazione Trapani\",\"description\":\"News from the Pressenza Bureau in Trapani, Italy\",\"url\":\"https:\/\/www.pressenza.com\/it\/author\/redazione-trapani\/\"}]}<\/script>\n<!-- \/ Yoast SEO plugin. -->","yoast_head_json":{"title":"Trapani, dibattito \u201cCi Vuole un Reddito Universale\u201d","description":"Sinistra Libertaria\u00a0ha risposto all\u2019invito del tavolo nazionale \u201cCi Vuole un Reddito Universale\u201d promuovendo e organizzando due incontri-dibattito presso","robots":{"index":"index","follow":"follow","max-snippet":"max-snippet:-1","max-image-preview":"max-image-preview:large","max-video-preview":"max-video-preview:-1"},"canonical":"https:\/\/www.pressenza.com\/it\/2023\/05\/trapani-dibattito-ci-vuole-un-reddito-universale\/","og_locale":"it_IT","og_type":"article","og_title":"Trapani, dibattito \u201cCi Vuole un Reddito Universale\u201d","og_description":"Sinistra Libertaria\u00a0ha risposto all\u2019invito del tavolo nazionale \u201cCi Vuole un Reddito Universale\u201d promuovendo e organizzando due incontri-dibattito presso","og_url":"https:\/\/www.pressenza.com\/it\/2023\/05\/trapani-dibattito-ci-vuole-un-reddito-universale\/","og_site_name":"Pressenza","article_publisher":"https:\/\/www.facebook.com\/PressenzaItalia","article_published_time":"2023-05-08T16:48:23+00:00","article_modified_time":"2023-10-30T06:40:24+00:00","og_image":[{"width":800,"height":626,"url":"https:\/\/www.pressenza.com\/wp-content\/uploads\/2023\/05\/salvo_schiacchitano-civuoleunreddito.jpg","type":"image\/jpeg"}],"author":"Redazione Trapani","twitter_card":"summary_large_image","twitter_creator":"@PressenzaIPA","twitter_site":"@PressenzaIPA","twitter_misc":{"Scritto da":"Redazione Trapani","Tempo di lettura stimato":"3 minuti"},"schema":{"@context":"https:\/\/schema.org","@graph":[{"@type":"Article","@id":"https:\/\/www.pressenza.com\/it\/2023\/05\/trapani-dibattito-ci-vuole-un-reddito-universale\/#article","isPartOf":{"@id":"https:\/\/www.pressenza.com\/it\/2023\/05\/trapani-dibattito-ci-vuole-un-reddito-universale\/"},"author":{"name":"Redazione Trapani","@id":"https:\/\/www.pressenza.com\/it\/#\/schema\/person\/8c49b38d40b9a93d4fc737dc63a1232b"},"headline":"Trapani, dibattito \u201cCi Vuole un Reddito Universale\u201d","datePublished":"2023-05-08T16:48:23+00:00","dateModified":"2023-10-30T06:40:24+00:00","mainEntityOfPage":{"@id":"https:\/\/www.pressenza.com\/it\/2023\/05\/trapani-dibattito-ci-vuole-un-reddito-universale\/"},"wordCount":518,"publisher":{"@id":"https:\/\/www.pressenza.com\/it\/#organization"},"image":{"@id":"https:\/\/www.pressenza.com\/it\/2023\/05\/trapani-dibattito-ci-vuole-un-reddito-universale\/#primaryimage"},"thumbnailUrl":"https:\/\/www.pressenza.com\/wp-content\/uploads\/2023\/05\/salvo_schiacchitano-civuoleunreddito.jpg","articleSection":["contenuti originali","Economia"],"inLanguage":"it-IT"},{"@type":"WebPage","@id":"https:\/\/www.pressenza.com\/it\/2023\/05\/trapani-dibattito-ci-vuole-un-reddito-universale\/","url":"https:\/\/www.pressenza.com\/it\/2023\/05\/trapani-dibattito-ci-vuole-un-reddito-universale\/","name":"Trapani, dibattito \u201cCi Vuole un Reddito Universale\u201d","isPartOf":{"@id":"https:\/\/www.pressenza.com\/it\/#website"},"primaryImageOfPage":{"@id":"https:\/\/www.pressenza.com\/it\/2023\/05\/trapani-dibattito-ci-vuole-un-reddito-universale\/#primaryimage"},"image":{"@id":"https:\/\/www.pressenza.com\/it\/2023\/05\/trapani-dibattito-ci-vuole-un-reddito-universale\/#primaryimage"},"thumbnailUrl":"https:\/\/www.pressenza.com\/wp-content\/uploads\/2023\/05\/salvo_schiacchitano-civuoleunreddito.jpg","datePublished":"2023-05-08T16:48:23+00:00","dateModified":"2023-10-30T06:40:24+00:00","description":"Sinistra Libertaria\u00a0ha risposto all\u2019invito del tavolo nazionale \u201cCi Vuole un Reddito Universale\u201d promuovendo e organizzando due incontri-dibattito presso","breadcrumb":{"@id":"https:\/\/www.pressenza.com\/it\/2023\/05\/trapani-dibattito-ci-vuole-un-reddito-universale\/#breadcrumb"},"inLanguage":"it-IT","potentialAction":[{"@type":"ReadAction","target":["https:\/\/www.pressenza.com\/it\/2023\/05\/trapani-dibattito-ci-vuole-un-reddito-universale\/"]}]},{"@type":"ImageObject","inLanguage":"it-IT","@id":"https:\/\/www.pressenza.com\/it\/2023\/05\/trapani-dibattito-ci-vuole-un-reddito-universale\/#primaryimage","url":"https:\/\/www.pressenza.com\/wp-content\/uploads\/2023\/05\/salvo_schiacchitano-civuoleunreddito.jpg","contentUrl":"https:\/\/www.pressenza.com\/wp-content\/uploads\/2023\/05\/salvo_schiacchitano-civuoleunreddito.jpg","width":800,"height":626,"caption":"salvo_schiacchitano-civuoleunreddito"},{"@type":"BreadcrumbList","@id":"https:\/\/www.pressenza.com\/it\/2023\/05\/trapani-dibattito-ci-vuole-un-reddito-universale\/#breadcrumb","itemListElement":[{"@type":"ListItem","position":1,"name":"Accueil","item":"https:\/\/www.pressenza.com\/it\/"},{"@type":"ListItem","position":2,"name":"Trapani, dibattito \u201cCi Vuole un Reddito Universale\u201d"}]},{"@type":"WebSite","@id":"https:\/\/www.pressenza.com\/it\/#website","url":"https:\/\/www.pressenza.com\/it\/","name":"Pressenza","description":"Agenzia di Stampa Internazionale","publisher":{"@id":"https:\/\/www.pressenza.com\/it\/#organization"},"potentialAction":[{"@type":"SearchAction","target":{"@type":"EntryPoint","urlTemplate":"https:\/\/www.pressenza.com\/it\/?s={search_term_string}"},"query-input":{"@type":"PropertyValueSpecification","valueRequired":true,"valueName":"search_term_string"}}],"inLanguage":"it-IT"},{"@type":"Organization","@id":"https:\/\/www.pressenza.com\/it\/#organization","name":"Pressenza","url":"https:\/\/www.pressenza.com\/it\/","logo":{"@type":"ImageObject","inLanguage":"it-IT","@id":"https:\/\/www.pressenza.com\/it\/#\/schema\/logo\/image\/","url":"https:\/\/www.pressenza.com\/wp-content\/uploads\/2022\/10\/pressenza_logo_200x200.jpg","contentUrl":"https:\/\/www.pressenza.com\/wp-content\/uploads\/2022\/10\/pressenza_logo_200x200.jpg","width":200,"height":200,"caption":"Pressenza"},"image":{"@id":"https:\/\/www.pressenza.com\/it\/#\/schema\/logo\/image\/"},"sameAs":["https:\/\/www.facebook.com\/PressenzaItalia","https:\/\/x.com\/PressenzaIPA"]},{"@type":"Person","@id":"https:\/\/www.pressenza.com\/it\/#\/schema\/person\/8c49b38d40b9a93d4fc737dc63a1232b","name":"Redazione Trapani","description":"News from the Pressenza Bureau in Trapani, Italy","url":"https:\/\/www.pressenza.com\/it\/author\/redazione-trapani\/"}]}},"place":"Trapani","original_article_url":"https:\/\/www.sinistralibertaria.it\/trapani-dibattito-ci-vuole-un-reddito-universale\/","_links":{"self":[{"href":"https:\/\/www.pressenza.com\/it\/wp-json\/wp\/v2\/posts\/1737997","targetHints":{"allow":["GET"]}}],"collection":[{"href":"https:\/\/www.pressenza.com\/it\/wp-json\/wp\/v2\/posts"}],"about":[{"href":"https:\/\/www.pressenza.com\/it\/wp-json\/wp\/v2\/types\/post"}],"author":[{"embeddable":true,"href":"https:\/\/www.pressenza.com\/it\/wp-json\/wp\/v2\/users\/2309"}],"replies":[{"embeddable":true,"href":"https:\/\/www.pressenza.com\/it\/wp-json\/wp\/v2\/comments?post=1737997"}],"version-history":[{"count":0,"href":"https:\/\/www.pressenza.com\/it\/wp-json\/wp\/v2\/posts\/1737997\/revisions"}],"wp:featuredmedia":[{"embeddable":true,"href":"https:\/\/www.pressenza.com\/it\/wp-json\/wp\/v2\/media\/1737999"}],"wp:attachment":[{"href":"https:\/\/www.pressenza.com\/it\/wp-json\/wp\/v2\/media?parent=1737997"}],"wp:term":[{"taxonomy":"category","embeddable":true,"href":"https:\/\/www.pressenza.com\/it\/wp-json\/wp\/v2\/categories?post=1737997"},{"taxonomy":"post_tag","embeddable":true,"href":"https:\/\/www.pressenza.com\/it\/wp-json\/wp\/v2\/tags?post=1737997"}],"curies":[{"name":"wp","href":"https:\/\/api.w.org\/{rel}","templated":true}]}}