{"id":1737220,"date":"2023-05-05T11:10:49","date_gmt":"2023-05-05T10:10:49","guid":{"rendered":"https:\/\/www.pressenza.com\/?p=1737220"},"modified":"2023-05-05T11:10:49","modified_gmt":"2023-05-05T10:10:49","slug":"contro-le-manovre-patriarcali","status":"publish","type":"post","link":"https:\/\/www.pressenza.com\/it\/2023\/05\/contro-le-manovre-patriarcali\/","title":{"rendered":"Contro le manovre patriarcali"},"content":{"rendered":"<p><em>Il 6 maggio la marea transfemminista di Non Una di Meno occupa le strade di Ancona con una manifestazione nazionale per l\u2019interruzione volontaria di patriarcato e per difendere il diritto all\u2019aborto libero sicuro e gratuito \u2013 con quelli ad esso connessi \u2013 dagli aggiramenti della legge 194 di ogni natura. Le manovre sul corpo delle donne, oggi, non puntano pi\u00f9 solo e direttamente sull\u2019obiezione e la \u201cdifesa della vita\u201d ma soprattutto sul valore economico, fiscale e imprenditoriale della natalit\u00e0. <\/em><\/p>\n<p><em>Il presunto \u201cinverno demografico\u201d \u00e8 infatti da tempo la nuova chiave di volta anti-abortista. Viene agitato con grandi campagne propagandistiche per varare manovre finanziarie \u201ccontro la povert\u00e0\u201d che incentivano criteri familistici arcaici e tendono a ostacolare con ogni mezzo la libera scelta delle donne. Negli ultimi anni, diverse leggi regionali che vanno esplicitamente in questa direzione sono state applicate nelle Marche, in Umbria, Piemonte, Veneto e Abruzzo. Una sorta di laboratorio politico per attaccare non solo il diritto all\u2019interruzione di gravidanza, ma anche i diritti lgbt e le persone razzializzate. Nelle Marche, in particolare, c\u2019\u00e8 un\u2019offensiva molto pi\u00f9 pesante con uno stanziamento di 950 mila euro volto a sostenere con pieni poteri i centri per la vita e le collaborazioni esterne con associazioni come\u00a0<a href=\"http:\/\/www.famiglianuova.it\/\"><strong>Famiglia Nuova<\/strong><\/a>\u00a0e consultori dichiaratamente anti-aborto.<\/em><\/p>\n<p>Dal congresso di Verona a oggi il panorama internazionale ed europeo vede la presenza sempre pi\u00f9 capillare delle politiche sociali familistiche in concertazione con le ali fondamentaliste dell\u2019area movimentista e associazionista no choice anti abortiste e omolesbobitransfobiche che in Italia ormai sono all\u2019interno del tessuto politico, sociale e imprenditoriale.\u00a0<strong>\u00c8 importante focalizzarci sul cambio narrativo degli ultimi anni in cui si \u00e8 fatta una campagna martellante sulla denatalit\u00e0 prendendo tre fronti: economico, fiscale, imprenditoriale.<\/strong><\/p>\n<p>Il terreno per l\u2019attacco al diritto all\u2019aborto non si gioca pi\u00f9 direttamente sulla vita da difendere ma sul valore economico, fiscale e imprenditoriale.\u00a0<strong>Ad aggirare la legge dello Stato 194\/78 non \u00e8 solo l\u2019obiezione garantita negli articoli di legge ma le manovre finanziarie varate dal governo in questi anni dal DEF\u00a0<\/strong>(documento economia e finanza).\u00a0<strong>Gi\u00e0 nelle manovre finanziarie del precedente governo Draghi, nel PNRR si prevedeva il capitolo di spesa per il sostegno alla famiglia e alla natalit\u00e0, ripreso dall\u2019attuale governo di destra<\/strong>.\u00a0<strong>L\u2019attuale manovra finanziaria con delega fiscale ha come carattere principale il criterio familiare incentrato sugli aiuti alle donne per sostenerne la gravidanza e dissuaderle dall\u2019aborto.<\/strong>\u00a0Ecco qui la chiave di volta anti abortista.<\/p>\n<p><img loading=\"lazy\" decoding=\"async\" class=\"aligncenter wp-image-1737223 size-full\" src=\"https:\/\/www.pressenza.com\/wp-content\/uploads\/2023\/05\/donne-Nonunadimeno.jpg\" alt=\"\" width=\"1536\" height=\"1024\" srcset=\"https:\/\/www.pressenza.com\/wp-content\/uploads\/2023\/05\/donne-Nonunadimeno.jpg 1536w, https:\/\/www.pressenza.com\/wp-content\/uploads\/2023\/05\/donne-Nonunadimeno-300x200.jpg 300w, https:\/\/www.pressenza.com\/wp-content\/uploads\/2023\/05\/donne-Nonunadimeno-820x547.jpg 820w\" sizes=\"auto, (max-width: 1536px) 100vw, 1536px\" \/><\/p>\n<p>Foto di Alessia Aicardi tratta dalla pagina Fb di <a href=\"http:\/\/xn--dal%20congresso%20di%20verona%20ad%20oggi%20il%20panorama%20internazionale%20ed%20europeo%20vede%20la%20presenza%20sempre%20pi%20capillare%20delle%20politiche%20sociali%20familistiche%20in%20concertazione%20con%20le%20ali%20fondamentaliste%20dell%27area%20movimentista%20e%20associazionista%20no%20choice%20anti%20abortiste%20e%20omolesbobitransfobiche%20che%20in%20italia%20ormai%20sono%20all%27interno%20del%20tessuto%20politico%2C%20sociale%20e%20imprenditoriale-we0c.xn--%20%20importante%20focalizzarci%20sul%20cambio%20narrativo%20degli%20ultimi%20anni%20in%20cui%20si%20%20fatta%20una%20campagna%20martellante%20sulla%20denatalit%20prendendo%20tre%20fronti-i4oy9g2c:%20economico,%20fiscale,%20imprenditoriale.%20Il%20terreno%20per%20l'attacco%20al%20diritto%20all'aborto%20non%20si%20gioca%20pi%C3%B9%20direttamente%20sulla%20vita%20da%20difendere%20ma%20sul%20valore%20economico,%20fiscale%20e%20imprenditoriale.%20Ad%20aggirare%20la%20legge%20dello%20Stato%20194\/78%20non%20%C3%A8%20solo%20l'obiezione%20garantita%20negli%20articoli%20di%20legge%20ma%20le%20manovre%20finanziarie%20varate%20dal%20governo%20in%20questi%20anni%20dal%20DEF%20(documento%20economia%20e%20finanza)%20Gi%C3%A0%20nelle%20manovre%20finanziarie%20del%20precedente%20governo%20Draghi%20nel%20PNRR%20si%20prevedeva%20il%20capitolo%20di%20spesa%20per%20il%20sostegno%20alla%20famiglia%20e%20alla%20natalit%C3%A0,%20ripreso%20dall'attuale%20governo%20di%20destra.%20L'attuale%20manovra%20finanziaria%20con%20delega%20fiscale%20ha%20come%20carattere%20principale%20il%20criterio%20familiare%20incentrato%20sugli%20aiuti%20alle%20donne%20per%20sostenerne%20la%20gravidanza%20e%20dissuaderle%20dall'aborto.%20Ecco%20qui%20la%20chiave%20di%20volta%20anti%20abortista.%20Nel%20passaggio%20del%20documento%20del%20DEF%20vi%20%C3%A8%20un%20chiaro%20riferimento%20agli%20organi%20competenti%20per%20incentivare%20le%20nascite:%20i%20consultori%20saranno%20al%20centro%20del%20sostegno%20alla%20natalit%C3%A0,%20gi%C3%A0%20prevista%20dalla%20legge%20405%20del%201975,%20e%20verranno%20sostenute%20le%20a\"><strong>Non una di meno<\/strong><\/a><\/p>\n<p>Nel passaggio del documento del DEF vi \u00e8 un chiaro riferimento agli organi competenti per incentivare le nascite:<strong>\u00a0i consultori saranno al centro del sostegno alla natalit\u00e0, gi\u00e0 prevista dalla legge 405 del 1975, e verranno sostenute le associazioni dei centri per la vita<\/strong>. Questo ci riporta alle leggi regionali che in questi ultimi anni sono state applicate nelle regioni Marche, Umbria, Piemonte, Veneto, Abruzzo.\u00a0<strong>Le giunte regionali guidate dalla destra hanno fatto da laboratorio in cui si svuota il diritto di scelta con leggi familistiche, volte a peggiorare l\u2019accesso all\u2019ivg, che fanno leva sulla povert\u00e0.<\/strong>\u00a0Per laboratorio intendiamo una fucina di politiche che vanno ad attaccare non solo il diritto all\u2019interruzione di gravidanza, ma anche i diritti lgbt e le persone razzializzate. L\u2019attacco concertato si \u00e8 sempre pi\u00f9 palesato nel tempo. L\u2019attacco non \u00e8 solo all\u2019aborto, ma ai diritti civili in toto.<\/p>\n<p>Nelle Marche la legge regionale dgr 1271\/2021 con 950 mila euro d\u00e0 pieni poteri ai centri per la vita e alle collaborazioni esterne con associazioni come famiglia nuova e con consultori dichiaratamente anti aborto.<strong>\u00a0La nuova legge regionale sulla sanit\u00e0 con il passaggio da asur ad ast ha falcidiato due convenzioni con strutture e associazioni private che si occupavano del servizio IVG:<\/strong>\u00a0l\u2019Aied, che serviva l\u2019ospedale di Ascoli Piceno e Villa Igea che serviva l\u2019ospedale del capoluogo delle Marche, Ancona.\u00a0<strong>Di 11 punti ospedalieri in totale dove si effettuavano ivg tre sono saltati\u00a0<\/strong>(al Salesi si praticano ivg solo per minorenni, in caso di gravidanze a rischio per la madre o per il feto, e di gravidanze oltre il terzo mese) e solo 5 Ascoli Piceno, Urbino (PU), San Benedetto del Tronto (AP), Macerata, Senigallia (AN) effettuano ivg farmacologico a 7 settimane. La percentuale di ivg farmacologiche nel 2020 si attestava ad un solo 13%.<\/p>\n<p><strong>Secondo il rapporto del Ministero della Salute l\u2019obiezione nel 2019 era al 63%; secondo i dati dell\u2019Asur nel 2021 era al 73% e dai riscontri che abbiamo ora all\u201980%<\/strong>.\u00a0<strong>Un aumento vertiginoso che ci riporta alle dichiarazioni dell\u2019assessore alla sanit\u00e0 Filippo Saltamartini che si congratula degli esiti positivi per le politiche familiari messe in campo con il fondo della famiglia per dissuadere e rimuovere i dubbi sulla gestazione.<\/strong>\u00a0<strong>In questa cornice regionale si innesta la narrazione martellante dell\u2019inverno delle nascite<\/strong>, rafforzata dall\u2019 imprenditoria che si sta ponendo in atteggiamento benevolente nei confronti delle donne. Ma \u00e8 un inganno.<\/p>\n<p>L\u2019assunzione delle donne \u00e8 gi\u00e0 garantita dalla legge 300 ART.13 e secondo il dlgs del 26\/03\/01 n.151 \u00e8 assolutamente vietato licenziare lavoratrici in gestazione. Nella legge 300 si enuncia che non vi possono essere discriminazioni in atto sulle lavoratrici gestanti in essere in azienda. La normativa italiana prevede gi\u00e0 misure di tutela che la parte datoriale in tutti questi decenni ha disatteso bellamente.\u00a0<strong>Il presidente di Confindustria Bonomi nel commentare il calo delle nascite prospetta il declino della Nazione per mancanza di manodopera futura e l\u2019impiego forzato di manodopera fuori dall\u2019Unione europea.<\/strong>\u00a0<strong>La manodopera di \u201ccasa nostra\u201d viene contrapposta a quella fuori dai confini della fortezza Europa<\/strong>. \u00c8 qui che il presidente Meloni interviene con un \u201cnoi in Italia abbiamo un problema di tenuta del nostro sistema economico e sociale dato che non si \u00e8 investito sulla natalit\u00e0\u201d.<strong>\u00a0<\/strong><\/p>\n<p><strong>L\u2019Istat da un forte assist al governo e conferma le parole del presidente Meloni rimarcando il crollo delle nascite come catastrofico, non potendo sostenere un capitolo di spesa pensionistico. Il ministro dell\u2019economia sottolinea l\u2019importanza degli incentivi alle nascite per sostenere la fiscalit\u00e0 alle generazioni future. Il Ministero della natalit\u00e0, famiglia e pari opportunit\u00e0 incassa il plauso per la manovra economica \/finanziaria in cui si toglie il reddito di cittadinanza a tutt* per sostenere le famiglie numerose e le nascite.<\/strong>\u00a0Una combo perfetta in cui non si parla mai della genitorialit\u00e0 come una scelta, come da agenda no choice. La famiglia, rigorosamente bianca e ciseterosessuale, come la povert\u00e0, vengono esclusivamente usate per il capitale mentre si cerca di revocare ogni diritto per le famiglie lgbt* e di respingere le persone migranti minacciando il pericolo della sostituzione etnica, con incuranza per le loro vite.<\/p>\n<p>Nella nostra Regione \u00e8 Ciccioli che si occupa di sottolineare un legame tra \u201cideologia gender\u201d e denatalit\u00e0.\u00a0<strong>Se l\u2019obiettivo \u00e8 contrastare la denatalit\u00e0 va da s\u00e9 che vengano attaccate tutte quelle pratiche che per la destra rientrano della definizione di \u201cideologia gender\u201d, quali l\u2019educazione sessuale nelle scuole, la carriera alias, l\u2019educazione al rispetto delle differenze.<\/strong><\/p>\n<p><img loading=\"lazy\" decoding=\"async\" class=\"aligncenter wp-image-1737222 size-full\" src=\"https:\/\/www.pressenza.com\/wp-content\/uploads\/2023\/05\/genitorialita-scelta-rit.jpg\" alt=\"\" width=\"523\" height=\"428\" srcset=\"https:\/\/www.pressenza.com\/wp-content\/uploads\/2023\/05\/genitorialita-scelta-rit.jpg 523w, https:\/\/www.pressenza.com\/wp-content\/uploads\/2023\/05\/genitorialita-scelta-rit-300x246.jpg 300w\" sizes=\"auto, (max-width: 523px) 100vw, 523px\" \/><\/p>\n<p>Foto tratta da <a href=\"https:\/\/www.facebook.com\/rivolta.femminista?locale=it_IT\">https:\/\/www.facebook.com\/rivolta.femminista?locale=it_IT<\/a><\/p>\n<p>In tutti questi anni la destra ha lavorato ovunque nel paese per tagliare i diritti conquistati. Si tratta di un attacco su tutti i fronti.\u00a0<strong>Le Marche sono solo una delle regioni dove le politiche economiche, sociali, liberiste e antiabortiste hanno intaccato una legge gi\u00e0 messa in discussione e dove il razzismo e l\u2019omolesbobitransfobia la fanno da padrone<\/strong>. In questo ultimo ventennio le destre di casa nostra hanno stretto alleanze con le forze politiche conservatrici.\u00a0<strong>Unendo i punti del puzzle dalla manif\u00a0<\/strong><em><strong>pour tous<\/strong><\/em><strong>\u00a0al\u00a0<\/strong><em><strong>family day<\/strong><\/em><strong>\u00a0per passare al congresso mondiale delle famiglie di Verona, assistiamo ad un cambio di pelle narrativo tra sovranismo, omolesbobitranfobia, razzismo, repressione delle libert\u00e0.<\/strong><\/p>\n<p>\u00c8 in atto un attacco a diritti che sono strettamente legati. Abbiamo supportato la manifestazione del 28 aprile a Roma \u201cSulla nostra pelle decidiamo noi\u201d per ribadire che non vogliamo leggi discriminatorie, attraversiamo la manifestazione del 20 maggio degli Stati genderali. E il 6 maggio la marea transfemminista di NON UNA DI MENO si riprende le strade di Ancona per urlare che vogliamo Aborto libero sicuro e gratuito. Interruzione volontaria di patriarcato.<\/p>\n<p><a href=\"https:\/\/comune-info.net\/autori\/non-una-di-meno-transterritoriale-marche\/\">Non Una di Meno Transterritoriale Marche<\/a><\/p>\n","protected":false},"excerpt":{"rendered":"<p>Il 6 maggio la marea transfemminista di Non Una di Meno occupa le strade di Ancona con una manifestazione nazionale per l\u2019interruzione volontaria di patriarcato e per difendere il diritto all\u2019aborto libero sicuro e gratuito \u2013 con quelli ad esso&hellip;<\/p>\n","protected":false},"author":1436,"featured_media":1737224,"comment_status":"closed","ping_status":"closed","sticky":false,"template":"","format":"standard","meta":{"footnotes":""},"categories":[107392,60,47,55],"tags":[388,89296,318,75632,112596,1513,9619],"class_list":["post-1737220","post","type-post","status-publish","format-standard","has-post-thumbnail","hentry","category-noticia-it","category-diritti-umani","category-europa","category-politica","tag-destra","tag-diritto-allaborto","tag-manifestazione","tag-marche-it","tag-non-una-di-meno-transterritoriale-marche","tag-obiezione-di-coscienza","tag-patriarcato"],"yoast_head":"<!-- This site is optimized with the Yoast SEO plugin v27.1.1 - https:\/\/yoast.com\/product\/yoast-seo-wordpress\/ -->\n<title>Contro le manovre patriarcali<\/title>\n<meta name=\"description\" content=\"Il 6 maggio la marea transfemminista di Non Una di Meno occupa le strade di Ancona con una manifestazione nazionale per l\u2019interruzione volontaria di\" \/>\n<meta name=\"robots\" content=\"index, follow, max-snippet:-1, max-image-preview:large, max-video-preview:-1\" \/>\n<link rel=\"canonical\" href=\"https:\/\/www.pressenza.com\/it\/2023\/05\/contro-le-manovre-patriarcali\/\" \/>\n<meta property=\"og:locale\" content=\"it_IT\" \/>\n<meta property=\"og:type\" content=\"article\" \/>\n<meta property=\"og:title\" content=\"Contro le manovre patriarcali\" \/>\n<meta property=\"og:description\" content=\"Il 6 maggio la marea transfemminista di Non Una di Meno occupa le strade di Ancona con una manifestazione nazionale per l\u2019interruzione volontaria di\" \/>\n<meta property=\"og:url\" content=\"https:\/\/www.pressenza.com\/it\/2023\/05\/contro-le-manovre-patriarcali\/\" \/>\n<meta property=\"og:site_name\" content=\"Pressenza\" \/>\n<meta property=\"article:publisher\" content=\"https:\/\/www.facebook.com\/PressenzaItalia\" \/>\n<meta property=\"article:published_time\" content=\"2023-05-05T10:10:49+00:00\" \/>\n<meta property=\"og:image\" content=\"https:\/\/www.pressenza.com\/wp-content\/uploads\/2023\/05\/6-maggio-manifestazione-Ancona.jpg\" \/>\n\t<meta property=\"og:image:width\" content=\"960\" \/>\n\t<meta property=\"og:image:height\" content=\"541\" \/>\n\t<meta property=\"og:image:type\" content=\"image\/jpeg\" \/>\n<meta name=\"author\" content=\"Comune-info\" \/>\n<meta name=\"twitter:card\" content=\"summary_large_image\" \/>\n<meta name=\"twitter:creator\" content=\"@PressenzaIPA\" \/>\n<meta name=\"twitter:site\" content=\"@PressenzaIPA\" \/>\n<meta name=\"twitter:label1\" content=\"Scritto da\" \/>\n\t<meta name=\"twitter:data1\" content=\"Comune-info\" \/>\n\t<meta name=\"twitter:label2\" content=\"Tempo di lettura stimato\" \/>\n\t<meta name=\"twitter:data2\" content=\"8 minuti\" \/>\n<script type=\"application\/ld+json\" class=\"yoast-schema-graph\">{\"@context\":\"https:\/\/schema.org\",\"@graph\":[{\"@type\":\"Article\",\"@id\":\"https:\/\/www.pressenza.com\/it\/2023\/05\/contro-le-manovre-patriarcali\/#article\",\"isPartOf\":{\"@id\":\"https:\/\/www.pressenza.com\/it\/2023\/05\/contro-le-manovre-patriarcali\/\"},\"author\":{\"name\":\"Comune-info\",\"@id\":\"https:\/\/www.pressenza.com\/it\/#\/schema\/person\/1ee2824dbc73024ca26b2ff0897954a1\"},\"headline\":\"Contro le manovre patriarcali\",\"datePublished\":\"2023-05-05T10:10:49+00:00\",\"mainEntityOfPage\":{\"@id\":\"https:\/\/www.pressenza.com\/it\/2023\/05\/contro-le-manovre-patriarcali\/\"},\"wordCount\":1344,\"publisher\":{\"@id\":\"https:\/\/www.pressenza.com\/it\/#organization\"},\"image\":{\"@id\":\"https:\/\/www.pressenza.com\/it\/2023\/05\/contro-le-manovre-patriarcali\/#primaryimage\"},\"thumbnailUrl\":\"https:\/\/www.pressenza.com\/wp-content\/uploads\/2023\/05\/6-maggio-manifestazione-Ancona.jpg\",\"keywords\":[\"destra\",\"diritto all'aborto\",\"manifestazione\",\"marche\",\"Non Una di Meno Transterritoriale Marche\",\"obiezione di coscienza\",\"patriarcato\"],\"articleSection\":[\"Cronaca\",\"Diritti Umani\",\"Europa\",\"Politica\"],\"inLanguage\":\"it-IT\"},{\"@type\":\"WebPage\",\"@id\":\"https:\/\/www.pressenza.com\/it\/2023\/05\/contro-le-manovre-patriarcali\/\",\"url\":\"https:\/\/www.pressenza.com\/it\/2023\/05\/contro-le-manovre-patriarcali\/\",\"name\":\"Contro le manovre patriarcali\",\"isPartOf\":{\"@id\":\"https:\/\/www.pressenza.com\/it\/#website\"},\"primaryImageOfPage\":{\"@id\":\"https:\/\/www.pressenza.com\/it\/2023\/05\/contro-le-manovre-patriarcali\/#primaryimage\"},\"image\":{\"@id\":\"https:\/\/www.pressenza.com\/it\/2023\/05\/contro-le-manovre-patriarcali\/#primaryimage\"},\"thumbnailUrl\":\"https:\/\/www.pressenza.com\/wp-content\/uploads\/2023\/05\/6-maggio-manifestazione-Ancona.jpg\",\"datePublished\":\"2023-05-05T10:10:49+00:00\",\"description\":\"Il 6 maggio la marea transfemminista di Non Una di Meno occupa le strade di Ancona con una manifestazione nazionale per l\u2019interruzione volontaria di\",\"breadcrumb\":{\"@id\":\"https:\/\/www.pressenza.com\/it\/2023\/05\/contro-le-manovre-patriarcali\/#breadcrumb\"},\"inLanguage\":\"it-IT\",\"potentialAction\":[{\"@type\":\"ReadAction\",\"target\":[\"https:\/\/www.pressenza.com\/it\/2023\/05\/contro-le-manovre-patriarcali\/\"]}]},{\"@type\":\"ImageObject\",\"inLanguage\":\"it-IT\",\"@id\":\"https:\/\/www.pressenza.com\/it\/2023\/05\/contro-le-manovre-patriarcali\/#primaryimage\",\"url\":\"https:\/\/www.pressenza.com\/wp-content\/uploads\/2023\/05\/6-maggio-manifestazione-Ancona.jpg\",\"contentUrl\":\"https:\/\/www.pressenza.com\/wp-content\/uploads\/2023\/05\/6-maggio-manifestazione-Ancona.jpg\",\"width\":960,\"height\":541},{\"@type\":\"BreadcrumbList\",\"@id\":\"https:\/\/www.pressenza.com\/it\/2023\/05\/contro-le-manovre-patriarcali\/#breadcrumb\",\"itemListElement\":[{\"@type\":\"ListItem\",\"position\":1,\"name\":\"Accueil\",\"item\":\"https:\/\/www.pressenza.com\/it\/\"},{\"@type\":\"ListItem\",\"position\":2,\"name\":\"Contro le manovre patriarcali\"}]},{\"@type\":\"WebSite\",\"@id\":\"https:\/\/www.pressenza.com\/it\/#website\",\"url\":\"https:\/\/www.pressenza.com\/it\/\",\"name\":\"Pressenza\",\"description\":\"Agenzia di Stampa Internazionale\",\"publisher\":{\"@id\":\"https:\/\/www.pressenza.com\/it\/#organization\"},\"potentialAction\":[{\"@type\":\"SearchAction\",\"target\":{\"@type\":\"EntryPoint\",\"urlTemplate\":\"https:\/\/www.pressenza.com\/it\/?s={search_term_string}\"},\"query-input\":{\"@type\":\"PropertyValueSpecification\",\"valueRequired\":true,\"valueName\":\"search_term_string\"}}],\"inLanguage\":\"it-IT\"},{\"@type\":\"Organization\",\"@id\":\"https:\/\/www.pressenza.com\/it\/#organization\",\"name\":\"Pressenza\",\"url\":\"https:\/\/www.pressenza.com\/it\/\",\"logo\":{\"@type\":\"ImageObject\",\"inLanguage\":\"it-IT\",\"@id\":\"https:\/\/www.pressenza.com\/it\/#\/schema\/logo\/image\/\",\"url\":\"https:\/\/www.pressenza.com\/wp-content\/uploads\/2022\/10\/pressenza_logo_200x200.jpg\",\"contentUrl\":\"https:\/\/www.pressenza.com\/wp-content\/uploads\/2022\/10\/pressenza_logo_200x200.jpg\",\"width\":200,\"height\":200,\"caption\":\"Pressenza\"},\"image\":{\"@id\":\"https:\/\/www.pressenza.com\/it\/#\/schema\/logo\/image\/\"},\"sameAs\":[\"https:\/\/www.facebook.com\/PressenzaItalia\",\"https:\/\/x.com\/PressenzaIPA\"]},{\"@type\":\"Person\",\"@id\":\"https:\/\/www.pressenza.com\/it\/#\/schema\/person\/1ee2824dbc73024ca26b2ff0897954a1\",\"name\":\"Comune-info\",\"description\":\"Informazione indipendente su beni comuni, decrescita, altra economia\",\"sameAs\":[\"http:\/\/comune-info.net\/\"],\"url\":\"https:\/\/www.pressenza.com\/it\/author\/comune-info\/\"}]}<\/script>\n<!-- \/ Yoast SEO plugin. -->","yoast_head_json":{"title":"Contro le manovre patriarcali","description":"Il 6 maggio la marea transfemminista di Non Una di Meno occupa le strade di Ancona con una manifestazione nazionale per l\u2019interruzione volontaria di","robots":{"index":"index","follow":"follow","max-snippet":"max-snippet:-1","max-image-preview":"max-image-preview:large","max-video-preview":"max-video-preview:-1"},"canonical":"https:\/\/www.pressenza.com\/it\/2023\/05\/contro-le-manovre-patriarcali\/","og_locale":"it_IT","og_type":"article","og_title":"Contro le manovre patriarcali","og_description":"Il 6 maggio la marea transfemminista di Non Una di Meno occupa le strade di Ancona con una manifestazione nazionale per l\u2019interruzione volontaria di","og_url":"https:\/\/www.pressenza.com\/it\/2023\/05\/contro-le-manovre-patriarcali\/","og_site_name":"Pressenza","article_publisher":"https:\/\/www.facebook.com\/PressenzaItalia","article_published_time":"2023-05-05T10:10:49+00:00","og_image":[{"width":960,"height":541,"url":"https:\/\/www.pressenza.com\/wp-content\/uploads\/2023\/05\/6-maggio-manifestazione-Ancona.jpg","type":"image\/jpeg"}],"author":"Comune-info","twitter_card":"summary_large_image","twitter_creator":"@PressenzaIPA","twitter_site":"@PressenzaIPA","twitter_misc":{"Scritto da":"Comune-info","Tempo di lettura stimato":"8 minuti"},"schema":{"@context":"https:\/\/schema.org","@graph":[{"@type":"Article","@id":"https:\/\/www.pressenza.com\/it\/2023\/05\/contro-le-manovre-patriarcali\/#article","isPartOf":{"@id":"https:\/\/www.pressenza.com\/it\/2023\/05\/contro-le-manovre-patriarcali\/"},"author":{"name":"Comune-info","@id":"https:\/\/www.pressenza.com\/it\/#\/schema\/person\/1ee2824dbc73024ca26b2ff0897954a1"},"headline":"Contro le manovre patriarcali","datePublished":"2023-05-05T10:10:49+00:00","mainEntityOfPage":{"@id":"https:\/\/www.pressenza.com\/it\/2023\/05\/contro-le-manovre-patriarcali\/"},"wordCount":1344,"publisher":{"@id":"https:\/\/www.pressenza.com\/it\/#organization"},"image":{"@id":"https:\/\/www.pressenza.com\/it\/2023\/05\/contro-le-manovre-patriarcali\/#primaryimage"},"thumbnailUrl":"https:\/\/www.pressenza.com\/wp-content\/uploads\/2023\/05\/6-maggio-manifestazione-Ancona.jpg","keywords":["destra","diritto all'aborto","manifestazione","marche","Non Una di Meno Transterritoriale Marche","obiezione di coscienza","patriarcato"],"articleSection":["Cronaca","Diritti Umani","Europa","Politica"],"inLanguage":"it-IT"},{"@type":"WebPage","@id":"https:\/\/www.pressenza.com\/it\/2023\/05\/contro-le-manovre-patriarcali\/","url":"https:\/\/www.pressenza.com\/it\/2023\/05\/contro-le-manovre-patriarcali\/","name":"Contro le manovre patriarcali","isPartOf":{"@id":"https:\/\/www.pressenza.com\/it\/#website"},"primaryImageOfPage":{"@id":"https:\/\/www.pressenza.com\/it\/2023\/05\/contro-le-manovre-patriarcali\/#primaryimage"},"image":{"@id":"https:\/\/www.pressenza.com\/it\/2023\/05\/contro-le-manovre-patriarcali\/#primaryimage"},"thumbnailUrl":"https:\/\/www.pressenza.com\/wp-content\/uploads\/2023\/05\/6-maggio-manifestazione-Ancona.jpg","datePublished":"2023-05-05T10:10:49+00:00","description":"Il 6 maggio la marea transfemminista di Non Una di Meno occupa le strade di Ancona con una manifestazione nazionale per l\u2019interruzione volontaria di","breadcrumb":{"@id":"https:\/\/www.pressenza.com\/it\/2023\/05\/contro-le-manovre-patriarcali\/#breadcrumb"},"inLanguage":"it-IT","potentialAction":[{"@type":"ReadAction","target":["https:\/\/www.pressenza.com\/it\/2023\/05\/contro-le-manovre-patriarcali\/"]}]},{"@type":"ImageObject","inLanguage":"it-IT","@id":"https:\/\/www.pressenza.com\/it\/2023\/05\/contro-le-manovre-patriarcali\/#primaryimage","url":"https:\/\/www.pressenza.com\/wp-content\/uploads\/2023\/05\/6-maggio-manifestazione-Ancona.jpg","contentUrl":"https:\/\/www.pressenza.com\/wp-content\/uploads\/2023\/05\/6-maggio-manifestazione-Ancona.jpg","width":960,"height":541},{"@type":"BreadcrumbList","@id":"https:\/\/www.pressenza.com\/it\/2023\/05\/contro-le-manovre-patriarcali\/#breadcrumb","itemListElement":[{"@type":"ListItem","position":1,"name":"Accueil","item":"https:\/\/www.pressenza.com\/it\/"},{"@type":"ListItem","position":2,"name":"Contro le manovre patriarcali"}]},{"@type":"WebSite","@id":"https:\/\/www.pressenza.com\/it\/#website","url":"https:\/\/www.pressenza.com\/it\/","name":"Pressenza","description":"Agenzia di Stampa Internazionale","publisher":{"@id":"https:\/\/www.pressenza.com\/it\/#organization"},"potentialAction":[{"@type":"SearchAction","target":{"@type":"EntryPoint","urlTemplate":"https:\/\/www.pressenza.com\/it\/?s={search_term_string}"},"query-input":{"@type":"PropertyValueSpecification","valueRequired":true,"valueName":"search_term_string"}}],"inLanguage":"it-IT"},{"@type":"Organization","@id":"https:\/\/www.pressenza.com\/it\/#organization","name":"Pressenza","url":"https:\/\/www.pressenza.com\/it\/","logo":{"@type":"ImageObject","inLanguage":"it-IT","@id":"https:\/\/www.pressenza.com\/it\/#\/schema\/logo\/image\/","url":"https:\/\/www.pressenza.com\/wp-content\/uploads\/2022\/10\/pressenza_logo_200x200.jpg","contentUrl":"https:\/\/www.pressenza.com\/wp-content\/uploads\/2022\/10\/pressenza_logo_200x200.jpg","width":200,"height":200,"caption":"Pressenza"},"image":{"@id":"https:\/\/www.pressenza.com\/it\/#\/schema\/logo\/image\/"},"sameAs":["https:\/\/www.facebook.com\/PressenzaItalia","https:\/\/x.com\/PressenzaIPA"]},{"@type":"Person","@id":"https:\/\/www.pressenza.com\/it\/#\/schema\/person\/1ee2824dbc73024ca26b2ff0897954a1","name":"Comune-info","description":"Informazione indipendente su beni comuni, decrescita, altra economia","sameAs":["http:\/\/comune-info.net\/"],"url":"https:\/\/www.pressenza.com\/it\/author\/comune-info\/"}]}},"place":"","original_article_url":"https:\/\/comune-info.net\/contro-le-manovre-patriarcali\/?utm_source=mailpoet&utm_medium=email&utm_campaign=+Il+clima+e+le+cavie+della+geoingegneria","_links":{"self":[{"href":"https:\/\/www.pressenza.com\/it\/wp-json\/wp\/v2\/posts\/1737220","targetHints":{"allow":["GET"]}}],"collection":[{"href":"https:\/\/www.pressenza.com\/it\/wp-json\/wp\/v2\/posts"}],"about":[{"href":"https:\/\/www.pressenza.com\/it\/wp-json\/wp\/v2\/types\/post"}],"author":[{"embeddable":true,"href":"https:\/\/www.pressenza.com\/it\/wp-json\/wp\/v2\/users\/1436"}],"replies":[{"embeddable":true,"href":"https:\/\/www.pressenza.com\/it\/wp-json\/wp\/v2\/comments?post=1737220"}],"version-history":[{"count":0,"href":"https:\/\/www.pressenza.com\/it\/wp-json\/wp\/v2\/posts\/1737220\/revisions"}],"wp:featuredmedia":[{"embeddable":true,"href":"https:\/\/www.pressenza.com\/it\/wp-json\/wp\/v2\/media\/1737224"}],"wp:attachment":[{"href":"https:\/\/www.pressenza.com\/it\/wp-json\/wp\/v2\/media?parent=1737220"}],"wp:term":[{"taxonomy":"category","embeddable":true,"href":"https:\/\/www.pressenza.com\/it\/wp-json\/wp\/v2\/categories?post=1737220"},{"taxonomy":"post_tag","embeddable":true,"href":"https:\/\/www.pressenza.com\/it\/wp-json\/wp\/v2\/tags?post=1737220"}],"curies":[{"name":"wp","href":"https:\/\/api.w.org\/{rel}","templated":true}]}}