{"id":1736643,"date":"2023-05-02T14:05:13","date_gmt":"2023-05-02T13:05:13","guid":{"rendered":"https:\/\/www.pressenza.com\/?p=1736643"},"modified":"2023-05-02T23:07:56","modified_gmt":"2023-05-02T22:07:56","slug":"torino-laboratorio-di-repressione-ma-anche-di-avanguardia-politica-della-sinistra-la-questura-e-attenzionata","status":"publish","type":"post","link":"https:\/\/www.pressenza.com\/it\/2023\/05\/torino-laboratorio-di-repressione-ma-anche-di-avanguardia-politica-della-sinistra-la-questura-e-attenzionata\/","title":{"rendered":"Torino, laboratorio di repressione ma anche di avanguardia politica della sinistra: la Questura \u00e8 attenzionata?"},"content":{"rendered":"<h2>Come spesso accade Torino \u00e8, nel bene e nel male, un&#8217;avanguardia<\/h2>\n<p><a href=\"https:\/\/www.pressenza.com\/it\/2023\/05\/1-maggio-a-torino-dopo-anni-di-cariche-della-polizia-questanno-niente-manganellate\/\" target=\"_blank\" rel=\"noopener\">I fatti di ieri del 1\u00b0 maggio<\/a> sono certamente di grande importanza, come lo sono i numeri del &#8220;prima&#8221; e del &#8220;dopo&#8221;: del comizio dei sindacati confederali (prima) e quello della base sociale (dopo) nelle foto di copertina.<\/p>\n<p>L&#8217;ordine pubblico, per dirla in &#8220;burocratese&#8221; o meglio la garanzia costituzionale del diritto a manifestare in sicurezza \u00e8 stato possibile grazie ad un lavoro della galassia, fatta di soggetti politici, cittadinanza attiva, base sociale, della sinistra torinese.<\/p>\n<p>Sono state fatte pressioni democratiche sia nei confronti della Questura che nei confronti dei sindacati confederali che abbiamo gi\u00e0 definito &#8220;del palco&#8221; ovvero quelli che di consueto monopolizzano il palco di piazza S. Carlo a Torino durante le celebrazioni del 1\u00b0 maggio.<\/p>\n<p>L&#8217;ordine pubblico \u00e8 quindi stato di fatto garantito dalla sinistra che ha lavorato affinch\u00e9 a turbarlo non ci fossero cariche &#8220;a freddo&#8221;, ovvero in assenza di tensioni nel corteo, da parte delle FFOO, come ad esempio <a href=\"https:\/\/www.pressenza.com\/it\/2022\/05\/1-maggio-a-torino-ancora-manganellate\/\" target=\"_blank\" rel=\"noopener\">\u00e8 successo l&#8217;anno scorso<\/a>.<\/p>\n<p>Ora veniamo al PD: questo <a href=\"https:\/\/www.facebook.com\/gruppopdtorino\/posts\/pfbid0zisUF7SkYZGWsta1WbVqrVeDw3mBZ4q16jFwjErQMeRHk1Ftrt97tf4dtbQc4N3vl\" target=\"_blank\" rel=\"noopener\">post su Facebook<\/a>\u00a0 dimostra che questo soggetto politico continua irresponsabilmente a cercare di alzare il livello di scontro. Un PD guerrafondaio, lo \u00e8 dal &#8217;99, dall&#8217;intervento in Kosovo di D&#8217;Alema, linea politica che condivide in perfetta sintonia con le destre. Abbiamo assistito ad anni e anni di governi DS\/PD in cui sono state attuate politiche in perfetta continuit\u00e0 con i Governi di destra che si sono succeduti. Ma guerrafondaio anche nei confronti della base sociale. Quello che \u00e8 difficile non definire come una sorta di &#8220;odio politico&#8221;, ostentato anche in questo post, nei confronti della base sociale, \u00e8 in perfetta sintonia con le destre. Avversione spacciata, con la consueta ipocrisia, per superiorit\u00e0 morale. Questo soggetto politico, che da anni si arroga il diritto di usare la parola &#8220;sinistra&#8221; &#8211; variamente coniugata &#8211; per autodefinirsi, mostra di disprezzare quello che per la sinistra \u00e8 il bacino di dialogo per definizione.<\/p>\n<p>La sinistra non pu\u00f2 che sostenere le istanze della base sociale quando \u00e8 all&#8217;opposizione e farle proprie quando \u00e8 in maggioranza. Un pungolo, a volte anche scomodo, che tuttavia \u00e8 il portavoce legittimo di quella fascia di cittadini a cui la sinistra deve guardare, i cui problemi deve risolvere: la fascia dei meno abbienti.<\/p>\n<p>Il lavoro fatto il primo maggio a tutela di uno spazio sicuro per tutti i manifestanti \u00e8 la dimostrazione di ci\u00f2 che sta avvenendo a Torino, soggetti e realt\u00e0 della sinistra stanno, seppur nelle differenze, cominciando a guardare nella stessa direzione.<\/p>\n<p>Ma da osservatori abbiamo un&#8217;altra sensazione che ci deriva dalla nostra consuetudine con gli ambienti della sinistra cittadina: che la Questura stia cominciando ad essere attenzionata. Questo avviene su due macro direttrici: la gestione dell&#8217;ordine pubblico nella Citt\u00e0 Metropolitana e la gestione dei migranti.<\/p>\n<p>La pioggia di denunce di provvedimenti che stanno investendo i movimenti a difesa dell&#8217;ambiente, cominciano a destare un grosso campanello d&#8217;allarme. Una ridda di ipotesi di reato che destano diverse perplessit\u00e0. La sensazione \u00e8 che venga percepito un fitto fuoco di provvedimenti che sembra volto a trovare &#8220;nel mucchio&#8221; il PM e il GIP disposti a portare avanti i fascicoli. Provvedimenti che sempre pi\u00f9 sembrano, tra l&#8217;altro, dare la sensazione che vengano percepiti dall&#8217;opinione pubblica della sinistra come un dannoso intasamento della Procura e del Tribunale.<\/p>\n<p>C&#8217;\u00e8 <a href=\"https:\/\/www.pressenza.com\/it\/2023\/04\/torino-immigrazione-asgi-presidio-davanti-allufficio-stranieri-della-questura\/\" target=\"_blank\" rel=\"noopener\">particolare attenzione<\/a> anche per quanto riguarda la gestione dell&#8217;ufficio stranieri di corso Verona, i cui disservizi creano disagio alle persone migranti e alla cittadinanza.<\/p>\n<p>Sempre riguardo al 1\u00b0 maggio a Torino Attac e il Comitato per l&#8217;Acqua Pubblica hanno diramato <a href=\"https:\/\/www.acquabenecomunetorino.org\/index.php\/articoli\/1729-sicurezza-e-stare-a-casa-il-primo-maggio\" target=\"_blank\" rel=\"noopener\">questa denuncia<\/a>.<\/p>\n<p>La Segreteria provinciale di Rifondazione dichiara:<\/p>\n<blockquote><p>Un 1\u00b0 maggio senza scontri di piazza, contrariamente alle \u201cgufate\u201d interessate di molti organi di informazione. Un risultato dovuto all\u2019impegno di quelle aggregazioni associative, sindacali, politiche che hanno lavorato per garantire a tutte le componenti della manifestazione il diritto di manifestare liberamente, esprimendo ciascuna i propri contenuti. Si e\u2019 indicato, cos\u00ec, che e\u2019 possibile una gestione autonoma della piazza, svincolandosi dalle logiche da ordine pubblico che hanno caratterizzato la giornata del 1\u00b0 maggio negli ultimi anni; anche se, alla fine, una parte consistente del corteo ha potuto fare ingresso in piazza S. Carlo soltanto a comizi conclusi. Si pu\u00f2 comunque interpretare questa giornata come un viatico per una possibile ripresa delle mobilitazioni dei lavoratori e delle lavoratrici nel nostro Paese, come l\u2019esempio della vicina Francia sta indicare: senza alcun unanimismo, sviluppando lotta e conflitto partecipato contro guerra e carovita, per difendere e sviluppare Welfare e servizi sociali, a partire dalla Sanit\u00e0.<\/p><\/blockquote>\n<p>E&#8217; questo il contesto nel quale si sta muovendo la sinistra torinese, che sembra stia trovando sul territorio, come da anni non succedeva, convergenze sempre pi\u00f9 ampie.<\/p>\n","protected":false},"excerpt":{"rendered":"<p>Come spesso accade Torino \u00e8, nel bene e nel male, un&#8217;avanguardia I fatti di ieri del 1\u00b0 maggio sono certamente di grande importanza, come lo sono i numeri del &#8220;prima&#8221; e del &#8220;dopo&#8221;: del comizio dei sindacati confederali (prima) e&hellip;<\/p>\n","protected":false},"author":1723,"featured_media":1736647,"comment_status":"closed","ping_status":"closed","sticky":false,"template":"","format":"standard","meta":{"footnotes":""},"categories":[11388,47,162,55],"tags":[15999,10153,4653,4542],"class_list":["post-1736643","post","type-post","status-publish","format-standard","has-post-thumbnail","hentry","category-contenuti-originali","category-europa","category-opinioni","category-politica","tag-1-maggio","tag-festa-della-liberazione","tag-primo-maggio","tag-sinistra"],"yoast_head":"<!-- This site is optimized with the Yoast SEO plugin v27.1.1 - https:\/\/yoast.com\/product\/yoast-seo-wordpress\/ -->\n<title>Torino, laboratorio di repressione ma anche di avanguardia politica della sinistra: la Questura \u00e8 attenzionata?<\/title>\n<meta name=\"description\" content=\"Come spesso accade Torino \u00e8, nel bene e nel male, un&#039;avanguardia. I fatti di ieri, 1\u00b0 maggio, sono certamente di grande importanza\" \/>\n<meta name=\"robots\" content=\"index, follow, max-snippet:-1, max-image-preview:large, max-video-preview:-1\" \/>\n<link rel=\"canonical\" href=\"https:\/\/www.pressenza.com\/it\/2023\/05\/torino-laboratorio-di-repressione-ma-anche-di-avanguardia-politica-della-sinistra-la-questura-e-attenzionata\/\" \/>\n<meta property=\"og:locale\" content=\"it_IT\" \/>\n<meta property=\"og:type\" content=\"article\" \/>\n<meta property=\"og:title\" content=\"Torino, laboratorio di repressione ma anche di avanguardia politica della sinistra: la Questura \u00e8 attenzionata?\" \/>\n<meta property=\"og:description\" content=\"Come spesso accade Torino \u00e8, nel bene e nel male, un&#039;avanguardia. I fatti di ieri, 1\u00b0 maggio, sono certamente di grande importanza\" \/>\n<meta property=\"og:url\" content=\"https:\/\/www.pressenza.com\/it\/2023\/05\/torino-laboratorio-di-repressione-ma-anche-di-avanguardia-politica-della-sinistra-la-questura-e-attenzionata\/\" \/>\n<meta property=\"og:site_name\" content=\"Pressenza\" \/>\n<meta property=\"article:publisher\" content=\"https:\/\/www.facebook.com\/PressenzaItalia\" \/>\n<meta property=\"article:author\" content=\"https:\/\/www.facebook.com\/fmaffio\/\" \/>\n<meta property=\"article:published_time\" content=\"2023-05-02T13:05:13+00:00\" \/>\n<meta property=\"article:modified_time\" content=\"2023-05-02T22:07:56+00:00\" \/>\n<meta property=\"og:image\" content=\"https:\/\/www.pressenza.com\/wp-content\/uploads\/2023\/05\/1\u00b0-maggio-Luca-Perino.jpg\" \/>\n\t<meta property=\"og:image:width\" content=\"1280\" \/>\n\t<meta property=\"og:image:height\" content=\"1280\" \/>\n\t<meta property=\"og:image:type\" content=\"image\/jpeg\" \/>\n<meta name=\"author\" content=\"Fabrizio Maffioletti\" \/>\n<meta name=\"twitter:card\" content=\"summary_large_image\" \/>\n<meta name=\"twitter:creator\" content=\"@PressenzaIPA\" \/>\n<meta name=\"twitter:site\" content=\"@PressenzaIPA\" \/>\n<meta name=\"twitter:label1\" content=\"Scritto da\" \/>\n\t<meta name=\"twitter:data1\" content=\"Fabrizio Maffioletti\" \/>\n\t<meta name=\"twitter:label2\" content=\"Tempo di lettura stimato\" \/>\n\t<meta name=\"twitter:data2\" content=\"5 minuti\" \/>\n<script type=\"application\/ld+json\" class=\"yoast-schema-graph\">{\"@context\":\"https:\/\/schema.org\",\"@graph\":[{\"@type\":\"Article\",\"@id\":\"https:\/\/www.pressenza.com\/it\/2023\/05\/torino-laboratorio-di-repressione-ma-anche-di-avanguardia-politica-della-sinistra-la-questura-e-attenzionata\/#article\",\"isPartOf\":{\"@id\":\"https:\/\/www.pressenza.com\/it\/2023\/05\/torino-laboratorio-di-repressione-ma-anche-di-avanguardia-politica-della-sinistra-la-questura-e-attenzionata\/\"},\"author\":{\"name\":\"Fabrizio Maffioletti\",\"@id\":\"https:\/\/www.pressenza.com\/it\/#\/schema\/person\/6218806028e28ec49d45bcf24895f80a\"},\"headline\":\"Torino, laboratorio di repressione ma anche di avanguardia politica della sinistra: la Questura \u00e8 attenzionata?\",\"datePublished\":\"2023-05-02T13:05:13+00:00\",\"dateModified\":\"2023-05-02T22:07:56+00:00\",\"mainEntityOfPage\":{\"@id\":\"https:\/\/www.pressenza.com\/it\/2023\/05\/torino-laboratorio-di-repressione-ma-anche-di-avanguardia-politica-della-sinistra-la-questura-e-attenzionata\/\"},\"wordCount\":787,\"publisher\":{\"@id\":\"https:\/\/www.pressenza.com\/it\/#organization\"},\"image\":{\"@id\":\"https:\/\/www.pressenza.com\/it\/2023\/05\/torino-laboratorio-di-repressione-ma-anche-di-avanguardia-politica-della-sinistra-la-questura-e-attenzionata\/#primaryimage\"},\"thumbnailUrl\":\"https:\/\/www.pressenza.com\/wp-content\/uploads\/2023\/05\/1\u00b0-maggio-Luca-Perino.jpg\",\"keywords\":[\"1\u00b0 maggio\",\"festa della liberazione\",\"Primo maggio\",\"sinistra\"],\"articleSection\":[\"contenuti originali\",\"Europa\",\"Opinioni\",\"Politica\"],\"inLanguage\":\"it-IT\"},{\"@type\":\"WebPage\",\"@id\":\"https:\/\/www.pressenza.com\/it\/2023\/05\/torino-laboratorio-di-repressione-ma-anche-di-avanguardia-politica-della-sinistra-la-questura-e-attenzionata\/\",\"url\":\"https:\/\/www.pressenza.com\/it\/2023\/05\/torino-laboratorio-di-repressione-ma-anche-di-avanguardia-politica-della-sinistra-la-questura-e-attenzionata\/\",\"name\":\"Torino, laboratorio di repressione ma anche di avanguardia politica della sinistra: la Questura \u00e8 attenzionata?\",\"isPartOf\":{\"@id\":\"https:\/\/www.pressenza.com\/it\/#website\"},\"primaryImageOfPage\":{\"@id\":\"https:\/\/www.pressenza.com\/it\/2023\/05\/torino-laboratorio-di-repressione-ma-anche-di-avanguardia-politica-della-sinistra-la-questura-e-attenzionata\/#primaryimage\"},\"image\":{\"@id\":\"https:\/\/www.pressenza.com\/it\/2023\/05\/torino-laboratorio-di-repressione-ma-anche-di-avanguardia-politica-della-sinistra-la-questura-e-attenzionata\/#primaryimage\"},\"thumbnailUrl\":\"https:\/\/www.pressenza.com\/wp-content\/uploads\/2023\/05\/1\u00b0-maggio-Luca-Perino.jpg\",\"datePublished\":\"2023-05-02T13:05:13+00:00\",\"dateModified\":\"2023-05-02T22:07:56+00:00\",\"description\":\"Come spesso accade Torino \u00e8, nel bene e nel male, un'avanguardia. I fatti di ieri, 1\u00b0 maggio, sono certamente di grande importanza\",\"breadcrumb\":{\"@id\":\"https:\/\/www.pressenza.com\/it\/2023\/05\/torino-laboratorio-di-repressione-ma-anche-di-avanguardia-politica-della-sinistra-la-questura-e-attenzionata\/#breadcrumb\"},\"inLanguage\":\"it-IT\",\"potentialAction\":[{\"@type\":\"ReadAction\",\"target\":[\"https:\/\/www.pressenza.com\/it\/2023\/05\/torino-laboratorio-di-repressione-ma-anche-di-avanguardia-politica-della-sinistra-la-questura-e-attenzionata\/\"]}]},{\"@type\":\"ImageObject\",\"inLanguage\":\"it-IT\",\"@id\":\"https:\/\/www.pressenza.com\/it\/2023\/05\/torino-laboratorio-di-repressione-ma-anche-di-avanguardia-politica-della-sinistra-la-questura-e-attenzionata\/#primaryimage\",\"url\":\"https:\/\/www.pressenza.com\/wp-content\/uploads\/2023\/05\/1\u00b0-maggio-Luca-Perino.jpg\",\"contentUrl\":\"https:\/\/www.pressenza.com\/wp-content\/uploads\/2023\/05\/1\u00b0-maggio-Luca-Perino.jpg\",\"width\":1280,\"height\":1280},{\"@type\":\"BreadcrumbList\",\"@id\":\"https:\/\/www.pressenza.com\/it\/2023\/05\/torino-laboratorio-di-repressione-ma-anche-di-avanguardia-politica-della-sinistra-la-questura-e-attenzionata\/#breadcrumb\",\"itemListElement\":[{\"@type\":\"ListItem\",\"position\":1,\"name\":\"Accueil\",\"item\":\"https:\/\/www.pressenza.com\/it\/\"},{\"@type\":\"ListItem\",\"position\":2,\"name\":\"Torino, laboratorio di repressione ma anche di avanguardia politica della sinistra: la Questura \u00e8 attenzionata?\"}]},{\"@type\":\"WebSite\",\"@id\":\"https:\/\/www.pressenza.com\/it\/#website\",\"url\":\"https:\/\/www.pressenza.com\/it\/\",\"name\":\"Pressenza\",\"description\":\"Agenzia di Stampa Internazionale\",\"publisher\":{\"@id\":\"https:\/\/www.pressenza.com\/it\/#organization\"},\"potentialAction\":[{\"@type\":\"SearchAction\",\"target\":{\"@type\":\"EntryPoint\",\"urlTemplate\":\"https:\/\/www.pressenza.com\/it\/?s={search_term_string}\"},\"query-input\":{\"@type\":\"PropertyValueSpecification\",\"valueRequired\":true,\"valueName\":\"search_term_string\"}}],\"inLanguage\":\"it-IT\"},{\"@type\":\"Organization\",\"@id\":\"https:\/\/www.pressenza.com\/it\/#organization\",\"name\":\"Pressenza\",\"url\":\"https:\/\/www.pressenza.com\/it\/\",\"logo\":{\"@type\":\"ImageObject\",\"inLanguage\":\"it-IT\",\"@id\":\"https:\/\/www.pressenza.com\/it\/#\/schema\/logo\/image\/\",\"url\":\"https:\/\/www.pressenza.com\/wp-content\/uploads\/2022\/10\/pressenza_logo_200x200.jpg\",\"contentUrl\":\"https:\/\/www.pressenza.com\/wp-content\/uploads\/2022\/10\/pressenza_logo_200x200.jpg\",\"width\":200,\"height\":200,\"caption\":\"Pressenza\"},\"image\":{\"@id\":\"https:\/\/www.pressenza.com\/it\/#\/schema\/logo\/image\/\"},\"sameAs\":[\"https:\/\/www.facebook.com\/PressenzaItalia\",\"https:\/\/x.com\/PressenzaIPA\"]},{\"@type\":\"Person\",\"@id\":\"https:\/\/www.pressenza.com\/it\/#\/schema\/person\/6218806028e28ec49d45bcf24895f80a\",\"name\":\"Fabrizio Maffioletti\",\"description\":\"Editorialista, fotoreporter, videomaker. Specializzato in tematiche di: nonviolenza, nondiscriminazione, intersezionalit\u00e0, migrazioni, diritti civili, giustizia sociale, giustizia ambientale. Fotografa praticamente da sempre, specializzato in fotografia street e social.\",\"sameAs\":[\"https:\/\/fabriziomaffioletti.it\/\",\"https:\/\/www.facebook.com\/fmaffio\/\"],\"url\":\"https:\/\/www.pressenza.com\/it\/author\/fabrizio-maffioletti\/\"}]}<\/script>\n<!-- \/ Yoast SEO plugin. -->","yoast_head_json":{"title":"Torino, laboratorio di repressione ma anche di avanguardia politica della sinistra: la Questura \u00e8 attenzionata?","description":"Come spesso accade Torino \u00e8, nel bene e nel male, un'avanguardia. I fatti di ieri, 1\u00b0 maggio, sono certamente di grande importanza","robots":{"index":"index","follow":"follow","max-snippet":"max-snippet:-1","max-image-preview":"max-image-preview:large","max-video-preview":"max-video-preview:-1"},"canonical":"https:\/\/www.pressenza.com\/it\/2023\/05\/torino-laboratorio-di-repressione-ma-anche-di-avanguardia-politica-della-sinistra-la-questura-e-attenzionata\/","og_locale":"it_IT","og_type":"article","og_title":"Torino, laboratorio di repressione ma anche di avanguardia politica della sinistra: la Questura \u00e8 attenzionata?","og_description":"Come spesso accade Torino \u00e8, nel bene e nel male, un'avanguardia. I fatti di ieri, 1\u00b0 maggio, sono certamente di grande importanza","og_url":"https:\/\/www.pressenza.com\/it\/2023\/05\/torino-laboratorio-di-repressione-ma-anche-di-avanguardia-politica-della-sinistra-la-questura-e-attenzionata\/","og_site_name":"Pressenza","article_publisher":"https:\/\/www.facebook.com\/PressenzaItalia","article_author":"https:\/\/www.facebook.com\/fmaffio\/","article_published_time":"2023-05-02T13:05:13+00:00","article_modified_time":"2023-05-02T22:07:56+00:00","og_image":[{"width":1280,"height":1280,"url":"https:\/\/www.pressenza.com\/wp-content\/uploads\/2023\/05\/1\u00b0-maggio-Luca-Perino.jpg","type":"image\/jpeg"}],"author":"Fabrizio Maffioletti","twitter_card":"summary_large_image","twitter_creator":"@PressenzaIPA","twitter_site":"@PressenzaIPA","twitter_misc":{"Scritto da":"Fabrizio Maffioletti","Tempo di lettura stimato":"5 minuti"},"schema":{"@context":"https:\/\/schema.org","@graph":[{"@type":"Article","@id":"https:\/\/www.pressenza.com\/it\/2023\/05\/torino-laboratorio-di-repressione-ma-anche-di-avanguardia-politica-della-sinistra-la-questura-e-attenzionata\/#article","isPartOf":{"@id":"https:\/\/www.pressenza.com\/it\/2023\/05\/torino-laboratorio-di-repressione-ma-anche-di-avanguardia-politica-della-sinistra-la-questura-e-attenzionata\/"},"author":{"name":"Fabrizio Maffioletti","@id":"https:\/\/www.pressenza.com\/it\/#\/schema\/person\/6218806028e28ec49d45bcf24895f80a"},"headline":"Torino, laboratorio di repressione ma anche di avanguardia politica della sinistra: la Questura \u00e8 attenzionata?","datePublished":"2023-05-02T13:05:13+00:00","dateModified":"2023-05-02T22:07:56+00:00","mainEntityOfPage":{"@id":"https:\/\/www.pressenza.com\/it\/2023\/05\/torino-laboratorio-di-repressione-ma-anche-di-avanguardia-politica-della-sinistra-la-questura-e-attenzionata\/"},"wordCount":787,"publisher":{"@id":"https:\/\/www.pressenza.com\/it\/#organization"},"image":{"@id":"https:\/\/www.pressenza.com\/it\/2023\/05\/torino-laboratorio-di-repressione-ma-anche-di-avanguardia-politica-della-sinistra-la-questura-e-attenzionata\/#primaryimage"},"thumbnailUrl":"https:\/\/www.pressenza.com\/wp-content\/uploads\/2023\/05\/1\u00b0-maggio-Luca-Perino.jpg","keywords":["1\u00b0 maggio","festa della liberazione","Primo maggio","sinistra"],"articleSection":["contenuti originali","Europa","Opinioni","Politica"],"inLanguage":"it-IT"},{"@type":"WebPage","@id":"https:\/\/www.pressenza.com\/it\/2023\/05\/torino-laboratorio-di-repressione-ma-anche-di-avanguardia-politica-della-sinistra-la-questura-e-attenzionata\/","url":"https:\/\/www.pressenza.com\/it\/2023\/05\/torino-laboratorio-di-repressione-ma-anche-di-avanguardia-politica-della-sinistra-la-questura-e-attenzionata\/","name":"Torino, laboratorio di repressione ma anche di avanguardia politica della sinistra: la Questura \u00e8 attenzionata?","isPartOf":{"@id":"https:\/\/www.pressenza.com\/it\/#website"},"primaryImageOfPage":{"@id":"https:\/\/www.pressenza.com\/it\/2023\/05\/torino-laboratorio-di-repressione-ma-anche-di-avanguardia-politica-della-sinistra-la-questura-e-attenzionata\/#primaryimage"},"image":{"@id":"https:\/\/www.pressenza.com\/it\/2023\/05\/torino-laboratorio-di-repressione-ma-anche-di-avanguardia-politica-della-sinistra-la-questura-e-attenzionata\/#primaryimage"},"thumbnailUrl":"https:\/\/www.pressenza.com\/wp-content\/uploads\/2023\/05\/1\u00b0-maggio-Luca-Perino.jpg","datePublished":"2023-05-02T13:05:13+00:00","dateModified":"2023-05-02T22:07:56+00:00","description":"Come spesso accade Torino \u00e8, nel bene e nel male, un'avanguardia. I fatti di ieri, 1\u00b0 maggio, sono certamente di grande importanza","breadcrumb":{"@id":"https:\/\/www.pressenza.com\/it\/2023\/05\/torino-laboratorio-di-repressione-ma-anche-di-avanguardia-politica-della-sinistra-la-questura-e-attenzionata\/#breadcrumb"},"inLanguage":"it-IT","potentialAction":[{"@type":"ReadAction","target":["https:\/\/www.pressenza.com\/it\/2023\/05\/torino-laboratorio-di-repressione-ma-anche-di-avanguardia-politica-della-sinistra-la-questura-e-attenzionata\/"]}]},{"@type":"ImageObject","inLanguage":"it-IT","@id":"https:\/\/www.pressenza.com\/it\/2023\/05\/torino-laboratorio-di-repressione-ma-anche-di-avanguardia-politica-della-sinistra-la-questura-e-attenzionata\/#primaryimage","url":"https:\/\/www.pressenza.com\/wp-content\/uploads\/2023\/05\/1\u00b0-maggio-Luca-Perino.jpg","contentUrl":"https:\/\/www.pressenza.com\/wp-content\/uploads\/2023\/05\/1\u00b0-maggio-Luca-Perino.jpg","width":1280,"height":1280},{"@type":"BreadcrumbList","@id":"https:\/\/www.pressenza.com\/it\/2023\/05\/torino-laboratorio-di-repressione-ma-anche-di-avanguardia-politica-della-sinistra-la-questura-e-attenzionata\/#breadcrumb","itemListElement":[{"@type":"ListItem","position":1,"name":"Accueil","item":"https:\/\/www.pressenza.com\/it\/"},{"@type":"ListItem","position":2,"name":"Torino, laboratorio di repressione ma anche di avanguardia politica della sinistra: la Questura \u00e8 attenzionata?"}]},{"@type":"WebSite","@id":"https:\/\/www.pressenza.com\/it\/#website","url":"https:\/\/www.pressenza.com\/it\/","name":"Pressenza","description":"Agenzia di Stampa Internazionale","publisher":{"@id":"https:\/\/www.pressenza.com\/it\/#organization"},"potentialAction":[{"@type":"SearchAction","target":{"@type":"EntryPoint","urlTemplate":"https:\/\/www.pressenza.com\/it\/?s={search_term_string}"},"query-input":{"@type":"PropertyValueSpecification","valueRequired":true,"valueName":"search_term_string"}}],"inLanguage":"it-IT"},{"@type":"Organization","@id":"https:\/\/www.pressenza.com\/it\/#organization","name":"Pressenza","url":"https:\/\/www.pressenza.com\/it\/","logo":{"@type":"ImageObject","inLanguage":"it-IT","@id":"https:\/\/www.pressenza.com\/it\/#\/schema\/logo\/image\/","url":"https:\/\/www.pressenza.com\/wp-content\/uploads\/2022\/10\/pressenza_logo_200x200.jpg","contentUrl":"https:\/\/www.pressenza.com\/wp-content\/uploads\/2022\/10\/pressenza_logo_200x200.jpg","width":200,"height":200,"caption":"Pressenza"},"image":{"@id":"https:\/\/www.pressenza.com\/it\/#\/schema\/logo\/image\/"},"sameAs":["https:\/\/www.facebook.com\/PressenzaItalia","https:\/\/x.com\/PressenzaIPA"]},{"@type":"Person","@id":"https:\/\/www.pressenza.com\/it\/#\/schema\/person\/6218806028e28ec49d45bcf24895f80a","name":"Fabrizio Maffioletti","description":"Editorialista, fotoreporter, videomaker. Specializzato in tematiche di: nonviolenza, nondiscriminazione, intersezionalit\u00e0, migrazioni, diritti civili, giustizia sociale, giustizia ambientale. Fotografa praticamente da sempre, specializzato in fotografia street e social.","sameAs":["https:\/\/fabriziomaffioletti.it\/","https:\/\/www.facebook.com\/fmaffio\/"],"url":"https:\/\/www.pressenza.com\/it\/author\/fabrizio-maffioletti\/"}]}},"place":"Torino","original_article_url":"","_links":{"self":[{"href":"https:\/\/www.pressenza.com\/it\/wp-json\/wp\/v2\/posts\/1736643","targetHints":{"allow":["GET"]}}],"collection":[{"href":"https:\/\/www.pressenza.com\/it\/wp-json\/wp\/v2\/posts"}],"about":[{"href":"https:\/\/www.pressenza.com\/it\/wp-json\/wp\/v2\/types\/post"}],"author":[{"embeddable":true,"href":"https:\/\/www.pressenza.com\/it\/wp-json\/wp\/v2\/users\/1723"}],"replies":[{"embeddable":true,"href":"https:\/\/www.pressenza.com\/it\/wp-json\/wp\/v2\/comments?post=1736643"}],"version-history":[{"count":0,"href":"https:\/\/www.pressenza.com\/it\/wp-json\/wp\/v2\/posts\/1736643\/revisions"}],"wp:featuredmedia":[{"embeddable":true,"href":"https:\/\/www.pressenza.com\/it\/wp-json\/wp\/v2\/media\/1736647"}],"wp:attachment":[{"href":"https:\/\/www.pressenza.com\/it\/wp-json\/wp\/v2\/media?parent=1736643"}],"wp:term":[{"taxonomy":"category","embeddable":true,"href":"https:\/\/www.pressenza.com\/it\/wp-json\/wp\/v2\/categories?post=1736643"},{"taxonomy":"post_tag","embeddable":true,"href":"https:\/\/www.pressenza.com\/it\/wp-json\/wp\/v2\/tags?post=1736643"}],"curies":[{"name":"wp","href":"https:\/\/api.w.org\/{rel}","templated":true}]}}