{"id":1734763,"date":"2023-04-23T14:51:36","date_gmt":"2023-04-23T13:51:36","guid":{"rendered":"https:\/\/www.pressenza.com\/?p=1734763"},"modified":"2023-04-23T14:51:36","modified_gmt":"2023-04-23T13:51:36","slug":"anche-il-cile-nazionalizza-il-litio-e-la-maggiore-riserva-mondiale","status":"publish","type":"post","link":"https:\/\/www.pressenza.com\/it\/2023\/04\/anche-il-cile-nazionalizza-il-litio-e-la-maggiore-riserva-mondiale\/","title":{"rendered":"Anche il Cile nazionalizza il litio. E\u2019 la maggiore riserva mondiale"},"content":{"rendered":"<p>Il Presidente del Cile, Gabriel Boric, ha dichiarato di avere l\u2019intenzione di\u00a0nazionalizzare il litio, risorsa della quale il Paese dispone delle pi\u00f9 grandi riserve al mondo. La decisione, ha spiegato Boric, intende garantire tutele all\u2019ambiente e alle comunit\u00e0 locali, assicurando una distribuzione pi\u00f9 equa delle risorse e la fine dello sfruttamento indiscriminato dei territori. Non si tratta del primo Paese che manifesta intenzioni simili: la quarta rivoluzione industriale sembra infatti segnata da una inversione di tendenza rispetto al passato, con i Paesi ricchi di risorse che cercano di liberarsi del giogo di dinamiche coloniali per poter conquistare la piena sovranit\u00e0 sulle proprie ricchezze.<\/p>\n<p>Fondamentale nella transizione ecologica e nel processo di evoluzione tecnologica che sempre pi\u00f9 caratterizza il nostro tempo, il litio \u00e8 una risorsa della quale le multinazionali del settore hanno\u00a0necessit\u00e0 primaria. Pi\u00f9 del 70% del litio estratto in tutto il mondo, infatti,\u00a0<a href=\"https:\/\/www.weforum.org\/agenda\/2023\/01\/chart-countries-produce-lithium-world\/\" target=\"_blank\" rel=\"noopener\">\u00e8 utilizzato<\/a>\u00a0per la produzione di batterie. E, come per tutte le risorse fondamentali per lo sviluppo dell\u2019industria (allo stesso modo delle fonti fossili, nel passato come ancora nel presente, ma anche di molte materie prime delle quali i Paesi del Sud del Mondo abbondano), la necessit\u00e0 di approvvigionamento mette in moto meccanismi dall\u2019intrinseca\u00a0connotazione geopolitica. Da qui, il replicarsi di dinamiche di dominio di matrice coloniale, che vedono governi e multinazionali occidentali saccheggiare i Paesi ricchi di materie prime con le loro politiche di\u00a0estrattivismo indiscriminato, spesso senza il minimo accenno a politiche di tutela dei territori e delle comunit\u00e0 locali.<\/p>\n<p>Con questa decisione, il Cile intende invertire la tendenza. Nel comunicare la decisione del suo governo, infatti, il presidente Boric ha sottolineato come l\u2019intento sia la tutela tanto\u00a0dell\u2019economia\u00a0del Paese quanto della\u00a0biodiversit\u00e0\u00a0e delle\u00a0comunit\u00e0 indigene, da attuare anche grazie a un\u2019equa redistribuzione delle ricchezze. In questo modo, il controllo delle operazioni sul litio in Cile passerebbe dalle mani dei giganti dell\u2019industria a una compagnia di propriet\u00e0 dello Stato creata appositamente. Della sua realizzazione verr\u00e0 incaricata la societ\u00e0 statale Codelco, la pi\u00f9 grande produttrice di rame al mondo. \u00abQuesta \u00e8 la migliore occasione che abbiamo per passare a un\u2019economia\u00a0sostenibile e sviluppata. Non possiamo permetterci di sprecarla\u00bb ha\u00a0<a href=\"https:\/\/www.reuters.com\/markets\/commodities\/chiles-boric-announces-plan-nationalize-lithium-industry-2023-04-21\/\" target=\"_blank\" rel=\"noopener\">dichiarato<\/a>\u00a0Boric in un discorso alla nazione.<\/p>\n<p>In Cile operano principalmente le aziende\u00a0SQM\u00a0(Sociedad Quimica y Minera de Chile) e\u00a0Albemarle, rispettivamente il primo e il secondo produttore di litio al mondo, i cui contratti scadranno rispettivamente nel 2030 e nel 2043. Entrambe si occupano di rifornire Tesla, LG Energy Solution Ltd e altre aziende del settore. Quando la politica di nazionalizzazione diventer\u00e0 una realt\u00e0 concreta, i futuri contratti per il litio saranno stipulati solamente in forma di\u00a0partnership pubblico-privato con il controllo dello Stato. Secondo gli analisti, la mossa non \u00e8 esente da rischi di tipo economico, con gli investitori che potrebbero spostare la loro attenzione verso Paesi quali l\u2019Australia, ad oggi il pi\u00f9 grande produttore al mondo di litio.<\/p>\n<p>Prima del Cile, gi\u00e0\u00a0il\u00a0<a href=\"https:\/\/www.lindipendente.online\/2023\/03\/29\/il-messico-nazionalizza-il-litio-non-e-degli-americani-ne-dei-cinesi-ma-del-popolo\/\" target=\"_blank\" rel=\"noopener\">Messico<\/a>\u00a0(al decimo posto al mondo in termini di riserve di litio) aveva deciso di procedere in questa direzione, con il percorso iniziato nel 2022 dal presidente Andr\u00e9s Manuel L\u00f3pez Obrador per la nazionalizzazione del metallo, concretizzatosi quest\u2019anno. \u00a0E in questa direzione si sta muovendo anche\u00a0lo\u00a0<a href=\"https:\/\/www.lindipendente.online\/2023\/01\/02\/lo-zimbabwe-ha-detto-basta-al-saccheggio-neocoloniale-del-litio\/\" target=\"_blank\" rel=\"noopener\">Zimbabwe<\/a>, il sesto al mondo per la grandezza delle riserve. A ci\u00f2 vanno poi aggiunti i processi di nazionalizzazione di risorse di altro tipo in atto (si prenda l\u2019esempio del\u00a0<a href=\"https:\/\/www.lindipendente.online\/2023\/03\/27\/il-ciad-nazionalizza-tutti-i-beni-della-multinazionale-petrolifera-exxon\/\" target=\"_blank\" rel=\"noopener\">Ciad<\/a>\u00a0e dei beni della multinazionale petrolifera Exxon).<\/p>\n<p>Il procedimento non sar\u00e0 immediato: come prima cosa, Boric dovr\u00e0 cercare di ottenere l\u2019approvazione del Congresso, il cui esito si avr\u00e0 nella seconda met\u00e0 dell\u2019anno. Il percorso, comunque,\u00a0\u00e8 ormai avviato.<\/p>\n<p>&nbsp;<\/p>\n","protected":false},"excerpt":{"rendered":"<p>Il Presidente del Cile, Gabriel Boric, ha dichiarato di avere l\u2019intenzione di\u00a0nazionalizzare il litio, risorsa della quale il Paese dispone delle pi\u00f9 grandi riserve al mondo. La decisione, ha spiegato Boric, intende garantire tutele all\u2019ambiente e alle comunit\u00e0 locali, assicurando&hellip;<\/p>\n","protected":false},"author":2207,"featured_media":1734769,"comment_status":"closed","ping_status":"closed","sticky":false,"template":"","format":"standard","meta":{"footnotes":""},"categories":[59,55,48],"tags":[540,96982,66851,3770,3453,50470],"class_list":["post-1734763","post","type-post","status-publish","format-standard","has-post-thumbnail","hentry","category-ambiente-ecologia","category-politica","category-sud-america","tag-cile","tag-gabriel-boric-it","tag-litio-it","tag-multinazionali","tag-nazionalizzazione","tag-transizione-ecologica"],"yoast_head":"<!-- This site is optimized with the Yoast SEO plugin v27.1.1 - https:\/\/yoast.com\/product\/yoast-seo-wordpress\/ -->\n<title>Anche il Cile nazionalizza il litio. E\u2019 la maggiore riserva mondiale<\/title>\n<meta name=\"description\" content=\"Il Presidente del Cile, Gabriel Boric, ha dichiarato di avere l\u2019intenzione di\u00a0nazionalizzare il litio, risorsa della quale il Paese dispone delle pi\u00f9\" \/>\n<meta name=\"robots\" content=\"index, follow, max-snippet:-1, max-image-preview:large, max-video-preview:-1\" \/>\n<link rel=\"canonical\" href=\"https:\/\/www.pressenza.com\/it\/2023\/04\/anche-il-cile-nazionalizza-il-litio-e-la-maggiore-riserva-mondiale\/\" \/>\n<meta property=\"og:locale\" content=\"it_IT\" \/>\n<meta property=\"og:type\" content=\"article\" \/>\n<meta property=\"og:title\" content=\"Anche il Cile nazionalizza il litio. E\u2019 la maggiore riserva mondiale\" \/>\n<meta property=\"og:description\" content=\"Il Presidente del Cile, Gabriel Boric, ha dichiarato di avere l\u2019intenzione di\u00a0nazionalizzare il litio, risorsa della quale il Paese dispone delle pi\u00f9\" \/>\n<meta property=\"og:url\" content=\"https:\/\/www.pressenza.com\/it\/2023\/04\/anche-il-cile-nazionalizza-il-litio-e-la-maggiore-riserva-mondiale\/\" \/>\n<meta property=\"og:site_name\" content=\"Pressenza\" \/>\n<meta property=\"article:publisher\" content=\"https:\/\/www.facebook.com\/PressenzaItalia\" \/>\n<meta property=\"article:published_time\" content=\"2023-04-23T13:51:36+00:00\" \/>\n<meta property=\"og:image\" content=\"https:\/\/www.pressenza.com\/wp-content\/uploads\/2023\/04\/litio-Cile.jpeg\" \/>\n\t<meta property=\"og:image:width\" content=\"1536\" \/>\n\t<meta property=\"og:image:height\" content=\"757\" \/>\n\t<meta property=\"og:image:type\" content=\"image\/jpeg\" \/>\n<meta name=\"author\" content=\"L&#039;Indipendente\" \/>\n<meta name=\"twitter:card\" content=\"summary_large_image\" \/>\n<meta name=\"twitter:creator\" content=\"@PressenzaIPA\" \/>\n<meta name=\"twitter:site\" content=\"@PressenzaIPA\" \/>\n<meta name=\"twitter:label1\" content=\"Scritto da\" \/>\n\t<meta name=\"twitter:data1\" content=\"L&#039;Indipendente\" \/>\n\t<meta name=\"twitter:label2\" content=\"Tempo di lettura stimato\" \/>\n\t<meta name=\"twitter:data2\" content=\"4 minuti\" \/>\n<script type=\"application\/ld+json\" class=\"yoast-schema-graph\">{\"@context\":\"https:\/\/schema.org\",\"@graph\":[{\"@type\":\"Article\",\"@id\":\"https:\/\/www.pressenza.com\/it\/2023\/04\/anche-il-cile-nazionalizza-il-litio-e-la-maggiore-riserva-mondiale\/#article\",\"isPartOf\":{\"@id\":\"https:\/\/www.pressenza.com\/it\/2023\/04\/anche-il-cile-nazionalizza-il-litio-e-la-maggiore-riserva-mondiale\/\"},\"author\":{\"name\":\"L'Indipendente\",\"@id\":\"https:\/\/www.pressenza.com\/it\/#\/schema\/person\/310a843582035e4eb98f61c521fd6236\"},\"headline\":\"Anche il Cile nazionalizza il litio. E\u2019 la maggiore riserva mondiale\",\"datePublished\":\"2023-04-23T13:51:36+00:00\",\"mainEntityOfPage\":{\"@id\":\"https:\/\/www.pressenza.com\/it\/2023\/04\/anche-il-cile-nazionalizza-il-litio-e-la-maggiore-riserva-mondiale\/\"},\"wordCount\":620,\"publisher\":{\"@id\":\"https:\/\/www.pressenza.com\/it\/#organization\"},\"image\":{\"@id\":\"https:\/\/www.pressenza.com\/it\/2023\/04\/anche-il-cile-nazionalizza-il-litio-e-la-maggiore-riserva-mondiale\/#primaryimage\"},\"thumbnailUrl\":\"https:\/\/www.pressenza.com\/wp-content\/uploads\/2023\/04\/litio-Cile.jpeg\",\"keywords\":[\"Cile\",\"Gabriel Boric\",\"litio\",\"multinazionali\",\"nazionalizzazione\",\"Transizione ecologica\"],\"articleSection\":[\"Ecologia ed Ambiente\",\"Politica\",\"Sud America\"],\"inLanguage\":\"it-IT\"},{\"@type\":\"WebPage\",\"@id\":\"https:\/\/www.pressenza.com\/it\/2023\/04\/anche-il-cile-nazionalizza-il-litio-e-la-maggiore-riserva-mondiale\/\",\"url\":\"https:\/\/www.pressenza.com\/it\/2023\/04\/anche-il-cile-nazionalizza-il-litio-e-la-maggiore-riserva-mondiale\/\",\"name\":\"Anche il Cile nazionalizza il litio. E\u2019 la maggiore riserva mondiale\",\"isPartOf\":{\"@id\":\"https:\/\/www.pressenza.com\/it\/#website\"},\"primaryImageOfPage\":{\"@id\":\"https:\/\/www.pressenza.com\/it\/2023\/04\/anche-il-cile-nazionalizza-il-litio-e-la-maggiore-riserva-mondiale\/#primaryimage\"},\"image\":{\"@id\":\"https:\/\/www.pressenza.com\/it\/2023\/04\/anche-il-cile-nazionalizza-il-litio-e-la-maggiore-riserva-mondiale\/#primaryimage\"},\"thumbnailUrl\":\"https:\/\/www.pressenza.com\/wp-content\/uploads\/2023\/04\/litio-Cile.jpeg\",\"datePublished\":\"2023-04-23T13:51:36+00:00\",\"description\":\"Il Presidente del Cile, Gabriel Boric, ha dichiarato di avere l\u2019intenzione di\u00a0nazionalizzare il litio, risorsa della quale il Paese dispone delle pi\u00f9\",\"breadcrumb\":{\"@id\":\"https:\/\/www.pressenza.com\/it\/2023\/04\/anche-il-cile-nazionalizza-il-litio-e-la-maggiore-riserva-mondiale\/#breadcrumb\"},\"inLanguage\":\"it-IT\",\"potentialAction\":[{\"@type\":\"ReadAction\",\"target\":[\"https:\/\/www.pressenza.com\/it\/2023\/04\/anche-il-cile-nazionalizza-il-litio-e-la-maggiore-riserva-mondiale\/\"]}]},{\"@type\":\"ImageObject\",\"inLanguage\":\"it-IT\",\"@id\":\"https:\/\/www.pressenza.com\/it\/2023\/04\/anche-il-cile-nazionalizza-il-litio-e-la-maggiore-riserva-mondiale\/#primaryimage\",\"url\":\"https:\/\/www.pressenza.com\/wp-content\/uploads\/2023\/04\/litio-Cile.jpeg\",\"contentUrl\":\"https:\/\/www.pressenza.com\/wp-content\/uploads\/2023\/04\/litio-Cile.jpeg\",\"width\":1536,\"height\":757},{\"@type\":\"BreadcrumbList\",\"@id\":\"https:\/\/www.pressenza.com\/it\/2023\/04\/anche-il-cile-nazionalizza-il-litio-e-la-maggiore-riserva-mondiale\/#breadcrumb\",\"itemListElement\":[{\"@type\":\"ListItem\",\"position\":1,\"name\":\"Accueil\",\"item\":\"https:\/\/www.pressenza.com\/it\/\"},{\"@type\":\"ListItem\",\"position\":2,\"name\":\"Anche il Cile nazionalizza il litio. E\u2019 la maggiore riserva mondiale\"}]},{\"@type\":\"WebSite\",\"@id\":\"https:\/\/www.pressenza.com\/it\/#website\",\"url\":\"https:\/\/www.pressenza.com\/it\/\",\"name\":\"Pressenza\",\"description\":\"Agenzia di Stampa Internazionale\",\"publisher\":{\"@id\":\"https:\/\/www.pressenza.com\/it\/#organization\"},\"potentialAction\":[{\"@type\":\"SearchAction\",\"target\":{\"@type\":\"EntryPoint\",\"urlTemplate\":\"https:\/\/www.pressenza.com\/it\/?s={search_term_string}\"},\"query-input\":{\"@type\":\"PropertyValueSpecification\",\"valueRequired\":true,\"valueName\":\"search_term_string\"}}],\"inLanguage\":\"it-IT\"},{\"@type\":\"Organization\",\"@id\":\"https:\/\/www.pressenza.com\/it\/#organization\",\"name\":\"Pressenza\",\"url\":\"https:\/\/www.pressenza.com\/it\/\",\"logo\":{\"@type\":\"ImageObject\",\"inLanguage\":\"it-IT\",\"@id\":\"https:\/\/www.pressenza.com\/it\/#\/schema\/logo\/image\/\",\"url\":\"https:\/\/www.pressenza.com\/wp-content\/uploads\/2022\/10\/pressenza_logo_200x200.jpg\",\"contentUrl\":\"https:\/\/www.pressenza.com\/wp-content\/uploads\/2022\/10\/pressenza_logo_200x200.jpg\",\"width\":200,\"height\":200,\"caption\":\"Pressenza\"},\"image\":{\"@id\":\"https:\/\/www.pressenza.com\/it\/#\/schema\/logo\/image\/\"},\"sameAs\":[\"https:\/\/www.facebook.com\/PressenzaItalia\",\"https:\/\/x.com\/PressenzaIPA\"]},{\"@type\":\"Person\",\"@id\":\"https:\/\/www.pressenza.com\/it\/#\/schema\/person\/310a843582035e4eb98f61c521fd6236\",\"name\":\"L'Indipendente\",\"description\":\"Informazione senza padroni\",\"sameAs\":[\"https:\/\/www.lindipendente.online\/\"],\"url\":\"https:\/\/www.pressenza.com\/it\/author\/lindipendente\/\"}]}<\/script>\n<!-- \/ Yoast SEO plugin. -->","yoast_head_json":{"title":"Anche il Cile nazionalizza il litio. E\u2019 la maggiore riserva mondiale","description":"Il Presidente del Cile, Gabriel Boric, ha dichiarato di avere l\u2019intenzione di\u00a0nazionalizzare il litio, risorsa della quale il Paese dispone delle pi\u00f9","robots":{"index":"index","follow":"follow","max-snippet":"max-snippet:-1","max-image-preview":"max-image-preview:large","max-video-preview":"max-video-preview:-1"},"canonical":"https:\/\/www.pressenza.com\/it\/2023\/04\/anche-il-cile-nazionalizza-il-litio-e-la-maggiore-riserva-mondiale\/","og_locale":"it_IT","og_type":"article","og_title":"Anche il Cile nazionalizza il litio. E\u2019 la maggiore riserva mondiale","og_description":"Il Presidente del Cile, Gabriel Boric, ha dichiarato di avere l\u2019intenzione di\u00a0nazionalizzare il litio, risorsa della quale il Paese dispone delle pi\u00f9","og_url":"https:\/\/www.pressenza.com\/it\/2023\/04\/anche-il-cile-nazionalizza-il-litio-e-la-maggiore-riserva-mondiale\/","og_site_name":"Pressenza","article_publisher":"https:\/\/www.facebook.com\/PressenzaItalia","article_published_time":"2023-04-23T13:51:36+00:00","og_image":[{"width":1536,"height":757,"url":"https:\/\/www.pressenza.com\/wp-content\/uploads\/2023\/04\/litio-Cile.jpeg","type":"image\/jpeg"}],"author":"L'Indipendente","twitter_card":"summary_large_image","twitter_creator":"@PressenzaIPA","twitter_site":"@PressenzaIPA","twitter_misc":{"Scritto da":"L'Indipendente","Tempo di lettura stimato":"4 minuti"},"schema":{"@context":"https:\/\/schema.org","@graph":[{"@type":"Article","@id":"https:\/\/www.pressenza.com\/it\/2023\/04\/anche-il-cile-nazionalizza-il-litio-e-la-maggiore-riserva-mondiale\/#article","isPartOf":{"@id":"https:\/\/www.pressenza.com\/it\/2023\/04\/anche-il-cile-nazionalizza-il-litio-e-la-maggiore-riserva-mondiale\/"},"author":{"name":"L'Indipendente","@id":"https:\/\/www.pressenza.com\/it\/#\/schema\/person\/310a843582035e4eb98f61c521fd6236"},"headline":"Anche il Cile nazionalizza il litio. E\u2019 la maggiore riserva mondiale","datePublished":"2023-04-23T13:51:36+00:00","mainEntityOfPage":{"@id":"https:\/\/www.pressenza.com\/it\/2023\/04\/anche-il-cile-nazionalizza-il-litio-e-la-maggiore-riserva-mondiale\/"},"wordCount":620,"publisher":{"@id":"https:\/\/www.pressenza.com\/it\/#organization"},"image":{"@id":"https:\/\/www.pressenza.com\/it\/2023\/04\/anche-il-cile-nazionalizza-il-litio-e-la-maggiore-riserva-mondiale\/#primaryimage"},"thumbnailUrl":"https:\/\/www.pressenza.com\/wp-content\/uploads\/2023\/04\/litio-Cile.jpeg","keywords":["Cile","Gabriel Boric","litio","multinazionali","nazionalizzazione","Transizione ecologica"],"articleSection":["Ecologia ed Ambiente","Politica","Sud America"],"inLanguage":"it-IT"},{"@type":"WebPage","@id":"https:\/\/www.pressenza.com\/it\/2023\/04\/anche-il-cile-nazionalizza-il-litio-e-la-maggiore-riserva-mondiale\/","url":"https:\/\/www.pressenza.com\/it\/2023\/04\/anche-il-cile-nazionalizza-il-litio-e-la-maggiore-riserva-mondiale\/","name":"Anche il Cile nazionalizza il litio. E\u2019 la maggiore riserva mondiale","isPartOf":{"@id":"https:\/\/www.pressenza.com\/it\/#website"},"primaryImageOfPage":{"@id":"https:\/\/www.pressenza.com\/it\/2023\/04\/anche-il-cile-nazionalizza-il-litio-e-la-maggiore-riserva-mondiale\/#primaryimage"},"image":{"@id":"https:\/\/www.pressenza.com\/it\/2023\/04\/anche-il-cile-nazionalizza-il-litio-e-la-maggiore-riserva-mondiale\/#primaryimage"},"thumbnailUrl":"https:\/\/www.pressenza.com\/wp-content\/uploads\/2023\/04\/litio-Cile.jpeg","datePublished":"2023-04-23T13:51:36+00:00","description":"Il Presidente del Cile, Gabriel Boric, ha dichiarato di avere l\u2019intenzione di\u00a0nazionalizzare il litio, risorsa della quale il Paese dispone delle pi\u00f9","breadcrumb":{"@id":"https:\/\/www.pressenza.com\/it\/2023\/04\/anche-il-cile-nazionalizza-il-litio-e-la-maggiore-riserva-mondiale\/#breadcrumb"},"inLanguage":"it-IT","potentialAction":[{"@type":"ReadAction","target":["https:\/\/www.pressenza.com\/it\/2023\/04\/anche-il-cile-nazionalizza-il-litio-e-la-maggiore-riserva-mondiale\/"]}]},{"@type":"ImageObject","inLanguage":"it-IT","@id":"https:\/\/www.pressenza.com\/it\/2023\/04\/anche-il-cile-nazionalizza-il-litio-e-la-maggiore-riserva-mondiale\/#primaryimage","url":"https:\/\/www.pressenza.com\/wp-content\/uploads\/2023\/04\/litio-Cile.jpeg","contentUrl":"https:\/\/www.pressenza.com\/wp-content\/uploads\/2023\/04\/litio-Cile.jpeg","width":1536,"height":757},{"@type":"BreadcrumbList","@id":"https:\/\/www.pressenza.com\/it\/2023\/04\/anche-il-cile-nazionalizza-il-litio-e-la-maggiore-riserva-mondiale\/#breadcrumb","itemListElement":[{"@type":"ListItem","position":1,"name":"Accueil","item":"https:\/\/www.pressenza.com\/it\/"},{"@type":"ListItem","position":2,"name":"Anche il Cile nazionalizza il litio. E\u2019 la maggiore riserva mondiale"}]},{"@type":"WebSite","@id":"https:\/\/www.pressenza.com\/it\/#website","url":"https:\/\/www.pressenza.com\/it\/","name":"Pressenza","description":"Agenzia di Stampa Internazionale","publisher":{"@id":"https:\/\/www.pressenza.com\/it\/#organization"},"potentialAction":[{"@type":"SearchAction","target":{"@type":"EntryPoint","urlTemplate":"https:\/\/www.pressenza.com\/it\/?s={search_term_string}"},"query-input":{"@type":"PropertyValueSpecification","valueRequired":true,"valueName":"search_term_string"}}],"inLanguage":"it-IT"},{"@type":"Organization","@id":"https:\/\/www.pressenza.com\/it\/#organization","name":"Pressenza","url":"https:\/\/www.pressenza.com\/it\/","logo":{"@type":"ImageObject","inLanguage":"it-IT","@id":"https:\/\/www.pressenza.com\/it\/#\/schema\/logo\/image\/","url":"https:\/\/www.pressenza.com\/wp-content\/uploads\/2022\/10\/pressenza_logo_200x200.jpg","contentUrl":"https:\/\/www.pressenza.com\/wp-content\/uploads\/2022\/10\/pressenza_logo_200x200.jpg","width":200,"height":200,"caption":"Pressenza"},"image":{"@id":"https:\/\/www.pressenza.com\/it\/#\/schema\/logo\/image\/"},"sameAs":["https:\/\/www.facebook.com\/PressenzaItalia","https:\/\/x.com\/PressenzaIPA"]},{"@type":"Person","@id":"https:\/\/www.pressenza.com\/it\/#\/schema\/person\/310a843582035e4eb98f61c521fd6236","name":"L'Indipendente","description":"Informazione senza padroni","sameAs":["https:\/\/www.lindipendente.online\/"],"url":"https:\/\/www.pressenza.com\/it\/author\/lindipendente\/"}]}},"place":"Valeria Casolaro","original_article_url":"https:\/\/www.lindipendente.online\/2023\/04\/22\/anche-il-cile-nazionalizza-il-litio-e-la-maggiore-riserva-mondiale\/","_links":{"self":[{"href":"https:\/\/www.pressenza.com\/it\/wp-json\/wp\/v2\/posts\/1734763","targetHints":{"allow":["GET"]}}],"collection":[{"href":"https:\/\/www.pressenza.com\/it\/wp-json\/wp\/v2\/posts"}],"about":[{"href":"https:\/\/www.pressenza.com\/it\/wp-json\/wp\/v2\/types\/post"}],"author":[{"embeddable":true,"href":"https:\/\/www.pressenza.com\/it\/wp-json\/wp\/v2\/users\/2207"}],"replies":[{"embeddable":true,"href":"https:\/\/www.pressenza.com\/it\/wp-json\/wp\/v2\/comments?post=1734763"}],"version-history":[{"count":0,"href":"https:\/\/www.pressenza.com\/it\/wp-json\/wp\/v2\/posts\/1734763\/revisions"}],"wp:featuredmedia":[{"embeddable":true,"href":"https:\/\/www.pressenza.com\/it\/wp-json\/wp\/v2\/media\/1734769"}],"wp:attachment":[{"href":"https:\/\/www.pressenza.com\/it\/wp-json\/wp\/v2\/media?parent=1734763"}],"wp:term":[{"taxonomy":"category","embeddable":true,"href":"https:\/\/www.pressenza.com\/it\/wp-json\/wp\/v2\/categories?post=1734763"},{"taxonomy":"post_tag","embeddable":true,"href":"https:\/\/www.pressenza.com\/it\/wp-json\/wp\/v2\/tags?post=1734763"}],"curies":[{"name":"wp","href":"https:\/\/api.w.org\/{rel}","templated":true}]}}