{"id":1734207,"date":"2023-04-20T14:28:59","date_gmt":"2023-04-20T13:28:59","guid":{"rendered":"https:\/\/www.pressenza.com\/?p=1734207"},"modified":"2023-04-20T14:28:59","modified_gmt":"2023-04-20T13:28:59","slug":"allitalia-non-serve-la-linea-adriatica-ora-lo-ammette-anche-la-snam","status":"publish","type":"post","link":"https:\/\/www.pressenza.com\/it\/2023\/04\/allitalia-non-serve-la-linea-adriatica-ora-lo-ammette-anche-la-snam\/","title":{"rendered":"All\u2019Italia non serve la linea adriatica  ora lo ammette anche la SNAM"},"content":{"rendered":"<p align=\"justify\">Il governo e la Snam, insieme a quasi tutti i mass media, per mesi hanno sostenuto che il nostro Paese, per uscire dalla dipendenza dal gas russo, aveva <b>la necessit\u00e0 di realizzare la Linea Adriatica,<\/b> che comprende il grande gasdotto di 430 km da Sulmona a Minerbio e la centrale di compressione di Sulmona. <b>Noi abbiamo sempre ribadito che questa era una colossale bugia, dimostrandolo con i dati ufficiali reperibili proprio sui siti della Snam e del governo.<\/b><\/p>\n<p align=\"justify\">Ora, dopo la pubblicazione del decreto autorizzativo dell\u2019opera,<b> \u00e8 la stessa Snam a darci ragione. Il settimanale Milano Finanza, in data 12 aprile, ha titolato: \u201cSnam, col gnl addio al gas russo\u201d. Nell\u2019articolo Elio Ruggeri, amministratore delegato di Snam Fsru (la controllata di Snam che gestisce il settore del gas naturale liquefatto) ha dichiarato che \u201cil contributo delle due navi rigassificatrici sar\u00e0 determinante per affrancarci dal gas russo\u201d. <\/b>I due rigassificatori sono quelli di Piombino e di Ravenna, che complessivamente dovrebbero fornire 10 miliardi di metri cubi di metano, la stessa quantit\u00e0 attribuita alla Linea Adriatica.<\/p>\n<p align=\"justify\">La nostra analisi era stata inviata all\u2019Arera, che per\u00f2 non ne ha tenuto conto, approvando acriticamente le tesi governative e della multinazionale del gas. <b>La nostra valutazione mette in evidenza che anche i due nuovi rigassificatori sono inutili perch\u00e9 da sud l\u2019attuale rete dei gasdotti \u00e8 in grado di fornire quantitativi di gas <\/b>che, insieme a quelli della Norvegia e dei tre rigassificatori esistenti, soddisfano ampiamente le esigenze del nord Italia. Tanto pi\u00f9 che i consumi sono in calo e lo saranno sempre di pi\u00f9 da qui al 2030.<\/p>\n<p align=\"justify\"><a name=\"_GoBack\"><\/a> In realt\u00e0 l\u2019anacronistico \u201cpiano Mattei\u201d, lanciato dal governo Meloni, punta a fare dell\u2019Italia un hub del gas per rivendere il metano ad altri Paesi europei. E in questo disegno rientra la Linea Adriatica, insieme ad altri nuovi rigassificatori e nuovi gasdotti di importazione. <b>Si tratta, per\u00f2, di un progetto che non sta in piedi, come dimostrano diversi studi. L\u2019ultimo in ordine di tempo \u00e8 una ricerca condotta dall\u2019Istituto statunitense per l\u2019economia dell\u2019energia e l\u2019analisi finanziaria (Ieefa) secondo il quale la realizzazione in Europa di nuove infrastrutture per il gas naturale liquefatto (GNL) pu\u00f2 superare la domanda entro la fine del decennio.<\/b><\/p>\n<p align=\"justify\">Lo studio dimostra che la capacit\u00e0 dei terminali del continente europeo superer\u00e0 i 400 miliardi di metri cubi entro il 2030. A quella data la domanda di GNL in Europa sar\u00e0 tra i 150 e i 190 miliardi di metri cubi. Dunque c\u2019\u00e8 un forte squilibrio tra domanda e offerta negli impianti di importazione, che potrebbe portare a 200-250 miliardi di metri cubi di capacit\u00e0 inutilizzata entro i prossimi sette anni, e cio\u00e8 quelli in cui dovrebbe entrare in funzione il metanodotto Linea Adriatica.<\/p>\n<p align=\"justify\">Ci\u00f2 nonostante il governo italiano continua ad andare avanti per la sua strada, esponendo il Paese al rischio di un enorme danno economico (ricordiamo che il costo della Linea Adriatica \u00e8 di 2 miliardi e 400 milioni di euro e che saranno i cittadini italiani a pagarlo), alla devastazione ambientale dell\u2019Appennino e all\u2019accentuazione della crisi climatica come conseguenza del persistente utilizzo dei combustibili fossili.<\/p>\n<p align=\"justify\"><b>Per queste ragioni continueremo a contrastare fino alla fine questa folle scelta del governo, che dimostra ogni giorno di pi\u00f9 la sua totale sudditanza agli interessi delle grandi compagnie del settore fossile.<\/b><\/p>\n<p align=\"justify\">\n<p style=\"text-align: right;\" align=\"justify\"><i>Comitati cittadini per l\u2019ambiente<\/i><\/p>\n<p style=\"text-align: right;\" align=\"justify\"><i>Coordinamento No Hub del Gas<\/i><\/p>\n<p align=\"justify\">\n","protected":false},"excerpt":{"rendered":"<p>Il governo e la Snam, insieme a quasi tutti i mass media, per mesi hanno sostenuto che il nostro Paese, per uscire dalla dipendenza dal gas russo, aveva la necessit\u00e0 di realizzare la Linea Adriatica, che comprende il grande gasdotto&hellip;<\/p>\n","protected":false},"author":594,"featured_media":1730278,"comment_status":"closed","ping_status":"closed","sticky":false,"template":"","format":"standard","meta":{"footnotes":""},"categories":[150,59],"tags":[],"class_list":["post-1734207","post","type-post","status-publish","format-standard","has-post-thumbnail","hentry","category-comunicati-stampa","category-ambiente-ecologia"],"yoast_head":"<!-- This site is optimized with the Yoast SEO plugin v27.1.1 - https:\/\/yoast.com\/product\/yoast-seo-wordpress\/ -->\n<title>All\u2019Italia non serve la linea adriatica ora lo ammette anche la SNAM<\/title>\n<meta name=\"description\" content=\"Il governo e la Snam, insieme a quasi tutti i mass media, per mesi hanno sostenuto che il nostro Paese, per uscire dalla dipendenza dal gas russo, aveva\" \/>\n<meta name=\"robots\" content=\"index, follow, max-snippet:-1, max-image-preview:large, max-video-preview:-1\" \/>\n<link rel=\"canonical\" href=\"https:\/\/www.pressenza.com\/it\/2023\/04\/allitalia-non-serve-la-linea-adriatica-ora-lo-ammette-anche-la-snam\/\" \/>\n<meta property=\"og:locale\" content=\"it_IT\" \/>\n<meta property=\"og:type\" content=\"article\" \/>\n<meta property=\"og:title\" content=\"All\u2019Italia non serve la linea adriatica ora lo ammette anche la SNAM\" \/>\n<meta property=\"og:description\" content=\"Il governo e la Snam, insieme a quasi tutti i mass media, per mesi hanno sostenuto che il nostro Paese, per uscire dalla dipendenza dal gas russo, aveva\" \/>\n<meta property=\"og:url\" content=\"https:\/\/www.pressenza.com\/it\/2023\/04\/allitalia-non-serve-la-linea-adriatica-ora-lo-ammette-anche-la-snam\/\" \/>\n<meta property=\"og:site_name\" content=\"Pressenza\" \/>\n<meta property=\"article:publisher\" content=\"https:\/\/www.facebook.com\/PressenzaItalia\" \/>\n<meta property=\"article:author\" content=\"https:\/\/www.facebook.com\/PressenzaItalia\" \/>\n<meta property=\"article:published_time\" content=\"2023-04-20T13:28:59+00:00\" \/>\n<meta property=\"og:image\" content=\"https:\/\/www.pressenza.com\/wp-content\/uploads\/2023\/04\/SNAM-no-hub-del-gas.jpg\" \/>\n\t<meta property=\"og:image:width\" content=\"1024\" \/>\n\t<meta property=\"og:image:height\" content=\"768\" \/>\n\t<meta property=\"og:image:type\" content=\"image\/jpeg\" \/>\n<meta name=\"author\" content=\"Redazione Italia\" \/>\n<meta name=\"twitter:card\" content=\"summary_large_image\" \/>\n<meta name=\"twitter:creator\" content=\"@pressenza_it\" \/>\n<meta name=\"twitter:site\" content=\"@PressenzaIPA\" \/>\n<meta name=\"twitter:label1\" content=\"Scritto da\" \/>\n\t<meta name=\"twitter:data1\" content=\"Redazione Italia\" \/>\n\t<meta name=\"twitter:label2\" content=\"Tempo di lettura stimato\" \/>\n\t<meta name=\"twitter:data2\" content=\"3 minuti\" \/>\n<script type=\"application\/ld+json\" class=\"yoast-schema-graph\">{\"@context\":\"https:\/\/schema.org\",\"@graph\":[{\"@type\":\"Article\",\"@id\":\"https:\/\/www.pressenza.com\/it\/2023\/04\/allitalia-non-serve-la-linea-adriatica-ora-lo-ammette-anche-la-snam\/#article\",\"isPartOf\":{\"@id\":\"https:\/\/www.pressenza.com\/it\/2023\/04\/allitalia-non-serve-la-linea-adriatica-ora-lo-ammette-anche-la-snam\/\"},\"author\":{\"name\":\"Redazione Italia\",\"@id\":\"https:\/\/www.pressenza.com\/it\/#\/schema\/person\/d983e81827ae24f2c7b1a2123d197f8d\"},\"headline\":\"All\u2019Italia non serve la linea adriatica ora lo ammette anche la SNAM\",\"datePublished\":\"2023-04-20T13:28:59+00:00\",\"mainEntityOfPage\":{\"@id\":\"https:\/\/www.pressenza.com\/it\/2023\/04\/allitalia-non-serve-la-linea-adriatica-ora-lo-ammette-anche-la-snam\/\"},\"wordCount\":566,\"publisher\":{\"@id\":\"https:\/\/www.pressenza.com\/it\/#organization\"},\"image\":{\"@id\":\"https:\/\/www.pressenza.com\/it\/2023\/04\/allitalia-non-serve-la-linea-adriatica-ora-lo-ammette-anche-la-snam\/#primaryimage\"},\"thumbnailUrl\":\"https:\/\/www.pressenza.com\/wp-content\/uploads\/2023\/04\/SNAM-no-hub-del-gas.jpg\",\"articleSection\":[\"Comunicati Stampa\",\"Ecologia ed Ambiente\"],\"inLanguage\":\"it-IT\"},{\"@type\":\"WebPage\",\"@id\":\"https:\/\/www.pressenza.com\/it\/2023\/04\/allitalia-non-serve-la-linea-adriatica-ora-lo-ammette-anche-la-snam\/\",\"url\":\"https:\/\/www.pressenza.com\/it\/2023\/04\/allitalia-non-serve-la-linea-adriatica-ora-lo-ammette-anche-la-snam\/\",\"name\":\"All\u2019Italia non serve la linea adriatica ora lo ammette anche la SNAM\",\"isPartOf\":{\"@id\":\"https:\/\/www.pressenza.com\/it\/#website\"},\"primaryImageOfPage\":{\"@id\":\"https:\/\/www.pressenza.com\/it\/2023\/04\/allitalia-non-serve-la-linea-adriatica-ora-lo-ammette-anche-la-snam\/#primaryimage\"},\"image\":{\"@id\":\"https:\/\/www.pressenza.com\/it\/2023\/04\/allitalia-non-serve-la-linea-adriatica-ora-lo-ammette-anche-la-snam\/#primaryimage\"},\"thumbnailUrl\":\"https:\/\/www.pressenza.com\/wp-content\/uploads\/2023\/04\/SNAM-no-hub-del-gas.jpg\",\"datePublished\":\"2023-04-20T13:28:59+00:00\",\"description\":\"Il governo e la Snam, insieme a quasi tutti i mass media, per mesi hanno sostenuto che il nostro Paese, per uscire dalla dipendenza dal gas russo, aveva\",\"breadcrumb\":{\"@id\":\"https:\/\/www.pressenza.com\/it\/2023\/04\/allitalia-non-serve-la-linea-adriatica-ora-lo-ammette-anche-la-snam\/#breadcrumb\"},\"inLanguage\":\"it-IT\",\"potentialAction\":[{\"@type\":\"ReadAction\",\"target\":[\"https:\/\/www.pressenza.com\/it\/2023\/04\/allitalia-non-serve-la-linea-adriatica-ora-lo-ammette-anche-la-snam\/\"]}]},{\"@type\":\"ImageObject\",\"inLanguage\":\"it-IT\",\"@id\":\"https:\/\/www.pressenza.com\/it\/2023\/04\/allitalia-non-serve-la-linea-adriatica-ora-lo-ammette-anche-la-snam\/#primaryimage\",\"url\":\"https:\/\/www.pressenza.com\/wp-content\/uploads\/2023\/04\/SNAM-no-hub-del-gas.jpg\",\"contentUrl\":\"https:\/\/www.pressenza.com\/wp-content\/uploads\/2023\/04\/SNAM-no-hub-del-gas.jpg\",\"width\":1024,\"height\":768},{\"@type\":\"BreadcrumbList\",\"@id\":\"https:\/\/www.pressenza.com\/it\/2023\/04\/allitalia-non-serve-la-linea-adriatica-ora-lo-ammette-anche-la-snam\/#breadcrumb\",\"itemListElement\":[{\"@type\":\"ListItem\",\"position\":1,\"name\":\"Accueil\",\"item\":\"https:\/\/www.pressenza.com\/it\/\"},{\"@type\":\"ListItem\",\"position\":2,\"name\":\"All\u2019Italia non serve la linea adriatica ora lo ammette anche la SNAM\"}]},{\"@type\":\"WebSite\",\"@id\":\"https:\/\/www.pressenza.com\/it\/#website\",\"url\":\"https:\/\/www.pressenza.com\/it\/\",\"name\":\"Pressenza\",\"description\":\"Agenzia di Stampa Internazionale\",\"publisher\":{\"@id\":\"https:\/\/www.pressenza.com\/it\/#organization\"},\"potentialAction\":[{\"@type\":\"SearchAction\",\"target\":{\"@type\":\"EntryPoint\",\"urlTemplate\":\"https:\/\/www.pressenza.com\/it\/?s={search_term_string}\"},\"query-input\":{\"@type\":\"PropertyValueSpecification\",\"valueRequired\":true,\"valueName\":\"search_term_string\"}}],\"inLanguage\":\"it-IT\"},{\"@type\":\"Organization\",\"@id\":\"https:\/\/www.pressenza.com\/it\/#organization\",\"name\":\"Pressenza\",\"url\":\"https:\/\/www.pressenza.com\/it\/\",\"logo\":{\"@type\":\"ImageObject\",\"inLanguage\":\"it-IT\",\"@id\":\"https:\/\/www.pressenza.com\/it\/#\/schema\/logo\/image\/\",\"url\":\"https:\/\/www.pressenza.com\/wp-content\/uploads\/2022\/10\/pressenza_logo_200x200.jpg\",\"contentUrl\":\"https:\/\/www.pressenza.com\/wp-content\/uploads\/2022\/10\/pressenza_logo_200x200.jpg\",\"width\":200,\"height\":200,\"caption\":\"Pressenza\"},\"image\":{\"@id\":\"https:\/\/www.pressenza.com\/it\/#\/schema\/logo\/image\/\"},\"sameAs\":[\"https:\/\/www.facebook.com\/PressenzaItalia\",\"https:\/\/x.com\/PressenzaIPA\"]},{\"@type\":\"Person\",\"@id\":\"https:\/\/www.pressenza.com\/it\/#\/schema\/person\/d983e81827ae24f2c7b1a2123d197f8d\",\"name\":\"Redazione Italia\",\"description\":\"News from the Pressenza Bureau in Italy\",\"sameAs\":[\"https:\/\/www.pressenza.com\/it\/author\/redazione-italia\/\",\"https:\/\/www.facebook.com\/PressenzaItalia\",\"https:\/\/www.instagram.com\/pressenza_italia\/\",\"https:\/\/x.com\/pressenza_it\",\"https:\/\/www.youtube.com\/channel\/UCSalEIWjE1RSxkwjfftFuqg\"],\"url\":\"https:\/\/www.pressenza.com\/it\/author\/redazione-italia\/\"}]}<\/script>\n<!-- \/ Yoast SEO plugin. -->","yoast_head_json":{"title":"All\u2019Italia non serve la linea adriatica ora lo ammette anche la SNAM","description":"Il governo e la Snam, insieme a quasi tutti i mass media, per mesi hanno sostenuto che il nostro Paese, per uscire dalla dipendenza dal gas russo, aveva","robots":{"index":"index","follow":"follow","max-snippet":"max-snippet:-1","max-image-preview":"max-image-preview:large","max-video-preview":"max-video-preview:-1"},"canonical":"https:\/\/www.pressenza.com\/it\/2023\/04\/allitalia-non-serve-la-linea-adriatica-ora-lo-ammette-anche-la-snam\/","og_locale":"it_IT","og_type":"article","og_title":"All\u2019Italia non serve la linea adriatica ora lo ammette anche la SNAM","og_description":"Il governo e la Snam, insieme a quasi tutti i mass media, per mesi hanno sostenuto che il nostro Paese, per uscire dalla dipendenza dal gas russo, aveva","og_url":"https:\/\/www.pressenza.com\/it\/2023\/04\/allitalia-non-serve-la-linea-adriatica-ora-lo-ammette-anche-la-snam\/","og_site_name":"Pressenza","article_publisher":"https:\/\/www.facebook.com\/PressenzaItalia","article_author":"https:\/\/www.facebook.com\/PressenzaItalia","article_published_time":"2023-04-20T13:28:59+00:00","og_image":[{"width":1024,"height":768,"url":"https:\/\/www.pressenza.com\/wp-content\/uploads\/2023\/04\/SNAM-no-hub-del-gas.jpg","type":"image\/jpeg"}],"author":"Redazione Italia","twitter_card":"summary_large_image","twitter_creator":"@pressenza_it","twitter_site":"@PressenzaIPA","twitter_misc":{"Scritto da":"Redazione Italia","Tempo di lettura stimato":"3 minuti"},"schema":{"@context":"https:\/\/schema.org","@graph":[{"@type":"Article","@id":"https:\/\/www.pressenza.com\/it\/2023\/04\/allitalia-non-serve-la-linea-adriatica-ora-lo-ammette-anche-la-snam\/#article","isPartOf":{"@id":"https:\/\/www.pressenza.com\/it\/2023\/04\/allitalia-non-serve-la-linea-adriatica-ora-lo-ammette-anche-la-snam\/"},"author":{"name":"Redazione Italia","@id":"https:\/\/www.pressenza.com\/it\/#\/schema\/person\/d983e81827ae24f2c7b1a2123d197f8d"},"headline":"All\u2019Italia non serve la linea adriatica ora lo ammette anche la SNAM","datePublished":"2023-04-20T13:28:59+00:00","mainEntityOfPage":{"@id":"https:\/\/www.pressenza.com\/it\/2023\/04\/allitalia-non-serve-la-linea-adriatica-ora-lo-ammette-anche-la-snam\/"},"wordCount":566,"publisher":{"@id":"https:\/\/www.pressenza.com\/it\/#organization"},"image":{"@id":"https:\/\/www.pressenza.com\/it\/2023\/04\/allitalia-non-serve-la-linea-adriatica-ora-lo-ammette-anche-la-snam\/#primaryimage"},"thumbnailUrl":"https:\/\/www.pressenza.com\/wp-content\/uploads\/2023\/04\/SNAM-no-hub-del-gas.jpg","articleSection":["Comunicati Stampa","Ecologia ed Ambiente"],"inLanguage":"it-IT"},{"@type":"WebPage","@id":"https:\/\/www.pressenza.com\/it\/2023\/04\/allitalia-non-serve-la-linea-adriatica-ora-lo-ammette-anche-la-snam\/","url":"https:\/\/www.pressenza.com\/it\/2023\/04\/allitalia-non-serve-la-linea-adriatica-ora-lo-ammette-anche-la-snam\/","name":"All\u2019Italia non serve la linea adriatica ora lo ammette anche la SNAM","isPartOf":{"@id":"https:\/\/www.pressenza.com\/it\/#website"},"primaryImageOfPage":{"@id":"https:\/\/www.pressenza.com\/it\/2023\/04\/allitalia-non-serve-la-linea-adriatica-ora-lo-ammette-anche-la-snam\/#primaryimage"},"image":{"@id":"https:\/\/www.pressenza.com\/it\/2023\/04\/allitalia-non-serve-la-linea-adriatica-ora-lo-ammette-anche-la-snam\/#primaryimage"},"thumbnailUrl":"https:\/\/www.pressenza.com\/wp-content\/uploads\/2023\/04\/SNAM-no-hub-del-gas.jpg","datePublished":"2023-04-20T13:28:59+00:00","description":"Il governo e la Snam, insieme a quasi tutti i mass media, per mesi hanno sostenuto che il nostro Paese, per uscire dalla dipendenza dal gas russo, aveva","breadcrumb":{"@id":"https:\/\/www.pressenza.com\/it\/2023\/04\/allitalia-non-serve-la-linea-adriatica-ora-lo-ammette-anche-la-snam\/#breadcrumb"},"inLanguage":"it-IT","potentialAction":[{"@type":"ReadAction","target":["https:\/\/www.pressenza.com\/it\/2023\/04\/allitalia-non-serve-la-linea-adriatica-ora-lo-ammette-anche-la-snam\/"]}]},{"@type":"ImageObject","inLanguage":"it-IT","@id":"https:\/\/www.pressenza.com\/it\/2023\/04\/allitalia-non-serve-la-linea-adriatica-ora-lo-ammette-anche-la-snam\/#primaryimage","url":"https:\/\/www.pressenza.com\/wp-content\/uploads\/2023\/04\/SNAM-no-hub-del-gas.jpg","contentUrl":"https:\/\/www.pressenza.com\/wp-content\/uploads\/2023\/04\/SNAM-no-hub-del-gas.jpg","width":1024,"height":768},{"@type":"BreadcrumbList","@id":"https:\/\/www.pressenza.com\/it\/2023\/04\/allitalia-non-serve-la-linea-adriatica-ora-lo-ammette-anche-la-snam\/#breadcrumb","itemListElement":[{"@type":"ListItem","position":1,"name":"Accueil","item":"https:\/\/www.pressenza.com\/it\/"},{"@type":"ListItem","position":2,"name":"All\u2019Italia non serve la linea adriatica ora lo ammette anche la SNAM"}]},{"@type":"WebSite","@id":"https:\/\/www.pressenza.com\/it\/#website","url":"https:\/\/www.pressenza.com\/it\/","name":"Pressenza","description":"Agenzia di Stampa Internazionale","publisher":{"@id":"https:\/\/www.pressenza.com\/it\/#organization"},"potentialAction":[{"@type":"SearchAction","target":{"@type":"EntryPoint","urlTemplate":"https:\/\/www.pressenza.com\/it\/?s={search_term_string}"},"query-input":{"@type":"PropertyValueSpecification","valueRequired":true,"valueName":"search_term_string"}}],"inLanguage":"it-IT"},{"@type":"Organization","@id":"https:\/\/www.pressenza.com\/it\/#organization","name":"Pressenza","url":"https:\/\/www.pressenza.com\/it\/","logo":{"@type":"ImageObject","inLanguage":"it-IT","@id":"https:\/\/www.pressenza.com\/it\/#\/schema\/logo\/image\/","url":"https:\/\/www.pressenza.com\/wp-content\/uploads\/2022\/10\/pressenza_logo_200x200.jpg","contentUrl":"https:\/\/www.pressenza.com\/wp-content\/uploads\/2022\/10\/pressenza_logo_200x200.jpg","width":200,"height":200,"caption":"Pressenza"},"image":{"@id":"https:\/\/www.pressenza.com\/it\/#\/schema\/logo\/image\/"},"sameAs":["https:\/\/www.facebook.com\/PressenzaItalia","https:\/\/x.com\/PressenzaIPA"]},{"@type":"Person","@id":"https:\/\/www.pressenza.com\/it\/#\/schema\/person\/d983e81827ae24f2c7b1a2123d197f8d","name":"Redazione Italia","description":"News from the Pressenza Bureau in Italy","sameAs":["https:\/\/www.pressenza.com\/it\/author\/redazione-italia\/","https:\/\/www.facebook.com\/PressenzaItalia","https:\/\/www.instagram.com\/pressenza_italia\/","https:\/\/x.com\/pressenza_it","https:\/\/www.youtube.com\/channel\/UCSalEIWjE1RSxkwjfftFuqg"],"url":"https:\/\/www.pressenza.com\/it\/author\/redazione-italia\/"}]}},"place":"Sulmona","original_article_url":"","_links":{"self":[{"href":"https:\/\/www.pressenza.com\/it\/wp-json\/wp\/v2\/posts\/1734207","targetHints":{"allow":["GET"]}}],"collection":[{"href":"https:\/\/www.pressenza.com\/it\/wp-json\/wp\/v2\/posts"}],"about":[{"href":"https:\/\/www.pressenza.com\/it\/wp-json\/wp\/v2\/types\/post"}],"author":[{"embeddable":true,"href":"https:\/\/www.pressenza.com\/it\/wp-json\/wp\/v2\/users\/594"}],"replies":[{"embeddable":true,"href":"https:\/\/www.pressenza.com\/it\/wp-json\/wp\/v2\/comments?post=1734207"}],"version-history":[{"count":0,"href":"https:\/\/www.pressenza.com\/it\/wp-json\/wp\/v2\/posts\/1734207\/revisions"}],"wp:featuredmedia":[{"embeddable":true,"href":"https:\/\/www.pressenza.com\/it\/wp-json\/wp\/v2\/media\/1730278"}],"wp:attachment":[{"href":"https:\/\/www.pressenza.com\/it\/wp-json\/wp\/v2\/media?parent=1734207"}],"wp:term":[{"taxonomy":"category","embeddable":true,"href":"https:\/\/www.pressenza.com\/it\/wp-json\/wp\/v2\/categories?post=1734207"},{"taxonomy":"post_tag","embeddable":true,"href":"https:\/\/www.pressenza.com\/it\/wp-json\/wp\/v2\/tags?post=1734207"}],"curies":[{"name":"wp","href":"https:\/\/api.w.org\/{rel}","templated":true}]}}