{"id":1734141,"date":"2023-04-20T11:36:58","date_gmt":"2023-04-20T10:36:58","guid":{"rendered":"https:\/\/www.pressenza.com\/?p=1734141"},"modified":"2023-10-17T15:59:33","modified_gmt":"2023-10-17T14:59:33","slug":"reggio-emilia-22-aprile-per-protestare-contro-la-carcerazione-arbitraria-di-julian-assange","status":"publish","type":"post","link":"https:\/\/www.pressenza.com\/it\/2023\/04\/reggio-emilia-22-aprile-per-protestare-contro-la-carcerazione-arbitraria-di-julian-assange\/","title":{"rendered":"Reggio Emilia: 22 aprile per protestare contro la carcerazione arbitraria di Julian Assange"},"content":{"rendered":"<p><strong>Il 22 aprile dalle ore 10,30 alle ore 12,30 noi saremo in piazza Fontanesi a Reggio Emilia per ricordare a tutte e a tutti che, per JULIAN ASSANGE, l\u201911 aprile 2023 si \u00e8 compiuto il QUARTO ANNO DI DETENZIONE SENZA PROCESSO E SENZA ACCUSE,\u00a0 in un carcere di massima sicurezza di Londra.<\/strong><\/p>\n<p>Marted\u00ec 11 aprile \u00e8 stata una giornata di iniziative a sostegno della liberazione di Julian Assange in diverse citt\u00e0 d\u2019Italia e d\u2019Europa e il movimento \u201cFree Assange Reggio Emilia\u201d ritiene importante che anche nella nostra citt\u00e0 si ricordi la vicenda umana e giudiziaria del fondatore di WikiLeaks, poich\u00e8 questa vicenda va ben oltre la figura di Assange e mette in discussione diritti e libert\u00e0 fondamentali di noi tutte\/i.<\/p>\n<p>L\u201911 aprile 2019 Julian Assange, fondatore di WikiLeaks, veniva arrestato e prelevato a forza dalla polizia britannica nelll\u2019ambasciata dell\u2019Ecuador a Londra, dov\u2019era stato rifugiato politico dal giugno 2012 per evitare la sua estradizione negli USA.<\/p>\n<p>11 aprile 2019 a 11 aprile 2023.<\/p>\n<p>Quattro anni in cui Julian Assange \u00e8 costretto in una cella di 3 metri per 2, in isolamento totale nel carcere di Belmarsh, senza processo n\u00e9 accuse. Una detenzione arbitraria, come l\u2019ha definita Nils Melzer del Gruppo di Lavoro sulla Detenzione Arbitraria dell\u2019ONU.<\/p>\n<p>Il 17 giugno scorso \u00e8 stato firmato l\u2019ordine di estradizione verso gli USA dove Assange rischia il carcere a vita per aver rivelato al mondo i crimini di guerra commessi dall\u2019esercito americano in Iraq e in Afghanistan. In sostanza si vuol far pagare un caro prezzo a chi ha svelato i crimini, mentre chi li ha commessi rimane impunito.<\/p>\n<p>Per scongiurare l\u2019estradizione i legali di Assange hanno fatto ricorso presso l\u2019Alta Corte britannica, che ancora non si \u00e8 espressa nel merito.<\/p>\n<p>Durante la chiusura del III Forum Mondiale sui Diritti Umani che si \u00e8 tenuto lo scorso marzo in Argentina \u00e8 stata presentata una dichiarazione che porta le firme dei principali leader della difesa dei diritti umani nel mondo e chiede la liberazione del giornalista australiano, come gi\u00e0 hanno fatto le principali testate giornalistiche mondiali, Amnesty International, istituzioni internazionali ed autorevoli esponenti del mondo della cultura, sollecitati anche dai movimenti a sostegno di Assange che sono cresciuti in tantissimi Paesi. E\u2019 necessario fare tutto il possibile, a tutti i livelli, per tenere viva l\u2019attenzione su Assange, perch\u00e9 Assange \u00e8 un simbolo, incarna la difesa delle democrazie, perch\u00e9 senza libert\u00e0 di espressione non c\u2019\u00e8 democrazia possibile. Per questo motivo riteniamo importante la campagna di sensibilizzazione che abbiamo realizzato a livello locale per chiedere al Comune di Reggio Emilia di attribuire la cittadinanza onoraria a Julian Assange, cos\u00ec come riteniamo sia stato un atto politico importante l\u2019approvazione della mozione da parte del Consiglio Comunale.<\/p>\n<p>Un segnale per dire che qualcosa si pu\u00f2 fare, anche semplicemente produrre riflessione e dibattito, e magari contaminare altre realt\u00e0.<\/p>\n<p>Un segnale per coloro che governano, poich\u00e9 sono loro a dover fornire garanzie per l\u2019esercizio di diritti fondamentali come quello alla comunicazione e alla conoscenza e se questi valori su cui fin qui abbiamo fatto affidamento venissero messi in discussione sarebbe una vergogna per tutti i Paesi democratici.<\/p>\n<p>Invitiamo donne e uomini a essere con noi in piazza sabato 22 aprile.<\/p>\n<p style=\"text-align: right;\"><strong>Movimento Free Assange Reggio Emilia<\/strong><\/p>\n","protected":false},"excerpt":{"rendered":"<p>Il 22 aprile dalle ore 10,30 alle ore 12,30 noi saremo in piazza Fontanesi a Reggio Emilia per ricordare a tutte e a tutti che, per JULIAN ASSANGE, l\u201911 aprile 2023 si \u00e8 compiuto il QUARTO ANNO DI DETENZIONE SENZA&hellip;<\/p>\n","protected":false},"author":594,"featured_media":1728083,"comment_status":"closed","ping_status":"closed","sticky":false,"template":"","format":"standard","meta":{"footnotes":""},"categories":[150,60],"tags":[2599,22626],"class_list":["post-1734141","post","type-post","status-publish","format-standard","has-post-thumbnail","hentry","category-comunicati-stampa","category-diritti-umani","tag-julian-assange-it","tag-reggio-emilia"],"yoast_head":"<!-- This site is optimized with the Yoast SEO plugin v27.1.1 - https:\/\/yoast.com\/product\/yoast-seo-wordpress\/ -->\n<title>Reggio Emilia: 22 aprile per protestare contro la carcerazione arbitraria di Julian Assange<\/title>\n<meta name=\"description\" content=\"Il 22 aprile dalle ore 10,30 alle ore 12,30 noi saremo in piazza Fontanesi a Reggio Emilia per ricordare a tutte e a tutti che, per JULIAN ASSANGE, l\u201911\" \/>\n<meta name=\"robots\" content=\"index, follow, max-snippet:-1, max-image-preview:large, max-video-preview:-1\" \/>\n<link rel=\"canonical\" href=\"https:\/\/www.pressenza.com\/it\/2023\/04\/reggio-emilia-22-aprile-per-protestare-contro-la-carcerazione-arbitraria-di-julian-assange\/\" \/>\n<meta property=\"og:locale\" content=\"it_IT\" \/>\n<meta property=\"og:type\" content=\"article\" \/>\n<meta property=\"og:title\" content=\"Reggio Emilia: 22 aprile per protestare contro la carcerazione arbitraria di Julian Assange\" \/>\n<meta property=\"og:description\" content=\"Il 22 aprile dalle ore 10,30 alle ore 12,30 noi saremo in piazza Fontanesi a Reggio Emilia per ricordare a tutte e a tutti che, per JULIAN ASSANGE, l\u201911\" \/>\n<meta property=\"og:url\" content=\"https:\/\/www.pressenza.com\/it\/2023\/04\/reggio-emilia-22-aprile-per-protestare-contro-la-carcerazione-arbitraria-di-julian-assange\/\" \/>\n<meta property=\"og:site_name\" content=\"Pressenza\" \/>\n<meta property=\"article:publisher\" content=\"https:\/\/www.facebook.com\/PressenzaItalia\" \/>\n<meta property=\"article:author\" content=\"https:\/\/www.facebook.com\/PressenzaItalia\" \/>\n<meta property=\"article:published_time\" content=\"2023-04-20T10:36:58+00:00\" \/>\n<meta property=\"article:modified_time\" content=\"2023-10-17T14:59:33+00:00\" \/>\n<meta property=\"og:image\" content=\"https:\/\/www.pressenza.com\/wp-content\/uploads\/2023\/03\/attivisti_movimento_free_assange_reggio_emilia.jpg\" \/>\n\t<meta property=\"og:image:width\" content=\"1360\" \/>\n\t<meta property=\"og:image:height\" content=\"954\" \/>\n\t<meta property=\"og:image:type\" content=\"image\/jpeg\" \/>\n<meta name=\"author\" content=\"Redazione Italia\" \/>\n<meta name=\"twitter:card\" content=\"summary_large_image\" \/>\n<meta name=\"twitter:creator\" content=\"@pressenza_it\" \/>\n<meta name=\"twitter:site\" content=\"@PressenzaIPA\" \/>\n<meta name=\"twitter:label1\" content=\"Scritto da\" \/>\n\t<meta name=\"twitter:data1\" content=\"Redazione Italia\" \/>\n\t<meta name=\"twitter:label2\" content=\"Tempo di lettura stimato\" \/>\n\t<meta name=\"twitter:data2\" content=\"3 minuti\" \/>\n<script type=\"application\/ld+json\" class=\"yoast-schema-graph\">{\"@context\":\"https:\/\/schema.org\",\"@graph\":[{\"@type\":\"Article\",\"@id\":\"https:\/\/www.pressenza.com\/it\/2023\/04\/reggio-emilia-22-aprile-per-protestare-contro-la-carcerazione-arbitraria-di-julian-assange\/#article\",\"isPartOf\":{\"@id\":\"https:\/\/www.pressenza.com\/it\/2023\/04\/reggio-emilia-22-aprile-per-protestare-contro-la-carcerazione-arbitraria-di-julian-assange\/\"},\"author\":{\"name\":\"Redazione Italia\",\"@id\":\"https:\/\/www.pressenza.com\/it\/#\/schema\/person\/d983e81827ae24f2c7b1a2123d197f8d\"},\"headline\":\"Reggio Emilia: 22 aprile per protestare contro la carcerazione arbitraria di Julian Assange\",\"datePublished\":\"2023-04-20T10:36:58+00:00\",\"dateModified\":\"2023-10-17T14:59:33+00:00\",\"mainEntityOfPage\":{\"@id\":\"https:\/\/www.pressenza.com\/it\/2023\/04\/reggio-emilia-22-aprile-per-protestare-contro-la-carcerazione-arbitraria-di-julian-assange\/\"},\"wordCount\":537,\"publisher\":{\"@id\":\"https:\/\/www.pressenza.com\/it\/#organization\"},\"image\":{\"@id\":\"https:\/\/www.pressenza.com\/it\/2023\/04\/reggio-emilia-22-aprile-per-protestare-contro-la-carcerazione-arbitraria-di-julian-assange\/#primaryimage\"},\"thumbnailUrl\":\"https:\/\/www.pressenza.com\/wp-content\/uploads\/2023\/03\/attivisti_movimento_free_assange_reggio_emilia.jpg\",\"keywords\":[\"Julian Assange\",\"Reggio Emilia\"],\"articleSection\":[\"Comunicati Stampa\",\"Diritti Umani\"],\"inLanguage\":\"it-IT\"},{\"@type\":\"WebPage\",\"@id\":\"https:\/\/www.pressenza.com\/it\/2023\/04\/reggio-emilia-22-aprile-per-protestare-contro-la-carcerazione-arbitraria-di-julian-assange\/\",\"url\":\"https:\/\/www.pressenza.com\/it\/2023\/04\/reggio-emilia-22-aprile-per-protestare-contro-la-carcerazione-arbitraria-di-julian-assange\/\",\"name\":\"Reggio Emilia: 22 aprile per protestare contro la carcerazione arbitraria di Julian Assange\",\"isPartOf\":{\"@id\":\"https:\/\/www.pressenza.com\/it\/#website\"},\"primaryImageOfPage\":{\"@id\":\"https:\/\/www.pressenza.com\/it\/2023\/04\/reggio-emilia-22-aprile-per-protestare-contro-la-carcerazione-arbitraria-di-julian-assange\/#primaryimage\"},\"image\":{\"@id\":\"https:\/\/www.pressenza.com\/it\/2023\/04\/reggio-emilia-22-aprile-per-protestare-contro-la-carcerazione-arbitraria-di-julian-assange\/#primaryimage\"},\"thumbnailUrl\":\"https:\/\/www.pressenza.com\/wp-content\/uploads\/2023\/03\/attivisti_movimento_free_assange_reggio_emilia.jpg\",\"datePublished\":\"2023-04-20T10:36:58+00:00\",\"dateModified\":\"2023-10-17T14:59:33+00:00\",\"description\":\"Il 22 aprile dalle ore 10,30 alle ore 12,30 noi saremo in piazza Fontanesi a Reggio Emilia per ricordare a tutte e a tutti che, per JULIAN ASSANGE, l\u201911\",\"breadcrumb\":{\"@id\":\"https:\/\/www.pressenza.com\/it\/2023\/04\/reggio-emilia-22-aprile-per-protestare-contro-la-carcerazione-arbitraria-di-julian-assange\/#breadcrumb\"},\"inLanguage\":\"it-IT\",\"potentialAction\":[{\"@type\":\"ReadAction\",\"target\":[\"https:\/\/www.pressenza.com\/it\/2023\/04\/reggio-emilia-22-aprile-per-protestare-contro-la-carcerazione-arbitraria-di-julian-assange\/\"]}]},{\"@type\":\"ImageObject\",\"inLanguage\":\"it-IT\",\"@id\":\"https:\/\/www.pressenza.com\/it\/2023\/04\/reggio-emilia-22-aprile-per-protestare-contro-la-carcerazione-arbitraria-di-julian-assange\/#primaryimage\",\"url\":\"https:\/\/www.pressenza.com\/wp-content\/uploads\/2023\/03\/attivisti_movimento_free_assange_reggio_emilia.jpg\",\"contentUrl\":\"https:\/\/www.pressenza.com\/wp-content\/uploads\/2023\/03\/attivisti_movimento_free_assange_reggio_emilia.jpg\",\"width\":1360,\"height\":954},{\"@type\":\"BreadcrumbList\",\"@id\":\"https:\/\/www.pressenza.com\/it\/2023\/04\/reggio-emilia-22-aprile-per-protestare-contro-la-carcerazione-arbitraria-di-julian-assange\/#breadcrumb\",\"itemListElement\":[{\"@type\":\"ListItem\",\"position\":1,\"name\":\"Accueil\",\"item\":\"https:\/\/www.pressenza.com\/it\/\"},{\"@type\":\"ListItem\",\"position\":2,\"name\":\"Reggio Emilia: 22 aprile per protestare contro la carcerazione arbitraria di Julian Assange\"}]},{\"@type\":\"WebSite\",\"@id\":\"https:\/\/www.pressenza.com\/it\/#website\",\"url\":\"https:\/\/www.pressenza.com\/it\/\",\"name\":\"Pressenza\",\"description\":\"Agenzia di Stampa Internazionale\",\"publisher\":{\"@id\":\"https:\/\/www.pressenza.com\/it\/#organization\"},\"potentialAction\":[{\"@type\":\"SearchAction\",\"target\":{\"@type\":\"EntryPoint\",\"urlTemplate\":\"https:\/\/www.pressenza.com\/it\/?s={search_term_string}\"},\"query-input\":{\"@type\":\"PropertyValueSpecification\",\"valueRequired\":true,\"valueName\":\"search_term_string\"}}],\"inLanguage\":\"it-IT\"},{\"@type\":\"Organization\",\"@id\":\"https:\/\/www.pressenza.com\/it\/#organization\",\"name\":\"Pressenza\",\"url\":\"https:\/\/www.pressenza.com\/it\/\",\"logo\":{\"@type\":\"ImageObject\",\"inLanguage\":\"it-IT\",\"@id\":\"https:\/\/www.pressenza.com\/it\/#\/schema\/logo\/image\/\",\"url\":\"https:\/\/www.pressenza.com\/wp-content\/uploads\/2022\/10\/pressenza_logo_200x200.jpg\",\"contentUrl\":\"https:\/\/www.pressenza.com\/wp-content\/uploads\/2022\/10\/pressenza_logo_200x200.jpg\",\"width\":200,\"height\":200,\"caption\":\"Pressenza\"},\"image\":{\"@id\":\"https:\/\/www.pressenza.com\/it\/#\/schema\/logo\/image\/\"},\"sameAs\":[\"https:\/\/www.facebook.com\/PressenzaItalia\",\"https:\/\/x.com\/PressenzaIPA\"]},{\"@type\":\"Person\",\"@id\":\"https:\/\/www.pressenza.com\/it\/#\/schema\/person\/d983e81827ae24f2c7b1a2123d197f8d\",\"name\":\"Redazione Italia\",\"description\":\"News from the Pressenza Bureau in Italy\",\"sameAs\":[\"https:\/\/www.pressenza.com\/it\/author\/redazione-italia\/\",\"https:\/\/www.facebook.com\/PressenzaItalia\",\"https:\/\/www.instagram.com\/pressenza_italia\/\",\"https:\/\/x.com\/pressenza_it\",\"https:\/\/www.youtube.com\/channel\/UCSalEIWjE1RSxkwjfftFuqg\"],\"url\":\"https:\/\/www.pressenza.com\/it\/author\/redazione-italia\/\"}]}<\/script>\n<!-- \/ Yoast SEO plugin. -->","yoast_head_json":{"title":"Reggio Emilia: 22 aprile per protestare contro la carcerazione arbitraria di Julian Assange","description":"Il 22 aprile dalle ore 10,30 alle ore 12,30 noi saremo in piazza Fontanesi a Reggio Emilia per ricordare a tutte e a tutti che, per JULIAN ASSANGE, l\u201911","robots":{"index":"index","follow":"follow","max-snippet":"max-snippet:-1","max-image-preview":"max-image-preview:large","max-video-preview":"max-video-preview:-1"},"canonical":"https:\/\/www.pressenza.com\/it\/2023\/04\/reggio-emilia-22-aprile-per-protestare-contro-la-carcerazione-arbitraria-di-julian-assange\/","og_locale":"it_IT","og_type":"article","og_title":"Reggio Emilia: 22 aprile per protestare contro la carcerazione arbitraria di Julian Assange","og_description":"Il 22 aprile dalle ore 10,30 alle ore 12,30 noi saremo in piazza Fontanesi a Reggio Emilia per ricordare a tutte e a tutti che, per JULIAN ASSANGE, l\u201911","og_url":"https:\/\/www.pressenza.com\/it\/2023\/04\/reggio-emilia-22-aprile-per-protestare-contro-la-carcerazione-arbitraria-di-julian-assange\/","og_site_name":"Pressenza","article_publisher":"https:\/\/www.facebook.com\/PressenzaItalia","article_author":"https:\/\/www.facebook.com\/PressenzaItalia","article_published_time":"2023-04-20T10:36:58+00:00","article_modified_time":"2023-10-17T14:59:33+00:00","og_image":[{"width":1360,"height":954,"url":"https:\/\/www.pressenza.com\/wp-content\/uploads\/2023\/03\/attivisti_movimento_free_assange_reggio_emilia.jpg","type":"image\/jpeg"}],"author":"Redazione Italia","twitter_card":"summary_large_image","twitter_creator":"@pressenza_it","twitter_site":"@PressenzaIPA","twitter_misc":{"Scritto da":"Redazione Italia","Tempo di lettura stimato":"3 minuti"},"schema":{"@context":"https:\/\/schema.org","@graph":[{"@type":"Article","@id":"https:\/\/www.pressenza.com\/it\/2023\/04\/reggio-emilia-22-aprile-per-protestare-contro-la-carcerazione-arbitraria-di-julian-assange\/#article","isPartOf":{"@id":"https:\/\/www.pressenza.com\/it\/2023\/04\/reggio-emilia-22-aprile-per-protestare-contro-la-carcerazione-arbitraria-di-julian-assange\/"},"author":{"name":"Redazione Italia","@id":"https:\/\/www.pressenza.com\/it\/#\/schema\/person\/d983e81827ae24f2c7b1a2123d197f8d"},"headline":"Reggio Emilia: 22 aprile per protestare contro la carcerazione arbitraria di Julian Assange","datePublished":"2023-04-20T10:36:58+00:00","dateModified":"2023-10-17T14:59:33+00:00","mainEntityOfPage":{"@id":"https:\/\/www.pressenza.com\/it\/2023\/04\/reggio-emilia-22-aprile-per-protestare-contro-la-carcerazione-arbitraria-di-julian-assange\/"},"wordCount":537,"publisher":{"@id":"https:\/\/www.pressenza.com\/it\/#organization"},"image":{"@id":"https:\/\/www.pressenza.com\/it\/2023\/04\/reggio-emilia-22-aprile-per-protestare-contro-la-carcerazione-arbitraria-di-julian-assange\/#primaryimage"},"thumbnailUrl":"https:\/\/www.pressenza.com\/wp-content\/uploads\/2023\/03\/attivisti_movimento_free_assange_reggio_emilia.jpg","keywords":["Julian Assange","Reggio Emilia"],"articleSection":["Comunicati Stampa","Diritti Umani"],"inLanguage":"it-IT"},{"@type":"WebPage","@id":"https:\/\/www.pressenza.com\/it\/2023\/04\/reggio-emilia-22-aprile-per-protestare-contro-la-carcerazione-arbitraria-di-julian-assange\/","url":"https:\/\/www.pressenza.com\/it\/2023\/04\/reggio-emilia-22-aprile-per-protestare-contro-la-carcerazione-arbitraria-di-julian-assange\/","name":"Reggio Emilia: 22 aprile per protestare contro la carcerazione arbitraria di Julian Assange","isPartOf":{"@id":"https:\/\/www.pressenza.com\/it\/#website"},"primaryImageOfPage":{"@id":"https:\/\/www.pressenza.com\/it\/2023\/04\/reggio-emilia-22-aprile-per-protestare-contro-la-carcerazione-arbitraria-di-julian-assange\/#primaryimage"},"image":{"@id":"https:\/\/www.pressenza.com\/it\/2023\/04\/reggio-emilia-22-aprile-per-protestare-contro-la-carcerazione-arbitraria-di-julian-assange\/#primaryimage"},"thumbnailUrl":"https:\/\/www.pressenza.com\/wp-content\/uploads\/2023\/03\/attivisti_movimento_free_assange_reggio_emilia.jpg","datePublished":"2023-04-20T10:36:58+00:00","dateModified":"2023-10-17T14:59:33+00:00","description":"Il 22 aprile dalle ore 10,30 alle ore 12,30 noi saremo in piazza Fontanesi a Reggio Emilia per ricordare a tutte e a tutti che, per JULIAN ASSANGE, l\u201911","breadcrumb":{"@id":"https:\/\/www.pressenza.com\/it\/2023\/04\/reggio-emilia-22-aprile-per-protestare-contro-la-carcerazione-arbitraria-di-julian-assange\/#breadcrumb"},"inLanguage":"it-IT","potentialAction":[{"@type":"ReadAction","target":["https:\/\/www.pressenza.com\/it\/2023\/04\/reggio-emilia-22-aprile-per-protestare-contro-la-carcerazione-arbitraria-di-julian-assange\/"]}]},{"@type":"ImageObject","inLanguage":"it-IT","@id":"https:\/\/www.pressenza.com\/it\/2023\/04\/reggio-emilia-22-aprile-per-protestare-contro-la-carcerazione-arbitraria-di-julian-assange\/#primaryimage","url":"https:\/\/www.pressenza.com\/wp-content\/uploads\/2023\/03\/attivisti_movimento_free_assange_reggio_emilia.jpg","contentUrl":"https:\/\/www.pressenza.com\/wp-content\/uploads\/2023\/03\/attivisti_movimento_free_assange_reggio_emilia.jpg","width":1360,"height":954},{"@type":"BreadcrumbList","@id":"https:\/\/www.pressenza.com\/it\/2023\/04\/reggio-emilia-22-aprile-per-protestare-contro-la-carcerazione-arbitraria-di-julian-assange\/#breadcrumb","itemListElement":[{"@type":"ListItem","position":1,"name":"Accueil","item":"https:\/\/www.pressenza.com\/it\/"},{"@type":"ListItem","position":2,"name":"Reggio Emilia: 22 aprile per protestare contro la carcerazione arbitraria di Julian Assange"}]},{"@type":"WebSite","@id":"https:\/\/www.pressenza.com\/it\/#website","url":"https:\/\/www.pressenza.com\/it\/","name":"Pressenza","description":"Agenzia di Stampa Internazionale","publisher":{"@id":"https:\/\/www.pressenza.com\/it\/#organization"},"potentialAction":[{"@type":"SearchAction","target":{"@type":"EntryPoint","urlTemplate":"https:\/\/www.pressenza.com\/it\/?s={search_term_string}"},"query-input":{"@type":"PropertyValueSpecification","valueRequired":true,"valueName":"search_term_string"}}],"inLanguage":"it-IT"},{"@type":"Organization","@id":"https:\/\/www.pressenza.com\/it\/#organization","name":"Pressenza","url":"https:\/\/www.pressenza.com\/it\/","logo":{"@type":"ImageObject","inLanguage":"it-IT","@id":"https:\/\/www.pressenza.com\/it\/#\/schema\/logo\/image\/","url":"https:\/\/www.pressenza.com\/wp-content\/uploads\/2022\/10\/pressenza_logo_200x200.jpg","contentUrl":"https:\/\/www.pressenza.com\/wp-content\/uploads\/2022\/10\/pressenza_logo_200x200.jpg","width":200,"height":200,"caption":"Pressenza"},"image":{"@id":"https:\/\/www.pressenza.com\/it\/#\/schema\/logo\/image\/"},"sameAs":["https:\/\/www.facebook.com\/PressenzaItalia","https:\/\/x.com\/PressenzaIPA"]},{"@type":"Person","@id":"https:\/\/www.pressenza.com\/it\/#\/schema\/person\/d983e81827ae24f2c7b1a2123d197f8d","name":"Redazione Italia","description":"News from the Pressenza Bureau in Italy","sameAs":["https:\/\/www.pressenza.com\/it\/author\/redazione-italia\/","https:\/\/www.facebook.com\/PressenzaItalia","https:\/\/www.instagram.com\/pressenza_italia\/","https:\/\/x.com\/pressenza_it","https:\/\/www.youtube.com\/channel\/UCSalEIWjE1RSxkwjfftFuqg"],"url":"https:\/\/www.pressenza.com\/it\/author\/redazione-italia\/"}]}},"place":"Reggio Emilia","original_article_url":"","_links":{"self":[{"href":"https:\/\/www.pressenza.com\/it\/wp-json\/wp\/v2\/posts\/1734141","targetHints":{"allow":["GET"]}}],"collection":[{"href":"https:\/\/www.pressenza.com\/it\/wp-json\/wp\/v2\/posts"}],"about":[{"href":"https:\/\/www.pressenza.com\/it\/wp-json\/wp\/v2\/types\/post"}],"author":[{"embeddable":true,"href":"https:\/\/www.pressenza.com\/it\/wp-json\/wp\/v2\/users\/594"}],"replies":[{"embeddable":true,"href":"https:\/\/www.pressenza.com\/it\/wp-json\/wp\/v2\/comments?post=1734141"}],"version-history":[{"count":0,"href":"https:\/\/www.pressenza.com\/it\/wp-json\/wp\/v2\/posts\/1734141\/revisions"}],"wp:featuredmedia":[{"embeddable":true,"href":"https:\/\/www.pressenza.com\/it\/wp-json\/wp\/v2\/media\/1728083"}],"wp:attachment":[{"href":"https:\/\/www.pressenza.com\/it\/wp-json\/wp\/v2\/media?parent=1734141"}],"wp:term":[{"taxonomy":"category","embeddable":true,"href":"https:\/\/www.pressenza.com\/it\/wp-json\/wp\/v2\/categories?post=1734141"},{"taxonomy":"post_tag","embeddable":true,"href":"https:\/\/www.pressenza.com\/it\/wp-json\/wp\/v2\/tags?post=1734141"}],"curies":[{"name":"wp","href":"https:\/\/api.w.org\/{rel}","templated":true}]}}