{"id":1732127,"date":"2023-04-10T10:10:15","date_gmt":"2023-04-10T09:10:15","guid":{"rendered":"https:\/\/www.pressenza.com\/?p=1732127"},"modified":"2023-04-10T10:13:03","modified_gmt":"2023-04-10T09:13:03","slug":"1732127","status":"publish","type":"post","link":"https:\/\/www.pressenza.com\/it\/2023\/04\/1732127\/","title":{"rendered":"Non Chiamatelo Morbo! Impariamo a riconoscere il Parkinson"},"content":{"rendered":"<p>L&#8217;11 Aprile \u00e8 la Giornata Mondiale del Parkinson. E per l&#8217;occasione la Confederazione Parkinson Italia, tra le tante altre iniziative, presenter\u00e0 il Manifesto Europeo del Parkinson, sviluppato da Parkinson\u2019s Europe con la comunit\u00e0 internazionale e fondato su 30 punti che sintetizzano i bisogni delle persone con Parkinson, dei caregiver e dei familiari curanti. Primo firmatario di tale documento \u00e8 stato il commissario europeo Paolo Gentiloni.<\/p>\n<p>Il Parkinson \u00e8  una malattia neurodegenerativa cronica, causata dalla progressiva morte dei neuroni situati in una piccola zona del cervello che producono il neurotrasmettitore dopamina, il quale controlla i movimenti. Chi \u00e8 affetto da Parkinson produce sempre meno dopamina, perdendo progressivamente il controllo del proprio corpo. Si hanno cos\u00ec tremori, rigidit\u00e0, lentezza nei movimenti, depressione, insonnia, disfagia, fino alla perdita completa dell\u2019autonomia personale e all\u2019impossibilit\u00e0 di svolgere le pi\u00f9 semplici attivit\u00e0 quotidiane, come vestirsi, mangiare, lavarsi, parlare e cos\u00ec via. Ad oggi non c&#8217;\u00e8 una cura risolutiva, ma solo trattamenti sintomatici che aiutano a convivere con la malattia la quale continua a progredire.<br \/>\nIn Italia si stima vi siano poco meno di 300.000 malati di Parkinson, destinati per\u00f2 a raddoppiare entro i prossimi 15 anni, secondo l\u2019Organizzazione Mondiale della Sanit\u00e0.  Si tratta di una patologia che tuttora gli organi d\u2019informazione, l\u2019opinione pubblica e le stesse Istituzioni percepiscono per\u00f2 in maniera errata, considerandola una \u201cmalattia dei vecchi\u201d, anche se l\u2019et\u00e0 d\u2019esordio si fa sempre pi\u00f9 giovane: un paziente su quattro ha meno di 50 anni, il 10% meno di 40 anni e la met\u00e0 dei malati \u00e8 in et\u00e0 lavorativa (abbiamo circa 25.000 famiglie, in Italia, con figli in et\u00e0 scolare in cui uno dei genitori \u00e8 colpito dalla malattia).<\/p>\n<p>La malattia di Parkinson, anche se ad insorgenza graduale, rappresenta per la famiglia un momento di crisi profonda. Essa infatti, poich\u00e9 ha un andamento cronico e progressivo, richiede alla famiglia continui adattamenti necessari, quali: cambiamenti di ruolo, di funzioni dei diversi membri del nucleo familiare e di dinamiche ormai collaudate nel tempo, per consentire di adattarsi ad essa, cercando di mantenere il pi\u00f9 possibile l\u2019autonomia dei diversi membri. Tutto ci\u00f2 comporta -ovviamente- un cambiamento dell\u2019identit\u00e0 della famiglia che diventa un\u2019altra, conservando il ricordo di com\u2019era prima dell\u2019insorgenza della patologia. E proprio perch\u00e9 \u00e8 una malattia cronica e progressiva, occorre che il malato e i familiari conoscano le tante caratteristiche della patologia per imparare a gestirla, per non subirla passivamente, ma combatterla. Ossia accettarla e imparare a farci i conti giorno dopo giorno, senza lasciarsi sopraffare dallo sconforto. Infatti, questa malattia richiede cure per tutto l\u2019arco della vita, richiede attenzione ai diversi cambiamenti fisici, cognitivi e aggiustamenti continui della terapia.<\/p>\n<p>Il Manifesto che sar\u00e0 presentato a Treviso elenca cosa desidera la comunit\u00e0 di persone con Parkinson, riassumibile in: una maggiore sensibilizzazione e comprensione del Parkinson; istruire e formare tutti i professionisti sanitari sul Parkinson; migliorare la diagnosi, il trattamento e la risposta a esigenze assistenziali complesse per le persone con Parkinson; aumentare il benessere e migliorare la qualit\u00e0 della vita delle persone con Parkinson e dei caregiver; potenziare la ricerca sul Parkinson e dare slancio alle innovazioni.<\/p>\n<p>Qui il Manifesto completo:  https:\/\/www.parkinson-italia.it\/wp-content\/uploads\/2023\/04\/a-parkinson-s-manifesto-for-europe-italian.pdf.<\/p>\n<p>Segnaliamo anche l&#8217;interessante mostra fotografica \u201cNon Chiamatemi Morbo\u201d lanciata a suo tempo da Confederazione Parkinson Italia, insieme all\u2019omonima campagna, per \u201csensibilizzare gli italiani sulla necessit\u00e0 di sradicare lo stigma e l\u2019ignoranza che circondano la malattia di Parkinson, favorirne la diagnosi precoce, educare il coming out, nonch\u00e9 promuovere i diritti delle persone con Parkinson alle cure, all\u2019inclusione sociale e a perseguire una migliore qualit\u00e0 della vita\u201d. Una mostra definita \u201cparlante\u201d, in quanto, grazie ad un\u2019apposita app, i visitatori vengono accompagnati nel racconto di numerose storie di resistenza alla malattia di Parkinson (corredate dalle belle immagini di Giovanni Diffidenti), dalle voci degli attori Claudio Bisio e Lella Costa:  https:\/\/nonchiamatemimorbo.info\/.<\/p>\n<p>In occasione della Giornata mondiale del Parkinson  2023, Parkinson&#8217;s Europe invita i politici, i responsabili politici e le organizzazioni sanitarie globali a riconoscere gli impatti economici, sociali e culturali del Parkinson, a riconoscere che il Parkinson \u00e8 la condizione neurologica in pi\u00f9 rapida crescita al mondo e le priorit\u00e0 del manifesto che le persone con Parkinson hanno individuato come bisognose di intervento.<br \/>\nPer maggiori informazioni:<br \/>\n<a href=\"https:\/\/www.parkinson-italia.it\/\">https:\/\/www.parkinson-italia.it\/<\/a>;<br \/>\n<a href=\"https:\/\/www.parkinsonseurope.org\/get-involved\/world-parkinson-s-day-2023\/\">https:\/\/www.parkinsonseurope.org\/get-involved\/world-parkinson-s-day-2023\/<\/a>.<\/p>\n","protected":false},"excerpt":{"rendered":"<p>L&#8217;11 Aprile \u00e8 la Giornata Mondiale del Parkinson. E per l&#8217;occasione la Confederazione Parkinson Italia, tra le tante altre iniziative, presenter\u00e0 il Manifesto Europeo del Parkinson, sviluppato da Parkinson\u2019s Europe con la comunit\u00e0 internazionale e fondato su 30 punti che&hellip;<\/p>\n","protected":false},"author":2106,"featured_media":1732128,"comment_status":"closed","ping_status":"closed","sticky":false,"template":"","format":"standard","meta":{"footnotes":""},"categories":[11388,1259],"tags":[105852,91686],"class_list":["post-1732127","post","type-post","status-publish","format-standard","has-post-thumbnail","hentry","category-contenuti-originali","category-salute-argomento","tag-morbo-di-parkinson","tag-parkinson-it"],"yoast_head":"<!-- This site is optimized with the Yoast SEO plugin v27.1.1 - https:\/\/yoast.com\/product\/yoast-seo-wordpress\/ -->\n<title>Non Chiamatelo Morbo! Impariamo a riconoscere il Parkinson<\/title>\n<meta name=\"description\" content=\"L&#039;11 Aprile \u00e8 la Giornata Mondiale del Parkinson. E per l&#039;occasione la Confederazione Parkinson Italia, tra le tante altre iniziative, presenter\u00e0 il\" \/>\n<meta name=\"robots\" content=\"index, follow, max-snippet:-1, max-image-preview:large, max-video-preview:-1\" \/>\n<link rel=\"canonical\" href=\"https:\/\/www.pressenza.com\/it\/2023\/04\/1732127\/\" \/>\n<meta property=\"og:locale\" content=\"it_IT\" \/>\n<meta property=\"og:type\" content=\"article\" \/>\n<meta property=\"og:title\" content=\"Non Chiamatelo Morbo! Impariamo a riconoscere il Parkinson\" \/>\n<meta property=\"og:description\" content=\"L&#039;11 Aprile \u00e8 la Giornata Mondiale del Parkinson. E per l&#039;occasione la Confederazione Parkinson Italia, tra le tante altre iniziative, presenter\u00e0 il\" \/>\n<meta property=\"og:url\" content=\"https:\/\/www.pressenza.com\/it\/2023\/04\/1732127\/\" \/>\n<meta property=\"og:site_name\" content=\"Pressenza\" \/>\n<meta property=\"article:publisher\" content=\"https:\/\/www.facebook.com\/PressenzaItalia\" \/>\n<meta property=\"article:published_time\" content=\"2023-04-10T09:10:15+00:00\" \/>\n<meta property=\"article:modified_time\" content=\"2023-04-10T09:13:03+00:00\" \/>\n<meta property=\"og:image\" content=\"https:\/\/www.pressenza.com\/wp-content\/uploads\/2023\/04\/foto-di-httpsnonchiamatemimorbo.info_.jpg\" \/>\n\t<meta property=\"og:image:width\" content=\"900\" \/>\n\t<meta property=\"og:image:height\" content=\"599\" \/>\n\t<meta property=\"og:image:type\" content=\"image\/jpeg\" \/>\n<meta name=\"author\" content=\"Giovanni Caprio\" \/>\n<meta name=\"twitter:card\" content=\"summary_large_image\" \/>\n<meta name=\"twitter:creator\" content=\"@PressenzaIPA\" \/>\n<meta name=\"twitter:site\" content=\"@PressenzaIPA\" \/>\n<meta name=\"twitter:label1\" content=\"Scritto da\" \/>\n\t<meta name=\"twitter:data1\" content=\"Giovanni Caprio\" \/>\n\t<meta name=\"twitter:label2\" content=\"Tempo di lettura stimato\" \/>\n\t<meta name=\"twitter:data2\" content=\"4 minuti\" \/>\n<script type=\"application\/ld+json\" class=\"yoast-schema-graph\">{\"@context\":\"https:\/\/schema.org\",\"@graph\":[{\"@type\":\"Article\",\"@id\":\"https:\/\/www.pressenza.com\/it\/2023\/04\/1732127\/#article\",\"isPartOf\":{\"@id\":\"https:\/\/www.pressenza.com\/it\/2023\/04\/1732127\/\"},\"author\":{\"name\":\"Giovanni Caprio\",\"@id\":\"https:\/\/www.pressenza.com\/it\/#\/schema\/person\/841c36a613f4f6e80f5fbc9c1f8c32c8\"},\"headline\":\"Non Chiamatelo Morbo! Impariamo a riconoscere il Parkinson\",\"datePublished\":\"2023-04-10T09:10:15+00:00\",\"dateModified\":\"2023-04-10T09:13:03+00:00\",\"mainEntityOfPage\":{\"@id\":\"https:\/\/www.pressenza.com\/it\/2023\/04\/1732127\/\"},\"wordCount\":719,\"publisher\":{\"@id\":\"https:\/\/www.pressenza.com\/it\/#organization\"},\"image\":{\"@id\":\"https:\/\/www.pressenza.com\/it\/2023\/04\/1732127\/#primaryimage\"},\"thumbnailUrl\":\"https:\/\/www.pressenza.com\/wp-content\/uploads\/2023\/04\/foto-di-httpsnonchiamatemimorbo.info_.jpg\",\"keywords\":[\"Morbo di Parkinson\",\"Parkinson\"],\"articleSection\":[\"contenuti originali\",\"Salute\"],\"inLanguage\":\"it-IT\"},{\"@type\":\"WebPage\",\"@id\":\"https:\/\/www.pressenza.com\/it\/2023\/04\/1732127\/\",\"url\":\"https:\/\/www.pressenza.com\/it\/2023\/04\/1732127\/\",\"name\":\"Non Chiamatelo Morbo! Impariamo a riconoscere il Parkinson\",\"isPartOf\":{\"@id\":\"https:\/\/www.pressenza.com\/it\/#website\"},\"primaryImageOfPage\":{\"@id\":\"https:\/\/www.pressenza.com\/it\/2023\/04\/1732127\/#primaryimage\"},\"image\":{\"@id\":\"https:\/\/www.pressenza.com\/it\/2023\/04\/1732127\/#primaryimage\"},\"thumbnailUrl\":\"https:\/\/www.pressenza.com\/wp-content\/uploads\/2023\/04\/foto-di-httpsnonchiamatemimorbo.info_.jpg\",\"datePublished\":\"2023-04-10T09:10:15+00:00\",\"dateModified\":\"2023-04-10T09:13:03+00:00\",\"description\":\"L'11 Aprile \u00e8 la Giornata Mondiale del Parkinson. E per l'occasione la Confederazione Parkinson Italia, tra le tante altre iniziative, presenter\u00e0 il\",\"breadcrumb\":{\"@id\":\"https:\/\/www.pressenza.com\/it\/2023\/04\/1732127\/#breadcrumb\"},\"inLanguage\":\"it-IT\",\"potentialAction\":[{\"@type\":\"ReadAction\",\"target\":[\"https:\/\/www.pressenza.com\/it\/2023\/04\/1732127\/\"]}]},{\"@type\":\"ImageObject\",\"inLanguage\":\"it-IT\",\"@id\":\"https:\/\/www.pressenza.com\/it\/2023\/04\/1732127\/#primaryimage\",\"url\":\"https:\/\/www.pressenza.com\/wp-content\/uploads\/2023\/04\/foto-di-httpsnonchiamatemimorbo.info_.jpg\",\"contentUrl\":\"https:\/\/www.pressenza.com\/wp-content\/uploads\/2023\/04\/foto-di-httpsnonchiamatemimorbo.info_.jpg\",\"width\":900,\"height\":599},{\"@type\":\"BreadcrumbList\",\"@id\":\"https:\/\/www.pressenza.com\/it\/2023\/04\/1732127\/#breadcrumb\",\"itemListElement\":[{\"@type\":\"ListItem\",\"position\":1,\"name\":\"Accueil\",\"item\":\"https:\/\/www.pressenza.com\/it\/\"},{\"@type\":\"ListItem\",\"position\":2,\"name\":\"Non Chiamatelo Morbo! Impariamo a riconoscere il Parkinson\"}]},{\"@type\":\"WebSite\",\"@id\":\"https:\/\/www.pressenza.com\/it\/#website\",\"url\":\"https:\/\/www.pressenza.com\/it\/\",\"name\":\"Pressenza\",\"description\":\"Agenzia di Stampa Internazionale\",\"publisher\":{\"@id\":\"https:\/\/www.pressenza.com\/it\/#organization\"},\"potentialAction\":[{\"@type\":\"SearchAction\",\"target\":{\"@type\":\"EntryPoint\",\"urlTemplate\":\"https:\/\/www.pressenza.com\/it\/?s={search_term_string}\"},\"query-input\":{\"@type\":\"PropertyValueSpecification\",\"valueRequired\":true,\"valueName\":\"search_term_string\"}}],\"inLanguage\":\"it-IT\"},{\"@type\":\"Organization\",\"@id\":\"https:\/\/www.pressenza.com\/it\/#organization\",\"name\":\"Pressenza\",\"url\":\"https:\/\/www.pressenza.com\/it\/\",\"logo\":{\"@type\":\"ImageObject\",\"inLanguage\":\"it-IT\",\"@id\":\"https:\/\/www.pressenza.com\/it\/#\/schema\/logo\/image\/\",\"url\":\"https:\/\/www.pressenza.com\/wp-content\/uploads\/2022\/10\/pressenza_logo_200x200.jpg\",\"contentUrl\":\"https:\/\/www.pressenza.com\/wp-content\/uploads\/2022\/10\/pressenza_logo_200x200.jpg\",\"width\":200,\"height\":200,\"caption\":\"Pressenza\"},\"image\":{\"@id\":\"https:\/\/www.pressenza.com\/it\/#\/schema\/logo\/image\/\"},\"sameAs\":[\"https:\/\/www.facebook.com\/PressenzaItalia\",\"https:\/\/x.com\/PressenzaIPA\"]},{\"@type\":\"Person\",\"@id\":\"https:\/\/www.pressenza.com\/it\/#\/schema\/person\/841c36a613f4f6e80f5fbc9c1f8c32c8\",\"name\":\"Giovanni Caprio\",\"description\":\"Pubblicista, gi\u00e0 dirigente di istituzioni pubbliche e di fondazioni private. Si occupa di beni comuni, partecipazione e governo del territorio.\",\"url\":\"https:\/\/www.pressenza.com\/it\/author\/giovanni-caprio\/\"}]}<\/script>\n<!-- \/ Yoast SEO plugin. -->","yoast_head_json":{"title":"Non Chiamatelo Morbo! Impariamo a riconoscere il Parkinson","description":"L'11 Aprile \u00e8 la Giornata Mondiale del Parkinson. E per l'occasione la Confederazione Parkinson Italia, tra le tante altre iniziative, presenter\u00e0 il","robots":{"index":"index","follow":"follow","max-snippet":"max-snippet:-1","max-image-preview":"max-image-preview:large","max-video-preview":"max-video-preview:-1"},"canonical":"https:\/\/www.pressenza.com\/it\/2023\/04\/1732127\/","og_locale":"it_IT","og_type":"article","og_title":"Non Chiamatelo Morbo! Impariamo a riconoscere il Parkinson","og_description":"L'11 Aprile \u00e8 la Giornata Mondiale del Parkinson. E per l'occasione la Confederazione Parkinson Italia, tra le tante altre iniziative, presenter\u00e0 il","og_url":"https:\/\/www.pressenza.com\/it\/2023\/04\/1732127\/","og_site_name":"Pressenza","article_publisher":"https:\/\/www.facebook.com\/PressenzaItalia","article_published_time":"2023-04-10T09:10:15+00:00","article_modified_time":"2023-04-10T09:13:03+00:00","og_image":[{"width":900,"height":599,"url":"https:\/\/www.pressenza.com\/wp-content\/uploads\/2023\/04\/foto-di-httpsnonchiamatemimorbo.info_.jpg","type":"image\/jpeg"}],"author":"Giovanni Caprio","twitter_card":"summary_large_image","twitter_creator":"@PressenzaIPA","twitter_site":"@PressenzaIPA","twitter_misc":{"Scritto da":"Giovanni Caprio","Tempo di lettura stimato":"4 minuti"},"schema":{"@context":"https:\/\/schema.org","@graph":[{"@type":"Article","@id":"https:\/\/www.pressenza.com\/it\/2023\/04\/1732127\/#article","isPartOf":{"@id":"https:\/\/www.pressenza.com\/it\/2023\/04\/1732127\/"},"author":{"name":"Giovanni Caprio","@id":"https:\/\/www.pressenza.com\/it\/#\/schema\/person\/841c36a613f4f6e80f5fbc9c1f8c32c8"},"headline":"Non Chiamatelo Morbo! Impariamo a riconoscere il Parkinson","datePublished":"2023-04-10T09:10:15+00:00","dateModified":"2023-04-10T09:13:03+00:00","mainEntityOfPage":{"@id":"https:\/\/www.pressenza.com\/it\/2023\/04\/1732127\/"},"wordCount":719,"publisher":{"@id":"https:\/\/www.pressenza.com\/it\/#organization"},"image":{"@id":"https:\/\/www.pressenza.com\/it\/2023\/04\/1732127\/#primaryimage"},"thumbnailUrl":"https:\/\/www.pressenza.com\/wp-content\/uploads\/2023\/04\/foto-di-httpsnonchiamatemimorbo.info_.jpg","keywords":["Morbo di Parkinson","Parkinson"],"articleSection":["contenuti originali","Salute"],"inLanguage":"it-IT"},{"@type":"WebPage","@id":"https:\/\/www.pressenza.com\/it\/2023\/04\/1732127\/","url":"https:\/\/www.pressenza.com\/it\/2023\/04\/1732127\/","name":"Non Chiamatelo Morbo! Impariamo a riconoscere il Parkinson","isPartOf":{"@id":"https:\/\/www.pressenza.com\/it\/#website"},"primaryImageOfPage":{"@id":"https:\/\/www.pressenza.com\/it\/2023\/04\/1732127\/#primaryimage"},"image":{"@id":"https:\/\/www.pressenza.com\/it\/2023\/04\/1732127\/#primaryimage"},"thumbnailUrl":"https:\/\/www.pressenza.com\/wp-content\/uploads\/2023\/04\/foto-di-httpsnonchiamatemimorbo.info_.jpg","datePublished":"2023-04-10T09:10:15+00:00","dateModified":"2023-04-10T09:13:03+00:00","description":"L'11 Aprile \u00e8 la Giornata Mondiale del Parkinson. E per l'occasione la Confederazione Parkinson Italia, tra le tante altre iniziative, presenter\u00e0 il","breadcrumb":{"@id":"https:\/\/www.pressenza.com\/it\/2023\/04\/1732127\/#breadcrumb"},"inLanguage":"it-IT","potentialAction":[{"@type":"ReadAction","target":["https:\/\/www.pressenza.com\/it\/2023\/04\/1732127\/"]}]},{"@type":"ImageObject","inLanguage":"it-IT","@id":"https:\/\/www.pressenza.com\/it\/2023\/04\/1732127\/#primaryimage","url":"https:\/\/www.pressenza.com\/wp-content\/uploads\/2023\/04\/foto-di-httpsnonchiamatemimorbo.info_.jpg","contentUrl":"https:\/\/www.pressenza.com\/wp-content\/uploads\/2023\/04\/foto-di-httpsnonchiamatemimorbo.info_.jpg","width":900,"height":599},{"@type":"BreadcrumbList","@id":"https:\/\/www.pressenza.com\/it\/2023\/04\/1732127\/#breadcrumb","itemListElement":[{"@type":"ListItem","position":1,"name":"Accueil","item":"https:\/\/www.pressenza.com\/it\/"},{"@type":"ListItem","position":2,"name":"Non Chiamatelo Morbo! Impariamo a riconoscere il Parkinson"}]},{"@type":"WebSite","@id":"https:\/\/www.pressenza.com\/it\/#website","url":"https:\/\/www.pressenza.com\/it\/","name":"Pressenza","description":"Agenzia di Stampa Internazionale","publisher":{"@id":"https:\/\/www.pressenza.com\/it\/#organization"},"potentialAction":[{"@type":"SearchAction","target":{"@type":"EntryPoint","urlTemplate":"https:\/\/www.pressenza.com\/it\/?s={search_term_string}"},"query-input":{"@type":"PropertyValueSpecification","valueRequired":true,"valueName":"search_term_string"}}],"inLanguage":"it-IT"},{"@type":"Organization","@id":"https:\/\/www.pressenza.com\/it\/#organization","name":"Pressenza","url":"https:\/\/www.pressenza.com\/it\/","logo":{"@type":"ImageObject","inLanguage":"it-IT","@id":"https:\/\/www.pressenza.com\/it\/#\/schema\/logo\/image\/","url":"https:\/\/www.pressenza.com\/wp-content\/uploads\/2022\/10\/pressenza_logo_200x200.jpg","contentUrl":"https:\/\/www.pressenza.com\/wp-content\/uploads\/2022\/10\/pressenza_logo_200x200.jpg","width":200,"height":200,"caption":"Pressenza"},"image":{"@id":"https:\/\/www.pressenza.com\/it\/#\/schema\/logo\/image\/"},"sameAs":["https:\/\/www.facebook.com\/PressenzaItalia","https:\/\/x.com\/PressenzaIPA"]},{"@type":"Person","@id":"https:\/\/www.pressenza.com\/it\/#\/schema\/person\/841c36a613f4f6e80f5fbc9c1f8c32c8","name":"Giovanni Caprio","description":"Pubblicista, gi\u00e0 dirigente di istituzioni pubbliche e di fondazioni private. Si occupa di beni comuni, partecipazione e governo del territorio.","url":"https:\/\/www.pressenza.com\/it\/author\/giovanni-caprio\/"}]}},"place":"","original_article_url":"","_links":{"self":[{"href":"https:\/\/www.pressenza.com\/it\/wp-json\/wp\/v2\/posts\/1732127","targetHints":{"allow":["GET"]}}],"collection":[{"href":"https:\/\/www.pressenza.com\/it\/wp-json\/wp\/v2\/posts"}],"about":[{"href":"https:\/\/www.pressenza.com\/it\/wp-json\/wp\/v2\/types\/post"}],"author":[{"embeddable":true,"href":"https:\/\/www.pressenza.com\/it\/wp-json\/wp\/v2\/users\/2106"}],"replies":[{"embeddable":true,"href":"https:\/\/www.pressenza.com\/it\/wp-json\/wp\/v2\/comments?post=1732127"}],"version-history":[{"count":0,"href":"https:\/\/www.pressenza.com\/it\/wp-json\/wp\/v2\/posts\/1732127\/revisions"}],"wp:featuredmedia":[{"embeddable":true,"href":"https:\/\/www.pressenza.com\/it\/wp-json\/wp\/v2\/media\/1732128"}],"wp:attachment":[{"href":"https:\/\/www.pressenza.com\/it\/wp-json\/wp\/v2\/media?parent=1732127"}],"wp:term":[{"taxonomy":"category","embeddable":true,"href":"https:\/\/www.pressenza.com\/it\/wp-json\/wp\/v2\/categories?post=1732127"},{"taxonomy":"post_tag","embeddable":true,"href":"https:\/\/www.pressenza.com\/it\/wp-json\/wp\/v2\/tags?post=1732127"}],"curies":[{"name":"wp","href":"https:\/\/api.w.org\/{rel}","templated":true}]}}