{"id":1730877,"date":"2023-04-05T15:54:10","date_gmt":"2023-04-05T14:54:10","guid":{"rendered":"https:\/\/www.pressenza.com\/?p=1730877"},"modified":"2023-04-07T08:48:11","modified_gmt":"2023-04-07T07:48:11","slug":"stopthewarnow-a-conclusione-della-quinta-carovana","status":"publish","type":"post","link":"https:\/\/www.pressenza.com\/it\/2023\/04\/stopthewarnow-a-conclusione-della-quinta-carovana\/","title":{"rendered":"StopTheWarNow: a conclusione della quinta carovana"},"content":{"rendered":"<p>In viaggio di ritorno, dalla Carovana di Pace Stopthewarnow in Ucraina, sono qui a chiedermi il senso e il significato di questa iniziativa.<br \/>\nE mentre i fiocchi di neve scendono su Iasi in Romania, mi chiedo cosa \u00e8 sceso in me, cosa ci portiamo a casa e cosa abbiamo lasciato l\u00e0.<br \/>\nAl di l\u00e0 delle altre tonnellate di aiuti e di una ventina di generatori di corrente portati da chi ha viaggiato in pulmino, soprattutto nella zona di Mykolaiv, c\u2019\u00e8 altro?<br \/>\n<img loading=\"lazy\" decoding=\"async\" class=\"aligncenter wp-image-1730878 size-large\" src=\"https:\/\/www.pressenza.com\/wp-content\/uploads\/2023\/04\/stopthewarnow20304_1-820x461.jpg\" alt=\"\" width=\"820\" height=\"461\" srcset=\"https:\/\/www.pressenza.com\/wp-content\/uploads\/2023\/04\/stopthewarnow20304_1-820x461.jpg 820w, https:\/\/www.pressenza.com\/wp-content\/uploads\/2023\/04\/stopthewarnow20304_1-300x169.jpg 300w, https:\/\/www.pressenza.com\/wp-content\/uploads\/2023\/04\/stopthewarnow20304_1.jpg 1600w\" sizes=\"auto, (max-width: 820px) 100vw, 820px\" \/><br \/>\nForse un senso lo ritrovo nella parole dette da Maxime l\u2019altro ieri \u201cquando non c\u2019era l\u2019acqua a Mykolaiv e andavamo a prenderla al fiume, quando non c\u2019era corrente e avevamo tanti problemi\u2026in un momento come questo siete arrivati chiedendo di cosa avevamo bisogno. E cos\u00ec\u2019 sono arrivati i dissalatori per l\u2019acqua potabile e questa volta i generatori di corrente. A volte ci finanziano delle cose ma voi siete gli unici che tornate e state con noi\u2026\u201d<br \/>\nQuando Maxime dice siete tornati e state con noi certo, si riferisce alle carovane di pace di questo anno ma soprattutto, ai volontari dell\u2019associazione Papa Giovanni XXIII, che da mesi si alternano in una presenza quasi costante in quella zona. Ieri al termine della Carovana, una piccola delegazione si \u00e8 ancora spinta verso il fronte di Cherson per portare degli aiuti. Si tratta di piccoli gesti e segnali di presenza e concretezza.<br \/>\nE quindi, cosa ci fanno circa 150 persone in rappresentanza di tante organizzazioni, diverse tra loro, della societ\u00e0 civile italiana e come semplici cittadini di ogni et\u00e0, in quel contesto? Per esempio, Maxime riferendosi al concerto in un quartiere di Mykolaiv, del 2 aprile dice che \u00e8\u00a0 \u00a0 stato uno dei rari momenti in cui si poteva pensare di non essere in guerra.<\/p>\n<div style=\"width: 640px;\" class=\"wp-video\"><!--[if lt IE 9]><script>document.createElement('video');<\/script><![endif]-->\n<video class=\"wp-video-shortcode\" id=\"video-1730877-1\" width=\"640\" height=\"360\" preload=\"metadata\" controls=\"controls\"><source type=\"video\/mp4\" src=\"https:\/\/serenoregis.org\/wp-content\/uploads\/2023\/04\/WhatsApp-Video-2023-04-04-at-11.34.45.mp4?_=1\" \/><a href=\"https:\/\/serenoregis.org\/wp-content\/uploads\/2023\/04\/WhatsApp-Video-2023-04-04-at-11.34.45.mp4\">https:\/\/serenoregis.org\/wp-content\/uploads\/2023\/04\/WhatsApp-Video-2023-04-04-at-11.34.45.mp4<\/a><\/video><\/div>\n<p>Il piccolo concerto in una piazzetta di case popolari gremita di uomini e donne anziani, di donne, di ragazzi e ragazze e alcuni bambini, \u00e8 stato forse il momento pi\u00f9 significativo della Carovana. Le chitarre hanno intonato vecchie canzoni italiane qui riconoscibili, ritornelli di famose canzoni inglesi, una canzone Ucraina per bambini, un paio di canzoni italiane di inno alla vita.<br \/>\nBattimani, occhi umidi, due anziani in fondo alla piazza che si abbracciano, signore che filmano tutto e che regalano narcisi gialli e sorrisi, bambini e ragazzi che fanno qualche passo di danza\u2026a tratti, sembra assurdo in quella situazione, ma un momento di vicinanza, di calore, di musica puo\u2019 aiutare a sentirsi meno soli in questa citta\u2019 in cui molti abitanti sono andati via; molti di noi infatti dormono in una scuola in cui al momento, le lezioni sono sospese o sono solo on line.<\/p>\n<div class=\"post-gallery\">\n\t\t\t<figure class=\"post-gallery-item\">\n\t\t\t\t<img decoding=\"async\" src=\"https:\/\/www.pressenza.com\/wp-content\/uploads\/2023\/04\/stopthewarnow20304_5-820x461.jpg\" loading=\"lazy\">\n\t\t\t\t<figcaption>\n\t\t\t\t\t\n\t\t\t\t<\/figcaption>\n\t\t\t<\/figure>\n\t\t\t<figure class=\"post-gallery-item\">\n\t\t\t\t<img decoding=\"async\" src=\"https:\/\/www.pressenza.com\/wp-content\/uploads\/2023\/04\/stopthewarnow20304_4-820x462.jpg\" loading=\"lazy\">\n\t\t\t\t<figcaption>\n\t\t\t\t\t\n\t\t\t\t<\/figcaption>\n\t\t\t<\/figure>\n\t\t\t<figure class=\"post-gallery-item\">\n\t\t\t\t<img decoding=\"async\" src=\"https:\/\/www.pressenza.com\/wp-content\/uploads\/2023\/04\/stopthewarnow20304_3-820x462.jpg\" loading=\"lazy\">\n\t\t\t\t<figcaption>\n\t\t\t\t\t\n\t\t\t\t<\/figcaption>\n\t\t\t<\/figure><\/div>\n<p>I palazzi grigi, ancora pi\u00f9 grigi per il brutto tempo, i volti tirati e le schiene un po\u2019 curve si distendono un pochino e non pu\u00f2 che fare bene.<br \/>\nMentre ho la testa tra le nuvole, nel senso che siamo in volo e, come dice un\u2019amica aiuta a pensare alle persone che sanno volare, ripenso alle parole dette dal Presidente della Cei, card. Zuppi, che in collegamento sostiene lo sforzo di immaginazione creativa nel costruire la pace. Oppure ripenso alle parole di don Paolo nella funzione delle domenica delle Palme, che ci invita ad andare a Gerusalemme con un desiderio di pace radicale e non come allora, nell\u2019attesa di un liberatore che pu\u00f2 utilizzare ogni mezzo.<br \/>\nDi tutto ci\u00f2 abbiamo bisogno per cercare di smontare bullone, dopo bullone i meccanismi che portano alle guerre. Occorre un lento e profondo lavoro di liberazione in noi stessi e nella societ\u00e0 per togliere consenso a chi apparecchia le guerre, a chi crea le condizioni favorevoli per l\u2019aumento delle disuguaglianze e delle ingiustizie.<br \/>\nOccorre tanta preparazione e organizzazione nei nostri movimenti, per dare gambe alla costruzione di resistenze civili non armate e nonviolente e cos\u00ec\u2019 rendere la musica colonna sonora e non solo momentaneo senso di pace.<\/p>\n<p style=\"text-align: right;\"><em><span class=\"poste-meta-og\"><span class=\"custom-autore\">Gianni D&#8217;Elia<\/span><\/span><\/em><\/p>\n","protected":false},"excerpt":{"rendered":"<p>In viaggio di ritorno, dalla Carovana di Pace Stopthewarnow in Ucraina, sono qui a chiedermi il senso e il significato di questa iniziativa. E mentre i fiocchi di neve scendono su Iasi in Romania, mi chiedo cosa \u00e8 sceso in&hellip;<\/p>\n","protected":false},"author":766,"featured_media":1730883,"comment_status":"closed","ping_status":"closed","sticky":false,"template":"","format":"standard","meta":{"footnotes":""},"categories":[1262,1263,57],"tags":[100565,103212,8514],"class_list":["post-1730877","post","type-post","status-publish","format-standard","has-post-thumbnail","hentry","category-nonviolenza-argomento","category-pace-disarmo","category-affari-esteri","tag-odessa-it","tag-stopthewarnow","tag-ucraina"],"yoast_head":"<!-- This site is optimized with the Yoast SEO plugin v27.1.1 - https:\/\/yoast.com\/product\/yoast-seo-wordpress\/ -->\n<title>StopTheWarNow: a conclusione della quinta carovana<\/title>\n<meta name=\"description\" content=\"In viaggio di ritorno, dalla Carovana di Pace Stopthewarnow in Ucraina, sono qui a chiedermi il senso e il significato di questa iniziativa. E mentre i\" \/>\n<meta name=\"robots\" content=\"index, follow, max-snippet:-1, max-image-preview:large, max-video-preview:-1\" \/>\n<link rel=\"canonical\" href=\"https:\/\/www.pressenza.com\/it\/2023\/04\/stopthewarnow-a-conclusione-della-quinta-carovana\/\" \/>\n<meta property=\"og:locale\" content=\"it_IT\" \/>\n<meta property=\"og:type\" content=\"article\" \/>\n<meta property=\"og:title\" content=\"StopTheWarNow: a conclusione della quinta carovana\" \/>\n<meta property=\"og:description\" content=\"In viaggio di ritorno, dalla Carovana di Pace Stopthewarnow in Ucraina, sono qui a chiedermi il senso e il significato di questa iniziativa. E mentre i\" \/>\n<meta property=\"og:url\" content=\"https:\/\/www.pressenza.com\/it\/2023\/04\/stopthewarnow-a-conclusione-della-quinta-carovana\/\" \/>\n<meta property=\"og:site_name\" content=\"Pressenza\" \/>\n<meta property=\"article:publisher\" content=\"https:\/\/www.facebook.com\/PressenzaItalia\" \/>\n<meta property=\"article:author\" content=\"https:\/\/www.facebook.com\/serenoregis\" \/>\n<meta property=\"article:published_time\" content=\"2023-04-05T14:54:10+00:00\" \/>\n<meta property=\"article:modified_time\" content=\"2023-04-07T07:48:11+00:00\" \/>\n<meta property=\"og:image\" content=\"https:\/\/www.pressenza.com\/wp-content\/uploads\/2023\/04\/stopthewarnow20304_2.jpg\" \/>\n\t<meta property=\"og:image:width\" content=\"1030\" \/>\n\t<meta property=\"og:image:height\" content=\"773\" \/>\n\t<meta property=\"og:image:type\" content=\"image\/jpeg\" \/>\n<meta name=\"author\" content=\"Centro Sereno Regis\" \/>\n<meta name=\"twitter:card\" content=\"summary_large_image\" \/>\n<meta name=\"twitter:creator\" content=\"@Sereno_Regis\" \/>\n<meta name=\"twitter:site\" content=\"@PressenzaIPA\" \/>\n<meta name=\"twitter:label1\" content=\"Scritto da\" \/>\n\t<meta name=\"twitter:data1\" content=\"Centro Sereno Regis\" \/>\n\t<meta name=\"twitter:label2\" content=\"Tempo di lettura stimato\" \/>\n\t<meta name=\"twitter:data2\" content=\"4 minuti\" \/>\n<script type=\"application\/ld+json\" class=\"yoast-schema-graph\">{\"@context\":\"https:\/\/schema.org\",\"@graph\":[{\"@type\":\"Article\",\"@id\":\"https:\/\/www.pressenza.com\/it\/2023\/04\/stopthewarnow-a-conclusione-della-quinta-carovana\/#article\",\"isPartOf\":{\"@id\":\"https:\/\/www.pressenza.com\/it\/2023\/04\/stopthewarnow-a-conclusione-della-quinta-carovana\/\"},\"author\":{\"name\":\"Centro Sereno Regis\",\"@id\":\"https:\/\/www.pressenza.com\/it\/#\/schema\/person\/d8d4bb868e9033b87b22f9ac47dfc5d3\"},\"headline\":\"StopTheWarNow: a conclusione della quinta carovana\",\"datePublished\":\"2023-04-05T14:54:10+00:00\",\"dateModified\":\"2023-04-07T07:48:11+00:00\",\"mainEntityOfPage\":{\"@id\":\"https:\/\/www.pressenza.com\/it\/2023\/04\/stopthewarnow-a-conclusione-della-quinta-carovana\/\"},\"wordCount\":667,\"publisher\":{\"@id\":\"https:\/\/www.pressenza.com\/it\/#organization\"},\"image\":{\"@id\":\"https:\/\/www.pressenza.com\/it\/2023\/04\/stopthewarnow-a-conclusione-della-quinta-carovana\/#primaryimage\"},\"thumbnailUrl\":\"https:\/\/www.pressenza.com\/wp-content\/uploads\/2023\/04\/stopthewarnow20304_2.jpg\",\"keywords\":[\"Odessa\",\"stopthewarnow\",\"Ucraina\"],\"articleSection\":[\"Nonviolenza\",\"Pace e Disarmo\",\"Questioni internazionali\"],\"inLanguage\":\"it-IT\"},{\"@type\":\"WebPage\",\"@id\":\"https:\/\/www.pressenza.com\/it\/2023\/04\/stopthewarnow-a-conclusione-della-quinta-carovana\/\",\"url\":\"https:\/\/www.pressenza.com\/it\/2023\/04\/stopthewarnow-a-conclusione-della-quinta-carovana\/\",\"name\":\"StopTheWarNow: a conclusione della quinta carovana\",\"isPartOf\":{\"@id\":\"https:\/\/www.pressenza.com\/it\/#website\"},\"primaryImageOfPage\":{\"@id\":\"https:\/\/www.pressenza.com\/it\/2023\/04\/stopthewarnow-a-conclusione-della-quinta-carovana\/#primaryimage\"},\"image\":{\"@id\":\"https:\/\/www.pressenza.com\/it\/2023\/04\/stopthewarnow-a-conclusione-della-quinta-carovana\/#primaryimage\"},\"thumbnailUrl\":\"https:\/\/www.pressenza.com\/wp-content\/uploads\/2023\/04\/stopthewarnow20304_2.jpg\",\"datePublished\":\"2023-04-05T14:54:10+00:00\",\"dateModified\":\"2023-04-07T07:48:11+00:00\",\"description\":\"In viaggio di ritorno, dalla Carovana di Pace Stopthewarnow in Ucraina, sono qui a chiedermi il senso e il significato di questa iniziativa. E mentre i\",\"breadcrumb\":{\"@id\":\"https:\/\/www.pressenza.com\/it\/2023\/04\/stopthewarnow-a-conclusione-della-quinta-carovana\/#breadcrumb\"},\"inLanguage\":\"it-IT\",\"potentialAction\":[{\"@type\":\"ReadAction\",\"target\":[\"https:\/\/www.pressenza.com\/it\/2023\/04\/stopthewarnow-a-conclusione-della-quinta-carovana\/\"]}]},{\"@type\":\"ImageObject\",\"inLanguage\":\"it-IT\",\"@id\":\"https:\/\/www.pressenza.com\/it\/2023\/04\/stopthewarnow-a-conclusione-della-quinta-carovana\/#primaryimage\",\"url\":\"https:\/\/www.pressenza.com\/wp-content\/uploads\/2023\/04\/stopthewarnow20304_2.jpg\",\"contentUrl\":\"https:\/\/www.pressenza.com\/wp-content\/uploads\/2023\/04\/stopthewarnow20304_2.jpg\",\"width\":1030,\"height\":773},{\"@type\":\"BreadcrumbList\",\"@id\":\"https:\/\/www.pressenza.com\/it\/2023\/04\/stopthewarnow-a-conclusione-della-quinta-carovana\/#breadcrumb\",\"itemListElement\":[{\"@type\":\"ListItem\",\"position\":1,\"name\":\"Accueil\",\"item\":\"https:\/\/www.pressenza.com\/it\/\"},{\"@type\":\"ListItem\",\"position\":2,\"name\":\"StopTheWarNow: a conclusione della quinta carovana\"}]},{\"@type\":\"WebSite\",\"@id\":\"https:\/\/www.pressenza.com\/it\/#website\",\"url\":\"https:\/\/www.pressenza.com\/it\/\",\"name\":\"Pressenza\",\"description\":\"Agenzia di Stampa Internazionale\",\"publisher\":{\"@id\":\"https:\/\/www.pressenza.com\/it\/#organization\"},\"potentialAction\":[{\"@type\":\"SearchAction\",\"target\":{\"@type\":\"EntryPoint\",\"urlTemplate\":\"https:\/\/www.pressenza.com\/it\/?s={search_term_string}\"},\"query-input\":{\"@type\":\"PropertyValueSpecification\",\"valueRequired\":true,\"valueName\":\"search_term_string\"}}],\"inLanguage\":\"it-IT\"},{\"@type\":\"Organization\",\"@id\":\"https:\/\/www.pressenza.com\/it\/#organization\",\"name\":\"Pressenza\",\"url\":\"https:\/\/www.pressenza.com\/it\/\",\"logo\":{\"@type\":\"ImageObject\",\"inLanguage\":\"it-IT\",\"@id\":\"https:\/\/www.pressenza.com\/it\/#\/schema\/logo\/image\/\",\"url\":\"https:\/\/www.pressenza.com\/wp-content\/uploads\/2022\/10\/pressenza_logo_200x200.jpg\",\"contentUrl\":\"https:\/\/www.pressenza.com\/wp-content\/uploads\/2022\/10\/pressenza_logo_200x200.jpg\",\"width\":200,\"height\":200,\"caption\":\"Pressenza\"},\"image\":{\"@id\":\"https:\/\/www.pressenza.com\/it\/#\/schema\/logo\/image\/\"},\"sameAs\":[\"https:\/\/www.facebook.com\/PressenzaItalia\",\"https:\/\/x.com\/PressenzaIPA\"]},{\"@type\":\"Person\",\"@id\":\"https:\/\/www.pressenza.com\/it\/#\/schema\/person\/d8d4bb868e9033b87b22f9ac47dfc5d3\",\"name\":\"Centro Sereno Regis\",\"description\":\"Il Centro Studi Sereno Regis \u00e8 una ONLUS (Organizzazione Non Lucrativa di Utilit\u00e0 Sociale) che promuove programmi di ricerca, educazione e azione sui temi della partecipazione politica, della difesa popolare nonviolenta, dell\u2019educazione alla pace e all\u2019interculturalit\u00e0, della trasformazione nonviolenta dei conflitti, dei modelli di sviluppo, delle energie rinnovabili e dell\u2019ecologia. Il Centro Studi \u00e8 stato costituito nel 1982 su iniziativa del Movimento Internazionale della Riconciliazione (MIR) e del Movimento Nonviolento (MN), attivi nella nostra regione sin dalla seconda met\u00e0 degli anni \u201960. serenoregis.org\/\",\"sameAs\":[\"https:\/\/www.facebook.com\/serenoregis\",\"https:\/\/x.com\/Sereno_Regis\"],\"url\":\"https:\/\/www.pressenza.com\/it\/author\/centro-sereno-regis\/\"}]}<\/script>\n<!-- \/ Yoast SEO plugin. -->","yoast_head_json":{"title":"StopTheWarNow: a conclusione della quinta carovana","description":"In viaggio di ritorno, dalla Carovana di Pace Stopthewarnow in Ucraina, sono qui a chiedermi il senso e il significato di questa iniziativa. E mentre i","robots":{"index":"index","follow":"follow","max-snippet":"max-snippet:-1","max-image-preview":"max-image-preview:large","max-video-preview":"max-video-preview:-1"},"canonical":"https:\/\/www.pressenza.com\/it\/2023\/04\/stopthewarnow-a-conclusione-della-quinta-carovana\/","og_locale":"it_IT","og_type":"article","og_title":"StopTheWarNow: a conclusione della quinta carovana","og_description":"In viaggio di ritorno, dalla Carovana di Pace Stopthewarnow in Ucraina, sono qui a chiedermi il senso e il significato di questa iniziativa. E mentre i","og_url":"https:\/\/www.pressenza.com\/it\/2023\/04\/stopthewarnow-a-conclusione-della-quinta-carovana\/","og_site_name":"Pressenza","article_publisher":"https:\/\/www.facebook.com\/PressenzaItalia","article_author":"https:\/\/www.facebook.com\/serenoregis","article_published_time":"2023-04-05T14:54:10+00:00","article_modified_time":"2023-04-07T07:48:11+00:00","og_image":[{"width":1030,"height":773,"url":"https:\/\/www.pressenza.com\/wp-content\/uploads\/2023\/04\/stopthewarnow20304_2.jpg","type":"image\/jpeg"}],"author":"Centro Sereno Regis","twitter_card":"summary_large_image","twitter_creator":"@Sereno_Regis","twitter_site":"@PressenzaIPA","twitter_misc":{"Scritto da":"Centro Sereno Regis","Tempo di lettura stimato":"4 minuti"},"schema":{"@context":"https:\/\/schema.org","@graph":[{"@type":"Article","@id":"https:\/\/www.pressenza.com\/it\/2023\/04\/stopthewarnow-a-conclusione-della-quinta-carovana\/#article","isPartOf":{"@id":"https:\/\/www.pressenza.com\/it\/2023\/04\/stopthewarnow-a-conclusione-della-quinta-carovana\/"},"author":{"name":"Centro Sereno Regis","@id":"https:\/\/www.pressenza.com\/it\/#\/schema\/person\/d8d4bb868e9033b87b22f9ac47dfc5d3"},"headline":"StopTheWarNow: a conclusione della quinta carovana","datePublished":"2023-04-05T14:54:10+00:00","dateModified":"2023-04-07T07:48:11+00:00","mainEntityOfPage":{"@id":"https:\/\/www.pressenza.com\/it\/2023\/04\/stopthewarnow-a-conclusione-della-quinta-carovana\/"},"wordCount":667,"publisher":{"@id":"https:\/\/www.pressenza.com\/it\/#organization"},"image":{"@id":"https:\/\/www.pressenza.com\/it\/2023\/04\/stopthewarnow-a-conclusione-della-quinta-carovana\/#primaryimage"},"thumbnailUrl":"https:\/\/www.pressenza.com\/wp-content\/uploads\/2023\/04\/stopthewarnow20304_2.jpg","keywords":["Odessa","stopthewarnow","Ucraina"],"articleSection":["Nonviolenza","Pace e Disarmo","Questioni internazionali"],"inLanguage":"it-IT"},{"@type":"WebPage","@id":"https:\/\/www.pressenza.com\/it\/2023\/04\/stopthewarnow-a-conclusione-della-quinta-carovana\/","url":"https:\/\/www.pressenza.com\/it\/2023\/04\/stopthewarnow-a-conclusione-della-quinta-carovana\/","name":"StopTheWarNow: a conclusione della quinta carovana","isPartOf":{"@id":"https:\/\/www.pressenza.com\/it\/#website"},"primaryImageOfPage":{"@id":"https:\/\/www.pressenza.com\/it\/2023\/04\/stopthewarnow-a-conclusione-della-quinta-carovana\/#primaryimage"},"image":{"@id":"https:\/\/www.pressenza.com\/it\/2023\/04\/stopthewarnow-a-conclusione-della-quinta-carovana\/#primaryimage"},"thumbnailUrl":"https:\/\/www.pressenza.com\/wp-content\/uploads\/2023\/04\/stopthewarnow20304_2.jpg","datePublished":"2023-04-05T14:54:10+00:00","dateModified":"2023-04-07T07:48:11+00:00","description":"In viaggio di ritorno, dalla Carovana di Pace Stopthewarnow in Ucraina, sono qui a chiedermi il senso e il significato di questa iniziativa. E mentre i","breadcrumb":{"@id":"https:\/\/www.pressenza.com\/it\/2023\/04\/stopthewarnow-a-conclusione-della-quinta-carovana\/#breadcrumb"},"inLanguage":"it-IT","potentialAction":[{"@type":"ReadAction","target":["https:\/\/www.pressenza.com\/it\/2023\/04\/stopthewarnow-a-conclusione-della-quinta-carovana\/"]}]},{"@type":"ImageObject","inLanguage":"it-IT","@id":"https:\/\/www.pressenza.com\/it\/2023\/04\/stopthewarnow-a-conclusione-della-quinta-carovana\/#primaryimage","url":"https:\/\/www.pressenza.com\/wp-content\/uploads\/2023\/04\/stopthewarnow20304_2.jpg","contentUrl":"https:\/\/www.pressenza.com\/wp-content\/uploads\/2023\/04\/stopthewarnow20304_2.jpg","width":1030,"height":773},{"@type":"BreadcrumbList","@id":"https:\/\/www.pressenza.com\/it\/2023\/04\/stopthewarnow-a-conclusione-della-quinta-carovana\/#breadcrumb","itemListElement":[{"@type":"ListItem","position":1,"name":"Accueil","item":"https:\/\/www.pressenza.com\/it\/"},{"@type":"ListItem","position":2,"name":"StopTheWarNow: a conclusione della quinta carovana"}]},{"@type":"WebSite","@id":"https:\/\/www.pressenza.com\/it\/#website","url":"https:\/\/www.pressenza.com\/it\/","name":"Pressenza","description":"Agenzia di Stampa Internazionale","publisher":{"@id":"https:\/\/www.pressenza.com\/it\/#organization"},"potentialAction":[{"@type":"SearchAction","target":{"@type":"EntryPoint","urlTemplate":"https:\/\/www.pressenza.com\/it\/?s={search_term_string}"},"query-input":{"@type":"PropertyValueSpecification","valueRequired":true,"valueName":"search_term_string"}}],"inLanguage":"it-IT"},{"@type":"Organization","@id":"https:\/\/www.pressenza.com\/it\/#organization","name":"Pressenza","url":"https:\/\/www.pressenza.com\/it\/","logo":{"@type":"ImageObject","inLanguage":"it-IT","@id":"https:\/\/www.pressenza.com\/it\/#\/schema\/logo\/image\/","url":"https:\/\/www.pressenza.com\/wp-content\/uploads\/2022\/10\/pressenza_logo_200x200.jpg","contentUrl":"https:\/\/www.pressenza.com\/wp-content\/uploads\/2022\/10\/pressenza_logo_200x200.jpg","width":200,"height":200,"caption":"Pressenza"},"image":{"@id":"https:\/\/www.pressenza.com\/it\/#\/schema\/logo\/image\/"},"sameAs":["https:\/\/www.facebook.com\/PressenzaItalia","https:\/\/x.com\/PressenzaIPA"]},{"@type":"Person","@id":"https:\/\/www.pressenza.com\/it\/#\/schema\/person\/d8d4bb868e9033b87b22f9ac47dfc5d3","name":"Centro Sereno Regis","description":"Il Centro Studi Sereno Regis \u00e8 una ONLUS (Organizzazione Non Lucrativa di Utilit\u00e0 Sociale) che promuove programmi di ricerca, educazione e azione sui temi della partecipazione politica, della difesa popolare nonviolenta, dell\u2019educazione alla pace e all\u2019interculturalit\u00e0, della trasformazione nonviolenta dei conflitti, dei modelli di sviluppo, delle energie rinnovabili e dell\u2019ecologia. Il Centro Studi \u00e8 stato costituito nel 1982 su iniziativa del Movimento Internazionale della Riconciliazione (MIR) e del Movimento Nonviolento (MN), attivi nella nostra regione sin dalla seconda met\u00e0 degli anni \u201960. serenoregis.org\/","sameAs":["https:\/\/www.facebook.com\/serenoregis","https:\/\/x.com\/Sereno_Regis"],"url":"https:\/\/www.pressenza.com\/it\/author\/centro-sereno-regis\/"}]}},"place":"Gianni D'Elia","original_article_url":"https:\/\/serenoregis.org\/2023\/04\/04\/stopthewarnow-a-conclusione-della-quinta-carovana\/#next","_links":{"self":[{"href":"https:\/\/www.pressenza.com\/it\/wp-json\/wp\/v2\/posts\/1730877","targetHints":{"allow":["GET"]}}],"collection":[{"href":"https:\/\/www.pressenza.com\/it\/wp-json\/wp\/v2\/posts"}],"about":[{"href":"https:\/\/www.pressenza.com\/it\/wp-json\/wp\/v2\/types\/post"}],"author":[{"embeddable":true,"href":"https:\/\/www.pressenza.com\/it\/wp-json\/wp\/v2\/users\/766"}],"replies":[{"embeddable":true,"href":"https:\/\/www.pressenza.com\/it\/wp-json\/wp\/v2\/comments?post=1730877"}],"version-history":[{"count":0,"href":"https:\/\/www.pressenza.com\/it\/wp-json\/wp\/v2\/posts\/1730877\/revisions"}],"wp:featuredmedia":[{"embeddable":true,"href":"https:\/\/www.pressenza.com\/it\/wp-json\/wp\/v2\/media\/1730883"}],"wp:attachment":[{"href":"https:\/\/www.pressenza.com\/it\/wp-json\/wp\/v2\/media?parent=1730877"}],"wp:term":[{"taxonomy":"category","embeddable":true,"href":"https:\/\/www.pressenza.com\/it\/wp-json\/wp\/v2\/categories?post=1730877"},{"taxonomy":"post_tag","embeddable":true,"href":"https:\/\/www.pressenza.com\/it\/wp-json\/wp\/v2\/tags?post=1730877"}],"curies":[{"name":"wp","href":"https:\/\/api.w.org\/{rel}","templated":true}]}}