{"id":1729820,"date":"2023-04-02T14:04:00","date_gmt":"2023-04-02T13:04:00","guid":{"rendered":"https:\/\/www.pressenza.com\/?p=1729820"},"modified":"2023-04-02T14:04:00","modified_gmt":"2023-04-02T13:04:00","slug":"tortura-meloni-ha-pronta-la-legge-salva-aguzzini","status":"publish","type":"post","link":"https:\/\/www.pressenza.com\/it\/2023\/04\/tortura-meloni-ha-pronta-la-legge-salva-aguzzini\/","title":{"rendered":"Tortura, Meloni ha pronta la legge salva-aguzzini"},"content":{"rendered":"<p>Con la proposta di\u00a0<strong>Imma Vietri (FdI)<\/strong>, 54enne di Cava dei Tirreni, di\u00a0<strong>modifica del \u201creato di tortura\u201d si torna in pieno medioevo<\/strong>: si potranno torturare i sospettati, infliggere loro acuto dolore e sofferenze, al fine di estorcere confessioni!<\/p>\n<p>Anche\u00a0<strong>il ministro della inGiustizia Carlo Nordio<\/strong>\u00a0lo ha confermato: il reato di tortura sar\u00e0 abolito.\u00a0<strong>Le forze dell\u2019ordine avranno mano libera anche per reprimere con la violenza le proteste di studenti e lavoratori, senza rischiare un\u2019incriminazione seria<\/strong>; d\u2019altro canto pure identificarli dietro i caschi \u00e8 pure impossibile rifiutando, la polizia, il numero identificativo sulle divise come c\u2019\u00e8 un po\u2019 ovunque nel mondo civile.<\/p>\n<p>Ovviamente lo ha confermato nella forma politicamente corretta: sar\u00e0 modificato il testo per \u00ab\u00a0<em>questioni tecniche, ma il reato rimarr\u00e0<\/em>\u00a0\u00bb [<strong>1<\/strong>].<\/p>\n<p>Ma \u00e8 la forma, in questo caso che fa la sostanza.<\/p>\n<h2 id=\"h-tortura-meloni-salva-gli-aguzzini-di-santa-maria-capua-venere\" class=\"wp-block-heading\"><strong>Tortura:<\/strong>\u00a0<strong>Meloni salva gli aguzzini di Santa Maria Capua Venere<\/strong><\/h2>\n<p><strong>La volont\u00e0 del governo \u00e8 ben espressa tanto da giornale Domani quanto dall\u2019associazione Antigone.<\/strong><\/p>\n<p>\u00ab\u00a0<em>Abrogare il reato<\/em>\u00a0\u2013 spiega il giornale \u2013\u00a0<em>significa anche inficiare l\u2019esito di processi in corso, uno su tutti quello contro i pestaggi ai danni dei detenuti del carcere di Santa Maria Capua Vetere, per cui a quasi met\u00e0 dei 105 agenti imputati viene contestato proprio il reato di tortura<\/em>\u00a0\u00bb [<strong>1<\/strong>].<\/p>\n<p>\u00ab\u00a0<em>Tutti<\/em>\u00a0\u2013 ricorda Patrizio Gonnella, presidente di Antigone \u2013\u00a0<em>abbiamo ancora davanti agli occhi le immagini di Santa Maria Capua Vetere, definita una mattanza dagli inquirenti, o di San Gimignano (per le quali diversi agenti e un medico sono stati condannati). Non avere questa legge significa garantire impunit\u00e0 a queste persone. Oltre 200 sono quelle attualmente indagate, imputate o gi\u00e0 condannate per fatti che riguardano torture avvenute nelle carceri italiane<\/em>\u00a0\u00bb [<strong>2<\/strong>].<\/p>\n<p>E\u2019 a tutti chiaro che\u00a0<strong>Giorgia Meloni\u00a0<\/strong>col provvedimento in discussione in Parlamento\u00a0<strong>vuole ripagare la \u201ccambiale\u201d alle Forze della Repressione che l\u2019hanno sostenuta elettoralmente.<\/strong><\/p>\n<h2 id=\"h-fratelli-d-italia-abolisce-la-tortura-si-chiamera-percosse-acute\" class=\"wp-block-heading\"><strong>Fratelli d\u2019Italia \u201cabolisce\u201d la tortura: si chiamer\u00e0 \u201cpercosse acute\u201d!<\/strong><\/h2>\n<p>Quale la strada intrapresa dalla\u00a0<em>presidente del \u201cgran\u201d Consiglio\u00a0<\/em>e dal suo ministro Nordio? Quella dell\u2019<strong>abolizione dell\u2019attuale normativa\u00a0<\/strong>( gli articoli 613-bis e 613-ter del Codice Penale ) e di\u00a0<strong>sostituirli con una aggravante specifica<\/strong>\u00a0valevole per i reati di percosse, violenza privata, abuso d\u2019autorit\u00e0, minacce.<\/p>\n<p>Di fatto, poliziotti, carabinieri e guardie carcerarie che commettano oggi questi reati rischiano l\u2019incriminazione del \u201c<em>reato di tortura<\/em>\u201d ( da 4 a 10 anni di carcere ). Domani, con la proposta di legge n. 623 di cui \u00e8 prima firmataria la deputata post-fascista Imma Vietri, gli agenti colpevoli non andrebbero in galera rischiando al pi\u00f9 pene inferiori ai 6 mesi ( percosse ) o ai 3 anni ( lesioni personali ).\u00a0<strong>Pene tutte annacquabili con una \u201ccondizionale\u201d che non si nega mai a un \u201cservitore dello stato\u201d.<\/strong><\/p>\n<p>Il <strong>nuovo testo<\/strong>\u00a0prevede solo un\u2019aggravante nel caso in cui<strong>\u00a0le azioni degli agenti provochino \u00ab a una persona dolore o sofferenze acuti, fisici o psichici \u00bb<\/strong>\u00a0e siano compiute \u00ab\u00a0<em>al fine di ottenere da questa o da una terza persona informazioni o confessioni\u00a0<\/em>\u00bb. Tuttavia, le informazioni cos\u00ec ottenute continuerebbero ad essere utilizzabili \u00ab\u00a0<em>contro le persone accusate del delitto e al solo fine di provarne la responsabilit\u00e0 penale<\/em>\u00a0\u00bb [<strong>3<\/strong>].<\/p>\n<p><strong>Una soluzione medioevale,<\/strong>\u00a0come detto all\u2019inizio.<\/p>\n<p>Una soluzione gi\u00e0\u00a0<strong><a href=\"https:\/\/www.fronteampio.it\/onu-comitato-contro-torture-italia-bocciata\/\" target=\"_blank\" rel=\"noreferrer noopener\">bocciata persino dall\u2019ONU<\/a><\/strong>.<\/p>\n<h2 id=\"h-abolizione-reato-di-tortura-le-motivazioni-della-norma-post-fascista\" class=\"wp-block-heading\"><strong>Abolizione \u201creato di tortura\u201d: le motivazioni della norma post-fascista<\/strong><\/h2>\n<p><strong>Sacrosante, secondo gli aguzzini e i loro naturali difensori post-fascisti, le motivazioni della cancellazione delle norme introdotte nel 2017.<\/strong><\/p>\n<p>Per i post-fascisti le \u00ab\u00a0<em>conseguenze penali [sono oggi] molto gravi e totalmente sproporzionate<\/em>\u00a0\u00bb per gli agenti picchiatori. Peraltro, una condanna per il \u201c<strong>reato di tortura<\/strong>\u201d a loro carico comprometterebbe \u00ab\u00a0<em>l\u2019onorabilit\u00e0 e l\u2019immagine delle Forze di polizia<\/em>\u00a0\u00bb [<strong>3<\/strong>].<\/p>\n<p>Una tale affermazione fa trasalire\u00a0<strong>il presidente di Antigone che cos\u00ec commenta<\/strong>: \u00ab\u00a0<em>voler abrogare questa legge perch\u00e9 esistono i torturatori \u00e8 al pari del voler abrogare il reato di omicidio perch\u00e9 esistano gli omicidi, il furto perch\u00e9 esistono i ladri<\/em>\u00a0\u00bb [<strong>2<\/strong>].<\/p>\n<p>A sentire Fratelli d\u2019Italia, inoltre, l\u2019esistenza del \u201c<strong>reato di tortura<\/strong>\u201d potrebbe colpire \u00ab\u00a0<em>un rigoroso uso della forza da parte della polizia durante un arresto o in operazioni di ordine pubblico particolarmente delicate o la collocazione di un detenuto in una cella sovraffollata\u00a0<\/em>\u00bb (!) [<strong>3<\/strong>]<\/p>\n<p>Ci\u00f2 ostacolerebbe lo \u00ab\u00a0<em>slancio necessario per portare avanti al meglio il loro lavoro\u00a0<\/em>\u00bb ( il lavoro dei poliziotti \u00e8 picchiare la gente, quindi? ) nonch\u00e9 un \u00ab\u00a0<em>arretramento dell\u2019attivit\u00e0 di prevenzione e repressione dei reati e uno scoraggiamento generalizzato dell\u2019iniziativa delle Forze dell\u2019ordine\u00a0<\/em>\u00bb [3].<\/p>\n<p><strong>Parole che, in regime di stampo cileno (Pinochet), \u00e8 normale leggere.<\/strong><\/p>\n<p>\u2013<\/p>\n<h2 id=\"h-fonti-e-note\" class=\"wp-block-heading\"><strong>Fonti e Note:<\/strong><\/h2>\n<p><strong>[1]\u00a0<\/strong><a href=\"https:\/\/www.editorialedomani.it\/giustizia\/nordio-finge-di-difendere-il-reato-di-tortura-ma-dice-le-stesse-cose-di-fdi-che-vuole-abolirlo-vvpip0q2\" target=\"_blank\" rel=\"noreferrer noopener\"><strong>Domani<\/strong>,<\/a>\u00a029 marzo 2023, \u201c<em>Nordio finge di difendere il reato di tortura, ma dice le stesse cose di FdI che vuole abolirlo<\/em>\u201d.<\/p>\n<p><strong>[2]\u00a0<a href=\"https:\/\/www.antigone.it\/news\/antigone-news\/3474-tortura-antigone-fratelli-d-italia-dalla-parte-di-chi-tortura-meloni-dica-da-che-parte-sta\" target=\"_blank\" rel=\"noreferrer noopener\">Antigone<\/a><\/strong>, 24 marzo 2023, \u201c<em>Tortura. Antigone: \u201cFratelli d\u2019Italia dalla parte di chi tortura. Meloni dica da che parte sta\u201d<\/em>\u201d.<\/p>\n<p><strong>[3]\u00a0<a href=\"https:\/\/www.camera.it\/leg19\/995?sezione=documenti&amp;tipoDoc=lavori_testo_pdl&amp;idLegislatura=19&amp;codice=leg.19.pdl.camera.623.19PDL0012800&amp;back_to=https:\/\/www.camera.it\/leg19\/126?tab=2-e-leg=19-e-idDocumento=623-e-sede=-e-tipo=\" target=\"_blank\" rel=\"noreferrer noopener\">Camera<\/a><\/strong>, Proposta di legge n. 623, 23 novembre 2022, prima firmataria Imma Vietri (FdI), \u201c<em>Modifiche agli articoli 61 del codice penale e 191 del codice di procedura penale in materia di introduzione della circostanza aggravante comune della tortura<\/em>\u201d.<\/p>\n","protected":false},"excerpt":{"rendered":"<p>Con la proposta di\u00a0Imma Vietri (FdI), 54enne di Cava dei Tirreni, di\u00a0modifica del \u201creato di tortura\u201d si torna in pieno medioevo: si potranno torturare i sospettati, infliggere loro acuto dolore e sofferenze, al fine di estorcere confessioni! Anche\u00a0il ministro della&hellip;<\/p>\n","protected":false},"author":1284,"featured_media":1729821,"comment_status":"closed","ping_status":"closed","sticky":false,"template":"","format":"standard","meta":{"footnotes":""},"categories":[11388,55],"tags":[18201,628],"class_list":["post-1729820","post","type-post","status-publish","format-standard","has-post-thumbnail","hentry","category-contenuti-originali","category-politica","tag-legge-sulla-tortura","tag-tortura"],"yoast_head":"<!-- This site is optimized with the Yoast SEO plugin v27.1.1 - https:\/\/yoast.com\/product\/yoast-seo-wordpress\/ -->\n<title>Tortura, Meloni ha pronta la legge salva-aguzzini<\/title>\n<meta name=\"description\" content=\"Con la proposta di\u00a0Imma Vietri (FdI), 54enne di Cava dei Tirreni, di\u00a0modifica del \u201creato di tortura\u201d si torna in pieno medioevo: si potranno torturare i\" \/>\n<meta name=\"robots\" content=\"index, follow, max-snippet:-1, max-image-preview:large, max-video-preview:-1\" \/>\n<link rel=\"canonical\" href=\"https:\/\/www.pressenza.com\/it\/2023\/04\/tortura-meloni-ha-pronta-la-legge-salva-aguzzini\/\" \/>\n<meta property=\"og:locale\" content=\"it_IT\" \/>\n<meta property=\"og:type\" content=\"article\" \/>\n<meta property=\"og:title\" content=\"Tortura, Meloni ha pronta la legge salva-aguzzini\" \/>\n<meta property=\"og:description\" content=\"Con la proposta di\u00a0Imma Vietri (FdI), 54enne di Cava dei Tirreni, di\u00a0modifica del \u201creato di tortura\u201d si torna in pieno medioevo: si potranno torturare i\" \/>\n<meta property=\"og:url\" content=\"https:\/\/www.pressenza.com\/it\/2023\/04\/tortura-meloni-ha-pronta-la-legge-salva-aguzzini\/\" \/>\n<meta property=\"og:site_name\" content=\"Pressenza\" \/>\n<meta property=\"article:publisher\" content=\"https:\/\/www.facebook.com\/PressenzaItalia\" \/>\n<meta property=\"article:published_time\" content=\"2023-04-02T13:04:00+00:00\" \/>\n<meta property=\"og:image\" content=\"https:\/\/www.pressenza.com\/wp-content\/uploads\/2023\/04\/Giorgia_Meloni.jpg\" \/>\n\t<meta property=\"og:image:width\" content=\"1000\" \/>\n\t<meta property=\"og:image:height\" content=\"667\" \/>\n\t<meta property=\"og:image:type\" content=\"image\/jpeg\" \/>\n<meta name=\"author\" content=\"Natale Salvo\" \/>\n<meta name=\"twitter:card\" content=\"summary_large_image\" \/>\n<meta name=\"twitter:creator\" content=\"@PressenzaIPA\" \/>\n<meta name=\"twitter:site\" content=\"@PressenzaIPA\" \/>\n<meta name=\"twitter:label1\" content=\"Scritto da\" \/>\n\t<meta name=\"twitter:data1\" content=\"Natale Salvo\" \/>\n\t<meta name=\"twitter:label2\" content=\"Tempo di lettura stimato\" \/>\n\t<meta name=\"twitter:data2\" content=\"5 minuti\" \/>\n<script type=\"application\/ld+json\" class=\"yoast-schema-graph\">{\"@context\":\"https:\/\/schema.org\",\"@graph\":[{\"@type\":\"Article\",\"@id\":\"https:\/\/www.pressenza.com\/it\/2023\/04\/tortura-meloni-ha-pronta-la-legge-salva-aguzzini\/#article\",\"isPartOf\":{\"@id\":\"https:\/\/www.pressenza.com\/it\/2023\/04\/tortura-meloni-ha-pronta-la-legge-salva-aguzzini\/\"},\"author\":{\"name\":\"Natale Salvo\",\"@id\":\"https:\/\/www.pressenza.com\/it\/#\/schema\/person\/dfdba7d9ea928e4a93ced607c353757c\"},\"headline\":\"Tortura, Meloni ha pronta la legge salva-aguzzini\",\"datePublished\":\"2023-04-02T13:04:00+00:00\",\"mainEntityOfPage\":{\"@id\":\"https:\/\/www.pressenza.com\/it\/2023\/04\/tortura-meloni-ha-pronta-la-legge-salva-aguzzini\/\"},\"wordCount\":794,\"publisher\":{\"@id\":\"https:\/\/www.pressenza.com\/it\/#organization\"},\"image\":{\"@id\":\"https:\/\/www.pressenza.com\/it\/2023\/04\/tortura-meloni-ha-pronta-la-legge-salva-aguzzini\/#primaryimage\"},\"thumbnailUrl\":\"https:\/\/www.pressenza.com\/wp-content\/uploads\/2023\/04\/Giorgia_Meloni.jpg\",\"keywords\":[\"legge sulla tortura\",\"tortura\"],\"articleSection\":[\"contenuti originali\",\"Politica\"],\"inLanguage\":\"it-IT\"},{\"@type\":\"WebPage\",\"@id\":\"https:\/\/www.pressenza.com\/it\/2023\/04\/tortura-meloni-ha-pronta-la-legge-salva-aguzzini\/\",\"url\":\"https:\/\/www.pressenza.com\/it\/2023\/04\/tortura-meloni-ha-pronta-la-legge-salva-aguzzini\/\",\"name\":\"Tortura, Meloni ha pronta la legge salva-aguzzini\",\"isPartOf\":{\"@id\":\"https:\/\/www.pressenza.com\/it\/#website\"},\"primaryImageOfPage\":{\"@id\":\"https:\/\/www.pressenza.com\/it\/2023\/04\/tortura-meloni-ha-pronta-la-legge-salva-aguzzini\/#primaryimage\"},\"image\":{\"@id\":\"https:\/\/www.pressenza.com\/it\/2023\/04\/tortura-meloni-ha-pronta-la-legge-salva-aguzzini\/#primaryimage\"},\"thumbnailUrl\":\"https:\/\/www.pressenza.com\/wp-content\/uploads\/2023\/04\/Giorgia_Meloni.jpg\",\"datePublished\":\"2023-04-02T13:04:00+00:00\",\"description\":\"Con la proposta di\u00a0Imma Vietri (FdI), 54enne di Cava dei Tirreni, di\u00a0modifica del \u201creato di tortura\u201d si torna in pieno medioevo: si potranno torturare i\",\"breadcrumb\":{\"@id\":\"https:\/\/www.pressenza.com\/it\/2023\/04\/tortura-meloni-ha-pronta-la-legge-salva-aguzzini\/#breadcrumb\"},\"inLanguage\":\"it-IT\",\"potentialAction\":[{\"@type\":\"ReadAction\",\"target\":[\"https:\/\/www.pressenza.com\/it\/2023\/04\/tortura-meloni-ha-pronta-la-legge-salva-aguzzini\/\"]}]},{\"@type\":\"ImageObject\",\"inLanguage\":\"it-IT\",\"@id\":\"https:\/\/www.pressenza.com\/it\/2023\/04\/tortura-meloni-ha-pronta-la-legge-salva-aguzzini\/#primaryimage\",\"url\":\"https:\/\/www.pressenza.com\/wp-content\/uploads\/2023\/04\/Giorgia_Meloni.jpg\",\"contentUrl\":\"https:\/\/www.pressenza.com\/wp-content\/uploads\/2023\/04\/Giorgia_Meloni.jpg\",\"width\":1000,\"height\":667,\"caption\":\"Giorgia_Meloni\"},{\"@type\":\"BreadcrumbList\",\"@id\":\"https:\/\/www.pressenza.com\/it\/2023\/04\/tortura-meloni-ha-pronta-la-legge-salva-aguzzini\/#breadcrumb\",\"itemListElement\":[{\"@type\":\"ListItem\",\"position\":1,\"name\":\"Accueil\",\"item\":\"https:\/\/www.pressenza.com\/it\/\"},{\"@type\":\"ListItem\",\"position\":2,\"name\":\"Tortura, Meloni ha pronta la legge salva-aguzzini\"}]},{\"@type\":\"WebSite\",\"@id\":\"https:\/\/www.pressenza.com\/it\/#website\",\"url\":\"https:\/\/www.pressenza.com\/it\/\",\"name\":\"Pressenza\",\"description\":\"Agenzia di Stampa Internazionale\",\"publisher\":{\"@id\":\"https:\/\/www.pressenza.com\/it\/#organization\"},\"potentialAction\":[{\"@type\":\"SearchAction\",\"target\":{\"@type\":\"EntryPoint\",\"urlTemplate\":\"https:\/\/www.pressenza.com\/it\/?s={search_term_string}\"},\"query-input\":{\"@type\":\"PropertyValueSpecification\",\"valueRequired\":true,\"valueName\":\"search_term_string\"}}],\"inLanguage\":\"it-IT\"},{\"@type\":\"Organization\",\"@id\":\"https:\/\/www.pressenza.com\/it\/#organization\",\"name\":\"Pressenza\",\"url\":\"https:\/\/www.pressenza.com\/it\/\",\"logo\":{\"@type\":\"ImageObject\",\"inLanguage\":\"it-IT\",\"@id\":\"https:\/\/www.pressenza.com\/it\/#\/schema\/logo\/image\/\",\"url\":\"https:\/\/www.pressenza.com\/wp-content\/uploads\/2022\/10\/pressenza_logo_200x200.jpg\",\"contentUrl\":\"https:\/\/www.pressenza.com\/wp-content\/uploads\/2022\/10\/pressenza_logo_200x200.jpg\",\"width\":200,\"height\":200,\"caption\":\"Pressenza\"},\"image\":{\"@id\":\"https:\/\/www.pressenza.com\/it\/#\/schema\/logo\/image\/\"},\"sameAs\":[\"https:\/\/www.facebook.com\/PressenzaItalia\",\"https:\/\/x.com\/PressenzaIPA\"]},{\"@type\":\"Person\",\"@id\":\"https:\/\/www.pressenza.com\/it\/#\/schema\/person\/dfdba7d9ea928e4a93ced607c353757c\",\"name\":\"Natale Salvo\",\"description\":\"Nato e cresciuto nella terra del \u201cGattopardo\u201d, la Sicilia. Ha dedicato la propria esistenza all'impegno sociale. Allenatore di una squadretta di calcio di periferia, presidente del circolo di Legambiente, candidato sindaco per il Partito Umanista. Infine blogger d\u2019inchiesta; ha pagato le sue denunce di cattiva amministrazione con una persecuzione per via giudiziaria. E' autore del libro \\\"La rivoluzione copernicana chiamata Reddito di Base\\\", edito da Multimage, Firenze.\",\"url\":\"https:\/\/www.pressenza.com\/it\/author\/natale-salvo\/\"}]}<\/script>\n<!-- \/ Yoast SEO plugin. -->","yoast_head_json":{"title":"Tortura, Meloni ha pronta la legge salva-aguzzini","description":"Con la proposta di\u00a0Imma Vietri (FdI), 54enne di Cava dei Tirreni, di\u00a0modifica del \u201creato di tortura\u201d si torna in pieno medioevo: si potranno torturare i","robots":{"index":"index","follow":"follow","max-snippet":"max-snippet:-1","max-image-preview":"max-image-preview:large","max-video-preview":"max-video-preview:-1"},"canonical":"https:\/\/www.pressenza.com\/it\/2023\/04\/tortura-meloni-ha-pronta-la-legge-salva-aguzzini\/","og_locale":"it_IT","og_type":"article","og_title":"Tortura, Meloni ha pronta la legge salva-aguzzini","og_description":"Con la proposta di\u00a0Imma Vietri (FdI), 54enne di Cava dei Tirreni, di\u00a0modifica del \u201creato di tortura\u201d si torna in pieno medioevo: si potranno torturare i","og_url":"https:\/\/www.pressenza.com\/it\/2023\/04\/tortura-meloni-ha-pronta-la-legge-salva-aguzzini\/","og_site_name":"Pressenza","article_publisher":"https:\/\/www.facebook.com\/PressenzaItalia","article_published_time":"2023-04-02T13:04:00+00:00","og_image":[{"width":1000,"height":667,"url":"https:\/\/www.pressenza.com\/wp-content\/uploads\/2023\/04\/Giorgia_Meloni.jpg","type":"image\/jpeg"}],"author":"Natale Salvo","twitter_card":"summary_large_image","twitter_creator":"@PressenzaIPA","twitter_site":"@PressenzaIPA","twitter_misc":{"Scritto da":"Natale Salvo","Tempo di lettura stimato":"5 minuti"},"schema":{"@context":"https:\/\/schema.org","@graph":[{"@type":"Article","@id":"https:\/\/www.pressenza.com\/it\/2023\/04\/tortura-meloni-ha-pronta-la-legge-salva-aguzzini\/#article","isPartOf":{"@id":"https:\/\/www.pressenza.com\/it\/2023\/04\/tortura-meloni-ha-pronta-la-legge-salva-aguzzini\/"},"author":{"name":"Natale Salvo","@id":"https:\/\/www.pressenza.com\/it\/#\/schema\/person\/dfdba7d9ea928e4a93ced607c353757c"},"headline":"Tortura, Meloni ha pronta la legge salva-aguzzini","datePublished":"2023-04-02T13:04:00+00:00","mainEntityOfPage":{"@id":"https:\/\/www.pressenza.com\/it\/2023\/04\/tortura-meloni-ha-pronta-la-legge-salva-aguzzini\/"},"wordCount":794,"publisher":{"@id":"https:\/\/www.pressenza.com\/it\/#organization"},"image":{"@id":"https:\/\/www.pressenza.com\/it\/2023\/04\/tortura-meloni-ha-pronta-la-legge-salva-aguzzini\/#primaryimage"},"thumbnailUrl":"https:\/\/www.pressenza.com\/wp-content\/uploads\/2023\/04\/Giorgia_Meloni.jpg","keywords":["legge sulla tortura","tortura"],"articleSection":["contenuti originali","Politica"],"inLanguage":"it-IT"},{"@type":"WebPage","@id":"https:\/\/www.pressenza.com\/it\/2023\/04\/tortura-meloni-ha-pronta-la-legge-salva-aguzzini\/","url":"https:\/\/www.pressenza.com\/it\/2023\/04\/tortura-meloni-ha-pronta-la-legge-salva-aguzzini\/","name":"Tortura, Meloni ha pronta la legge salva-aguzzini","isPartOf":{"@id":"https:\/\/www.pressenza.com\/it\/#website"},"primaryImageOfPage":{"@id":"https:\/\/www.pressenza.com\/it\/2023\/04\/tortura-meloni-ha-pronta-la-legge-salva-aguzzini\/#primaryimage"},"image":{"@id":"https:\/\/www.pressenza.com\/it\/2023\/04\/tortura-meloni-ha-pronta-la-legge-salva-aguzzini\/#primaryimage"},"thumbnailUrl":"https:\/\/www.pressenza.com\/wp-content\/uploads\/2023\/04\/Giorgia_Meloni.jpg","datePublished":"2023-04-02T13:04:00+00:00","description":"Con la proposta di\u00a0Imma Vietri (FdI), 54enne di Cava dei Tirreni, di\u00a0modifica del \u201creato di tortura\u201d si torna in pieno medioevo: si potranno torturare i","breadcrumb":{"@id":"https:\/\/www.pressenza.com\/it\/2023\/04\/tortura-meloni-ha-pronta-la-legge-salva-aguzzini\/#breadcrumb"},"inLanguage":"it-IT","potentialAction":[{"@type":"ReadAction","target":["https:\/\/www.pressenza.com\/it\/2023\/04\/tortura-meloni-ha-pronta-la-legge-salva-aguzzini\/"]}]},{"@type":"ImageObject","inLanguage":"it-IT","@id":"https:\/\/www.pressenza.com\/it\/2023\/04\/tortura-meloni-ha-pronta-la-legge-salva-aguzzini\/#primaryimage","url":"https:\/\/www.pressenza.com\/wp-content\/uploads\/2023\/04\/Giorgia_Meloni.jpg","contentUrl":"https:\/\/www.pressenza.com\/wp-content\/uploads\/2023\/04\/Giorgia_Meloni.jpg","width":1000,"height":667,"caption":"Giorgia_Meloni"},{"@type":"BreadcrumbList","@id":"https:\/\/www.pressenza.com\/it\/2023\/04\/tortura-meloni-ha-pronta-la-legge-salva-aguzzini\/#breadcrumb","itemListElement":[{"@type":"ListItem","position":1,"name":"Accueil","item":"https:\/\/www.pressenza.com\/it\/"},{"@type":"ListItem","position":2,"name":"Tortura, Meloni ha pronta la legge salva-aguzzini"}]},{"@type":"WebSite","@id":"https:\/\/www.pressenza.com\/it\/#website","url":"https:\/\/www.pressenza.com\/it\/","name":"Pressenza","description":"Agenzia di Stampa Internazionale","publisher":{"@id":"https:\/\/www.pressenza.com\/it\/#organization"},"potentialAction":[{"@type":"SearchAction","target":{"@type":"EntryPoint","urlTemplate":"https:\/\/www.pressenza.com\/it\/?s={search_term_string}"},"query-input":{"@type":"PropertyValueSpecification","valueRequired":true,"valueName":"search_term_string"}}],"inLanguage":"it-IT"},{"@type":"Organization","@id":"https:\/\/www.pressenza.com\/it\/#organization","name":"Pressenza","url":"https:\/\/www.pressenza.com\/it\/","logo":{"@type":"ImageObject","inLanguage":"it-IT","@id":"https:\/\/www.pressenza.com\/it\/#\/schema\/logo\/image\/","url":"https:\/\/www.pressenza.com\/wp-content\/uploads\/2022\/10\/pressenza_logo_200x200.jpg","contentUrl":"https:\/\/www.pressenza.com\/wp-content\/uploads\/2022\/10\/pressenza_logo_200x200.jpg","width":200,"height":200,"caption":"Pressenza"},"image":{"@id":"https:\/\/www.pressenza.com\/it\/#\/schema\/logo\/image\/"},"sameAs":["https:\/\/www.facebook.com\/PressenzaItalia","https:\/\/x.com\/PressenzaIPA"]},{"@type":"Person","@id":"https:\/\/www.pressenza.com\/it\/#\/schema\/person\/dfdba7d9ea928e4a93ced607c353757c","name":"Natale Salvo","description":"Nato e cresciuto nella terra del \u201cGattopardo\u201d, la Sicilia. Ha dedicato la propria esistenza all'impegno sociale. Allenatore di una squadretta di calcio di periferia, presidente del circolo di Legambiente, candidato sindaco per il Partito Umanista. Infine blogger d\u2019inchiesta; ha pagato le sue denunce di cattiva amministrazione con una persecuzione per via giudiziaria. E' autore del libro \"La rivoluzione copernicana chiamata Reddito di Base\", edito da Multimage, Firenze.","url":"https:\/\/www.pressenza.com\/it\/author\/natale-salvo\/"}]}},"place":"","original_article_url":"https:\/\/www.fronteampio.it\/tortura-meloni-ha-pronta-la-legge-salva-aguzzini\/","_links":{"self":[{"href":"https:\/\/www.pressenza.com\/it\/wp-json\/wp\/v2\/posts\/1729820","targetHints":{"allow":["GET"]}}],"collection":[{"href":"https:\/\/www.pressenza.com\/it\/wp-json\/wp\/v2\/posts"}],"about":[{"href":"https:\/\/www.pressenza.com\/it\/wp-json\/wp\/v2\/types\/post"}],"author":[{"embeddable":true,"href":"https:\/\/www.pressenza.com\/it\/wp-json\/wp\/v2\/users\/1284"}],"replies":[{"embeddable":true,"href":"https:\/\/www.pressenza.com\/it\/wp-json\/wp\/v2\/comments?post=1729820"}],"version-history":[{"count":0,"href":"https:\/\/www.pressenza.com\/it\/wp-json\/wp\/v2\/posts\/1729820\/revisions"}],"wp:featuredmedia":[{"embeddable":true,"href":"https:\/\/www.pressenza.com\/it\/wp-json\/wp\/v2\/media\/1729821"}],"wp:attachment":[{"href":"https:\/\/www.pressenza.com\/it\/wp-json\/wp\/v2\/media?parent=1729820"}],"wp:term":[{"taxonomy":"category","embeddable":true,"href":"https:\/\/www.pressenza.com\/it\/wp-json\/wp\/v2\/categories?post=1729820"},{"taxonomy":"post_tag","embeddable":true,"href":"https:\/\/www.pressenza.com\/it\/wp-json\/wp\/v2\/tags?post=1729820"}],"curies":[{"name":"wp","href":"https:\/\/api.w.org\/{rel}","templated":true}]}}