{"id":1729349,"date":"2023-03-31T17:48:00","date_gmt":"2023-03-31T16:48:00","guid":{"rendered":"https:\/\/www.pressenza.com\/?p=1729349"},"modified":"2023-03-31T17:48:00","modified_gmt":"2023-03-31T16:48:00","slug":"lultima-svolta-autoritaria-della-tunisia-non-lascia-spazio-a-dubbi","status":"publish","type":"post","link":"https:\/\/www.pressenza.com\/it\/2023\/03\/lultima-svolta-autoritaria-della-tunisia-non-lascia-spazio-a-dubbi\/","title":{"rendered":"L\u2019ultima svolta autoritaria della Tunisia non lascia spazio a dubbi"},"content":{"rendered":"<p>Gli ultimi<strong>\u00a017 arresti in Tunisia<\/strong>\u00a0di esponenti di partiti di opposizione, artisti, e del direttore di una radio sono la quadratura del cerchio della svolta autoritaria in corso da mesi del presidente\u00a0<strong>Kais Saied<\/strong>. Rischiano la pena di morte con l\u2019accusa di cospirazione: le prove sono intercettazioni telefoniche, interviste rilasciate ad organi di informazione. Nel mirino anche i magistrati, richiamati ad applicare severamente il giro di vite, pena l\u2019accusa di complicit\u00e0.<\/p>\n<p>La svolta autocratica \u00e8 partita a febbraio, dopo il flop delle elezioni per eleggere il Parlamento di fine gennaio, quando a votare si \u00e8 presentato meno del 12% degli elettori. Questo ha offerto la possibilit\u00e0 a Saied di prolungare lo stato di emergenza nella nazione, tagliare la spesa pubblica e i sussidi per il contenimento del costo di pane e carburante. Una mazzata per la popolazione. Scontato l\u2019arresto di giornalisti per intimidire ci\u00f2 che resta dell\u2019informazione indipendente. Per tutti coloro finiti in manette l\u2019accusa \u00e8 sempre uguale, ovvero cospirazione contro lo Stato.<\/p>\n<p>A seguire l\u2019accelerazione sovranista in chiave locale: la Tunisia ai tunisini, parola d\u2019ordine di facile applicazione quando si mira a riversare sui pi\u00f9 disperati le mancanze di malgoverno.\u00a0<strong>La polizia ha varato cos\u00ec la caccia ai migranti dell\u2019Africa occidentale<\/strong>, tra cui donne e bambini, accusati di essere la causa di crimini e violenza nel paese. Sarebbero almeno 21 mila i cittadini provenienti dall\u2019Africa subsahariana, la maggior parte considerati \u201cirregolari\u201d. E sicuramente in Tunisia la discriminazione razziale tra la popolazione locale \u00e8 molto diffusa, tanto da offrire l\u2019occasione all\u2019autocrate Kais Saied di cavalcare la tigre della discriminazione per scaricare i propri fallimenti sui meno tutelati, i disperati in cerca di futuro.<\/p>\n<p>Questa situazione rischia di destabilizzare tutta l\u2019Africa settentrionale e preoccupa anche l\u2019Italia. Perch\u00e9 gli sbarchi di migranti dalla Tunisia sono ripresi: e anche il nostro governo trema.<\/p>\n","protected":false},"excerpt":{"rendered":"<p>Gli ultimi\u00a017 arresti in Tunisia\u00a0di esponenti di partiti di opposizione, artisti, e del direttore di una radio sono la quadratura del cerchio della svolta autoritaria in corso da mesi del presidente\u00a0Kais Saied. Rischiano la pena di morte con l\u2019accusa di&hellip;<\/p>\n","protected":false},"author":1469,"featured_media":1729350,"comment_status":"closed","ping_status":"closed","sticky":false,"template":"","format":"standard","meta":{"footnotes":""},"categories":[45,107392,54572,55],"tags":[5284,111649,83508,1489,111648,1784],"class_list":["post-1729349","post","type-post","status-publish","format-standard","has-post-thumbnail","hentry","category-africa-it","category-noticia-it","category-migranti","category-politica","tag-arresti","tag-caccia-ai-migranti","tag-presidente-kais-saied","tag-sbarchi","tag-svolta-autoritaria","tag-tunisia"],"yoast_head":"<!-- This site is optimized with the Yoast SEO plugin v27.1.1 - https:\/\/yoast.com\/product\/yoast-seo-wordpress\/ -->\n<title>L\u2019ultima svolta autoritaria della Tunisia non lascia spazio a dubbi<\/title>\n<meta name=\"description\" content=\"Gli ultimi\u00a017 arresti in Tunisia\u00a0di esponenti di partiti di opposizione, artisti, e del direttore di una radio sono la quadratura del cerchio della svolta\" \/>\n<meta name=\"robots\" content=\"index, follow, max-snippet:-1, max-image-preview:large, max-video-preview:-1\" \/>\n<link rel=\"canonical\" href=\"https:\/\/www.pressenza.com\/it\/2023\/03\/lultima-svolta-autoritaria-della-tunisia-non-lascia-spazio-a-dubbi\/\" \/>\n<meta property=\"og:locale\" content=\"it_IT\" \/>\n<meta property=\"og:type\" content=\"article\" \/>\n<meta property=\"og:title\" content=\"L\u2019ultima svolta autoritaria della Tunisia non lascia spazio a dubbi\" \/>\n<meta property=\"og:description\" content=\"Gli ultimi\u00a017 arresti in Tunisia\u00a0di esponenti di partiti di opposizione, artisti, e del direttore di una radio sono la quadratura del cerchio della svolta\" \/>\n<meta property=\"og:url\" content=\"https:\/\/www.pressenza.com\/it\/2023\/03\/lultima-svolta-autoritaria-della-tunisia-non-lascia-spazio-a-dubbi\/\" \/>\n<meta property=\"og:site_name\" content=\"Pressenza\" \/>\n<meta property=\"article:publisher\" content=\"https:\/\/www.facebook.com\/PressenzaItalia\" \/>\n<meta property=\"article:published_time\" content=\"2023-03-31T16:48:00+00:00\" \/>\n<meta property=\"og:image\" content=\"https:\/\/www.pressenza.com\/wp-content\/uploads\/2023\/03\/tunisia-censura.jpg\" \/>\n\t<meta property=\"og:image:width\" content=\"800\" \/>\n\t<meta property=\"og:image:height\" content=\"351\" \/>\n\t<meta property=\"og:image:type\" content=\"image\/jpeg\" \/>\n<meta name=\"author\" content=\"Articolo 21\" \/>\n<meta name=\"twitter:card\" content=\"summary_large_image\" \/>\n<meta name=\"twitter:creator\" content=\"@PressenzaIPA\" \/>\n<meta name=\"twitter:site\" content=\"@PressenzaIPA\" \/>\n<meta name=\"twitter:label1\" content=\"Scritto da\" \/>\n\t<meta name=\"twitter:data1\" content=\"Articolo 21\" \/>\n\t<meta name=\"twitter:label2\" content=\"Tempo di lettura stimato\" \/>\n\t<meta name=\"twitter:data2\" content=\"2 minuti\" \/>\n<script type=\"application\/ld+json\" class=\"yoast-schema-graph\">{\"@context\":\"https:\/\/schema.org\",\"@graph\":[{\"@type\":\"Article\",\"@id\":\"https:\/\/www.pressenza.com\/it\/2023\/03\/lultima-svolta-autoritaria-della-tunisia-non-lascia-spazio-a-dubbi\/#article\",\"isPartOf\":{\"@id\":\"https:\/\/www.pressenza.com\/it\/2023\/03\/lultima-svolta-autoritaria-della-tunisia-non-lascia-spazio-a-dubbi\/\"},\"author\":{\"name\":\"Articolo 21\",\"@id\":\"https:\/\/www.pressenza.com\/it\/#\/schema\/person\/08ea736e2bdeb73186ff26f6bee319d8\"},\"headline\":\"L\u2019ultima svolta autoritaria della Tunisia non lascia spazio a dubbi\",\"datePublished\":\"2023-03-31T16:48:00+00:00\",\"mainEntityOfPage\":{\"@id\":\"https:\/\/www.pressenza.com\/it\/2023\/03\/lultima-svolta-autoritaria-della-tunisia-non-lascia-spazio-a-dubbi\/\"},\"wordCount\":318,\"publisher\":{\"@id\":\"https:\/\/www.pressenza.com\/it\/#organization\"},\"image\":{\"@id\":\"https:\/\/www.pressenza.com\/it\/2023\/03\/lultima-svolta-autoritaria-della-tunisia-non-lascia-spazio-a-dubbi\/#primaryimage\"},\"thumbnailUrl\":\"https:\/\/www.pressenza.com\/wp-content\/uploads\/2023\/03\/tunisia-censura.jpg\",\"keywords\":[\"arresti\",\"caccia ai migranti\",\"Presidente Kais Saied\",\"sbarchi\",\"svolta autoritaria\",\"Tunisia\"],\"articleSection\":[\"Africa\",\"Cronaca\",\"Migranti\",\"Politica\"],\"inLanguage\":\"it-IT\"},{\"@type\":\"WebPage\",\"@id\":\"https:\/\/www.pressenza.com\/it\/2023\/03\/lultima-svolta-autoritaria-della-tunisia-non-lascia-spazio-a-dubbi\/\",\"url\":\"https:\/\/www.pressenza.com\/it\/2023\/03\/lultima-svolta-autoritaria-della-tunisia-non-lascia-spazio-a-dubbi\/\",\"name\":\"L\u2019ultima svolta autoritaria della Tunisia non lascia spazio a dubbi\",\"isPartOf\":{\"@id\":\"https:\/\/www.pressenza.com\/it\/#website\"},\"primaryImageOfPage\":{\"@id\":\"https:\/\/www.pressenza.com\/it\/2023\/03\/lultima-svolta-autoritaria-della-tunisia-non-lascia-spazio-a-dubbi\/#primaryimage\"},\"image\":{\"@id\":\"https:\/\/www.pressenza.com\/it\/2023\/03\/lultima-svolta-autoritaria-della-tunisia-non-lascia-spazio-a-dubbi\/#primaryimage\"},\"thumbnailUrl\":\"https:\/\/www.pressenza.com\/wp-content\/uploads\/2023\/03\/tunisia-censura.jpg\",\"datePublished\":\"2023-03-31T16:48:00+00:00\",\"description\":\"Gli ultimi\u00a017 arresti in Tunisia\u00a0di esponenti di partiti di opposizione, artisti, e del direttore di una radio sono la quadratura del cerchio della svolta\",\"breadcrumb\":{\"@id\":\"https:\/\/www.pressenza.com\/it\/2023\/03\/lultima-svolta-autoritaria-della-tunisia-non-lascia-spazio-a-dubbi\/#breadcrumb\"},\"inLanguage\":\"it-IT\",\"potentialAction\":[{\"@type\":\"ReadAction\",\"target\":[\"https:\/\/www.pressenza.com\/it\/2023\/03\/lultima-svolta-autoritaria-della-tunisia-non-lascia-spazio-a-dubbi\/\"]}]},{\"@type\":\"ImageObject\",\"inLanguage\":\"it-IT\",\"@id\":\"https:\/\/www.pressenza.com\/it\/2023\/03\/lultima-svolta-autoritaria-della-tunisia-non-lascia-spazio-a-dubbi\/#primaryimage\",\"url\":\"https:\/\/www.pressenza.com\/wp-content\/uploads\/2023\/03\/tunisia-censura.jpg\",\"contentUrl\":\"https:\/\/www.pressenza.com\/wp-content\/uploads\/2023\/03\/tunisia-censura.jpg\",\"width\":800,\"height\":351},{\"@type\":\"BreadcrumbList\",\"@id\":\"https:\/\/www.pressenza.com\/it\/2023\/03\/lultima-svolta-autoritaria-della-tunisia-non-lascia-spazio-a-dubbi\/#breadcrumb\",\"itemListElement\":[{\"@type\":\"ListItem\",\"position\":1,\"name\":\"Accueil\",\"item\":\"https:\/\/www.pressenza.com\/it\/\"},{\"@type\":\"ListItem\",\"position\":2,\"name\":\"L\u2019ultima svolta autoritaria della Tunisia non lascia spazio a dubbi\"}]},{\"@type\":\"WebSite\",\"@id\":\"https:\/\/www.pressenza.com\/it\/#website\",\"url\":\"https:\/\/www.pressenza.com\/it\/\",\"name\":\"Pressenza\",\"description\":\"Agenzia di Stampa Internazionale\",\"publisher\":{\"@id\":\"https:\/\/www.pressenza.com\/it\/#organization\"},\"potentialAction\":[{\"@type\":\"SearchAction\",\"target\":{\"@type\":\"EntryPoint\",\"urlTemplate\":\"https:\/\/www.pressenza.com\/it\/?s={search_term_string}\"},\"query-input\":{\"@type\":\"PropertyValueSpecification\",\"valueRequired\":true,\"valueName\":\"search_term_string\"}}],\"inLanguage\":\"it-IT\"},{\"@type\":\"Organization\",\"@id\":\"https:\/\/www.pressenza.com\/it\/#organization\",\"name\":\"Pressenza\",\"url\":\"https:\/\/www.pressenza.com\/it\/\",\"logo\":{\"@type\":\"ImageObject\",\"inLanguage\":\"it-IT\",\"@id\":\"https:\/\/www.pressenza.com\/it\/#\/schema\/logo\/image\/\",\"url\":\"https:\/\/www.pressenza.com\/wp-content\/uploads\/2022\/10\/pressenza_logo_200x200.jpg\",\"contentUrl\":\"https:\/\/www.pressenza.com\/wp-content\/uploads\/2022\/10\/pressenza_logo_200x200.jpg\",\"width\":200,\"height\":200,\"caption\":\"Pressenza\"},\"image\":{\"@id\":\"https:\/\/www.pressenza.com\/it\/#\/schema\/logo\/image\/\"},\"sameAs\":[\"https:\/\/www.facebook.com\/PressenzaItalia\",\"https:\/\/x.com\/PressenzaIPA\"]},{\"@type\":\"Person\",\"@id\":\"https:\/\/www.pressenza.com\/it\/#\/schema\/person\/08ea736e2bdeb73186ff26f6bee319d8\",\"name\":\"Articolo 21\",\"description\":\"Articolo 21, liberi di\u2026 \u00e8 un\u2019associazione nata il 27 febbraio 2002 che riunisce esponenti del mondo della comunicazione, della cultura e dello spettacolo; giornalisti, giuristi, economisti che si propongono di promuovere il principio della libert\u00e0 di manifestazione del pensiero (oggetto dell\u2019Articolo 21 della Costituzione italiana da cui il nome).\",\"sameAs\":[\"https:\/\/www.articolo21.org\"],\"url\":\"https:\/\/www.pressenza.com\/it\/author\/articolo-21\/\"}]}<\/script>\n<!-- \/ Yoast SEO plugin. -->","yoast_head_json":{"title":"L\u2019ultima svolta autoritaria della Tunisia non lascia spazio a dubbi","description":"Gli ultimi\u00a017 arresti in Tunisia\u00a0di esponenti di partiti di opposizione, artisti, e del direttore di una radio sono la quadratura del cerchio della svolta","robots":{"index":"index","follow":"follow","max-snippet":"max-snippet:-1","max-image-preview":"max-image-preview:large","max-video-preview":"max-video-preview:-1"},"canonical":"https:\/\/www.pressenza.com\/it\/2023\/03\/lultima-svolta-autoritaria-della-tunisia-non-lascia-spazio-a-dubbi\/","og_locale":"it_IT","og_type":"article","og_title":"L\u2019ultima svolta autoritaria della Tunisia non lascia spazio a dubbi","og_description":"Gli ultimi\u00a017 arresti in Tunisia\u00a0di esponenti di partiti di opposizione, artisti, e del direttore di una radio sono la quadratura del cerchio della svolta","og_url":"https:\/\/www.pressenza.com\/it\/2023\/03\/lultima-svolta-autoritaria-della-tunisia-non-lascia-spazio-a-dubbi\/","og_site_name":"Pressenza","article_publisher":"https:\/\/www.facebook.com\/PressenzaItalia","article_published_time":"2023-03-31T16:48:00+00:00","og_image":[{"width":800,"height":351,"url":"https:\/\/www.pressenza.com\/wp-content\/uploads\/2023\/03\/tunisia-censura.jpg","type":"image\/jpeg"}],"author":"Articolo 21","twitter_card":"summary_large_image","twitter_creator":"@PressenzaIPA","twitter_site":"@PressenzaIPA","twitter_misc":{"Scritto da":"Articolo 21","Tempo di lettura stimato":"2 minuti"},"schema":{"@context":"https:\/\/schema.org","@graph":[{"@type":"Article","@id":"https:\/\/www.pressenza.com\/it\/2023\/03\/lultima-svolta-autoritaria-della-tunisia-non-lascia-spazio-a-dubbi\/#article","isPartOf":{"@id":"https:\/\/www.pressenza.com\/it\/2023\/03\/lultima-svolta-autoritaria-della-tunisia-non-lascia-spazio-a-dubbi\/"},"author":{"name":"Articolo 21","@id":"https:\/\/www.pressenza.com\/it\/#\/schema\/person\/08ea736e2bdeb73186ff26f6bee319d8"},"headline":"L\u2019ultima svolta autoritaria della Tunisia non lascia spazio a dubbi","datePublished":"2023-03-31T16:48:00+00:00","mainEntityOfPage":{"@id":"https:\/\/www.pressenza.com\/it\/2023\/03\/lultima-svolta-autoritaria-della-tunisia-non-lascia-spazio-a-dubbi\/"},"wordCount":318,"publisher":{"@id":"https:\/\/www.pressenza.com\/it\/#organization"},"image":{"@id":"https:\/\/www.pressenza.com\/it\/2023\/03\/lultima-svolta-autoritaria-della-tunisia-non-lascia-spazio-a-dubbi\/#primaryimage"},"thumbnailUrl":"https:\/\/www.pressenza.com\/wp-content\/uploads\/2023\/03\/tunisia-censura.jpg","keywords":["arresti","caccia ai migranti","Presidente Kais Saied","sbarchi","svolta autoritaria","Tunisia"],"articleSection":["Africa","Cronaca","Migranti","Politica"],"inLanguage":"it-IT"},{"@type":"WebPage","@id":"https:\/\/www.pressenza.com\/it\/2023\/03\/lultima-svolta-autoritaria-della-tunisia-non-lascia-spazio-a-dubbi\/","url":"https:\/\/www.pressenza.com\/it\/2023\/03\/lultima-svolta-autoritaria-della-tunisia-non-lascia-spazio-a-dubbi\/","name":"L\u2019ultima svolta autoritaria della Tunisia non lascia spazio a dubbi","isPartOf":{"@id":"https:\/\/www.pressenza.com\/it\/#website"},"primaryImageOfPage":{"@id":"https:\/\/www.pressenza.com\/it\/2023\/03\/lultima-svolta-autoritaria-della-tunisia-non-lascia-spazio-a-dubbi\/#primaryimage"},"image":{"@id":"https:\/\/www.pressenza.com\/it\/2023\/03\/lultima-svolta-autoritaria-della-tunisia-non-lascia-spazio-a-dubbi\/#primaryimage"},"thumbnailUrl":"https:\/\/www.pressenza.com\/wp-content\/uploads\/2023\/03\/tunisia-censura.jpg","datePublished":"2023-03-31T16:48:00+00:00","description":"Gli ultimi\u00a017 arresti in Tunisia\u00a0di esponenti di partiti di opposizione, artisti, e del direttore di una radio sono la quadratura del cerchio della svolta","breadcrumb":{"@id":"https:\/\/www.pressenza.com\/it\/2023\/03\/lultima-svolta-autoritaria-della-tunisia-non-lascia-spazio-a-dubbi\/#breadcrumb"},"inLanguage":"it-IT","potentialAction":[{"@type":"ReadAction","target":["https:\/\/www.pressenza.com\/it\/2023\/03\/lultima-svolta-autoritaria-della-tunisia-non-lascia-spazio-a-dubbi\/"]}]},{"@type":"ImageObject","inLanguage":"it-IT","@id":"https:\/\/www.pressenza.com\/it\/2023\/03\/lultima-svolta-autoritaria-della-tunisia-non-lascia-spazio-a-dubbi\/#primaryimage","url":"https:\/\/www.pressenza.com\/wp-content\/uploads\/2023\/03\/tunisia-censura.jpg","contentUrl":"https:\/\/www.pressenza.com\/wp-content\/uploads\/2023\/03\/tunisia-censura.jpg","width":800,"height":351},{"@type":"BreadcrumbList","@id":"https:\/\/www.pressenza.com\/it\/2023\/03\/lultima-svolta-autoritaria-della-tunisia-non-lascia-spazio-a-dubbi\/#breadcrumb","itemListElement":[{"@type":"ListItem","position":1,"name":"Accueil","item":"https:\/\/www.pressenza.com\/it\/"},{"@type":"ListItem","position":2,"name":"L\u2019ultima svolta autoritaria della Tunisia non lascia spazio a dubbi"}]},{"@type":"WebSite","@id":"https:\/\/www.pressenza.com\/it\/#website","url":"https:\/\/www.pressenza.com\/it\/","name":"Pressenza","description":"Agenzia di Stampa Internazionale","publisher":{"@id":"https:\/\/www.pressenza.com\/it\/#organization"},"potentialAction":[{"@type":"SearchAction","target":{"@type":"EntryPoint","urlTemplate":"https:\/\/www.pressenza.com\/it\/?s={search_term_string}"},"query-input":{"@type":"PropertyValueSpecification","valueRequired":true,"valueName":"search_term_string"}}],"inLanguage":"it-IT"},{"@type":"Organization","@id":"https:\/\/www.pressenza.com\/it\/#organization","name":"Pressenza","url":"https:\/\/www.pressenza.com\/it\/","logo":{"@type":"ImageObject","inLanguage":"it-IT","@id":"https:\/\/www.pressenza.com\/it\/#\/schema\/logo\/image\/","url":"https:\/\/www.pressenza.com\/wp-content\/uploads\/2022\/10\/pressenza_logo_200x200.jpg","contentUrl":"https:\/\/www.pressenza.com\/wp-content\/uploads\/2022\/10\/pressenza_logo_200x200.jpg","width":200,"height":200,"caption":"Pressenza"},"image":{"@id":"https:\/\/www.pressenza.com\/it\/#\/schema\/logo\/image\/"},"sameAs":["https:\/\/www.facebook.com\/PressenzaItalia","https:\/\/x.com\/PressenzaIPA"]},{"@type":"Person","@id":"https:\/\/www.pressenza.com\/it\/#\/schema\/person\/08ea736e2bdeb73186ff26f6bee319d8","name":"Articolo 21","description":"Articolo 21, liberi di\u2026 \u00e8 un\u2019associazione nata il 27 febbraio 2002 che riunisce esponenti del mondo della comunicazione, della cultura e dello spettacolo; giornalisti, giuristi, economisti che si propongono di promuovere il principio della libert\u00e0 di manifestazione del pensiero (oggetto dell\u2019Articolo 21 della Costituzione italiana da cui il nome).","sameAs":["https:\/\/www.articolo21.org"],"url":"https:\/\/www.pressenza.com\/it\/author\/articolo-21\/"}]}},"place":"Enzo Nucci","original_article_url":"https:\/\/www.articolo21.org\/2023\/03\/lultima-svolta-autoritaria-della-tunisia-non-lascia-spazio-a-dubbi\/","_links":{"self":[{"href":"https:\/\/www.pressenza.com\/it\/wp-json\/wp\/v2\/posts\/1729349","targetHints":{"allow":["GET"]}}],"collection":[{"href":"https:\/\/www.pressenza.com\/it\/wp-json\/wp\/v2\/posts"}],"about":[{"href":"https:\/\/www.pressenza.com\/it\/wp-json\/wp\/v2\/types\/post"}],"author":[{"embeddable":true,"href":"https:\/\/www.pressenza.com\/it\/wp-json\/wp\/v2\/users\/1469"}],"replies":[{"embeddable":true,"href":"https:\/\/www.pressenza.com\/it\/wp-json\/wp\/v2\/comments?post=1729349"}],"version-history":[{"count":0,"href":"https:\/\/www.pressenza.com\/it\/wp-json\/wp\/v2\/posts\/1729349\/revisions"}],"wp:featuredmedia":[{"embeddable":true,"href":"https:\/\/www.pressenza.com\/it\/wp-json\/wp\/v2\/media\/1729350"}],"wp:attachment":[{"href":"https:\/\/www.pressenza.com\/it\/wp-json\/wp\/v2\/media?parent=1729349"}],"wp:term":[{"taxonomy":"category","embeddable":true,"href":"https:\/\/www.pressenza.com\/it\/wp-json\/wp\/v2\/categories?post=1729349"},{"taxonomy":"post_tag","embeddable":true,"href":"https:\/\/www.pressenza.com\/it\/wp-json\/wp\/v2\/tags?post=1729349"}],"curies":[{"name":"wp","href":"https:\/\/api.w.org\/{rel}","templated":true}]}}