{"id":1729262,"date":"2023-03-31T11:30:21","date_gmt":"2023-03-31T10:30:21","guid":{"rendered":"https:\/\/www.pressenza.com\/?p=1729262"},"modified":"2023-03-31T11:45:26","modified_gmt":"2023-03-31T10:45:26","slug":"il-petrolio-ed-il-governo-ecuadoriano-hanno-assassinato-il-leader-cofan-eduardo-mendua","status":"publish","type":"post","link":"https:\/\/www.pressenza.com\/it\/2023\/03\/il-petrolio-ed-il-governo-ecuadoriano-hanno-assassinato-il-leader-cofan-eduardo-mendua\/","title":{"rendered":"Il petrolio ed il governo ecuadoriano hanno assassinato il leader Cof\u00e1n Eduardo Mend\u00faa"},"content":{"rendered":"<p align=\"justify\"><span style=\"font-family: Times New Roman, serif;\"><span style=\"font-size: medium;\"><span lang=\"it-IT\">Eduardo Mend\u00faa, tra i leader della comunit\u00e0 di Cof\u00e1n Dureno, \u00e8 stato assassinato lo scorso 26 febbraio, con 12 colpi di arma da fuoco. Si trovava nel giardino di casa sua, nella comunit\u00e0 di A\u2019i Cof\u00e1n Dureno, provincia di Sucumb\u00edos, regione amazzonica nel nord ovest del Paese. Si tratta dell\u2019ennesimo omicidio macchiato dagli interessi petroliferi che da pi\u00f9 di 50 anni stravolgono gli equilibri e la vita delle popolazioni indigene che vivono quelle terre. Mend\u00faa rientrava da una riunione con la CONAIE, la pi\u00f9 grande organizzazione delle nazionalit\u00e0 indigene dell\u2019Ecuador, della quale era responsabile delle comunicazioni internazionali.<\/span><\/span><\/span><\/p>\n<p style=\"text-align: right;\">\u201c<span style=\"font-family: Times New Roman, serif;\"><span lang=\"it-IT\"><i>Dovranno passare sul nostro cadavere, perch\u00e9 per noi Cof\u00e1n l\u2019estrazione di petrolio \u00e8 essa stessa sinonimo di morte\u201d.<\/i><\/span><\/span><\/p>\n<p style=\"text-align: right;\"><span style=\"font-family: Times New Roman, serif;\"><span lang=\"it-IT\">Eduardo Mend\u00faa<\/span><\/span><\/p>\n<p align=\"justify\"><span style=\"font-family: Times New Roman, serif;\"><span style=\"font-size: medium;\"><span lang=\"it-IT\">La difesa dell\u2019Amazzonia perde uno dei suoi volti pi\u00f9 rappresentativi: Eduardo, insieme ad altri attivisti, si era fortemente opposto alle attivit\u00e0 della compagnia petrolifera PetroEcuador, di propriet\u00e0 statale, che voleva installare altri 30 pozzi petroliferi nella comunit\u00e0 di Cof\u00e1n Dureno, nei pressi di Lago Agrio. L\u2019area nella quale le operazioni dovrebbero essere portate avanti \u00e8 tuttora foresta vergine incontaminata: l\u2019estrattivismo avrebbe quindi conseguenze ambientali devastanti. La concessione era stata approvata dallo stato, ma non da parte delle comunit\u00e0, che vi si erano fortemente opposte anche in quanto mai consultate. <\/span><\/span><\/span><\/p>\n<p align=\"justify\"><span style=\"font-family: Times New Roman, serif;\"><span style=\"font-size: medium;\"><span lang=\"it-IT\">L\u2019estrattivismo porta contaminazione, morte e divisione interna alle comunit\u00e0. Questo \u00e8 il messaggio che arriva da gran parte delle testimonianze rilasciate dai membri di Dureno, nella quale PetroEcuador era gi\u00e0 entrata in passato, provocando scontri e conflitto e dividendo le famiglie dall\u2019interno. Sono infatti le stesse imprese petrolifere a rendersi conto di quanto forte sia una popolazione unita da una causa comune: ci\u00f2 \u00e8 vero specialmente nel contesto ecuadoriano, dove le mobilitazioni delle nazionalit\u00e0 indigene &#8211; i cosiddetti <\/span><\/span><\/span><span style=\"font-family: Times New Roman, serif;\"><span style=\"font-size: medium;\"><span lang=\"it-IT\"><i>paros<\/i><\/span><\/span><\/span><span style=\"font-family: Times New Roman, serif;\"><span style=\"font-size: medium;\"><span lang=\"it-IT\"> &#8211; sono da sempre in grado di ottenere attenzione mediatica a livello internazionale, arrivando spesso a paralizzare l\u2019intero Paese. Inoltre, i numerosi eventi e workshop organizzati dalle ONG ambientaliste attive nelle zone di estrazione, hanno reso molte comunit\u00e0 autonome ed indipendenti nel difendersi dai frequenti tentativi di raggiro portati avanti dalle istituzioni. <\/span><\/span><\/span><\/p>\n<p align=\"justify\"><span style=\"font-family: Times New Roman, serif;\"><span style=\"font-size: medium;\"><span lang=\"it-IT\">A fronte di questa situazione, la strategia del governo \u00e8 quindi pi\u00f9 subdola: facendo leva sull\u2019altissimo tasso di povert\u00e0 che caratterizza la regione (il 70% della popolazione delle regioni amazzoniche ecuadoriane si trova al di sotto della soglia di povert\u00e0 estrema), promette sviluppo economico e sociale ai singoli membri delle comunit\u00e0, corrompendoli offrendo ingenti somme di denaro. In questo modo, una volta ottenuto il lasciapassare, le imprese possono dimostrare di agire supportati dal consenso comunitario. Queste ultime, nel frattempo, si ritroveranno spaccate dall\u2019interno, incapaci quindi di raggrupparsi e di formare un fronte comune.<\/span><\/span><\/span><\/p>\n<p align=\"justify\"><span style=\"font-family: Times New Roman, serif;\"><span style=\"font-size: medium;\"><span lang=\"it-IT\"><b>Il conflitto a Dureno<\/b><\/span><\/span><\/span><\/p>\n<p align=\"justify\"><span style=\"font-family: Times New Roman, serif;\"><span style=\"font-size: medium;\"><span lang=\"it-IT\">La comunit\u00e0 di Cof\u00e1n Dureno costituisce l\u2019esempio perfetto per osservare come il paradigma d\u2019azione sopra descritto venga applicato in pratica. Essa aveva gi\u00e0 subito gli effetti dell\u2019estrazione petrolifera: nel 1972, il cosiddetto \u201cBlocco 57\u201d era stato perforato in diversi punti e uno dei pozzi maggiori era stato aperto proprio nel territorio della comunit\u00e0. Il pozzo venne chiuso nel 1992 e riaperto nel 2012, dopo negoziazioni alle quali la comunit\u00e0, secondo una parte dei dirigenti, avrebbe preso parte e dato il consenso. Negli anni a seguire, durante il governo di Rafael Correa, la comunit\u00e0 venne ingrandita, con un progetto che prevedeva la costruzione di abitazioni provviste di energia elettrica: per realizzarlo, vennero utilizzati parte dei ricavi provenienti dall\u2019estrazione del greggio. <\/span><\/span><\/span><\/p>\n<p align=\"justify\"><span style=\"font-family: Times New Roman, serif;\"><span style=\"font-size: medium;\"><span lang=\"it-IT\">Gli attriti che caratterizzano le due fazioni che compongono la comunit\u00e0 di Dureno sono quindi di vecchia data ed erano rimasti sopiti fino a met\u00e0 dell\u2019anno scorso, quando PetroEcuador aveva annunciato il piano di aprire tre grandi piattaforme nella zona della cosiddetta riserva di Dureno, area di foresta incontaminata, per un totale di 30 nuovi pozzi. In quell\u2019occasione, la guardia indigena contraria all\u2019estrazione, chiamata Erisun, si era attivata, bloccando la strada di accesso alla riserva e fermando i macchinari della compagnia petrolifera di stato. All\u2019inizio di gennaio la tensione era aumentata esponenzialmente, sfociando in scontri aperti tra la resistenza comunitaria e le forze armate, causando vari feriti in entrambe le fazioni. In seguito agli eventi, il presidente della comunit\u00e0, Silverio Criollo aveva denunciato come \u201csedicenti dirigenti avevano interrotto illegalmente lavori pubblici portati avanti dalla compagnia petrolifera\u201d, intimando agli oppositori di \u201cterminare immediatamente l\u2019occupazione della strada\u201d. Criollo, che rappresenta il fronte in favore dell\u2019estrazione, sembra inoltre che avesse gi\u00e0 firmato accordi con PetroEcuador in cambio di denaro, che avrebbe poi ridistribuito tra i suoi sostenitori nella comunit\u00e0. Lo stesso Silverio afferma che Eduardo Mend\u00faa, non si era mai recato agli incontri promossi dal governo per trovare un accordo comune sulle perforazioni. La data limite era la prima settimana di marzo: si pensa dunque che PetroEcuador abbia fatto pressione su Silverio affinch\u00e9 risolvesse i conflitti interni, garantendo la realizzazione delle 3 piattaforme.<\/span><\/span><\/span><\/p>\n<p align=\"justify\"><span style=\"font-family: Times New Roman, serif;\"><span style=\"font-size: medium;\"><span lang=\"it-IT\">E\u2019 per le ragioni appena esposte che, quando gli viene chiesto di provare ad identificare le fonti del conflitto, Andr\u00e9s Tapia, dirigente della CONFENIAE (Confederazione delle nazionalit\u00e0 indigene dell\u2019Amazzonia), risponde senza esitare: \u201cE\u2019 importante capire che qui ci\u00f2 che genera conflitto \u00e8 solo ed esclusivamente la presenza di PetroEcuador nel territorio di Cof\u00e1n Dureno. Nulla all\u2019infuori di questo ha causato l\u2019ostilit\u00e0 che ha portato alla morte di Eduardo.\u201d.<\/span><\/span><\/span><\/p>\n<p align=\"justify\"><span style=\"font-family: Times New Roman, serif;\"><span style=\"font-size: medium;\"><span lang=\"it-IT\"><b>Il petrolio nel contesto ecuadoriano<\/b><\/span><\/span><\/span><\/p>\n<p align=\"justify\"><span style=\"font-family: Times New Roman, serif;\"><span style=\"font-size: medium;\"><span lang=\"it-IT\">Nella storia dell\u2019Amazzonia ecuadoriana, c\u2019\u00e8 un <\/span><\/span><\/span><span style=\"font-family: Times New Roman, serif;\"><span style=\"font-size: medium;\"><span lang=\"it-IT\"><i>prima<\/i><\/span><\/span><\/span><span style=\"font-family: Times New Roman, serif;\"><span style=\"font-size: medium;\"><span lang=\"it-IT\"> ed un <\/span><\/span><\/span><span style=\"font-family: Times New Roman, serif;\"><span style=\"font-size: medium;\"><span lang=\"it-IT\"><i>dopo<\/i><\/span><\/span><\/span><span style=\"font-family: Times New Roman, serif;\"><span style=\"font-size: medium;\"><span lang=\"it-IT\"> 1964. Questo \u00e8 l\u2019anno nel quale sono iniziate le esplorazioni sismiche da parte della compagnia statunitense Texaco (ora Chevron), che ha poi iniziato l\u2019estrazione tre anni dopo. Le operazioni sono andate avanti per oltre 20 anni ed il risultato \u00e8 la tra le pi\u00f9 grandi catastrofi ambientali mai conosciute. I numeri sono impietosi, ma non rendono l\u2019idea della gravit\u00e0 dell\u2019accaduto: 60 miliardi di litri di acqua tossica riversata nella foresta e nei corsi d\u2019acqua, 650 mila barili di greggio dispersi nell\u2019ambiente e pi\u00f9 di 800 \u201cpiscine\u201d di petrolio di scarto abbandonate nell\u2019ecosistema. La popolazione dei Cof\u00e1n, prima di circa 4000 individui, era stata cacciata dalla sua terra e decimata. Altre due comunit\u00e0 indigene, i Tetete e i Sansahuari, sono state completamente annichilite dall\u2019arrivo dei coloni e dalle malattie portate dalla contaminazione. Nel 1992, per evitare di pagare i danni di un passivo ambientale dalle proporzioni enormi e senza aver rimediato ai danni causati, la Chevron \u00e8 fuggita dal Paese, lasciando tutti i gli impianti, la maggioranza dei quali obsoleti, a PetroEcuador, che continua l\u2019estrazione del greggio ancora oggi. <\/span><\/span><\/span><\/p>\n<p align=\"justify\"><span style=\"font-family: Times New Roman, serif;\"><span style=\"font-size: medium;\"><span lang=\"it-IT\">Allo stesso tempo, la presidenza di Guillermo Lasso ha aumentato esponenzialmente la tensione sulle comunit\u00e0 indigene, dichiarando a pi\u00f9 riprese di voler raddoppiare l\u2019estrazione di petrolio a livello nazionale. Tutto ci\u00f2 prevaricando sistematicamente quelli che sono i diritti fondamentali sanciti dalla Costituzione Ecuadoriana, cos\u00ec come i diritti delle popolazioni indigene. Tra questi troviamo anche il diritto ad essere consultati prima di poter iniziare qualsiasi tipo di lavoro nel loro territorio.<\/span><\/span><\/span><\/p>\n<p align=\"justify\"><span style=\"font-family: Times New Roman, serif;\"><span style=\"font-size: medium;\"><span lang=\"it-IT\"><b>La lotta continua<\/b><\/span><\/span><\/span><\/p>\n<p align=\"justify\"><span style=\"font-family: Times New Roman, serif;\"><span style=\"font-size: medium;\"><span lang=\"it-IT\">Il giorno dopo l\u2019omicidio di Mend\u00faa, Leonidas Iza, presidente della CONAIE, ha rilasciato un comunicato dove si legge che si \u201cconsiderano responsabili di questo delitto il governo e PetroEcuador\u201d in quanto il conflitto con le imprese petrolifere nella comunit\u00e0 di Cof\u00e1n Dureno \u00e8 da sempre foraggiato da attori esterni alle comunit\u00e0\u201d, gli stessi attori che ne hanno causato l\u2019esplosione. Anche il Presidente Guillermo Lasso ha espresso \u201csolidariet\u00e0 con la famiglia di Eduardo Mend\u00faa e con la CONAIE\u201d, assicurando che \u201cquesto crimine non rimarr\u00e0 impunito\u201d e aggiungendo che \u201cle ricerche per consegnare alla giustizia i colpevoli continuano senza sosta\u201d. Il paradosso \u00e8 chiaro: la giustizia alla quale essi dovrebbero essere assicurati \u00e8 con ogni probabilit\u00e0 la stessa che ha ordinato l\u2019assassinio di Eduardo. <\/span><\/span><\/span><\/p>\n<p align=\"justify\"><span style=\"color: #0f1419;\"><span style=\"font-family: Times New Roman, serif;\"><span style=\"font-size: medium;\"><span lang=\"it-IT\">Oggi, di fronte all\u2019ennesimo crimine di stato, \u00e8 pi\u00f9 che mai chiaro che la lotta di Eduardo continua. Molti dirigenti della comunit\u00e0 di Dureno insieme alla CONAIE e ad altre organizzazioni attive nelle regioni amazzoniche hanno espresso il loro definitivo rifiuto circa ogni tipo di operazione che PetroEcuador ha intenzione di portare avanti nel territorio. Pochi giorni fa, la guardia indigena ha confermato, attraverso un messaggio sui social, che la resistenza continuer\u00e0 finch\u00e8 PetroEcuador non avr\u00e0 abbandonato definitivamente la comunit\u00e0.<\/span><\/span><\/span><\/span><\/p>\n<p style=\"text-align: right;\">\u201c<span style=\"font-family: Times New Roman, serif;\"><span lang=\"it-IT\"><i>E\u2019 un ecocidio, se le compagnie petrolifere entrassero, la cultura Cof\u00e1n si estinguerebbe. Sarebbe la fine di una cultura viva, e ci\u00f2 non pu\u00f2 accadere. Sarebbe un crimine di stato, lo stesso stato che ci sta uccidendo attraverso l\u2019estrattivismo\u201d<\/i><\/span><\/span><\/p>\n<p style=\"text-align: right;\"><span style=\"font-family: Times New Roman, serif;\"><span lang=\"it-IT\">Eduardo Mend\u00faa<\/span><\/span><\/p>\n<p><span style=\"color: #0f1419;\"><span style=\"font-family: Times New Roman, serif;\"><span style=\"font-size: medium;\"><span lang=\"it-IT\">Eduardo vive, la lotta continua.<\/span><\/span><\/span><\/span><\/p>\n<p><span style=\"font-family: Times New Roman, serif;\"><span style=\"font-size: medium;\"><span lang=\"it-IT\">Per approfondire:<\/span><\/span><\/span><\/p>\n<ul>\n<li><span style=\"color: #0000ff;\"><u><a href=\"https:\/\/es.mongabay.com\/2023\/03\/asesinato-de-eduardo-mendua-en-ecuador\/\"><span style=\"font-family: Times New Roman, serif;\"><span style=\"font-size: medium;\"><span lang=\"it-IT\">https:\/\/es.mongabay.com\/2023\/03\/asesinato-de-eduardo-mendua-en-ecuador\/<\/span><\/span><\/span><\/a><\/u><\/span><\/li>\n<li><span style=\"color: #0000ff;\"><u><a href=\"https:\/\/www.pressenza.com\/es\/2023\/03\/ecuador-el-asesinato-de-eduardo-mendua-lider-indigena-y-ambientalista-sacude-al-pais\/\"><span style=\"font-family: Times New Roman, serif;\"><span style=\"font-size: medium;\"><span lang=\"it-IT\">https:\/\/www.pressenza.com\/es\/2023\/03\/ecuador-el-asesinato-de-eduardo-mendua-lider-indigena-y-ambientalista-sacude-al-pais\/<\/span><\/span><\/span><\/a><\/u><\/span><\/li>\n<li><span style=\"color: #0000ff;\"><u><a href=\"https:\/\/ilmanifesto.it\/sicari-del-petrolio-in-ecuador-abbattuto-dirigente-indigeno\"><span style=\"font-family: Times New Roman, serif;\"><span style=\"font-size: medium;\"><span lang=\"it-IT\">https:\/\/ilmanifesto.it\/sicari-del-petrolio-in-ecuador-abbattuto-dirigente-indigeno<\/span><\/span><\/span><\/a><\/u><\/span><\/li>\n<li><span style=\"color: #0000ff;\"><u><a href=\"https:\/\/www.democracynow.org\/2023\/2\/28\/headlines\/ecuadorian_indigenous_leader_eduardo_mendua_assassinated_at_his_home\"><span style=\"font-family: Times New Roman, serif;\"><span style=\"font-size: medium;\"><span lang=\"it-IT\">https:\/\/www.democracynow.org\/2023\/2\/28\/headlines\/ecuadorian_indigenous_leader_eduardo_mendua_assassinated_at_his_home<\/span><\/span><\/span><\/a><\/u><\/span><\/li>\n<\/ul>\n","protected":false},"excerpt":{"rendered":"<p>Eduardo Mend\u00faa, tra i leader della comunit\u00e0 di Cof\u00e1n Dureno, \u00e8 stato assassinato lo scorso 26 febbraio, con 12 colpi di arma da fuoco. Si trovava nel giardino di casa sua, nella comunit\u00e0 di A\u2019i Cof\u00e1n Dureno, provincia di Sucumb\u00edos,&hellip;<\/p>\n","protected":false},"author":1492,"featured_media":1729264,"comment_status":"closed","ping_status":"closed","sticky":false,"template":"","format":"standard","meta":{"footnotes":""},"categories":[11388,55,61],"tags":[111642,1550,3769],"class_list":["post-1729262","post","type-post","status-publish","format-standard","has-post-thumbnail","hentry","category-contenuti-originali","category-politica","category-popoli-aborigeni","tag-assassinio-dei-leader-indigeni","tag-ecuador-it","tag-petrolio"],"yoast_head":"<!-- This site is optimized with the Yoast SEO plugin v27.1.1 - https:\/\/yoast.com\/product\/yoast-seo-wordpress\/ -->\n<title>Il petrolio ed il governo ecuadoriano hanno assassinato il leader Cof\u00e1n Eduardo Mend\u00faa<\/title>\n<meta name=\"description\" content=\"Eduardo Mend\u00faa, tra i leader della comunit\u00e0 di Cof\u00e1n Dureno, \u00e8 stato assassinato lo scorso 26 febbraio, con 12 colpi di arma da fuoco. Si trovava nel\" \/>\n<meta name=\"robots\" content=\"index, follow, max-snippet:-1, max-image-preview:large, max-video-preview:-1\" \/>\n<link rel=\"canonical\" href=\"https:\/\/www.pressenza.com\/it\/2023\/03\/il-petrolio-ed-il-governo-ecuadoriano-hanno-assassinato-il-leader-cofan-eduardo-mendua\/\" \/>\n<meta property=\"og:locale\" content=\"it_IT\" \/>\n<meta property=\"og:type\" content=\"article\" \/>\n<meta property=\"og:title\" content=\"Il petrolio ed il governo ecuadoriano hanno assassinato il leader Cof\u00e1n Eduardo Mend\u00faa\" \/>\n<meta property=\"og:description\" content=\"Eduardo Mend\u00faa, tra i leader della comunit\u00e0 di Cof\u00e1n Dureno, \u00e8 stato assassinato lo scorso 26 febbraio, con 12 colpi di arma da fuoco. Si trovava nel\" \/>\n<meta property=\"og:url\" content=\"https:\/\/www.pressenza.com\/it\/2023\/03\/il-petrolio-ed-il-governo-ecuadoriano-hanno-assassinato-il-leader-cofan-eduardo-mendua\/\" \/>\n<meta property=\"og:site_name\" content=\"Pressenza\" \/>\n<meta property=\"article:publisher\" content=\"https:\/\/www.facebook.com\/PressenzaItalia\" \/>\n<meta property=\"article:published_time\" content=\"2023-03-31T10:30:21+00:00\" \/>\n<meta property=\"article:modified_time\" content=\"2023-03-31T10:45:26+00:00\" \/>\n<meta property=\"og:image\" content=\"https:\/\/www.pressenza.com\/wp-content\/uploads\/2023\/03\/Guardia-Indigena-credito-pagina-facebook-Comunidad-del-Milenio-Ai-Dureno.jpg\" \/>\n\t<meta property=\"og:image:width\" content=\"960\" \/>\n\t<meta property=\"og:image:height\" content=\"640\" \/>\n\t<meta property=\"og:image:type\" content=\"image\/jpeg\" \/>\n<meta name=\"author\" content=\"Francesco Maria Cricchio\" \/>\n<meta name=\"twitter:card\" content=\"summary_large_image\" \/>\n<meta name=\"twitter:creator\" content=\"@PressenzaIPA\" \/>\n<meta name=\"twitter:site\" content=\"@PressenzaIPA\" \/>\n<meta name=\"twitter:label1\" content=\"Scritto da\" \/>\n\t<meta name=\"twitter:data1\" content=\"Francesco Maria Cricchio\" \/>\n\t<meta name=\"twitter:label2\" content=\"Tempo di lettura stimato\" \/>\n\t<meta name=\"twitter:data2\" content=\"8 minuti\" \/>\n<script type=\"application\/ld+json\" class=\"yoast-schema-graph\">{\"@context\":\"https:\/\/schema.org\",\"@graph\":[{\"@type\":\"Article\",\"@id\":\"https:\/\/www.pressenza.com\/it\/2023\/03\/il-petrolio-ed-il-governo-ecuadoriano-hanno-assassinato-il-leader-cofan-eduardo-mendua\/#article\",\"isPartOf\":{\"@id\":\"https:\/\/www.pressenza.com\/it\/2023\/03\/il-petrolio-ed-il-governo-ecuadoriano-hanno-assassinato-il-leader-cofan-eduardo-mendua\/\"},\"author\":{\"name\":\"Francesco Maria Cricchio\",\"@id\":\"https:\/\/www.pressenza.com\/it\/#\/schema\/person\/e49d968e4f589acd15d36b227ed373b9\"},\"headline\":\"Il petrolio ed il governo ecuadoriano hanno assassinato il leader Cof\u00e1n Eduardo Mend\u00faa\",\"datePublished\":\"2023-03-31T10:30:21+00:00\",\"dateModified\":\"2023-03-31T10:45:26+00:00\",\"mainEntityOfPage\":{\"@id\":\"https:\/\/www.pressenza.com\/it\/2023\/03\/il-petrolio-ed-il-governo-ecuadoriano-hanno-assassinato-il-leader-cofan-eduardo-mendua\/\"},\"wordCount\":1438,\"publisher\":{\"@id\":\"https:\/\/www.pressenza.com\/it\/#organization\"},\"image\":{\"@id\":\"https:\/\/www.pressenza.com\/it\/2023\/03\/il-petrolio-ed-il-governo-ecuadoriano-hanno-assassinato-il-leader-cofan-eduardo-mendua\/#primaryimage\"},\"thumbnailUrl\":\"https:\/\/www.pressenza.com\/wp-content\/uploads\/2023\/03\/Guardia-Indigena-credito-pagina-facebook-Comunidad-del-Milenio-Ai-Dureno.jpg\",\"keywords\":[\"assassinio dei leader indigeni\",\"Ecuador\",\"petrolio\"],\"articleSection\":[\"contenuti originali\",\"Politica\",\"Popoli originari\"],\"inLanguage\":\"it-IT\"},{\"@type\":\"WebPage\",\"@id\":\"https:\/\/www.pressenza.com\/it\/2023\/03\/il-petrolio-ed-il-governo-ecuadoriano-hanno-assassinato-il-leader-cofan-eduardo-mendua\/\",\"url\":\"https:\/\/www.pressenza.com\/it\/2023\/03\/il-petrolio-ed-il-governo-ecuadoriano-hanno-assassinato-il-leader-cofan-eduardo-mendua\/\",\"name\":\"Il petrolio ed il governo ecuadoriano hanno assassinato il leader Cof\u00e1n Eduardo Mend\u00faa\",\"isPartOf\":{\"@id\":\"https:\/\/www.pressenza.com\/it\/#website\"},\"primaryImageOfPage\":{\"@id\":\"https:\/\/www.pressenza.com\/it\/2023\/03\/il-petrolio-ed-il-governo-ecuadoriano-hanno-assassinato-il-leader-cofan-eduardo-mendua\/#primaryimage\"},\"image\":{\"@id\":\"https:\/\/www.pressenza.com\/it\/2023\/03\/il-petrolio-ed-il-governo-ecuadoriano-hanno-assassinato-il-leader-cofan-eduardo-mendua\/#primaryimage\"},\"thumbnailUrl\":\"https:\/\/www.pressenza.com\/wp-content\/uploads\/2023\/03\/Guardia-Indigena-credito-pagina-facebook-Comunidad-del-Milenio-Ai-Dureno.jpg\",\"datePublished\":\"2023-03-31T10:30:21+00:00\",\"dateModified\":\"2023-03-31T10:45:26+00:00\",\"description\":\"Eduardo Mend\u00faa, tra i leader della comunit\u00e0 di Cof\u00e1n Dureno, \u00e8 stato assassinato lo scorso 26 febbraio, con 12 colpi di arma da fuoco. Si trovava nel\",\"breadcrumb\":{\"@id\":\"https:\/\/www.pressenza.com\/it\/2023\/03\/il-petrolio-ed-il-governo-ecuadoriano-hanno-assassinato-il-leader-cofan-eduardo-mendua\/#breadcrumb\"},\"inLanguage\":\"it-IT\",\"potentialAction\":[{\"@type\":\"ReadAction\",\"target\":[\"https:\/\/www.pressenza.com\/it\/2023\/03\/il-petrolio-ed-il-governo-ecuadoriano-hanno-assassinato-il-leader-cofan-eduardo-mendua\/\"]}]},{\"@type\":\"ImageObject\",\"inLanguage\":\"it-IT\",\"@id\":\"https:\/\/www.pressenza.com\/it\/2023\/03\/il-petrolio-ed-il-governo-ecuadoriano-hanno-assassinato-il-leader-cofan-eduardo-mendua\/#primaryimage\",\"url\":\"https:\/\/www.pressenza.com\/wp-content\/uploads\/2023\/03\/Guardia-Indigena-credito-pagina-facebook-Comunidad-del-Milenio-Ai-Dureno.jpg\",\"contentUrl\":\"https:\/\/www.pressenza.com\/wp-content\/uploads\/2023\/03\/Guardia-Indigena-credito-pagina-facebook-Comunidad-del-Milenio-Ai-Dureno.jpg\",\"width\":960,\"height\":640},{\"@type\":\"BreadcrumbList\",\"@id\":\"https:\/\/www.pressenza.com\/it\/2023\/03\/il-petrolio-ed-il-governo-ecuadoriano-hanno-assassinato-il-leader-cofan-eduardo-mendua\/#breadcrumb\",\"itemListElement\":[{\"@type\":\"ListItem\",\"position\":1,\"name\":\"Accueil\",\"item\":\"https:\/\/www.pressenza.com\/it\/\"},{\"@type\":\"ListItem\",\"position\":2,\"name\":\"Il petrolio ed il governo ecuadoriano hanno assassinato il leader Cof\u00e1n Eduardo Mend\u00faa\"}]},{\"@type\":\"WebSite\",\"@id\":\"https:\/\/www.pressenza.com\/it\/#website\",\"url\":\"https:\/\/www.pressenza.com\/it\/\",\"name\":\"Pressenza\",\"description\":\"Agenzia di Stampa Internazionale\",\"publisher\":{\"@id\":\"https:\/\/www.pressenza.com\/it\/#organization\"},\"potentialAction\":[{\"@type\":\"SearchAction\",\"target\":{\"@type\":\"EntryPoint\",\"urlTemplate\":\"https:\/\/www.pressenza.com\/it\/?s={search_term_string}\"},\"query-input\":{\"@type\":\"PropertyValueSpecification\",\"valueRequired\":true,\"valueName\":\"search_term_string\"}}],\"inLanguage\":\"it-IT\"},{\"@type\":\"Organization\",\"@id\":\"https:\/\/www.pressenza.com\/it\/#organization\",\"name\":\"Pressenza\",\"url\":\"https:\/\/www.pressenza.com\/it\/\",\"logo\":{\"@type\":\"ImageObject\",\"inLanguage\":\"it-IT\",\"@id\":\"https:\/\/www.pressenza.com\/it\/#\/schema\/logo\/image\/\",\"url\":\"https:\/\/www.pressenza.com\/wp-content\/uploads\/2022\/10\/pressenza_logo_200x200.jpg\",\"contentUrl\":\"https:\/\/www.pressenza.com\/wp-content\/uploads\/2022\/10\/pressenza_logo_200x200.jpg\",\"width\":200,\"height\":200,\"caption\":\"Pressenza\"},\"image\":{\"@id\":\"https:\/\/www.pressenza.com\/it\/#\/schema\/logo\/image\/\"},\"sameAs\":[\"https:\/\/www.facebook.com\/PressenzaItalia\",\"https:\/\/x.com\/PressenzaIPA\"]},{\"@type\":\"Person\",\"@id\":\"https:\/\/www.pressenza.com\/it\/#\/schema\/person\/e49d968e4f589acd15d36b227ed373b9\",\"name\":\"Francesco Maria Cricchio\",\"description\":\"Nato a Modena, classe 94, sono laureato in Lingue e Culture Europee. Attualmente vivo a Vienna, dove studio Antropologia. Sono da sempre interessato a tematiche riguardanti le popolazioni indigene, specialmente per quanto riguarda i Nativi Americani, a questo proposito collaboro con Lance Henson, poeta e attivista Cheyenne. Scrivo per Pressenza di argomenti come diritti umani e popolazioni aborigene.\",\"url\":\"https:\/\/www.pressenza.com\/it\/author\/francesco-maria-cricchio\/\"}]}<\/script>\n<!-- \/ Yoast SEO plugin. -->","yoast_head_json":{"title":"Il petrolio ed il governo ecuadoriano hanno assassinato il leader Cof\u00e1n Eduardo Mend\u00faa","description":"Eduardo Mend\u00faa, tra i leader della comunit\u00e0 di Cof\u00e1n Dureno, \u00e8 stato assassinato lo scorso 26 febbraio, con 12 colpi di arma da fuoco. Si trovava nel","robots":{"index":"index","follow":"follow","max-snippet":"max-snippet:-1","max-image-preview":"max-image-preview:large","max-video-preview":"max-video-preview:-1"},"canonical":"https:\/\/www.pressenza.com\/it\/2023\/03\/il-petrolio-ed-il-governo-ecuadoriano-hanno-assassinato-il-leader-cofan-eduardo-mendua\/","og_locale":"it_IT","og_type":"article","og_title":"Il petrolio ed il governo ecuadoriano hanno assassinato il leader Cof\u00e1n Eduardo Mend\u00faa","og_description":"Eduardo Mend\u00faa, tra i leader della comunit\u00e0 di Cof\u00e1n Dureno, \u00e8 stato assassinato lo scorso 26 febbraio, con 12 colpi di arma da fuoco. Si trovava nel","og_url":"https:\/\/www.pressenza.com\/it\/2023\/03\/il-petrolio-ed-il-governo-ecuadoriano-hanno-assassinato-il-leader-cofan-eduardo-mendua\/","og_site_name":"Pressenza","article_publisher":"https:\/\/www.facebook.com\/PressenzaItalia","article_published_time":"2023-03-31T10:30:21+00:00","article_modified_time":"2023-03-31T10:45:26+00:00","og_image":[{"width":960,"height":640,"url":"https:\/\/www.pressenza.com\/wp-content\/uploads\/2023\/03\/Guardia-Indigena-credito-pagina-facebook-Comunidad-del-Milenio-Ai-Dureno.jpg","type":"image\/jpeg"}],"author":"Francesco Maria Cricchio","twitter_card":"summary_large_image","twitter_creator":"@PressenzaIPA","twitter_site":"@PressenzaIPA","twitter_misc":{"Scritto da":"Francesco Maria Cricchio","Tempo di lettura stimato":"8 minuti"},"schema":{"@context":"https:\/\/schema.org","@graph":[{"@type":"Article","@id":"https:\/\/www.pressenza.com\/it\/2023\/03\/il-petrolio-ed-il-governo-ecuadoriano-hanno-assassinato-il-leader-cofan-eduardo-mendua\/#article","isPartOf":{"@id":"https:\/\/www.pressenza.com\/it\/2023\/03\/il-petrolio-ed-il-governo-ecuadoriano-hanno-assassinato-il-leader-cofan-eduardo-mendua\/"},"author":{"name":"Francesco Maria Cricchio","@id":"https:\/\/www.pressenza.com\/it\/#\/schema\/person\/e49d968e4f589acd15d36b227ed373b9"},"headline":"Il petrolio ed il governo ecuadoriano hanno assassinato il leader Cof\u00e1n Eduardo Mend\u00faa","datePublished":"2023-03-31T10:30:21+00:00","dateModified":"2023-03-31T10:45:26+00:00","mainEntityOfPage":{"@id":"https:\/\/www.pressenza.com\/it\/2023\/03\/il-petrolio-ed-il-governo-ecuadoriano-hanno-assassinato-il-leader-cofan-eduardo-mendua\/"},"wordCount":1438,"publisher":{"@id":"https:\/\/www.pressenza.com\/it\/#organization"},"image":{"@id":"https:\/\/www.pressenza.com\/it\/2023\/03\/il-petrolio-ed-il-governo-ecuadoriano-hanno-assassinato-il-leader-cofan-eduardo-mendua\/#primaryimage"},"thumbnailUrl":"https:\/\/www.pressenza.com\/wp-content\/uploads\/2023\/03\/Guardia-Indigena-credito-pagina-facebook-Comunidad-del-Milenio-Ai-Dureno.jpg","keywords":["assassinio dei leader indigeni","Ecuador","petrolio"],"articleSection":["contenuti originali","Politica","Popoli originari"],"inLanguage":"it-IT"},{"@type":"WebPage","@id":"https:\/\/www.pressenza.com\/it\/2023\/03\/il-petrolio-ed-il-governo-ecuadoriano-hanno-assassinato-il-leader-cofan-eduardo-mendua\/","url":"https:\/\/www.pressenza.com\/it\/2023\/03\/il-petrolio-ed-il-governo-ecuadoriano-hanno-assassinato-il-leader-cofan-eduardo-mendua\/","name":"Il petrolio ed il governo ecuadoriano hanno assassinato il leader Cof\u00e1n Eduardo Mend\u00faa","isPartOf":{"@id":"https:\/\/www.pressenza.com\/it\/#website"},"primaryImageOfPage":{"@id":"https:\/\/www.pressenza.com\/it\/2023\/03\/il-petrolio-ed-il-governo-ecuadoriano-hanno-assassinato-il-leader-cofan-eduardo-mendua\/#primaryimage"},"image":{"@id":"https:\/\/www.pressenza.com\/it\/2023\/03\/il-petrolio-ed-il-governo-ecuadoriano-hanno-assassinato-il-leader-cofan-eduardo-mendua\/#primaryimage"},"thumbnailUrl":"https:\/\/www.pressenza.com\/wp-content\/uploads\/2023\/03\/Guardia-Indigena-credito-pagina-facebook-Comunidad-del-Milenio-Ai-Dureno.jpg","datePublished":"2023-03-31T10:30:21+00:00","dateModified":"2023-03-31T10:45:26+00:00","description":"Eduardo Mend\u00faa, tra i leader della comunit\u00e0 di Cof\u00e1n Dureno, \u00e8 stato assassinato lo scorso 26 febbraio, con 12 colpi di arma da fuoco. Si trovava nel","breadcrumb":{"@id":"https:\/\/www.pressenza.com\/it\/2023\/03\/il-petrolio-ed-il-governo-ecuadoriano-hanno-assassinato-il-leader-cofan-eduardo-mendua\/#breadcrumb"},"inLanguage":"it-IT","potentialAction":[{"@type":"ReadAction","target":["https:\/\/www.pressenza.com\/it\/2023\/03\/il-petrolio-ed-il-governo-ecuadoriano-hanno-assassinato-il-leader-cofan-eduardo-mendua\/"]}]},{"@type":"ImageObject","inLanguage":"it-IT","@id":"https:\/\/www.pressenza.com\/it\/2023\/03\/il-petrolio-ed-il-governo-ecuadoriano-hanno-assassinato-il-leader-cofan-eduardo-mendua\/#primaryimage","url":"https:\/\/www.pressenza.com\/wp-content\/uploads\/2023\/03\/Guardia-Indigena-credito-pagina-facebook-Comunidad-del-Milenio-Ai-Dureno.jpg","contentUrl":"https:\/\/www.pressenza.com\/wp-content\/uploads\/2023\/03\/Guardia-Indigena-credito-pagina-facebook-Comunidad-del-Milenio-Ai-Dureno.jpg","width":960,"height":640},{"@type":"BreadcrumbList","@id":"https:\/\/www.pressenza.com\/it\/2023\/03\/il-petrolio-ed-il-governo-ecuadoriano-hanno-assassinato-il-leader-cofan-eduardo-mendua\/#breadcrumb","itemListElement":[{"@type":"ListItem","position":1,"name":"Accueil","item":"https:\/\/www.pressenza.com\/it\/"},{"@type":"ListItem","position":2,"name":"Il petrolio ed il governo ecuadoriano hanno assassinato il leader Cof\u00e1n Eduardo Mend\u00faa"}]},{"@type":"WebSite","@id":"https:\/\/www.pressenza.com\/it\/#website","url":"https:\/\/www.pressenza.com\/it\/","name":"Pressenza","description":"Agenzia di Stampa Internazionale","publisher":{"@id":"https:\/\/www.pressenza.com\/it\/#organization"},"potentialAction":[{"@type":"SearchAction","target":{"@type":"EntryPoint","urlTemplate":"https:\/\/www.pressenza.com\/it\/?s={search_term_string}"},"query-input":{"@type":"PropertyValueSpecification","valueRequired":true,"valueName":"search_term_string"}}],"inLanguage":"it-IT"},{"@type":"Organization","@id":"https:\/\/www.pressenza.com\/it\/#organization","name":"Pressenza","url":"https:\/\/www.pressenza.com\/it\/","logo":{"@type":"ImageObject","inLanguage":"it-IT","@id":"https:\/\/www.pressenza.com\/it\/#\/schema\/logo\/image\/","url":"https:\/\/www.pressenza.com\/wp-content\/uploads\/2022\/10\/pressenza_logo_200x200.jpg","contentUrl":"https:\/\/www.pressenza.com\/wp-content\/uploads\/2022\/10\/pressenza_logo_200x200.jpg","width":200,"height":200,"caption":"Pressenza"},"image":{"@id":"https:\/\/www.pressenza.com\/it\/#\/schema\/logo\/image\/"},"sameAs":["https:\/\/www.facebook.com\/PressenzaItalia","https:\/\/x.com\/PressenzaIPA"]},{"@type":"Person","@id":"https:\/\/www.pressenza.com\/it\/#\/schema\/person\/e49d968e4f589acd15d36b227ed373b9","name":"Francesco Maria Cricchio","description":"Nato a Modena, classe 94, sono laureato in Lingue e Culture Europee. Attualmente vivo a Vienna, dove studio Antropologia. Sono da sempre interessato a tematiche riguardanti le popolazioni indigene, specialmente per quanto riguarda i Nativi Americani, a questo proposito collaboro con Lance Henson, poeta e attivista Cheyenne. Scrivo per Pressenza di argomenti come diritti umani e popolazioni aborigene.","url":"https:\/\/www.pressenza.com\/it\/author\/francesco-maria-cricchio\/"}]}},"place":"Quito","original_article_url":"","_links":{"self":[{"href":"https:\/\/www.pressenza.com\/it\/wp-json\/wp\/v2\/posts\/1729262","targetHints":{"allow":["GET"]}}],"collection":[{"href":"https:\/\/www.pressenza.com\/it\/wp-json\/wp\/v2\/posts"}],"about":[{"href":"https:\/\/www.pressenza.com\/it\/wp-json\/wp\/v2\/types\/post"}],"author":[{"embeddable":true,"href":"https:\/\/www.pressenza.com\/it\/wp-json\/wp\/v2\/users\/1492"}],"replies":[{"embeddable":true,"href":"https:\/\/www.pressenza.com\/it\/wp-json\/wp\/v2\/comments?post=1729262"}],"version-history":[{"count":0,"href":"https:\/\/www.pressenza.com\/it\/wp-json\/wp\/v2\/posts\/1729262\/revisions"}],"wp:featuredmedia":[{"embeddable":true,"href":"https:\/\/www.pressenza.com\/it\/wp-json\/wp\/v2\/media\/1729264"}],"wp:attachment":[{"href":"https:\/\/www.pressenza.com\/it\/wp-json\/wp\/v2\/media?parent=1729262"}],"wp:term":[{"taxonomy":"category","embeddable":true,"href":"https:\/\/www.pressenza.com\/it\/wp-json\/wp\/v2\/categories?post=1729262"},{"taxonomy":"post_tag","embeddable":true,"href":"https:\/\/www.pressenza.com\/it\/wp-json\/wp\/v2\/tags?post=1729262"}],"curies":[{"name":"wp","href":"https:\/\/api.w.org\/{rel}","templated":true}]}}