{"id":1728133,"date":"2023-03-26T15:23:05","date_gmt":"2023-03-26T14:23:05","guid":{"rendered":"https:\/\/www.pressenza.com\/?p=1728133"},"modified":"2023-04-02T14:12:28","modified_gmt":"2023-04-02T13:12:28","slug":"africa-una-storia-da-riscoprire-30-africani-dal-destino-particolare","status":"publish","type":"post","link":"https:\/\/www.pressenza.com\/it\/2023\/03\/africa-una-storia-da-riscoprire-30-africani-dal-destino-particolare\/","title":{"rendered":"Africa, una storia da riscoprire. 30 \u2013 Africani dal destino particolare"},"content":{"rendered":"<p>Ecco due storie di africani poco conosciute, ma ugualmente affascinanti.<\/p>\n<p>Qual \u00e8 il primo Stato o regno subsahariano ad aver mandato un ambasciatore in Vaticano? Ancora dieci anni fa non lo sapevo, visto che nel mio Paese, in Congo, a scuola si studia la storia dell\u2019Occidente pi\u00f9 che quella africana. Poi mi sono ritrovato a Roma per visitare le bellezze della citt\u00e0 e mentre camminavo una donna mi ha chiesto di che Paese ero. Ho risposto del Congo e lei mi ha detto che nella basilica di Santa Maria Maggiore c\u2019era un mio parente. Un mio parente? Pensavo a un prete o a un compatriota qualsiasi, ma dato che la chiesa era aperta sono entrato e guardando verso il soffitto ho visto un busto nero come il carbone. Dietro di me una voce mi ha detto: \u201cQui lo chiamiamo Negrita!\u201d Mi sono girato ed era la stessa donna incontrata in strada.\u00a0 Quella notte non ho dormito. Continuavo a chiedermi che cosa ci faceva quel busto in quella chiesa.<\/p>\n<p>Poi ho scoperto una storia affascinante: nel 1604 il Re del Congo Mpanzu-a-Nimi mand\u00f2 a Roma un ambasciatore, <strong>Nsaku Ne Vunda<\/strong>, un uomo colto e brillante che parlava latino. Lo scopo era stabilire un contatto diretto con il Papa Paolo V ed emanciparsi dalla brutale presenza dei portoghesi, affamati di metalli e ricchezze e dagli effetti devastanti della tratta degli schiavi. Il viaggio fu per\u00f2 funestato da imprevisti e ostacoli, conducendolo in Brasile, in Portogallo e in Spagna, tra assalti di pirati, naufragi e persecuzioni dell\u2019Inquisizione.<\/p>\n<p>Quando finalmente arriv\u00f2 a Roma, quattro anni dopo, Ne Vunda si era indebolito al punto da non riuscire pi\u00f9 ad alzarsi. Mor\u00ec il 6 gennaio 1608 senza poter completare la sua missione. Il Papa organizz\u00f2 in sua memoria un grande corteo funebre che attravers\u00f2 tutta la citt\u00e0, da San Pietro fino a Santa Maria Maggiore, dove fu sepolto e dove ancora oggi si trovano la sua tomba e il busto in marmo nero che lo raffigura. Un affresco che lo ritrae morente con Papa Paolo V al suo capezzale si trova nella Cappella Paolina in Vaticano. Ora molti dei suoi discendenti chiedono che ritorni in Congo.<\/p>\n<p>Il suo viaggio avventuroso \u00e8 raccontato dallo scrittore congolese Wilfried N&#8217;Sond\u00e9\u00a0nel <a href=\"https:\/\/www.librerie.coop\/libri\/9788832971408-un-oceano-due-mari-tre-continenti-66thand2nd\/\">libro<\/a> \u201cUn oceano, due mari, tre continenti\u201d.<\/p>\n<p><strong>Abraham Hannibal <\/strong>o\u00a0<strong>Abram Petrovich Gannibal <\/strong>era un principe africano, figlio di Brouha del Lagone (una regione a nord del Camerun). Nel 1703, a sette anni, venne catturato dagli schiavisti e portato alla corte di Ahmed III, il sultano ottomano di Costantinopoli. Un anno dopo fu condotto di nascosto in Russia, dallo Zar Pietro I, con la complicit\u00e0 del suo ambasciatore P\u00ebtr Tolstoj, bisnonno del famoso scrittore Lev Tolstoj. Pare che l\u2019obiettivo di Pietro il Grande fosse quello di dimostrare con un esperimento che aveva al centro un bambino nero che le capacit\u00e0 intellettuali e le altre qualit\u00e0 umane non dipendono dal luogo di nascita.<\/p>\n<p>Lo zar lo adott\u00f2 e nel 1717 lo invi\u00f2 in Francia per studiare arte, ingegneria e matematica, un campo per il quale dimostr\u00f2 una notevole disposizione. Impar\u00f2 diverse lingue, combatt\u00e9 nell\u2019esercito del Re Luigi XV e ottenne il grado di capitano. Durante il soggiorno in Francia adott\u00f2 il suo soprannome in onore del generale cartaginese Annibale e divenne amico di illuministi come Diderot, Montesquieu e Voltaire.<\/p>\n<p>Tornato in Russia durante il regno della Zarina Elisabetta introdusse l\u2019insegnamento dell\u2019architettura civile negli istituti di ingegneria militare, fece carriera nell\u2019esercito fino a raggiungere il grado di generale e costru\u00ec ospedali per operai, vietando la tortura nei loro confronti. E tutto ci\u00f2 sbiancandosi il viso con della polvere per nascondere la sua pelle nera, che alcuni alla corte imperiale non tolleravano.<\/p>\n<p>Nel 1742 chiese alla Zarina Elisabetta la concessione di un titolo nobiliare e di un blasone in cui comparivano un elefante e la scritta \u201cFVMMO\u201d, una parola che significa \u201cpatria\u201d nella lingua Kotoko parlata in Ciad, in Nigeria e in Camerun.<\/p>\n<p>Spos\u00f2 la nobildonna svedese Christine-R\u00e9gine de Scho\u00ebberg. Uno dei loro figli, Joseph, fu il nonno del poeta, saggista, scrittore e drammaturgo Aleksandr Sergeevi\u010d Pu\u0161kin, considerato il fondatore della letteratura russa moderna.<\/p>\n<p>Le ricerche dello studioso del Benin <a href=\"https:\/\/booksofafrica.com\/product\/abraham-hannibal-pushkins-african-ancestor-by-dieudonne-gnammankou\/\">Dieudonne Gnammankou<\/a> hanno dimostrato che Gannibal proveniva dalla zona intorno al Lago Ciad e non dall\u2019Etiopia, come si \u00e8 creduto a lungo e hanno gettato una nuova luce sull\u2019antenato nero di Pu\u0161kin.<\/p>\n<p><img loading=\"lazy\" decoding=\"async\" class=\"aligncenter wp-image-1728134 size-full\" src=\"https:\/\/www.pressenza.com\/wp-content\/uploads\/2023\/03\/busto-Gannibal-rit.jpg\" alt=\"\" width=\"592\" height=\"558\" srcset=\"https:\/\/www.pressenza.com\/wp-content\/uploads\/2023\/03\/busto-Gannibal-rit.jpg 592w, https:\/\/www.pressenza.com\/wp-content\/uploads\/2023\/03\/busto-Gannibal-rit-300x283.jpg 300w\" sizes=\"auto, (max-width: 592px) 100vw, 592px\" \/><\/p>\n<p><em>Busto di Abram Petrovich Gannibal nel Parco di Petrovskoe. Foto di <a href=\"https:\/\/commons.wikimedia.org\/w\/index.php?title=User:Ludushka&amp;action=edit&amp;redlink=1\">Ludushka<\/a>, Wikimedia Commons<\/em><\/p>\n","protected":false},"excerpt":{"rendered":"<p>Ecco due storie di africani poco conosciute, ma ugualmente affascinanti. Qual \u00e8 il primo Stato o regno subsahariano ad aver mandato un ambasciatore in Vaticano? Ancora dieci anni fa non lo sapevo, visto che nel mio Paese, in Congo, a&hellip;<\/p>\n","protected":false},"author":1519,"featured_media":1728135,"comment_status":"closed","ping_status":"closed","sticky":false,"template":"","format":"standard","meta":{"footnotes":""},"categories":[45,11388,56,47],"tags":[111455,111456,6366,55128,3465,111453,111454,2804,3149,107585],"class_list":["post-1728133","post","type-post","status-publish","format-standard","has-post-thumbnail","hentry","category-africa-it","category-contenuti-originali","category-cultura","category-europa","tag-abram-petrovich-gannibal","tag-aleksandr-sergeevic-puskin","tag-ambasciatore","tag-camerun-it","tag-congo-it","tag-nsaku-ne-vunda","tag-papa-paolo-v","tag-russia-it","tag-schiavitu","tag-storie-africane"],"yoast_head":"<!-- This site is optimized with the Yoast SEO plugin v27.1.1 - https:\/\/yoast.com\/product\/yoast-seo-wordpress\/ -->\n<title>Africa, una storia da riscoprire. 30 \u2013 Africani dal destino particolare<\/title>\n<meta name=\"description\" content=\"Ecco due storie di africani poco conosciute, ma ugualmente affascinanti. Qual \u00e8 il primo Stato o regno subsahariano ad aver mandato un ambasciatore in\" \/>\n<meta name=\"robots\" content=\"index, follow, max-snippet:-1, max-image-preview:large, max-video-preview:-1\" \/>\n<link rel=\"canonical\" href=\"https:\/\/www.pressenza.com\/it\/2023\/03\/africa-una-storia-da-riscoprire-30-africani-dal-destino-particolare\/\" \/>\n<meta property=\"og:locale\" content=\"it_IT\" \/>\n<meta property=\"og:type\" content=\"article\" \/>\n<meta property=\"og:title\" content=\"Africa, una storia da riscoprire. 30 \u2013 Africani dal destino particolare\" \/>\n<meta property=\"og:description\" content=\"Ecco due storie di africani poco conosciute, ma ugualmente affascinanti. Qual \u00e8 il primo Stato o regno subsahariano ad aver mandato un ambasciatore in\" \/>\n<meta property=\"og:url\" content=\"https:\/\/www.pressenza.com\/it\/2023\/03\/africa-una-storia-da-riscoprire-30-africani-dal-destino-particolare\/\" \/>\n<meta property=\"og:site_name\" content=\"Pressenza\" \/>\n<meta property=\"article:publisher\" content=\"https:\/\/www.facebook.com\/PressenzaItalia\" \/>\n<meta property=\"article:published_time\" content=\"2023-03-26T14:23:05+00:00\" \/>\n<meta property=\"article:modified_time\" content=\"2023-04-02T13:12:28+00:00\" \/>\n<meta property=\"og:image\" content=\"https:\/\/www.pressenza.com\/wp-content\/uploads\/2023\/03\/busto-Negrita-twitter-rit.jpg\" \/>\n\t<meta property=\"og:image:width\" content=\"1507\" \/>\n\t<meta property=\"og:image:height\" content=\"1365\" \/>\n\t<meta property=\"og:image:type\" content=\"image\/jpeg\" \/>\n<meta name=\"author\" content=\"Valentin Mufila\" \/>\n<meta name=\"twitter:card\" content=\"summary_large_image\" \/>\n<meta name=\"twitter:creator\" content=\"@PressenzaIPA\" \/>\n<meta name=\"twitter:site\" content=\"@PressenzaIPA\" \/>\n<meta name=\"twitter:label1\" content=\"Scritto da\" \/>\n\t<meta name=\"twitter:data1\" content=\"Valentin Mufila\" \/>\n\t<meta name=\"twitter:label2\" content=\"Tempo di lettura stimato\" \/>\n\t<meta name=\"twitter:data2\" content=\"5 minuti\" \/>\n<script type=\"application\/ld+json\" class=\"yoast-schema-graph\">{\"@context\":\"https:\/\/schema.org\",\"@graph\":[{\"@type\":\"Article\",\"@id\":\"https:\/\/www.pressenza.com\/it\/2023\/03\/africa-una-storia-da-riscoprire-30-africani-dal-destino-particolare\/#article\",\"isPartOf\":{\"@id\":\"https:\/\/www.pressenza.com\/it\/2023\/03\/africa-una-storia-da-riscoprire-30-africani-dal-destino-particolare\/\"},\"author\":{\"name\":\"Valentin Mufila\",\"@id\":\"https:\/\/www.pressenza.com\/it\/#\/schema\/person\/6717f34d660e55abd622032732fe9482\"},\"headline\":\"Africa, una storia da riscoprire. 30 \u2013 Africani dal destino particolare\",\"datePublished\":\"2023-03-26T14:23:05+00:00\",\"dateModified\":\"2023-04-02T13:12:28+00:00\",\"mainEntityOfPage\":{\"@id\":\"https:\/\/www.pressenza.com\/it\/2023\/03\/africa-una-storia-da-riscoprire-30-africani-dal-destino-particolare\/\"},\"wordCount\":751,\"publisher\":{\"@id\":\"https:\/\/www.pressenza.com\/it\/#organization\"},\"image\":{\"@id\":\"https:\/\/www.pressenza.com\/it\/2023\/03\/africa-una-storia-da-riscoprire-30-africani-dal-destino-particolare\/#primaryimage\"},\"thumbnailUrl\":\"https:\/\/www.pressenza.com\/wp-content\/uploads\/2023\/03\/busto-Negrita-twitter-rit.jpg\",\"keywords\":[\"Abram Petrovich Gannibal\",\"Aleksandr Sergeevi\u010d Pu\u0161kin\",\"ambasciatore\",\"Camer\u00fan\",\"Congo\",\"Nsaku Ne Vunda\",\"Papa Paolo V\",\"Russia\",\"schiavit\u00f9\",\"storie africane\"],\"articleSection\":[\"Africa\",\"contenuti originali\",\"Cultura e Media\",\"Europa\"],\"inLanguage\":\"it-IT\"},{\"@type\":\"WebPage\",\"@id\":\"https:\/\/www.pressenza.com\/it\/2023\/03\/africa-una-storia-da-riscoprire-30-africani-dal-destino-particolare\/\",\"url\":\"https:\/\/www.pressenza.com\/it\/2023\/03\/africa-una-storia-da-riscoprire-30-africani-dal-destino-particolare\/\",\"name\":\"Africa, una storia da riscoprire. 30 \u2013 Africani dal destino particolare\",\"isPartOf\":{\"@id\":\"https:\/\/www.pressenza.com\/it\/#website\"},\"primaryImageOfPage\":{\"@id\":\"https:\/\/www.pressenza.com\/it\/2023\/03\/africa-una-storia-da-riscoprire-30-africani-dal-destino-particolare\/#primaryimage\"},\"image\":{\"@id\":\"https:\/\/www.pressenza.com\/it\/2023\/03\/africa-una-storia-da-riscoprire-30-africani-dal-destino-particolare\/#primaryimage\"},\"thumbnailUrl\":\"https:\/\/www.pressenza.com\/wp-content\/uploads\/2023\/03\/busto-Negrita-twitter-rit.jpg\",\"datePublished\":\"2023-03-26T14:23:05+00:00\",\"dateModified\":\"2023-04-02T13:12:28+00:00\",\"description\":\"Ecco due storie di africani poco conosciute, ma ugualmente affascinanti. Qual \u00e8 il primo Stato o regno subsahariano ad aver mandato un ambasciatore in\",\"breadcrumb\":{\"@id\":\"https:\/\/www.pressenza.com\/it\/2023\/03\/africa-una-storia-da-riscoprire-30-africani-dal-destino-particolare\/#breadcrumb\"},\"inLanguage\":\"it-IT\",\"potentialAction\":[{\"@type\":\"ReadAction\",\"target\":[\"https:\/\/www.pressenza.com\/it\/2023\/03\/africa-una-storia-da-riscoprire-30-africani-dal-destino-particolare\/\"]}]},{\"@type\":\"ImageObject\",\"inLanguage\":\"it-IT\",\"@id\":\"https:\/\/www.pressenza.com\/it\/2023\/03\/africa-una-storia-da-riscoprire-30-africani-dal-destino-particolare\/#primaryimage\",\"url\":\"https:\/\/www.pressenza.com\/wp-content\/uploads\/2023\/03\/busto-Negrita-twitter-rit.jpg\",\"contentUrl\":\"https:\/\/www.pressenza.com\/wp-content\/uploads\/2023\/03\/busto-Negrita-twitter-rit.jpg\",\"width\":1507,\"height\":1365},{\"@type\":\"BreadcrumbList\",\"@id\":\"https:\/\/www.pressenza.com\/it\/2023\/03\/africa-una-storia-da-riscoprire-30-africani-dal-destino-particolare\/#breadcrumb\",\"itemListElement\":[{\"@type\":\"ListItem\",\"position\":1,\"name\":\"Accueil\",\"item\":\"https:\/\/www.pressenza.com\/it\/\"},{\"@type\":\"ListItem\",\"position\":2,\"name\":\"Africa, una storia da riscoprire. 30 \u2013 Africani dal destino particolare\"}]},{\"@type\":\"WebSite\",\"@id\":\"https:\/\/www.pressenza.com\/it\/#website\",\"url\":\"https:\/\/www.pressenza.com\/it\/\",\"name\":\"Pressenza\",\"description\":\"Agenzia di Stampa Internazionale\",\"publisher\":{\"@id\":\"https:\/\/www.pressenza.com\/it\/#organization\"},\"potentialAction\":[{\"@type\":\"SearchAction\",\"target\":{\"@type\":\"EntryPoint\",\"urlTemplate\":\"https:\/\/www.pressenza.com\/it\/?s={search_term_string}\"},\"query-input\":{\"@type\":\"PropertyValueSpecification\",\"valueRequired\":true,\"valueName\":\"search_term_string\"}}],\"inLanguage\":\"it-IT\"},{\"@type\":\"Organization\",\"@id\":\"https:\/\/www.pressenza.com\/it\/#organization\",\"name\":\"Pressenza\",\"url\":\"https:\/\/www.pressenza.com\/it\/\",\"logo\":{\"@type\":\"ImageObject\",\"inLanguage\":\"it-IT\",\"@id\":\"https:\/\/www.pressenza.com\/it\/#\/schema\/logo\/image\/\",\"url\":\"https:\/\/www.pressenza.com\/wp-content\/uploads\/2022\/10\/pressenza_logo_200x200.jpg\",\"contentUrl\":\"https:\/\/www.pressenza.com\/wp-content\/uploads\/2022\/10\/pressenza_logo_200x200.jpg\",\"width\":200,\"height\":200,\"caption\":\"Pressenza\"},\"image\":{\"@id\":\"https:\/\/www.pressenza.com\/it\/#\/schema\/logo\/image\/\"},\"sameAs\":[\"https:\/\/www.facebook.com\/PressenzaItalia\",\"https:\/\/x.com\/PressenzaIPA\"]},{\"@type\":\"Person\",\"@id\":\"https:\/\/www.pressenza.com\/it\/#\/schema\/person\/6717f34d660e55abd622032732fe9482\",\"name\":\"Valentin Mufila\",\"description\":\"Originario del Congo, musicista, cantante e direttore artistico. Ha iniziato la sua carriera musicale nel 2004 e nel 2015 \u00e8 uscito il suo primo album,\u201dTelema\\\" (in piedi), dedicato ai bambini sfruttati nelle miniere di coltan e realizzato con la sua band Mapendo Africa Sound. Nel 2014 ha tenuto corsi di balli e fiabe africane nelle scuole italiane. Ha creato insieme a ragazzi rifugiati il musical \\\"Siamo tutti sulla stessa barca\\\". Nel 2018 \u00e8 stato tra i finalisti della prima edizione del Festival Doremifasud di Milano e il 2 giugno si \u00e8 esibito insieme a molti artisti internazionali alla Porta di Brandeburgo a Berlino, durante una marcia per la pace. Nel 2023 \u00e8 stato corista nel World Wide tour di Zucchero e ha realizzato l'album Il Faut Vivre nel progetto SanzaMamu. Appassionato conoscitore della storia africana cancellata dal colonialismo, si dedica a ricostruirla per comprendere meglio il passato e il futuro del suo continente. Facebook: https:\/\/www.facebook.com\/valentin.mufila YouTube: https:\/\/www.youtube.com\/@ValentinMufila_Official81 Email: valmuf@gmail.com\",\"sameAs\":[\"https:\/\/www.youtube.com\/@ValentinMufila_Official81\"],\"url\":\"https:\/\/www.pressenza.com\/it\/author\/valentin-mufila\/\"}]}<\/script>\n<!-- \/ Yoast SEO plugin. -->","yoast_head_json":{"title":"Africa, una storia da riscoprire. 30 \u2013 Africani dal destino particolare","description":"Ecco due storie di africani poco conosciute, ma ugualmente affascinanti. Qual \u00e8 il primo Stato o regno subsahariano ad aver mandato un ambasciatore in","robots":{"index":"index","follow":"follow","max-snippet":"max-snippet:-1","max-image-preview":"max-image-preview:large","max-video-preview":"max-video-preview:-1"},"canonical":"https:\/\/www.pressenza.com\/it\/2023\/03\/africa-una-storia-da-riscoprire-30-africani-dal-destino-particolare\/","og_locale":"it_IT","og_type":"article","og_title":"Africa, una storia da riscoprire. 30 \u2013 Africani dal destino particolare","og_description":"Ecco due storie di africani poco conosciute, ma ugualmente affascinanti. Qual \u00e8 il primo Stato o regno subsahariano ad aver mandato un ambasciatore in","og_url":"https:\/\/www.pressenza.com\/it\/2023\/03\/africa-una-storia-da-riscoprire-30-africani-dal-destino-particolare\/","og_site_name":"Pressenza","article_publisher":"https:\/\/www.facebook.com\/PressenzaItalia","article_published_time":"2023-03-26T14:23:05+00:00","article_modified_time":"2023-04-02T13:12:28+00:00","og_image":[{"width":1507,"height":1365,"url":"https:\/\/www.pressenza.com\/wp-content\/uploads\/2023\/03\/busto-Negrita-twitter-rit.jpg","type":"image\/jpeg"}],"author":"Valentin Mufila","twitter_card":"summary_large_image","twitter_creator":"@PressenzaIPA","twitter_site":"@PressenzaIPA","twitter_misc":{"Scritto da":"Valentin Mufila","Tempo di lettura stimato":"5 minuti"},"schema":{"@context":"https:\/\/schema.org","@graph":[{"@type":"Article","@id":"https:\/\/www.pressenza.com\/it\/2023\/03\/africa-una-storia-da-riscoprire-30-africani-dal-destino-particolare\/#article","isPartOf":{"@id":"https:\/\/www.pressenza.com\/it\/2023\/03\/africa-una-storia-da-riscoprire-30-africani-dal-destino-particolare\/"},"author":{"name":"Valentin Mufila","@id":"https:\/\/www.pressenza.com\/it\/#\/schema\/person\/6717f34d660e55abd622032732fe9482"},"headline":"Africa, una storia da riscoprire. 30 \u2013 Africani dal destino particolare","datePublished":"2023-03-26T14:23:05+00:00","dateModified":"2023-04-02T13:12:28+00:00","mainEntityOfPage":{"@id":"https:\/\/www.pressenza.com\/it\/2023\/03\/africa-una-storia-da-riscoprire-30-africani-dal-destino-particolare\/"},"wordCount":751,"publisher":{"@id":"https:\/\/www.pressenza.com\/it\/#organization"},"image":{"@id":"https:\/\/www.pressenza.com\/it\/2023\/03\/africa-una-storia-da-riscoprire-30-africani-dal-destino-particolare\/#primaryimage"},"thumbnailUrl":"https:\/\/www.pressenza.com\/wp-content\/uploads\/2023\/03\/busto-Negrita-twitter-rit.jpg","keywords":["Abram Petrovich Gannibal","Aleksandr Sergeevi\u010d Pu\u0161kin","ambasciatore","Camer\u00fan","Congo","Nsaku Ne Vunda","Papa Paolo V","Russia","schiavit\u00f9","storie africane"],"articleSection":["Africa","contenuti originali","Cultura e Media","Europa"],"inLanguage":"it-IT"},{"@type":"WebPage","@id":"https:\/\/www.pressenza.com\/it\/2023\/03\/africa-una-storia-da-riscoprire-30-africani-dal-destino-particolare\/","url":"https:\/\/www.pressenza.com\/it\/2023\/03\/africa-una-storia-da-riscoprire-30-africani-dal-destino-particolare\/","name":"Africa, una storia da riscoprire. 30 \u2013 Africani dal destino particolare","isPartOf":{"@id":"https:\/\/www.pressenza.com\/it\/#website"},"primaryImageOfPage":{"@id":"https:\/\/www.pressenza.com\/it\/2023\/03\/africa-una-storia-da-riscoprire-30-africani-dal-destino-particolare\/#primaryimage"},"image":{"@id":"https:\/\/www.pressenza.com\/it\/2023\/03\/africa-una-storia-da-riscoprire-30-africani-dal-destino-particolare\/#primaryimage"},"thumbnailUrl":"https:\/\/www.pressenza.com\/wp-content\/uploads\/2023\/03\/busto-Negrita-twitter-rit.jpg","datePublished":"2023-03-26T14:23:05+00:00","dateModified":"2023-04-02T13:12:28+00:00","description":"Ecco due storie di africani poco conosciute, ma ugualmente affascinanti. Qual \u00e8 il primo Stato o regno subsahariano ad aver mandato un ambasciatore in","breadcrumb":{"@id":"https:\/\/www.pressenza.com\/it\/2023\/03\/africa-una-storia-da-riscoprire-30-africani-dal-destino-particolare\/#breadcrumb"},"inLanguage":"it-IT","potentialAction":[{"@type":"ReadAction","target":["https:\/\/www.pressenza.com\/it\/2023\/03\/africa-una-storia-da-riscoprire-30-africani-dal-destino-particolare\/"]}]},{"@type":"ImageObject","inLanguage":"it-IT","@id":"https:\/\/www.pressenza.com\/it\/2023\/03\/africa-una-storia-da-riscoprire-30-africani-dal-destino-particolare\/#primaryimage","url":"https:\/\/www.pressenza.com\/wp-content\/uploads\/2023\/03\/busto-Negrita-twitter-rit.jpg","contentUrl":"https:\/\/www.pressenza.com\/wp-content\/uploads\/2023\/03\/busto-Negrita-twitter-rit.jpg","width":1507,"height":1365},{"@type":"BreadcrumbList","@id":"https:\/\/www.pressenza.com\/it\/2023\/03\/africa-una-storia-da-riscoprire-30-africani-dal-destino-particolare\/#breadcrumb","itemListElement":[{"@type":"ListItem","position":1,"name":"Accueil","item":"https:\/\/www.pressenza.com\/it\/"},{"@type":"ListItem","position":2,"name":"Africa, una storia da riscoprire. 30 \u2013 Africani dal destino particolare"}]},{"@type":"WebSite","@id":"https:\/\/www.pressenza.com\/it\/#website","url":"https:\/\/www.pressenza.com\/it\/","name":"Pressenza","description":"Agenzia di Stampa Internazionale","publisher":{"@id":"https:\/\/www.pressenza.com\/it\/#organization"},"potentialAction":[{"@type":"SearchAction","target":{"@type":"EntryPoint","urlTemplate":"https:\/\/www.pressenza.com\/it\/?s={search_term_string}"},"query-input":{"@type":"PropertyValueSpecification","valueRequired":true,"valueName":"search_term_string"}}],"inLanguage":"it-IT"},{"@type":"Organization","@id":"https:\/\/www.pressenza.com\/it\/#organization","name":"Pressenza","url":"https:\/\/www.pressenza.com\/it\/","logo":{"@type":"ImageObject","inLanguage":"it-IT","@id":"https:\/\/www.pressenza.com\/it\/#\/schema\/logo\/image\/","url":"https:\/\/www.pressenza.com\/wp-content\/uploads\/2022\/10\/pressenza_logo_200x200.jpg","contentUrl":"https:\/\/www.pressenza.com\/wp-content\/uploads\/2022\/10\/pressenza_logo_200x200.jpg","width":200,"height":200,"caption":"Pressenza"},"image":{"@id":"https:\/\/www.pressenza.com\/it\/#\/schema\/logo\/image\/"},"sameAs":["https:\/\/www.facebook.com\/PressenzaItalia","https:\/\/x.com\/PressenzaIPA"]},{"@type":"Person","@id":"https:\/\/www.pressenza.com\/it\/#\/schema\/person\/6717f34d660e55abd622032732fe9482","name":"Valentin Mufila","description":"Originario del Congo, musicista, cantante e direttore artistico. Ha iniziato la sua carriera musicale nel 2004 e nel 2015 \u00e8 uscito il suo primo album,\u201dTelema\" (in piedi), dedicato ai bambini sfruttati nelle miniere di coltan e realizzato con la sua band Mapendo Africa Sound. Nel 2014 ha tenuto corsi di balli e fiabe africane nelle scuole italiane. Ha creato insieme a ragazzi rifugiati il musical \"Siamo tutti sulla stessa barca\". Nel 2018 \u00e8 stato tra i finalisti della prima edizione del Festival Doremifasud di Milano e il 2 giugno si \u00e8 esibito insieme a molti artisti internazionali alla Porta di Brandeburgo a Berlino, durante una marcia per la pace. Nel 2023 \u00e8 stato corista nel World Wide tour di Zucchero e ha realizzato l'album Il Faut Vivre nel progetto SanzaMamu. Appassionato conoscitore della storia africana cancellata dal colonialismo, si dedica a ricostruirla per comprendere meglio il passato e il futuro del suo continente. Facebook: https:\/\/www.facebook.com\/valentin.mufila YouTube: https:\/\/www.youtube.com\/@ValentinMufila_Official81 Email: valmuf@gmail.com","sameAs":["https:\/\/www.youtube.com\/@ValentinMufila_Official81"],"url":"https:\/\/www.pressenza.com\/it\/author\/valentin-mufila\/"}]}},"place":"","original_article_url":"","_links":{"self":[{"href":"https:\/\/www.pressenza.com\/it\/wp-json\/wp\/v2\/posts\/1728133","targetHints":{"allow":["GET"]}}],"collection":[{"href":"https:\/\/www.pressenza.com\/it\/wp-json\/wp\/v2\/posts"}],"about":[{"href":"https:\/\/www.pressenza.com\/it\/wp-json\/wp\/v2\/types\/post"}],"author":[{"embeddable":true,"href":"https:\/\/www.pressenza.com\/it\/wp-json\/wp\/v2\/users\/1519"}],"replies":[{"embeddable":true,"href":"https:\/\/www.pressenza.com\/it\/wp-json\/wp\/v2\/comments?post=1728133"}],"version-history":[{"count":0,"href":"https:\/\/www.pressenza.com\/it\/wp-json\/wp\/v2\/posts\/1728133\/revisions"}],"wp:featuredmedia":[{"embeddable":true,"href":"https:\/\/www.pressenza.com\/it\/wp-json\/wp\/v2\/media\/1728135"}],"wp:attachment":[{"href":"https:\/\/www.pressenza.com\/it\/wp-json\/wp\/v2\/media?parent=1728133"}],"wp:term":[{"taxonomy":"category","embeddable":true,"href":"https:\/\/www.pressenza.com\/it\/wp-json\/wp\/v2\/categories?post=1728133"},{"taxonomy":"post_tag","embeddable":true,"href":"https:\/\/www.pressenza.com\/it\/wp-json\/wp\/v2\/tags?post=1728133"}],"curies":[{"name":"wp","href":"https:\/\/api.w.org\/{rel}","templated":true}]}}