{"id":1727729,"date":"2023-03-24T20:06:16","date_gmt":"2023-03-24T20:06:16","guid":{"rendered":"https:\/\/www.pressenza.com\/?p=1727729"},"modified":"2023-03-24T20:09:26","modified_gmt":"2023-03-24T20:09:26","slug":"cellulare-a-tutti-i-costi-grazie-ma-non-fa-per-me","status":"publish","type":"post","link":"https:\/\/www.pressenza.com\/it\/2023\/03\/cellulare-a-tutti-i-costi-grazie-ma-non-fa-per-me\/","title":{"rendered":"Cellulare a tutti i costi? Grazie, ma non fa per me!"},"content":{"rendered":"<blockquote><p><strong>Perch\u00e9, dunque, non mi sono fatta prendere dalla voglia di avere un cellulare a tutti i costi? Una domanda a cui \u00e8 difficile dare una risposta, non lo so. Forse perch\u00e9 non ne vedevo l\u2019utilit\u00e0 e pensavo che non mi sarebbe servito.<\/strong><\/p><\/blockquote>\n<p>Forse il motivo risiede nella mia educazione. Quando ero giovane e guardavo con una certa invidia gli abiti alla moda che gli altri portavano al liceo, mia madre rifiutava sistematicamente: \u00abTutti ce l\u2019hanno, tutti lo indossano, tu no\u00bb. Non so se lo facesse perch\u00e9, in qualche modo, voleva farmi distinguere dalla massa, ma in ogni caso ero spesso arrabbiata con lei, perch\u00e9 io di distinguermi dalla massa proprio non avevo nessuna voglia, anzi volevo fondermi con essa, legittimo bisogno di ogni adolescente. E questo non vuol dire affatto che, da grande, io non sia diventata una citrulla che si \u00e8 fatta abbindolare dalle mode e dalle tendenze. Qualche volta ho vacillato, lo ammetto! Ma alla fine ha vinto mia madre, perch\u00e9, come se mi avesse trasmesso i suoi geni, non ho mai voluto veramente far parte del gruppo, quanto piuttosto andare contro corrente. <u>Per cui, riguardo al cellulare, tutti ne hanno uno, tranne me. <\/u><\/p>\n<p>Ma potrei anche dire che la mia avversione verso la tecnologia ha sicuramente radici profonde. Sono una donna all\u2019antica che ha paura di quello che, negli anni della scuola, poteva essere etichettato come maschile. Chiedimi di fare un dolce o di cucinare, perfetto! Nessun problema. Riparare una bici, oh, questo s\u00ec che \u00e8 un problema per me. Mentre sarebbe veramente utile sapere come funziona la mia. Rappresenterebbe un passo verso l\u2019autonomia, verso la resilienza. Ma per la verit\u00e0, \u00e8 una cosa che non mi interessa affatto, mi annoia\u2026 pi\u00f9 di tutto. E pensare che c\u2019\u00e8 gente che lo sa fare molto bene!<\/p>\n<p>E poi, lo trovo ingombrante; quando porto fuori il cane, voglio sempre avere le mani libere, cosa non sempre possibile nel mio caso, dal momento che devo fare i conti con il mazzo di chiavi, i fazzoletti, qualcosa su cui scrivere, i sacchetti per le defezioni, un coltellino, sacchetti in tela nel caso ci sia qualcosa da raccogliere o da prendere, e poi anche il peso di un cellulare nella mia piccola borsa a tracolla, no, sarebbe decisamente troppo!<\/p>\n<p>Tutto questo, per\u00f2, non mi ha impedito di farmene rifilare uno temporaneamente da un amico una ventina d\u2019anni fa, quando lui era in viaggio oppure io in giro, facendo la spola tra il nord, dove abito ancora adesso, e il sud della Germania, dove abitava lui. Nel caso in cui\u2026 (giustamente, come i sacchetti in tela che si sono rivelati indispensabili pi\u00f9 di una volta). Salvo poi che il cellulare, nel momento in cui serviva, non lo sapevo usare e la fattura si \u00e8 rivelata salata! \u00c8 che il cellulare non \u00e8 mai indispensabile, anche se vogliono farci credere esattamente il contrario. Con argomenti, a mio modesto parere, quantomeno fasulli. Per cui, \u00e8 tornato dal legittimo proprietario in un attimo e non mi sono mai pentita di averlo restituito. Ad ogni modo, bisogna sapere di che cosa si parla, no?<\/p>\n<p>\u00c8 vero che spesso mi chiedono il numero e quando do il fisso, aggiungono: e il cellulare? Non ce l\u2019ho. Ah. Punto.<\/p>\n<p>Stranamente, ho notato che lo sbigottimento sia andato scemando nel corso del tempo, poich\u00e9 mi sembra che in passato i commenti, pi\u00f9 che di sorpresa, fossero del tipo: ma come fai? E con il tuo lavoro? E se qualcuno ti vuole contattare? Non so come fai, io non ce la farei\u00a0mai!<\/p>\n<p>Come faccio? Beh, come ho sempre fatto. Telefono da casa, ricevo telefonate alle quali rispondo, scrivo lettere e, ovviamente, il computer \u00e8 arrivato, quantomeno con il suo corteggiamento di mail. Mi ci sono dovuta abituare e devo dire che ora come ora mi mancherebbe se non ce l\u2019avessi pi\u00f9. Sebbene\u2026 con il tempo, un giorno senza accenderlo \u00e8 diventato per me sinonimo di lusso, di GRAN lusso. E ho dovuto collegarmi al WIFI.<\/p>\n<p>Quello che per\u00f2 mi d\u00e0 fastidio \u00e8 il fatto di non poter accedere a semplici locazioni come un\u2019auto a noleggio o una bici in citt\u00e0, e tutto perch\u00e9 non ho un portatile, lo trovo sconcertante! Il raggio di attivit\u00e0 delle persone viene ristretto in funzione di possedere o meno un portatile e questo non fa riflettere nessuno? Quando si passer\u00e0 interamente al digitale, sono sicura che dovr\u00f2 farmene una ragione anch\u2019io. Ma perch\u00e9 non si pu\u00f2 scegliere? E questo \u00e8 gi\u00e0 l\u2019inizio della dittatura! Se li eliminassero domani, non avrei problemi, al contrario, ne conosco altri\u2026<\/p>\n<p>In seguito, constatando l\u2019uso che ne faceva la gente, mi sono detta che io non sarei mai caduta in una simile trappola: francamente, essere disponibile a tutte le ore, con la scusa della praticit\u00e0, vuol dire lasciare campo libero a molti abusi del tipo ottimizzazione della schiavit\u00f9 moderna. Oppure nel bel mezzo di un supermercato raccontare che si \u00e8 davanti a uno scaffale e non si sa cosa comprare per cena, dov\u2019\u00e8 l\u2019interesse?? L\u2019ispirazione deve forse giungere dall\u2019altro capo del telefono? Ci sono ancora spaghetti a casa? E perch\u00e9 non ho controllato prima di uscire? E le cene a lume di candela interrotte da un\u2019implacabile suoneria, un intruso che riduce al minimo la comunicazione, lo trovate davvero affascinante?<\/p>\n<p>Quelle conversazioni futili, a volte intime, che avvengono davanti a tutti, hanno finito per esasperarmi, soprattutto perch\u00e9 la gente molto spesso tende ad alzare il tono di voce come se tutti dovessero esserne messi al corrente. Tant\u2019\u00e8 che all\u2019inizio, quando sui mezzi pubblici mi capitava di trovarmi seduta a fianco di qualcuno che raccontava la propria vita al cellulare, dicevo: \u00abLo saluti da parte mia!\u00bb, lo sguardo furtivo nei miei confronti era sconcertato, spesso caratterizzato da un silenzio esitante con conseguente ritirata alla bell\u2019e meglio di colui o colei che raccoglieva i propri effetti personali e si allontanava, farfugliando con l\u2019aria infastidita nel suo cellulare e riportando a me la tranquillit\u00e0. Adesso non c\u2019\u00e8 scampo, praticamente tutti blaterano nel loro dispositivo o hanno una specie di tappi nelle orecchie. A volte, sembra quasi che ci siano nati cos\u00ec.<\/p>\n<p>E poi, dopo aver visto una volta (ed \u00e8 sufficiente) un grafico con <a href=\"https:\/\/cellphonetaskforce.org\/?s=satellite&amp;submit.x=0&amp;submit.y=0\">le reti s<\/a><u>atellitari<\/u>\u00a0che circondano il nostro pianeta come una maglia fitta, basta un po\u2019 di buon senso e di logica per capire che tutto questo non pu\u00f2 non avere ripercussioni su di noi che stiamo sotto. Esiste il problema delle onde, che oramai sono dappertutto, e della <a href=\"https:\/\/www.5gspaceappeal.org\/\">tecnologia 5G\u00a0<\/a>che si svilupper\u00e0 a oltranza. Solo questo, anche persone intelligenti rifiutano di preoccuparsi o minimizzano a ogni costo, per non doversi separare dal loro \u00abpiccolo ma tanto pratico dispositivo\u00bb! Scattare foto del proprio giardino e per questo motivo esporre le api, gi\u00e0 in via di estinzione, alle onde, lo trovo un paradosso eclatante, una palese mancanza di empatia! Quanto ai detriti satellitari (<em>space junk)<\/em>, non ne parliamo per ora, \u00e8 un capitolo a parte, dal momento che nessuno sa ancora come recuperarli. Non solo inquiniamo il pianeta, la sua terra, i suoi oceani, i suoi mari e l\u2019aria, ma anche lo spazio. Siamo davvero furbi!<\/p>\n<p>Siamo, dunque, tutti e tutte medici, ostetriche, guardiani di fari, pompieri, psicologi, personale delle ambulanze, persone isolate, soccorritori, infermieri, rifugiati, cio\u00e8 tutte categorie per le quali credo sia necessario disporre di un cellulare? Un cellulare non \u00e8 neanche in grado di salvare dallo stupro una donna che rientra tardi la sera! \u00c8 il colmo!<\/p>\n<p>E vogliamo noi tutti e tutte essere sempre braccati, seguiti nei pi\u00f9 piccoli gesti e nei minimi spostamenti, obbligati a pagare per cellulare, a diventare dipendenti di questo dispositivo i cui vantaggi sono nettamente inferiori al prezzo da pagare per queste sedicenti comodit\u00e0? E poi ci si dimentica che tutta questa tecnologia non funziona per miracolo, ma consuma energia, molta energia. Ci si pu\u00f2 domandare se questa energia voracemente consumata \u00e8 di origine divina. A spese dell\u2019ambiente? C\u2019\u00e8 anche il problema delle terre rare, di tutti quei cellulari che \u00abriposano\u00bb nei cassetti, che restano inutilizzati perch\u00e9 il mercato propone modelli sempre nuovi\u2026<\/p>\n<p>D\u2019accordo, \u00e8 utile per annunciare che si \u00e8 in ritardo, che c\u2019\u00e8 stato un imprevisto, che un guasto alla macchina o uno sciopero ci mettono i bastoni tra le ruote, \u00e8 utile per fotografare l\u2019oggetto del reato, qualsiasi cosa. Ma finora ho comunque vissuto bene senza, no? \u00c8 una buona ragione per farne a meno? chiederebbero gli increduli o i patiti. \u00a0E io risponderei senza esitazione: S\u00cc!! Anche a costo di non piacere ai minimalisti che, potendo scegliere, incentrerebbero tutta la loro vita su questo dispositivo.<\/p>\n<p>Mettere nelle mani dei pi\u00f9 piccoli il cellulare per far loro passare il tempo su app che li renderanno miopi a forza di fissare gli schermi, che diminuiranno le capacit\u00e0 del loro cervello! Francamente, non \u00e8 di una violenza inaudita che sfiora le ferite per imprudenza?<\/p>\n<p>Nel giro di pochi anni, con un martellamento sottile degno delle peggiori campagne pubblicitarie, hanno suscitato nelle persone dei bisogni talmente impellenti e compulsivi che tutto quell\u2019infinito campo di possibilit\u00e0 mirabolanti a portata di mano ha trasformato i nostri cittadini e le nostre cittadine in greggi di pecore obnubilati da un piccolo schermo e che dedicano anima e corpo a questa loro dipendenza. Se solo tutti fossero in grado di fare un uso ragionato di questo maledetto cellulare, sarebbe forse considerato un semplice strumento, ma la maggior parte di noi \u00e8 ben lontana da questa concezione: sono troppi coloro che ne sono contagiati e che lo considerano oramai indispensabile.<\/p>\n<p>\u00c8 mostruoso il modo in cui vengono manipolate le persone. \u00c8 ancora peggio di quanto avesse immaginato Orwell, \u00e8 <em>Brazil<\/em>, \u00e8, a lungo termine\u2026 l\u2019inferno sulla terra! La rivoluzione digitale ha delle ripercussioni ben pi\u00f9 profonde rispetto alla rivoluzione industriale, perch\u00e9 ci porta passo dopo passo verso un controllo totale, verso un nuovo modello di dittatura. La maggior parte della gente vive oramai in autarchia virtuale, per selfie interposto.<\/p>\n<p>La mia avversione verso questo oggetto, che \u00e8 sempre maggiore mentre invece all\u2019inizio era un semplice affronto, nasce dalle mie osservazioni, dalle mie letture e dalle mie riflessioni, dal fatto che la critica non \u00e8 apprezzata, ma neanche ascoltata. Il solo fatto di volerne discutere \u00e8 quasi considerato oscurantismo, rifiuto retrogrado del progresso, ignoranza di tutti i benefici che abbiamo sotto il naso, in poche parole, \u00e8 la panacea universale, alla quale nessuno saprebbe dire di no senza essere scomunicato dalla <em>community<\/em> degli smombie!<\/p>\n<p>Tutto quanto gira intorno al cellulare e ai suoi sviluppi \u00e8 in fondo un modello di vita che ci viene propinato dalla Silicon Valley. Finir\u00e0 l\u2019epoca in cui tutti noi saremo costretti a usare un cellulare?<\/p>\n<p>Ecco le ragioni per le quali io non lo voglio. Quello che mi conforta, <a href=\"https:\/\/dring-dring.world\/\">\u00e8 che non sono sola<\/a>! Il tempo mi dir\u00e0 se dovr\u00f2 rimpiangerlo.<\/p>\n<p><em>Traduzione dal francese di Ada De Micheli. Revisione di Thomas Schmid.<\/em><\/p>\n","protected":false},"excerpt":{"rendered":"<p>Perch\u00e9, dunque, non mi sono fatta prendere dalla voglia di avere un cellulare a tutti i costi? Una domanda a cui \u00e8 difficile dare una risposta, non lo so. Forse perch\u00e9 non ne vedevo l\u2019utilit\u00e0 e pensavo che non mi&hellip;<\/p>\n","protected":false},"author":2183,"featured_media":1727732,"comment_status":"closed","ping_status":"closed","sticky":false,"template":"","format":"standard","meta":{"footnotes":""},"categories":[11388,59,496],"tags":[44057,111391,48912,3149,111390],"class_list":["post-1727729","post","type-post","status-publish","format-standard","has-post-thumbnail","hentry","category-contenuti-originali","category-ambiente-ecologia","category-scienza-tecnologia","tag-5g","tag-cellulare","tag-dipendenza","tag-schiavitu","tag-telefono"],"yoast_head":"<!-- This site is optimized with the Yoast SEO plugin v27.1.1 - https:\/\/yoast.com\/product\/yoast-seo-wordpress\/ -->\n<title>Cellulare a tutti i costi? Grazie, ma non fa per me!<\/title>\n<meta name=\"description\" content=\"Perch\u00e9 non mi sono fatta prendere dalla voglia di avere un cellulare a tutti i costi? Forse perch\u00e9 non ne vedevo l\u2019utilit\u00e0 e pensavo che non mi sarebbe servito.\" \/>\n<meta name=\"robots\" content=\"index, follow, max-snippet:-1, max-image-preview:large, max-video-preview:-1\" \/>\n<link rel=\"canonical\" href=\"https:\/\/www.pressenza.com\/it\/2023\/03\/cellulare-a-tutti-i-costi-grazie-ma-non-fa-per-me\/\" \/>\n<meta property=\"og:locale\" content=\"it_IT\" \/>\n<meta property=\"og:type\" content=\"article\" \/>\n<meta property=\"og:title\" content=\"Cellulare a tutti i costi? Grazie, ma non fa per me!\" \/>\n<meta property=\"og:description\" content=\"Perch\u00e9 non mi sono fatta prendere dalla voglia di avere un cellulare a tutti i costi? Forse perch\u00e9 non ne vedevo l\u2019utilit\u00e0 e pensavo che non mi sarebbe servito.\" \/>\n<meta property=\"og:url\" content=\"https:\/\/www.pressenza.com\/it\/2023\/03\/cellulare-a-tutti-i-costi-grazie-ma-non-fa-per-me\/\" \/>\n<meta property=\"og:site_name\" content=\"Pressenza\" \/>\n<meta property=\"article:publisher\" content=\"https:\/\/www.facebook.com\/PressenzaItalia\" \/>\n<meta property=\"article:published_time\" content=\"2023-03-24T20:06:16+00:00\" \/>\n<meta property=\"article:modified_time\" content=\"2023-03-24T20:09:26+00:00\" \/>\n<meta property=\"og:image\" content=\"https:\/\/www.pressenza.com\/wp-content\/uploads\/2023\/03\/phone-g9acb1fc1e_640.jpg\" \/>\n\t<meta property=\"og:image:width\" content=\"640\" \/>\n\t<meta property=\"og:image:height\" content=\"425\" \/>\n\t<meta property=\"og:image:type\" content=\"image\/jpeg\" \/>\n<meta name=\"author\" content=\"Laurence Wuillemin\" \/>\n<meta name=\"twitter:card\" content=\"summary_large_image\" \/>\n<meta name=\"twitter:creator\" content=\"@PressenzaIPA\" \/>\n<meta name=\"twitter:site\" content=\"@PressenzaIPA\" \/>\n<meta name=\"twitter:label1\" content=\"Scritto da\" \/>\n\t<meta name=\"twitter:data1\" content=\"Laurence Wuillemin\" \/>\n\t<meta name=\"twitter:label2\" content=\"Tempo di lettura stimato\" \/>\n\t<meta name=\"twitter:data2\" content=\"8 minuti\" \/>\n<script type=\"application\/ld+json\" class=\"yoast-schema-graph\">{\"@context\":\"https:\/\/schema.org\",\"@graph\":[{\"@type\":\"Article\",\"@id\":\"https:\/\/www.pressenza.com\/it\/2023\/03\/cellulare-a-tutti-i-costi-grazie-ma-non-fa-per-me\/#article\",\"isPartOf\":{\"@id\":\"https:\/\/www.pressenza.com\/it\/2023\/03\/cellulare-a-tutti-i-costi-grazie-ma-non-fa-per-me\/\"},\"author\":{\"name\":\"Laurence Wuillemin\",\"@id\":\"https:\/\/www.pressenza.com\/it\/#\/schema\/person\/f8150056c7955f1c6dff82e123d35dde\"},\"headline\":\"Cellulare a tutti i costi? Grazie, ma non fa per me!\",\"datePublished\":\"2023-03-24T20:06:16+00:00\",\"dateModified\":\"2023-03-24T20:09:26+00:00\",\"mainEntityOfPage\":{\"@id\":\"https:\/\/www.pressenza.com\/it\/2023\/03\/cellulare-a-tutti-i-costi-grazie-ma-non-fa-per-me\/\"},\"wordCount\":1810,\"publisher\":{\"@id\":\"https:\/\/www.pressenza.com\/it\/#organization\"},\"image\":{\"@id\":\"https:\/\/www.pressenza.com\/it\/2023\/03\/cellulare-a-tutti-i-costi-grazie-ma-non-fa-per-me\/#primaryimage\"},\"thumbnailUrl\":\"https:\/\/www.pressenza.com\/wp-content\/uploads\/2023\/03\/phone-g9acb1fc1e_640.jpg\",\"keywords\":[\"5G\",\"cellulare\",\"dipendenza\",\"schiavit\u00f9\",\"telefono\"],\"articleSection\":[\"contenuti originali\",\"Ecologia ed Ambiente\",\"Scienza e Tecnologia\"],\"inLanguage\":\"it-IT\"},{\"@type\":\"WebPage\",\"@id\":\"https:\/\/www.pressenza.com\/it\/2023\/03\/cellulare-a-tutti-i-costi-grazie-ma-non-fa-per-me\/\",\"url\":\"https:\/\/www.pressenza.com\/it\/2023\/03\/cellulare-a-tutti-i-costi-grazie-ma-non-fa-per-me\/\",\"name\":\"Cellulare a tutti i costi? Grazie, ma non fa per me!\",\"isPartOf\":{\"@id\":\"https:\/\/www.pressenza.com\/it\/#website\"},\"primaryImageOfPage\":{\"@id\":\"https:\/\/www.pressenza.com\/it\/2023\/03\/cellulare-a-tutti-i-costi-grazie-ma-non-fa-per-me\/#primaryimage\"},\"image\":{\"@id\":\"https:\/\/www.pressenza.com\/it\/2023\/03\/cellulare-a-tutti-i-costi-grazie-ma-non-fa-per-me\/#primaryimage\"},\"thumbnailUrl\":\"https:\/\/www.pressenza.com\/wp-content\/uploads\/2023\/03\/phone-g9acb1fc1e_640.jpg\",\"datePublished\":\"2023-03-24T20:06:16+00:00\",\"dateModified\":\"2023-03-24T20:09:26+00:00\",\"description\":\"Perch\u00e9 non mi sono fatta prendere dalla voglia di avere un cellulare a tutti i costi? Forse perch\u00e9 non ne vedevo l\u2019utilit\u00e0 e pensavo che non mi sarebbe servito.\",\"breadcrumb\":{\"@id\":\"https:\/\/www.pressenza.com\/it\/2023\/03\/cellulare-a-tutti-i-costi-grazie-ma-non-fa-per-me\/#breadcrumb\"},\"inLanguage\":\"it-IT\",\"potentialAction\":[{\"@type\":\"ReadAction\",\"target\":[\"https:\/\/www.pressenza.com\/it\/2023\/03\/cellulare-a-tutti-i-costi-grazie-ma-non-fa-per-me\/\"]}]},{\"@type\":\"ImageObject\",\"inLanguage\":\"it-IT\",\"@id\":\"https:\/\/www.pressenza.com\/it\/2023\/03\/cellulare-a-tutti-i-costi-grazie-ma-non-fa-per-me\/#primaryimage\",\"url\":\"https:\/\/www.pressenza.com\/wp-content\/uploads\/2023\/03\/phone-g9acb1fc1e_640.jpg\",\"contentUrl\":\"https:\/\/www.pressenza.com\/wp-content\/uploads\/2023\/03\/phone-g9acb1fc1e_640.jpg\",\"width\":640,\"height\":425,\"caption\":\"Rien de tel qu'un bon vieux t\u00e9l\u00e9phone, un vrai !\"},{\"@type\":\"BreadcrumbList\",\"@id\":\"https:\/\/www.pressenza.com\/it\/2023\/03\/cellulare-a-tutti-i-costi-grazie-ma-non-fa-per-me\/#breadcrumb\",\"itemListElement\":[{\"@type\":\"ListItem\",\"position\":1,\"name\":\"Accueil\",\"item\":\"https:\/\/www.pressenza.com\/it\/\"},{\"@type\":\"ListItem\",\"position\":2,\"name\":\"Cellulare a tutti i costi? Grazie, ma non fa per me!\"}]},{\"@type\":\"WebSite\",\"@id\":\"https:\/\/www.pressenza.com\/it\/#website\",\"url\":\"https:\/\/www.pressenza.com\/it\/\",\"name\":\"Pressenza\",\"description\":\"Agenzia di Stampa Internazionale\",\"publisher\":{\"@id\":\"https:\/\/www.pressenza.com\/it\/#organization\"},\"potentialAction\":[{\"@type\":\"SearchAction\",\"target\":{\"@type\":\"EntryPoint\",\"urlTemplate\":\"https:\/\/www.pressenza.com\/it\/?s={search_term_string}\"},\"query-input\":{\"@type\":\"PropertyValueSpecification\",\"valueRequired\":true,\"valueName\":\"search_term_string\"}}],\"inLanguage\":\"it-IT\"},{\"@type\":\"Organization\",\"@id\":\"https:\/\/www.pressenza.com\/it\/#organization\",\"name\":\"Pressenza\",\"url\":\"https:\/\/www.pressenza.com\/it\/\",\"logo\":{\"@type\":\"ImageObject\",\"inLanguage\":\"it-IT\",\"@id\":\"https:\/\/www.pressenza.com\/it\/#\/schema\/logo\/image\/\",\"url\":\"https:\/\/www.pressenza.com\/wp-content\/uploads\/2022\/10\/pressenza_logo_200x200.jpg\",\"contentUrl\":\"https:\/\/www.pressenza.com\/wp-content\/uploads\/2022\/10\/pressenza_logo_200x200.jpg\",\"width\":200,\"height\":200,\"caption\":\"Pressenza\"},\"image\":{\"@id\":\"https:\/\/www.pressenza.com\/it\/#\/schema\/logo\/image\/\"},\"sameAs\":[\"https:\/\/www.facebook.com\/PressenzaItalia\",\"https:\/\/x.com\/PressenzaIPA\"]},{\"@type\":\"Person\",\"@id\":\"https:\/\/www.pressenza.com\/it\/#\/schema\/person\/f8150056c7955f1c6dff82e123d35dde\",\"name\":\"Laurence Wuillemin\",\"description\":\"Laurence Wuillemin, Fran\u00e7aise vivant en Allemagne, traductrice autodidacte et fi\u00e8re de l\u2019\u00eatre. Int\u00e9r\u00eats \u00e9clectiques allant, entre autres, de la musique ancienne au commerce \u00e9quitable, en passant par le pacifisme, la nature, l\u2019\u00e9criture et l\u2019\u00e9cologie et le bien-\u00eatre animal. Un grand faible pour le travail qui ne fait pas bouillir la marmite.\",\"url\":\"https:\/\/www.pressenza.com\/it\/author\/laurence-wuillemin\/\"}]}<\/script>\n<!-- \/ Yoast SEO plugin. -->","yoast_head_json":{"title":"Cellulare a tutti i costi? Grazie, ma non fa per me!","description":"Perch\u00e9 non mi sono fatta prendere dalla voglia di avere un cellulare a tutti i costi? Forse perch\u00e9 non ne vedevo l\u2019utilit\u00e0 e pensavo che non mi sarebbe servito.","robots":{"index":"index","follow":"follow","max-snippet":"max-snippet:-1","max-image-preview":"max-image-preview:large","max-video-preview":"max-video-preview:-1"},"canonical":"https:\/\/www.pressenza.com\/it\/2023\/03\/cellulare-a-tutti-i-costi-grazie-ma-non-fa-per-me\/","og_locale":"it_IT","og_type":"article","og_title":"Cellulare a tutti i costi? Grazie, ma non fa per me!","og_description":"Perch\u00e9 non mi sono fatta prendere dalla voglia di avere un cellulare a tutti i costi? Forse perch\u00e9 non ne vedevo l\u2019utilit\u00e0 e pensavo che non mi sarebbe servito.","og_url":"https:\/\/www.pressenza.com\/it\/2023\/03\/cellulare-a-tutti-i-costi-grazie-ma-non-fa-per-me\/","og_site_name":"Pressenza","article_publisher":"https:\/\/www.facebook.com\/PressenzaItalia","article_published_time":"2023-03-24T20:06:16+00:00","article_modified_time":"2023-03-24T20:09:26+00:00","og_image":[{"width":640,"height":425,"url":"https:\/\/www.pressenza.com\/wp-content\/uploads\/2023\/03\/phone-g9acb1fc1e_640.jpg","type":"image\/jpeg"}],"author":"Laurence Wuillemin","twitter_card":"summary_large_image","twitter_creator":"@PressenzaIPA","twitter_site":"@PressenzaIPA","twitter_misc":{"Scritto da":"Laurence Wuillemin","Tempo di lettura stimato":"8 minuti"},"schema":{"@context":"https:\/\/schema.org","@graph":[{"@type":"Article","@id":"https:\/\/www.pressenza.com\/it\/2023\/03\/cellulare-a-tutti-i-costi-grazie-ma-non-fa-per-me\/#article","isPartOf":{"@id":"https:\/\/www.pressenza.com\/it\/2023\/03\/cellulare-a-tutti-i-costi-grazie-ma-non-fa-per-me\/"},"author":{"name":"Laurence Wuillemin","@id":"https:\/\/www.pressenza.com\/it\/#\/schema\/person\/f8150056c7955f1c6dff82e123d35dde"},"headline":"Cellulare a tutti i costi? Grazie, ma non fa per me!","datePublished":"2023-03-24T20:06:16+00:00","dateModified":"2023-03-24T20:09:26+00:00","mainEntityOfPage":{"@id":"https:\/\/www.pressenza.com\/it\/2023\/03\/cellulare-a-tutti-i-costi-grazie-ma-non-fa-per-me\/"},"wordCount":1810,"publisher":{"@id":"https:\/\/www.pressenza.com\/it\/#organization"},"image":{"@id":"https:\/\/www.pressenza.com\/it\/2023\/03\/cellulare-a-tutti-i-costi-grazie-ma-non-fa-per-me\/#primaryimage"},"thumbnailUrl":"https:\/\/www.pressenza.com\/wp-content\/uploads\/2023\/03\/phone-g9acb1fc1e_640.jpg","keywords":["5G","cellulare","dipendenza","schiavit\u00f9","telefono"],"articleSection":["contenuti originali","Ecologia ed Ambiente","Scienza e Tecnologia"],"inLanguage":"it-IT"},{"@type":"WebPage","@id":"https:\/\/www.pressenza.com\/it\/2023\/03\/cellulare-a-tutti-i-costi-grazie-ma-non-fa-per-me\/","url":"https:\/\/www.pressenza.com\/it\/2023\/03\/cellulare-a-tutti-i-costi-grazie-ma-non-fa-per-me\/","name":"Cellulare a tutti i costi? Grazie, ma non fa per me!","isPartOf":{"@id":"https:\/\/www.pressenza.com\/it\/#website"},"primaryImageOfPage":{"@id":"https:\/\/www.pressenza.com\/it\/2023\/03\/cellulare-a-tutti-i-costi-grazie-ma-non-fa-per-me\/#primaryimage"},"image":{"@id":"https:\/\/www.pressenza.com\/it\/2023\/03\/cellulare-a-tutti-i-costi-grazie-ma-non-fa-per-me\/#primaryimage"},"thumbnailUrl":"https:\/\/www.pressenza.com\/wp-content\/uploads\/2023\/03\/phone-g9acb1fc1e_640.jpg","datePublished":"2023-03-24T20:06:16+00:00","dateModified":"2023-03-24T20:09:26+00:00","description":"Perch\u00e9 non mi sono fatta prendere dalla voglia di avere un cellulare a tutti i costi? Forse perch\u00e9 non ne vedevo l\u2019utilit\u00e0 e pensavo che non mi sarebbe servito.","breadcrumb":{"@id":"https:\/\/www.pressenza.com\/it\/2023\/03\/cellulare-a-tutti-i-costi-grazie-ma-non-fa-per-me\/#breadcrumb"},"inLanguage":"it-IT","potentialAction":[{"@type":"ReadAction","target":["https:\/\/www.pressenza.com\/it\/2023\/03\/cellulare-a-tutti-i-costi-grazie-ma-non-fa-per-me\/"]}]},{"@type":"ImageObject","inLanguage":"it-IT","@id":"https:\/\/www.pressenza.com\/it\/2023\/03\/cellulare-a-tutti-i-costi-grazie-ma-non-fa-per-me\/#primaryimage","url":"https:\/\/www.pressenza.com\/wp-content\/uploads\/2023\/03\/phone-g9acb1fc1e_640.jpg","contentUrl":"https:\/\/www.pressenza.com\/wp-content\/uploads\/2023\/03\/phone-g9acb1fc1e_640.jpg","width":640,"height":425,"caption":"Rien de tel qu'un bon vieux t\u00e9l\u00e9phone, un vrai !"},{"@type":"BreadcrumbList","@id":"https:\/\/www.pressenza.com\/it\/2023\/03\/cellulare-a-tutti-i-costi-grazie-ma-non-fa-per-me\/#breadcrumb","itemListElement":[{"@type":"ListItem","position":1,"name":"Accueil","item":"https:\/\/www.pressenza.com\/it\/"},{"@type":"ListItem","position":2,"name":"Cellulare a tutti i costi? Grazie, ma non fa per me!"}]},{"@type":"WebSite","@id":"https:\/\/www.pressenza.com\/it\/#website","url":"https:\/\/www.pressenza.com\/it\/","name":"Pressenza","description":"Agenzia di Stampa Internazionale","publisher":{"@id":"https:\/\/www.pressenza.com\/it\/#organization"},"potentialAction":[{"@type":"SearchAction","target":{"@type":"EntryPoint","urlTemplate":"https:\/\/www.pressenza.com\/it\/?s={search_term_string}"},"query-input":{"@type":"PropertyValueSpecification","valueRequired":true,"valueName":"search_term_string"}}],"inLanguage":"it-IT"},{"@type":"Organization","@id":"https:\/\/www.pressenza.com\/it\/#organization","name":"Pressenza","url":"https:\/\/www.pressenza.com\/it\/","logo":{"@type":"ImageObject","inLanguage":"it-IT","@id":"https:\/\/www.pressenza.com\/it\/#\/schema\/logo\/image\/","url":"https:\/\/www.pressenza.com\/wp-content\/uploads\/2022\/10\/pressenza_logo_200x200.jpg","contentUrl":"https:\/\/www.pressenza.com\/wp-content\/uploads\/2022\/10\/pressenza_logo_200x200.jpg","width":200,"height":200,"caption":"Pressenza"},"image":{"@id":"https:\/\/www.pressenza.com\/it\/#\/schema\/logo\/image\/"},"sameAs":["https:\/\/www.facebook.com\/PressenzaItalia","https:\/\/x.com\/PressenzaIPA"]},{"@type":"Person","@id":"https:\/\/www.pressenza.com\/it\/#\/schema\/person\/f8150056c7955f1c6dff82e123d35dde","name":"Laurence Wuillemin","description":"Laurence Wuillemin, Fran\u00e7aise vivant en Allemagne, traductrice autodidacte et fi\u00e8re de l\u2019\u00eatre. Int\u00e9r\u00eats \u00e9clectiques allant, entre autres, de la musique ancienne au commerce \u00e9quitable, en passant par le pacifisme, la nature, l\u2019\u00e9criture et l\u2019\u00e9cologie et le bien-\u00eatre animal. Un grand faible pour le travail qui ne fait pas bouillir la marmite.","url":"https:\/\/www.pressenza.com\/it\/author\/laurence-wuillemin\/"}]}},"place":"Germania","original_article_url":"","_links":{"self":[{"href":"https:\/\/www.pressenza.com\/it\/wp-json\/wp\/v2\/posts\/1727729","targetHints":{"allow":["GET"]}}],"collection":[{"href":"https:\/\/www.pressenza.com\/it\/wp-json\/wp\/v2\/posts"}],"about":[{"href":"https:\/\/www.pressenza.com\/it\/wp-json\/wp\/v2\/types\/post"}],"author":[{"embeddable":true,"href":"https:\/\/www.pressenza.com\/it\/wp-json\/wp\/v2\/users\/2183"}],"replies":[{"embeddable":true,"href":"https:\/\/www.pressenza.com\/it\/wp-json\/wp\/v2\/comments?post=1727729"}],"version-history":[{"count":0,"href":"https:\/\/www.pressenza.com\/it\/wp-json\/wp\/v2\/posts\/1727729\/revisions"}],"wp:featuredmedia":[{"embeddable":true,"href":"https:\/\/www.pressenza.com\/it\/wp-json\/wp\/v2\/media\/1727732"}],"wp:attachment":[{"href":"https:\/\/www.pressenza.com\/it\/wp-json\/wp\/v2\/media?parent=1727729"}],"wp:term":[{"taxonomy":"category","embeddable":true,"href":"https:\/\/www.pressenza.com\/it\/wp-json\/wp\/v2\/categories?post=1727729"},{"taxonomy":"post_tag","embeddable":true,"href":"https:\/\/www.pressenza.com\/it\/wp-json\/wp\/v2\/tags?post=1727729"}],"curies":[{"name":"wp","href":"https:\/\/api.w.org\/{rel}","templated":true}]}}