{"id":1727148,"date":"2023-03-22T22:21:21","date_gmt":"2023-03-22T22:21:21","guid":{"rendered":"https:\/\/www.pressenza.com\/?p=1727148"},"modified":"2023-03-23T08:38:08","modified_gmt":"2023-03-23T08:38:08","slug":"grecia-dolore-e-rabbia-nelle-proteste-che-infiammano-il-paese","status":"publish","type":"post","link":"https:\/\/www.pressenza.com\/it\/2023\/03\/grecia-dolore-e-rabbia-nelle-proteste-che-infiammano-il-paese\/","title":{"rendered":"Grecia: dolore e rabbia nelle proteste che infiammano il Paese"},"content":{"rendered":"<p><em>Dopo l\u2019incidente ferroviario di Tempe, le proteste infiammano la Grecia. Al dolore per i morti si unisce la rabbia contro una classe politica che ha privatizzato il Paese.<\/em><\/p>\n<p>\u201cChiamami quando arrivi\u201d. Questa frase \u2013 le parole che ogni genitore rivolge al figlio che si sta per mettere in viaggio \u2013 <a href=\"https:\/\/www.counterfire.org\/article\/mass-protests-across-greece-at-rail-tragedy\/\">\u00e8 diventata una di quelle pi\u00f9 presenti sui cartelloni e sugli striscioni<\/a> esposti nelle <strong>manifestazioni che da pi\u00f9 di due settimane infiammano la Grecia<\/strong>. Le proteste fanno seguito all\u2019incidente ferroviario avvenuto il 28 febbraio scorso nella localit\u00e0 di Tempe, nei pressi di Larissa, dove, poco prima della mezzanotte, l\u2019Intercity Atene-Salonicco si \u00e8 scontrato con un treno merci che viaggiava sullo stesso binario, provocando la morte di 57 persone. Molti erano studenti e studentesse che tornavano a Salonicco per la ripresa delle lezioni universitarie dopo il ponte festivo per l\u2019inizio della Quaresima ortodossa: <strong>figli e figlie che quella chiamata non l\u2019hanno mai potuta fare<\/strong>.<\/p>\n<p><strong>Le proteste<\/strong><\/p>\n<p>Gi\u00e0 nei giorni successivi a quello che \u00e8 stato il disastro ferroviario pi\u00f9 grave della storia della Grecia, <strong>al lutto e al dolore che pervadevano il Paese si \u00e8 sommata la rabbia<\/strong>. Moltissimi sono scesi nelle strade, generando un\u2019onda di manifestazioni caratterizzate da una <strong>partecipazione che non si vedeva da pi\u00f9 di dieci anni<\/strong>, dai tempi delle proteste contro le misure di austerity. Gi\u00e0 il 5 marzo, circa 10.000 persone si sono presentati in piazza Syntagma, ad Atene, e davanti al Parlamento ellenico; l\u20198 marzo, in concomitanza con la Giornata Internazionale della Donna, <a href=\"https:\/\/www.aljazeera.com\/news\/2023\/3\/8\/greek-workers-join-walkout-over-deadly-train-crash-call-protests\">almeno in 40.000 hanno sfilato per il centro della capitale e pi\u00f9 di 20.000 a Salonicco<\/a>; migliaia di persone si sono unite alle proteste anche a Larissa (dove i manifestanti hanno sfilato sotto le finestre dell\u2019ospedale nel quale sono ricoverati i feriti dell\u2019incidente), a Patrasso ed in altri centri urbani in tutta la Grecia. <strong>Un\u2019onda che non sembra avere nessuna intenzione di placarsi<\/strong>, visti i 50.000 che il 16 marzo sono scesi nuovamente in strada ad Atene.<\/p>\n<p>Il carattere eccezionale di queste manifestazioni, tuttavia, \u00e8 dato non solo dalla grande partecipazione, ma anche dal fatto che in aggiunta alle frange anarchiche e ai movimenti studenteschi \u2013 storicamente fra i due maggiori protagonisti dei movimenti di piazza ellenici \u2013 <strong>hanno partecipato alle proteste anche moltissime persone di ogni et\u00e0<\/strong>. Manifestazioni dal carattere <strong>intergenerazionale<\/strong>, dunque, ed <strong>intersettoriale<\/strong>: sono stati infatti dichiarati degli scioperi di 24 e 48 ore \u2013 oltre che dai lavoratori e lavoratrici del settore ferroviario, che <a href=\"https:\/\/www.hellenictrain.gr\/en\/announcements\">hanno scioperato praticamente ogni giorno dal 28 febbraio<\/a> \u2013 sia in un primo momento dal sindacato ADEDY, che comprende molti settori del servizio pubblico, che successivamente anche da numerosi enti privati. Le rivendicazioni sono molteplici, ma su tutte primeggia <strong>la richiesta di condizioni di sicurezza e, soprattutto, la rabbia contro un sistema politico incapace di proteggere i propri cittadini<\/strong>.<\/p>\n<p><strong>Un errore di sistema<\/strong><\/p>\n<p>All\u2019indomani della tragedia, il premier Mitsotakis <a href=\"https:\/\/www.dailysabah.com\/world\/europe\/greek-pm-says-tragic-human-error-caused-train-collision\">ha dichiarato<\/a> che la responsabilit\u00e0 del disastro sarebbe da attribuire ad un errore umano: una <strong>disattenzione fatale<\/strong> del capostazione di Larissa, che si sarebbe dimenticato di azionare il meccanismo di spostamento dei binari. A Larissa \u2013 come in tutta la Grecia -, infatti, la <strong>gestione del traffico ferroviario \u00e8 totalmente in carico al personale umano<\/strong>, in quanto <a href=\"https:\/\/www.counterfire.org\/article\/greece-rail-crash-a-tragedy-waiting-to-happen\/\">l\u2019infrastruttura ellenica non \u00e8 provvista dell\u2019ETCS<\/a> (<em>European Train Control System<\/em>, il sistema di sicurezza automatico che regola il traffico ferroviario e, in caso di necessit\u00e0, attiva la frenata di emergenza), che \u00e8 stato attivo solamente dal 2003, anno di installazione, fino al 2008. Il capostazione, poi, nel momento dell\u2019incidente, si sarebbe trovato da solo, quando invece era prevista la presenza di altri due colleghi, e sembra che avesse poca esperienza nell\u2019ambito, in quanto precedentemente incaricato soprattutto di lavori di ufficio.<\/p>\n<p>Le proteste hanno dunque puntato il dito contro un sistema che fa dipendere la sicurezza dei passeggeri unicamente dall\u2019attenzione o dalla sbadataggine di un singolo capostazione, <strong>caratterizzato da infrastrutture obsolete, personale poco formato e da una disfunzionalit\u00e0 cronica dovute al progressivo disinvestimento che ha subito negli ultimi decenni<\/strong>. A questo riguardo, \u00e8 significativo il fatto che il Ministro dello Sviluppo <a href=\"https:\/\/www.counterfire.org\/article\/mass-protests-across-greece-at-rail-tragedy\/\">avrebbe dichiarato<\/a> che l\u2019ammissione delle lacune in tema della sicurezza della rete ferroviaria avrebbe significato una perdita di svariati milioni di euro per Hellenic Train, la compagnia che gestisce il traffico su rotaia in Grecia. Precedentemente conosciuta come TrainOSE, <strong>Hellenic Train \u00e8 stata acquistata nel 2017 dalle Ferrovie dello Stato Italiane<\/strong> per 45 milioni di euro.<\/p>\n<p><strong>FMI, EU, Grecia: la svendita di un Paese<\/strong><\/p>\n<p>Nelle affollate piazze delle citt\u00e0 greche, la rabbia per i 57 morti \u00e8 stata spesso accompagnata da quella contro una classe dirigente che nel corso degli ultimi 30 anni si \u00e8 resa protagonista di una vera e propria <strong>svendita del Paese a prezzi stracciati<\/strong>. Il processo di privatizzazione delle imprese statali, avvenuto principalmente per mano dei socialisti del PASOK e del partito di centro-destra Nea Dimokratia (ma anche sotto i governi guidati da <a href=\"https:\/\/www.eastjournal.net\/archives\/66617\">Syriza)<\/a> \u00e8 iniziato nei primi anni \u201990, subendo un\u2019accelerata in contemporanea alla richiesta della Grecia di entrare nello spazio economico e monetario europeo, ed \u00e8 continuata sia prima della crisi del 2008, che dopo, con le misure di austerity imposte al Paese dalla Troika.<\/p>\n<p>La vendita delle compagnie statali a enti privati, infatti, <strong>rappresentava una delle clausole previste dagli accordi con Unione Europea e Fondo Monetario Internazionale<\/strong> per il salvataggio del Paese. La volont\u00e0 di rispettare tali accordi ha portato all\u2019adesione ad una politica economica neoliberista ed a massicce privatizzazioni, in particolare nel settore energetico, bancario e dei trasporti, che dal 2011 hanno portato nelle casse dello Stato pi\u00f9 di <strong>7,6 miliardi di euro<\/strong>. Basti pensare che nel solo campo delle infrastrutture, oltre a quella di Hellenic Train, si \u00e8 assistito alla progressiva cessione del porto del Pireo a Costco, multinazionale cinese di propriet\u00e0 statale, che ad oggi ne detiene il 67%, e di <a href=\"https:\/\/www.tni.org\/files\/publication-downloads\/tni_privatising_industry_in_europe.pdf\">14 aeroporti<\/a> \u2013 fra i pi\u00f9 redditizi del Paese \u2013 al colosso tedesco Fraport. Il processo di privatizzazione <a href=\"https:\/\/www.reuters.com\/world\/europe\/greece-expected-sign-off-key-privatisation-deals-by-year-end-source-2022-02-14\/\">\u00e8 proseguito anche nell\u2019ultimo biennio<\/a>, in particolare nei settori chiave degli idrocarburi e del trasporto autostradale, e molto spesso <a href=\"https:\/\/www.greeneuropeanjournal.eu\/the-deception-of-privatisation-in-greece\/\">ha significato un <strong>peggioramento delle condizioni di lavoro<\/strong><\/a>, <strong>speculazione<\/strong> e, come nel caso di Hellenic Train, un <strong>prevalere del profitto sulla sicurezza<\/strong>. Un guadagno economico che \u00e8 costato 57 vite umane.<\/p>\n<p>Il dolore e la rabbia scaturiti dall\u2019incidente di Tempe stanno <strong>acuendo la tensione sociale<\/strong>, portandola su dei livelli simili a quelli del tempo del movimento anti-austerity. Ne risentono anche le intenzioni di voto: <a href=\"https:\/\/www.reuters.com\/world\/europe\/greece-increase-minimum-wage-again-before-election-2023-03-17\/\">secondo i sondaggi<\/a>, dall\u2019inizio delle proteste <strong>il premier Mitsotakis ha dimezzato il vantaggio percentuale che aveva sugli opponenti<\/strong>. Le elezioni, previste per la tarda primavera di quest\u2019anno, si avvicinano; la situazione della Grecia, gi\u00e0 delicata, rischia di diventare esplosiva.<\/p>\n","protected":false},"excerpt":{"rendered":"<p>Dopo l\u2019incidente ferroviario di Tempe, le proteste infiammano la Grecia. Al dolore per i morti si unisce la rabbia contro una classe politica che ha privatizzato il Paese. \u201cChiamami quando arrivi\u201d. Questa frase \u2013 le parole che ogni genitore rivolge&hellip;<\/p>\n","protected":false},"author":1438,"featured_media":1724485,"comment_status":"closed","ping_status":"closed","sticky":false,"template":"","format":"standard","meta":{"footnotes":""},"categories":[47,162,55],"tags":[1174,43195,2689,3502],"class_list":["post-1727148","post","type-post","status-publish","format-standard","has-post-thumbnail","hentry","category-europa","category-opinioni","category-politica","tag-grecia","tag-incidente-ferroviario","tag-privatizzazioni","tag-proteste"],"yoast_head":"<!-- This site is optimized with the Yoast SEO plugin v27.1.1 - https:\/\/yoast.com\/product\/yoast-seo-wordpress\/ -->\n<title>Grecia: dolore e rabbia nelle proteste che infiammano il Paese<\/title>\n<meta name=\"description\" content=\"Dopo l\u2019incidente ferroviario di Tempe, le proteste infiammano la Grecia. Al dolore per i morti si unisce la rabbia contro una classe politica che ha privatizzato il Paese\" \/>\n<meta name=\"robots\" content=\"index, follow, max-snippet:-1, max-image-preview:large, max-video-preview:-1\" \/>\n<link rel=\"canonical\" href=\"https:\/\/www.pressenza.com\/it\/2023\/03\/grecia-dolore-e-rabbia-nelle-proteste-che-infiammano-il-paese\/\" \/>\n<meta property=\"og:locale\" content=\"it_IT\" \/>\n<meta property=\"og:type\" content=\"article\" \/>\n<meta property=\"og:title\" content=\"Grecia: dolore e rabbia nelle proteste che infiammano il Paese\" \/>\n<meta property=\"og:description\" content=\"Dopo l\u2019incidente ferroviario di Tempe, le proteste infiammano la Grecia. Al dolore per i morti si unisce la rabbia contro una classe politica che ha privatizzato il Paese\" \/>\n<meta property=\"og:url\" content=\"https:\/\/www.pressenza.com\/it\/2023\/03\/grecia-dolore-e-rabbia-nelle-proteste-che-infiammano-il-paese\/\" \/>\n<meta property=\"og:site_name\" content=\"Pressenza\" \/>\n<meta property=\"article:publisher\" content=\"https:\/\/www.facebook.com\/PressenzaItalia\" \/>\n<meta property=\"article:author\" content=\"https:\/\/www.facebook.com\/EaST-Journal-114874678534254\/\" \/>\n<meta property=\"article:published_time\" content=\"2023-03-22T22:21:21+00:00\" \/>\n<meta property=\"article:modified_time\" content=\"2023-03-23T08:38:08+00:00\" \/>\n<meta property=\"og:image\" content=\"https:\/\/www.pressenza.com\/wp-content\/uploads\/2023\/03\/IMG_6239.jpg\" \/>\n\t<meta property=\"og:image:width\" content=\"1200\" \/>\n\t<meta property=\"og:image:height\" content=\"800\" \/>\n\t<meta property=\"og:image:type\" content=\"image\/jpeg\" \/>\n<meta name=\"author\" content=\"East Journal\" \/>\n<meta name=\"twitter:card\" content=\"summary_large_image\" \/>\n<meta name=\"twitter:creator\" content=\"@PressenzaIPA\" \/>\n<meta name=\"twitter:site\" content=\"@PressenzaIPA\" \/>\n<meta name=\"twitter:label1\" content=\"Scritto da\" \/>\n\t<meta name=\"twitter:data1\" content=\"East Journal\" \/>\n\t<meta name=\"twitter:label2\" content=\"Tempo di lettura stimato\" \/>\n\t<meta name=\"twitter:data2\" content=\"6 minuti\" \/>\n<script type=\"application\/ld+json\" class=\"yoast-schema-graph\">{\"@context\":\"https:\/\/schema.org\",\"@graph\":[{\"@type\":\"Article\",\"@id\":\"https:\/\/www.pressenza.com\/it\/2023\/03\/grecia-dolore-e-rabbia-nelle-proteste-che-infiammano-il-paese\/#article\",\"isPartOf\":{\"@id\":\"https:\/\/www.pressenza.com\/it\/2023\/03\/grecia-dolore-e-rabbia-nelle-proteste-che-infiammano-il-paese\/\"},\"author\":{\"name\":\"East Journal\",\"@id\":\"https:\/\/www.pressenza.com\/it\/#\/schema\/person\/ac0b6e21874c411b7ae3f1183e5b7a5a\"},\"headline\":\"Grecia: dolore e rabbia nelle proteste che infiammano il Paese\",\"datePublished\":\"2023-03-22T22:21:21+00:00\",\"dateModified\":\"2023-03-23T08:38:08+00:00\",\"mainEntityOfPage\":{\"@id\":\"https:\/\/www.pressenza.com\/it\/2023\/03\/grecia-dolore-e-rabbia-nelle-proteste-che-infiammano-il-paese\/\"},\"wordCount\":1084,\"publisher\":{\"@id\":\"https:\/\/www.pressenza.com\/it\/#organization\"},\"image\":{\"@id\":\"https:\/\/www.pressenza.com\/it\/2023\/03\/grecia-dolore-e-rabbia-nelle-proteste-che-infiammano-il-paese\/#primaryimage\"},\"thumbnailUrl\":\"https:\/\/www.pressenza.com\/wp-content\/uploads\/2023\/03\/IMG_6239.jpg\",\"keywords\":[\"Grecia\",\"incidente ferroviario\",\"privatizzazioni\",\"proteste\"],\"articleSection\":[\"Europa\",\"Opinioni\",\"Politica\"],\"inLanguage\":\"it-IT\"},{\"@type\":\"WebPage\",\"@id\":\"https:\/\/www.pressenza.com\/it\/2023\/03\/grecia-dolore-e-rabbia-nelle-proteste-che-infiammano-il-paese\/\",\"url\":\"https:\/\/www.pressenza.com\/it\/2023\/03\/grecia-dolore-e-rabbia-nelle-proteste-che-infiammano-il-paese\/\",\"name\":\"Grecia: dolore e rabbia nelle proteste che infiammano il Paese\",\"isPartOf\":{\"@id\":\"https:\/\/www.pressenza.com\/it\/#website\"},\"primaryImageOfPage\":{\"@id\":\"https:\/\/www.pressenza.com\/it\/2023\/03\/grecia-dolore-e-rabbia-nelle-proteste-che-infiammano-il-paese\/#primaryimage\"},\"image\":{\"@id\":\"https:\/\/www.pressenza.com\/it\/2023\/03\/grecia-dolore-e-rabbia-nelle-proteste-che-infiammano-il-paese\/#primaryimage\"},\"thumbnailUrl\":\"https:\/\/www.pressenza.com\/wp-content\/uploads\/2023\/03\/IMG_6239.jpg\",\"datePublished\":\"2023-03-22T22:21:21+00:00\",\"dateModified\":\"2023-03-23T08:38:08+00:00\",\"description\":\"Dopo l\u2019incidente ferroviario di Tempe, le proteste infiammano la Grecia. Al dolore per i morti si unisce la rabbia contro una classe politica che ha privatizzato il Paese\",\"breadcrumb\":{\"@id\":\"https:\/\/www.pressenza.com\/it\/2023\/03\/grecia-dolore-e-rabbia-nelle-proteste-che-infiammano-il-paese\/#breadcrumb\"},\"inLanguage\":\"it-IT\",\"potentialAction\":[{\"@type\":\"ReadAction\",\"target\":[\"https:\/\/www.pressenza.com\/it\/2023\/03\/grecia-dolore-e-rabbia-nelle-proteste-che-infiammano-il-paese\/\"]}]},{\"@type\":\"ImageObject\",\"inLanguage\":\"it-IT\",\"@id\":\"https:\/\/www.pressenza.com\/it\/2023\/03\/grecia-dolore-e-rabbia-nelle-proteste-che-infiammano-il-paese\/#primaryimage\",\"url\":\"https:\/\/www.pressenza.com\/wp-content\/uploads\/2023\/03\/IMG_6239.jpg\",\"contentUrl\":\"https:\/\/www.pressenza.com\/wp-content\/uploads\/2023\/03\/IMG_6239.jpg\",\"width\":1200,\"height\":800},{\"@type\":\"BreadcrumbList\",\"@id\":\"https:\/\/www.pressenza.com\/it\/2023\/03\/grecia-dolore-e-rabbia-nelle-proteste-che-infiammano-il-paese\/#breadcrumb\",\"itemListElement\":[{\"@type\":\"ListItem\",\"position\":1,\"name\":\"Accueil\",\"item\":\"https:\/\/www.pressenza.com\/it\/\"},{\"@type\":\"ListItem\",\"position\":2,\"name\":\"Grecia: dolore e rabbia nelle proteste che infiammano il Paese\"}]},{\"@type\":\"WebSite\",\"@id\":\"https:\/\/www.pressenza.com\/it\/#website\",\"url\":\"https:\/\/www.pressenza.com\/it\/\",\"name\":\"Pressenza\",\"description\":\"Agenzia di Stampa Internazionale\",\"publisher\":{\"@id\":\"https:\/\/www.pressenza.com\/it\/#organization\"},\"potentialAction\":[{\"@type\":\"SearchAction\",\"target\":{\"@type\":\"EntryPoint\",\"urlTemplate\":\"https:\/\/www.pressenza.com\/it\/?s={search_term_string}\"},\"query-input\":{\"@type\":\"PropertyValueSpecification\",\"valueRequired\":true,\"valueName\":\"search_term_string\"}}],\"inLanguage\":\"it-IT\"},{\"@type\":\"Organization\",\"@id\":\"https:\/\/www.pressenza.com\/it\/#organization\",\"name\":\"Pressenza\",\"url\":\"https:\/\/www.pressenza.com\/it\/\",\"logo\":{\"@type\":\"ImageObject\",\"inLanguage\":\"it-IT\",\"@id\":\"https:\/\/www.pressenza.com\/it\/#\/schema\/logo\/image\/\",\"url\":\"https:\/\/www.pressenza.com\/wp-content\/uploads\/2022\/10\/pressenza_logo_200x200.jpg\",\"contentUrl\":\"https:\/\/www.pressenza.com\/wp-content\/uploads\/2022\/10\/pressenza_logo_200x200.jpg\",\"width\":200,\"height\":200,\"caption\":\"Pressenza\"},\"image\":{\"@id\":\"https:\/\/www.pressenza.com\/it\/#\/schema\/logo\/image\/\"},\"sameAs\":[\"https:\/\/www.facebook.com\/PressenzaItalia\",\"https:\/\/x.com\/PressenzaIPA\"]},{\"@type\":\"Person\",\"@id\":\"https:\/\/www.pressenza.com\/it\/#\/schema\/person\/ac0b6e21874c411b7ae3f1183e5b7a5a\",\"name\":\"East Journal\",\"sameAs\":[\"http:\/\/www.eastjournal.net\/\",\"https:\/\/www.facebook.com\/EaST-Journal-114874678534254\/\"],\"url\":\"https:\/\/www.pressenza.com\/it\/author\/east-journal\/\"}]}<\/script>\n<!-- \/ Yoast SEO plugin. -->","yoast_head_json":{"title":"Grecia: dolore e rabbia nelle proteste che infiammano il Paese","description":"Dopo l\u2019incidente ferroviario di Tempe, le proteste infiammano la Grecia. Al dolore per i morti si unisce la rabbia contro una classe politica che ha privatizzato il Paese","robots":{"index":"index","follow":"follow","max-snippet":"max-snippet:-1","max-image-preview":"max-image-preview:large","max-video-preview":"max-video-preview:-1"},"canonical":"https:\/\/www.pressenza.com\/it\/2023\/03\/grecia-dolore-e-rabbia-nelle-proteste-che-infiammano-il-paese\/","og_locale":"it_IT","og_type":"article","og_title":"Grecia: dolore e rabbia nelle proteste che infiammano il Paese","og_description":"Dopo l\u2019incidente ferroviario di Tempe, le proteste infiammano la Grecia. Al dolore per i morti si unisce la rabbia contro una classe politica che ha privatizzato il Paese","og_url":"https:\/\/www.pressenza.com\/it\/2023\/03\/grecia-dolore-e-rabbia-nelle-proteste-che-infiammano-il-paese\/","og_site_name":"Pressenza","article_publisher":"https:\/\/www.facebook.com\/PressenzaItalia","article_author":"https:\/\/www.facebook.com\/EaST-Journal-114874678534254\/","article_published_time":"2023-03-22T22:21:21+00:00","article_modified_time":"2023-03-23T08:38:08+00:00","og_image":[{"width":1200,"height":800,"url":"https:\/\/www.pressenza.com\/wp-content\/uploads\/2023\/03\/IMG_6239.jpg","type":"image\/jpeg"}],"author":"East Journal","twitter_card":"summary_large_image","twitter_creator":"@PressenzaIPA","twitter_site":"@PressenzaIPA","twitter_misc":{"Scritto da":"East Journal","Tempo di lettura stimato":"6 minuti"},"schema":{"@context":"https:\/\/schema.org","@graph":[{"@type":"Article","@id":"https:\/\/www.pressenza.com\/it\/2023\/03\/grecia-dolore-e-rabbia-nelle-proteste-che-infiammano-il-paese\/#article","isPartOf":{"@id":"https:\/\/www.pressenza.com\/it\/2023\/03\/grecia-dolore-e-rabbia-nelle-proteste-che-infiammano-il-paese\/"},"author":{"name":"East Journal","@id":"https:\/\/www.pressenza.com\/it\/#\/schema\/person\/ac0b6e21874c411b7ae3f1183e5b7a5a"},"headline":"Grecia: dolore e rabbia nelle proteste che infiammano il Paese","datePublished":"2023-03-22T22:21:21+00:00","dateModified":"2023-03-23T08:38:08+00:00","mainEntityOfPage":{"@id":"https:\/\/www.pressenza.com\/it\/2023\/03\/grecia-dolore-e-rabbia-nelle-proteste-che-infiammano-il-paese\/"},"wordCount":1084,"publisher":{"@id":"https:\/\/www.pressenza.com\/it\/#organization"},"image":{"@id":"https:\/\/www.pressenza.com\/it\/2023\/03\/grecia-dolore-e-rabbia-nelle-proteste-che-infiammano-il-paese\/#primaryimage"},"thumbnailUrl":"https:\/\/www.pressenza.com\/wp-content\/uploads\/2023\/03\/IMG_6239.jpg","keywords":["Grecia","incidente ferroviario","privatizzazioni","proteste"],"articleSection":["Europa","Opinioni","Politica"],"inLanguage":"it-IT"},{"@type":"WebPage","@id":"https:\/\/www.pressenza.com\/it\/2023\/03\/grecia-dolore-e-rabbia-nelle-proteste-che-infiammano-il-paese\/","url":"https:\/\/www.pressenza.com\/it\/2023\/03\/grecia-dolore-e-rabbia-nelle-proteste-che-infiammano-il-paese\/","name":"Grecia: dolore e rabbia nelle proteste che infiammano il Paese","isPartOf":{"@id":"https:\/\/www.pressenza.com\/it\/#website"},"primaryImageOfPage":{"@id":"https:\/\/www.pressenza.com\/it\/2023\/03\/grecia-dolore-e-rabbia-nelle-proteste-che-infiammano-il-paese\/#primaryimage"},"image":{"@id":"https:\/\/www.pressenza.com\/it\/2023\/03\/grecia-dolore-e-rabbia-nelle-proteste-che-infiammano-il-paese\/#primaryimage"},"thumbnailUrl":"https:\/\/www.pressenza.com\/wp-content\/uploads\/2023\/03\/IMG_6239.jpg","datePublished":"2023-03-22T22:21:21+00:00","dateModified":"2023-03-23T08:38:08+00:00","description":"Dopo l\u2019incidente ferroviario di Tempe, le proteste infiammano la Grecia. Al dolore per i morti si unisce la rabbia contro una classe politica che ha privatizzato il Paese","breadcrumb":{"@id":"https:\/\/www.pressenza.com\/it\/2023\/03\/grecia-dolore-e-rabbia-nelle-proteste-che-infiammano-il-paese\/#breadcrumb"},"inLanguage":"it-IT","potentialAction":[{"@type":"ReadAction","target":["https:\/\/www.pressenza.com\/it\/2023\/03\/grecia-dolore-e-rabbia-nelle-proteste-che-infiammano-il-paese\/"]}]},{"@type":"ImageObject","inLanguage":"it-IT","@id":"https:\/\/www.pressenza.com\/it\/2023\/03\/grecia-dolore-e-rabbia-nelle-proteste-che-infiammano-il-paese\/#primaryimage","url":"https:\/\/www.pressenza.com\/wp-content\/uploads\/2023\/03\/IMG_6239.jpg","contentUrl":"https:\/\/www.pressenza.com\/wp-content\/uploads\/2023\/03\/IMG_6239.jpg","width":1200,"height":800},{"@type":"BreadcrumbList","@id":"https:\/\/www.pressenza.com\/it\/2023\/03\/grecia-dolore-e-rabbia-nelle-proteste-che-infiammano-il-paese\/#breadcrumb","itemListElement":[{"@type":"ListItem","position":1,"name":"Accueil","item":"https:\/\/www.pressenza.com\/it\/"},{"@type":"ListItem","position":2,"name":"Grecia: dolore e rabbia nelle proteste che infiammano il Paese"}]},{"@type":"WebSite","@id":"https:\/\/www.pressenza.com\/it\/#website","url":"https:\/\/www.pressenza.com\/it\/","name":"Pressenza","description":"Agenzia di Stampa Internazionale","publisher":{"@id":"https:\/\/www.pressenza.com\/it\/#organization"},"potentialAction":[{"@type":"SearchAction","target":{"@type":"EntryPoint","urlTemplate":"https:\/\/www.pressenza.com\/it\/?s={search_term_string}"},"query-input":{"@type":"PropertyValueSpecification","valueRequired":true,"valueName":"search_term_string"}}],"inLanguage":"it-IT"},{"@type":"Organization","@id":"https:\/\/www.pressenza.com\/it\/#organization","name":"Pressenza","url":"https:\/\/www.pressenza.com\/it\/","logo":{"@type":"ImageObject","inLanguage":"it-IT","@id":"https:\/\/www.pressenza.com\/it\/#\/schema\/logo\/image\/","url":"https:\/\/www.pressenza.com\/wp-content\/uploads\/2022\/10\/pressenza_logo_200x200.jpg","contentUrl":"https:\/\/www.pressenza.com\/wp-content\/uploads\/2022\/10\/pressenza_logo_200x200.jpg","width":200,"height":200,"caption":"Pressenza"},"image":{"@id":"https:\/\/www.pressenza.com\/it\/#\/schema\/logo\/image\/"},"sameAs":["https:\/\/www.facebook.com\/PressenzaItalia","https:\/\/x.com\/PressenzaIPA"]},{"@type":"Person","@id":"https:\/\/www.pressenza.com\/it\/#\/schema\/person\/ac0b6e21874c411b7ae3f1183e5b7a5a","name":"East Journal","sameAs":["http:\/\/www.eastjournal.net\/","https:\/\/www.facebook.com\/EaST-Journal-114874678534254\/"],"url":"https:\/\/www.pressenza.com\/it\/author\/east-journal\/"}]}},"place":"Michele Berardi","original_article_url":"https:\/\/www.eastjournal.net\/archives\/130985","_links":{"self":[{"href":"https:\/\/www.pressenza.com\/it\/wp-json\/wp\/v2\/posts\/1727148","targetHints":{"allow":["GET"]}}],"collection":[{"href":"https:\/\/www.pressenza.com\/it\/wp-json\/wp\/v2\/posts"}],"about":[{"href":"https:\/\/www.pressenza.com\/it\/wp-json\/wp\/v2\/types\/post"}],"author":[{"embeddable":true,"href":"https:\/\/www.pressenza.com\/it\/wp-json\/wp\/v2\/users\/1438"}],"replies":[{"embeddable":true,"href":"https:\/\/www.pressenza.com\/it\/wp-json\/wp\/v2\/comments?post=1727148"}],"version-history":[{"count":0,"href":"https:\/\/www.pressenza.com\/it\/wp-json\/wp\/v2\/posts\/1727148\/revisions"}],"wp:featuredmedia":[{"embeddable":true,"href":"https:\/\/www.pressenza.com\/it\/wp-json\/wp\/v2\/media\/1724485"}],"wp:attachment":[{"href":"https:\/\/www.pressenza.com\/it\/wp-json\/wp\/v2\/media?parent=1727148"}],"wp:term":[{"taxonomy":"category","embeddable":true,"href":"https:\/\/www.pressenza.com\/it\/wp-json\/wp\/v2\/categories?post=1727148"},{"taxonomy":"post_tag","embeddable":true,"href":"https:\/\/www.pressenza.com\/it\/wp-json\/wp\/v2\/tags?post=1727148"}],"curies":[{"name":"wp","href":"https:\/\/api.w.org\/{rel}","templated":true}]}}