{"id":1723757,"date":"2023-03-09T17:01:40","date_gmt":"2023-03-09T17:01:40","guid":{"rendered":"https:\/\/www.pressenza.com\/?p=1723757"},"modified":"2023-03-09T17:05:13","modified_gmt":"2023-03-09T17:05:13","slug":"le-proteste-in-israele","status":"publish","type":"post","link":"https:\/\/www.pressenza.com\/it\/2023\/03\/le-proteste-in-israele\/","title":{"rendered":"Le proteste in Israele"},"content":{"rendered":"<p>Per diverso tempo quando si parlava di Israele molti a sinistra distinguevano tra lo Stato, quindi l\u2019intera comunit\u00e0 di cittadini che lo componevano e il governo di turno. Si diceva un conto sono le politiche dell\u2019esecutivo vessatorie e oppressive nei confronti dei palestinesi, un altro la societ\u00e0 israeliana con le sue dinamiche politiche e sociali. E in effetti al di l\u00e0 del fondamentale \u00a0\u201cpeccato originale\u201d legato alla nascita di uno Stato basato sostanzialmente su un mostriciattolo politico, cio\u00e8 una \u201cdemocrazia etnica\u201d, un ossimoro, dove i diritti per i palestinesi erano in buona parte negati, al di l\u00e0 della presenza formale nel Parlamento, fino a met\u00e0 degli anni Novanta nel Paese era presente, pur con tutti i limiti e le ambiguit\u00e0, un movimento per la pace che periodicamente scendeva in piazza. Mio zio Giacomo, che era immigrato dopo le leggi razziste fasciste e successivamente aveva fondato uno dei primi kibbutz vicino a Netanya, ne faceva parte.<\/p>\n<p>Ma uno Stato nato su un\u2019ingiustizia non poteva che andare inevitabilmente verso un processo ulteriormente involutivo. Tralascio anche per ragioni di spazio, un\u2019analisi sui limiti e gli errori, anche tragici, fatti dalla resistenza palestinese nel corso dei decenni, a partire dagli attentati contro i civili, nonch\u00e9 una disamina dei gruppi dirigenti spesso non all\u2019altezza del compito, per usare un eufemismo, fino alla situazione attuale.<\/p>\n<p>Ma la questione principale \u00e8 che il \u00a0governo di estrema destra ora al potere non \u00e8 che la ovvia conclusione di un processo che viene da lontano, un processo in cui comunque al di l\u00e0 del tipo di partiti componenti l\u2019esecutivo, quindi anche quelli di \u201csinistra\u201d, i palestinesi hanno dovuto subire\u00a0 discriminazioni e apartheid.<\/p>\n<p>Per cui le manifestazioni che da alcune settimane attraversano le strade israeliane contro la \u201cRiforma della giustizia\u201d, cio\u00e8 la volont\u00e0 di togliere alla Corte Suprema il potere di controllo a favore del governo non sono la dimostrazione di una societ\u00e0 viva, sensibile alla democrazia, ma viceversa esplicitano come in questi anni il processo di fascistizzazione del corpo sociale israeliano sia avvenuto con il quasi completo consenso della maggioranza degli israeliani. Hanno assistito conniventi allo scempio che avveniva nel territori palestinesi, con le violenze delle milizie dei coloni, le sistematiche esecuzioni quotidiane dei militari anche contro minorenni, magari mentre si recano la mattina a scuola, fino ai pogrom di cui si \u00e8 avuta ennesima manifestazione pochi giorni fa: tutto questo senza nessuna reazione, anzi con un ampio consenso.<\/p>\n<p>Le stesse proteste di questi giorni, nella maggior parte dei casi, si sono guardate bene da indirizzarsi anche contro il recente pogrom. E la Corte Suprema, la cui autonomia \u00e8 al centro delle rivendicazioni, non ha fatto nulla in questi anni per fermare l\u2019annessione dei vari territori.<\/p>\n<p>Oggi arriver\u00e0 in Italia Netanyahu accolto dai suo degni\u00a0 compari, anzi camerati, del governo Meloni. In questo caso, a quanto sembra, ci saranno proteste da parte di settori delle comunit\u00e0 israelitiche, cio\u00e8 quelle stesse comunit\u00e0 che, tolte alcune note eccezioni individuali, hanno sempre avuto un atteggiamento fideistico verso Israele, non alzando mai un dito verso il contesto sopra descritto.<\/p>\n<p>Nel marzo del 2019 mi aggregai a una delegazione dell\u2019associazione antifascista \u201cMadri per Roma citt\u00e0 aperta\u201d, ospite del Fronte Popolare, visita in cui verificammo la gravit\u00e0 della situazione e la nascita di decine di muri con i palestinesi chiusi in tanti bantustan. Giungemmo alla conclusione che solo un Mandela palestinese avrebbe potuto dare una sterzata e avviare un processo di giustizia e pace di fronte a un conflitto pluridecennale.<\/p>\n<p>Sono passati quattro anni e non si vede nessuno spiraglio, con una comunit\u00e0 internazionale complice e silente.<\/p>\n<p>&nbsp;<\/p>\n","protected":false},"excerpt":{"rendered":"<p>Per diverso tempo quando si parlava di Israele molti a sinistra distinguevano tra lo Stato, quindi l\u2019intera comunit\u00e0 di cittadini che lo componevano e il governo di turno. Si diceva un conto sono le politiche dell\u2019esecutivo vessatorie e oppressive nei&hellip;<\/p>\n","protected":false},"author":2112,"featured_media":1723758,"comment_status":"closed","ping_status":"closed","sticky":false,"template":"","format":"standard","meta":{"footnotes":""},"categories":[11388,60,52,162],"tags":[3852,778,1227,3502],"class_list":["post-1723757","post","type-post","status-publish","format-standard","has-post-thumbnail","hentry","category-contenuti-originali","category-diritti-umani","category-medio-oriente","category-opinioni","tag-apartheid-it","tag-israele","tag-palestina-it","tag-proteste"],"yoast_head":"<!-- This site is optimized with the Yoast SEO plugin v27.1.1 - https:\/\/yoast.com\/product\/yoast-seo-wordpress\/ -->\n<title>Le proteste in Israele<\/title>\n<meta name=\"description\" content=\"Per diverso tempo quando si parlava di Israele molti a sinistra distinguevano tra lo Stato, quindi l\u2019intera comunit\u00e0 di cittadini che lo componevano e il\" \/>\n<meta name=\"robots\" content=\"index, follow, max-snippet:-1, max-image-preview:large, max-video-preview:-1\" \/>\n<link rel=\"canonical\" href=\"https:\/\/www.pressenza.com\/it\/2023\/03\/le-proteste-in-israele\/\" \/>\n<meta property=\"og:locale\" content=\"it_IT\" \/>\n<meta property=\"og:type\" content=\"article\" \/>\n<meta property=\"og:title\" content=\"Le proteste in Israele\" \/>\n<meta property=\"og:description\" content=\"Per diverso tempo quando si parlava di Israele molti a sinistra distinguevano tra lo Stato, quindi l\u2019intera comunit\u00e0 di cittadini che lo componevano e il\" \/>\n<meta property=\"og:url\" content=\"https:\/\/www.pressenza.com\/it\/2023\/03\/le-proteste-in-israele\/\" \/>\n<meta property=\"og:site_name\" content=\"Pressenza\" \/>\n<meta property=\"article:publisher\" content=\"https:\/\/www.facebook.com\/PressenzaItalia\" \/>\n<meta property=\"article:published_time\" content=\"2023-03-09T17:01:40+00:00\" \/>\n<meta property=\"article:modified_time\" content=\"2023-03-09T17:05:13+00:00\" \/>\n<meta property=\"og:image\" content=\"https:\/\/www.pressenza.com\/wp-content\/uploads\/2023\/03\/Palestina-muro.jpg\" \/>\n\t<meta property=\"og:image:width\" content=\"1600\" \/>\n\t<meta property=\"og:image:height\" content=\"900\" \/>\n\t<meta property=\"og:image:type\" content=\"image\/jpeg\" \/>\n<meta name=\"author\" content=\"Sergio Sinigaglia\" \/>\n<meta name=\"twitter:card\" content=\"summary_large_image\" \/>\n<meta name=\"twitter:creator\" content=\"@PressenzaIPA\" \/>\n<meta name=\"twitter:site\" content=\"@PressenzaIPA\" \/>\n<meta name=\"twitter:label1\" content=\"Scritto da\" \/>\n\t<meta name=\"twitter:data1\" content=\"Sergio Sinigaglia\" \/>\n\t<meta name=\"twitter:label2\" content=\"Tempo di lettura stimato\" \/>\n\t<meta name=\"twitter:data2\" content=\"4 minuti\" \/>\n<script type=\"application\/ld+json\" class=\"yoast-schema-graph\">{\"@context\":\"https:\/\/schema.org\",\"@graph\":[{\"@type\":\"Article\",\"@id\":\"https:\/\/www.pressenza.com\/it\/2023\/03\/le-proteste-in-israele\/#article\",\"isPartOf\":{\"@id\":\"https:\/\/www.pressenza.com\/it\/2023\/03\/le-proteste-in-israele\/\"},\"author\":{\"name\":\"Sergio Sinigaglia\",\"@id\":\"https:\/\/www.pressenza.com\/it\/#\/schema\/person\/a1e9a2c1532b36b29d4776bb9701d842\"},\"headline\":\"Le proteste in Israele\",\"datePublished\":\"2023-03-09T17:01:40+00:00\",\"dateModified\":\"2023-03-09T17:05:13+00:00\",\"mainEntityOfPage\":{\"@id\":\"https:\/\/www.pressenza.com\/it\/2023\/03\/le-proteste-in-israele\/\"},\"wordCount\":600,\"publisher\":{\"@id\":\"https:\/\/www.pressenza.com\/it\/#organization\"},\"image\":{\"@id\":\"https:\/\/www.pressenza.com\/it\/2023\/03\/le-proteste-in-israele\/#primaryimage\"},\"thumbnailUrl\":\"https:\/\/www.pressenza.com\/wp-content\/uploads\/2023\/03\/Palestina-muro.jpg\",\"keywords\":[\"apartheid\",\"Israele\",\"Palestina\",\"proteste\"],\"articleSection\":[\"contenuti originali\",\"Diritti Umani\",\"Medio Oriente\",\"Opinioni\"],\"inLanguage\":\"it-IT\"},{\"@type\":\"WebPage\",\"@id\":\"https:\/\/www.pressenza.com\/it\/2023\/03\/le-proteste-in-israele\/\",\"url\":\"https:\/\/www.pressenza.com\/it\/2023\/03\/le-proteste-in-israele\/\",\"name\":\"Le proteste in Israele\",\"isPartOf\":{\"@id\":\"https:\/\/www.pressenza.com\/it\/#website\"},\"primaryImageOfPage\":{\"@id\":\"https:\/\/www.pressenza.com\/it\/2023\/03\/le-proteste-in-israele\/#primaryimage\"},\"image\":{\"@id\":\"https:\/\/www.pressenza.com\/it\/2023\/03\/le-proteste-in-israele\/#primaryimage\"},\"thumbnailUrl\":\"https:\/\/www.pressenza.com\/wp-content\/uploads\/2023\/03\/Palestina-muro.jpg\",\"datePublished\":\"2023-03-09T17:01:40+00:00\",\"dateModified\":\"2023-03-09T17:05:13+00:00\",\"description\":\"Per diverso tempo quando si parlava di Israele molti a sinistra distinguevano tra lo Stato, quindi l\u2019intera comunit\u00e0 di cittadini che lo componevano e il\",\"breadcrumb\":{\"@id\":\"https:\/\/www.pressenza.com\/it\/2023\/03\/le-proteste-in-israele\/#breadcrumb\"},\"inLanguage\":\"it-IT\",\"potentialAction\":[{\"@type\":\"ReadAction\",\"target\":[\"https:\/\/www.pressenza.com\/it\/2023\/03\/le-proteste-in-israele\/\"]}]},{\"@type\":\"ImageObject\",\"inLanguage\":\"it-IT\",\"@id\":\"https:\/\/www.pressenza.com\/it\/2023\/03\/le-proteste-in-israele\/#primaryimage\",\"url\":\"https:\/\/www.pressenza.com\/wp-content\/uploads\/2023\/03\/Palestina-muro.jpg\",\"contentUrl\":\"https:\/\/www.pressenza.com\/wp-content\/uploads\/2023\/03\/Palestina-muro.jpg\",\"width\":1600,\"height\":900},{\"@type\":\"BreadcrumbList\",\"@id\":\"https:\/\/www.pressenza.com\/it\/2023\/03\/le-proteste-in-israele\/#breadcrumb\",\"itemListElement\":[{\"@type\":\"ListItem\",\"position\":1,\"name\":\"Accueil\",\"item\":\"https:\/\/www.pressenza.com\/it\/\"},{\"@type\":\"ListItem\",\"position\":2,\"name\":\"Le proteste in Israele\"}]},{\"@type\":\"WebSite\",\"@id\":\"https:\/\/www.pressenza.com\/it\/#website\",\"url\":\"https:\/\/www.pressenza.com\/it\/\",\"name\":\"Pressenza\",\"description\":\"Agenzia di Stampa Internazionale\",\"publisher\":{\"@id\":\"https:\/\/www.pressenza.com\/it\/#organization\"},\"potentialAction\":[{\"@type\":\"SearchAction\",\"target\":{\"@type\":\"EntryPoint\",\"urlTemplate\":\"https:\/\/www.pressenza.com\/it\/?s={search_term_string}\"},\"query-input\":{\"@type\":\"PropertyValueSpecification\",\"valueRequired\":true,\"valueName\":\"search_term_string\"}}],\"inLanguage\":\"it-IT\"},{\"@type\":\"Organization\",\"@id\":\"https:\/\/www.pressenza.com\/it\/#organization\",\"name\":\"Pressenza\",\"url\":\"https:\/\/www.pressenza.com\/it\/\",\"logo\":{\"@type\":\"ImageObject\",\"inLanguage\":\"it-IT\",\"@id\":\"https:\/\/www.pressenza.com\/it\/#\/schema\/logo\/image\/\",\"url\":\"https:\/\/www.pressenza.com\/wp-content\/uploads\/2022\/10\/pressenza_logo_200x200.jpg\",\"contentUrl\":\"https:\/\/www.pressenza.com\/wp-content\/uploads\/2022\/10\/pressenza_logo_200x200.jpg\",\"width\":200,\"height\":200,\"caption\":\"Pressenza\"},\"image\":{\"@id\":\"https:\/\/www.pressenza.com\/it\/#\/schema\/logo\/image\/\"},\"sameAs\":[\"https:\/\/www.facebook.com\/PressenzaItalia\",\"https:\/\/x.com\/PressenzaIPA\"]},{\"@type\":\"Person\",\"@id\":\"https:\/\/www.pressenza.com\/it\/#\/schema\/person\/a1e9a2c1532b36b29d4776bb9701d842\",\"name\":\"Sergio Sinigaglia\",\"url\":\"https:\/\/www.pressenza.com\/it\/author\/sergio-sinigaglia\/\"}]}<\/script>\n<!-- \/ Yoast SEO plugin. -->","yoast_head_json":{"title":"Le proteste in Israele","description":"Per diverso tempo quando si parlava di Israele molti a sinistra distinguevano tra lo Stato, quindi l\u2019intera comunit\u00e0 di cittadini che lo componevano e il","robots":{"index":"index","follow":"follow","max-snippet":"max-snippet:-1","max-image-preview":"max-image-preview:large","max-video-preview":"max-video-preview:-1"},"canonical":"https:\/\/www.pressenza.com\/it\/2023\/03\/le-proteste-in-israele\/","og_locale":"it_IT","og_type":"article","og_title":"Le proteste in Israele","og_description":"Per diverso tempo quando si parlava di Israele molti a sinistra distinguevano tra lo Stato, quindi l\u2019intera comunit\u00e0 di cittadini che lo componevano e il","og_url":"https:\/\/www.pressenza.com\/it\/2023\/03\/le-proteste-in-israele\/","og_site_name":"Pressenza","article_publisher":"https:\/\/www.facebook.com\/PressenzaItalia","article_published_time":"2023-03-09T17:01:40+00:00","article_modified_time":"2023-03-09T17:05:13+00:00","og_image":[{"width":1600,"height":900,"url":"https:\/\/www.pressenza.com\/wp-content\/uploads\/2023\/03\/Palestina-muro.jpg","type":"image\/jpeg"}],"author":"Sergio Sinigaglia","twitter_card":"summary_large_image","twitter_creator":"@PressenzaIPA","twitter_site":"@PressenzaIPA","twitter_misc":{"Scritto da":"Sergio Sinigaglia","Tempo di lettura stimato":"4 minuti"},"schema":{"@context":"https:\/\/schema.org","@graph":[{"@type":"Article","@id":"https:\/\/www.pressenza.com\/it\/2023\/03\/le-proteste-in-israele\/#article","isPartOf":{"@id":"https:\/\/www.pressenza.com\/it\/2023\/03\/le-proteste-in-israele\/"},"author":{"name":"Sergio Sinigaglia","@id":"https:\/\/www.pressenza.com\/it\/#\/schema\/person\/a1e9a2c1532b36b29d4776bb9701d842"},"headline":"Le proteste in Israele","datePublished":"2023-03-09T17:01:40+00:00","dateModified":"2023-03-09T17:05:13+00:00","mainEntityOfPage":{"@id":"https:\/\/www.pressenza.com\/it\/2023\/03\/le-proteste-in-israele\/"},"wordCount":600,"publisher":{"@id":"https:\/\/www.pressenza.com\/it\/#organization"},"image":{"@id":"https:\/\/www.pressenza.com\/it\/2023\/03\/le-proteste-in-israele\/#primaryimage"},"thumbnailUrl":"https:\/\/www.pressenza.com\/wp-content\/uploads\/2023\/03\/Palestina-muro.jpg","keywords":["apartheid","Israele","Palestina","proteste"],"articleSection":["contenuti originali","Diritti Umani","Medio Oriente","Opinioni"],"inLanguage":"it-IT"},{"@type":"WebPage","@id":"https:\/\/www.pressenza.com\/it\/2023\/03\/le-proteste-in-israele\/","url":"https:\/\/www.pressenza.com\/it\/2023\/03\/le-proteste-in-israele\/","name":"Le proteste in Israele","isPartOf":{"@id":"https:\/\/www.pressenza.com\/it\/#website"},"primaryImageOfPage":{"@id":"https:\/\/www.pressenza.com\/it\/2023\/03\/le-proteste-in-israele\/#primaryimage"},"image":{"@id":"https:\/\/www.pressenza.com\/it\/2023\/03\/le-proteste-in-israele\/#primaryimage"},"thumbnailUrl":"https:\/\/www.pressenza.com\/wp-content\/uploads\/2023\/03\/Palestina-muro.jpg","datePublished":"2023-03-09T17:01:40+00:00","dateModified":"2023-03-09T17:05:13+00:00","description":"Per diverso tempo quando si parlava di Israele molti a sinistra distinguevano tra lo Stato, quindi l\u2019intera comunit\u00e0 di cittadini che lo componevano e il","breadcrumb":{"@id":"https:\/\/www.pressenza.com\/it\/2023\/03\/le-proteste-in-israele\/#breadcrumb"},"inLanguage":"it-IT","potentialAction":[{"@type":"ReadAction","target":["https:\/\/www.pressenza.com\/it\/2023\/03\/le-proteste-in-israele\/"]}]},{"@type":"ImageObject","inLanguage":"it-IT","@id":"https:\/\/www.pressenza.com\/it\/2023\/03\/le-proteste-in-israele\/#primaryimage","url":"https:\/\/www.pressenza.com\/wp-content\/uploads\/2023\/03\/Palestina-muro.jpg","contentUrl":"https:\/\/www.pressenza.com\/wp-content\/uploads\/2023\/03\/Palestina-muro.jpg","width":1600,"height":900},{"@type":"BreadcrumbList","@id":"https:\/\/www.pressenza.com\/it\/2023\/03\/le-proteste-in-israele\/#breadcrumb","itemListElement":[{"@type":"ListItem","position":1,"name":"Accueil","item":"https:\/\/www.pressenza.com\/it\/"},{"@type":"ListItem","position":2,"name":"Le proteste in Israele"}]},{"@type":"WebSite","@id":"https:\/\/www.pressenza.com\/it\/#website","url":"https:\/\/www.pressenza.com\/it\/","name":"Pressenza","description":"Agenzia di Stampa Internazionale","publisher":{"@id":"https:\/\/www.pressenza.com\/it\/#organization"},"potentialAction":[{"@type":"SearchAction","target":{"@type":"EntryPoint","urlTemplate":"https:\/\/www.pressenza.com\/it\/?s={search_term_string}"},"query-input":{"@type":"PropertyValueSpecification","valueRequired":true,"valueName":"search_term_string"}}],"inLanguage":"it-IT"},{"@type":"Organization","@id":"https:\/\/www.pressenza.com\/it\/#organization","name":"Pressenza","url":"https:\/\/www.pressenza.com\/it\/","logo":{"@type":"ImageObject","inLanguage":"it-IT","@id":"https:\/\/www.pressenza.com\/it\/#\/schema\/logo\/image\/","url":"https:\/\/www.pressenza.com\/wp-content\/uploads\/2022\/10\/pressenza_logo_200x200.jpg","contentUrl":"https:\/\/www.pressenza.com\/wp-content\/uploads\/2022\/10\/pressenza_logo_200x200.jpg","width":200,"height":200,"caption":"Pressenza"},"image":{"@id":"https:\/\/www.pressenza.com\/it\/#\/schema\/logo\/image\/"},"sameAs":["https:\/\/www.facebook.com\/PressenzaItalia","https:\/\/x.com\/PressenzaIPA"]},{"@type":"Person","@id":"https:\/\/www.pressenza.com\/it\/#\/schema\/person\/a1e9a2c1532b36b29d4776bb9701d842","name":"Sergio Sinigaglia","url":"https:\/\/www.pressenza.com\/it\/author\/sergio-sinigaglia\/"}]}},"place":"","original_article_url":"","_links":{"self":[{"href":"https:\/\/www.pressenza.com\/it\/wp-json\/wp\/v2\/posts\/1723757","targetHints":{"allow":["GET"]}}],"collection":[{"href":"https:\/\/www.pressenza.com\/it\/wp-json\/wp\/v2\/posts"}],"about":[{"href":"https:\/\/www.pressenza.com\/it\/wp-json\/wp\/v2\/types\/post"}],"author":[{"embeddable":true,"href":"https:\/\/www.pressenza.com\/it\/wp-json\/wp\/v2\/users\/2112"}],"replies":[{"embeddable":true,"href":"https:\/\/www.pressenza.com\/it\/wp-json\/wp\/v2\/comments?post=1723757"}],"version-history":[{"count":0,"href":"https:\/\/www.pressenza.com\/it\/wp-json\/wp\/v2\/posts\/1723757\/revisions"}],"wp:featuredmedia":[{"embeddable":true,"href":"https:\/\/www.pressenza.com\/it\/wp-json\/wp\/v2\/media\/1723758"}],"wp:attachment":[{"href":"https:\/\/www.pressenza.com\/it\/wp-json\/wp\/v2\/media?parent=1723757"}],"wp:term":[{"taxonomy":"category","embeddable":true,"href":"https:\/\/www.pressenza.com\/it\/wp-json\/wp\/v2\/categories?post=1723757"},{"taxonomy":"post_tag","embeddable":true,"href":"https:\/\/www.pressenza.com\/it\/wp-json\/wp\/v2\/tags?post=1723757"}],"curies":[{"name":"wp","href":"https:\/\/api.w.org\/{rel}","templated":true}]}}