{"id":1721479,"date":"2023-03-02T12:00:43","date_gmt":"2023-03-02T12:00:43","guid":{"rendered":"https:\/\/www.pressenza.com\/?p=1721479"},"modified":"2023-03-02T12:57:13","modified_gmt":"2023-03-02T12:57:13","slug":"fridays-for-future-la-nostra-rabbia-e-energia-rinnovabile","status":"publish","type":"post","link":"https:\/\/www.pressenza.com\/it\/2023\/03\/fridays-for-future-la-nostra-rabbia-e-energia-rinnovabile\/","title":{"rendered":"Fridays For Future: &#8220;La nostra rabbia \u00e8 energia rinnovabile!&#8221;"},"content":{"rendered":"<h2>Ci hanno derubato sfruttando la guerra: distribuiamo quella ricchezza in servizi per le nostre citt\u00e0 invivibili!<\/h2>\n<p>Ecco dove si terr\u00e0 lo sciopero: <a href=\"https:\/\/fridaysforfutureitalia.it\/sciopero-globale-per-il-clima-il-3-marzo-le-motivazioni-e-le-piazze\/#dove_si_terra_lo_sciopero\" target=\"_blank\" rel=\"noopener\">https:\/\/fridaysforfutureitalia.it\/sciopero-globale-per-il-clima-il-3-marzo-le-motivazioni-e-le-piazze\/#dove_si_terra_lo_sciopero<\/a><\/p>\n<p><strong>NON ESISTONO PROFITTI LEGITTIMI PER LE AZIENDE FOSSILI<\/strong><\/p>\n<p>Le citt\u00e0 diventano sempre pi\u00f9 invivibili, con temperature estreme e stili di vita non consoni a una vita basata sul benessere personale e collettivo. Vediamo come, nei mesi successivi alla guerra, le grandi compagnie del fossile abbiano innalzato alle stelle i loro ricavi a causa della guerra e del rincaro dei prezzi. Gli Stati si sono lasciati trovare impreparati e i governi sono dovuti andare al riparo, cercando di aiutare le famiglie e le imprese (stesse imprese energivore alle quali andavano parti dei soldi). Abbiamo visto Eni fare utili superiori al 700%, in tutto questo periodo, anche ben prima che la guerra scoppiasse. Mentre il costo di vita \u00e8 gi\u00e0 aumentato tantissimo, il governo si \u00e8 dovuto uniformare alle decisioni europee e prevedere di alzare la tassa sugli extraprofitti con l\u2019aggiunta, quindi, del \u201ccontributo di solidariet\u00e0\u201d (in legge di bilancio) entro marzo. Anche cos\u00ec per\u00f2 Eni pagherebbe circa 3,7 su 10,4<a href=\"https:\/\/www.recommon.org\/analisi-degli-extra-profitti-nel-settore-oilgas-europeo\/\">\u00a0mld<\/a>\u00a0di profitti netti nel 2022. Un dato di fortissima disuguaglianza.<\/p>\n<p>Questi fondi extra non sono stati tuttavia reinvestiti in progetti legati alle energie rinnovabili ma perlopi\u00f9 in buyback. Questo meccanismo prevede il\u00a0<a href=\"https:\/\/www.eni.com\/en-IT\/media\/press-release\/2022\/05\/eni-board-of-directors-approves-measures-to-execute-the-buyback-program.html\">riacquisto<\/a>\u00a0delle azioni stesse per distribuire dividendi agli azionisti. Si \u00e8 quindi scelto cos\u00ec di andare totalmente contro a quanto scriveva\u00a0<a href=\"https:\/\/www.ipcc.ch\/report\/ar6\/wg3\/downloads\/report\/IPCC_AR6_WGIII_SummaryForPolicymakers.pdf\">l\u2019Ipcc<\/a>\u00a0(pag. 56): \u201cLe emissioni cumulative future di CO2 previste per il periodo di vita delle infrastrutture per combustibili fossili esistenti e attualmente pianificate senza ulteriori abbattimenti, superano le emissioni totali cumulate di emissioni nette di CO2 nei percorsi che limitano il riscaldamento a 1,5\u00b0C\u201d<\/p>\n<p>Una classe dirigente che decide di ignorare o non affrontare un problema ormai sotto gli occhi di tutti, \u00e8 una classe dirigente da cui non ci sentiamo rappresentat\u0259.\u00a0\u00c8 una scelta politica ignorare o decidere di non\u00a0 affrontare il problema.\u00a0\u00c8 una posizione politica precisa: un conto economico di voti che questo o quell\u2019altro partito si fa, e alla fine l\u2019intera scena politica prende una posizione. Una posizione a nostro parere ben poco lungimirante perch\u00e9 non tiene conto delle evidenti disparit\u00e0 sociali, delle\u00a0<a href=\"https:\/\/12ft.io\/proxy?q=https%3A%2F%2Fwww.ft.com%2Fcontent%2Fc4296b2c-5ae9-11e9-939a-341f5ada9d40\">disuguaglianze<\/a>\u00a0e dell\u2019<a href=\"https:\/\/www.epi.org\/blog\/corporate-profits-have-contributed-disproportionately-to-inflation-how-should-policymakers-respond\/\">inflazione<\/a>\u00a0stessa.<\/p>\n<p>Per risolvere le sfide sociali, economiche e ambientali che affrontiamo oggi, dobbiamo ripensare lo status quo. I governi e le altre istituzioni di tutto il mondo devono abbracciare nuovi modi di pensare e impegnarsi attivamente nell\u2019innovazione dei sistemi diffusi per compiere progressi reali verso un mondo pi\u00f9 sano e pi\u00f9 prospero. Eppure la maggior parte continua a inquadrare il proprio lavoro all\u2019interno di modelli economici tradizionali, senza riconoscere il danno che sta causando alla societ\u00e0 e al pianeta. Questa inquadratura si manifesta spesso in misure a valle, come il trattamento delle malattie respiratorie esacerbate dall\u2019inquinamento atmosferico, piuttosto che investire nel trasporto pubblico; ricostruire dopo le inondazioni causate dai cambiamenti climatici, piuttosto che disinvestire dai combustibili fossili e investire in energia pulita; o concentrarsi su interventi sanitari legati alla cattiva alimentazione, piuttosto che migliorare le filiere agricole e incoraggiare la domanda dei consumatori di alimenti sani. Sebbene gli sforzi per mitigare gli effetti di problemi pi\u00f9 grandi siano di vitale importanza, non si occupano delle loro cause profonde e dell\u2019interconnessione.<\/p>\n<p>Gli scioperi. Le manifestazioni. Poi la pandemia. Poi ancora la guerra. Ma queste cose hanno una base comune: la direzione iniqua, consumista e ingiusta che il sistema economico globale ha preso. Possiamo ridirezionare le risorse per assicurare alle persone una vita pi\u00f9 dignitosa, un\u2019esistenza serena e appagante, piena di stimoli, di sogni e di speranze. Portiamo avanti le nostre rivendicazioni, che sono la nostra energia che sempre si rinnovano.<\/p>\n<p>La scienza, come sempre, rappresenta un terreno solido ma soffice allo stesso tempo, cos\u00ec come le nostre colonne d\u2019Ercole moderne. Se facciamo quello che dobbiamo, gli obiettivi, anche i pi\u00f9 ambiziosi, sono ora alla nostra portata. Ma se andassimo a finire sull\u2019onda sbagliata e la corrente ci trasportasse via, allora potremo esplorare territori sconosciuti dei quali non si conoscono i rischi. E su questo la scienza \u00e8 sempre stata molto\u00a0 chiara. Non solo ci ha sempre dato una panoramica e una prospettiva netta sulle cose da fare a livello globale, ma ci d\u00e0 una visione illuminante su come possiamo vivere le nostre citt\u00e0 ogni giorno, su quanto la nostra qualit\u00e0 di vita sia migliorabile e le comunit\u00e0 possano rigenerare risorse.<\/p>\n<p>La scienza ci indica come certi servizi nelle citt\u00e0 possono migliorare esponenzialmente la nostra qualit\u00e0 di vita. Allora, \u00e8 necessario, quanto prima, che i profitti delle grandi aziende del fossile, destinati a ingrassare le tasche degli azionisti, vadano invece a sostenere i servizi. Si, ma quali?\u00a0<strong>I servizi nelle citt\u00e0, le CERS e i trasporti rinnovabili<\/strong>, sostenibili e capillari.<\/p>\n<p><strong>\u00a0<\/strong><strong>LE NOSTRE RIVENDICAZIONI SU ENERGIA E TRASPORTI, I PRIMI DUE SETTORI PER EMISSIONI.<\/strong><\/p>\n<p>Come abbiamo gi\u00e0 lungamente analizzato in\u00a0<a href=\"https:\/\/fridaysforfutureitalia.it\/lagenda-climatica\/\">Agenda Climatica<\/a>, con l\u2019energia nelle mani delle persone e delle comunit\u00e0 possiamo affrontare le s\ufb01de climatiche, ecologiche e sociali collettivamente ed in modo complementare. Le CERS (comunit\u00e0 energetiche rinnovabili solidali) \ufb01nanziate pubblicamente attraverso i Comuni, ma a gestione cittadina, attraverso associazioni o cooperative, metterebbero a disposizione molteplici bene\ufb01ci:<\/p>\n<ul>\n<li>abbassamento dei costi dell\u2019elettricit\u00e0<\/li>\n<li>creazione di posti di lavoro<\/li>\n<li>sviluppo delle tecnologie rinnovabili<\/li>\n<li>promozione di comunit\u00e0 resilienti<\/li>\n<li>rafforzamento del tessuto sociale, riduzione dei consumi energetici e delle emissioni (circa 200 Mton di CO2 in 6 anni)<\/li>\n<li>riduzione, attraverso l\u2019autoconsumo, del fabbisogno della rete elettrica in termini di trasporto e distribuzione dell\u2019energia, democratizzazione e decentramento del sistema energetico<\/li>\n<li>nuovi strumenti di partecipazione alla vita della comunit\u00e0<\/li>\n<\/ul>\n<p>Se vogliamo poi parlare di\u00a0<a href=\"https:\/\/www.astrid-online.it\/static\/upload\/ref-\/ref-e_ossigeno-per-la-crescita-.pdf\">efficientamento<\/a>, non possiamo non citare i fondi del superbonus ed il loro corretto direzionamento. Anche in questo contesto, la decarbonizzazione deve restare il pilastro della crescita e della ripresa post-Covid, e l\u2019efficienza energetica si qualifica come uno dei settori ideali per la ripresa economica e la decarbonizzazione. Per sbloccare il processo di efficientamento e\u00a0 l\u2019impiego delle risorse da recovery fund, sono prioritari i segmenti dell\u2019edilizia scolastica e dell\u2019edilizia residenziale pubblica, le case popolari. Il patrimonio edilizio \u00e8 il maggiore consumatore unico di energia in Italia, con il 45% del consumo di energia finale e il 39% delle emissioni di gas a effetto serra. Un efficientamento del 2% del patrimonio residenziale (500k alloggi\/ 40mln di m2), porterebbe a un potenziale risparmio annuo di\u00a05,5 TWh. Per quanto riguarda il patrimonio edilizio scolastico (51 000 edifici, pari a 73.2 milioni di m2), il potenziale risparmio\u00a0 energetico annuo \u00e8 di\u00a013,5 TWh.<\/p>\n<p>All\u2019Italia serve disperatamente una cura. Per quanto possa sembrare un\u2019affermazione scontata, generalista e anche altisonante, noi abbiamo studiato e compreso quale cura serve. In Italia serve la\u00a0<em>Cura del Ferro<\/em>. Quando parliamo di Cura del Ferro, intendiamo un potenziamento del trasporto rapido di massa su tutto il territorio nazionale. Ebbene s\u00ec, a pensarci bene sarebbe quasi meglio una cura medica. Ma perch\u00e9 serve immediatamente questa cura? Abbiamo poi 1400 km di tratte ferroviarie sospese o chiuse\u00a0 su pi\u00f9 di 19000 km di linee attive totali\u00a0 attuali. Per uscire dallo storico isolamento fra Nord e Sud, dagli scarsi collegamenti tra paesi, per riuscire a collegare davvero uno Stato, si pu\u00f2 stimare un fabbisogno aggiuntivo, rispetto agli investimenti gi\u00e0 previsti, di almeno 650 treni regionali, tra nuovi e revamping, di 180 treni metropolitani e 320 tram; inoltre, andrebbero realizzati o finanziati pi\u00f9 di\u00a0<a href=\"https:\/\/www.legambiente.it\/rapporti-e-osservatori\/pendolaria-la-liberta-di-muoversi-in-treno\/\">500 km<\/a>\u00a0tra tram e metro. Si griderebbe allo scandalo per i numeri spropositati. Si punterebbe il dito contro chi vuole danneggiare l\u2019industria dell\u2019automobile. Ebbene, la spesa complessiva sarebbe di soli 5 miliardi di euro, cifra dilazionabile in dieci anni. Questo meccanismo servirebbe all\u2019Italia se volesse davvero potenziare al 2030 il servizio sulle linee ferroviarie esistenti (andando oltre l\u2019investimento direzionato soprattutto all\u2019alta velocit\u00e0) e su quelle in realizzazione. Questo sarebbe indispensabile ad un\u2019 Italia che vuole rispettare i target di decarbonizzazione, di cui ha preso coscienza insieme alle altre nazioni europee. L\u2019epoca del gioco del nascondino \u00e8 ormai finita.<\/p>\n<p>Strettamente correlata alla tematica trasporti pubblici, \u00e8 l\u2019esigenza di adottare misure di disincentivo all\u2019utilizzo delle auto personali, misure che favoriscano almeno il dimezzamento del parco macchine circolante in favore di quella mobilit\u00e0 sostenibile su cui l\u2019Europa tutta \u00e8 di gran lunga pi\u00f9 avanti. L\u2019italia investe 100 volte pi\u00f9 nelle auto (negli ultimi 10 anni +2400 km di strade) che nelle bici per cui serve prevedere\u00a0<strong>quattro volte in pi\u00f9<\/strong>\u00a0<a href=\"https:\/\/italy.cleancitiescampaign.org\/dossier-ciclabilita\/\">le ciclabili<\/a>\u00a0attuali per allinearsi ai livelli europei.<\/p>\n<p><strong>\u00a0<\/strong><strong>SUGLI EXTRAPROFITTI, I SAD E LE BOMBE CLIMATICHE<\/strong><\/p>\n<p>Quanto ancora i governi abuseranno della nostra pazienza continuando su questo modello di profitto? A livello etico, il confronto \u00e8 impari, la discussione non dovrebbe neanche stare in piedi. Se lo Stato legittima i profitti folli e malsani delle grandi multinazionali del fossile, noi legittimiamo la costruzione di una nuova societ\u00e0, solidale e resiliente. E allora \u00e8 pi\u00f9 che legittimo chiedere che\u00a0 i S.A.D. (sussidi ambientalmente dannosi), i fondi destinati a sovvenzionare le grandi aziende del fossile, siano\u00a0<strong>spostati<\/strong>\u00a0per supplire i costi dei servizi. Quando viene messa come prima istanza l\u2019economia a difesa di una vera transizione ecologica, ecco che i fondi ritornano! In Italia ad oggi sono circa 120 le infrastrutture a fonti fossili in valutazione presso il Ministero dell\u2019Ambiente e della Sicurezza Energetica tra centrali a gas fossile, metanodotti, depositi, autorizzazioni per nuove trivellazioni e rigassificatori.<\/p>\n<p>La corsa al gas che l\u2019Italia sta portando avanti non ha davvero pi\u00f9 motivo di esistere. Tutte le risorse economiche utilizzate per questi scopi ambientalmente dannosi, potrebbero essere rimesse in circolazione nel giro di pochi anni a favore di una vera transizione energetica: rinnovabili, reti, efficienza, mobilit\u00e0 sostenibile, bonifiche e molto altro.<\/p>\n<p>\u201cOggi i produttori di combustibili fossili e i loro sostenitori continuano a\u00a0<strong>correre per espandere la produzione,<\/strong>\u00a0ben sapendo che il loro modello di business non \u00e8 compatibile con la sopravvivenza umana\u201d. Sono queste le parole pronunciate il mese scorso da Antonio Guterres, segretario generale dell\u2019ONU, durante il World Economic Forum di Davos. E quando le stesse Nazioni Unite confermano che gli ultimi otto anni sono stati i pi\u00f9 caldi mai registrati a livello globale, ecco che la nostra rabbia si rinnova.\u00a0Il rapporto \u201cGlobal Energy and Climate Outlook 2022\u201d ci informa del fatto che le emissioni globali non sono ancora sulla buona strada per raggiungere gli obiettivi di\u00a0<strong>temperatura<\/strong>\u00a0dell\u2019accordo di Parigi.<\/p>\n<p>Nonostante l\u2019Agenzia Internazionale per l\u2019Energia abbia affermato che per raggiungere emissioni neutre al 2050 nessun nuovo progetto di combustibili fossili dovrebbe essere avviato, le compagnie del fossile hanno invece in programma numerosi nuovi investimenti, alcuni dei quali si configurano come \u201c<strong>bombe climatiche<\/strong>\u201d: progetti di esplorazione ed estrazione di combustibili fossili capaci di emettere in atmosfera almeno un miliardo di tonnellate di CO2 nell\u2019arco del loro intero ciclo di vita.\u00a0E non c\u2019\u00e8 da stupirsi che anche l\u2019italiana Eni sia coinvolta in diversi di questi progetti. Gi\u00e0, anche in Italia le micce che accendono la nostra rabbia non sono poche.\u00a0Ebbene,\u00a0<strong>quella rabbia \u00e8 senza dubbio energia rinnovabile<\/strong>.\u00a0Ma sappiamo bene che la rabbia e la critica restano fine a loro stesse, se non si trasformano in azione. Riversiamo le nostre energie nel chiedere a gran voce misure governative concrete ed efficaci. Riversiamo le nostre energie nel costruire quotidianamente una nuova\u00a0<strong>cultura della sostenibilit\u00e0<\/strong>, dell\u2019uso efficiente ed etico delle risorse e della loro giusta distribuzione, della partecipazione cittadina e della cooperazione, lasciandoci guidare dalle comunit\u00e0 storicamente oppresse e dalle\u00a0<strong>popolazioni<\/strong>\u00a0che da secoli vivono in equilibrio con il territorio in cui abitano.<\/p>\n<p><strong>SULLA GIUSTIZIA SOCIALE E L&#8217;ECO TRANSFEMMINISMO<\/strong><\/p>\n<p>A soli 5 giorni dalla giornata dello sciopero transfemminista, il 3 Marzo \u00e8 una data in cui ci aspettiamo che i movimenti ecofemministi, transfemministi e per la giustizia di genere e delle comunit\u00e0 LGBTQIA+\u00a0 (tra cui Non Una Di Meno) animeranno, insieme a noi, le piazze di tutta Italia, cos\u00ec come certamente avverr\u00e0 nella data dell\u20198 Marzo, riportando l\u2019attenzione sui temi del transfemminismo e della violenza sulle donne. La vicinanza di queste due date, ci permetter\u00e0 di camminare insieme nella preparazione delle manifestazioni.<\/p>\n<p>L\u2019ecofemminismo \u00e8 una fondamentale chiave di lettura della realt\u00e0, che ci pu\u00f2 dare gli strumenti per capire quanto\u00a0<strong>le nostre citt\u00e0 sono invivibili\u00a0<\/strong>anche dal punto di vista della parit\u00e0 di genere. Lottiamo per costruire comunit\u00e0 basate sulla cura reciproca e non sull\u2019indifferenza e sul profitto, che sia sul corpo o sul territorio. Manifestiamo con un lungo e teso filo verde\/viola che collega le due piazze: queste ci dicono che \u00e8 possibile camminare insieme, \u00e8 possibile immaginare un\u2019altra citt\u00e0, \u00e8 possibile chiedere interventi immediati per il nostro benessere psicologico, sociale e climatico.<\/p>\n<p>Dobbiamo cambiare il modo in cui comprendiamo e costruiamo la salute e la prosperit\u00e0 della societ\u00e0, guardando oltre la crescita economica verso il benessere collettivo e la sostenibilit\u00e0 ambientale.<\/p>\n<p>L\u2019esempio del Kurdistan ci racconta chiaramente che \u00e8 possibile una societ\u00e0 fatta di educazione, di studio e autocritica, di diversit\u00e0, di lotta al patriarcato, di creazione delle prime forme assembleari solo femminili, di liberazione dai vincoli sociali imposti da comunit\u00e0 restie al ritorno delle donne al cuore dello sviluppo politico, economico e sociale. \u00c8 possibile una scienza nuova che superi il positivismo bianco, maschile e borghese e riveda lo studio della storia, l\u2019economia, la politica, le scienze secondo criteri nuovi, plurali, femminili.<\/p>\n<p>Il momento storico che stiamo vivendo \u00e8 cruciale. Palpabile nell\u2019aria il vuoto sociale dopo la pandemia e dopo la guerra, evidenti le contraddizioni fra i profitti delle multinazionali del fossile e la crescente ingiustizia, climatica e sociale, nel mondo e nel nostro paese. Se l\u2019umanit\u00e0 sembra aver perso i suoi punti di riferimento storici, ci sono sacche di attivismo e di popolazione consapevoli dei fenomeni odierni di impoverimento sociale e personale. Alla disgregazione sociale opponiamo nuove comunit\u00e0, energetiche e sociali. Ai profitti iniqui sulla pelle delle e dei pi\u00f9 poveri opponiamo la giustizia climatica come stella polare.<\/p>\n<p><strong>Dunque, chiudiamo consapevol3, tutte e tutti, che la strada \u00e8 ancora lunga, in salita e c\u2019\u00e8 tanto da lavorare. Ma noi siamo pronti.<\/strong>\u00a0<strong>Perch\u00e9 camminiamo assieme a tante altre realt\u00e0 ed esperienze d\u2019Italia con cui condividiamo sogni e lotte, amore e obiettivi. Non siamo l\u2019unione di singoli, siamo una comunit\u00e0 di persone<\/strong>: decine e decine di persone, migliaia in tutta Italia lavorano nei propri gruppi locali. Ma sebbene la nostra forza sia composta da cos\u00ec tante individualit\u00e0, pensieri e ideali, riusciamo a essere comunit\u00e0 rinnovata e rinnovabile. Perch\u00e9 al di fuori della collettivit\u00e0 c\u2019\u00e8 solo mitomania o ricerca di consensi.<\/p>\n<p><strong>Abbiamo ben chiaro cosa c\u2019\u00e8 da fare e lo abbiamo steso con inchiostro e rabbia. Siamo determinat3 a cambiare le sorti di questo paese con nuovi strumenti di partecipazione e di attivazione. Per questo, riusciamo a essere una collettivit\u00e0 rinnovabile e solidale. Siamo le speranze, siamo i sogni. Siamo la frontiera di una nuova comunit\u00e0, grazie a tutti i dati che la scienza ci ha messo in mano e che decliniamo citt\u00e0 per citt\u00e0, nazione per nazione.<\/strong><\/p>\n<p><strong>Siamo marea che si spinge sulla battigia, torna indietro, si rigenera e riprende la sua rincorsa. Siamo calda energia che si rinnova. Siamo l\u0259 Fridays For Future.<\/strong><\/p>\n","protected":false},"excerpt":{"rendered":"<p>Ci hanno derubato sfruttando la guerra: distribuiamo quella ricchezza in servizi per le nostre citt\u00e0 invivibili! Ecco dove si terr\u00e0 lo sciopero: https:\/\/fridaysforfutureitalia.it\/sciopero-globale-per-il-clima-il-3-marzo-le-motivazioni-e-le-piazze\/#dove_si_terra_lo_sciopero NON ESISTONO PROFITTI LEGITTIMI PER LE AZIENDE FOSSILI Le citt\u00e0 diventano sempre pi\u00f9 invivibili, con temperature estreme&hellip;<\/p>\n","protected":false},"author":1713,"featured_media":1687289,"comment_status":"closed","ping_status":"closed","sticky":false,"template":"","format":"standard","meta":{"footnotes":""},"categories":[150,59,47],"tags":[39211,53987,98281],"class_list":["post-1721479","post","type-post","status-publish","format-standard","has-post-thumbnail","hentry","category-comunicati-stampa","category-ambiente-ecologia","category-europa","tag-emergenza-climatica","tag-fridays-for-future","tag-giustizia-sociale-e-ambientale"],"yoast_head":"<!-- This site is optimized with the Yoast SEO plugin v27.1.1 - https:\/\/yoast.com\/product\/yoast-seo-wordpress\/ -->\n<title>Fridays For Future: &quot;La nostra rabbia \u00e8 energia rinnovabile!&quot;<\/title>\n<meta name=\"description\" content=\"Ci hanno derubato sfruttando la guerra: distribuiamo quella ricchezza in servizi per le nostre citt\u00e0 invivibili!\" \/>\n<meta name=\"robots\" content=\"index, follow, max-snippet:-1, max-image-preview:large, max-video-preview:-1\" \/>\n<link rel=\"canonical\" href=\"https:\/\/www.pressenza.com\/it\/2023\/03\/fridays-for-future-la-nostra-rabbia-e-energia-rinnovabile\/\" \/>\n<meta property=\"og:locale\" content=\"it_IT\" \/>\n<meta property=\"og:type\" content=\"article\" \/>\n<meta property=\"og:title\" content=\"Fridays For Future: &quot;La nostra rabbia \u00e8 energia rinnovabile!&quot;\" \/>\n<meta property=\"og:description\" content=\"Ci hanno derubato sfruttando la guerra: distribuiamo quella ricchezza in servizi per le nostre citt\u00e0 invivibili!\" \/>\n<meta property=\"og:url\" content=\"https:\/\/www.pressenza.com\/it\/2023\/03\/fridays-for-future-la-nostra-rabbia-e-energia-rinnovabile\/\" \/>\n<meta property=\"og:site_name\" content=\"Pressenza\" \/>\n<meta property=\"article:publisher\" content=\"https:\/\/www.facebook.com\/PressenzaItalia\" \/>\n<meta property=\"article:published_time\" content=\"2023-03-02T12:00:43+00:00\" \/>\n<meta property=\"article:modified_time\" content=\"2023-03-02T12:57:13+00:00\" \/>\n<meta property=\"og:image\" content=\"https:\/\/www.pressenza.com\/wp-content\/uploads\/2022\/10\/FFF-Bologna-corteo.jpg\" \/>\n\t<meta property=\"og:image:width\" content=\"649\" \/>\n\t<meta property=\"og:image:height\" content=\"520\" \/>\n\t<meta property=\"og:image:type\" content=\"image\/jpeg\" \/>\n<meta name=\"author\" content=\"Fridays For Future\" \/>\n<meta name=\"twitter:card\" content=\"summary_large_image\" \/>\n<meta name=\"twitter:creator\" content=\"@PressenzaIPA\" \/>\n<meta name=\"twitter:site\" content=\"@PressenzaIPA\" \/>\n<meta name=\"twitter:label1\" content=\"Scritto da\" \/>\n\t<meta name=\"twitter:data1\" content=\"Fridays For Future\" \/>\n\t<meta name=\"twitter:label2\" content=\"Tempo di lettura stimato\" \/>\n\t<meta name=\"twitter:data2\" content=\"14 minuti\" \/>\n<script type=\"application\/ld+json\" class=\"yoast-schema-graph\">{\"@context\":\"https:\/\/schema.org\",\"@graph\":[{\"@type\":\"Article\",\"@id\":\"https:\/\/www.pressenza.com\/it\/2023\/03\/fridays-for-future-la-nostra-rabbia-e-energia-rinnovabile\/#article\",\"isPartOf\":{\"@id\":\"https:\/\/www.pressenza.com\/it\/2023\/03\/fridays-for-future-la-nostra-rabbia-e-energia-rinnovabile\/\"},\"author\":{\"name\":\"Fridays For Future\",\"@id\":\"https:\/\/www.pressenza.com\/it\/#\/schema\/person\/8f0c1d2e26efb7c5c7cad8108dd14b21\"},\"headline\":\"Fridays For Future: &#8220;La nostra rabbia \u00e8 energia rinnovabile!&#8221;\",\"datePublished\":\"2023-03-02T12:00:43+00:00\",\"dateModified\":\"2023-03-02T12:57:13+00:00\",\"mainEntityOfPage\":{\"@id\":\"https:\/\/www.pressenza.com\/it\/2023\/03\/fridays-for-future-la-nostra-rabbia-e-energia-rinnovabile\/\"},\"wordCount\":2502,\"publisher\":{\"@id\":\"https:\/\/www.pressenza.com\/it\/#organization\"},\"image\":{\"@id\":\"https:\/\/www.pressenza.com\/it\/2023\/03\/fridays-for-future-la-nostra-rabbia-e-energia-rinnovabile\/#primaryimage\"},\"thumbnailUrl\":\"https:\/\/www.pressenza.com\/wp-content\/uploads\/2022\/10\/FFF-Bologna-corteo.jpg\",\"keywords\":[\"emergenza climatica\",\"Fridays for Future\",\"giustizia sociale e ambientale\"],\"articleSection\":[\"Comunicati Stampa\",\"Ecologia ed Ambiente\",\"Europa\"],\"inLanguage\":\"it-IT\"},{\"@type\":\"WebPage\",\"@id\":\"https:\/\/www.pressenza.com\/it\/2023\/03\/fridays-for-future-la-nostra-rabbia-e-energia-rinnovabile\/\",\"url\":\"https:\/\/www.pressenza.com\/it\/2023\/03\/fridays-for-future-la-nostra-rabbia-e-energia-rinnovabile\/\",\"name\":\"Fridays For Future: \\\"La nostra rabbia \u00e8 energia rinnovabile!\\\"\",\"isPartOf\":{\"@id\":\"https:\/\/www.pressenza.com\/it\/#website\"},\"primaryImageOfPage\":{\"@id\":\"https:\/\/www.pressenza.com\/it\/2023\/03\/fridays-for-future-la-nostra-rabbia-e-energia-rinnovabile\/#primaryimage\"},\"image\":{\"@id\":\"https:\/\/www.pressenza.com\/it\/2023\/03\/fridays-for-future-la-nostra-rabbia-e-energia-rinnovabile\/#primaryimage\"},\"thumbnailUrl\":\"https:\/\/www.pressenza.com\/wp-content\/uploads\/2022\/10\/FFF-Bologna-corteo.jpg\",\"datePublished\":\"2023-03-02T12:00:43+00:00\",\"dateModified\":\"2023-03-02T12:57:13+00:00\",\"description\":\"Ci hanno derubato sfruttando la guerra: distribuiamo quella ricchezza in servizi per le nostre citt\u00e0 invivibili!\",\"breadcrumb\":{\"@id\":\"https:\/\/www.pressenza.com\/it\/2023\/03\/fridays-for-future-la-nostra-rabbia-e-energia-rinnovabile\/#breadcrumb\"},\"inLanguage\":\"it-IT\",\"potentialAction\":[{\"@type\":\"ReadAction\",\"target\":[\"https:\/\/www.pressenza.com\/it\/2023\/03\/fridays-for-future-la-nostra-rabbia-e-energia-rinnovabile\/\"]}]},{\"@type\":\"ImageObject\",\"inLanguage\":\"it-IT\",\"@id\":\"https:\/\/www.pressenza.com\/it\/2023\/03\/fridays-for-future-la-nostra-rabbia-e-energia-rinnovabile\/#primaryimage\",\"url\":\"https:\/\/www.pressenza.com\/wp-content\/uploads\/2022\/10\/FFF-Bologna-corteo.jpg\",\"contentUrl\":\"https:\/\/www.pressenza.com\/wp-content\/uploads\/2022\/10\/FFF-Bologna-corteo.jpg\",\"width\":649,\"height\":520},{\"@type\":\"BreadcrumbList\",\"@id\":\"https:\/\/www.pressenza.com\/it\/2023\/03\/fridays-for-future-la-nostra-rabbia-e-energia-rinnovabile\/#breadcrumb\",\"itemListElement\":[{\"@type\":\"ListItem\",\"position\":1,\"name\":\"Accueil\",\"item\":\"https:\/\/www.pressenza.com\/it\/\"},{\"@type\":\"ListItem\",\"position\":2,\"name\":\"Fridays For Future: &#8220;La nostra rabbia \u00e8 energia rinnovabile!&#8221;\"}]},{\"@type\":\"WebSite\",\"@id\":\"https:\/\/www.pressenza.com\/it\/#website\",\"url\":\"https:\/\/www.pressenza.com\/it\/\",\"name\":\"Pressenza\",\"description\":\"Agenzia di Stampa Internazionale\",\"publisher\":{\"@id\":\"https:\/\/www.pressenza.com\/it\/#organization\"},\"potentialAction\":[{\"@type\":\"SearchAction\",\"target\":{\"@type\":\"EntryPoint\",\"urlTemplate\":\"https:\/\/www.pressenza.com\/it\/?s={search_term_string}\"},\"query-input\":{\"@type\":\"PropertyValueSpecification\",\"valueRequired\":true,\"valueName\":\"search_term_string\"}}],\"inLanguage\":\"it-IT\"},{\"@type\":\"Organization\",\"@id\":\"https:\/\/www.pressenza.com\/it\/#organization\",\"name\":\"Pressenza\",\"url\":\"https:\/\/www.pressenza.com\/it\/\",\"logo\":{\"@type\":\"ImageObject\",\"inLanguage\":\"it-IT\",\"@id\":\"https:\/\/www.pressenza.com\/it\/#\/schema\/logo\/image\/\",\"url\":\"https:\/\/www.pressenza.com\/wp-content\/uploads\/2022\/10\/pressenza_logo_200x200.jpg\",\"contentUrl\":\"https:\/\/www.pressenza.com\/wp-content\/uploads\/2022\/10\/pressenza_logo_200x200.jpg\",\"width\":200,\"height\":200,\"caption\":\"Pressenza\"},\"image\":{\"@id\":\"https:\/\/www.pressenza.com\/it\/#\/schema\/logo\/image\/\"},\"sameAs\":[\"https:\/\/www.facebook.com\/PressenzaItalia\",\"https:\/\/x.com\/PressenzaIPA\"]},{\"@type\":\"Person\",\"@id\":\"https:\/\/www.pressenza.com\/it\/#\/schema\/person\/8f0c1d2e26efb7c5c7cad8108dd14b21\",\"name\":\"Fridays For Future\",\"description\":\"#FridaysForFuture is a movement that began in August 2018, after 15 years old Greta Thunberg sat in front of the Swedish parliament every schoolday for three weeks, to protest against the lack of action on the climate crisis. She posted what she was doing on Instagram and Twitter and it soon went viral. On the 8th of September, Greta decided to continue striking every Friday until the Swedish policies provided a safe pathway well under 2-degree C, i.e. in line with the Paris agreement. The hashtags #FridaysForFuture and #Climatestrike spread and many students and adults began to protest outside of their parliaments and local city halls all over the world. This has also inspired the Belgium Thursday school strikes.\",\"url\":\"https:\/\/www.pressenza.com\/it\/author\/fff\/\"}]}<\/script>\n<!-- \/ Yoast SEO plugin. -->","yoast_head_json":{"title":"Fridays For Future: \"La nostra rabbia \u00e8 energia rinnovabile!\"","description":"Ci hanno derubato sfruttando la guerra: distribuiamo quella ricchezza in servizi per le nostre citt\u00e0 invivibili!","robots":{"index":"index","follow":"follow","max-snippet":"max-snippet:-1","max-image-preview":"max-image-preview:large","max-video-preview":"max-video-preview:-1"},"canonical":"https:\/\/www.pressenza.com\/it\/2023\/03\/fridays-for-future-la-nostra-rabbia-e-energia-rinnovabile\/","og_locale":"it_IT","og_type":"article","og_title":"Fridays For Future: \"La nostra rabbia \u00e8 energia rinnovabile!\"","og_description":"Ci hanno derubato sfruttando la guerra: distribuiamo quella ricchezza in servizi per le nostre citt\u00e0 invivibili!","og_url":"https:\/\/www.pressenza.com\/it\/2023\/03\/fridays-for-future-la-nostra-rabbia-e-energia-rinnovabile\/","og_site_name":"Pressenza","article_publisher":"https:\/\/www.facebook.com\/PressenzaItalia","article_published_time":"2023-03-02T12:00:43+00:00","article_modified_time":"2023-03-02T12:57:13+00:00","og_image":[{"width":649,"height":520,"url":"https:\/\/www.pressenza.com\/wp-content\/uploads\/2022\/10\/FFF-Bologna-corteo.jpg","type":"image\/jpeg"}],"author":"Fridays For Future","twitter_card":"summary_large_image","twitter_creator":"@PressenzaIPA","twitter_site":"@PressenzaIPA","twitter_misc":{"Scritto da":"Fridays For Future","Tempo di lettura stimato":"14 minuti"},"schema":{"@context":"https:\/\/schema.org","@graph":[{"@type":"Article","@id":"https:\/\/www.pressenza.com\/it\/2023\/03\/fridays-for-future-la-nostra-rabbia-e-energia-rinnovabile\/#article","isPartOf":{"@id":"https:\/\/www.pressenza.com\/it\/2023\/03\/fridays-for-future-la-nostra-rabbia-e-energia-rinnovabile\/"},"author":{"name":"Fridays For Future","@id":"https:\/\/www.pressenza.com\/it\/#\/schema\/person\/8f0c1d2e26efb7c5c7cad8108dd14b21"},"headline":"Fridays For Future: &#8220;La nostra rabbia \u00e8 energia rinnovabile!&#8221;","datePublished":"2023-03-02T12:00:43+00:00","dateModified":"2023-03-02T12:57:13+00:00","mainEntityOfPage":{"@id":"https:\/\/www.pressenza.com\/it\/2023\/03\/fridays-for-future-la-nostra-rabbia-e-energia-rinnovabile\/"},"wordCount":2502,"publisher":{"@id":"https:\/\/www.pressenza.com\/it\/#organization"},"image":{"@id":"https:\/\/www.pressenza.com\/it\/2023\/03\/fridays-for-future-la-nostra-rabbia-e-energia-rinnovabile\/#primaryimage"},"thumbnailUrl":"https:\/\/www.pressenza.com\/wp-content\/uploads\/2022\/10\/FFF-Bologna-corteo.jpg","keywords":["emergenza climatica","Fridays for Future","giustizia sociale e ambientale"],"articleSection":["Comunicati Stampa","Ecologia ed Ambiente","Europa"],"inLanguage":"it-IT"},{"@type":"WebPage","@id":"https:\/\/www.pressenza.com\/it\/2023\/03\/fridays-for-future-la-nostra-rabbia-e-energia-rinnovabile\/","url":"https:\/\/www.pressenza.com\/it\/2023\/03\/fridays-for-future-la-nostra-rabbia-e-energia-rinnovabile\/","name":"Fridays For Future: \"La nostra rabbia \u00e8 energia rinnovabile!\"","isPartOf":{"@id":"https:\/\/www.pressenza.com\/it\/#website"},"primaryImageOfPage":{"@id":"https:\/\/www.pressenza.com\/it\/2023\/03\/fridays-for-future-la-nostra-rabbia-e-energia-rinnovabile\/#primaryimage"},"image":{"@id":"https:\/\/www.pressenza.com\/it\/2023\/03\/fridays-for-future-la-nostra-rabbia-e-energia-rinnovabile\/#primaryimage"},"thumbnailUrl":"https:\/\/www.pressenza.com\/wp-content\/uploads\/2022\/10\/FFF-Bologna-corteo.jpg","datePublished":"2023-03-02T12:00:43+00:00","dateModified":"2023-03-02T12:57:13+00:00","description":"Ci hanno derubato sfruttando la guerra: distribuiamo quella ricchezza in servizi per le nostre citt\u00e0 invivibili!","breadcrumb":{"@id":"https:\/\/www.pressenza.com\/it\/2023\/03\/fridays-for-future-la-nostra-rabbia-e-energia-rinnovabile\/#breadcrumb"},"inLanguage":"it-IT","potentialAction":[{"@type":"ReadAction","target":["https:\/\/www.pressenza.com\/it\/2023\/03\/fridays-for-future-la-nostra-rabbia-e-energia-rinnovabile\/"]}]},{"@type":"ImageObject","inLanguage":"it-IT","@id":"https:\/\/www.pressenza.com\/it\/2023\/03\/fridays-for-future-la-nostra-rabbia-e-energia-rinnovabile\/#primaryimage","url":"https:\/\/www.pressenza.com\/wp-content\/uploads\/2022\/10\/FFF-Bologna-corteo.jpg","contentUrl":"https:\/\/www.pressenza.com\/wp-content\/uploads\/2022\/10\/FFF-Bologna-corteo.jpg","width":649,"height":520},{"@type":"BreadcrumbList","@id":"https:\/\/www.pressenza.com\/it\/2023\/03\/fridays-for-future-la-nostra-rabbia-e-energia-rinnovabile\/#breadcrumb","itemListElement":[{"@type":"ListItem","position":1,"name":"Accueil","item":"https:\/\/www.pressenza.com\/it\/"},{"@type":"ListItem","position":2,"name":"Fridays For Future: &#8220;La nostra rabbia \u00e8 energia rinnovabile!&#8221;"}]},{"@type":"WebSite","@id":"https:\/\/www.pressenza.com\/it\/#website","url":"https:\/\/www.pressenza.com\/it\/","name":"Pressenza","description":"Agenzia di Stampa Internazionale","publisher":{"@id":"https:\/\/www.pressenza.com\/it\/#organization"},"potentialAction":[{"@type":"SearchAction","target":{"@type":"EntryPoint","urlTemplate":"https:\/\/www.pressenza.com\/it\/?s={search_term_string}"},"query-input":{"@type":"PropertyValueSpecification","valueRequired":true,"valueName":"search_term_string"}}],"inLanguage":"it-IT"},{"@type":"Organization","@id":"https:\/\/www.pressenza.com\/it\/#organization","name":"Pressenza","url":"https:\/\/www.pressenza.com\/it\/","logo":{"@type":"ImageObject","inLanguage":"it-IT","@id":"https:\/\/www.pressenza.com\/it\/#\/schema\/logo\/image\/","url":"https:\/\/www.pressenza.com\/wp-content\/uploads\/2022\/10\/pressenza_logo_200x200.jpg","contentUrl":"https:\/\/www.pressenza.com\/wp-content\/uploads\/2022\/10\/pressenza_logo_200x200.jpg","width":200,"height":200,"caption":"Pressenza"},"image":{"@id":"https:\/\/www.pressenza.com\/it\/#\/schema\/logo\/image\/"},"sameAs":["https:\/\/www.facebook.com\/PressenzaItalia","https:\/\/x.com\/PressenzaIPA"]},{"@type":"Person","@id":"https:\/\/www.pressenza.com\/it\/#\/schema\/person\/8f0c1d2e26efb7c5c7cad8108dd14b21","name":"Fridays For Future","description":"#FridaysForFuture is a movement that began in August 2018, after 15 years old Greta Thunberg sat in front of the Swedish parliament every schoolday for three weeks, to protest against the lack of action on the climate crisis. She posted what she was doing on Instagram and Twitter and it soon went viral. On the 8th of September, Greta decided to continue striking every Friday until the Swedish policies provided a safe pathway well under 2-degree C, i.e. in line with the Paris agreement. The hashtags #FridaysForFuture and #Climatestrike spread and many students and adults began to protest outside of their parliaments and local city halls all over the world. This has also inspired the Belgium Thursday school strikes.","url":"https:\/\/www.pressenza.com\/it\/author\/fff\/"}]}},"place":"","original_article_url":"","_links":{"self":[{"href":"https:\/\/www.pressenza.com\/it\/wp-json\/wp\/v2\/posts\/1721479","targetHints":{"allow":["GET"]}}],"collection":[{"href":"https:\/\/www.pressenza.com\/it\/wp-json\/wp\/v2\/posts"}],"about":[{"href":"https:\/\/www.pressenza.com\/it\/wp-json\/wp\/v2\/types\/post"}],"author":[{"embeddable":true,"href":"https:\/\/www.pressenza.com\/it\/wp-json\/wp\/v2\/users\/1713"}],"replies":[{"embeddable":true,"href":"https:\/\/www.pressenza.com\/it\/wp-json\/wp\/v2\/comments?post=1721479"}],"version-history":[{"count":0,"href":"https:\/\/www.pressenza.com\/it\/wp-json\/wp\/v2\/posts\/1721479\/revisions"}],"wp:featuredmedia":[{"embeddable":true,"href":"https:\/\/www.pressenza.com\/it\/wp-json\/wp\/v2\/media\/1687289"}],"wp:attachment":[{"href":"https:\/\/www.pressenza.com\/it\/wp-json\/wp\/v2\/media?parent=1721479"}],"wp:term":[{"taxonomy":"category","embeddable":true,"href":"https:\/\/www.pressenza.com\/it\/wp-json\/wp\/v2\/categories?post=1721479"},{"taxonomy":"post_tag","embeddable":true,"href":"https:\/\/www.pressenza.com\/it\/wp-json\/wp\/v2\/tags?post=1721479"}],"curies":[{"name":"wp","href":"https:\/\/api.w.org\/{rel}","templated":true}]}}