{"id":1719970,"date":"2023-02-25T20:06:56","date_gmt":"2023-02-25T20:06:56","guid":{"rendered":"https:\/\/www.pressenza.com\/?p=1719970"},"modified":"2023-02-25T20:06:56","modified_gmt":"2023-02-25T20:06:56","slug":"processo-iuventa-il-tribunale-di-trapani-nega-la-costituzione-di-parte-civile-per-la-presidenza-del-consiglio","status":"publish","type":"post","link":"https:\/\/www.pressenza.com\/it\/2023\/02\/processo-iuventa-il-tribunale-di-trapani-nega-la-costituzione-di-parte-civile-per-la-presidenza-del-consiglio\/","title":{"rendered":"Processo Iuventa, il Tribunale di Trapani nega la costituzione di parte civile per la Presidenza del Consiglio"},"content":{"rendered":"<p>Quella di oggi \u00e8 stata la sesta udienza preliminare del processo contro l&#8217;equipaggio della Iuventa e altri 17 imputati per &#8220;favoreggiamento dell&#8217;immigrazione irregolare&#8221;.<\/p>\n<p>Dopo che nella scorsa udienza si era discusso a lungo sulla questione relativa alla richiesta di costituzione di parte civile del governo italiano, che si dichiarava &#8220;parte lesa&#8221;, oggi si \u00e8 giunti a una decisione.<\/p>\n<p>Il tribunale ha respinto la richiesta della Presidenza del Consiglio dei Ministri, bloccando il tentativo della presidenza del consiglio di partecipare al processo. Ammesso invece il Ministero dell&#8217;Interno, sebbene non siano state ancora affrontate nel merito le richieste. Il tribunale si \u00e8 cos\u00ec limitato a riconoscere un&#8217;astratta titolarit\u00e0 del Ministero dell&#8217;Interno a costituirsi parte civile, senza concretamente accertare il suo ruolo rispetto ai fatti oggetto di contestazione, n\u00e9 tanto meno la causazione di alcun danno.<\/p>\n<p><strong>Amnesty International<\/strong>, parte del gruppo di osservatori indipendenti del processo, ritiene che questa sia &#8220;<a href=\"https:\/\/iuventa10.us7.list-manage.com\/track\/click?u=620d2bbf208c58a68c739a2c4&amp;id=a1c126bca0&amp;e=cee1651971\" data-saferedirecturl=\"https:\/\/www.google.com\/url?q=https:\/\/iuventa10.us7.list-manage.com\/track\/click?u%3D620d2bbf208c58a68c739a2c4%26id%3Da1c126bca0%26e%3Dcee1651971&amp;source=gmail&amp;ust=1677440975953000&amp;usg=AOvVaw1ZUrSj0H0nplyoQ0lD8S_Y\"><em>una decisione comunque intimidatoria per i difensori dei diritti umani<\/em><\/a>&#8220;.<\/p>\n<p>Inoltre, sono state presentate ulteriori eccezioni da parte della difesa in cui \u00e8 stato contestata la legittimit\u00e0 dell&#8217;intero processo e nello specifico la giurisdizione italiana e la competenza territoriale del tribunale di Trapani.<\/p>\n<p><strong>Francesca Cancellaro, avvocata della difesa<\/strong>: &#8220;<em>La giurisdizione italiana sulle condotte dell&#8217;equipaggio della Iuventa non pu\u00f2 basarsi sui principi fino ad oggi affermati e questo anche in ragione del fatto che l&#8217;ingresso dei naufraghi non pu\u00f2 mai dirsi irregolare, avendo quest&#8217;ultimi il diritto di sbarcare in un porto sicuro e presentare domanda di protezione internazionale<\/em>&#8220;.<\/p>\n<p><strong>Dariush Beigui, equipaggio Iuventa<\/strong>: &#8220;<em>Mentre il processo della Iuventa si trascina senza alcuna certezza di superare la fase preliminare, la gente annega. Invece di fermare la morte, le navi vengono bloccate, causando ancora pi\u00f9 morti. \u00c8 questo lo scenario quotidiano dell&#8217;incubo europeo<\/em>&#8220;.<\/p>\n","protected":false},"excerpt":{"rendered":"<p>Quella di oggi \u00e8 stata la sesta udienza preliminare del processo contro l&#8217;equipaggio della Iuventa e altri 17 imputati per &#8220;favoreggiamento dell&#8217;immigrazione irregolare&#8221;. Dopo che nella scorsa udienza si era discusso a lungo sulla questione relativa alla richiesta di costituzione&hellip;<\/p>\n","protected":false},"author":2225,"featured_media":1719971,"comment_status":"closed","ping_status":"closed","sticky":false,"template":"","format":"standard","meta":{"footnotes":""},"categories":[150,47,54572,55],"tags":[85962,75369,110018,36895,110434],"class_list":["post-1719970","post","type-post","status-publish","format-standard","has-post-thumbnail","hentry","category-comunicati-stampa","category-europa","category-migranti","category-politica","tag-parte-civile","tag-presidenza-del-consiglio-dei-ministri","tag-processo-iuventa","tag-salvataggi-in-mare","tag-tribunale-di-trapani"],"yoast_head":"<!-- This site is optimized with the Yoast SEO plugin v27.1.1 - https:\/\/yoast.com\/product\/yoast-seo-wordpress\/ -->\n<title>Processo Iuventa, il Tribunale di Trapani nega la costituzione di parte civile per la Presidenza del Consiglio<\/title>\n<meta name=\"description\" content=\"Quella di oggi \u00e8 stata la sesta udienza preliminare del processo contro l&#039;equipaggio della Iuventa e altri 17 imputati per &quot;favoreggiamento\" \/>\n<meta name=\"robots\" content=\"index, follow, max-snippet:-1, max-image-preview:large, max-video-preview:-1\" \/>\n<link rel=\"canonical\" href=\"https:\/\/www.pressenza.com\/it\/2023\/02\/processo-iuventa-il-tribunale-di-trapani-nega-la-costituzione-di-parte-civile-per-la-presidenza-del-consiglio\/\" \/>\n<meta property=\"og:locale\" content=\"it_IT\" \/>\n<meta property=\"og:type\" content=\"article\" \/>\n<meta property=\"og:title\" content=\"Processo Iuventa, il Tribunale di Trapani nega la costituzione di parte civile per la Presidenza del Consiglio\" \/>\n<meta property=\"og:description\" content=\"Quella di oggi \u00e8 stata la sesta udienza preliminare del processo contro l&#039;equipaggio della Iuventa e altri 17 imputati per &quot;favoreggiamento\" \/>\n<meta property=\"og:url\" content=\"https:\/\/www.pressenza.com\/it\/2023\/02\/processo-iuventa-il-tribunale-di-trapani-nega-la-costituzione-di-parte-civile-per-la-presidenza-del-consiglio\/\" \/>\n<meta property=\"og:site_name\" content=\"Pressenza\" \/>\n<meta property=\"article:publisher\" content=\"https:\/\/www.facebook.com\/PressenzaItalia\" \/>\n<meta property=\"article:published_time\" content=\"2023-02-25T20:06:56+00:00\" \/>\n<meta property=\"og:image\" content=\"https:\/\/www.pressenza.com\/wp-content\/uploads\/2023\/02\/Free-Geo-Barents-Iuventa.jpg\" \/>\n\t<meta property=\"og:image:width\" content=\"652\" \/>\n\t<meta property=\"og:image:height\" content=\"339\" \/>\n\t<meta property=\"og:image:type\" content=\"image\/jpeg\" \/>\n<meta name=\"author\" content=\"Iuventa crew\" \/>\n<meta name=\"twitter:card\" content=\"summary_large_image\" \/>\n<meta name=\"twitter:creator\" content=\"@PressenzaIPA\" \/>\n<meta name=\"twitter:site\" content=\"@PressenzaIPA\" \/>\n<meta name=\"twitter:label1\" content=\"Scritto da\" \/>\n\t<meta name=\"twitter:data1\" content=\"Iuventa crew\" \/>\n\t<meta name=\"twitter:label2\" content=\"Tempo di lettura stimato\" \/>\n\t<meta name=\"twitter:data2\" content=\"2 minuti\" \/>\n<script type=\"application\/ld+json\" class=\"yoast-schema-graph\">{\"@context\":\"https:\/\/schema.org\",\"@graph\":[{\"@type\":\"Article\",\"@id\":\"https:\/\/www.pressenza.com\/it\/2023\/02\/processo-iuventa-il-tribunale-di-trapani-nega-la-costituzione-di-parte-civile-per-la-presidenza-del-consiglio\/#article\",\"isPartOf\":{\"@id\":\"https:\/\/www.pressenza.com\/it\/2023\/02\/processo-iuventa-il-tribunale-di-trapani-nega-la-costituzione-di-parte-civile-per-la-presidenza-del-consiglio\/\"},\"author\":{\"name\":\"Iuventa crew\",\"@id\":\"https:\/\/www.pressenza.com\/it\/#\/schema\/person\/851cb6a91eab8a746f03fab2358e3ebe\"},\"headline\":\"Processo Iuventa, il Tribunale di Trapani nega la costituzione di parte civile per la Presidenza del Consiglio\",\"datePublished\":\"2023-02-25T20:06:56+00:00\",\"mainEntityOfPage\":{\"@id\":\"https:\/\/www.pressenza.com\/it\/2023\/02\/processo-iuventa-il-tribunale-di-trapani-nega-la-costituzione-di-parte-civile-per-la-presidenza-del-consiglio\/\"},\"wordCount\":307,\"publisher\":{\"@id\":\"https:\/\/www.pressenza.com\/it\/#organization\"},\"image\":{\"@id\":\"https:\/\/www.pressenza.com\/it\/2023\/02\/processo-iuventa-il-tribunale-di-trapani-nega-la-costituzione-di-parte-civile-per-la-presidenza-del-consiglio\/#primaryimage\"},\"thumbnailUrl\":\"https:\/\/www.pressenza.com\/wp-content\/uploads\/2023\/02\/Free-Geo-Barents-Iuventa.jpg\",\"keywords\":[\"parte civile\",\"Presidenza del Consiglio dei Ministri\",\"processo Iuventa\",\"salvataggi in mare\",\"Tribunale di Trapani\"],\"articleSection\":[\"Comunicati Stampa\",\"Europa\",\"Migranti\",\"Politica\"],\"inLanguage\":\"it-IT\"},{\"@type\":\"WebPage\",\"@id\":\"https:\/\/www.pressenza.com\/it\/2023\/02\/processo-iuventa-il-tribunale-di-trapani-nega-la-costituzione-di-parte-civile-per-la-presidenza-del-consiglio\/\",\"url\":\"https:\/\/www.pressenza.com\/it\/2023\/02\/processo-iuventa-il-tribunale-di-trapani-nega-la-costituzione-di-parte-civile-per-la-presidenza-del-consiglio\/\",\"name\":\"Processo Iuventa, il Tribunale di Trapani nega la costituzione di parte civile per la Presidenza del Consiglio\",\"isPartOf\":{\"@id\":\"https:\/\/www.pressenza.com\/it\/#website\"},\"primaryImageOfPage\":{\"@id\":\"https:\/\/www.pressenza.com\/it\/2023\/02\/processo-iuventa-il-tribunale-di-trapani-nega-la-costituzione-di-parte-civile-per-la-presidenza-del-consiglio\/#primaryimage\"},\"image\":{\"@id\":\"https:\/\/www.pressenza.com\/it\/2023\/02\/processo-iuventa-il-tribunale-di-trapani-nega-la-costituzione-di-parte-civile-per-la-presidenza-del-consiglio\/#primaryimage\"},\"thumbnailUrl\":\"https:\/\/www.pressenza.com\/wp-content\/uploads\/2023\/02\/Free-Geo-Barents-Iuventa.jpg\",\"datePublished\":\"2023-02-25T20:06:56+00:00\",\"description\":\"Quella di oggi \u00e8 stata la sesta udienza preliminare del processo contro l'equipaggio della Iuventa e altri 17 imputati per \\\"favoreggiamento\",\"breadcrumb\":{\"@id\":\"https:\/\/www.pressenza.com\/it\/2023\/02\/processo-iuventa-il-tribunale-di-trapani-nega-la-costituzione-di-parte-civile-per-la-presidenza-del-consiglio\/#breadcrumb\"},\"inLanguage\":\"it-IT\",\"potentialAction\":[{\"@type\":\"ReadAction\",\"target\":[\"https:\/\/www.pressenza.com\/it\/2023\/02\/processo-iuventa-il-tribunale-di-trapani-nega-la-costituzione-di-parte-civile-per-la-presidenza-del-consiglio\/\"]}]},{\"@type\":\"ImageObject\",\"inLanguage\":\"it-IT\",\"@id\":\"https:\/\/www.pressenza.com\/it\/2023\/02\/processo-iuventa-il-tribunale-di-trapani-nega-la-costituzione-di-parte-civile-per-la-presidenza-del-consiglio\/#primaryimage\",\"url\":\"https:\/\/www.pressenza.com\/wp-content\/uploads\/2023\/02\/Free-Geo-Barents-Iuventa.jpg\",\"contentUrl\":\"https:\/\/www.pressenza.com\/wp-content\/uploads\/2023\/02\/Free-Geo-Barents-Iuventa.jpg\",\"width\":652,\"height\":339},{\"@type\":\"BreadcrumbList\",\"@id\":\"https:\/\/www.pressenza.com\/it\/2023\/02\/processo-iuventa-il-tribunale-di-trapani-nega-la-costituzione-di-parte-civile-per-la-presidenza-del-consiglio\/#breadcrumb\",\"itemListElement\":[{\"@type\":\"ListItem\",\"position\":1,\"name\":\"Accueil\",\"item\":\"https:\/\/www.pressenza.com\/it\/\"},{\"@type\":\"ListItem\",\"position\":2,\"name\":\"Processo Iuventa, il Tribunale di Trapani nega la costituzione di parte civile per la Presidenza del Consiglio\"}]},{\"@type\":\"WebSite\",\"@id\":\"https:\/\/www.pressenza.com\/it\/#website\",\"url\":\"https:\/\/www.pressenza.com\/it\/\",\"name\":\"Pressenza\",\"description\":\"Agenzia di Stampa Internazionale\",\"publisher\":{\"@id\":\"https:\/\/www.pressenza.com\/it\/#organization\"},\"potentialAction\":[{\"@type\":\"SearchAction\",\"target\":{\"@type\":\"EntryPoint\",\"urlTemplate\":\"https:\/\/www.pressenza.com\/it\/?s={search_term_string}\"},\"query-input\":{\"@type\":\"PropertyValueSpecification\",\"valueRequired\":true,\"valueName\":\"search_term_string\"}}],\"inLanguage\":\"it-IT\"},{\"@type\":\"Organization\",\"@id\":\"https:\/\/www.pressenza.com\/it\/#organization\",\"name\":\"Pressenza\",\"url\":\"https:\/\/www.pressenza.com\/it\/\",\"logo\":{\"@type\":\"ImageObject\",\"inLanguage\":\"it-IT\",\"@id\":\"https:\/\/www.pressenza.com\/it\/#\/schema\/logo\/image\/\",\"url\":\"https:\/\/www.pressenza.com\/wp-content\/uploads\/2022\/10\/pressenza_logo_200x200.jpg\",\"contentUrl\":\"https:\/\/www.pressenza.com\/wp-content\/uploads\/2022\/10\/pressenza_logo_200x200.jpg\",\"width\":200,\"height\":200,\"caption\":\"Pressenza\"},\"image\":{\"@id\":\"https:\/\/www.pressenza.com\/it\/#\/schema\/logo\/image\/\"},\"sameAs\":[\"https:\/\/www.facebook.com\/PressenzaItalia\",\"https:\/\/x.com\/PressenzaIPA\"]},{\"@type\":\"Person\",\"@id\":\"https:\/\/www.pressenza.com\/it\/#\/schema\/person\/851cb6a91eab8a746f03fab2358e3ebe\",\"name\":\"Iuventa crew\",\"url\":\"https:\/\/www.pressenza.com\/it\/author\/iuventa-crew\/\"}]}<\/script>\n<!-- \/ Yoast SEO plugin. -->","yoast_head_json":{"title":"Processo Iuventa, il Tribunale di Trapani nega la costituzione di parte civile per la Presidenza del Consiglio","description":"Quella di oggi \u00e8 stata la sesta udienza preliminare del processo contro l'equipaggio della Iuventa e altri 17 imputati per \"favoreggiamento","robots":{"index":"index","follow":"follow","max-snippet":"max-snippet:-1","max-image-preview":"max-image-preview:large","max-video-preview":"max-video-preview:-1"},"canonical":"https:\/\/www.pressenza.com\/it\/2023\/02\/processo-iuventa-il-tribunale-di-trapani-nega-la-costituzione-di-parte-civile-per-la-presidenza-del-consiglio\/","og_locale":"it_IT","og_type":"article","og_title":"Processo Iuventa, il Tribunale di Trapani nega la costituzione di parte civile per la Presidenza del Consiglio","og_description":"Quella di oggi \u00e8 stata la sesta udienza preliminare del processo contro l'equipaggio della Iuventa e altri 17 imputati per \"favoreggiamento","og_url":"https:\/\/www.pressenza.com\/it\/2023\/02\/processo-iuventa-il-tribunale-di-trapani-nega-la-costituzione-di-parte-civile-per-la-presidenza-del-consiglio\/","og_site_name":"Pressenza","article_publisher":"https:\/\/www.facebook.com\/PressenzaItalia","article_published_time":"2023-02-25T20:06:56+00:00","og_image":[{"width":652,"height":339,"url":"https:\/\/www.pressenza.com\/wp-content\/uploads\/2023\/02\/Free-Geo-Barents-Iuventa.jpg","type":"image\/jpeg"}],"author":"Iuventa crew","twitter_card":"summary_large_image","twitter_creator":"@PressenzaIPA","twitter_site":"@PressenzaIPA","twitter_misc":{"Scritto da":"Iuventa crew","Tempo di lettura stimato":"2 minuti"},"schema":{"@context":"https:\/\/schema.org","@graph":[{"@type":"Article","@id":"https:\/\/www.pressenza.com\/it\/2023\/02\/processo-iuventa-il-tribunale-di-trapani-nega-la-costituzione-di-parte-civile-per-la-presidenza-del-consiglio\/#article","isPartOf":{"@id":"https:\/\/www.pressenza.com\/it\/2023\/02\/processo-iuventa-il-tribunale-di-trapani-nega-la-costituzione-di-parte-civile-per-la-presidenza-del-consiglio\/"},"author":{"name":"Iuventa crew","@id":"https:\/\/www.pressenza.com\/it\/#\/schema\/person\/851cb6a91eab8a746f03fab2358e3ebe"},"headline":"Processo Iuventa, il Tribunale di Trapani nega la costituzione di parte civile per la Presidenza del Consiglio","datePublished":"2023-02-25T20:06:56+00:00","mainEntityOfPage":{"@id":"https:\/\/www.pressenza.com\/it\/2023\/02\/processo-iuventa-il-tribunale-di-trapani-nega-la-costituzione-di-parte-civile-per-la-presidenza-del-consiglio\/"},"wordCount":307,"publisher":{"@id":"https:\/\/www.pressenza.com\/it\/#organization"},"image":{"@id":"https:\/\/www.pressenza.com\/it\/2023\/02\/processo-iuventa-il-tribunale-di-trapani-nega-la-costituzione-di-parte-civile-per-la-presidenza-del-consiglio\/#primaryimage"},"thumbnailUrl":"https:\/\/www.pressenza.com\/wp-content\/uploads\/2023\/02\/Free-Geo-Barents-Iuventa.jpg","keywords":["parte civile","Presidenza del Consiglio dei Ministri","processo Iuventa","salvataggi in mare","Tribunale di Trapani"],"articleSection":["Comunicati Stampa","Europa","Migranti","Politica"],"inLanguage":"it-IT"},{"@type":"WebPage","@id":"https:\/\/www.pressenza.com\/it\/2023\/02\/processo-iuventa-il-tribunale-di-trapani-nega-la-costituzione-di-parte-civile-per-la-presidenza-del-consiglio\/","url":"https:\/\/www.pressenza.com\/it\/2023\/02\/processo-iuventa-il-tribunale-di-trapani-nega-la-costituzione-di-parte-civile-per-la-presidenza-del-consiglio\/","name":"Processo Iuventa, il Tribunale di Trapani nega la costituzione di parte civile per la Presidenza del Consiglio","isPartOf":{"@id":"https:\/\/www.pressenza.com\/it\/#website"},"primaryImageOfPage":{"@id":"https:\/\/www.pressenza.com\/it\/2023\/02\/processo-iuventa-il-tribunale-di-trapani-nega-la-costituzione-di-parte-civile-per-la-presidenza-del-consiglio\/#primaryimage"},"image":{"@id":"https:\/\/www.pressenza.com\/it\/2023\/02\/processo-iuventa-il-tribunale-di-trapani-nega-la-costituzione-di-parte-civile-per-la-presidenza-del-consiglio\/#primaryimage"},"thumbnailUrl":"https:\/\/www.pressenza.com\/wp-content\/uploads\/2023\/02\/Free-Geo-Barents-Iuventa.jpg","datePublished":"2023-02-25T20:06:56+00:00","description":"Quella di oggi \u00e8 stata la sesta udienza preliminare del processo contro l'equipaggio della Iuventa e altri 17 imputati per \"favoreggiamento","breadcrumb":{"@id":"https:\/\/www.pressenza.com\/it\/2023\/02\/processo-iuventa-il-tribunale-di-trapani-nega-la-costituzione-di-parte-civile-per-la-presidenza-del-consiglio\/#breadcrumb"},"inLanguage":"it-IT","potentialAction":[{"@type":"ReadAction","target":["https:\/\/www.pressenza.com\/it\/2023\/02\/processo-iuventa-il-tribunale-di-trapani-nega-la-costituzione-di-parte-civile-per-la-presidenza-del-consiglio\/"]}]},{"@type":"ImageObject","inLanguage":"it-IT","@id":"https:\/\/www.pressenza.com\/it\/2023\/02\/processo-iuventa-il-tribunale-di-trapani-nega-la-costituzione-di-parte-civile-per-la-presidenza-del-consiglio\/#primaryimage","url":"https:\/\/www.pressenza.com\/wp-content\/uploads\/2023\/02\/Free-Geo-Barents-Iuventa.jpg","contentUrl":"https:\/\/www.pressenza.com\/wp-content\/uploads\/2023\/02\/Free-Geo-Barents-Iuventa.jpg","width":652,"height":339},{"@type":"BreadcrumbList","@id":"https:\/\/www.pressenza.com\/it\/2023\/02\/processo-iuventa-il-tribunale-di-trapani-nega-la-costituzione-di-parte-civile-per-la-presidenza-del-consiglio\/#breadcrumb","itemListElement":[{"@type":"ListItem","position":1,"name":"Accueil","item":"https:\/\/www.pressenza.com\/it\/"},{"@type":"ListItem","position":2,"name":"Processo Iuventa, il Tribunale di Trapani nega la costituzione di parte civile per la Presidenza del Consiglio"}]},{"@type":"WebSite","@id":"https:\/\/www.pressenza.com\/it\/#website","url":"https:\/\/www.pressenza.com\/it\/","name":"Pressenza","description":"Agenzia di Stampa Internazionale","publisher":{"@id":"https:\/\/www.pressenza.com\/it\/#organization"},"potentialAction":[{"@type":"SearchAction","target":{"@type":"EntryPoint","urlTemplate":"https:\/\/www.pressenza.com\/it\/?s={search_term_string}"},"query-input":{"@type":"PropertyValueSpecification","valueRequired":true,"valueName":"search_term_string"}}],"inLanguage":"it-IT"},{"@type":"Organization","@id":"https:\/\/www.pressenza.com\/it\/#organization","name":"Pressenza","url":"https:\/\/www.pressenza.com\/it\/","logo":{"@type":"ImageObject","inLanguage":"it-IT","@id":"https:\/\/www.pressenza.com\/it\/#\/schema\/logo\/image\/","url":"https:\/\/www.pressenza.com\/wp-content\/uploads\/2022\/10\/pressenza_logo_200x200.jpg","contentUrl":"https:\/\/www.pressenza.com\/wp-content\/uploads\/2022\/10\/pressenza_logo_200x200.jpg","width":200,"height":200,"caption":"Pressenza"},"image":{"@id":"https:\/\/www.pressenza.com\/it\/#\/schema\/logo\/image\/"},"sameAs":["https:\/\/www.facebook.com\/PressenzaItalia","https:\/\/x.com\/PressenzaIPA"]},{"@type":"Person","@id":"https:\/\/www.pressenza.com\/it\/#\/schema\/person\/851cb6a91eab8a746f03fab2358e3ebe","name":"Iuventa crew","url":"https:\/\/www.pressenza.com\/it\/author\/iuventa-crew\/"}]}},"place":"","original_article_url":"","_links":{"self":[{"href":"https:\/\/www.pressenza.com\/it\/wp-json\/wp\/v2\/posts\/1719970","targetHints":{"allow":["GET"]}}],"collection":[{"href":"https:\/\/www.pressenza.com\/it\/wp-json\/wp\/v2\/posts"}],"about":[{"href":"https:\/\/www.pressenza.com\/it\/wp-json\/wp\/v2\/types\/post"}],"author":[{"embeddable":true,"href":"https:\/\/www.pressenza.com\/it\/wp-json\/wp\/v2\/users\/2225"}],"replies":[{"embeddable":true,"href":"https:\/\/www.pressenza.com\/it\/wp-json\/wp\/v2\/comments?post=1719970"}],"version-history":[{"count":0,"href":"https:\/\/www.pressenza.com\/it\/wp-json\/wp\/v2\/posts\/1719970\/revisions"}],"wp:featuredmedia":[{"embeddable":true,"href":"https:\/\/www.pressenza.com\/it\/wp-json\/wp\/v2\/media\/1719971"}],"wp:attachment":[{"href":"https:\/\/www.pressenza.com\/it\/wp-json\/wp\/v2\/media?parent=1719970"}],"wp:term":[{"taxonomy":"category","embeddable":true,"href":"https:\/\/www.pressenza.com\/it\/wp-json\/wp\/v2\/categories?post=1719970"},{"taxonomy":"post_tag","embeddable":true,"href":"https:\/\/www.pressenza.com\/it\/wp-json\/wp\/v2\/tags?post=1719970"}],"curies":[{"name":"wp","href":"https:\/\/api.w.org\/{rel}","templated":true}]}}