{"id":1719706,"date":"2023-02-24T18:05:15","date_gmt":"2023-02-24T18:05:15","guid":{"rendered":"https:\/\/www.pressenza.com\/?p=1719706"},"modified":"2023-02-24T18:13:31","modified_gmt":"2023-02-24T18:13:31","slug":"la-preside-savino-non-e-sola-100-000-firme-raccolte-in-24ore-per-la-petizione-di-solidarieta","status":"publish","type":"post","link":"https:\/\/www.pressenza.com\/it\/2023\/02\/la-preside-savino-non-e-sola-100-000-firme-raccolte-in-24ore-per-la-petizione-di-solidarieta\/","title":{"rendered":"La Preside Savino non \u00e8 sola: 100.000 firme raccolte in 24ore per la petizione di solidariet\u00e0"},"content":{"rendered":"<p>Sta volando oltre le 100.000 firme dopo meno di ventiquattro ore la petizione lanciata a sostegno di Annalisa Savino, preside del Liceo Scientifico Leonardo Da Vinci di Firenze, dall\u2019Associazione Priorit\u00e0 alla scuola.<\/p>\n<p>Le minacce di provvedimenti da parte del ministro Valditara hanno suscitato un\u2019immediata solidariet\u00e0 sia fuori che dentro al mondo della scuola. Gli esponenti di Fratelli d\u2019Italia che erano rimasti zitti e muti di fronte al pestaggio davanti al Liceo Michelangiolo, non hanno invece saputo tacere di fronte alla lettera di Savino che altro non \u00e8 che un monito contro la violenza e un invito a non essere indifferenti di fronte ai fascismi e ai totalitarismi. Valditara nel minacciare provvedimenti ha affermato che \u201cNon compete a una preside, nelle sue funzioni, lanciare messaggi di questo tipo.\u201d E ha proseguito dicendo \u201cIn Italia non c\u2019\u00e8 pericolo fascista, n\u00e9 una deriva violenta e autoritaria\u201d. Anche Alfredo Antoniozzi, vice capogruppo di Fratelli d\u2019Italia alla Camera, ha superato l\u2019afasia che aveva colpito tutto il suo partito dopo l\u2019aggressione agli studenti del collettivo di sinistra, e si \u00e8 esibito nel pi\u00f9 classico benaltrismo di stampo fascista: \u00abAlla preside raccomandiamo alcune integrazioni: i novanta milioni di morti generati nel mondo dal comunismo, le foibe, le sanguinarie repressioni di Praga e Budapest, l\u2019attualit\u00e0 di una Cina in cui non esistono i diritti civili\u00bb.<\/p>\n<p>A queste parole sono seguiti i fatti con il blitz di Blocco studentesco emanazione di Casa Pound che ha lasciato di fronte al Liceo uno striscione che recitava \u201cNon ci fermer\u00e0 una circolare. Studenti liberi di lottare\u201d.<\/p>\n<p>La Preside del Da Vinci non \u00e8 stata per fortuna la sola. Anche il Liceo Pascoli con una<a href=\"https:\/\/www.liceopascoli.edu.it\/index.php\/2023\/02\/21\/questa-scuola-la-scuola-e-antifascista-sempre\/\">\u00a0lettera pubblica<\/a>\u00a0ha condannato la violenza e dato solidariet\u00e0 agli studenti aggrediti. Luca Stefani, il preside dell\u2019istituto superiore Salvemini-Duca d\u2019Aosta ha definito l\u2019aggressione \u201cazione squadristica tipica della mala pianta del fascismo\u201d, mentre il Collegio dei docenti del Michelangiolo si chiede \u201ccome mai sia consentita agibilit\u00e0 politica e disponibilit\u00e0 di spazi cittadini a movimenti e gruppi che si richiamano ancora nella teoria e nella prassi al fascismo\u201d. Nello stesso documento i docenti ricordano gli insigni allievi antifascisti di quel liceo: Piero Calamandrei, Carlo e Nello Rosselli, di Anna Maria Enriques Agnoletti. Tre su quattro morti per mano fascista, ci permettiamo di aggiungere.<\/p>\n<p>Di fronte alla comunit\u00e0 scolastica, agli attivisti che hanno sfilato contro il fascismo e all\u2019indignazione dell\u2019opinione pubblica non solo fiorentina, Azione Studentesca ha deciso di rimandare a data da destinarsi la due giorni di formazione della destra studentesca che avrebbe dovuto tenersi proprio a Firenze il 18 e il 19 marzo con il titolo fascistissimo \u2018Falange in marcia\u2019.<\/p>\n<p>Fin qui la cronaca dei fatti, ma come \u00e8 stato possibile, come giustamente si chiede il collegio dei docenti del Liceo Michelangiolo, che certi gruppi estremisti fascisti siano riusciti ad avere agibilit\u00e0 non solo in citt\u00e0 ma in tutto il paese?<\/p>\n<p>Giovanni Baldini dell\u2019ANPI, esperto di nuove destre e curatore del progetto Galassia nera ha ricordato nel corso di una recente\u00a0<a href=\"https:\/\/www.novaradio.info\/2023\/02\/20\/aggressione-squadrista-baldini-anpi-casaggi-nuovo-gruppo-egemone-ed-e-legato-a-doppio-filo-con-fdi-ascolta\/\">intervista a Novaradio<\/a>\u00a0che \u201cParlare di Azione Studentesca non \u00e8 corretto, perch\u00e9 di fatto a Firenze coincide con Casagg\u00ec, perch\u00e9 le persone sono le stesse. E Casagg\u00ec \u00e8 il gruppo che la egemonizza con la rappresentanza di Fratelli d\u2019Italia. Su 5 consiglieri di quartiere di FdI a Firenze, ben 4 sono militanti di Casagg\u00ec. Dei 2 consiglieri comunali, il capogruppo di FdI Alessandro Draghi \u00e8 di Casagg\u00ec e il capogruppo in consiglio regionale, Francesco Torselli, sono due dei fondatori di Casagg\u00ec.<\/p>\n<p>Ma aggiunge anche che appesi alle pareti di Casagg\u00ec vi sono tra i padri ispiratori Alessandro Pavolini e alti ufficiali delle SS, non solo, sul loro sito parlano di \u2018patria che si basa sul sangue della stirpe\u2019 e citano passi del giuramento delle SS. Una realt\u00e0 quindi che non nasconde di ispirarsi al fascismo e addirittura al neonazismo.<\/p>\n<p>Di fronte a tutto questo per\u00f2 non possiamo non porci il problema della memoria non condivisa di questo paese che fin dal 25 Aprile 1945 si \u00e8 trovato a non chiudere i conti con il suo passato fascista.\u00a0Sappiamo bene come i fascisti siano rimasti dentro le istituzioni democratiche italiane, ricordiamo quando Sandro Pertini poco dopo la strage di Piazza Fontana, incontr\u00f2 a Milano l\u2019allora questore Marcello Guida, e si rifiut\u00f2 pubblicamente di stringergli la mano, poich\u00e9 era stato il direttore del carcere di Ventotene dove lo stesso Pertini era stato detenuto.<\/p>\n<p>Come possiamo dimenticare che dietro tutte le stragi di stato che hanno devastato l\u2019Italia e fatto centinaia di morti da piazza Fontana alla Stazione di Bologna c\u2019era la mano fascista? Eppure, dopo la caduta del muro, una parte del centro-sinistra rimosse tutto questo in una sorta di pacificazione nazionale dove partigiani e ragazzi di Sal\u00f2 erano da equiparare, come per Luciano Violante. Quei ragazzi e ragazze di Sal\u00f2 per\u00f2 avevano contribuito a torturare e uccidere gli antifascisti e a perpetrare, insieme ai nazisti, strage ignobili di vecchi, donne e bambini inermi come a Marzabotto e Sant\u2019Anna di Stazzema. Anche per quelle stragi alla faccia della giustizia non pag\u00f2 mai nessuno, visto che i documenti furono nascosti in un armadio con le ante rivolte verso il muro perch\u00e9 nessuno l\u2019aprisse.<\/p>\n<p>Ecco che le aggressioni agli studenti dei collettivi di sinistra, le minacce di Valditara \u2013 che deve dimettersi da Ministro di una Repubblica nata dalla Resistenza \u2013 alla preside di un liceo insieme ai tentativi di questo governo di cambiare la storia e il modo in cui la si racconta nelle scuole si inseriscono in questo percorso che dal Ventennio arriva fino all\u2019oggi.<\/p>\n<p>Occorre vigilare su qualsiasi riscrittura della storia, occorre opporsi alla logica degli opposti estremismi, perch\u00e9 di estremismo ce n\u2019\u00e8 uno solo ed \u00e8 quello fascista. E sciogliere i gruppi che si richiamano al partito fascista, come da tempo si richiede a pi\u00f9 voci. C\u2019\u00e8 solo una parte giusta della storia dove stare, quella dell\u2019antifascismo.<\/p>\n<h6><a class=\"url fn n\" title=\"Visualizza tutti gli articoli di perUnaltracitt\u00e0\" href=\"https:\/\/www.perunaltracitta.org\/homepage\/author\/perunaltracitta\/\" rel=\"author\"><span class=\"author-name\">perUnaltracitt\u00e0<\/span>\u00a0<\/a><\/h6>\n","protected":false},"excerpt":{"rendered":"<p>Sta volando oltre le 100.000 firme dopo meno di ventiquattro ore la petizione lanciata a sostegno di Annalisa Savino, preside del Liceo Scientifico Leonardo Da Vinci di Firenze, dall\u2019Associazione Priorit\u00e0 alla scuola. Le minacce di provvedimenti da parte del ministro&hellip;<\/p>\n","protected":false},"author":908,"featured_media":1719710,"comment_status":"closed","ping_status":"closed","sticky":false,"template":"","format":"standard","meta":{"footnotes":""},"categories":[56,1258,46975,1262,162],"tags":[3467,110409,110410,110408],"class_list":["post-1719706","post","type-post","status-publish","format-standard","has-post-thumbnail","hentry","category-cultura","category-educazione","category-giovani","category-nonviolenza-argomento","category-opinioni","tag-antifascismo","tag-dimissioni-valditara","tag-sciogliere-le-bande-fasciste-applicare-la-costituzione","tag-solidarieta-ad-annalisa-savino"],"yoast_head":"<!-- This site is optimized with the Yoast SEO plugin v27.1.1 - https:\/\/yoast.com\/product\/yoast-seo-wordpress\/ -->\n<title>La Preside Savino non \u00e8 sola: 100.000 firme raccolte in 24ore per la petizione di solidariet\u00e0<\/title>\n<meta name=\"description\" content=\"Sta volando oltre le 100.000 firme dopo meno di ventiquattro ore la petizione lanciata a sostegno di Annalisa Savino, preside del Liceo Scientifico\" \/>\n<meta name=\"robots\" content=\"index, follow, max-snippet:-1, max-image-preview:large, max-video-preview:-1\" \/>\n<link rel=\"canonical\" href=\"https:\/\/www.pressenza.com\/it\/2023\/02\/la-preside-savino-non-e-sola-100-000-firme-raccolte-in-24ore-per-la-petizione-di-solidarieta\/\" \/>\n<meta property=\"og:locale\" content=\"it_IT\" \/>\n<meta property=\"og:type\" content=\"article\" \/>\n<meta property=\"og:title\" content=\"La Preside Savino non \u00e8 sola: 100.000 firme raccolte in 24ore per la petizione di solidariet\u00e0\" \/>\n<meta property=\"og:description\" content=\"Sta volando oltre le 100.000 firme dopo meno di ventiquattro ore la petizione lanciata a sostegno di Annalisa Savino, preside del Liceo Scientifico\" \/>\n<meta property=\"og:url\" content=\"https:\/\/www.pressenza.com\/it\/2023\/02\/la-preside-savino-non-e-sola-100-000-firme-raccolte-in-24ore-per-la-petizione-di-solidarieta\/\" \/>\n<meta property=\"og:site_name\" content=\"Pressenza\" \/>\n<meta property=\"article:publisher\" content=\"https:\/\/www.facebook.com\/PressenzaItalia\" \/>\n<meta property=\"article:published_time\" content=\"2023-02-24T18:05:15+00:00\" \/>\n<meta property=\"article:modified_time\" content=\"2023-02-24T18:13:31+00:00\" \/>\n<meta property=\"og:image\" content=\"https:\/\/www.pressenza.com\/wp-content\/uploads\/2023\/02\/a8b5e5d3-0005-4f66-9aa6-20e9add8c6fe.jpeg\" \/>\n\t<meta property=\"og:image:width\" content=\"1076\" \/>\n\t<meta property=\"og:image:height\" content=\"486\" \/>\n\t<meta property=\"og:image:type\" content=\"image\/jpeg\" \/>\n<meta name=\"author\" content=\"Per Un&#039;Altra Citt\u00e0\" \/>\n<meta name=\"twitter:card\" content=\"summary_large_image\" \/>\n<meta name=\"twitter:creator\" content=\"@PressenzaIPA\" \/>\n<meta name=\"twitter:site\" content=\"@PressenzaIPA\" \/>\n<meta name=\"twitter:label1\" content=\"Scritto da\" \/>\n\t<meta name=\"twitter:data1\" content=\"Per Un&#039;Altra Citt\u00e0\" \/>\n\t<meta name=\"twitter:label2\" content=\"Tempo di lettura stimato\" \/>\n\t<meta name=\"twitter:data2\" content=\"6 minuti\" \/>\n<script type=\"application\/ld+json\" class=\"yoast-schema-graph\">{\"@context\":\"https:\/\/schema.org\",\"@graph\":[{\"@type\":\"Article\",\"@id\":\"https:\/\/www.pressenza.com\/it\/2023\/02\/la-preside-savino-non-e-sola-100-000-firme-raccolte-in-24ore-per-la-petizione-di-solidarieta\/#article\",\"isPartOf\":{\"@id\":\"https:\/\/www.pressenza.com\/it\/2023\/02\/la-preside-savino-non-e-sola-100-000-firme-raccolte-in-24ore-per-la-petizione-di-solidarieta\/\"},\"author\":{\"name\":\"Per Un'Altra Citt\u00e0\",\"@id\":\"https:\/\/www.pressenza.com\/it\/#\/schema\/person\/8a889880adf4f5530e4a3b7470e5e299\"},\"headline\":\"La Preside Savino non \u00e8 sola: 100.000 firme raccolte in 24ore per la petizione di solidariet\u00e0\",\"datePublished\":\"2023-02-24T18:05:15+00:00\",\"dateModified\":\"2023-02-24T18:13:31+00:00\",\"mainEntityOfPage\":{\"@id\":\"https:\/\/www.pressenza.com\/it\/2023\/02\/la-preside-savino-non-e-sola-100-000-firme-raccolte-in-24ore-per-la-petizione-di-solidarieta\/\"},\"wordCount\":986,\"publisher\":{\"@id\":\"https:\/\/www.pressenza.com\/it\/#organization\"},\"image\":{\"@id\":\"https:\/\/www.pressenza.com\/it\/2023\/02\/la-preside-savino-non-e-sola-100-000-firme-raccolte-in-24ore-per-la-petizione-di-solidarieta\/#primaryimage\"},\"thumbnailUrl\":\"https:\/\/www.pressenza.com\/wp-content\/uploads\/2023\/02\/a8b5e5d3-0005-4f66-9aa6-20e9add8c6fe.jpeg\",\"keywords\":[\"antifascismo\",\"Dimissioni Valditara\",\"sciogliere le bande fasciste applicare la costituzione\",\"Solidariet\u00e0 ad Annalisa Savino\"],\"articleSection\":[\"Cultura e Media\",\"Educazione\",\"Giovani\",\"Nonviolenza\",\"Opinioni\"],\"inLanguage\":\"it-IT\"},{\"@type\":\"WebPage\",\"@id\":\"https:\/\/www.pressenza.com\/it\/2023\/02\/la-preside-savino-non-e-sola-100-000-firme-raccolte-in-24ore-per-la-petizione-di-solidarieta\/\",\"url\":\"https:\/\/www.pressenza.com\/it\/2023\/02\/la-preside-savino-non-e-sola-100-000-firme-raccolte-in-24ore-per-la-petizione-di-solidarieta\/\",\"name\":\"La Preside Savino non \u00e8 sola: 100.000 firme raccolte in 24ore per la petizione di solidariet\u00e0\",\"isPartOf\":{\"@id\":\"https:\/\/www.pressenza.com\/it\/#website\"},\"primaryImageOfPage\":{\"@id\":\"https:\/\/www.pressenza.com\/it\/2023\/02\/la-preside-savino-non-e-sola-100-000-firme-raccolte-in-24ore-per-la-petizione-di-solidarieta\/#primaryimage\"},\"image\":{\"@id\":\"https:\/\/www.pressenza.com\/it\/2023\/02\/la-preside-savino-non-e-sola-100-000-firme-raccolte-in-24ore-per-la-petizione-di-solidarieta\/#primaryimage\"},\"thumbnailUrl\":\"https:\/\/www.pressenza.com\/wp-content\/uploads\/2023\/02\/a8b5e5d3-0005-4f66-9aa6-20e9add8c6fe.jpeg\",\"datePublished\":\"2023-02-24T18:05:15+00:00\",\"dateModified\":\"2023-02-24T18:13:31+00:00\",\"description\":\"Sta volando oltre le 100.000 firme dopo meno di ventiquattro ore la petizione lanciata a sostegno di Annalisa Savino, preside del Liceo Scientifico\",\"breadcrumb\":{\"@id\":\"https:\/\/www.pressenza.com\/it\/2023\/02\/la-preside-savino-non-e-sola-100-000-firme-raccolte-in-24ore-per-la-petizione-di-solidarieta\/#breadcrumb\"},\"inLanguage\":\"it-IT\",\"potentialAction\":[{\"@type\":\"ReadAction\",\"target\":[\"https:\/\/www.pressenza.com\/it\/2023\/02\/la-preside-savino-non-e-sola-100-000-firme-raccolte-in-24ore-per-la-petizione-di-solidarieta\/\"]}]},{\"@type\":\"ImageObject\",\"inLanguage\":\"it-IT\",\"@id\":\"https:\/\/www.pressenza.com\/it\/2023\/02\/la-preside-savino-non-e-sola-100-000-firme-raccolte-in-24ore-per-la-petizione-di-solidarieta\/#primaryimage\",\"url\":\"https:\/\/www.pressenza.com\/wp-content\/uploads\/2023\/02\/a8b5e5d3-0005-4f66-9aa6-20e9add8c6fe.jpeg\",\"contentUrl\":\"https:\/\/www.pressenza.com\/wp-content\/uploads\/2023\/02\/a8b5e5d3-0005-4f66-9aa6-20e9add8c6fe.jpeg\",\"width\":1076,\"height\":486},{\"@type\":\"BreadcrumbList\",\"@id\":\"https:\/\/www.pressenza.com\/it\/2023\/02\/la-preside-savino-non-e-sola-100-000-firme-raccolte-in-24ore-per-la-petizione-di-solidarieta\/#breadcrumb\",\"itemListElement\":[{\"@type\":\"ListItem\",\"position\":1,\"name\":\"Accueil\",\"item\":\"https:\/\/www.pressenza.com\/it\/\"},{\"@type\":\"ListItem\",\"position\":2,\"name\":\"La Preside Savino non \u00e8 sola: 100.000 firme raccolte in 24ore per la petizione di solidariet\u00e0\"}]},{\"@type\":\"WebSite\",\"@id\":\"https:\/\/www.pressenza.com\/it\/#website\",\"url\":\"https:\/\/www.pressenza.com\/it\/\",\"name\":\"Pressenza\",\"description\":\"Agenzia di Stampa Internazionale\",\"publisher\":{\"@id\":\"https:\/\/www.pressenza.com\/it\/#organization\"},\"potentialAction\":[{\"@type\":\"SearchAction\",\"target\":{\"@type\":\"EntryPoint\",\"urlTemplate\":\"https:\/\/www.pressenza.com\/it\/?s={search_term_string}\"},\"query-input\":{\"@type\":\"PropertyValueSpecification\",\"valueRequired\":true,\"valueName\":\"search_term_string\"}}],\"inLanguage\":\"it-IT\"},{\"@type\":\"Organization\",\"@id\":\"https:\/\/www.pressenza.com\/it\/#organization\",\"name\":\"Pressenza\",\"url\":\"https:\/\/www.pressenza.com\/it\/\",\"logo\":{\"@type\":\"ImageObject\",\"inLanguage\":\"it-IT\",\"@id\":\"https:\/\/www.pressenza.com\/it\/#\/schema\/logo\/image\/\",\"url\":\"https:\/\/www.pressenza.com\/wp-content\/uploads\/2022\/10\/pressenza_logo_200x200.jpg\",\"contentUrl\":\"https:\/\/www.pressenza.com\/wp-content\/uploads\/2022\/10\/pressenza_logo_200x200.jpg\",\"width\":200,\"height\":200,\"caption\":\"Pressenza\"},\"image\":{\"@id\":\"https:\/\/www.pressenza.com\/it\/#\/schema\/logo\/image\/\"},\"sameAs\":[\"https:\/\/www.facebook.com\/PressenzaItalia\",\"https:\/\/x.com\/PressenzaIPA\"]},{\"@type\":\"Person\",\"@id\":\"https:\/\/www.pressenza.com\/it\/#\/schema\/person\/8a889880adf4f5530e4a3b7470e5e299\",\"name\":\"Per Un'Altra Citt\u00e0\",\"description\":\"Lista di cittadinanza a Firenze\",\"sameAs\":[\"http:\/\/www.perunaltracitta.org\"],\"url\":\"https:\/\/www.pressenza.com\/it\/author\/per-un-altra-citta\/\"}]}<\/script>\n<!-- \/ Yoast SEO plugin. -->","yoast_head_json":{"title":"La Preside Savino non \u00e8 sola: 100.000 firme raccolte in 24ore per la petizione di solidariet\u00e0","description":"Sta volando oltre le 100.000 firme dopo meno di ventiquattro ore la petizione lanciata a sostegno di Annalisa Savino, preside del Liceo Scientifico","robots":{"index":"index","follow":"follow","max-snippet":"max-snippet:-1","max-image-preview":"max-image-preview:large","max-video-preview":"max-video-preview:-1"},"canonical":"https:\/\/www.pressenza.com\/it\/2023\/02\/la-preside-savino-non-e-sola-100-000-firme-raccolte-in-24ore-per-la-petizione-di-solidarieta\/","og_locale":"it_IT","og_type":"article","og_title":"La Preside Savino non \u00e8 sola: 100.000 firme raccolte in 24ore per la petizione di solidariet\u00e0","og_description":"Sta volando oltre le 100.000 firme dopo meno di ventiquattro ore la petizione lanciata a sostegno di Annalisa Savino, preside del Liceo Scientifico","og_url":"https:\/\/www.pressenza.com\/it\/2023\/02\/la-preside-savino-non-e-sola-100-000-firme-raccolte-in-24ore-per-la-petizione-di-solidarieta\/","og_site_name":"Pressenza","article_publisher":"https:\/\/www.facebook.com\/PressenzaItalia","article_published_time":"2023-02-24T18:05:15+00:00","article_modified_time":"2023-02-24T18:13:31+00:00","og_image":[{"width":1076,"height":486,"url":"https:\/\/www.pressenza.com\/wp-content\/uploads\/2023\/02\/a8b5e5d3-0005-4f66-9aa6-20e9add8c6fe.jpeg","type":"image\/jpeg"}],"author":"Per Un'Altra Citt\u00e0","twitter_card":"summary_large_image","twitter_creator":"@PressenzaIPA","twitter_site":"@PressenzaIPA","twitter_misc":{"Scritto da":"Per Un'Altra Citt\u00e0","Tempo di lettura stimato":"6 minuti"},"schema":{"@context":"https:\/\/schema.org","@graph":[{"@type":"Article","@id":"https:\/\/www.pressenza.com\/it\/2023\/02\/la-preside-savino-non-e-sola-100-000-firme-raccolte-in-24ore-per-la-petizione-di-solidarieta\/#article","isPartOf":{"@id":"https:\/\/www.pressenza.com\/it\/2023\/02\/la-preside-savino-non-e-sola-100-000-firme-raccolte-in-24ore-per-la-petizione-di-solidarieta\/"},"author":{"name":"Per Un'Altra Citt\u00e0","@id":"https:\/\/www.pressenza.com\/it\/#\/schema\/person\/8a889880adf4f5530e4a3b7470e5e299"},"headline":"La Preside Savino non \u00e8 sola: 100.000 firme raccolte in 24ore per la petizione di solidariet\u00e0","datePublished":"2023-02-24T18:05:15+00:00","dateModified":"2023-02-24T18:13:31+00:00","mainEntityOfPage":{"@id":"https:\/\/www.pressenza.com\/it\/2023\/02\/la-preside-savino-non-e-sola-100-000-firme-raccolte-in-24ore-per-la-petizione-di-solidarieta\/"},"wordCount":986,"publisher":{"@id":"https:\/\/www.pressenza.com\/it\/#organization"},"image":{"@id":"https:\/\/www.pressenza.com\/it\/2023\/02\/la-preside-savino-non-e-sola-100-000-firme-raccolte-in-24ore-per-la-petizione-di-solidarieta\/#primaryimage"},"thumbnailUrl":"https:\/\/www.pressenza.com\/wp-content\/uploads\/2023\/02\/a8b5e5d3-0005-4f66-9aa6-20e9add8c6fe.jpeg","keywords":["antifascismo","Dimissioni Valditara","sciogliere le bande fasciste applicare la costituzione","Solidariet\u00e0 ad Annalisa Savino"],"articleSection":["Cultura e Media","Educazione","Giovani","Nonviolenza","Opinioni"],"inLanguage":"it-IT"},{"@type":"WebPage","@id":"https:\/\/www.pressenza.com\/it\/2023\/02\/la-preside-savino-non-e-sola-100-000-firme-raccolte-in-24ore-per-la-petizione-di-solidarieta\/","url":"https:\/\/www.pressenza.com\/it\/2023\/02\/la-preside-savino-non-e-sola-100-000-firme-raccolte-in-24ore-per-la-petizione-di-solidarieta\/","name":"La Preside Savino non \u00e8 sola: 100.000 firme raccolte in 24ore per la petizione di solidariet\u00e0","isPartOf":{"@id":"https:\/\/www.pressenza.com\/it\/#website"},"primaryImageOfPage":{"@id":"https:\/\/www.pressenza.com\/it\/2023\/02\/la-preside-savino-non-e-sola-100-000-firme-raccolte-in-24ore-per-la-petizione-di-solidarieta\/#primaryimage"},"image":{"@id":"https:\/\/www.pressenza.com\/it\/2023\/02\/la-preside-savino-non-e-sola-100-000-firme-raccolte-in-24ore-per-la-petizione-di-solidarieta\/#primaryimage"},"thumbnailUrl":"https:\/\/www.pressenza.com\/wp-content\/uploads\/2023\/02\/a8b5e5d3-0005-4f66-9aa6-20e9add8c6fe.jpeg","datePublished":"2023-02-24T18:05:15+00:00","dateModified":"2023-02-24T18:13:31+00:00","description":"Sta volando oltre le 100.000 firme dopo meno di ventiquattro ore la petizione lanciata a sostegno di Annalisa Savino, preside del Liceo Scientifico","breadcrumb":{"@id":"https:\/\/www.pressenza.com\/it\/2023\/02\/la-preside-savino-non-e-sola-100-000-firme-raccolte-in-24ore-per-la-petizione-di-solidarieta\/#breadcrumb"},"inLanguage":"it-IT","potentialAction":[{"@type":"ReadAction","target":["https:\/\/www.pressenza.com\/it\/2023\/02\/la-preside-savino-non-e-sola-100-000-firme-raccolte-in-24ore-per-la-petizione-di-solidarieta\/"]}]},{"@type":"ImageObject","inLanguage":"it-IT","@id":"https:\/\/www.pressenza.com\/it\/2023\/02\/la-preside-savino-non-e-sola-100-000-firme-raccolte-in-24ore-per-la-petizione-di-solidarieta\/#primaryimage","url":"https:\/\/www.pressenza.com\/wp-content\/uploads\/2023\/02\/a8b5e5d3-0005-4f66-9aa6-20e9add8c6fe.jpeg","contentUrl":"https:\/\/www.pressenza.com\/wp-content\/uploads\/2023\/02\/a8b5e5d3-0005-4f66-9aa6-20e9add8c6fe.jpeg","width":1076,"height":486},{"@type":"BreadcrumbList","@id":"https:\/\/www.pressenza.com\/it\/2023\/02\/la-preside-savino-non-e-sola-100-000-firme-raccolte-in-24ore-per-la-petizione-di-solidarieta\/#breadcrumb","itemListElement":[{"@type":"ListItem","position":1,"name":"Accueil","item":"https:\/\/www.pressenza.com\/it\/"},{"@type":"ListItem","position":2,"name":"La Preside Savino non \u00e8 sola: 100.000 firme raccolte in 24ore per la petizione di solidariet\u00e0"}]},{"@type":"WebSite","@id":"https:\/\/www.pressenza.com\/it\/#website","url":"https:\/\/www.pressenza.com\/it\/","name":"Pressenza","description":"Agenzia di Stampa Internazionale","publisher":{"@id":"https:\/\/www.pressenza.com\/it\/#organization"},"potentialAction":[{"@type":"SearchAction","target":{"@type":"EntryPoint","urlTemplate":"https:\/\/www.pressenza.com\/it\/?s={search_term_string}"},"query-input":{"@type":"PropertyValueSpecification","valueRequired":true,"valueName":"search_term_string"}}],"inLanguage":"it-IT"},{"@type":"Organization","@id":"https:\/\/www.pressenza.com\/it\/#organization","name":"Pressenza","url":"https:\/\/www.pressenza.com\/it\/","logo":{"@type":"ImageObject","inLanguage":"it-IT","@id":"https:\/\/www.pressenza.com\/it\/#\/schema\/logo\/image\/","url":"https:\/\/www.pressenza.com\/wp-content\/uploads\/2022\/10\/pressenza_logo_200x200.jpg","contentUrl":"https:\/\/www.pressenza.com\/wp-content\/uploads\/2022\/10\/pressenza_logo_200x200.jpg","width":200,"height":200,"caption":"Pressenza"},"image":{"@id":"https:\/\/www.pressenza.com\/it\/#\/schema\/logo\/image\/"},"sameAs":["https:\/\/www.facebook.com\/PressenzaItalia","https:\/\/x.com\/PressenzaIPA"]},{"@type":"Person","@id":"https:\/\/www.pressenza.com\/it\/#\/schema\/person\/8a889880adf4f5530e4a3b7470e5e299","name":"Per Un'Altra Citt\u00e0","description":"Lista di cittadinanza a Firenze","sameAs":["http:\/\/www.perunaltracitta.org"],"url":"https:\/\/www.pressenza.com\/it\/author\/per-un-altra-citta\/"}]}},"place":"","original_article_url":"","_links":{"self":[{"href":"https:\/\/www.pressenza.com\/it\/wp-json\/wp\/v2\/posts\/1719706","targetHints":{"allow":["GET"]}}],"collection":[{"href":"https:\/\/www.pressenza.com\/it\/wp-json\/wp\/v2\/posts"}],"about":[{"href":"https:\/\/www.pressenza.com\/it\/wp-json\/wp\/v2\/types\/post"}],"author":[{"embeddable":true,"href":"https:\/\/www.pressenza.com\/it\/wp-json\/wp\/v2\/users\/908"}],"replies":[{"embeddable":true,"href":"https:\/\/www.pressenza.com\/it\/wp-json\/wp\/v2\/comments?post=1719706"}],"version-history":[{"count":0,"href":"https:\/\/www.pressenza.com\/it\/wp-json\/wp\/v2\/posts\/1719706\/revisions"}],"wp:featuredmedia":[{"embeddable":true,"href":"https:\/\/www.pressenza.com\/it\/wp-json\/wp\/v2\/media\/1719710"}],"wp:attachment":[{"href":"https:\/\/www.pressenza.com\/it\/wp-json\/wp\/v2\/media?parent=1719706"}],"wp:term":[{"taxonomy":"category","embeddable":true,"href":"https:\/\/www.pressenza.com\/it\/wp-json\/wp\/v2\/categories?post=1719706"},{"taxonomy":"post_tag","embeddable":true,"href":"https:\/\/www.pressenza.com\/it\/wp-json\/wp\/v2\/tags?post=1719706"}],"curies":[{"name":"wp","href":"https:\/\/api.w.org\/{rel}","templated":true}]}}