{"id":1718369,"date":"2023-02-18T08:03:32","date_gmt":"2023-02-18T08:03:32","guid":{"rendered":"https:\/\/www.pressenza.com\/?p=1718369"},"modified":"2023-02-18T08:03:32","modified_gmt":"2023-02-18T08:03:32","slug":"intervista-a-sandro-ruotolo-portavoce-di-elly-schlein-in-campania","status":"publish","type":"post","link":"https:\/\/www.pressenza.com\/it\/2023\/02\/intervista-a-sandro-ruotolo-portavoce-di-elly-schlein-in-campania\/","title":{"rendered":"Intervista a Sandro Ruotolo, portavoce di Elly Schlein in Campania"},"content":{"rendered":"<p>Domenica 5 febbraio, con il voto nei circoli, ha avuto inizio <a href=\"https:\/\/tg24.sky.it\/politica\/approfondimenti\/primarie-pd-tappe\" target=\"_blank\" rel=\"noreferrer noopener\">il percorso<\/a> che condurr\u00e0 alle <strong>Primarie del Partito Democratico<\/strong>, in programma il prossimo 26 febbraio, quando verr\u00e0 scelto il nome del nuovo Segretario. I quattro candidati che si contendono la leadership del partito, attualmente ricoperta dal segretario uscente Enrico Letta, sono i seguenti: <strong>Stefano Bonaccini, Elly Schlein, Paola De Micheli e Gianni Cuperlo<\/strong>. Secondo <a href=\"https:\/\/tg24.sky.it\/politica\/2023\/01\/24\/primarie-pd-sondaggio\" target=\"_blank\" rel=\"noreferrer noopener\">il sondaggio<\/a> di <em>Emg-Different<\/em>, i primi due candidati sono nettamente favoriti, con ampio distacco: Bonaccini ha fatto registrare il 44% delle preferenze, mentre il gradimento di Schlein si \u00e8 assestato intorno al 24%. Se Bonaccini \u00e8 gi\u00e0 mediaticamente noto per aver ricoperto la carica di Presidente della Regione Emilia-Romagna, la deputata <strong>Elly Schlein<\/strong> rappresenta la vera novit\u00e0 di queste primarie. Per comprendere le peculiarit\u00e0 di questa candidatura per la segreteria del PD, abbiamo intervistato il senatore uscente e giornalista <strong>Sandro Ruotolo<\/strong>, portavoce campano per la mozione a sostegno di Elly Schlein.<\/p>\n<p><strong>Nel caso dovesse vincere le primarie, cosa dobbiamo aspettarci da Elly Schlein come Segretaria del Partito Democratico? Dottor Ruotolo, quali saranno le principali tematiche su cui ricostruire l\u2019identit\u00e0 del partito?<\/strong><\/p>\n<p><em>\u00abSicuramente c\u2019\u00e8 la riduzione delle diseguaglianze, dei diritti sociali e diritti civili che camminano di pari passo. Lei in questo momento rappresenta certamente la novit\u00e0 nella politica italiana. Lei \u00e8 figlia degli anni 2000, di questo secolo qui, visto che nel 2000 aveva 15 anni. \u00c9 di questa sinistra moderna, di oggi, che ha a che fare con i cambiamenti climatici, con la transizione ecologica, con la povert\u00e0 nel lavoro, con il precariato, con la povert\u00e0 che oramai affrontano circa 5-6 milioni di cittadini. Con lei ci sar\u00e0 la svolta, ci deve essere la svolta perch\u00e9 la sconfitta del 25 settembre non \u00e8 una delle tante sconfitte del Partito Democratico, ma \u00e8 un punto di non ritorno. Quindi o si cambia oppure si rischia di scomparire\u00bb<\/em>.<\/p>\n<p><strong>Lei ritiene che Elly Schlein\u00a0possa essere la persona giusta per dare una risposta collettiva alla crisi del Partito Democratico?\u00a0Di conseguenza, dottor Ruotolo da<\/strong> <strong>quale modello ripartir\u00e0 Elly Schlein per ridare credibilit\u00e0 al partito?<\/strong><\/p>\n<p><em>\u00abSecondo me, lei \u00e8 l\u2019unica che pu\u00f2 dare questa scossa. Il modello deve cambiare, il partito deve aprirsi ai territori. La politica non c\u2019\u00e8 pi\u00f9 sui territori, oggi i circoli sono completamente vuoti. Se non ci fosse il terzo settore, le associazioni della societ\u00e0 civile, queste nostre citt\u00e0 sarebbero morte. Io vedo la mia realt\u00e0 che \u00e8 Napoli, dove per fortuna l\u2019associazionismo \u00e8 vivo nei cosiddetti \u201cquartieri a rischio\u201d, mentre le sezioni di partito non esistono sui territori. Questo \u00e8 un discorso che riguarda certamente il Partito Democratico, ma riguarda anche tutto il campo progressista. Anche il Movimento 5 Stelle non l\u2019ho mai visto sul territorio, poi certamente hanno lanciato la proposta chiara e semplice del reddito di cittadinanza e hanno conquistato la maggioranza sui territori napoletani. Mi riferisco ai territori dove c\u2019\u00e8 il tema della vivibilit\u00e0, della qualit\u00e0 della vita, penso al tema della camorra che \u00e8 oppressiva sul territorio in cui non esistono i partiti. Dunque dobbiamo ripartire da qui, con un bagno di umilt\u00e0 dobbiamo lasciare le ZTL e camminare all\u2019interno del nostro Paese, in queste nostre citt\u00e0, in queste nostre periferie, dove c\u2019\u00e8 sofferenza. Da l\u00ec bisogna ripartire e cambiare. Quello che accade nel Partito Democratico con questo congresso non \u00e8 una questione che riguarda soltanto il Partito Democratico ma tutti, tutto il campo democratico e progressista. Oggi c\u2019\u00e8 un governo di destra, e quindi dove c\u2019\u00e8 la destra ci deve stare anche la sinistra all\u2019opposizione. Pertanto, bisogna ricostruire la sinistra\u00bb<\/em>.<\/p>\n<p><strong>Dottor Ruotolo<\/strong>, <strong>cosa significherebbe per il Partito Democratico avere una donna come Segretaria? Potrebbe essere Elly Schlein il modello di donna da contrapporre a quello promosso da Giorgia Meloni?<\/strong><\/p>\n<p><em>\u00abAssolutamente si! \u201cSperiamo che sia femmina\u201d \u00e8 il titolo di un bellissimo film degli anni \u201980.<\/em> <em>Lei \u00e8 una donna che non \u00e8 solo donna ma fa una politica per le donne, cosa che non fa la Meloni. Io penso che Elly porta una carica di novit\u00e0 rispetto non soltanto alla lotta alle diseguaglianze anagrafiche e territoriali, ma anche al tema di diritti di genere. Da questo punto di vista, rappresenta veramente la novit\u00e0 poich\u00e9 \u00e8 l\u2019unica che parla di questo tra i quattro candidati, ed \u00e8 anche l\u2019unica che parla con il mondo dei giovani, con le nuove generazioni\u00bb<\/em>.<\/p>\n<p><strong>Lei ritiene che Enrico Letta sia il principale responsabile del disastro elettorale del Partito Democratico? <\/strong><strong>Dottor Ruotolo,<\/strong> <strong>quale \u00e8 la sua opinione in merito agli altri candidati alla Segreteria del Partito Democratico?<\/strong><\/p>\n<p><em>\u00abIo dico che in questo momento abbiamo 3 settimane d\u2019avanti e dobbiamo fare di tutto perch\u00e9 vinca Elly Schlein. Sicuramente Bonaccini non \u00e8 la novit\u00e0 che serve, come non \u00e8 la novit\u00e0 neanche Gianni Cuperlo o Paola De Micheli. Per amor del cielo, queste sono tutte persone stimabili ma rappresentano il gruppo dirigente del Partito Democratico. Quel partito che ha perso milioni di voti negli ultimi 10 anni, credo 5-6 milioni di voti. \u00c8 facile ora addossare la responsabilit\u00e0 del tracollo a Enrico Letta, per\u00f2 le scelte fatte da Letta sono state condivise dai gruppi dirigenti del Partito Democratico. Elly Schlein non stava in questi gruppi dirigenti, questo \u00e8 il punto. Allora ci vuole coerenza e ci vogliono novit\u00e0. Dopo di che \u00e8 chiaro che io mi batto e noi ci battiamo perch\u00e9 venga sconfitta questa destra che oggi \u00e8 al governo. Quindi hai bisogno di unit\u00e0, hai bisogno di programmi comuni, hai bisogno di allargare lo schieramento. Non puoi pensare soltanto al ceto politico, ma devi pensare alla societ\u00e0 civile. Da questo punto di vista, la presenza sia di indipendenti e sia di esponenti della societ\u00e0 civile nel comitato nazionale che ha scritto il nuovo Manifesto dei valori, \u00e8 stata fondamentale. Questo congresso deve perci\u00f2 rappresentare uno spartiacque\u00bb<\/em>.<\/p>\n<p><strong>Cambiando discorso, le chiedo infine<\/strong> <strong>come giudica fino<\/strong> <strong>ad ora l\u2019operato del sindaco Manfredi? Dottor Ruotolo, cosa occorre per amministrare una citt\u00e0 ricca di problematiche e contraddizioni, come quella partenopea, attraverso una fase storica come quella che stiamo attraversando?<\/strong><\/p>\n<p><em>\u00abNapoli ha bisogno di tante altre cose perch\u00e9 \u00e8 una citt\u00e0 piena di talenti e di risorse, \u00e8 una citt\u00e0 splendida. Ma lui si \u00e8 insediato oramai da pi\u00f9 di 1 anno ed ha trovato il disastro, la bancarotta, cos\u00ec \u00e8 dovuto ripartire dal \u201cPatto per Napoli\u201d con una richiesta di soldi a Roma. Piano piano si incominciano a vedere i risultati\u00bb<\/em>.<\/p>\n<p>Dall\u2019intervista a Sandro Ruotolo possiamo adesso capire meglio a cosa fa riferimento lo slogan <em><strong>\u201cParte da noi!\u201d<\/strong><\/em>, che sta caratterizzando la campagna della deputata Elly Schlein nella corsa alla segreteria del Partito Democratico<em>.<\/em> Una frase incisiva e sintetica, che intende agire come <em>magic bullet<\/em> per trasmettere una <a href=\"https:\/\/study.com\/learn\/lesson\/magic-bullet-hypodermic-needle-theory-overview-effects.html\" target=\"_blank\" rel=\"noreferrer noopener\">nuova idea<\/a> di partito a ogni suo iscritto, producendo cos\u00ec l\u2019effetto desiderato e uniforme su ogni persona che lo ascolta. Lo scopo principale di Schlein \u00e8 infatti quello di costruire un partito che riconosca <strong>pi\u00f9 potere alla propria base<\/strong>, composta da tutti coloro che posseggono la tessera, riavvicinare i delusi e attrare a s\u00e9 coloro che si approcciano alla politica per la prima volta, in modo tale da dare nuova vita ad una comunit\u00e0 che possa essere consultata e coinvolta nelle questioni politiche fondamentali. L\u2019obiettivo \u00e8 quello di tornare a riscuotere un ampio consenso nella societ\u00e0, per presentarsi nuovamente come un soggetto politico capace di mediare tra centro e sinistra, simile a quello che i politologi <a href=\"https:\/\/www.liberopensiero.eu\/12\/10\/2022\/politica\/elezioni-2022-partiti-disatteso-aspettative\/\" target=\"_blank\" rel=\"noreferrer noopener\">definiscono<\/a> <em>\u201cpartito piglia tutto\u201d<\/em>.<\/p>\n<p style=\"text-align: right;\"><em>Gabriele Caruso<\/em><\/p>\n","protected":false},"excerpt":{"rendered":"<p>Domenica 5 febbraio, con il voto nei circoli, ha avuto inizio il percorso che condurr\u00e0 alle Primarie del Partito Democratico, in programma il prossimo 26 febbraio, quando verr\u00e0 scelto il nome del nuovo Segretario. I quattro candidati che si contendono&hellip;<\/p>\n","protected":false},"author":2230,"featured_media":1718370,"comment_status":"closed","ping_status":"closed","sticky":false,"template":"","format":"standard","meta":{"footnotes":""},"categories":[47,157,55],"tags":[41291,54443],"class_list":["post-1718369","post","type-post","status-publish","format-standard","has-post-thumbnail","hentry","category-europa","category-interviste","category-politica","tag-elly-schlein","tag-sandro-ruotolo"],"yoast_head":"<!-- This site is optimized with the Yoast SEO plugin v27.1.1 - https:\/\/yoast.com\/product\/yoast-seo-wordpress\/ -->\n<title>Intervista a Sandro Ruotolo, portavoce di Elly Schlein in Campania<\/title>\n<meta name=\"description\" content=\"Domenica 5 febbraio, con il voto nei circoli, ha avuto inizio il percorso che condurr\u00e0 alle Primarie del Partito Democratico, in programma il prossimo 26\" \/>\n<meta name=\"robots\" content=\"index, follow, max-snippet:-1, max-image-preview:large, max-video-preview:-1\" \/>\n<link rel=\"canonical\" href=\"https:\/\/www.pressenza.com\/it\/2023\/02\/intervista-a-sandro-ruotolo-portavoce-di-elly-schlein-in-campania\/\" \/>\n<meta property=\"og:locale\" content=\"it_IT\" \/>\n<meta property=\"og:type\" content=\"article\" \/>\n<meta property=\"og:title\" content=\"Intervista a Sandro Ruotolo, portavoce di Elly Schlein in Campania\" \/>\n<meta property=\"og:description\" content=\"Domenica 5 febbraio, con il voto nei circoli, ha avuto inizio il percorso che condurr\u00e0 alle Primarie del Partito Democratico, in programma il prossimo 26\" \/>\n<meta property=\"og:url\" content=\"https:\/\/www.pressenza.com\/it\/2023\/02\/intervista-a-sandro-ruotolo-portavoce-di-elly-schlein-in-campania\/\" \/>\n<meta property=\"og:site_name\" content=\"Pressenza\" \/>\n<meta property=\"article:publisher\" content=\"https:\/\/www.facebook.com\/PressenzaItalia\" \/>\n<meta property=\"article:author\" content=\"https:\/\/www.facebook.com\/liberopensiero.eu\" \/>\n<meta property=\"article:published_time\" content=\"2023-02-18T08:03:32+00:00\" \/>\n<meta property=\"og:image\" content=\"https:\/\/www.pressenza.com\/wp-content\/uploads\/2023\/02\/schlein-ruotolo-864x420-1.jpg\" \/>\n\t<meta property=\"og:image:width\" content=\"900\" \/>\n\t<meta property=\"og:image:height\" content=\"438\" \/>\n\t<meta property=\"og:image:type\" content=\"image\/jpeg\" \/>\n<meta name=\"author\" content=\"Libero Pensiero\" \/>\n<meta name=\"twitter:card\" content=\"summary_large_image\" \/>\n<meta name=\"twitter:creator\" content=\"@PressenzaIPA\" \/>\n<meta name=\"twitter:site\" content=\"@PressenzaIPA\" \/>\n<meta name=\"twitter:label1\" content=\"Scritto da\" \/>\n\t<meta name=\"twitter:data1\" content=\"Libero Pensiero\" \/>\n\t<meta name=\"twitter:label2\" content=\"Tempo di lettura stimato\" \/>\n\t<meta name=\"twitter:data2\" content=\"7 minuti\" \/>\n<script type=\"application\/ld+json\" class=\"yoast-schema-graph\">{\"@context\":\"https:\/\/schema.org\",\"@graph\":[{\"@type\":\"Article\",\"@id\":\"https:\/\/www.pressenza.com\/it\/2023\/02\/intervista-a-sandro-ruotolo-portavoce-di-elly-schlein-in-campania\/#article\",\"isPartOf\":{\"@id\":\"https:\/\/www.pressenza.com\/it\/2023\/02\/intervista-a-sandro-ruotolo-portavoce-di-elly-schlein-in-campania\/\"},\"author\":{\"name\":\"Libero Pensiero\",\"@id\":\"https:\/\/www.pressenza.com\/it\/#\/schema\/person\/c8ebd3b8434faa3c5dc913f4a6e31dea\"},\"headline\":\"Intervista a Sandro Ruotolo, portavoce di Elly Schlein in Campania\",\"datePublished\":\"2023-02-18T08:03:32+00:00\",\"mainEntityOfPage\":{\"@id\":\"https:\/\/www.pressenza.com\/it\/2023\/02\/intervista-a-sandro-ruotolo-portavoce-di-elly-schlein-in-campania\/\"},\"wordCount\":1211,\"publisher\":{\"@id\":\"https:\/\/www.pressenza.com\/it\/#organization\"},\"image\":{\"@id\":\"https:\/\/www.pressenza.com\/it\/2023\/02\/intervista-a-sandro-ruotolo-portavoce-di-elly-schlein-in-campania\/#primaryimage\"},\"thumbnailUrl\":\"https:\/\/www.pressenza.com\/wp-content\/uploads\/2023\/02\/schlein-ruotolo-864x420-1.jpg\",\"keywords\":[\"Elly Schlein\",\"Sandro Ruotolo\"],\"articleSection\":[\"Europa\",\"Interviste\",\"Politica\"],\"inLanguage\":\"it-IT\"},{\"@type\":\"WebPage\",\"@id\":\"https:\/\/www.pressenza.com\/it\/2023\/02\/intervista-a-sandro-ruotolo-portavoce-di-elly-schlein-in-campania\/\",\"url\":\"https:\/\/www.pressenza.com\/it\/2023\/02\/intervista-a-sandro-ruotolo-portavoce-di-elly-schlein-in-campania\/\",\"name\":\"Intervista a Sandro Ruotolo, portavoce di Elly Schlein in Campania\",\"isPartOf\":{\"@id\":\"https:\/\/www.pressenza.com\/it\/#website\"},\"primaryImageOfPage\":{\"@id\":\"https:\/\/www.pressenza.com\/it\/2023\/02\/intervista-a-sandro-ruotolo-portavoce-di-elly-schlein-in-campania\/#primaryimage\"},\"image\":{\"@id\":\"https:\/\/www.pressenza.com\/it\/2023\/02\/intervista-a-sandro-ruotolo-portavoce-di-elly-schlein-in-campania\/#primaryimage\"},\"thumbnailUrl\":\"https:\/\/www.pressenza.com\/wp-content\/uploads\/2023\/02\/schlein-ruotolo-864x420-1.jpg\",\"datePublished\":\"2023-02-18T08:03:32+00:00\",\"description\":\"Domenica 5 febbraio, con il voto nei circoli, ha avuto inizio il percorso che condurr\u00e0 alle Primarie del Partito Democratico, in programma il prossimo 26\",\"breadcrumb\":{\"@id\":\"https:\/\/www.pressenza.com\/it\/2023\/02\/intervista-a-sandro-ruotolo-portavoce-di-elly-schlein-in-campania\/#breadcrumb\"},\"inLanguage\":\"it-IT\",\"potentialAction\":[{\"@type\":\"ReadAction\",\"target\":[\"https:\/\/www.pressenza.com\/it\/2023\/02\/intervista-a-sandro-ruotolo-portavoce-di-elly-schlein-in-campania\/\"]}]},{\"@type\":\"ImageObject\",\"inLanguage\":\"it-IT\",\"@id\":\"https:\/\/www.pressenza.com\/it\/2023\/02\/intervista-a-sandro-ruotolo-portavoce-di-elly-schlein-in-campania\/#primaryimage\",\"url\":\"https:\/\/www.pressenza.com\/wp-content\/uploads\/2023\/02\/schlein-ruotolo-864x420-1.jpg\",\"contentUrl\":\"https:\/\/www.pressenza.com\/wp-content\/uploads\/2023\/02\/schlein-ruotolo-864x420-1.jpg\",\"width\":900,\"height\":438,\"caption\":\"Il giornalista Sandro Ruotolo insieme alla deputata Elly Schlein\"},{\"@type\":\"BreadcrumbList\",\"@id\":\"https:\/\/www.pressenza.com\/it\/2023\/02\/intervista-a-sandro-ruotolo-portavoce-di-elly-schlein-in-campania\/#breadcrumb\",\"itemListElement\":[{\"@type\":\"ListItem\",\"position\":1,\"name\":\"Accueil\",\"item\":\"https:\/\/www.pressenza.com\/it\/\"},{\"@type\":\"ListItem\",\"position\":2,\"name\":\"Intervista a Sandro Ruotolo, portavoce di Elly Schlein in Campania\"}]},{\"@type\":\"WebSite\",\"@id\":\"https:\/\/www.pressenza.com\/it\/#website\",\"url\":\"https:\/\/www.pressenza.com\/it\/\",\"name\":\"Pressenza\",\"description\":\"Agenzia di Stampa Internazionale\",\"publisher\":{\"@id\":\"https:\/\/www.pressenza.com\/it\/#organization\"},\"potentialAction\":[{\"@type\":\"SearchAction\",\"target\":{\"@type\":\"EntryPoint\",\"urlTemplate\":\"https:\/\/www.pressenza.com\/it\/?s={search_term_string}\"},\"query-input\":{\"@type\":\"PropertyValueSpecification\",\"valueRequired\":true,\"valueName\":\"search_term_string\"}}],\"inLanguage\":\"it-IT\"},{\"@type\":\"Organization\",\"@id\":\"https:\/\/www.pressenza.com\/it\/#organization\",\"name\":\"Pressenza\",\"url\":\"https:\/\/www.pressenza.com\/it\/\",\"logo\":{\"@type\":\"ImageObject\",\"inLanguage\":\"it-IT\",\"@id\":\"https:\/\/www.pressenza.com\/it\/#\/schema\/logo\/image\/\",\"url\":\"https:\/\/www.pressenza.com\/wp-content\/uploads\/2022\/10\/pressenza_logo_200x200.jpg\",\"contentUrl\":\"https:\/\/www.pressenza.com\/wp-content\/uploads\/2022\/10\/pressenza_logo_200x200.jpg\",\"width\":200,\"height\":200,\"caption\":\"Pressenza\"},\"image\":{\"@id\":\"https:\/\/www.pressenza.com\/it\/#\/schema\/logo\/image\/\"},\"sameAs\":[\"https:\/\/www.facebook.com\/PressenzaItalia\",\"https:\/\/x.com\/PressenzaIPA\"]},{\"@type\":\"Person\",\"@id\":\"https:\/\/www.pressenza.com\/it\/#\/schema\/person\/c8ebd3b8434faa3c5dc913f4a6e31dea\",\"name\":\"Libero Pensiero\",\"description\":\"Libero Pensiero \u00e8 un quotidiano indipendente di approfondimento e opinione, di ispirazione: - ambientalista, in considerazione della crisi climatica in atto, causata dall\u2019attivit\u00e0 umana e dall\u2019avido sfruttamento delle risorse naturali che mette a repentaglio la biodiversit\u00e0, distrugge l\u2019ecosistema e rappresenta la pi\u00f9 urgente sfida della nostra era; - femminista, in favore di un\u2019effettiva uguaglianza fra i generi, ostacolata dal retaggio patriarcale della societ\u00e0 odierna, e per il compimento di una totale libert\u00e0 di scelta e di autodeterminazione da parte di ogni essere umano; - nonviolenta, in opposizione a ogni conflitto armato, all\u2019imposizione di regimi imperialisti sui deboli e gli oppressi e in generale contro l\u2019utilizzo della violenza fisica e verbale come mezzo di coercizione, predominio e sfruttamento; - antirazzista, in virt\u00f9 della consapevolezza che non esistono razze eccetto quella umana, che nessun uomo \u00e8 da considerarsi un clandestino e che accoglienza e integrazione sono doveri morali di ogni civilt\u00e0 degna di considerarsi tale; - antifascista, perch\u00e9 autoritarismo e totalitarismo non assumono soltanto le vesti della dittatura, ma anche e soprattutto quelle pi\u00f9 subdole del capitalismo finanziario che ci ha resi schiavi della logica del profitto. Il progetto si pone l\u2019obiettivo giornalistico di analizzare criticamente il mondo che ci circonda studiando il passato, contestualizzando il presente, immaginando il futuro e le sue dinamiche globali.\",\"sameAs\":[\"https:\/\/www.liberopensiero.eu\/\",\"https:\/\/www.facebook.com\/liberopensiero.eu\"],\"url\":\"https:\/\/www.pressenza.com\/it\/author\/libero-pensiero\/\"}]}<\/script>\n<!-- \/ Yoast SEO plugin. -->","yoast_head_json":{"title":"Intervista a Sandro Ruotolo, portavoce di Elly Schlein in Campania","description":"Domenica 5 febbraio, con il voto nei circoli, ha avuto inizio il percorso che condurr\u00e0 alle Primarie del Partito Democratico, in programma il prossimo 26","robots":{"index":"index","follow":"follow","max-snippet":"max-snippet:-1","max-image-preview":"max-image-preview:large","max-video-preview":"max-video-preview:-1"},"canonical":"https:\/\/www.pressenza.com\/it\/2023\/02\/intervista-a-sandro-ruotolo-portavoce-di-elly-schlein-in-campania\/","og_locale":"it_IT","og_type":"article","og_title":"Intervista a Sandro Ruotolo, portavoce di Elly Schlein in Campania","og_description":"Domenica 5 febbraio, con il voto nei circoli, ha avuto inizio il percorso che condurr\u00e0 alle Primarie del Partito Democratico, in programma il prossimo 26","og_url":"https:\/\/www.pressenza.com\/it\/2023\/02\/intervista-a-sandro-ruotolo-portavoce-di-elly-schlein-in-campania\/","og_site_name":"Pressenza","article_publisher":"https:\/\/www.facebook.com\/PressenzaItalia","article_author":"https:\/\/www.facebook.com\/liberopensiero.eu","article_published_time":"2023-02-18T08:03:32+00:00","og_image":[{"width":900,"height":438,"url":"https:\/\/www.pressenza.com\/wp-content\/uploads\/2023\/02\/schlein-ruotolo-864x420-1.jpg","type":"image\/jpeg"}],"author":"Libero Pensiero","twitter_card":"summary_large_image","twitter_creator":"@PressenzaIPA","twitter_site":"@PressenzaIPA","twitter_misc":{"Scritto da":"Libero Pensiero","Tempo di lettura stimato":"7 minuti"},"schema":{"@context":"https:\/\/schema.org","@graph":[{"@type":"Article","@id":"https:\/\/www.pressenza.com\/it\/2023\/02\/intervista-a-sandro-ruotolo-portavoce-di-elly-schlein-in-campania\/#article","isPartOf":{"@id":"https:\/\/www.pressenza.com\/it\/2023\/02\/intervista-a-sandro-ruotolo-portavoce-di-elly-schlein-in-campania\/"},"author":{"name":"Libero Pensiero","@id":"https:\/\/www.pressenza.com\/it\/#\/schema\/person\/c8ebd3b8434faa3c5dc913f4a6e31dea"},"headline":"Intervista a Sandro Ruotolo, portavoce di Elly Schlein in Campania","datePublished":"2023-02-18T08:03:32+00:00","mainEntityOfPage":{"@id":"https:\/\/www.pressenza.com\/it\/2023\/02\/intervista-a-sandro-ruotolo-portavoce-di-elly-schlein-in-campania\/"},"wordCount":1211,"publisher":{"@id":"https:\/\/www.pressenza.com\/it\/#organization"},"image":{"@id":"https:\/\/www.pressenza.com\/it\/2023\/02\/intervista-a-sandro-ruotolo-portavoce-di-elly-schlein-in-campania\/#primaryimage"},"thumbnailUrl":"https:\/\/www.pressenza.com\/wp-content\/uploads\/2023\/02\/schlein-ruotolo-864x420-1.jpg","keywords":["Elly Schlein","Sandro Ruotolo"],"articleSection":["Europa","Interviste","Politica"],"inLanguage":"it-IT"},{"@type":"WebPage","@id":"https:\/\/www.pressenza.com\/it\/2023\/02\/intervista-a-sandro-ruotolo-portavoce-di-elly-schlein-in-campania\/","url":"https:\/\/www.pressenza.com\/it\/2023\/02\/intervista-a-sandro-ruotolo-portavoce-di-elly-schlein-in-campania\/","name":"Intervista a Sandro Ruotolo, portavoce di Elly Schlein in Campania","isPartOf":{"@id":"https:\/\/www.pressenza.com\/it\/#website"},"primaryImageOfPage":{"@id":"https:\/\/www.pressenza.com\/it\/2023\/02\/intervista-a-sandro-ruotolo-portavoce-di-elly-schlein-in-campania\/#primaryimage"},"image":{"@id":"https:\/\/www.pressenza.com\/it\/2023\/02\/intervista-a-sandro-ruotolo-portavoce-di-elly-schlein-in-campania\/#primaryimage"},"thumbnailUrl":"https:\/\/www.pressenza.com\/wp-content\/uploads\/2023\/02\/schlein-ruotolo-864x420-1.jpg","datePublished":"2023-02-18T08:03:32+00:00","description":"Domenica 5 febbraio, con il voto nei circoli, ha avuto inizio il percorso che condurr\u00e0 alle Primarie del Partito Democratico, in programma il prossimo 26","breadcrumb":{"@id":"https:\/\/www.pressenza.com\/it\/2023\/02\/intervista-a-sandro-ruotolo-portavoce-di-elly-schlein-in-campania\/#breadcrumb"},"inLanguage":"it-IT","potentialAction":[{"@type":"ReadAction","target":["https:\/\/www.pressenza.com\/it\/2023\/02\/intervista-a-sandro-ruotolo-portavoce-di-elly-schlein-in-campania\/"]}]},{"@type":"ImageObject","inLanguage":"it-IT","@id":"https:\/\/www.pressenza.com\/it\/2023\/02\/intervista-a-sandro-ruotolo-portavoce-di-elly-schlein-in-campania\/#primaryimage","url":"https:\/\/www.pressenza.com\/wp-content\/uploads\/2023\/02\/schlein-ruotolo-864x420-1.jpg","contentUrl":"https:\/\/www.pressenza.com\/wp-content\/uploads\/2023\/02\/schlein-ruotolo-864x420-1.jpg","width":900,"height":438,"caption":"Il giornalista Sandro Ruotolo insieme alla deputata Elly Schlein"},{"@type":"BreadcrumbList","@id":"https:\/\/www.pressenza.com\/it\/2023\/02\/intervista-a-sandro-ruotolo-portavoce-di-elly-schlein-in-campania\/#breadcrumb","itemListElement":[{"@type":"ListItem","position":1,"name":"Accueil","item":"https:\/\/www.pressenza.com\/it\/"},{"@type":"ListItem","position":2,"name":"Intervista a Sandro Ruotolo, portavoce di Elly Schlein in Campania"}]},{"@type":"WebSite","@id":"https:\/\/www.pressenza.com\/it\/#website","url":"https:\/\/www.pressenza.com\/it\/","name":"Pressenza","description":"Agenzia di Stampa Internazionale","publisher":{"@id":"https:\/\/www.pressenza.com\/it\/#organization"},"potentialAction":[{"@type":"SearchAction","target":{"@type":"EntryPoint","urlTemplate":"https:\/\/www.pressenza.com\/it\/?s={search_term_string}"},"query-input":{"@type":"PropertyValueSpecification","valueRequired":true,"valueName":"search_term_string"}}],"inLanguage":"it-IT"},{"@type":"Organization","@id":"https:\/\/www.pressenza.com\/it\/#organization","name":"Pressenza","url":"https:\/\/www.pressenza.com\/it\/","logo":{"@type":"ImageObject","inLanguage":"it-IT","@id":"https:\/\/www.pressenza.com\/it\/#\/schema\/logo\/image\/","url":"https:\/\/www.pressenza.com\/wp-content\/uploads\/2022\/10\/pressenza_logo_200x200.jpg","contentUrl":"https:\/\/www.pressenza.com\/wp-content\/uploads\/2022\/10\/pressenza_logo_200x200.jpg","width":200,"height":200,"caption":"Pressenza"},"image":{"@id":"https:\/\/www.pressenza.com\/it\/#\/schema\/logo\/image\/"},"sameAs":["https:\/\/www.facebook.com\/PressenzaItalia","https:\/\/x.com\/PressenzaIPA"]},{"@type":"Person","@id":"https:\/\/www.pressenza.com\/it\/#\/schema\/person\/c8ebd3b8434faa3c5dc913f4a6e31dea","name":"Libero Pensiero","description":"Libero Pensiero \u00e8 un quotidiano indipendente di approfondimento e opinione, di ispirazione: - ambientalista, in considerazione della crisi climatica in atto, causata dall\u2019attivit\u00e0 umana e dall\u2019avido sfruttamento delle risorse naturali che mette a repentaglio la biodiversit\u00e0, distrugge l\u2019ecosistema e rappresenta la pi\u00f9 urgente sfida della nostra era; - femminista, in favore di un\u2019effettiva uguaglianza fra i generi, ostacolata dal retaggio patriarcale della societ\u00e0 odierna, e per il compimento di una totale libert\u00e0 di scelta e di autodeterminazione da parte di ogni essere umano; - nonviolenta, in opposizione a ogni conflitto armato, all\u2019imposizione di regimi imperialisti sui deboli e gli oppressi e in generale contro l\u2019utilizzo della violenza fisica e verbale come mezzo di coercizione, predominio e sfruttamento; - antirazzista, in virt\u00f9 della consapevolezza che non esistono razze eccetto quella umana, che nessun uomo \u00e8 da considerarsi un clandestino e che accoglienza e integrazione sono doveri morali di ogni civilt\u00e0 degna di considerarsi tale; - antifascista, perch\u00e9 autoritarismo e totalitarismo non assumono soltanto le vesti della dittatura, ma anche e soprattutto quelle pi\u00f9 subdole del capitalismo finanziario che ci ha resi schiavi della logica del profitto. Il progetto si pone l\u2019obiettivo giornalistico di analizzare criticamente il mondo che ci circonda studiando il passato, contestualizzando il presente, immaginando il futuro e le sue dinamiche globali.","sameAs":["https:\/\/www.liberopensiero.eu\/","https:\/\/www.facebook.com\/liberopensiero.eu"],"url":"https:\/\/www.pressenza.com\/it\/author\/libero-pensiero\/"}]}},"place":"Gabriele Caruso","original_article_url":"https:\/\/www.liberopensiero.eu\/14\/02\/2023\/politica\/intervista-sandro-ruotolo-elly-schlein\/","_links":{"self":[{"href":"https:\/\/www.pressenza.com\/it\/wp-json\/wp\/v2\/posts\/1718369","targetHints":{"allow":["GET"]}}],"collection":[{"href":"https:\/\/www.pressenza.com\/it\/wp-json\/wp\/v2\/posts"}],"about":[{"href":"https:\/\/www.pressenza.com\/it\/wp-json\/wp\/v2\/types\/post"}],"author":[{"embeddable":true,"href":"https:\/\/www.pressenza.com\/it\/wp-json\/wp\/v2\/users\/2230"}],"replies":[{"embeddable":true,"href":"https:\/\/www.pressenza.com\/it\/wp-json\/wp\/v2\/comments?post=1718369"}],"version-history":[{"count":0,"href":"https:\/\/www.pressenza.com\/it\/wp-json\/wp\/v2\/posts\/1718369\/revisions"}],"wp:featuredmedia":[{"embeddable":true,"href":"https:\/\/www.pressenza.com\/it\/wp-json\/wp\/v2\/media\/1718370"}],"wp:attachment":[{"href":"https:\/\/www.pressenza.com\/it\/wp-json\/wp\/v2\/media?parent=1718369"}],"wp:term":[{"taxonomy":"category","embeddable":true,"href":"https:\/\/www.pressenza.com\/it\/wp-json\/wp\/v2\/categories?post=1718369"},{"taxonomy":"post_tag","embeddable":true,"href":"https:\/\/www.pressenza.com\/it\/wp-json\/wp\/v2\/tags?post=1718369"}],"curies":[{"name":"wp","href":"https:\/\/api.w.org\/{rel}","templated":true}]}}