{"id":1717983,"date":"2023-02-17T10:38:23","date_gmt":"2023-02-17T10:38:23","guid":{"rendered":"https:\/\/www.pressenza.com\/?p=1717983"},"modified":"2023-02-17T10:51:10","modified_gmt":"2023-02-17T10:51:10","slug":"crisi-climatica-i-governi-sono-responsabili-extinction-rebellion-occupa-la-rai-la-repubblica-e-la-stampa","status":"publish","type":"post","link":"https:\/\/www.pressenza.com\/it\/2023\/02\/crisi-climatica-i-governi-sono-responsabili-extinction-rebellion-occupa-la-rai-la-repubblica-e-la-stampa\/","title":{"rendered":"\u201cCrisi climatica, i governi sono responsabili\u201d: Extinction Rebellion  occupa la Rai, la Repubblica e la Stampa"},"content":{"rendered":"<p>Mattinata di proteste nel centro di Torino. Poco dopo le 9, diversi gruppi di Extinction Rebellion hanno occupato gli ingressi delle due sedi torinesi della RAI e della sede principale de La Stampa e La Repubblica, in via Lugaro.<\/p>\n<p>Dopo aver varcato gli ingressi principali, reggendo dei cartelli in mano, si sono seduti e hanno mandato in riproduzione continua un audio con le interviste e le dichiarazioni di diversi esponenti politici, da Giorgia Meloni fino ad Alberto Cirio, il presidente della Regione Piemonte. \u201cSono le parole di chi in questi anni ha negato l\u2019esistenza stessa della crisi climatica, di chi ha lasciato morire persone in mare che scappavano da terre diventate ormai inabitabili\u201d racconta Susanna, dalla sede RAI in via Verdi.<\/p>\n<p>\u201cAbbiamo deciso di portare direttamente all\u2019interno delle redazioni le parole surreali di chi ci sta governando\u201d spiega anche Aurora, seduta dentro la sede RAI di via Cavalli. \u201cPerch\u00e9 \u00e8 di questo che dovrebbero parlare i giornali e le televisioni, informando tutti i cittadini sulla gravit\u00e0 delle scelte politiche che i nostri governi stanno prendendo\u201d<\/p>\n<p>Al mattino presto, un altro gruppo di attiviste aveva appeso un maxi striscione di 10 metri di fronte la sede RAI di via Verdi. \u201cCrisi climatica: i governi sono colpevoli. DiRAI la verit\u00e0?\u201d si legge sullo striscione, con lo sfondo della Mole Antonelliana.<\/p>\n<p>L\u2019obiettivo di Extinction Rebellion \u00e8 quindi denunciare le responsabilit\u00e0 dei governi nell\u2019aggravarsi del collasso climatico. Basta infatti guardare le Alpi intorno a Torino per comprendere quanto grave sia la situazione in cui versano gli stessi territori italiani. Le precipitazioni nevose sono ampiamente sotto la media. Nel mondo, nell\u2019ultimo secolo, il numero di giorni in un anno in cui il terreno \u00e8 coperto di neve si \u00e8 accorciato di oltre un mese.<\/p>\n<p>Meno neve in inverno significa anche meno acqua nei fiumi durante il disgelo, in territori gi\u00e0 messi a dura prova dalla peggiore siccit\u00e0 degli ultimi 500 anni. I grandi laghi, dal Maggiore al Garda, sono tutti sotto la media, con livelli addirittura inferiori al gennaio 2022, preludio della peggiore siccit\u00e0 degli ultimi secoli.<\/p>\n<p>Le azioni pacifiche di oggi rappresentano un messaggio diretto alle redazioni, una richiesta di aiuto. \u201cAbbiamo bisogno di voi\u201d si legge infatti sui cartelli che reggono in mano. \u201cLa scelta di essere qui questa mattina nasce dalla consapevolezza che il cambiamento che sappiamo necessario sar\u00e0 possibile solo con l&#8217;aiuto di ognuna di voi, di ogni singola giornalista\u201d afferma Caterina, dalla sede di Repubblica e La Stampa. &#8220;Siamo qui perch\u00e9 abbiamo bisogno di giornalismo di inchiesta, approfondito e accurato e per portare la nostra solidariet\u00e0 ai giornalisti in sciopero contro un editore, Gedi, guidato dalla logica del taglio dei posti e dei compensi&#8221;.<\/p>\n<p>\u201cAbbiamo bisogno che le persone che stanno lanciando l&#8217;allarme smettano di essere raccontate come fanatici e criminali\u201daggiunge Martina. Antonio Guterres, il segretario generale dell&#8217;ONU, una delle figure leader della diplomazia mondiale, dichiarava: &#8220;Gli attivisti climatici sono dipinti come pericolosi radicali. Ma i veri pericolosi radicali sono i paesi che continuano ad aumentare la produzione di combustibili fossili\u201d.<\/p>\n<p>\u00c8 di questo che parlano gli occhi di chi oggi regge in mano quei cartelli: criminale non \u00e8 chi lotta per la vita sulla Terra, criminale \u00e8 chi continua ad ignorare l&#8217;allarme.<\/p>\n<p>Una clip della manifestazione in Rai:<\/p>\n<p><iframe loading=\"lazy\" title=\"Manifestazione in Rai di Extinction Rebellion Torino\" width=\"500\" height=\"281\" src=\"https:\/\/www.youtube.com\/embed\/DBHEqpx4gNk?feature=oembed\" frameborder=\"0\" allow=\"accelerometer; autoplay; clipboard-write; encrypted-media; gyroscope; picture-in-picture; web-share\" referrerpolicy=\"strict-origin-when-cross-origin\" allowfullscreen><\/iframe><\/p>\n<p>&nbsp;<\/p>\n<p>&nbsp;<\/p>\n<div class=\"post-gallery\">\n\t\t\t<figure class=\"post-gallery-item\">\n\t\t\t\t<img decoding=\"async\" src=\"https:\/\/www.pressenza.com\/wp-content\/uploads\/2023\/02\/2020_0317_15430700-820x547.jpg\" loading=\"lazy\">\n\t\t\t\t<figcaption>\n\t\t\t\t\t\n\t\t\t\t<\/figcaption>\n\t\t\t<\/figure>\n\t\t\t<figure class=\"post-gallery-item\">\n\t\t\t\t<img decoding=\"async\" src=\"https:\/\/www.pressenza.com\/wp-content\/uploads\/2023\/02\/2020_0317_15174300-820x547.jpg\" loading=\"lazy\">\n\t\t\t\t<figcaption>\n\t\t\t\t\t\n\t\t\t\t<\/figcaption>\n\t\t\t<\/figure>\n\t\t\t<figure class=\"post-gallery-item\">\n\t\t\t\t<img decoding=\"async\" src=\"https:\/\/www.pressenza.com\/wp-content\/uploads\/2023\/02\/2020_0317_15175700-820x547.jpg\" loading=\"lazy\">\n\t\t\t\t<figcaption>\n\t\t\t\t\t\n\t\t\t\t<\/figcaption>\n\t\t\t<\/figure>\n\t\t\t<figure class=\"post-gallery-item\">\n\t\t\t\t<img decoding=\"async\" src=\"https:\/\/www.pressenza.com\/wp-content\/uploads\/2023\/02\/2020_0317_15432100-820x547.jpg\" loading=\"lazy\">\n\t\t\t\t<figcaption>\n\t\t\t\t\t\n\t\t\t\t<\/figcaption>\n\t\t\t<\/figure>\n\t\t\t<figure class=\"post-gallery-item\">\n\t\t\t\t<img decoding=\"async\" src=\"https:\/\/www.pressenza.com\/wp-content\/uploads\/2023\/02\/2020_0317_15433000-820x547.jpg\" loading=\"lazy\">\n\t\t\t\t<figcaption>\n\t\t\t\t\t\n\t\t\t\t<\/figcaption>\n\t\t\t<\/figure>\n\t\t\t<figure class=\"post-gallery-item\">\n\t\t\t\t<img decoding=\"async\" src=\"https:\/\/www.pressenza.com\/wp-content\/uploads\/2023\/02\/2020_0317_15433500-820x547.jpg\" loading=\"lazy\">\n\t\t\t\t<figcaption>\n\t\t\t\t\t\n\t\t\t\t<\/figcaption>\n\t\t\t<\/figure>\n\t\t\t<figure class=\"post-gallery-item\">\n\t\t\t\t<img decoding=\"async\" src=\"https:\/\/www.pressenza.com\/wp-content\/uploads\/2023\/02\/2020_0317_15433800-820x547.jpg\" loading=\"lazy\">\n\t\t\t\t<figcaption>\n\t\t\t\t\t\n\t\t\t\t<\/figcaption>\n\t\t\t<\/figure>\n\t\t\t<figure class=\"post-gallery-item\">\n\t\t\t\t<img decoding=\"async\" src=\"https:\/\/www.pressenza.com\/wp-content\/uploads\/2023\/02\/2020_0317_15175300-820x547.jpg\" loading=\"lazy\">\n\t\t\t\t<figcaption>\n\t\t\t\t\t\n\t\t\t\t<\/figcaption>\n\t\t\t<\/figure>\n\t\t\t<figure class=\"post-gallery-item\">\n\t\t\t\t<img decoding=\"async\" src=\"https:\/\/www.pressenza.com\/wp-content\/uploads\/2023\/02\/2020_0317_16075900-820x547.jpg\" loading=\"lazy\">\n\t\t\t\t<figcaption>\n\t\t\t\t\t\n\t\t\t\t<\/figcaption>\n\t\t\t<\/figure>\n\t\t\t<figure class=\"post-gallery-item\">\n\t\t\t\t<img decoding=\"async\" src=\"https:\/\/www.pressenza.com\/wp-content\/uploads\/2023\/02\/2020_0317_16073200-820x547.jpg\" loading=\"lazy\">\n\t\t\t\t<figcaption>\n\t\t\t\t\t\n\t\t\t\t<\/figcaption>\n\t\t\t<\/figure>\n\t\t\t<figure class=\"post-gallery-item\">\n\t\t\t\t<img decoding=\"async\" src=\"https:\/\/www.pressenza.com\/wp-content\/uploads\/2023\/02\/IMG_20230217_092310-820x613.jpg\" loading=\"lazy\">\n\t\t\t\t<figcaption>\n\t\t\t\t\t\n\t\t\t\t<\/figcaption>\n\t\t\t<\/figure>\n\t\t\t<figure class=\"post-gallery-item\">\n\t\t\t\t<img decoding=\"async\" src=\"https:\/\/www.pressenza.com\/wp-content\/uploads\/2023\/02\/IMG_20230217_092327-820x613.jpg\" loading=\"lazy\">\n\t\t\t\t<figcaption>\n\t\t\t\t\t\n\t\t\t\t<\/figcaption>\n\t\t\t<\/figure>\n\t\t\t<figure class=\"post-gallery-item\">\n\t\t\t\t<img decoding=\"async\" src=\"https:\/\/www.pressenza.com\/wp-content\/uploads\/2023\/02\/IMG_20230217_092426-820x615.jpg\" loading=\"lazy\">\n\t\t\t\t<figcaption>\n\t\t\t\t\t\n\t\t\t\t<\/figcaption>\n\t\t\t<\/figure>\n\t\t\t<figure class=\"post-gallery-item\">\n\t\t\t\t<img decoding=\"async\" src=\"https:\/\/www.pressenza.com\/wp-content\/uploads\/2023\/02\/IMG_20230217_092527-820x613.jpg\" loading=\"lazy\">\n\t\t\t\t<figcaption>\n\t\t\t\t\t\n\t\t\t\t<\/figcaption>\n\t\t\t<\/figure>\n\t\t\t<figure class=\"post-gallery-item\">\n\t\t\t\t<img decoding=\"async\" src=\"https:\/\/www.pressenza.com\/wp-content\/uploads\/2023\/02\/IMG_20230217_093203-820x613.jpg\" loading=\"lazy\">\n\t\t\t\t<figcaption>\n\t\t\t\t\t\n\t\t\t\t<\/figcaption>\n\t\t\t<\/figure>\n\t\t\t<figure class=\"post-gallery-item\">\n\t\t\t\t<img decoding=\"async\" src=\"https:\/\/www.pressenza.com\/wp-content\/uploads\/2023\/02\/IMG_20230217_095109-766x1024.jpg\" loading=\"lazy\">\n\t\t\t\t<figcaption>\n\t\t\t\t\t\n\t\t\t\t<\/figcaption>\n\t\t\t<\/figure>\n\t\t\t<figure class=\"post-gallery-item\">\n\t\t\t\t<img decoding=\"async\" src=\"https:\/\/www.pressenza.com\/wp-content\/uploads\/2023\/02\/20230217_095118-820x615.jpg\" loading=\"lazy\">\n\t\t\t\t<figcaption>\n\t\t\t\t\t\n\t\t\t\t<\/figcaption>\n\t\t\t<\/figure>\n\t\t\t<figure class=\"post-gallery-item\">\n\t\t\t\t<img decoding=\"async\" src=\"https:\/\/www.pressenza.com\/wp-content\/uploads\/2023\/02\/20230217_095155-820x615.jpg\" loading=\"lazy\">\n\t\t\t\t<figcaption>\n\t\t\t\t\t\n\t\t\t\t<\/figcaption>\n\t\t\t<\/figure>\n\t\t\t<figure class=\"post-gallery-item\">\n\t\t\t\t<img decoding=\"async\" src=\"https:\/\/www.pressenza.com\/wp-content\/uploads\/2023\/02\/20230217_095255-820x615.jpg\" loading=\"lazy\">\n\t\t\t\t<figcaption>\n\t\t\t\t\t\n\t\t\t\t<\/figcaption>\n\t\t\t<\/figure>\n\t\t\t<figure class=\"post-gallery-item\">\n\t\t\t\t<img decoding=\"async\" src=\"https:\/\/www.pressenza.com\/wp-content\/uploads\/2023\/02\/20230217_095258-820x615.jpg\" loading=\"lazy\">\n\t\t\t\t<figcaption>\n\t\t\t\t\t\n\t\t\t\t<\/figcaption>\n\t\t\t<\/figure>\n\t\t\t<figure class=\"post-gallery-item\">\n\t\t\t\t<img decoding=\"async\" src=\"https:\/\/www.pressenza.com\/wp-content\/uploads\/2023\/02\/20230217_095305-820x615.jpg\" loading=\"lazy\">\n\t\t\t\t<figcaption>\n\t\t\t\t\t\n\t\t\t\t<\/figcaption>\n\t\t\t<\/figure>\n\t\t\t<figure class=\"post-gallery-item\">\n\t\t\t\t<img decoding=\"async\" src=\"https:\/\/www.pressenza.com\/wp-content\/uploads\/2023\/02\/20230217_093701-820x615.jpg\" loading=\"lazy\">\n\t\t\t\t<figcaption>\n\t\t\t\t\t\n\t\t\t\t<\/figcaption>\n\t\t\t<\/figure>\n\t\t\t<figure class=\"post-gallery-item\">\n\t\t\t\t<img decoding=\"async\" src=\"https:\/\/www.pressenza.com\/wp-content\/uploads\/2023\/02\/20230217_094208-820x615.jpg\" loading=\"lazy\">\n\t\t\t\t<figcaption>\n\t\t\t\t\t\n\t\t\t\t<\/figcaption>\n\t\t\t<\/figure>\n\t\t\t<figure class=\"post-gallery-item\">\n\t\t\t\t<img decoding=\"async\" src=\"https:\/\/www.pressenza.com\/wp-content\/uploads\/2023\/02\/20230217_093712-820x615.jpg\" loading=\"lazy\">\n\t\t\t\t<figcaption>\n\t\t\t\t\t\n\t\t\t\t<\/figcaption>\n\t\t\t<\/figure>\n\t\t\t<figure class=\"post-gallery-item\">\n\t\t\t\t<img decoding=\"async\" src=\"https:\/\/www.pressenza.com\/wp-content\/uploads\/2023\/02\/20230217_094535-820x615.jpg\" loading=\"lazy\">\n\t\t\t\t<figcaption>\n\t\t\t\t\t\n\t\t\t\t<\/figcaption>\n\t\t\t<\/figure>\n\t\t\t<figure class=\"post-gallery-item\">\n\t\t\t\t<img decoding=\"async\" src=\"https:\/\/www.pressenza.com\/wp-content\/uploads\/2023\/02\/IMG20230217093603-485x1024.jpg\" loading=\"lazy\">\n\t\t\t\t<figcaption>\n\t\t\t\t\t\n\t\t\t\t<\/figcaption>\n\t\t\t<\/figure>\n\t\t\t<figure class=\"post-gallery-item\">\n\t\t\t\t<img decoding=\"async\" src=\"https:\/\/www.pressenza.com\/wp-content\/uploads\/2023\/02\/2023-02-17-09.40.33-820x615.jpg\" loading=\"lazy\">\n\t\t\t\t<figcaption>\n\t\t\t\t\t\n\t\t\t\t<\/figcaption>\n\t\t\t<\/figure>\n\t\t\t<figure class=\"post-gallery-item\">\n\t\t\t\t<img decoding=\"async\" src=\"https:\/\/www.pressenza.com\/wp-content\/uploads\/2023\/02\/IMG20230217093609-485x1024.jpg\" loading=\"lazy\">\n\t\t\t\t<figcaption>\n\t\t\t\t\t\n\t\t\t\t<\/figcaption>\n\t\t\t<\/figure>\n\t\t\t<figure class=\"post-gallery-item\">\n\t\t\t\t<img decoding=\"async\" src=\"https:\/\/www.pressenza.com\/wp-content\/uploads\/2023\/02\/2023-02-17-09.41.04-768x1024.jpg\" loading=\"lazy\">\n\t\t\t\t<figcaption>\n\t\t\t\t\t\n\t\t\t\t<\/figcaption>\n\t\t\t<\/figure>\n\t\t\t<figure class=\"post-gallery-item\">\n\t\t\t\t<img decoding=\"async\" src=\"https:\/\/www.pressenza.com\/wp-content\/uploads\/2023\/02\/2023-02-17-09.41.10-820x613.jpg\" loading=\"lazy\">\n\t\t\t\t<figcaption>\n\t\t\t\t\t\n\t\t\t\t<\/figcaption>\n\t\t\t<\/figure>\n\t\t\t<figure class=\"post-gallery-item\">\n\t\t\t\t<img decoding=\"async\" src=\"https:\/\/www.pressenza.com\/wp-content\/uploads\/2023\/02\/photo_2023-02-17_09-40-42-820x820.jpg\" loading=\"lazy\">\n\t\t\t\t<figcaption>\n\t\t\t\t\t\n\t\t\t\t<\/figcaption>\n\t\t\t<\/figure>\n\t\t\t<figure class=\"post-gallery-item\">\n\t\t\t\t<img decoding=\"async\" src=\"https:\/\/www.pressenza.com\/wp-content\/uploads\/2023\/02\/2023-02-17-09.40.29-820x613.jpg\" loading=\"lazy\">\n\t\t\t\t<figcaption>\n\t\t\t\t\t\n\t\t\t\t<\/figcaption>\n\t\t\t<\/figure>\n\t\t\t<figure class=\"post-gallery-item\">\n\t\t\t\t<img decoding=\"async\" src=\"https:\/\/www.pressenza.com\/wp-content\/uploads\/2023\/02\/2023-02-17-09.40.01-820x613.jpg\" loading=\"lazy\">\n\t\t\t\t<figcaption>\n\t\t\t\t\t\n\t\t\t\t<\/figcaption>\n\t\t\t<\/figure>\n\t\t\t<figure class=\"post-gallery-item\">\n\t\t\t\t<img decoding=\"async\" src=\"https:\/\/www.pressenza.com\/wp-content\/uploads\/2023\/02\/photo_2023-02-17_09-39-51-820x613.jpg\" loading=\"lazy\">\n\t\t\t\t<figcaption>\n\t\t\t\t\t\n\t\t\t\t<\/figcaption>\n\t\t\t<\/figure>\n\t\t\t<figure class=\"post-gallery-item\">\n\t\t\t\t<img decoding=\"async\" src=\"https:\/\/www.pressenza.com\/wp-content\/uploads\/2023\/02\/2023-02-17-09.38.59-820x615.jpg\" loading=\"lazy\">\n\t\t\t\t<figcaption>\n\t\t\t\t\t\n\t\t\t\t<\/figcaption>\n\t\t\t<\/figure>\n\t\t\t<figure class=\"post-gallery-item\">\n\t\t\t\t<img decoding=\"async\" src=\"https:\/\/www.pressenza.com\/wp-content\/uploads\/2023\/02\/2023-02-17-09.38.55-820x615.jpg\" loading=\"lazy\">\n\t\t\t\t<figcaption>\n\t\t\t\t\t\n\t\t\t\t<\/figcaption>\n\t\t\t<\/figure>\n\t\t\t<figure class=\"post-gallery-item\">\n\t\t\t\t<img decoding=\"async\" src=\"https:\/\/www.pressenza.com\/wp-content\/uploads\/2023\/02\/IMG20230217090142-820x388.jpg\" loading=\"lazy\">\n\t\t\t\t<figcaption>\n\t\t\t\t\t\n\t\t\t\t<\/figcaption>\n\t\t\t<\/figure><\/div>\n","protected":false},"excerpt":{"rendered":"<p>Mattinata di proteste nel centro di Torino. Poco dopo le 9, diversi gruppi di Extinction Rebellion hanno occupato gli ingressi delle due sedi torinesi della RAI e della sede principale de La Stampa e La Repubblica, in via Lugaro. Dopo&hellip;<\/p>\n","protected":false},"author":1696,"featured_media":1718061,"comment_status":"closed","ping_status":"closed","sticky":false,"template":"","format":"standard","meta":{"footnotes":""},"categories":[11388,59,5677,27065],"tags":[84640],"class_list":["post-1717983","post","type-post","status-publish","format-standard","has-post-thumbnail","hentry","category-contenuti-originali","category-ambiente-ecologia","category-fotoreportages","category-video-it","tag-extinction-rebellion-xr-torino"],"yoast_head":"<!-- This site is optimized with the Yoast SEO plugin v27.1.1 - https:\/\/yoast.com\/product\/yoast-seo-wordpress\/ -->\n<title>\u201cCrisi climatica, i governi sono responsabili\u201d: Extinction Rebellion occupa la Rai, la Repubblica e la Stampa<\/title>\n<meta name=\"description\" content=\"Poco dopo le 9, diversi gruppi di Extinction Rebellion hanno occupato gli ingressi della RAI e delle sedi de La Stampa e La Repubblica\" \/>\n<meta name=\"robots\" content=\"index, follow, max-snippet:-1, max-image-preview:large, max-video-preview:-1\" \/>\n<link rel=\"canonical\" href=\"https:\/\/www.pressenza.com\/it\/2023\/02\/crisi-climatica-i-governi-sono-responsabili-extinction-rebellion-occupa-la-rai-la-repubblica-e-la-stampa\/\" \/>\n<meta property=\"og:locale\" content=\"it_IT\" \/>\n<meta property=\"og:type\" content=\"article\" \/>\n<meta property=\"og:title\" content=\"\u201cCrisi climatica, i governi sono responsabili\u201d: Extinction Rebellion occupa la Rai, la Repubblica e la Stampa\" \/>\n<meta property=\"og:description\" content=\"Poco dopo le 9, diversi gruppi di Extinction Rebellion hanno occupato gli ingressi della RAI e delle sedi de La Stampa e La Repubblica\" \/>\n<meta property=\"og:url\" content=\"https:\/\/www.pressenza.com\/it\/2023\/02\/crisi-climatica-i-governi-sono-responsabili-extinction-rebellion-occupa-la-rai-la-repubblica-e-la-stampa\/\" \/>\n<meta property=\"og:site_name\" content=\"Pressenza\" \/>\n<meta property=\"article:publisher\" content=\"https:\/\/www.facebook.com\/PressenzaItalia\" \/>\n<meta property=\"article:published_time\" content=\"2023-02-17T10:38:23+00:00\" \/>\n<meta property=\"article:modified_time\" content=\"2023-02-17T10:51:10+00:00\" \/>\n<meta property=\"og:image\" content=\"https:\/\/www.pressenza.com\/wp-content\/uploads\/2023\/02\/photo_2023-02-17_09-29-16.jpg\" \/>\n\t<meta property=\"og:image:width\" content=\"1280\" \/>\n\t<meta property=\"og:image:height\" content=\"960\" \/>\n\t<meta property=\"og:image:type\" content=\"image\/jpeg\" \/>\n<meta name=\"author\" content=\"Extinction Rebellion\" \/>\n<meta name=\"twitter:card\" content=\"summary_large_image\" \/>\n<meta name=\"twitter:creator\" content=\"@PressenzaIPA\" \/>\n<meta name=\"twitter:site\" content=\"@PressenzaIPA\" \/>\n<meta name=\"twitter:label1\" content=\"Scritto da\" \/>\n\t<meta name=\"twitter:data1\" content=\"Extinction Rebellion\" \/>\n\t<meta name=\"twitter:label2\" content=\"Tempo di lettura stimato\" \/>\n\t<meta name=\"twitter:data2\" content=\"3 minuti\" \/>\n<script type=\"application\/ld+json\" class=\"yoast-schema-graph\">{\"@context\":\"https:\/\/schema.org\",\"@graph\":[{\"@type\":\"Article\",\"@id\":\"https:\/\/www.pressenza.com\/it\/2023\/02\/crisi-climatica-i-governi-sono-responsabili-extinction-rebellion-occupa-la-rai-la-repubblica-e-la-stampa\/#article\",\"isPartOf\":{\"@id\":\"https:\/\/www.pressenza.com\/it\/2023\/02\/crisi-climatica-i-governi-sono-responsabili-extinction-rebellion-occupa-la-rai-la-repubblica-e-la-stampa\/\"},\"author\":{\"name\":\"Extinction Rebellion\",\"@id\":\"https:\/\/www.pressenza.com\/it\/#\/schema\/person\/469654e5f261458f78054b73ca6931aa\"},\"headline\":\"\u201cCrisi climatica, i governi sono responsabili\u201d: Extinction Rebellion occupa la Rai, la Repubblica e la Stampa\",\"datePublished\":\"2023-02-17T10:38:23+00:00\",\"dateModified\":\"2023-02-17T10:51:10+00:00\",\"mainEntityOfPage\":{\"@id\":\"https:\/\/www.pressenza.com\/it\/2023\/02\/crisi-climatica-i-governi-sono-responsabili-extinction-rebellion-occupa-la-rai-la-repubblica-e-la-stampa\/\"},\"wordCount\":565,\"publisher\":{\"@id\":\"https:\/\/www.pressenza.com\/it\/#organization\"},\"image\":{\"@id\":\"https:\/\/www.pressenza.com\/it\/2023\/02\/crisi-climatica-i-governi-sono-responsabili-extinction-rebellion-occupa-la-rai-la-repubblica-e-la-stampa\/#primaryimage\"},\"thumbnailUrl\":\"https:\/\/www.pressenza.com\/wp-content\/uploads\/2023\/02\/photo_2023-02-17_09-29-16.jpg\",\"keywords\":[\"Extinction Rebellion (XR) Torino\"],\"articleSection\":[\"contenuti originali\",\"Ecologia ed Ambiente\",\"Fotoreportages\",\"Video\"],\"inLanguage\":\"it-IT\"},{\"@type\":\"WebPage\",\"@id\":\"https:\/\/www.pressenza.com\/it\/2023\/02\/crisi-climatica-i-governi-sono-responsabili-extinction-rebellion-occupa-la-rai-la-repubblica-e-la-stampa\/\",\"url\":\"https:\/\/www.pressenza.com\/it\/2023\/02\/crisi-climatica-i-governi-sono-responsabili-extinction-rebellion-occupa-la-rai-la-repubblica-e-la-stampa\/\",\"name\":\"\u201cCrisi climatica, i governi sono responsabili\u201d: Extinction Rebellion occupa la Rai, la Repubblica e la Stampa\",\"isPartOf\":{\"@id\":\"https:\/\/www.pressenza.com\/it\/#website\"},\"primaryImageOfPage\":{\"@id\":\"https:\/\/www.pressenza.com\/it\/2023\/02\/crisi-climatica-i-governi-sono-responsabili-extinction-rebellion-occupa-la-rai-la-repubblica-e-la-stampa\/#primaryimage\"},\"image\":{\"@id\":\"https:\/\/www.pressenza.com\/it\/2023\/02\/crisi-climatica-i-governi-sono-responsabili-extinction-rebellion-occupa-la-rai-la-repubblica-e-la-stampa\/#primaryimage\"},\"thumbnailUrl\":\"https:\/\/www.pressenza.com\/wp-content\/uploads\/2023\/02\/photo_2023-02-17_09-29-16.jpg\",\"datePublished\":\"2023-02-17T10:38:23+00:00\",\"dateModified\":\"2023-02-17T10:51:10+00:00\",\"description\":\"Poco dopo le 9, diversi gruppi di Extinction Rebellion hanno occupato gli ingressi della RAI e delle sedi de La Stampa e La Repubblica\",\"breadcrumb\":{\"@id\":\"https:\/\/www.pressenza.com\/it\/2023\/02\/crisi-climatica-i-governi-sono-responsabili-extinction-rebellion-occupa-la-rai-la-repubblica-e-la-stampa\/#breadcrumb\"},\"inLanguage\":\"it-IT\",\"potentialAction\":[{\"@type\":\"ReadAction\",\"target\":[\"https:\/\/www.pressenza.com\/it\/2023\/02\/crisi-climatica-i-governi-sono-responsabili-extinction-rebellion-occupa-la-rai-la-repubblica-e-la-stampa\/\"]}]},{\"@type\":\"ImageObject\",\"inLanguage\":\"it-IT\",\"@id\":\"https:\/\/www.pressenza.com\/it\/2023\/02\/crisi-climatica-i-governi-sono-responsabili-extinction-rebellion-occupa-la-rai-la-repubblica-e-la-stampa\/#primaryimage\",\"url\":\"https:\/\/www.pressenza.com\/wp-content\/uploads\/2023\/02\/photo_2023-02-17_09-29-16.jpg\",\"contentUrl\":\"https:\/\/www.pressenza.com\/wp-content\/uploads\/2023\/02\/photo_2023-02-17_09-29-16.jpg\",\"width\":1280,\"height\":960},{\"@type\":\"BreadcrumbList\",\"@id\":\"https:\/\/www.pressenza.com\/it\/2023\/02\/crisi-climatica-i-governi-sono-responsabili-extinction-rebellion-occupa-la-rai-la-repubblica-e-la-stampa\/#breadcrumb\",\"itemListElement\":[{\"@type\":\"ListItem\",\"position\":1,\"name\":\"Accueil\",\"item\":\"https:\/\/www.pressenza.com\/it\/\"},{\"@type\":\"ListItem\",\"position\":2,\"name\":\"\u201cCrisi climatica, i governi sono responsabili\u201d: Extinction Rebellion occupa la Rai, la Repubblica e la Stampa\"}]},{\"@type\":\"WebSite\",\"@id\":\"https:\/\/www.pressenza.com\/it\/#website\",\"url\":\"https:\/\/www.pressenza.com\/it\/\",\"name\":\"Pressenza\",\"description\":\"Agenzia di Stampa Internazionale\",\"publisher\":{\"@id\":\"https:\/\/www.pressenza.com\/it\/#organization\"},\"potentialAction\":[{\"@type\":\"SearchAction\",\"target\":{\"@type\":\"EntryPoint\",\"urlTemplate\":\"https:\/\/www.pressenza.com\/it\/?s={search_term_string}\"},\"query-input\":{\"@type\":\"PropertyValueSpecification\",\"valueRequired\":true,\"valueName\":\"search_term_string\"}}],\"inLanguage\":\"it-IT\"},{\"@type\":\"Organization\",\"@id\":\"https:\/\/www.pressenza.com\/it\/#organization\",\"name\":\"Pressenza\",\"url\":\"https:\/\/www.pressenza.com\/it\/\",\"logo\":{\"@type\":\"ImageObject\",\"inLanguage\":\"it-IT\",\"@id\":\"https:\/\/www.pressenza.com\/it\/#\/schema\/logo\/image\/\",\"url\":\"https:\/\/www.pressenza.com\/wp-content\/uploads\/2022\/10\/pressenza_logo_200x200.jpg\",\"contentUrl\":\"https:\/\/www.pressenza.com\/wp-content\/uploads\/2022\/10\/pressenza_logo_200x200.jpg\",\"width\":200,\"height\":200,\"caption\":\"Pressenza\"},\"image\":{\"@id\":\"https:\/\/www.pressenza.com\/it\/#\/schema\/logo\/image\/\"},\"sameAs\":[\"https:\/\/www.facebook.com\/PressenzaItalia\",\"https:\/\/x.com\/PressenzaIPA\"]},{\"@type\":\"Person\",\"@id\":\"https:\/\/www.pressenza.com\/it\/#\/schema\/person\/469654e5f261458f78054b73ca6931aa\",\"name\":\"Extinction Rebellion\",\"description\":\"Extinction Rebellion (XR) \u00e8 un movimento internazionale \u201cdal basso\u201d, nonviolento, fondato in Inghilterra in risposta alla devastazione ambientale causata dalle attivit\u00e0 umane. La sua ragione d\u2019essere si basa sui risultati scientifici.\",\"sameAs\":[\"https:\/\/rebellion.earth\/\"],\"url\":\"https:\/\/www.pressenza.com\/it\/author\/extinction-rebellion\/\"}]}<\/script>\n<!-- \/ Yoast SEO plugin. -->","yoast_head_json":{"title":"\u201cCrisi climatica, i governi sono responsabili\u201d: Extinction Rebellion occupa la Rai, la Repubblica e la Stampa","description":"Poco dopo le 9, diversi gruppi di Extinction Rebellion hanno occupato gli ingressi della RAI e delle sedi de La Stampa e La Repubblica","robots":{"index":"index","follow":"follow","max-snippet":"max-snippet:-1","max-image-preview":"max-image-preview:large","max-video-preview":"max-video-preview:-1"},"canonical":"https:\/\/www.pressenza.com\/it\/2023\/02\/crisi-climatica-i-governi-sono-responsabili-extinction-rebellion-occupa-la-rai-la-repubblica-e-la-stampa\/","og_locale":"it_IT","og_type":"article","og_title":"\u201cCrisi climatica, i governi sono responsabili\u201d: Extinction Rebellion occupa la Rai, la Repubblica e la Stampa","og_description":"Poco dopo le 9, diversi gruppi di Extinction Rebellion hanno occupato gli ingressi della RAI e delle sedi de La Stampa e La Repubblica","og_url":"https:\/\/www.pressenza.com\/it\/2023\/02\/crisi-climatica-i-governi-sono-responsabili-extinction-rebellion-occupa-la-rai-la-repubblica-e-la-stampa\/","og_site_name":"Pressenza","article_publisher":"https:\/\/www.facebook.com\/PressenzaItalia","article_published_time":"2023-02-17T10:38:23+00:00","article_modified_time":"2023-02-17T10:51:10+00:00","og_image":[{"width":1280,"height":960,"url":"https:\/\/www.pressenza.com\/wp-content\/uploads\/2023\/02\/photo_2023-02-17_09-29-16.jpg","type":"image\/jpeg"}],"author":"Extinction Rebellion","twitter_card":"summary_large_image","twitter_creator":"@PressenzaIPA","twitter_site":"@PressenzaIPA","twitter_misc":{"Scritto da":"Extinction Rebellion","Tempo di lettura stimato":"3 minuti"},"schema":{"@context":"https:\/\/schema.org","@graph":[{"@type":"Article","@id":"https:\/\/www.pressenza.com\/it\/2023\/02\/crisi-climatica-i-governi-sono-responsabili-extinction-rebellion-occupa-la-rai-la-repubblica-e-la-stampa\/#article","isPartOf":{"@id":"https:\/\/www.pressenza.com\/it\/2023\/02\/crisi-climatica-i-governi-sono-responsabili-extinction-rebellion-occupa-la-rai-la-repubblica-e-la-stampa\/"},"author":{"name":"Extinction Rebellion","@id":"https:\/\/www.pressenza.com\/it\/#\/schema\/person\/469654e5f261458f78054b73ca6931aa"},"headline":"\u201cCrisi climatica, i governi sono responsabili\u201d: Extinction Rebellion occupa la Rai, la Repubblica e la Stampa","datePublished":"2023-02-17T10:38:23+00:00","dateModified":"2023-02-17T10:51:10+00:00","mainEntityOfPage":{"@id":"https:\/\/www.pressenza.com\/it\/2023\/02\/crisi-climatica-i-governi-sono-responsabili-extinction-rebellion-occupa-la-rai-la-repubblica-e-la-stampa\/"},"wordCount":565,"publisher":{"@id":"https:\/\/www.pressenza.com\/it\/#organization"},"image":{"@id":"https:\/\/www.pressenza.com\/it\/2023\/02\/crisi-climatica-i-governi-sono-responsabili-extinction-rebellion-occupa-la-rai-la-repubblica-e-la-stampa\/#primaryimage"},"thumbnailUrl":"https:\/\/www.pressenza.com\/wp-content\/uploads\/2023\/02\/photo_2023-02-17_09-29-16.jpg","keywords":["Extinction Rebellion (XR) Torino"],"articleSection":["contenuti originali","Ecologia ed Ambiente","Fotoreportages","Video"],"inLanguage":"it-IT"},{"@type":"WebPage","@id":"https:\/\/www.pressenza.com\/it\/2023\/02\/crisi-climatica-i-governi-sono-responsabili-extinction-rebellion-occupa-la-rai-la-repubblica-e-la-stampa\/","url":"https:\/\/www.pressenza.com\/it\/2023\/02\/crisi-climatica-i-governi-sono-responsabili-extinction-rebellion-occupa-la-rai-la-repubblica-e-la-stampa\/","name":"\u201cCrisi climatica, i governi sono responsabili\u201d: Extinction Rebellion occupa la Rai, la Repubblica e la Stampa","isPartOf":{"@id":"https:\/\/www.pressenza.com\/it\/#website"},"primaryImageOfPage":{"@id":"https:\/\/www.pressenza.com\/it\/2023\/02\/crisi-climatica-i-governi-sono-responsabili-extinction-rebellion-occupa-la-rai-la-repubblica-e-la-stampa\/#primaryimage"},"image":{"@id":"https:\/\/www.pressenza.com\/it\/2023\/02\/crisi-climatica-i-governi-sono-responsabili-extinction-rebellion-occupa-la-rai-la-repubblica-e-la-stampa\/#primaryimage"},"thumbnailUrl":"https:\/\/www.pressenza.com\/wp-content\/uploads\/2023\/02\/photo_2023-02-17_09-29-16.jpg","datePublished":"2023-02-17T10:38:23+00:00","dateModified":"2023-02-17T10:51:10+00:00","description":"Poco dopo le 9, diversi gruppi di Extinction Rebellion hanno occupato gli ingressi della RAI e delle sedi de La Stampa e La Repubblica","breadcrumb":{"@id":"https:\/\/www.pressenza.com\/it\/2023\/02\/crisi-climatica-i-governi-sono-responsabili-extinction-rebellion-occupa-la-rai-la-repubblica-e-la-stampa\/#breadcrumb"},"inLanguage":"it-IT","potentialAction":[{"@type":"ReadAction","target":["https:\/\/www.pressenza.com\/it\/2023\/02\/crisi-climatica-i-governi-sono-responsabili-extinction-rebellion-occupa-la-rai-la-repubblica-e-la-stampa\/"]}]},{"@type":"ImageObject","inLanguage":"it-IT","@id":"https:\/\/www.pressenza.com\/it\/2023\/02\/crisi-climatica-i-governi-sono-responsabili-extinction-rebellion-occupa-la-rai-la-repubblica-e-la-stampa\/#primaryimage","url":"https:\/\/www.pressenza.com\/wp-content\/uploads\/2023\/02\/photo_2023-02-17_09-29-16.jpg","contentUrl":"https:\/\/www.pressenza.com\/wp-content\/uploads\/2023\/02\/photo_2023-02-17_09-29-16.jpg","width":1280,"height":960},{"@type":"BreadcrumbList","@id":"https:\/\/www.pressenza.com\/it\/2023\/02\/crisi-climatica-i-governi-sono-responsabili-extinction-rebellion-occupa-la-rai-la-repubblica-e-la-stampa\/#breadcrumb","itemListElement":[{"@type":"ListItem","position":1,"name":"Accueil","item":"https:\/\/www.pressenza.com\/it\/"},{"@type":"ListItem","position":2,"name":"\u201cCrisi climatica, i governi sono responsabili\u201d: Extinction Rebellion occupa la Rai, la Repubblica e la Stampa"}]},{"@type":"WebSite","@id":"https:\/\/www.pressenza.com\/it\/#website","url":"https:\/\/www.pressenza.com\/it\/","name":"Pressenza","description":"Agenzia di Stampa Internazionale","publisher":{"@id":"https:\/\/www.pressenza.com\/it\/#organization"},"potentialAction":[{"@type":"SearchAction","target":{"@type":"EntryPoint","urlTemplate":"https:\/\/www.pressenza.com\/it\/?s={search_term_string}"},"query-input":{"@type":"PropertyValueSpecification","valueRequired":true,"valueName":"search_term_string"}}],"inLanguage":"it-IT"},{"@type":"Organization","@id":"https:\/\/www.pressenza.com\/it\/#organization","name":"Pressenza","url":"https:\/\/www.pressenza.com\/it\/","logo":{"@type":"ImageObject","inLanguage":"it-IT","@id":"https:\/\/www.pressenza.com\/it\/#\/schema\/logo\/image\/","url":"https:\/\/www.pressenza.com\/wp-content\/uploads\/2022\/10\/pressenza_logo_200x200.jpg","contentUrl":"https:\/\/www.pressenza.com\/wp-content\/uploads\/2022\/10\/pressenza_logo_200x200.jpg","width":200,"height":200,"caption":"Pressenza"},"image":{"@id":"https:\/\/www.pressenza.com\/it\/#\/schema\/logo\/image\/"},"sameAs":["https:\/\/www.facebook.com\/PressenzaItalia","https:\/\/x.com\/PressenzaIPA"]},{"@type":"Person","@id":"https:\/\/www.pressenza.com\/it\/#\/schema\/person\/469654e5f261458f78054b73ca6931aa","name":"Extinction Rebellion","description":"Extinction Rebellion (XR) \u00e8 un movimento internazionale \u201cdal basso\u201d, nonviolento, fondato in Inghilterra in risposta alla devastazione ambientale causata dalle attivit\u00e0 umane. La sua ragione d\u2019essere si basa sui risultati scientifici.","sameAs":["https:\/\/rebellion.earth\/"],"url":"https:\/\/www.pressenza.com\/it\/author\/extinction-rebellion\/"}]}},"place":"Torino","original_article_url":"","_links":{"self":[{"href":"https:\/\/www.pressenza.com\/it\/wp-json\/wp\/v2\/posts\/1717983","targetHints":{"allow":["GET"]}}],"collection":[{"href":"https:\/\/www.pressenza.com\/it\/wp-json\/wp\/v2\/posts"}],"about":[{"href":"https:\/\/www.pressenza.com\/it\/wp-json\/wp\/v2\/types\/post"}],"author":[{"embeddable":true,"href":"https:\/\/www.pressenza.com\/it\/wp-json\/wp\/v2\/users\/1696"}],"replies":[{"embeddable":true,"href":"https:\/\/www.pressenza.com\/it\/wp-json\/wp\/v2\/comments?post=1717983"}],"version-history":[{"count":0,"href":"https:\/\/www.pressenza.com\/it\/wp-json\/wp\/v2\/posts\/1717983\/revisions"}],"wp:featuredmedia":[{"embeddable":true,"href":"https:\/\/www.pressenza.com\/it\/wp-json\/wp\/v2\/media\/1718061"}],"wp:attachment":[{"href":"https:\/\/www.pressenza.com\/it\/wp-json\/wp\/v2\/media?parent=1717983"}],"wp:term":[{"taxonomy":"category","embeddable":true,"href":"https:\/\/www.pressenza.com\/it\/wp-json\/wp\/v2\/categories?post=1717983"},{"taxonomy":"post_tag","embeddable":true,"href":"https:\/\/www.pressenza.com\/it\/wp-json\/wp\/v2\/tags?post=1717983"}],"curies":[{"name":"wp","href":"https:\/\/api.w.org\/{rel}","templated":true}]}}