{"id":1713158,"date":"2023-01-30T20:08:32","date_gmt":"2023-01-30T20:08:32","guid":{"rendered":"https:\/\/www.pressenza.com\/?p=1713158"},"modified":"2023-01-31T10:23:10","modified_gmt":"2023-01-31T10:23:10","slug":"la-prefettura-di-palermo-non-risponde-e-fissa-un-altro-sgombero-per-giovedi","status":"publish","type":"post","link":"https:\/\/www.pressenza.com\/it\/2023\/01\/la-prefettura-di-palermo-non-risponde-e-fissa-un-altro-sgombero-per-giovedi\/","title":{"rendered":"La Prefettura di Palermo \u201cnon risponde e fissa un altro sgombero per gioved\u00ec\u201d"},"content":{"rendered":"<p><em>DIFENDIAMO CHI \u00c8 SOLO, LA SOLIDARIET\u00c0 \u00c8 LA NOSTRA ARMA! <\/em><em>VOGLIAMO CASE, LAVORO DEGNO E DOCUMENTI PER TUTTI\/E ! Cos\u00ec recita il sottotitolo del comunicato dell&#8217;ASIA-USB che volentieri pubblichiamo, coerentemente alla linea editoriale che da tempo segnala sulle pagine della nostra Agenzia l&#8217;annosa questione del disagio abitativo che da anni caratterizza &#8211; fra le tante &#8211; una delle pi\u00f9 incombenti emergenze sociali cittadine come lavoro, reddito e qualit\u00e0 della vita<\/em><\/p>\n<p>\u00c8 ormai notizia di qualche mese fa la programmazione di circa 1700 sgomberi da parte del Comitato provinciale di Ordine Pubblico e Sicurezza che riunisce i vertici di Prefettura, Comune di Palermo e Questura; la fonte, interna agli uffici del Comune, preferisce non rivelarsi per paura di rappresaglie da parte delle nuove designazioni assessoriali. Negli ultimi mesi le proteste dei\/delle senzacasa raggiunti\/e da ordinanza di sgombero sono riuscite a ottenere una proroga per quelli programmati negli stabili abbandonati e occupati per necessit\u00e0 da pi\u00f9 famiglie (37 nel caso di una palazzina di Uditore, con pi\u00f9 di 50 minori) ma i nuclei singoli non riescono parimenti a difendersi dal sopruso e dalla negligenza delle Istituzioni; sopruso che si definisce in atti violenti e di repressione di fenomeni sociali dovuti a carenza strutturale di case popolari (in Italia rappresentano tra il 3 e il 4% del patrimonio immobiliare complessivo contro il 16,5% francese e il 17,5% del Regno Unito, ad esempio) e di politiche abitative pubbliche.<\/p>\n<p><img loading=\"lazy\" decoding=\"async\" class=\"aligncenter wp-image-1713162 size-full\" src=\"https:\/\/www.pressenza.com\/wp-content\/uploads\/2023\/01\/311819337_565765812216424_5742351023203495507_n-1.jpg\" alt=\"\" width=\"600\" height=\"523\" srcset=\"https:\/\/www.pressenza.com\/wp-content\/uploads\/2023\/01\/311819337_565765812216424_5742351023203495507_n-1.jpg 600w, https:\/\/www.pressenza.com\/wp-content\/uploads\/2023\/01\/311819337_565765812216424_5742351023203495507_n-1-300x262.jpg 300w\" sizes=\"auto, (max-width: 600px) 100vw, 600px\" \/><\/p>\n<p>Adesso \u00e8 il turno di una famiglia con 2 minori e di una persona singola, occupanti per necessit\u00e0 di due alloggi in una palazzina confiscata alla mafia in via Doride nella zona di Partanna: gioved\u00ec mattina (sono state informate oralmente dalla caserma della zona) verranno sgomberate coattivamente dalle forze dell&#8217;ordine senza alcuna soluzione se non quella di dormire in macchina. La famiglia ha richiesto la sospensione dello sgombero per garantire lo spostamento da casa a casa dei soggetti in emergenza abitativa che hanno autorecuperato gli immobili abbandonati che abitano da cos\u00ec tanti anni che, nel caso in cui il Comune o lo IACP recepiscano gli immobili dall&#8217;Agenzia Nazionale dei Beni Sequestrati e Confiscati, avrebbero diritto alla sanatoria secondo legge regionale n.8 del 08\/05\/2018.<\/p>\n<p>Anche questo sgombero violento \u00e8 evitabile; purtroppo, per\u00f2, la presa ideologica di estrema destra che sta pervadendo il nostro territorio e l&#8217;Italia intera, d\u00e0 vita a queste operazioni violente e disumane e all&#8217;assenza di politiche sociali funzionali a garantire i diritti costituzionali. Riportiamo le Istituzioni ai vincoli costituzionali, la bomba sociale che gonfia nella nostra citt\u00e0 rischia di esplodere con queste scintille.<\/p>\n<p>Gioved\u00ec all&#8217;alba saremo in via Doride per stare accanto alle vittime di questo sistema criminale: invitiamo amici\/che, parenti, giornalisti\/e e chiunque voglia costruire la rete di solidariet\u00e0 popolare che ci pu\u00f2 salvare da questa deriva incostituzionale. Vi aspettano caff\u00e8 e cornetti!<\/p>\n<p><a href=\"https:\/\/www.facebook.com\/fdspalermo\/posts\/pfbid0dYeC8toFUQHVU5sqUBDhDXrUZUNkEzruymVPF78jJZgfbktfVqrswGh55iUyD9S8l?__cft__%5b0%5d=AZWmJqG8WacFguu617vacjO2hZEgw1iPmJfaghfLqqJIwXyrQHPBN6DL0LGvbmjZWf8-sSbVDIsCiHkGkKBqVdq19G6hLr5wNy0uEY5xNaK04BfjMzZp9c4E1Gq25JyUf2PcSQbsdNnZRHA3IxdBVZfZlmcea7--g6ttmSUeDPvabPegVEa88anjFlu9qRJTwmg&amp;__tn__=%2CO%2CP-R\">\u00a0Comunicato Stampa <\/a><\/p>\n<p>&nbsp;<\/p>\n","protected":false},"excerpt":{"rendered":"<p>DIFENDIAMO CHI \u00c8 SOLO, LA SOLIDARIET\u00c0 \u00c8 LA NOSTRA ARMA! VOGLIAMO CASE, LAVORO DEGNO E DOCUMENTI PER TUTTI\/E ! Cos\u00ec recita il sottotitolo del comunicato dell&#8217;ASIA-USB che volentieri pubblichiamo, coerentemente alla linea editoriale che da tempo segnala sulle pagine della&hellip;<\/p>\n","protected":false},"author":1860,"featured_media":1713164,"comment_status":"closed","ping_status":"closed","sticky":false,"template":"","format":"standard","meta":{"footnotes":""},"categories":[150,60,47],"tags":[61111,32447,36481],"class_list":["post-1713158","post","type-post","status-publish","format-standard","has-post-thumbnail","hentry","category-comunicati-stampa","category-diritti-umani","category-europa","tag-emergenza-abitativa","tag-pugno-di-ferro","tag-sgombero"],"yoast_head":"<!-- This site is optimized with the Yoast SEO plugin v27.1.1 - https:\/\/yoast.com\/product\/yoast-seo-wordpress\/ -->\n<title>La Prefettura di Palermo \u201cnon risponde e fissa un altro sgombero per gioved\u00ec\u201d<\/title>\n<meta name=\"description\" content=\"DIFENDIAMO CHI \u00c8 SOLO, LA SOLIDARIET\u00c0 \u00c8 LA NOSTRA ARMA! VOGLIAMO CASE, LAVORO DEGNO E DOCUMENTI PER TUTTI\/E ! Cos\u00ec recita il sottotitolo del comunicato\" \/>\n<meta name=\"robots\" content=\"index, follow, max-snippet:-1, max-image-preview:large, max-video-preview:-1\" \/>\n<link rel=\"canonical\" href=\"https:\/\/www.pressenza.com\/it\/2023\/01\/la-prefettura-di-palermo-non-risponde-e-fissa-un-altro-sgombero-per-giovedi\/\" \/>\n<meta property=\"og:locale\" content=\"it_IT\" \/>\n<meta property=\"og:type\" content=\"article\" \/>\n<meta property=\"og:title\" content=\"La Prefettura di Palermo \u201cnon risponde e fissa un altro sgombero per gioved\u00ec\u201d\" \/>\n<meta property=\"og:description\" content=\"DIFENDIAMO CHI \u00c8 SOLO, LA SOLIDARIET\u00c0 \u00c8 LA NOSTRA ARMA! VOGLIAMO CASE, LAVORO DEGNO E DOCUMENTI PER TUTTI\/E ! Cos\u00ec recita il sottotitolo del comunicato\" \/>\n<meta property=\"og:url\" content=\"https:\/\/www.pressenza.com\/it\/2023\/01\/la-prefettura-di-palermo-non-risponde-e-fissa-un-altro-sgombero-per-giovedi\/\" \/>\n<meta property=\"og:site_name\" content=\"Pressenza\" \/>\n<meta property=\"article:publisher\" content=\"https:\/\/www.facebook.com\/PressenzaItalia\" \/>\n<meta property=\"article:published_time\" content=\"2023-01-30T20:08:32+00:00\" \/>\n<meta property=\"article:modified_time\" content=\"2023-01-31T10:23:10+00:00\" \/>\n<meta property=\"og:image\" content=\"https:\/\/www.pressenza.com\/wp-content\/uploads\/2023\/01\/317847444_600605475399124_460713439381736678_n.jpg\" \/>\n\t<meta property=\"og:image:width\" content=\"694\" \/>\n\t<meta property=\"og:image:height\" content=\"540\" \/>\n\t<meta property=\"og:image:type\" content=\"image\/jpeg\" \/>\n<meta name=\"author\" content=\"Redazione Palermo\" \/>\n<meta name=\"twitter:card\" content=\"summary_large_image\" \/>\n<meta name=\"twitter:creator\" content=\"@PressenzaIPA\" \/>\n<meta name=\"twitter:site\" content=\"@PressenzaIPA\" \/>\n<meta name=\"twitter:label1\" content=\"Scritto da\" \/>\n\t<meta name=\"twitter:data1\" content=\"Redazione Palermo\" \/>\n\t<meta name=\"twitter:label2\" content=\"Tempo di lettura stimato\" \/>\n\t<meta name=\"twitter:data2\" content=\"3 minuti\" \/>\n<script type=\"application\/ld+json\" class=\"yoast-schema-graph\">{\"@context\":\"https:\/\/schema.org\",\"@graph\":[{\"@type\":\"Article\",\"@id\":\"https:\/\/www.pressenza.com\/it\/2023\/01\/la-prefettura-di-palermo-non-risponde-e-fissa-un-altro-sgombero-per-giovedi\/#article\",\"isPartOf\":{\"@id\":\"https:\/\/www.pressenza.com\/it\/2023\/01\/la-prefettura-di-palermo-non-risponde-e-fissa-un-altro-sgombero-per-giovedi\/\"},\"author\":{\"name\":\"Redazione Palermo\",\"@id\":\"https:\/\/www.pressenza.com\/it\/#\/schema\/person\/dd233b73788fa2d4f797777f9b6c1100\"},\"headline\":\"La Prefettura di Palermo \u201cnon risponde e fissa un altro sgombero per gioved\u00ec\u201d\",\"datePublished\":\"2023-01-30T20:08:32+00:00\",\"dateModified\":\"2023-01-31T10:23:10+00:00\",\"mainEntityOfPage\":{\"@id\":\"https:\/\/www.pressenza.com\/it\/2023\/01\/la-prefettura-di-palermo-non-risponde-e-fissa-un-altro-sgombero-per-giovedi\/\"},\"wordCount\":473,\"publisher\":{\"@id\":\"https:\/\/www.pressenza.com\/it\/#organization\"},\"image\":{\"@id\":\"https:\/\/www.pressenza.com\/it\/2023\/01\/la-prefettura-di-palermo-non-risponde-e-fissa-un-altro-sgombero-per-giovedi\/#primaryimage\"},\"thumbnailUrl\":\"https:\/\/www.pressenza.com\/wp-content\/uploads\/2023\/01\/317847444_600605475399124_460713439381736678_n.jpg\",\"keywords\":[\"emergenza abitativa\",\"pugno di ferro\",\"sgombero\"],\"articleSection\":[\"Comunicati Stampa\",\"Diritti Umani\",\"Europa\"],\"inLanguage\":\"it-IT\"},{\"@type\":\"WebPage\",\"@id\":\"https:\/\/www.pressenza.com\/it\/2023\/01\/la-prefettura-di-palermo-non-risponde-e-fissa-un-altro-sgombero-per-giovedi\/\",\"url\":\"https:\/\/www.pressenza.com\/it\/2023\/01\/la-prefettura-di-palermo-non-risponde-e-fissa-un-altro-sgombero-per-giovedi\/\",\"name\":\"La Prefettura di Palermo \u201cnon risponde e fissa un altro sgombero per gioved\u00ec\u201d\",\"isPartOf\":{\"@id\":\"https:\/\/www.pressenza.com\/it\/#website\"},\"primaryImageOfPage\":{\"@id\":\"https:\/\/www.pressenza.com\/it\/2023\/01\/la-prefettura-di-palermo-non-risponde-e-fissa-un-altro-sgombero-per-giovedi\/#primaryimage\"},\"image\":{\"@id\":\"https:\/\/www.pressenza.com\/it\/2023\/01\/la-prefettura-di-palermo-non-risponde-e-fissa-un-altro-sgombero-per-giovedi\/#primaryimage\"},\"thumbnailUrl\":\"https:\/\/www.pressenza.com\/wp-content\/uploads\/2023\/01\/317847444_600605475399124_460713439381736678_n.jpg\",\"datePublished\":\"2023-01-30T20:08:32+00:00\",\"dateModified\":\"2023-01-31T10:23:10+00:00\",\"description\":\"DIFENDIAMO CHI \u00c8 SOLO, LA SOLIDARIET\u00c0 \u00c8 LA NOSTRA ARMA! VOGLIAMO CASE, LAVORO DEGNO E DOCUMENTI PER TUTTI\/E ! Cos\u00ec recita il sottotitolo del comunicato\",\"breadcrumb\":{\"@id\":\"https:\/\/www.pressenza.com\/it\/2023\/01\/la-prefettura-di-palermo-non-risponde-e-fissa-un-altro-sgombero-per-giovedi\/#breadcrumb\"},\"inLanguage\":\"it-IT\",\"potentialAction\":[{\"@type\":\"ReadAction\",\"target\":[\"https:\/\/www.pressenza.com\/it\/2023\/01\/la-prefettura-di-palermo-non-risponde-e-fissa-un-altro-sgombero-per-giovedi\/\"]}]},{\"@type\":\"ImageObject\",\"inLanguage\":\"it-IT\",\"@id\":\"https:\/\/www.pressenza.com\/it\/2023\/01\/la-prefettura-di-palermo-non-risponde-e-fissa-un-altro-sgombero-per-giovedi\/#primaryimage\",\"url\":\"https:\/\/www.pressenza.com\/wp-content\/uploads\/2023\/01\/317847444_600605475399124_460713439381736678_n.jpg\",\"contentUrl\":\"https:\/\/www.pressenza.com\/wp-content\/uploads\/2023\/01\/317847444_600605475399124_460713439381736678_n.jpg\",\"width\":694,\"height\":540},{\"@type\":\"BreadcrumbList\",\"@id\":\"https:\/\/www.pressenza.com\/it\/2023\/01\/la-prefettura-di-palermo-non-risponde-e-fissa-un-altro-sgombero-per-giovedi\/#breadcrumb\",\"itemListElement\":[{\"@type\":\"ListItem\",\"position\":1,\"name\":\"Accueil\",\"item\":\"https:\/\/www.pressenza.com\/it\/\"},{\"@type\":\"ListItem\",\"position\":2,\"name\":\"La Prefettura di Palermo \u201cnon risponde e fissa un altro sgombero per gioved\u00ec\u201d\"}]},{\"@type\":\"WebSite\",\"@id\":\"https:\/\/www.pressenza.com\/it\/#website\",\"url\":\"https:\/\/www.pressenza.com\/it\/\",\"name\":\"Pressenza\",\"description\":\"Agenzia di Stampa Internazionale\",\"publisher\":{\"@id\":\"https:\/\/www.pressenza.com\/it\/#organization\"},\"potentialAction\":[{\"@type\":\"SearchAction\",\"target\":{\"@type\":\"EntryPoint\",\"urlTemplate\":\"https:\/\/www.pressenza.com\/it\/?s={search_term_string}\"},\"query-input\":{\"@type\":\"PropertyValueSpecification\",\"valueRequired\":true,\"valueName\":\"search_term_string\"}}],\"inLanguage\":\"it-IT\"},{\"@type\":\"Organization\",\"@id\":\"https:\/\/www.pressenza.com\/it\/#organization\",\"name\":\"Pressenza\",\"url\":\"https:\/\/www.pressenza.com\/it\/\",\"logo\":{\"@type\":\"ImageObject\",\"inLanguage\":\"it-IT\",\"@id\":\"https:\/\/www.pressenza.com\/it\/#\/schema\/logo\/image\/\",\"url\":\"https:\/\/www.pressenza.com\/wp-content\/uploads\/2022\/10\/pressenza_logo_200x200.jpg\",\"contentUrl\":\"https:\/\/www.pressenza.com\/wp-content\/uploads\/2022\/10\/pressenza_logo_200x200.jpg\",\"width\":200,\"height\":200,\"caption\":\"Pressenza\"},\"image\":{\"@id\":\"https:\/\/www.pressenza.com\/it\/#\/schema\/logo\/image\/\"},\"sameAs\":[\"https:\/\/www.facebook.com\/PressenzaItalia\",\"https:\/\/x.com\/PressenzaIPA\"]},{\"@type\":\"Person\",\"@id\":\"https:\/\/www.pressenza.com\/it\/#\/schema\/person\/dd233b73788fa2d4f797777f9b6c1100\",\"name\":\"Redazione Palermo\",\"description\":\"News from the Pressenza Bureau in Palermo, Italy\",\"url\":\"https:\/\/www.pressenza.com\/it\/author\/redazione-palermo\/\"}]}<\/script>\n<!-- \/ Yoast SEO plugin. -->","yoast_head_json":{"title":"La Prefettura di Palermo \u201cnon risponde e fissa un altro sgombero per gioved\u00ec\u201d","description":"DIFENDIAMO CHI \u00c8 SOLO, LA SOLIDARIET\u00c0 \u00c8 LA NOSTRA ARMA! VOGLIAMO CASE, LAVORO DEGNO E DOCUMENTI PER TUTTI\/E ! Cos\u00ec recita il sottotitolo del comunicato","robots":{"index":"index","follow":"follow","max-snippet":"max-snippet:-1","max-image-preview":"max-image-preview:large","max-video-preview":"max-video-preview:-1"},"canonical":"https:\/\/www.pressenza.com\/it\/2023\/01\/la-prefettura-di-palermo-non-risponde-e-fissa-un-altro-sgombero-per-giovedi\/","og_locale":"it_IT","og_type":"article","og_title":"La Prefettura di Palermo \u201cnon risponde e fissa un altro sgombero per gioved\u00ec\u201d","og_description":"DIFENDIAMO CHI \u00c8 SOLO, LA SOLIDARIET\u00c0 \u00c8 LA NOSTRA ARMA! VOGLIAMO CASE, LAVORO DEGNO E DOCUMENTI PER TUTTI\/E ! Cos\u00ec recita il sottotitolo del comunicato","og_url":"https:\/\/www.pressenza.com\/it\/2023\/01\/la-prefettura-di-palermo-non-risponde-e-fissa-un-altro-sgombero-per-giovedi\/","og_site_name":"Pressenza","article_publisher":"https:\/\/www.facebook.com\/PressenzaItalia","article_published_time":"2023-01-30T20:08:32+00:00","article_modified_time":"2023-01-31T10:23:10+00:00","og_image":[{"width":694,"height":540,"url":"https:\/\/www.pressenza.com\/wp-content\/uploads\/2023\/01\/317847444_600605475399124_460713439381736678_n.jpg","type":"image\/jpeg"}],"author":"Redazione Palermo","twitter_card":"summary_large_image","twitter_creator":"@PressenzaIPA","twitter_site":"@PressenzaIPA","twitter_misc":{"Scritto da":"Redazione Palermo","Tempo di lettura stimato":"3 minuti"},"schema":{"@context":"https:\/\/schema.org","@graph":[{"@type":"Article","@id":"https:\/\/www.pressenza.com\/it\/2023\/01\/la-prefettura-di-palermo-non-risponde-e-fissa-un-altro-sgombero-per-giovedi\/#article","isPartOf":{"@id":"https:\/\/www.pressenza.com\/it\/2023\/01\/la-prefettura-di-palermo-non-risponde-e-fissa-un-altro-sgombero-per-giovedi\/"},"author":{"name":"Redazione Palermo","@id":"https:\/\/www.pressenza.com\/it\/#\/schema\/person\/dd233b73788fa2d4f797777f9b6c1100"},"headline":"La Prefettura di Palermo \u201cnon risponde e fissa un altro sgombero per gioved\u00ec\u201d","datePublished":"2023-01-30T20:08:32+00:00","dateModified":"2023-01-31T10:23:10+00:00","mainEntityOfPage":{"@id":"https:\/\/www.pressenza.com\/it\/2023\/01\/la-prefettura-di-palermo-non-risponde-e-fissa-un-altro-sgombero-per-giovedi\/"},"wordCount":473,"publisher":{"@id":"https:\/\/www.pressenza.com\/it\/#organization"},"image":{"@id":"https:\/\/www.pressenza.com\/it\/2023\/01\/la-prefettura-di-palermo-non-risponde-e-fissa-un-altro-sgombero-per-giovedi\/#primaryimage"},"thumbnailUrl":"https:\/\/www.pressenza.com\/wp-content\/uploads\/2023\/01\/317847444_600605475399124_460713439381736678_n.jpg","keywords":["emergenza abitativa","pugno di ferro","sgombero"],"articleSection":["Comunicati Stampa","Diritti Umani","Europa"],"inLanguage":"it-IT"},{"@type":"WebPage","@id":"https:\/\/www.pressenza.com\/it\/2023\/01\/la-prefettura-di-palermo-non-risponde-e-fissa-un-altro-sgombero-per-giovedi\/","url":"https:\/\/www.pressenza.com\/it\/2023\/01\/la-prefettura-di-palermo-non-risponde-e-fissa-un-altro-sgombero-per-giovedi\/","name":"La Prefettura di Palermo \u201cnon risponde e fissa un altro sgombero per gioved\u00ec\u201d","isPartOf":{"@id":"https:\/\/www.pressenza.com\/it\/#website"},"primaryImageOfPage":{"@id":"https:\/\/www.pressenza.com\/it\/2023\/01\/la-prefettura-di-palermo-non-risponde-e-fissa-un-altro-sgombero-per-giovedi\/#primaryimage"},"image":{"@id":"https:\/\/www.pressenza.com\/it\/2023\/01\/la-prefettura-di-palermo-non-risponde-e-fissa-un-altro-sgombero-per-giovedi\/#primaryimage"},"thumbnailUrl":"https:\/\/www.pressenza.com\/wp-content\/uploads\/2023\/01\/317847444_600605475399124_460713439381736678_n.jpg","datePublished":"2023-01-30T20:08:32+00:00","dateModified":"2023-01-31T10:23:10+00:00","description":"DIFENDIAMO CHI \u00c8 SOLO, LA SOLIDARIET\u00c0 \u00c8 LA NOSTRA ARMA! VOGLIAMO CASE, LAVORO DEGNO E DOCUMENTI PER TUTTI\/E ! Cos\u00ec recita il sottotitolo del comunicato","breadcrumb":{"@id":"https:\/\/www.pressenza.com\/it\/2023\/01\/la-prefettura-di-palermo-non-risponde-e-fissa-un-altro-sgombero-per-giovedi\/#breadcrumb"},"inLanguage":"it-IT","potentialAction":[{"@type":"ReadAction","target":["https:\/\/www.pressenza.com\/it\/2023\/01\/la-prefettura-di-palermo-non-risponde-e-fissa-un-altro-sgombero-per-giovedi\/"]}]},{"@type":"ImageObject","inLanguage":"it-IT","@id":"https:\/\/www.pressenza.com\/it\/2023\/01\/la-prefettura-di-palermo-non-risponde-e-fissa-un-altro-sgombero-per-giovedi\/#primaryimage","url":"https:\/\/www.pressenza.com\/wp-content\/uploads\/2023\/01\/317847444_600605475399124_460713439381736678_n.jpg","contentUrl":"https:\/\/www.pressenza.com\/wp-content\/uploads\/2023\/01\/317847444_600605475399124_460713439381736678_n.jpg","width":694,"height":540},{"@type":"BreadcrumbList","@id":"https:\/\/www.pressenza.com\/it\/2023\/01\/la-prefettura-di-palermo-non-risponde-e-fissa-un-altro-sgombero-per-giovedi\/#breadcrumb","itemListElement":[{"@type":"ListItem","position":1,"name":"Accueil","item":"https:\/\/www.pressenza.com\/it\/"},{"@type":"ListItem","position":2,"name":"La Prefettura di Palermo \u201cnon risponde e fissa un altro sgombero per gioved\u00ec\u201d"}]},{"@type":"WebSite","@id":"https:\/\/www.pressenza.com\/it\/#website","url":"https:\/\/www.pressenza.com\/it\/","name":"Pressenza","description":"Agenzia di Stampa Internazionale","publisher":{"@id":"https:\/\/www.pressenza.com\/it\/#organization"},"potentialAction":[{"@type":"SearchAction","target":{"@type":"EntryPoint","urlTemplate":"https:\/\/www.pressenza.com\/it\/?s={search_term_string}"},"query-input":{"@type":"PropertyValueSpecification","valueRequired":true,"valueName":"search_term_string"}}],"inLanguage":"it-IT"},{"@type":"Organization","@id":"https:\/\/www.pressenza.com\/it\/#organization","name":"Pressenza","url":"https:\/\/www.pressenza.com\/it\/","logo":{"@type":"ImageObject","inLanguage":"it-IT","@id":"https:\/\/www.pressenza.com\/it\/#\/schema\/logo\/image\/","url":"https:\/\/www.pressenza.com\/wp-content\/uploads\/2022\/10\/pressenza_logo_200x200.jpg","contentUrl":"https:\/\/www.pressenza.com\/wp-content\/uploads\/2022\/10\/pressenza_logo_200x200.jpg","width":200,"height":200,"caption":"Pressenza"},"image":{"@id":"https:\/\/www.pressenza.com\/it\/#\/schema\/logo\/image\/"},"sameAs":["https:\/\/www.facebook.com\/PressenzaItalia","https:\/\/x.com\/PressenzaIPA"]},{"@type":"Person","@id":"https:\/\/www.pressenza.com\/it\/#\/schema\/person\/dd233b73788fa2d4f797777f9b6c1100","name":"Redazione Palermo","description":"News from the Pressenza Bureau in Palermo, Italy","url":"https:\/\/www.pressenza.com\/it\/author\/redazione-palermo\/"}]}},"place":"AS.I.A \\ USB","original_article_url":"","_links":{"self":[{"href":"https:\/\/www.pressenza.com\/it\/wp-json\/wp\/v2\/posts\/1713158","targetHints":{"allow":["GET"]}}],"collection":[{"href":"https:\/\/www.pressenza.com\/it\/wp-json\/wp\/v2\/posts"}],"about":[{"href":"https:\/\/www.pressenza.com\/it\/wp-json\/wp\/v2\/types\/post"}],"author":[{"embeddable":true,"href":"https:\/\/www.pressenza.com\/it\/wp-json\/wp\/v2\/users\/1860"}],"replies":[{"embeddable":true,"href":"https:\/\/www.pressenza.com\/it\/wp-json\/wp\/v2\/comments?post=1713158"}],"version-history":[{"count":0,"href":"https:\/\/www.pressenza.com\/it\/wp-json\/wp\/v2\/posts\/1713158\/revisions"}],"wp:featuredmedia":[{"embeddable":true,"href":"https:\/\/www.pressenza.com\/it\/wp-json\/wp\/v2\/media\/1713164"}],"wp:attachment":[{"href":"https:\/\/www.pressenza.com\/it\/wp-json\/wp\/v2\/media?parent=1713158"}],"wp:term":[{"taxonomy":"category","embeddable":true,"href":"https:\/\/www.pressenza.com\/it\/wp-json\/wp\/v2\/categories?post=1713158"},{"taxonomy":"post_tag","embeddable":true,"href":"https:\/\/www.pressenza.com\/it\/wp-json\/wp\/v2\/tags?post=1713158"}],"curies":[{"name":"wp","href":"https:\/\/api.w.org\/{rel}","templated":true}]}}