{"id":1712581,"date":"2023-01-27T20:41:00","date_gmt":"2023-01-27T20:41:00","guid":{"rendered":"https:\/\/www.pressenza.com\/?p=1712581"},"modified":"2023-01-27T20:41:00","modified_gmt":"2023-01-27T20:41:00","slug":"no-a-zelensky-a-sanremo","status":"publish","type":"post","link":"https:\/\/www.pressenza.com\/it\/2023\/01\/no-a-zelensky-a-sanremo\/","title":{"rendered":"No a Zelensky a Sanremo"},"content":{"rendered":"<p><strong>Professori universitari, giornalisti, economisti, artisti e giuristi lanciano una petizione per contestare <\/strong><strong>la partecipazione del presidente ucraino al Festival di Sanremo e promuovono una manifestazione sabato 11 febbraio dalle 10 alle 20 a Pian di Nave a Sanremo. <\/strong><\/p>\n<p><strong>Testo della petizione: <\/strong><\/p>\n<p>Fin dagli albori della televisione pubblica, il Festival di Sanremo si \u00e8 accreditato come la pi\u00f9 seguita manifestazione popolare italiana. Milioni di persone seguono lo spettacolo trasmesso in mondovisione dalla Rai. Che piaccia o meno, il Festival rappresenta anche sul piano internazionale un aspetto dell\u2019identit\u00e0 culturale del Bel Paese. L\u2019Italia ha lanciato da Sanremo successi planetari che celebrano la vita, la felicit\u00e0 e l\u2019amore.<\/p>\n<p>Abbiamo appreso perci\u00f2 con incredulit\u00e0 che, in una delle serate clou dell\u2019evento, presumibilmente sabato 11 febbraio, interverr\u00e0 Vladimir Zelensky, capo di Stato di uno dei due paesi che oggi combattono la sanguinosa guerra del Donbass. Una guerra terribile, fomentata da irresponsabili invii di armi e da interessi economici e geostrategici inconfessabili, che ha portato il mondo sull\u2019orlo di un olocausto nucleare per la prima volta dopo la crisi dei missili di Cuba. Una guerra che ha ragioni complesse, tra cui il fatto che la Nato sia andata ad \u201cabbaiare ai confini della Russia&#8221; (utilizzando le parole di Papa Francesco), oltre alle conseguenze della brutale repressione del governo nazionalista di Zelensky contro la popolazione russofona, soprattutto in Donbass. Una guerra che come italiani abbiamo il dovere costituzionale di \u201cripudiare\u201d, non soltanto di rifiutare, nel rispetto dell\u2019 Art. 11 Costituzione, ma che invece continuiamo a finanziare, favorendone cos\u00ec in modo diretto e indiretto la letale escalation.<\/p>\n<p>L\u2019Italia non solo invia armi (ed aumenta il budget militare in una fase economica difficilissima per la maggioranza degli italiani), ma lascia che la NATO e gli Stati Uniti utilizzino a loro piacimento il suo territorio, in assenza di qualsiasi forma di controllo governativo, parlamentare e popolare. A causa di questa posizione acritica e supina, l\u2019Italia ha rinunciato a svolgere l\u2019importante ruolo di mediazione geopolitica che corrisponde alla sua vocazione storica, abdicando al contempo al proprio interesse nazionale e al proprio ruolo di fondatrice del processo di unificazione europea, come struttura per assicurare la pace fra le nazioni.<\/p>\n<p>Proprio in queste settimane, mentre la propaganda infuria sui giornali controllati dagli interessi del blocco finanziario che si riconosce nella NATO, \u00e8 in corso da parte americana la sostituzione dei precedenti ordigni nucleari. Questi gi\u00e0 da anni collocati sul suolo italiano (in violazione del Trattato sulla non proliferazione nucleare a suo tempo sottoscritto sia dagli USA che dall\u2019Italia) saranno ora sostituiti con dispositivi di ultimissima generazione, dotati di intelligenza artificiale e piena manovrabilit\u00e0 a distanza. Un\u2019operazione pericolosissima anche nell\u2019immediato, di cui il popolo italiano, che pi\u00f9 volte si \u00e8 espresso contro il rischio nucleare anche civile, \u00e8 tenuto all\u2019oscuro.<\/p>\n<p>Riteniamo dunque tragicamente ridicolo e profondamente irrispettoso di un&#8217;ampia fetta dell&#8217;opinione pubblica che non si riconosce nelle politiche militari dei governi Draghi e Meloni il fatto che Zelensky sia invitato a Sanremo. Il dramma oggi in corso nel suo Paese non \u00e8 altro, infatti, che l&#8217;epilogo di un conflitto ben pi\u00f9 lungo, quale quello del Donbass, che i maggiori Stati della NATO (quegli stessi cui oggi l&#8217;Italia \u00e8 accodata!) hanno contribuito ampiamente a fomentare, limitandosi ad appoggiare militarmente l&#8217;Ucraina, nel corso degli anni.<\/p>\n<p>Come intellettuali abbiamo il dovere di comprendere ci\u00f2 che avviene dietro le quinte, e ci mettiamo perci\u00f2 a disposizione per parlare al popolo italiano, che a tal fine invitiamo alla mobilitazione sabato 11 febbraio a Sanremo, per partecipare ad una grande assemblea popolare di piazza. L\u2019Italia deve uscire subito dalla guerra interrompendo ogni aiuto diretto o indiretto a una delle parti in conflitto. L\u2019 Italia non pu\u00f2 rassegnarsi a restare un deposito di ordigni nucleari micidiali sotto controllo americano, n\u00e9 luogo di laboratori e centri di ricerca bellici. \u00c8 necessario liberare il nostro territorio da questa presenza.<\/p>\n<p>Saremo a Sanremo l\u201911 febbraio per dire al mondo in modo motivato e razionale ma forte e chiaro: Il ripudio della guerra significa ripudio senza se e senza ma. La sovranit\u00e0 pu\u00f2 essere limitata solo per assicurare la pace e la giustizia fra le nazioni (Art. 11 Cost.).<\/p>\n<p>UGO Mattei (Generazioni Future\/CLN; giurista, professore universitario)<\/p>\n<p>Manlio Dinucci (Comitato NO NATO NO WAR; giornalista)<\/p>\n<p>Germana Leoni (Comitato NO NATO NO WAR\/CLN; giornalista)<\/p>\n<p>Alberto Bradanini (ex ambasciatore)<\/p>\n<p>Franco Cardini (storico, professore universitario)<\/p>\n<p>Carlo Freccero (massmediologo)<\/p>\n<p>Joseph Halevi (economista, professore universitario)<\/p>\n<p>Moni Ovadia (regista, drammaturgo)<\/p>\n<p>Paolo Cappellini (storico del diritto, professore universitario)<\/p>\n<p>Franco Guarino (reporter)<\/p>\n<p>Geminello Preterossi (filosofo del diritto, professore universitario)<\/p>\n<p>Roberto Michelangelo Giordi (scrittore, cantautore)<\/p>\n<p>Alessandro Somma (giurista, professore universitario)<\/p>\n<p>Savino Balzano (sindacalista, saggista)<\/p>\n<p>Anna Cavaliere (giurista, professore universitario)<\/p>\n<p>Thomas Fazi (economista, saggista)<\/p>\n<p>Carlo Magnani (giurista, ricercatore)<\/p>\n<p>Pasquale De Sena (giurista, professore universitario)<\/p>\n<p>Alessandra Camaiani (giurista, ricercatrice)<\/p>\n<p>Gabriele Guzzi (economista, presidente de L\u2019Indispensabile)<\/p>\n<p>Giovanni Messina (giurista, ricercatore)<\/p>\n<p>Giulio Di Donato (filosofo del diritto, ricercatore)<\/p>\n<p>Sara Gandini (epidemiologa, biostatistica, professore universitario)<\/p>\n<p>Simone Luciani (editore)<\/p>\n<p>Sirio Zolea (giurista, ricercatore)<\/p>\n<p>Giorgio Bianchi (giornalista, attivista)<\/p>\n<p>Alessandro Di Battista (politico, giornalista)<\/p>\n<p>Giuseppe Mastruzzo (direttore International University College of Turin)<\/p>\n<p><a href=\"https:\/\/www.byoblu.com\/sanremo-libera\/\">Link per firmare la petizione.<\/a><\/p>\n","protected":false},"excerpt":{"rendered":"<p>Professori universitari, giornalisti, economisti, artisti e giuristi lanciano una petizione per contestare la partecipazione del presidente ucraino al Festival di Sanremo e promuovono una manifestazione sabato 11 febbraio dalle 10 alle 20 a Pian di Nave a Sanremo. Testo della&hellip;<\/p>\n","protected":false},"author":594,"featured_media":1712582,"comment_status":"closed","ping_status":"closed","sticky":false,"template":"","format":"standard","meta":{"footnotes":""},"categories":[56,47,1263],"tags":[109601,70763,318,207,1564,2804,8514,109600],"class_list":["post-1712581","post","type-post","status-publish","format-standard","has-post-thumbnail","hentry","category-cultura","category-europa","category-pace-disarmo","tag-articolo-11-della-costituzione","tag-festival-di-sanremo","tag-manifestazione","tag-nato","tag-petizione","tag-russia-it","tag-ucraina","tag-vladimir-zelensky"],"yoast_head":"<!-- This site is optimized with the Yoast SEO plugin v27.1.1 - https:\/\/yoast.com\/product\/yoast-seo-wordpress\/ -->\n<title>No a Zelensky a Sanremo<\/title>\n<meta name=\"description\" content=\"Professori universitari, giornalisti, economisti, artisti e giuristi lanciano una petizione per contestare la partecipazione del presidente ucraino al\" \/>\n<meta name=\"robots\" content=\"index, follow, max-snippet:-1, max-image-preview:large, max-video-preview:-1\" \/>\n<link rel=\"canonical\" href=\"https:\/\/www.pressenza.com\/it\/2023\/01\/no-a-zelensky-a-sanremo\/\" \/>\n<meta property=\"og:locale\" content=\"it_IT\" \/>\n<meta property=\"og:type\" content=\"article\" \/>\n<meta property=\"og:title\" content=\"No a Zelensky a Sanremo\" \/>\n<meta property=\"og:description\" content=\"Professori universitari, giornalisti, economisti, artisti e giuristi lanciano una petizione per contestare la partecipazione del presidente ucraino al\" \/>\n<meta property=\"og:url\" content=\"https:\/\/www.pressenza.com\/it\/2023\/01\/no-a-zelensky-a-sanremo\/\" \/>\n<meta property=\"og:site_name\" content=\"Pressenza\" \/>\n<meta property=\"article:publisher\" content=\"https:\/\/www.facebook.com\/PressenzaItalia\" \/>\n<meta property=\"article:author\" content=\"https:\/\/www.facebook.com\/PressenzaItalia\" \/>\n<meta property=\"article:published_time\" content=\"2023-01-27T20:41:00+00:00\" \/>\n<meta property=\"og:image\" content=\"https:\/\/www.pressenza.com\/wp-content\/uploads\/2023\/01\/Festival-del-disarmo-11-02-2023-rit.jpg\" \/>\n\t<meta property=\"og:image:width\" content=\"1563\" \/>\n\t<meta property=\"og:image:height\" content=\"677\" \/>\n\t<meta property=\"og:image:type\" content=\"image\/jpeg\" \/>\n<meta name=\"author\" content=\"Redazione Italia\" \/>\n<meta name=\"twitter:card\" content=\"summary_large_image\" \/>\n<meta name=\"twitter:creator\" content=\"@pressenza_it\" \/>\n<meta name=\"twitter:site\" content=\"@PressenzaIPA\" \/>\n<meta name=\"twitter:label1\" content=\"Scritto da\" \/>\n\t<meta name=\"twitter:data1\" content=\"Redazione Italia\" \/>\n\t<meta name=\"twitter:label2\" content=\"Tempo di lettura stimato\" \/>\n\t<meta name=\"twitter:data2\" content=\"5 minuti\" \/>\n<script type=\"application\/ld+json\" class=\"yoast-schema-graph\">{\"@context\":\"https:\/\/schema.org\",\"@graph\":[{\"@type\":\"Article\",\"@id\":\"https:\/\/www.pressenza.com\/it\/2023\/01\/no-a-zelensky-a-sanremo\/#article\",\"isPartOf\":{\"@id\":\"https:\/\/www.pressenza.com\/it\/2023\/01\/no-a-zelensky-a-sanremo\/\"},\"author\":{\"name\":\"Redazione Italia\",\"@id\":\"https:\/\/www.pressenza.com\/it\/#\/schema\/person\/d983e81827ae24f2c7b1a2123d197f8d\"},\"headline\":\"No a Zelensky a Sanremo\",\"datePublished\":\"2023-01-27T20:41:00+00:00\",\"mainEntityOfPage\":{\"@id\":\"https:\/\/www.pressenza.com\/it\/2023\/01\/no-a-zelensky-a-sanremo\/\"},\"wordCount\":846,\"publisher\":{\"@id\":\"https:\/\/www.pressenza.com\/it\/#organization\"},\"image\":{\"@id\":\"https:\/\/www.pressenza.com\/it\/2023\/01\/no-a-zelensky-a-sanremo\/#primaryimage\"},\"thumbnailUrl\":\"https:\/\/www.pressenza.com\/wp-content\/uploads\/2023\/01\/Festival-del-disarmo-11-02-2023-rit.jpg\",\"keywords\":[\"articolo 11 della Costituzione\",\"Festival di Sanremo\",\"manifestazione\",\"NATO\",\"petizione\",\"Russia\",\"Ucraina\",\"Vladimir Zelensky\"],\"articleSection\":[\"Cultura e Media\",\"Europa\",\"Pace e Disarmo\"],\"inLanguage\":\"it-IT\"},{\"@type\":\"WebPage\",\"@id\":\"https:\/\/www.pressenza.com\/it\/2023\/01\/no-a-zelensky-a-sanremo\/\",\"url\":\"https:\/\/www.pressenza.com\/it\/2023\/01\/no-a-zelensky-a-sanremo\/\",\"name\":\"No a Zelensky a Sanremo\",\"isPartOf\":{\"@id\":\"https:\/\/www.pressenza.com\/it\/#website\"},\"primaryImageOfPage\":{\"@id\":\"https:\/\/www.pressenza.com\/it\/2023\/01\/no-a-zelensky-a-sanremo\/#primaryimage\"},\"image\":{\"@id\":\"https:\/\/www.pressenza.com\/it\/2023\/01\/no-a-zelensky-a-sanremo\/#primaryimage\"},\"thumbnailUrl\":\"https:\/\/www.pressenza.com\/wp-content\/uploads\/2023\/01\/Festival-del-disarmo-11-02-2023-rit.jpg\",\"datePublished\":\"2023-01-27T20:41:00+00:00\",\"description\":\"Professori universitari, giornalisti, economisti, artisti e giuristi lanciano una petizione per contestare la partecipazione del presidente ucraino al\",\"breadcrumb\":{\"@id\":\"https:\/\/www.pressenza.com\/it\/2023\/01\/no-a-zelensky-a-sanremo\/#breadcrumb\"},\"inLanguage\":\"it-IT\",\"potentialAction\":[{\"@type\":\"ReadAction\",\"target\":[\"https:\/\/www.pressenza.com\/it\/2023\/01\/no-a-zelensky-a-sanremo\/\"]}]},{\"@type\":\"ImageObject\",\"inLanguage\":\"it-IT\",\"@id\":\"https:\/\/www.pressenza.com\/it\/2023\/01\/no-a-zelensky-a-sanremo\/#primaryimage\",\"url\":\"https:\/\/www.pressenza.com\/wp-content\/uploads\/2023\/01\/Festival-del-disarmo-11-02-2023-rit.jpg\",\"contentUrl\":\"https:\/\/www.pressenza.com\/wp-content\/uploads\/2023\/01\/Festival-del-disarmo-11-02-2023-rit.jpg\",\"width\":1563,\"height\":677},{\"@type\":\"BreadcrumbList\",\"@id\":\"https:\/\/www.pressenza.com\/it\/2023\/01\/no-a-zelensky-a-sanremo\/#breadcrumb\",\"itemListElement\":[{\"@type\":\"ListItem\",\"position\":1,\"name\":\"Accueil\",\"item\":\"https:\/\/www.pressenza.com\/it\/\"},{\"@type\":\"ListItem\",\"position\":2,\"name\":\"No a Zelensky a Sanremo\"}]},{\"@type\":\"WebSite\",\"@id\":\"https:\/\/www.pressenza.com\/it\/#website\",\"url\":\"https:\/\/www.pressenza.com\/it\/\",\"name\":\"Pressenza\",\"description\":\"Agenzia di Stampa Internazionale\",\"publisher\":{\"@id\":\"https:\/\/www.pressenza.com\/it\/#organization\"},\"potentialAction\":[{\"@type\":\"SearchAction\",\"target\":{\"@type\":\"EntryPoint\",\"urlTemplate\":\"https:\/\/www.pressenza.com\/it\/?s={search_term_string}\"},\"query-input\":{\"@type\":\"PropertyValueSpecification\",\"valueRequired\":true,\"valueName\":\"search_term_string\"}}],\"inLanguage\":\"it-IT\"},{\"@type\":\"Organization\",\"@id\":\"https:\/\/www.pressenza.com\/it\/#organization\",\"name\":\"Pressenza\",\"url\":\"https:\/\/www.pressenza.com\/it\/\",\"logo\":{\"@type\":\"ImageObject\",\"inLanguage\":\"it-IT\",\"@id\":\"https:\/\/www.pressenza.com\/it\/#\/schema\/logo\/image\/\",\"url\":\"https:\/\/www.pressenza.com\/wp-content\/uploads\/2022\/10\/pressenza_logo_200x200.jpg\",\"contentUrl\":\"https:\/\/www.pressenza.com\/wp-content\/uploads\/2022\/10\/pressenza_logo_200x200.jpg\",\"width\":200,\"height\":200,\"caption\":\"Pressenza\"},\"image\":{\"@id\":\"https:\/\/www.pressenza.com\/it\/#\/schema\/logo\/image\/\"},\"sameAs\":[\"https:\/\/www.facebook.com\/PressenzaItalia\",\"https:\/\/x.com\/PressenzaIPA\"]},{\"@type\":\"Person\",\"@id\":\"https:\/\/www.pressenza.com\/it\/#\/schema\/person\/d983e81827ae24f2c7b1a2123d197f8d\",\"name\":\"Redazione Italia\",\"description\":\"News from the Pressenza Bureau in Italy\",\"sameAs\":[\"https:\/\/www.pressenza.com\/it\/author\/redazione-italia\/\",\"https:\/\/www.facebook.com\/PressenzaItalia\",\"https:\/\/www.instagram.com\/pressenza_italia\/\",\"https:\/\/x.com\/pressenza_it\",\"https:\/\/www.youtube.com\/channel\/UCSalEIWjE1RSxkwjfftFuqg\"],\"url\":\"https:\/\/www.pressenza.com\/it\/author\/redazione-italia\/\"}]}<\/script>\n<!-- \/ Yoast SEO plugin. -->","yoast_head_json":{"title":"No a Zelensky a Sanremo","description":"Professori universitari, giornalisti, economisti, artisti e giuristi lanciano una petizione per contestare la partecipazione del presidente ucraino al","robots":{"index":"index","follow":"follow","max-snippet":"max-snippet:-1","max-image-preview":"max-image-preview:large","max-video-preview":"max-video-preview:-1"},"canonical":"https:\/\/www.pressenza.com\/it\/2023\/01\/no-a-zelensky-a-sanremo\/","og_locale":"it_IT","og_type":"article","og_title":"No a Zelensky a Sanremo","og_description":"Professori universitari, giornalisti, economisti, artisti e giuristi lanciano una petizione per contestare la partecipazione del presidente ucraino al","og_url":"https:\/\/www.pressenza.com\/it\/2023\/01\/no-a-zelensky-a-sanremo\/","og_site_name":"Pressenza","article_publisher":"https:\/\/www.facebook.com\/PressenzaItalia","article_author":"https:\/\/www.facebook.com\/PressenzaItalia","article_published_time":"2023-01-27T20:41:00+00:00","og_image":[{"width":1563,"height":677,"url":"https:\/\/www.pressenza.com\/wp-content\/uploads\/2023\/01\/Festival-del-disarmo-11-02-2023-rit.jpg","type":"image\/jpeg"}],"author":"Redazione Italia","twitter_card":"summary_large_image","twitter_creator":"@pressenza_it","twitter_site":"@PressenzaIPA","twitter_misc":{"Scritto da":"Redazione Italia","Tempo di lettura stimato":"5 minuti"},"schema":{"@context":"https:\/\/schema.org","@graph":[{"@type":"Article","@id":"https:\/\/www.pressenza.com\/it\/2023\/01\/no-a-zelensky-a-sanremo\/#article","isPartOf":{"@id":"https:\/\/www.pressenza.com\/it\/2023\/01\/no-a-zelensky-a-sanremo\/"},"author":{"name":"Redazione Italia","@id":"https:\/\/www.pressenza.com\/it\/#\/schema\/person\/d983e81827ae24f2c7b1a2123d197f8d"},"headline":"No a Zelensky a Sanremo","datePublished":"2023-01-27T20:41:00+00:00","mainEntityOfPage":{"@id":"https:\/\/www.pressenza.com\/it\/2023\/01\/no-a-zelensky-a-sanremo\/"},"wordCount":846,"publisher":{"@id":"https:\/\/www.pressenza.com\/it\/#organization"},"image":{"@id":"https:\/\/www.pressenza.com\/it\/2023\/01\/no-a-zelensky-a-sanremo\/#primaryimage"},"thumbnailUrl":"https:\/\/www.pressenza.com\/wp-content\/uploads\/2023\/01\/Festival-del-disarmo-11-02-2023-rit.jpg","keywords":["articolo 11 della Costituzione","Festival di Sanremo","manifestazione","NATO","petizione","Russia","Ucraina","Vladimir Zelensky"],"articleSection":["Cultura e Media","Europa","Pace e Disarmo"],"inLanguage":"it-IT"},{"@type":"WebPage","@id":"https:\/\/www.pressenza.com\/it\/2023\/01\/no-a-zelensky-a-sanremo\/","url":"https:\/\/www.pressenza.com\/it\/2023\/01\/no-a-zelensky-a-sanremo\/","name":"No a Zelensky a Sanremo","isPartOf":{"@id":"https:\/\/www.pressenza.com\/it\/#website"},"primaryImageOfPage":{"@id":"https:\/\/www.pressenza.com\/it\/2023\/01\/no-a-zelensky-a-sanremo\/#primaryimage"},"image":{"@id":"https:\/\/www.pressenza.com\/it\/2023\/01\/no-a-zelensky-a-sanremo\/#primaryimage"},"thumbnailUrl":"https:\/\/www.pressenza.com\/wp-content\/uploads\/2023\/01\/Festival-del-disarmo-11-02-2023-rit.jpg","datePublished":"2023-01-27T20:41:00+00:00","description":"Professori universitari, giornalisti, economisti, artisti e giuristi lanciano una petizione per contestare la partecipazione del presidente ucraino al","breadcrumb":{"@id":"https:\/\/www.pressenza.com\/it\/2023\/01\/no-a-zelensky-a-sanremo\/#breadcrumb"},"inLanguage":"it-IT","potentialAction":[{"@type":"ReadAction","target":["https:\/\/www.pressenza.com\/it\/2023\/01\/no-a-zelensky-a-sanremo\/"]}]},{"@type":"ImageObject","inLanguage":"it-IT","@id":"https:\/\/www.pressenza.com\/it\/2023\/01\/no-a-zelensky-a-sanremo\/#primaryimage","url":"https:\/\/www.pressenza.com\/wp-content\/uploads\/2023\/01\/Festival-del-disarmo-11-02-2023-rit.jpg","contentUrl":"https:\/\/www.pressenza.com\/wp-content\/uploads\/2023\/01\/Festival-del-disarmo-11-02-2023-rit.jpg","width":1563,"height":677},{"@type":"BreadcrumbList","@id":"https:\/\/www.pressenza.com\/it\/2023\/01\/no-a-zelensky-a-sanremo\/#breadcrumb","itemListElement":[{"@type":"ListItem","position":1,"name":"Accueil","item":"https:\/\/www.pressenza.com\/it\/"},{"@type":"ListItem","position":2,"name":"No a Zelensky a Sanremo"}]},{"@type":"WebSite","@id":"https:\/\/www.pressenza.com\/it\/#website","url":"https:\/\/www.pressenza.com\/it\/","name":"Pressenza","description":"Agenzia di Stampa Internazionale","publisher":{"@id":"https:\/\/www.pressenza.com\/it\/#organization"},"potentialAction":[{"@type":"SearchAction","target":{"@type":"EntryPoint","urlTemplate":"https:\/\/www.pressenza.com\/it\/?s={search_term_string}"},"query-input":{"@type":"PropertyValueSpecification","valueRequired":true,"valueName":"search_term_string"}}],"inLanguage":"it-IT"},{"@type":"Organization","@id":"https:\/\/www.pressenza.com\/it\/#organization","name":"Pressenza","url":"https:\/\/www.pressenza.com\/it\/","logo":{"@type":"ImageObject","inLanguage":"it-IT","@id":"https:\/\/www.pressenza.com\/it\/#\/schema\/logo\/image\/","url":"https:\/\/www.pressenza.com\/wp-content\/uploads\/2022\/10\/pressenza_logo_200x200.jpg","contentUrl":"https:\/\/www.pressenza.com\/wp-content\/uploads\/2022\/10\/pressenza_logo_200x200.jpg","width":200,"height":200,"caption":"Pressenza"},"image":{"@id":"https:\/\/www.pressenza.com\/it\/#\/schema\/logo\/image\/"},"sameAs":["https:\/\/www.facebook.com\/PressenzaItalia","https:\/\/x.com\/PressenzaIPA"]},{"@type":"Person","@id":"https:\/\/www.pressenza.com\/it\/#\/schema\/person\/d983e81827ae24f2c7b1a2123d197f8d","name":"Redazione Italia","description":"News from the Pressenza Bureau in Italy","sameAs":["https:\/\/www.pressenza.com\/it\/author\/redazione-italia\/","https:\/\/www.facebook.com\/PressenzaItalia","https:\/\/www.instagram.com\/pressenza_italia\/","https:\/\/x.com\/pressenza_it","https:\/\/www.youtube.com\/channel\/UCSalEIWjE1RSxkwjfftFuqg"],"url":"https:\/\/www.pressenza.com\/it\/author\/redazione-italia\/"}]}},"place":"","original_article_url":"","_links":{"self":[{"href":"https:\/\/www.pressenza.com\/it\/wp-json\/wp\/v2\/posts\/1712581","targetHints":{"allow":["GET"]}}],"collection":[{"href":"https:\/\/www.pressenza.com\/it\/wp-json\/wp\/v2\/posts"}],"about":[{"href":"https:\/\/www.pressenza.com\/it\/wp-json\/wp\/v2\/types\/post"}],"author":[{"embeddable":true,"href":"https:\/\/www.pressenza.com\/it\/wp-json\/wp\/v2\/users\/594"}],"replies":[{"embeddable":true,"href":"https:\/\/www.pressenza.com\/it\/wp-json\/wp\/v2\/comments?post=1712581"}],"version-history":[{"count":0,"href":"https:\/\/www.pressenza.com\/it\/wp-json\/wp\/v2\/posts\/1712581\/revisions"}],"wp:featuredmedia":[{"embeddable":true,"href":"https:\/\/www.pressenza.com\/it\/wp-json\/wp\/v2\/media\/1712582"}],"wp:attachment":[{"href":"https:\/\/www.pressenza.com\/it\/wp-json\/wp\/v2\/media?parent=1712581"}],"wp:term":[{"taxonomy":"category","embeddable":true,"href":"https:\/\/www.pressenza.com\/it\/wp-json\/wp\/v2\/categories?post=1712581"},{"taxonomy":"post_tag","embeddable":true,"href":"https:\/\/www.pressenza.com\/it\/wp-json\/wp\/v2\/tags?post=1712581"}],"curies":[{"name":"wp","href":"https:\/\/api.w.org\/{rel}","templated":true}]}}