{"id":1710291,"date":"2023-01-18T13:57:34","date_gmt":"2023-01-18T13:57:34","guid":{"rendered":"https:\/\/www.pressenza.com\/?p=1710291"},"modified":"2023-01-18T14:07:32","modified_gmt":"2023-01-18T14:07:32","slug":"dieci-anni-dalla-morte-di-aaron-swartz-un-grande-combattente-per-la-conoscenza-libera","status":"publish","type":"post","link":"https:\/\/www.pressenza.com\/it\/2023\/01\/dieci-anni-dalla-morte-di-aaron-swartz-un-grande-combattente-per-la-conoscenza-libera\/","title":{"rendered":"Dieci anni dalla morte di Aaron Swartz, un grande combattente per la conoscenza libera"},"content":{"rendered":"<p>Il 13 gennaio \u00e8 stato il decimo anniversario della scomparsa di Aaron Swartz. In suo onore \u00e8 stata istituita la &#8220;Giornata del Cyberattivismo&#8221;.<\/p>\n<p>Wikipedia &#8211; un&#8217;altra magnifica impresa di libero accesso alla conoscenza collettiva &#8211; ci informa che Aaron, soprannominato &#8220;il principe di Internet&#8221;, \u00e8 stato un prolifico programmatore e hackerattivista americano (tra le altre virt\u00f9), che ha contribuito a sviluppare il formato RSS per i feed web, l&#8217;architettura tecnica di Creative Commons, il framework web.py e Markdown, un formato di linguaggio di markup leggero.<\/p>\n<p>In un <a href=\"https:\/\/sursiendo.org\/2014\/01\/aaron-y-su-web-programable\/\">articolo<\/a> di Jacobo N\u00e1jera pubblicata dal collettivo SurSiendo, viene definito come &#8220;promotore, divulgatore e sviluppatore del cosiddetto Web semantico, quello definito da Tim-Berners Lee come una &#8220;estensione dell&#8217;attuale web in cui alle informazioni viene dato un significato ben definito, permettendo a computer e persone di lavorare in modo cooperativo&#8221;.<\/p>\n<p>&#8220;Divulgatore della scienza, Aaron \u00e8 stato una persona chiave per avvicinare e osservare le generazioni che si manifestano attraverso le idee e la scienza come forza guida&#8221;. Non solo per il suo impeccabile lavoro di scienziato, ma anche per aver utilizzato il lavoro scientifico come processo di socializzazione in s\u00e9&#8221;, aggiunge N\u00e1jera, che \u00e8 anche ricercatore e sviluppatore di software libero.<\/p>\n<p>Al di l\u00e0 dei suoi contributi tecnologici pratici, il grande apporto di Swartz \u00e8 stato quello di sensibilizzare i cittadini sulla necessit\u00e0 di aprire l&#8217;accesso alla conoscenza a tutta l&#8217;umanit\u00e0 senza restrizioni e di consentirne il libero flusso negli spazi digitali. \u00c8 stato uno dei principali promotori della campagna che ha indebolito lo <a href=\"https:\/\/en.wikipedia.org\/wiki\/Stop_Online_Piracy_Act\">Stop Online Piracy Act<\/a> (SOPA).<\/p>\n<p>Un documento interessante che illustra la sua ideologia e le basi delle sue azioni \u00e8 il <a href=\"https:\/\/ia802908.us.archive.org\/32\/items\/ManifiestoPorLaGuerrillaDelAccesoAbiertoCopia\/Manifiesto%20por%20la%20Guerrilla%20del%20Acceso%20Abierto%20copia_text.pdf\">Manifesto della Guerriglia per l&#8217;Accesso Aperto.<\/a> Si legge: &#8220;A voi che avete accesso a queste risorse &#8211; studenti, bibliotecari, scienziati &#8211; \u00e8 stato concesso un privilegio. Potete nutrirvi a questo banchetto della conoscenza mentre il resto del mondo \u00e8 escluso. Ma non \u00e8 necessario &#8211; anzi, moralmente non \u00e8 possibile &#8211; che teniate per voi questo privilegio. Avete il dovere di condividerlo con il mondo&#8221;.<\/p>\n<p>La sua coerenza lo ha portato a collegarsi alla rete del Massachusetts Institute of Technology (MIT) utilizzando un account utente ospite fornitogli dall&#8217;istituto e a condividere sistematicamente articoli di riviste accademiche da JSTOR (una\u00a0<a href=\"https:\/\/it.wikipedia.org\/wiki\/Biblioteca_digitale\">biblioteca digitale<\/a>\u00a0<a href=\"https:\/\/it.wikipedia.org\/wiki\/Statunitense\">statunitense<\/a>, ndt). Questo \u00e8 stato il motivo del suo arresto il 6 gennaio 2011.<\/p>\n<p>Le accuse esagerate che l\u2019FBI ha mosso contro di lui prevedevano una pena detentiva massima di 35 anni e una multa fino a 1 milione di dollari. L&#8217;azione penale era indubbiamente volta a vendicarsi del libero attivismo e a stabilire una punizione esemplare contro chiunque avesse osato trasgredire le sacrosante regole della propriet\u00e0 intellettuale.<\/p>\n<p>Riluttante ad accettare una pena minore che non riteneva affatto giusta per le sue azioni, <strong>Aaron Swartz<\/strong> ha posto fine alla sua esistenza fisica all&#8217;et\u00e0 di ventisei anni il 13 gennaio 2011 (impiccandosi nel suo appartamento newyorkese, ndt).<\/p>\n<p>In un tweet commemorativo, Tim Berners-Lee, considerato il padre del World Wide Web, ha dichiarato: &#8220;Aaron \u00e8 morto. Vagabondi del mondo, abbiamo perso un vecchio saggio. Hacker di diritto, abbiamo perso uno dei nostri. Genitori tutti, abbiamo perso un figlio. Siamo in lutto&#8221;.<\/p>\n<p>Come i grandi umanisti che con il loro coraggio hanno aperto nuove strade, sbarrate da pregiudizi e norme anacronistiche, le sue azioni vivono nella memoria, nel presente e nel futuro di tutti coloro che lavorano nella e per la Buona Conoscenza, per il bene comune dell&#8217;Umanit\u00e0.<\/p>\n<p><em>Traduzione dallo spagnolo di Thomas Schmid.<\/em><\/p>\n<p><em>Revisione di Anna Polo<\/em><\/p>\n<p><em>\u00a0<\/em><\/p>\n","protected":false},"excerpt":{"rendered":"<p>Il 13 gennaio \u00e8 stato il decimo anniversario della scomparsa di Aaron Swartz. In suo onore \u00e8 stata istituita la &#8220;Giornata del Cyberattivismo&#8221;. Wikipedia &#8211; un&#8217;altra magnifica impresa di libero accesso alla conoscenza collettiva &#8211; ci informa che Aaron, soprannominato&hellip;<\/p>\n","protected":false},"author":970,"featured_media":1710292,"comment_status":"closed","ping_status":"closed","sticky":false,"template":"","format":"standard","meta":{"footnotes":""},"categories":[11388,56,38,496,1260],"tags":[109268,109267,109264,109263,109265,25653],"class_list":["post-1710291","post","type-post","status-publish","format-standard","has-post-thumbnail","hentry","category-contenuti-originali","category-cultura","category-internazionale","category-scienza-tecnologia","category-umanesimo-spiritualita","tag-anniversario-aaron-swartz","tag-creative-commons-it","tag-cultura-libera","tag-cyberattivismo","tag-hackerattivismo","tag-stati-uniti"],"yoast_head":"<!-- This site is optimized with the Yoast SEO plugin v27.1.1 - https:\/\/yoast.com\/product\/yoast-seo-wordpress\/ -->\n<title>Dieci anni dalla morte di Aaron Swartz, un grande combattente per la conoscenza libera<\/title>\n<meta name=\"description\" content=\"Il 13 gennaio \u00e8 stato il decimo anniversario della scomparsa di Aaron Swartz. In suo onore \u00e8 stata istituita la &quot;Giornata del Cyberattivismo&quot;. Wikipedia -\" \/>\n<meta name=\"robots\" content=\"index, follow, max-snippet:-1, max-image-preview:large, max-video-preview:-1\" \/>\n<link rel=\"canonical\" href=\"https:\/\/www.pressenza.com\/it\/2023\/01\/dieci-anni-dalla-morte-di-aaron-swartz-un-grande-combattente-per-la-conoscenza-libera\/\" \/>\n<meta property=\"og:locale\" content=\"it_IT\" \/>\n<meta property=\"og:type\" content=\"article\" \/>\n<meta property=\"og:title\" content=\"Dieci anni dalla morte di Aaron Swartz, un grande combattente per la conoscenza libera\" \/>\n<meta property=\"og:description\" content=\"Il 13 gennaio \u00e8 stato il decimo anniversario della scomparsa di Aaron Swartz. In suo onore \u00e8 stata istituita la &quot;Giornata del Cyberattivismo&quot;. Wikipedia -\" \/>\n<meta property=\"og:url\" content=\"https:\/\/www.pressenza.com\/it\/2023\/01\/dieci-anni-dalla-morte-di-aaron-swartz-un-grande-combattente-per-la-conoscenza-libera\/\" \/>\n<meta property=\"og:site_name\" content=\"Pressenza\" \/>\n<meta property=\"article:publisher\" content=\"https:\/\/www.facebook.com\/PressenzaItalia\" \/>\n<meta property=\"article:author\" content=\"https:\/\/www.facebook.com\/javier.tolcachier?fref=ts\" \/>\n<meta property=\"article:published_time\" content=\"2023-01-18T13:57:34+00:00\" \/>\n<meta property=\"article:modified_time\" content=\"2023-01-18T14:07:32+00:00\" \/>\n<meta property=\"og:image\" content=\"https:\/\/www.pressenza.com\/wp-content\/uploads\/2023\/01\/AaronSwartzPIPA.jpg\" \/>\n\t<meta property=\"og:image:width\" content=\"640\" \/>\n\t<meta property=\"og:image:height\" content=\"424\" \/>\n\t<meta property=\"og:image:type\" content=\"image\/jpeg\" \/>\n<meta name=\"author\" content=\"Javier Tolcachier\" \/>\n<meta name=\"twitter:card\" content=\"summary_large_image\" \/>\n<meta name=\"twitter:creator\" content=\"@jtolcachier\" \/>\n<meta name=\"twitter:site\" content=\"@PressenzaIPA\" \/>\n<meta name=\"twitter:label1\" content=\"Scritto da\" \/>\n\t<meta name=\"twitter:data1\" content=\"Javier Tolcachier\" \/>\n\t<meta name=\"twitter:label2\" content=\"Tempo di lettura stimato\" \/>\n\t<meta name=\"twitter:data2\" content=\"4 minuti\" \/>\n<script type=\"application\/ld+json\" class=\"yoast-schema-graph\">{\"@context\":\"https:\/\/schema.org\",\"@graph\":[{\"@type\":\"Article\",\"@id\":\"https:\/\/www.pressenza.com\/it\/2023\/01\/dieci-anni-dalla-morte-di-aaron-swartz-un-grande-combattente-per-la-conoscenza-libera\/#article\",\"isPartOf\":{\"@id\":\"https:\/\/www.pressenza.com\/it\/2023\/01\/dieci-anni-dalla-morte-di-aaron-swartz-un-grande-combattente-per-la-conoscenza-libera\/\"},\"author\":{\"name\":\"Javier Tolcachier\",\"@id\":\"https:\/\/www.pressenza.com\/it\/#\/schema\/person\/f353f6d4eed144101dedba60e6227564\"},\"headline\":\"Dieci anni dalla morte di Aaron Swartz, un grande combattente per la conoscenza libera\",\"datePublished\":\"2023-01-18T13:57:34+00:00\",\"dateModified\":\"2023-01-18T14:07:32+00:00\",\"mainEntityOfPage\":{\"@id\":\"https:\/\/www.pressenza.com\/it\/2023\/01\/dieci-anni-dalla-morte-di-aaron-swartz-un-grande-combattente-per-la-conoscenza-libera\/\"},\"wordCount\":584,\"publisher\":{\"@id\":\"https:\/\/www.pressenza.com\/it\/#organization\"},\"image\":{\"@id\":\"https:\/\/www.pressenza.com\/it\/2023\/01\/dieci-anni-dalla-morte-di-aaron-swartz-un-grande-combattente-per-la-conoscenza-libera\/#primaryimage\"},\"thumbnailUrl\":\"https:\/\/www.pressenza.com\/wp-content\/uploads\/2023\/01\/AaronSwartzPIPA.jpg\",\"keywords\":[\"anniversario Aaron Swartz\",\"Creative Commons\",\"cultura libera\",\"cyberattivismo\",\"hackerattivismo\",\"Stati Uniti\"],\"articleSection\":[\"contenuti originali\",\"Cultura e Media\",\"Internazionale\",\"Scienza e Tecnologia\",\"Umanesimo e Spiritualit\u00e0\"],\"inLanguage\":\"it-IT\"},{\"@type\":\"WebPage\",\"@id\":\"https:\/\/www.pressenza.com\/it\/2023\/01\/dieci-anni-dalla-morte-di-aaron-swartz-un-grande-combattente-per-la-conoscenza-libera\/\",\"url\":\"https:\/\/www.pressenza.com\/it\/2023\/01\/dieci-anni-dalla-morte-di-aaron-swartz-un-grande-combattente-per-la-conoscenza-libera\/\",\"name\":\"Dieci anni dalla morte di Aaron Swartz, un grande combattente per la conoscenza libera\",\"isPartOf\":{\"@id\":\"https:\/\/www.pressenza.com\/it\/#website\"},\"primaryImageOfPage\":{\"@id\":\"https:\/\/www.pressenza.com\/it\/2023\/01\/dieci-anni-dalla-morte-di-aaron-swartz-un-grande-combattente-per-la-conoscenza-libera\/#primaryimage\"},\"image\":{\"@id\":\"https:\/\/www.pressenza.com\/it\/2023\/01\/dieci-anni-dalla-morte-di-aaron-swartz-un-grande-combattente-per-la-conoscenza-libera\/#primaryimage\"},\"thumbnailUrl\":\"https:\/\/www.pressenza.com\/wp-content\/uploads\/2023\/01\/AaronSwartzPIPA.jpg\",\"datePublished\":\"2023-01-18T13:57:34+00:00\",\"dateModified\":\"2023-01-18T14:07:32+00:00\",\"description\":\"Il 13 gennaio \u00e8 stato il decimo anniversario della scomparsa di Aaron Swartz. In suo onore \u00e8 stata istituita la \\\"Giornata del Cyberattivismo\\\". Wikipedia -\",\"breadcrumb\":{\"@id\":\"https:\/\/www.pressenza.com\/it\/2023\/01\/dieci-anni-dalla-morte-di-aaron-swartz-un-grande-combattente-per-la-conoscenza-libera\/#breadcrumb\"},\"inLanguage\":\"it-IT\",\"potentialAction\":[{\"@type\":\"ReadAction\",\"target\":[\"https:\/\/www.pressenza.com\/it\/2023\/01\/dieci-anni-dalla-morte-di-aaron-swartz-un-grande-combattente-per-la-conoscenza-libera\/\"]}]},{\"@type\":\"ImageObject\",\"inLanguage\":\"it-IT\",\"@id\":\"https:\/\/www.pressenza.com\/it\/2023\/01\/dieci-anni-dalla-morte-di-aaron-swartz-un-grande-combattente-per-la-conoscenza-libera\/#primaryimage\",\"url\":\"https:\/\/www.pressenza.com\/wp-content\/uploads\/2023\/01\/AaronSwartzPIPA.jpg\",\"contentUrl\":\"https:\/\/www.pressenza.com\/wp-content\/uploads\/2023\/01\/AaronSwartzPIPA.jpg\",\"width\":640,\"height\":424},{\"@type\":\"BreadcrumbList\",\"@id\":\"https:\/\/www.pressenza.com\/it\/2023\/01\/dieci-anni-dalla-morte-di-aaron-swartz-un-grande-combattente-per-la-conoscenza-libera\/#breadcrumb\",\"itemListElement\":[{\"@type\":\"ListItem\",\"position\":1,\"name\":\"Accueil\",\"item\":\"https:\/\/www.pressenza.com\/it\/\"},{\"@type\":\"ListItem\",\"position\":2,\"name\":\"Dieci anni dalla morte di Aaron Swartz, un grande combattente per la conoscenza libera\"}]},{\"@type\":\"WebSite\",\"@id\":\"https:\/\/www.pressenza.com\/it\/#website\",\"url\":\"https:\/\/www.pressenza.com\/it\/\",\"name\":\"Pressenza\",\"description\":\"Agenzia di Stampa Internazionale\",\"publisher\":{\"@id\":\"https:\/\/www.pressenza.com\/it\/#organization\"},\"potentialAction\":[{\"@type\":\"SearchAction\",\"target\":{\"@type\":\"EntryPoint\",\"urlTemplate\":\"https:\/\/www.pressenza.com\/it\/?s={search_term_string}\"},\"query-input\":{\"@type\":\"PropertyValueSpecification\",\"valueRequired\":true,\"valueName\":\"search_term_string\"}}],\"inLanguage\":\"it-IT\"},{\"@type\":\"Organization\",\"@id\":\"https:\/\/www.pressenza.com\/it\/#organization\",\"name\":\"Pressenza\",\"url\":\"https:\/\/www.pressenza.com\/it\/\",\"logo\":{\"@type\":\"ImageObject\",\"inLanguage\":\"it-IT\",\"@id\":\"https:\/\/www.pressenza.com\/it\/#\/schema\/logo\/image\/\",\"url\":\"https:\/\/www.pressenza.com\/wp-content\/uploads\/2022\/10\/pressenza_logo_200x200.jpg\",\"contentUrl\":\"https:\/\/www.pressenza.com\/wp-content\/uploads\/2022\/10\/pressenza_logo_200x200.jpg\",\"width\":200,\"height\":200,\"caption\":\"Pressenza\"},\"image\":{\"@id\":\"https:\/\/www.pressenza.com\/it\/#\/schema\/logo\/image\/\"},\"sameAs\":[\"https:\/\/www.facebook.com\/PressenzaItalia\",\"https:\/\/x.com\/PressenzaIPA\"]},{\"@type\":\"Person\",\"@id\":\"https:\/\/www.pressenza.com\/it\/#\/schema\/person\/f353f6d4eed144101dedba60e6227564\",\"name\":\"Javier Tolcachier\",\"description\":\"Javier Tolcachier is a researcher from the World Centre of Humanist Studies, an organism of the Humanist Movement. Mail: javiertolcachier@disroot.org Twitter: @jtolcachier\",\"sameAs\":[\"https:\/\/www.facebook.com\/javier.tolcachier?fref=ts\",\"https:\/\/x.com\/jtolcachier\"],\"url\":\"https:\/\/www.pressenza.com\/it\/author\/javier-tolcachier\/\"}]}<\/script>\n<!-- \/ Yoast SEO plugin. -->","yoast_head_json":{"title":"Dieci anni dalla morte di Aaron Swartz, un grande combattente per la conoscenza libera","description":"Il 13 gennaio \u00e8 stato il decimo anniversario della scomparsa di Aaron Swartz. In suo onore \u00e8 stata istituita la \"Giornata del Cyberattivismo\". Wikipedia -","robots":{"index":"index","follow":"follow","max-snippet":"max-snippet:-1","max-image-preview":"max-image-preview:large","max-video-preview":"max-video-preview:-1"},"canonical":"https:\/\/www.pressenza.com\/it\/2023\/01\/dieci-anni-dalla-morte-di-aaron-swartz-un-grande-combattente-per-la-conoscenza-libera\/","og_locale":"it_IT","og_type":"article","og_title":"Dieci anni dalla morte di Aaron Swartz, un grande combattente per la conoscenza libera","og_description":"Il 13 gennaio \u00e8 stato il decimo anniversario della scomparsa di Aaron Swartz. In suo onore \u00e8 stata istituita la \"Giornata del Cyberattivismo\". Wikipedia -","og_url":"https:\/\/www.pressenza.com\/it\/2023\/01\/dieci-anni-dalla-morte-di-aaron-swartz-un-grande-combattente-per-la-conoscenza-libera\/","og_site_name":"Pressenza","article_publisher":"https:\/\/www.facebook.com\/PressenzaItalia","article_author":"https:\/\/www.facebook.com\/javier.tolcachier?fref=ts","article_published_time":"2023-01-18T13:57:34+00:00","article_modified_time":"2023-01-18T14:07:32+00:00","og_image":[{"width":640,"height":424,"url":"https:\/\/www.pressenza.com\/wp-content\/uploads\/2023\/01\/AaronSwartzPIPA.jpg","type":"image\/jpeg"}],"author":"Javier Tolcachier","twitter_card":"summary_large_image","twitter_creator":"@jtolcachier","twitter_site":"@PressenzaIPA","twitter_misc":{"Scritto da":"Javier Tolcachier","Tempo di lettura stimato":"4 minuti"},"schema":{"@context":"https:\/\/schema.org","@graph":[{"@type":"Article","@id":"https:\/\/www.pressenza.com\/it\/2023\/01\/dieci-anni-dalla-morte-di-aaron-swartz-un-grande-combattente-per-la-conoscenza-libera\/#article","isPartOf":{"@id":"https:\/\/www.pressenza.com\/it\/2023\/01\/dieci-anni-dalla-morte-di-aaron-swartz-un-grande-combattente-per-la-conoscenza-libera\/"},"author":{"name":"Javier Tolcachier","@id":"https:\/\/www.pressenza.com\/it\/#\/schema\/person\/f353f6d4eed144101dedba60e6227564"},"headline":"Dieci anni dalla morte di Aaron Swartz, un grande combattente per la conoscenza libera","datePublished":"2023-01-18T13:57:34+00:00","dateModified":"2023-01-18T14:07:32+00:00","mainEntityOfPage":{"@id":"https:\/\/www.pressenza.com\/it\/2023\/01\/dieci-anni-dalla-morte-di-aaron-swartz-un-grande-combattente-per-la-conoscenza-libera\/"},"wordCount":584,"publisher":{"@id":"https:\/\/www.pressenza.com\/it\/#organization"},"image":{"@id":"https:\/\/www.pressenza.com\/it\/2023\/01\/dieci-anni-dalla-morte-di-aaron-swartz-un-grande-combattente-per-la-conoscenza-libera\/#primaryimage"},"thumbnailUrl":"https:\/\/www.pressenza.com\/wp-content\/uploads\/2023\/01\/AaronSwartzPIPA.jpg","keywords":["anniversario Aaron Swartz","Creative Commons","cultura libera","cyberattivismo","hackerattivismo","Stati Uniti"],"articleSection":["contenuti originali","Cultura e Media","Internazionale","Scienza e Tecnologia","Umanesimo e Spiritualit\u00e0"],"inLanguage":"it-IT"},{"@type":"WebPage","@id":"https:\/\/www.pressenza.com\/it\/2023\/01\/dieci-anni-dalla-morte-di-aaron-swartz-un-grande-combattente-per-la-conoscenza-libera\/","url":"https:\/\/www.pressenza.com\/it\/2023\/01\/dieci-anni-dalla-morte-di-aaron-swartz-un-grande-combattente-per-la-conoscenza-libera\/","name":"Dieci anni dalla morte di Aaron Swartz, un grande combattente per la conoscenza libera","isPartOf":{"@id":"https:\/\/www.pressenza.com\/it\/#website"},"primaryImageOfPage":{"@id":"https:\/\/www.pressenza.com\/it\/2023\/01\/dieci-anni-dalla-morte-di-aaron-swartz-un-grande-combattente-per-la-conoscenza-libera\/#primaryimage"},"image":{"@id":"https:\/\/www.pressenza.com\/it\/2023\/01\/dieci-anni-dalla-morte-di-aaron-swartz-un-grande-combattente-per-la-conoscenza-libera\/#primaryimage"},"thumbnailUrl":"https:\/\/www.pressenza.com\/wp-content\/uploads\/2023\/01\/AaronSwartzPIPA.jpg","datePublished":"2023-01-18T13:57:34+00:00","dateModified":"2023-01-18T14:07:32+00:00","description":"Il 13 gennaio \u00e8 stato il decimo anniversario della scomparsa di Aaron Swartz. In suo onore \u00e8 stata istituita la \"Giornata del Cyberattivismo\". Wikipedia -","breadcrumb":{"@id":"https:\/\/www.pressenza.com\/it\/2023\/01\/dieci-anni-dalla-morte-di-aaron-swartz-un-grande-combattente-per-la-conoscenza-libera\/#breadcrumb"},"inLanguage":"it-IT","potentialAction":[{"@type":"ReadAction","target":["https:\/\/www.pressenza.com\/it\/2023\/01\/dieci-anni-dalla-morte-di-aaron-swartz-un-grande-combattente-per-la-conoscenza-libera\/"]}]},{"@type":"ImageObject","inLanguage":"it-IT","@id":"https:\/\/www.pressenza.com\/it\/2023\/01\/dieci-anni-dalla-morte-di-aaron-swartz-un-grande-combattente-per-la-conoscenza-libera\/#primaryimage","url":"https:\/\/www.pressenza.com\/wp-content\/uploads\/2023\/01\/AaronSwartzPIPA.jpg","contentUrl":"https:\/\/www.pressenza.com\/wp-content\/uploads\/2023\/01\/AaronSwartzPIPA.jpg","width":640,"height":424},{"@type":"BreadcrumbList","@id":"https:\/\/www.pressenza.com\/it\/2023\/01\/dieci-anni-dalla-morte-di-aaron-swartz-un-grande-combattente-per-la-conoscenza-libera\/#breadcrumb","itemListElement":[{"@type":"ListItem","position":1,"name":"Accueil","item":"https:\/\/www.pressenza.com\/it\/"},{"@type":"ListItem","position":2,"name":"Dieci anni dalla morte di Aaron Swartz, un grande combattente per la conoscenza libera"}]},{"@type":"WebSite","@id":"https:\/\/www.pressenza.com\/it\/#website","url":"https:\/\/www.pressenza.com\/it\/","name":"Pressenza","description":"Agenzia di Stampa Internazionale","publisher":{"@id":"https:\/\/www.pressenza.com\/it\/#organization"},"potentialAction":[{"@type":"SearchAction","target":{"@type":"EntryPoint","urlTemplate":"https:\/\/www.pressenza.com\/it\/?s={search_term_string}"},"query-input":{"@type":"PropertyValueSpecification","valueRequired":true,"valueName":"search_term_string"}}],"inLanguage":"it-IT"},{"@type":"Organization","@id":"https:\/\/www.pressenza.com\/it\/#organization","name":"Pressenza","url":"https:\/\/www.pressenza.com\/it\/","logo":{"@type":"ImageObject","inLanguage":"it-IT","@id":"https:\/\/www.pressenza.com\/it\/#\/schema\/logo\/image\/","url":"https:\/\/www.pressenza.com\/wp-content\/uploads\/2022\/10\/pressenza_logo_200x200.jpg","contentUrl":"https:\/\/www.pressenza.com\/wp-content\/uploads\/2022\/10\/pressenza_logo_200x200.jpg","width":200,"height":200,"caption":"Pressenza"},"image":{"@id":"https:\/\/www.pressenza.com\/it\/#\/schema\/logo\/image\/"},"sameAs":["https:\/\/www.facebook.com\/PressenzaItalia","https:\/\/x.com\/PressenzaIPA"]},{"@type":"Person","@id":"https:\/\/www.pressenza.com\/it\/#\/schema\/person\/f353f6d4eed144101dedba60e6227564","name":"Javier Tolcachier","description":"Javier Tolcachier is a researcher from the World Centre of Humanist Studies, an organism of the Humanist Movement. Mail: javiertolcachier@disroot.org Twitter: @jtolcachier","sameAs":["https:\/\/www.facebook.com\/javier.tolcachier?fref=ts","https:\/\/x.com\/jtolcachier"],"url":"https:\/\/www.pressenza.com\/it\/author\/javier-tolcachier\/"}]}},"place":"","original_article_url":"","_links":{"self":[{"href":"https:\/\/www.pressenza.com\/it\/wp-json\/wp\/v2\/posts\/1710291","targetHints":{"allow":["GET"]}}],"collection":[{"href":"https:\/\/www.pressenza.com\/it\/wp-json\/wp\/v2\/posts"}],"about":[{"href":"https:\/\/www.pressenza.com\/it\/wp-json\/wp\/v2\/types\/post"}],"author":[{"embeddable":true,"href":"https:\/\/www.pressenza.com\/it\/wp-json\/wp\/v2\/users\/970"}],"replies":[{"embeddable":true,"href":"https:\/\/www.pressenza.com\/it\/wp-json\/wp\/v2\/comments?post=1710291"}],"version-history":[{"count":0,"href":"https:\/\/www.pressenza.com\/it\/wp-json\/wp\/v2\/posts\/1710291\/revisions"}],"wp:featuredmedia":[{"embeddable":true,"href":"https:\/\/www.pressenza.com\/it\/wp-json\/wp\/v2\/media\/1710292"}],"wp:attachment":[{"href":"https:\/\/www.pressenza.com\/it\/wp-json\/wp\/v2\/media?parent=1710291"}],"wp:term":[{"taxonomy":"category","embeddable":true,"href":"https:\/\/www.pressenza.com\/it\/wp-json\/wp\/v2\/categories?post=1710291"},{"taxonomy":"post_tag","embeddable":true,"href":"https:\/\/www.pressenza.com\/it\/wp-json\/wp\/v2\/tags?post=1710291"}],"curies":[{"name":"wp","href":"https:\/\/api.w.org\/{rel}","templated":true}]}}