{"id":1709996,"date":"2023-01-16T17:32:44","date_gmt":"2023-01-16T17:32:44","guid":{"rendered":"https:\/\/www.pressenza.com\/?p=1709996"},"modified":"2023-01-16T17:32:44","modified_gmt":"2023-01-16T17:32:44","slug":"siciliani-liberano-siciliani-la-cattura-di-matteo-messina-denaro","status":"publish","type":"post","link":"https:\/\/www.pressenza.com\/it\/2023\/01\/siciliani-liberano-siciliani-la-cattura-di-matteo-messina-denaro\/","title":{"rendered":"Siciliani liberano siciliani. La cattura di Matteo Messina Denaro"},"content":{"rendered":"<p>Tot\u00f2 Riina<a href=\"#_ftn1\" name=\"_ftnref1\">[1]<\/a>, Bernardo Provenzano<a href=\"#_ftn2\" name=\"_ftnref2\">[2]<\/a>, Gaspare Spattuzza<a href=\"#_ftn3\" name=\"_ftnref3\">[3]<\/a>, Vittorio Mangano<a href=\"#_ftn4\" name=\"_ftnref4\">[4]<\/a>, Leoluca Bagarella<a href=\"#_ftn5\" name=\"_ftnref5\">[5]<\/a> e adesso Matteo Messina Denaro<a href=\"#_ftn6\" name=\"_ftnref6\">[6]<\/a>. Questi sono solo alcuni dei nomi che mi risuonano, a me come a molti italiani e italiane nati negli anni Ottanta. Ricordo i loro volti, conosciuti attraverso la televisione che mostrava carabinieri col viso coperto accanto ai pluriomicidi mafiosi catturati. Sembravano inermi, quando invece dal carcere potevano ancora mandare messaggi e mantenere il loro potere. Ero giovane e chiesi a mio padre perch\u00e9 i carabinieri avessero il viso coperto. \u201cPer sicurezza\u201d, mi rispose lui. \u201cPer evitare possibili ritorsioni verso di loro e i loro familiari\u201d. In quel momento mi resi conto che la Sicilia era fatta di tante persone che credevano nello Stato, tanto da mettere a rischio la propria pelle.<\/p>\n<p>L&#8217;avevo capito fin dal &#8217;92, con quell&#8217;audio trasmesso al TG1: \u201cGli facciamo saltare le palle!\u201d e quelle immagini e suoni di sirene che sembravano aver cambiato la morfologia di un territorio, tanto era profondo il cratere di Capaci dove erano morti Giovanni Falcone, sua moglie e la sua scorta. Ricordo il discorso della vedova dell&#8217;agente Schifani<a href=\"#_ftn7\" name=\"_ftnref7\">[7]<\/a> trasmesso al TG; avevo 11 anni. E ricorder\u00f2 sempre la tristezza e indignazione di mio padre quando uccisero Paolo Borsellino e la sua scorta, soprattutto perch\u00e9 l\u2019attentato avvenne sotto casa di sua madre. La televisione, in quegli anni, \u00e8 stata fondamentale per me per vedere di che cosa erano capaci le associazioni a delinquere.<\/p>\n<p>Dov&#8217;\u00e8 questo grande onore che si attribuisce alla mafia in tutti i film e che, come italiana all&#8217;estero, mi viene spesso mostrato come qualcosa di affascinante, nelle frasi del film \u201cIl padrino\u201d? Quando ci sono battute o conversazioni di questo tipo, io cerco sempre di raccontare alle persone che la mafia non \u00e8 solo in Sicilia, in Calabria e a Napoli. La mafia si \u00e8 diffusa in tutto il resto d&#8217;Italia e nel mondo, soprattutto dove girano i soldi e il potere che pu\u00f2 trovare un terreno fertile per installarsi e gli attentati del &#8217;93 a Milano, Firenze e Roma lo hanno dimostrato<a href=\"#_ftn8\" name=\"_ftnref8\">[8]<\/a>. Ma la mafia \u00e8 anche una mentalit\u00e0: la mentalit\u00e0 dei favoritismi che purtroppo moltissimi italiani hanno. E allora, oltre ai nomi dei mafiosi, ricordo anche questi:<\/p>\n<p>Carlo Alberto Dalla Chiesa, Rocco Chinnici, Ninni Cassar\u00e0, Giovanni Falcone, Francesca Morvillo, Paolo Borsellino.<\/p>\n<p>Sono quelli di persone che hanno dato la vita per la legalit\u00e0 e anche tanti altri nomi di chi sta dedicando la vita allo sviluppo di una forma di vita possibile in Sicilia e altrove, in cui non ci sia da pagare pi\u00f9 nessun pizzo. Un esempio \u00e8 l&#8217;esperienza di Libera<a href=\"#_ftn9\" name=\"_ftnref9\">[9]<\/a>, promossa da don Luigi Ciotti e Rita Borsellino, che genera lavoro onesto in forma cooperativa, a partire dalla coltivazione dei terreni confiscati alla mafia. E oggi, aggiungo a questi nomi anche quelli del procuratore di Palermo Maurizio de Lucia e del procuratore aggiunto Paolo Guido.<\/p>\n<p>Sento con forza la necessit\u00e0 di ricordarlo a noi concittadini del Nord che spesso facciamo fatica a vedere i motivi dietro i quali si nasconde l&#8217;emigrazione dal Sud al Nord Italia, come il desiderio di aprire un&#8217;attivit\u00e0 rimanendo nella legalit\u00e0, o la necessit\u00e0 di vincere un concorso pubblico senza dover essere figlio di qualcuno. Non che nel Nord non esista la corruzione, ma forse a volte godiamo di un maggior livello di controllo sulla legalit\u00e0.<\/p>\n<p>L\u2019arresto del boss mafioso Matteo Messina Denaro \u00e8 significativo per molte ragioni. Quella che pi\u00f9 mi d\u00e0 speranza \u00e8 stata la reazione delle persone che si trovavano sul posto e che hanno applaudito e ringraziato i carabinieri e l&#8217;esercito intervenuti per catturarlo. \u00c8 significativo che il popolo si liberi da solo. Italiani, ma prima ancora siciliani combattono ogni giorno contro l&#8217;illegalit\u00e0 e lavorano instancabilmente per dare forma a una realt\u00e0 libera dall&#8217;oppressione e dalla violenza. Queste persone sono i nostri migliori ambasciatori e ispiratori. A loro va molto pi\u00f9 di un applauso. Dedico a loro questo articolo.<\/p>\n<p>Fonti:<\/p>\n<p><a href=\"https:\/\/www.ansa.it\/sito\/notizie\/cronaca\/2023\/01\/16\/arrestato-matteo-messina-denaro-diretta_74e6d708-8d40-4406-92bc-d9ea7caa7e27.html\">https:\/\/www.ansa.it\/sito\/notizie\/cronaca\/2023\/01\/16\/arrestato-matteo-messina-denaro-diretta_74e6d708-8d40-4406-92bc-d9ea7caa7e27.html<\/a><\/p>\n<p><a href=\"https:\/\/www.la7.it\/intanto\/video\/matteo-messina-denaro-a-palermo-esultano-per-la-cattura-del-boss-applausi-e-abbracci-ai-carabinieri-16-01-2023-468117\">https:\/\/www.la7.it\/intanto\/video\/matteo-messina-denaro-a-palermo-esultano-per-la-cattura-del-boss-applausi-e-abbracci-ai-carabinieri-16-01-2023-468117<\/a><\/p>\n<p><a href=\"#_ftnref1\" name=\"_ftn1\">[1]<\/a><a href=\"https:\/\/it.wikipedia.org\/wiki\/Salvatore_Riina\">\u00a0\u00a0\u00a0 https:\/\/it.wikipedia.org\/wiki\/Salvatore_Riina<\/a><\/p>\n<p><a href=\"#_ftnref2\" name=\"_ftn2\">[2]<\/a><a href=\"https:\/\/it.wikipedia.org\/wiki\/Bernardo_Provenzano\">\u00a0\u00a0\u00a0 https:\/\/it.wikipedia.org\/wiki\/Bernardo_Provenzano<\/a><\/p>\n<p><a href=\"#_ftnref3\" name=\"_ftn3\">[3]<\/a><a href=\"https:\/\/it.wikipedia.org\/wiki\/Gaspare_Spatuzza\">\u00a0\u00a0\u00a0 https:\/\/it.wikipedia.org\/wiki\/Gaspare_Spatuzza<\/a><\/p>\n<p><a href=\"#_ftnref4\" name=\"_ftn4\">[4]<\/a><a href=\"https:\/\/it.wikipedia.org\/wiki\/Vittorio_Mangano\">\u00a0\u00a0\u00a0 https:\/\/it.wikipedia.org\/wiki\/Vittorio_Mangano<\/a><\/p>\n<p><a href=\"#_ftnref5\" name=\"_ftn5\">[5]<\/a><a href=\"https:\/\/it.wikipedia.org\/wiki\/Leoluca_Bagarella\">\u00a0\u00a0\u00a0 https:\/\/it.wikipedia.org\/wiki\/Leoluca_Bagarella<\/a><\/p>\n<p><a href=\"#_ftnref6\" name=\"_ftn6\">[6]<\/a><a href=\"https:\/\/it.wikipedia.org\/wiki\/Matteo_Messina_Denaro\">\u00a0\u00a0\u00a0 https:\/\/it.wikipedia.org\/wiki\/Matteo_Messina_Denaro<\/a><\/p>\n<p><a href=\"#_ftnref7\" name=\"_ftn7\">[7]<\/a><a href=\"https:\/\/www.youtube.com\/watch?v=gQx5EpIskHM\">\u00a0\u00a0\u00a0 https:\/\/www.youtube.com\/watch?v=gQx5EpIskHM<\/a><\/p>\n<p><a href=\"#_ftnref8\" name=\"_ftn8\">[8]<\/a><a href=\"https:\/\/it.wikipedia.org\/wiki\/Strage_di_via_Palestro\">\u00a0\u00a0\u00a0 https:\/\/it.wikipedia.org\/wiki\/Strage_di_via_Palestro<\/a> ; <a href=\"https:\/\/it.wikipedia.org\/wiki\/Strage_di_via_dei_Georgofili\">https:\/\/it.wikipedia.org\/wiki\/Strage_di_via_dei_Georgofili<\/a> ; <a href=\"https:\/\/it.wikipedia.org\/wiki\/Attentati_alle_chiese_di_Roma\">https:\/\/it.wikipedia.org\/wiki\/Attentati_alle_chiese_di_Roma<\/a><\/p>\n<p><a href=\"#_ftnref9\" name=\"_ftn9\">[9]<\/a><a href=\"https:\/\/www.libera.it\/\">\u00a0\u00a0\u00a0 https:\/\/www.libera.it\/<\/a><\/p>\n","protected":false},"excerpt":{"rendered":"<p>Tot\u00f2 Riina[1], Bernardo Provenzano[2], Gaspare Spattuzza[3], Vittorio Mangano[4], Leoluca Bagarella[5] e adesso Matteo Messina Denaro[6]. Questi sono solo alcuni dei nomi che mi risuonano, a me come a molti italiani e italiane nati negli anni Ottanta. Ricordo i loro volti,&hellip;<\/p>\n","protected":false},"author":2127,"featured_media":1709997,"comment_status":"closed","ping_status":"closed","sticky":false,"template":"","format":"standard","meta":{"footnotes":""},"categories":[60,47,162],"tags":[109226,4396,2846,62224],"class_list":["post-1709996","post","type-post","status-publish","format-standard","has-post-thumbnail","hentry","category-diritti-umani","category-europa","category-opinioni","tag-cattura","tag-legalita","tag-mafia-it","tag-matteo-messina-denaro"],"yoast_head":"<!-- This site is optimized with the Yoast SEO plugin v27.1.1 - https:\/\/yoast.com\/product\/yoast-seo-wordpress\/ -->\n<title>Siciliani liberano siciliani. La cattura di Matteo Messina Denaro<\/title>\n<meta name=\"description\" content=\"Tot\u00f2 Riina, Bernardo Provenzano, Gaspare Spattuzza, Vittorio Mangano, Leoluca Bagarella e adesso Matteo Messina Denaro. Questi sono solo alcuni dei nomi\" \/>\n<meta name=\"robots\" content=\"index, follow, max-snippet:-1, max-image-preview:large, max-video-preview:-1\" \/>\n<link rel=\"canonical\" href=\"https:\/\/www.pressenza.com\/it\/2023\/01\/siciliani-liberano-siciliani-la-cattura-di-matteo-messina-denaro\/\" \/>\n<meta property=\"og:locale\" content=\"it_IT\" \/>\n<meta property=\"og:type\" content=\"article\" \/>\n<meta property=\"og:title\" content=\"Siciliani liberano siciliani. La cattura di Matteo Messina Denaro\" \/>\n<meta property=\"og:description\" content=\"Tot\u00f2 Riina, Bernardo Provenzano, Gaspare Spattuzza, Vittorio Mangano, Leoluca Bagarella e adesso Matteo Messina Denaro. Questi sono solo alcuni dei nomi\" \/>\n<meta property=\"og:url\" content=\"https:\/\/www.pressenza.com\/it\/2023\/01\/siciliani-liberano-siciliani-la-cattura-di-matteo-messina-denaro\/\" \/>\n<meta property=\"og:site_name\" content=\"Pressenza\" \/>\n<meta property=\"article:publisher\" content=\"https:\/\/www.facebook.com\/PressenzaItalia\" \/>\n<meta property=\"article:published_time\" content=\"2023-01-16T17:32:44+00:00\" \/>\n<meta property=\"og:image\" content=\"https:\/\/www.pressenza.com\/wp-content\/uploads\/2023\/01\/murales-Falcone-Borsellino.jpg\" \/>\n\t<meta property=\"og:image:width\" content=\"1618\" \/>\n\t<meta property=\"og:image:height\" content=\"1320\" \/>\n\t<meta property=\"og:image:type\" content=\"image\/jpeg\" \/>\n<meta name=\"author\" content=\"Cristina Bianchi\" \/>\n<meta name=\"twitter:card\" content=\"summary_large_image\" \/>\n<meta name=\"twitter:creator\" content=\"@PressenzaIPA\" \/>\n<meta name=\"twitter:site\" content=\"@PressenzaIPA\" \/>\n<meta name=\"twitter:label1\" content=\"Scritto da\" \/>\n\t<meta name=\"twitter:data1\" content=\"Cristina Bianchi\" \/>\n\t<meta name=\"twitter:label2\" content=\"Tempo di lettura stimato\" \/>\n\t<meta name=\"twitter:data2\" content=\"4 minuti\" \/>\n<script type=\"application\/ld+json\" class=\"yoast-schema-graph\">{\"@context\":\"https:\/\/schema.org\",\"@graph\":[{\"@type\":\"Article\",\"@id\":\"https:\/\/www.pressenza.com\/it\/2023\/01\/siciliani-liberano-siciliani-la-cattura-di-matteo-messina-denaro\/#article\",\"isPartOf\":{\"@id\":\"https:\/\/www.pressenza.com\/it\/2023\/01\/siciliani-liberano-siciliani-la-cattura-di-matteo-messina-denaro\/\"},\"author\":{\"name\":\"Cristina Bianchi\",\"@id\":\"https:\/\/www.pressenza.com\/it\/#\/schema\/person\/e88b84f7057c5b1ca8d5ce214681f401\"},\"headline\":\"Siciliani liberano siciliani. La cattura di Matteo Messina Denaro\",\"datePublished\":\"2023-01-16T17:32:44+00:00\",\"mainEntityOfPage\":{\"@id\":\"https:\/\/www.pressenza.com\/it\/2023\/01\/siciliani-liberano-siciliani-la-cattura-di-matteo-messina-denaro\/\"},\"wordCount\":772,\"publisher\":{\"@id\":\"https:\/\/www.pressenza.com\/it\/#organization\"},\"image\":{\"@id\":\"https:\/\/www.pressenza.com\/it\/2023\/01\/siciliani-liberano-siciliani-la-cattura-di-matteo-messina-denaro\/#primaryimage\"},\"thumbnailUrl\":\"https:\/\/www.pressenza.com\/wp-content\/uploads\/2023\/01\/murales-Falcone-Borsellino.jpg\",\"keywords\":[\"cattura\",\"legalit\u00e0\",\"mafia\",\"Matteo Messina Denaro\"],\"articleSection\":[\"Diritti Umani\",\"Europa\",\"Opinioni\"],\"inLanguage\":\"it-IT\"},{\"@type\":\"WebPage\",\"@id\":\"https:\/\/www.pressenza.com\/it\/2023\/01\/siciliani-liberano-siciliani-la-cattura-di-matteo-messina-denaro\/\",\"url\":\"https:\/\/www.pressenza.com\/it\/2023\/01\/siciliani-liberano-siciliani-la-cattura-di-matteo-messina-denaro\/\",\"name\":\"Siciliani liberano siciliani. La cattura di Matteo Messina Denaro\",\"isPartOf\":{\"@id\":\"https:\/\/www.pressenza.com\/it\/#website\"},\"primaryImageOfPage\":{\"@id\":\"https:\/\/www.pressenza.com\/it\/2023\/01\/siciliani-liberano-siciliani-la-cattura-di-matteo-messina-denaro\/#primaryimage\"},\"image\":{\"@id\":\"https:\/\/www.pressenza.com\/it\/2023\/01\/siciliani-liberano-siciliani-la-cattura-di-matteo-messina-denaro\/#primaryimage\"},\"thumbnailUrl\":\"https:\/\/www.pressenza.com\/wp-content\/uploads\/2023\/01\/murales-Falcone-Borsellino.jpg\",\"datePublished\":\"2023-01-16T17:32:44+00:00\",\"description\":\"Tot\u00f2 Riina, Bernardo Provenzano, Gaspare Spattuzza, Vittorio Mangano, Leoluca Bagarella e adesso Matteo Messina Denaro. Questi sono solo alcuni dei nomi\",\"breadcrumb\":{\"@id\":\"https:\/\/www.pressenza.com\/it\/2023\/01\/siciliani-liberano-siciliani-la-cattura-di-matteo-messina-denaro\/#breadcrumb\"},\"inLanguage\":\"it-IT\",\"potentialAction\":[{\"@type\":\"ReadAction\",\"target\":[\"https:\/\/www.pressenza.com\/it\/2023\/01\/siciliani-liberano-siciliani-la-cattura-di-matteo-messina-denaro\/\"]}]},{\"@type\":\"ImageObject\",\"inLanguage\":\"it-IT\",\"@id\":\"https:\/\/www.pressenza.com\/it\/2023\/01\/siciliani-liberano-siciliani-la-cattura-di-matteo-messina-denaro\/#primaryimage\",\"url\":\"https:\/\/www.pressenza.com\/wp-content\/uploads\/2023\/01\/murales-Falcone-Borsellino.jpg\",\"contentUrl\":\"https:\/\/www.pressenza.com\/wp-content\/uploads\/2023\/01\/murales-Falcone-Borsellino.jpg\",\"width\":1618,\"height\":1320},{\"@type\":\"BreadcrumbList\",\"@id\":\"https:\/\/www.pressenza.com\/it\/2023\/01\/siciliani-liberano-siciliani-la-cattura-di-matteo-messina-denaro\/#breadcrumb\",\"itemListElement\":[{\"@type\":\"ListItem\",\"position\":1,\"name\":\"Accueil\",\"item\":\"https:\/\/www.pressenza.com\/it\/\"},{\"@type\":\"ListItem\",\"position\":2,\"name\":\"Siciliani liberano siciliani. La cattura di Matteo Messina Denaro\"}]},{\"@type\":\"WebSite\",\"@id\":\"https:\/\/www.pressenza.com\/it\/#website\",\"url\":\"https:\/\/www.pressenza.com\/it\/\",\"name\":\"Pressenza\",\"description\":\"Agenzia di Stampa Internazionale\",\"publisher\":{\"@id\":\"https:\/\/www.pressenza.com\/it\/#organization\"},\"potentialAction\":[{\"@type\":\"SearchAction\",\"target\":{\"@type\":\"EntryPoint\",\"urlTemplate\":\"https:\/\/www.pressenza.com\/it\/?s={search_term_string}\"},\"query-input\":{\"@type\":\"PropertyValueSpecification\",\"valueRequired\":true,\"valueName\":\"search_term_string\"}}],\"inLanguage\":\"it-IT\"},{\"@type\":\"Organization\",\"@id\":\"https:\/\/www.pressenza.com\/it\/#organization\",\"name\":\"Pressenza\",\"url\":\"https:\/\/www.pressenza.com\/it\/\",\"logo\":{\"@type\":\"ImageObject\",\"inLanguage\":\"it-IT\",\"@id\":\"https:\/\/www.pressenza.com\/it\/#\/schema\/logo\/image\/\",\"url\":\"https:\/\/www.pressenza.com\/wp-content\/uploads\/2022\/10\/pressenza_logo_200x200.jpg\",\"contentUrl\":\"https:\/\/www.pressenza.com\/wp-content\/uploads\/2022\/10\/pressenza_logo_200x200.jpg\",\"width\":200,\"height\":200,\"caption\":\"Pressenza\"},\"image\":{\"@id\":\"https:\/\/www.pressenza.com\/it\/#\/schema\/logo\/image\/\"},\"sameAs\":[\"https:\/\/www.facebook.com\/PressenzaItalia\",\"https:\/\/x.com\/PressenzaIPA\"]},{\"@type\":\"Person\",\"@id\":\"https:\/\/www.pressenza.com\/it\/#\/schema\/person\/e88b84f7057c5b1ca8d5ce214681f401\",\"name\":\"Cristina Bianchi\",\"sameAs\":[\"https:\/\/cristinabianchi1981.wordpress.com\/\"],\"url\":\"https:\/\/www.pressenza.com\/it\/author\/cristina-bianchi\/\"}]}<\/script>\n<!-- \/ Yoast SEO plugin. -->","yoast_head_json":{"title":"Siciliani liberano siciliani. La cattura di Matteo Messina Denaro","description":"Tot\u00f2 Riina, Bernardo Provenzano, Gaspare Spattuzza, Vittorio Mangano, Leoluca Bagarella e adesso Matteo Messina Denaro. Questi sono solo alcuni dei nomi","robots":{"index":"index","follow":"follow","max-snippet":"max-snippet:-1","max-image-preview":"max-image-preview:large","max-video-preview":"max-video-preview:-1"},"canonical":"https:\/\/www.pressenza.com\/it\/2023\/01\/siciliani-liberano-siciliani-la-cattura-di-matteo-messina-denaro\/","og_locale":"it_IT","og_type":"article","og_title":"Siciliani liberano siciliani. La cattura di Matteo Messina Denaro","og_description":"Tot\u00f2 Riina, Bernardo Provenzano, Gaspare Spattuzza, Vittorio Mangano, Leoluca Bagarella e adesso Matteo Messina Denaro. Questi sono solo alcuni dei nomi","og_url":"https:\/\/www.pressenza.com\/it\/2023\/01\/siciliani-liberano-siciliani-la-cattura-di-matteo-messina-denaro\/","og_site_name":"Pressenza","article_publisher":"https:\/\/www.facebook.com\/PressenzaItalia","article_published_time":"2023-01-16T17:32:44+00:00","og_image":[{"width":1618,"height":1320,"url":"https:\/\/www.pressenza.com\/wp-content\/uploads\/2023\/01\/murales-Falcone-Borsellino.jpg","type":"image\/jpeg"}],"author":"Cristina Bianchi","twitter_card":"summary_large_image","twitter_creator":"@PressenzaIPA","twitter_site":"@PressenzaIPA","twitter_misc":{"Scritto da":"Cristina Bianchi","Tempo di lettura stimato":"4 minuti"},"schema":{"@context":"https:\/\/schema.org","@graph":[{"@type":"Article","@id":"https:\/\/www.pressenza.com\/it\/2023\/01\/siciliani-liberano-siciliani-la-cattura-di-matteo-messina-denaro\/#article","isPartOf":{"@id":"https:\/\/www.pressenza.com\/it\/2023\/01\/siciliani-liberano-siciliani-la-cattura-di-matteo-messina-denaro\/"},"author":{"name":"Cristina Bianchi","@id":"https:\/\/www.pressenza.com\/it\/#\/schema\/person\/e88b84f7057c5b1ca8d5ce214681f401"},"headline":"Siciliani liberano siciliani. La cattura di Matteo Messina Denaro","datePublished":"2023-01-16T17:32:44+00:00","mainEntityOfPage":{"@id":"https:\/\/www.pressenza.com\/it\/2023\/01\/siciliani-liberano-siciliani-la-cattura-di-matteo-messina-denaro\/"},"wordCount":772,"publisher":{"@id":"https:\/\/www.pressenza.com\/it\/#organization"},"image":{"@id":"https:\/\/www.pressenza.com\/it\/2023\/01\/siciliani-liberano-siciliani-la-cattura-di-matteo-messina-denaro\/#primaryimage"},"thumbnailUrl":"https:\/\/www.pressenza.com\/wp-content\/uploads\/2023\/01\/murales-Falcone-Borsellino.jpg","keywords":["cattura","legalit\u00e0","mafia","Matteo Messina Denaro"],"articleSection":["Diritti Umani","Europa","Opinioni"],"inLanguage":"it-IT"},{"@type":"WebPage","@id":"https:\/\/www.pressenza.com\/it\/2023\/01\/siciliani-liberano-siciliani-la-cattura-di-matteo-messina-denaro\/","url":"https:\/\/www.pressenza.com\/it\/2023\/01\/siciliani-liberano-siciliani-la-cattura-di-matteo-messina-denaro\/","name":"Siciliani liberano siciliani. La cattura di Matteo Messina Denaro","isPartOf":{"@id":"https:\/\/www.pressenza.com\/it\/#website"},"primaryImageOfPage":{"@id":"https:\/\/www.pressenza.com\/it\/2023\/01\/siciliani-liberano-siciliani-la-cattura-di-matteo-messina-denaro\/#primaryimage"},"image":{"@id":"https:\/\/www.pressenza.com\/it\/2023\/01\/siciliani-liberano-siciliani-la-cattura-di-matteo-messina-denaro\/#primaryimage"},"thumbnailUrl":"https:\/\/www.pressenza.com\/wp-content\/uploads\/2023\/01\/murales-Falcone-Borsellino.jpg","datePublished":"2023-01-16T17:32:44+00:00","description":"Tot\u00f2 Riina, Bernardo Provenzano, Gaspare Spattuzza, Vittorio Mangano, Leoluca Bagarella e adesso Matteo Messina Denaro. Questi sono solo alcuni dei nomi","breadcrumb":{"@id":"https:\/\/www.pressenza.com\/it\/2023\/01\/siciliani-liberano-siciliani-la-cattura-di-matteo-messina-denaro\/#breadcrumb"},"inLanguage":"it-IT","potentialAction":[{"@type":"ReadAction","target":["https:\/\/www.pressenza.com\/it\/2023\/01\/siciliani-liberano-siciliani-la-cattura-di-matteo-messina-denaro\/"]}]},{"@type":"ImageObject","inLanguage":"it-IT","@id":"https:\/\/www.pressenza.com\/it\/2023\/01\/siciliani-liberano-siciliani-la-cattura-di-matteo-messina-denaro\/#primaryimage","url":"https:\/\/www.pressenza.com\/wp-content\/uploads\/2023\/01\/murales-Falcone-Borsellino.jpg","contentUrl":"https:\/\/www.pressenza.com\/wp-content\/uploads\/2023\/01\/murales-Falcone-Borsellino.jpg","width":1618,"height":1320},{"@type":"BreadcrumbList","@id":"https:\/\/www.pressenza.com\/it\/2023\/01\/siciliani-liberano-siciliani-la-cattura-di-matteo-messina-denaro\/#breadcrumb","itemListElement":[{"@type":"ListItem","position":1,"name":"Accueil","item":"https:\/\/www.pressenza.com\/it\/"},{"@type":"ListItem","position":2,"name":"Siciliani liberano siciliani. La cattura di Matteo Messina Denaro"}]},{"@type":"WebSite","@id":"https:\/\/www.pressenza.com\/it\/#website","url":"https:\/\/www.pressenza.com\/it\/","name":"Pressenza","description":"Agenzia di Stampa Internazionale","publisher":{"@id":"https:\/\/www.pressenza.com\/it\/#organization"},"potentialAction":[{"@type":"SearchAction","target":{"@type":"EntryPoint","urlTemplate":"https:\/\/www.pressenza.com\/it\/?s={search_term_string}"},"query-input":{"@type":"PropertyValueSpecification","valueRequired":true,"valueName":"search_term_string"}}],"inLanguage":"it-IT"},{"@type":"Organization","@id":"https:\/\/www.pressenza.com\/it\/#organization","name":"Pressenza","url":"https:\/\/www.pressenza.com\/it\/","logo":{"@type":"ImageObject","inLanguage":"it-IT","@id":"https:\/\/www.pressenza.com\/it\/#\/schema\/logo\/image\/","url":"https:\/\/www.pressenza.com\/wp-content\/uploads\/2022\/10\/pressenza_logo_200x200.jpg","contentUrl":"https:\/\/www.pressenza.com\/wp-content\/uploads\/2022\/10\/pressenza_logo_200x200.jpg","width":200,"height":200,"caption":"Pressenza"},"image":{"@id":"https:\/\/www.pressenza.com\/it\/#\/schema\/logo\/image\/"},"sameAs":["https:\/\/www.facebook.com\/PressenzaItalia","https:\/\/x.com\/PressenzaIPA"]},{"@type":"Person","@id":"https:\/\/www.pressenza.com\/it\/#\/schema\/person\/e88b84f7057c5b1ca8d5ce214681f401","name":"Cristina Bianchi","sameAs":["https:\/\/cristinabianchi1981.wordpress.com\/"],"url":"https:\/\/www.pressenza.com\/it\/author\/cristina-bianchi\/"}]}},"place":"","original_article_url":"","_links":{"self":[{"href":"https:\/\/www.pressenza.com\/it\/wp-json\/wp\/v2\/posts\/1709996","targetHints":{"allow":["GET"]}}],"collection":[{"href":"https:\/\/www.pressenza.com\/it\/wp-json\/wp\/v2\/posts"}],"about":[{"href":"https:\/\/www.pressenza.com\/it\/wp-json\/wp\/v2\/types\/post"}],"author":[{"embeddable":true,"href":"https:\/\/www.pressenza.com\/it\/wp-json\/wp\/v2\/users\/2127"}],"replies":[{"embeddable":true,"href":"https:\/\/www.pressenza.com\/it\/wp-json\/wp\/v2\/comments?post=1709996"}],"version-history":[{"count":0,"href":"https:\/\/www.pressenza.com\/it\/wp-json\/wp\/v2\/posts\/1709996\/revisions"}],"wp:featuredmedia":[{"embeddable":true,"href":"https:\/\/www.pressenza.com\/it\/wp-json\/wp\/v2\/media\/1709997"}],"wp:attachment":[{"href":"https:\/\/www.pressenza.com\/it\/wp-json\/wp\/v2\/media?parent=1709996"}],"wp:term":[{"taxonomy":"category","embeddable":true,"href":"https:\/\/www.pressenza.com\/it\/wp-json\/wp\/v2\/categories?post=1709996"},{"taxonomy":"post_tag","embeddable":true,"href":"https:\/\/www.pressenza.com\/it\/wp-json\/wp\/v2\/tags?post=1709996"}],"curies":[{"name":"wp","href":"https:\/\/api.w.org\/{rel}","templated":true}]}}