{"id":1709081,"date":"2023-01-12T17:46:34","date_gmt":"2023-01-12T17:46:34","guid":{"rendered":"https:\/\/www.pressenza.com\/?p=1709081"},"modified":"2023-01-12T17:48:33","modified_gmt":"2023-01-12T17:48:33","slug":"kurdistan-afghanistan-iran-se-le-donne-fanno-una-rivoluzione-invito-a-un-incontro-online-con-le-protagoniste","status":"publish","type":"post","link":"https:\/\/www.pressenza.com\/it\/2023\/01\/kurdistan-afghanistan-iran-se-le-donne-fanno-una-rivoluzione-invito-a-un-incontro-online-con-le-protagoniste\/","title":{"rendered":"Kurdistan, Afghanistan, Iran: se le donne fanno una rivoluzione. Invito a un incontro online con le protagoniste"},"content":{"rendered":"<p>Sei donne racconteranno la loro storia, due sono curde, due afgane, due iraniane. Le accomuna il fatto di essere scese in piazza, di aver accettato di uscire allo scoperto, di non temere di essere chiamate militanti, di offrire una sponda europea alle sorelle, madri, amiche, che nei loro paesi di origine manifestano nelle strade, nelle piazze, nelle universit\u00e0, a loro rischio e pericolo, \u00a0al grido di:\u00a0<em>\u00a0\u201cDonne Vita Libert\u00e0<\/em>\u201d.<\/p>\n<p>La storia la sappiamo, sappiamo anche che quando le donne scendono in piazza vuol dire che proprio non se ne pu\u00f2 pi\u00f9, che \u00e8 necessario chiedere non discutendo ma urlando il rispetto dei diritti e della libert\u00e0 di ognuna. Saranno testimonianze le loro, la narrazione di esperienze cariche di \u00a0legami, convinzioni, speranze, emozioni ed iniziative prese, con il linguaggio profondo, concreto ed immediato che di solito accompagna il racconto di un\u2019esperienza vissuta in prima persone\u2026 assieme alle altre.<br \/>\nSono onorata ed emozionata a poterle ospitare e ad aver creato la condizione per dar loro voce.<\/p>\n<h3>Appuntamento<strong><br \/>\n<\/strong><strong>Sabato 14 gennaio a partire dalle 16,30<\/strong><\/h3>\n<p><strong>Segui l\u2019incontro in streaming a questo link\u00a0<\/strong>\u00a0<a href=\"https:\/\/www.facebook.com\/OlivottiCooperativa\/\"><strong>https:\/\/www.facebook.com\/OlivottiCooperativa<\/strong>\/<\/a><br \/>\nNei giorni successivi, sulla stessa pagina, puoi trovare il video registrato.<\/p>\n","protected":false},"excerpt":{"rendered":"<p>Sei donne racconteranno la loro storia, due sono curde, due afgane, due iraniane. Le accomuna il fatto di essere scese in piazza, di aver accettato di uscire allo scoperto, di non temere di essere chiamate militanti, di offrire una sponda&hellip;<\/p>\n","protected":false},"author":594,"featured_media":1709083,"comment_status":"closed","ping_status":"closed","sticky":false,"template":"","format":"standard","meta":{"footnotes":""},"categories":[150,54513],"tags":[568,4339],"class_list":["post-1709081","post","type-post","status-publish","format-standard","has-post-thumbnail","hentry","category-comunicati-stampa","category-genere-e-femminismi","tag-donne","tag-eventi"],"yoast_head":"<!-- This site is optimized with the Yoast SEO plugin v27.1.1 - https:\/\/yoast.com\/product\/yoast-seo-wordpress\/ -->\n<title>Kurdistan, Afghanistan, Iran: se le donne fanno una rivoluzione. Invito a un incontro online con le protagoniste<\/title>\n<meta name=\"description\" content=\"Sei donne racconteranno la loro storia, due sono curde, due afgane, due iraniane. Le accomuna il fatto di essere scese in piazza, di aver accettato di\" \/>\n<meta name=\"robots\" content=\"index, follow, max-snippet:-1, max-image-preview:large, max-video-preview:-1\" \/>\n<link rel=\"canonical\" href=\"https:\/\/www.pressenza.com\/it\/2023\/01\/kurdistan-afghanistan-iran-se-le-donne-fanno-una-rivoluzione-invito-a-un-incontro-online-con-le-protagoniste\/\" \/>\n<meta property=\"og:locale\" content=\"it_IT\" \/>\n<meta property=\"og:type\" content=\"article\" \/>\n<meta property=\"og:title\" content=\"Kurdistan, Afghanistan, Iran: se le donne fanno una rivoluzione. Invito a un incontro online con le protagoniste\" \/>\n<meta property=\"og:description\" content=\"Sei donne racconteranno la loro storia, due sono curde, due afgane, due iraniane. Le accomuna il fatto di essere scese in piazza, di aver accettato di\" \/>\n<meta property=\"og:url\" content=\"https:\/\/www.pressenza.com\/it\/2023\/01\/kurdistan-afghanistan-iran-se-le-donne-fanno-una-rivoluzione-invito-a-un-incontro-online-con-le-protagoniste\/\" \/>\n<meta property=\"og:site_name\" content=\"Pressenza\" \/>\n<meta property=\"article:publisher\" content=\"https:\/\/www.facebook.com\/PressenzaItalia\" \/>\n<meta property=\"article:author\" content=\"https:\/\/www.facebook.com\/PressenzaItalia\" \/>\n<meta property=\"article:published_time\" content=\"2023-01-12T17:46:34+00:00\" \/>\n<meta property=\"article:modified_time\" content=\"2023-01-12T17:48:33+00:00\" \/>\n<meta property=\"og:image\" content=\"https:\/\/www.pressenza.com\/wp-content\/uploads\/2023\/01\/donne-coi-capelli-al-vento.png\" \/>\n\t<meta property=\"og:image:width\" content=\"1169\" \/>\n\t<meta property=\"og:image:height\" content=\"1654\" \/>\n\t<meta property=\"og:image:type\" content=\"image\/png\" \/>\n<meta name=\"author\" content=\"Redazione Italia\" \/>\n<meta name=\"twitter:card\" content=\"summary_large_image\" \/>\n<meta name=\"twitter:creator\" content=\"@pressenza_it\" \/>\n<meta name=\"twitter:site\" content=\"@PressenzaIPA\" \/>\n<meta name=\"twitter:label1\" content=\"Scritto da\" \/>\n\t<meta name=\"twitter:data1\" content=\"Redazione Italia\" \/>\n\t<meta name=\"twitter:label2\" content=\"Tempo di lettura stimato\" \/>\n\t<meta name=\"twitter:data2\" content=\"2 minuti\" \/>\n<script type=\"application\/ld+json\" class=\"yoast-schema-graph\">{\"@context\":\"https:\/\/schema.org\",\"@graph\":[{\"@type\":\"Article\",\"@id\":\"https:\/\/www.pressenza.com\/it\/2023\/01\/kurdistan-afghanistan-iran-se-le-donne-fanno-una-rivoluzione-invito-a-un-incontro-online-con-le-protagoniste\/#article\",\"isPartOf\":{\"@id\":\"https:\/\/www.pressenza.com\/it\/2023\/01\/kurdistan-afghanistan-iran-se-le-donne-fanno-una-rivoluzione-invito-a-un-incontro-online-con-le-protagoniste\/\"},\"author\":{\"name\":\"Redazione Italia\",\"@id\":\"https:\/\/www.pressenza.com\/it\/#\/schema\/person\/d983e81827ae24f2c7b1a2123d197f8d\"},\"headline\":\"Kurdistan, Afghanistan, Iran: se le donne fanno una rivoluzione. Invito a un incontro online con le protagoniste\",\"datePublished\":\"2023-01-12T17:46:34+00:00\",\"dateModified\":\"2023-01-12T17:48:33+00:00\",\"mainEntityOfPage\":{\"@id\":\"https:\/\/www.pressenza.com\/it\/2023\/01\/kurdistan-afghanistan-iran-se-le-donne-fanno-una-rivoluzione-invito-a-un-incontro-online-con-le-protagoniste\/\"},\"wordCount\":211,\"publisher\":{\"@id\":\"https:\/\/www.pressenza.com\/it\/#organization\"},\"image\":{\"@id\":\"https:\/\/www.pressenza.com\/it\/2023\/01\/kurdistan-afghanistan-iran-se-le-donne-fanno-una-rivoluzione-invito-a-un-incontro-online-con-le-protagoniste\/#primaryimage\"},\"thumbnailUrl\":\"https:\/\/www.pressenza.com\/wp-content\/uploads\/2023\/01\/donne-coi-capelli-al-vento.png\",\"keywords\":[\"donne\",\"eventi\"],\"articleSection\":[\"Comunicati Stampa\",\"Genere e femminismi\"],\"inLanguage\":\"it-IT\"},{\"@type\":\"WebPage\",\"@id\":\"https:\/\/www.pressenza.com\/it\/2023\/01\/kurdistan-afghanistan-iran-se-le-donne-fanno-una-rivoluzione-invito-a-un-incontro-online-con-le-protagoniste\/\",\"url\":\"https:\/\/www.pressenza.com\/it\/2023\/01\/kurdistan-afghanistan-iran-se-le-donne-fanno-una-rivoluzione-invito-a-un-incontro-online-con-le-protagoniste\/\",\"name\":\"Kurdistan, Afghanistan, Iran: se le donne fanno una rivoluzione. Invito a un incontro online con le protagoniste\",\"isPartOf\":{\"@id\":\"https:\/\/www.pressenza.com\/it\/#website\"},\"primaryImageOfPage\":{\"@id\":\"https:\/\/www.pressenza.com\/it\/2023\/01\/kurdistan-afghanistan-iran-se-le-donne-fanno-una-rivoluzione-invito-a-un-incontro-online-con-le-protagoniste\/#primaryimage\"},\"image\":{\"@id\":\"https:\/\/www.pressenza.com\/it\/2023\/01\/kurdistan-afghanistan-iran-se-le-donne-fanno-una-rivoluzione-invito-a-un-incontro-online-con-le-protagoniste\/#primaryimage\"},\"thumbnailUrl\":\"https:\/\/www.pressenza.com\/wp-content\/uploads\/2023\/01\/donne-coi-capelli-al-vento.png\",\"datePublished\":\"2023-01-12T17:46:34+00:00\",\"dateModified\":\"2023-01-12T17:48:33+00:00\",\"description\":\"Sei donne racconteranno la loro storia, due sono curde, due afgane, due iraniane. Le accomuna il fatto di essere scese in piazza, di aver accettato di\",\"breadcrumb\":{\"@id\":\"https:\/\/www.pressenza.com\/it\/2023\/01\/kurdistan-afghanistan-iran-se-le-donne-fanno-una-rivoluzione-invito-a-un-incontro-online-con-le-protagoniste\/#breadcrumb\"},\"inLanguage\":\"it-IT\",\"potentialAction\":[{\"@type\":\"ReadAction\",\"target\":[\"https:\/\/www.pressenza.com\/it\/2023\/01\/kurdistan-afghanistan-iran-se-le-donne-fanno-una-rivoluzione-invito-a-un-incontro-online-con-le-protagoniste\/\"]}]},{\"@type\":\"ImageObject\",\"inLanguage\":\"it-IT\",\"@id\":\"https:\/\/www.pressenza.com\/it\/2023\/01\/kurdistan-afghanistan-iran-se-le-donne-fanno-una-rivoluzione-invito-a-un-incontro-online-con-le-protagoniste\/#primaryimage\",\"url\":\"https:\/\/www.pressenza.com\/wp-content\/uploads\/2023\/01\/donne-coi-capelli-al-vento.png\",\"contentUrl\":\"https:\/\/www.pressenza.com\/wp-content\/uploads\/2023\/01\/donne-coi-capelli-al-vento.png\",\"width\":1169,\"height\":1654},{\"@type\":\"BreadcrumbList\",\"@id\":\"https:\/\/www.pressenza.com\/it\/2023\/01\/kurdistan-afghanistan-iran-se-le-donne-fanno-una-rivoluzione-invito-a-un-incontro-online-con-le-protagoniste\/#breadcrumb\",\"itemListElement\":[{\"@type\":\"ListItem\",\"position\":1,\"name\":\"Accueil\",\"item\":\"https:\/\/www.pressenza.com\/it\/\"},{\"@type\":\"ListItem\",\"position\":2,\"name\":\"Kurdistan, Afghanistan, Iran: se le donne fanno una rivoluzione. Invito a un incontro online con le protagoniste\"}]},{\"@type\":\"WebSite\",\"@id\":\"https:\/\/www.pressenza.com\/it\/#website\",\"url\":\"https:\/\/www.pressenza.com\/it\/\",\"name\":\"Pressenza\",\"description\":\"Agenzia di Stampa Internazionale\",\"publisher\":{\"@id\":\"https:\/\/www.pressenza.com\/it\/#organization\"},\"potentialAction\":[{\"@type\":\"SearchAction\",\"target\":{\"@type\":\"EntryPoint\",\"urlTemplate\":\"https:\/\/www.pressenza.com\/it\/?s={search_term_string}\"},\"query-input\":{\"@type\":\"PropertyValueSpecification\",\"valueRequired\":true,\"valueName\":\"search_term_string\"}}],\"inLanguage\":\"it-IT\"},{\"@type\":\"Organization\",\"@id\":\"https:\/\/www.pressenza.com\/it\/#organization\",\"name\":\"Pressenza\",\"url\":\"https:\/\/www.pressenza.com\/it\/\",\"logo\":{\"@type\":\"ImageObject\",\"inLanguage\":\"it-IT\",\"@id\":\"https:\/\/www.pressenza.com\/it\/#\/schema\/logo\/image\/\",\"url\":\"https:\/\/www.pressenza.com\/wp-content\/uploads\/2022\/10\/pressenza_logo_200x200.jpg\",\"contentUrl\":\"https:\/\/www.pressenza.com\/wp-content\/uploads\/2022\/10\/pressenza_logo_200x200.jpg\",\"width\":200,\"height\":200,\"caption\":\"Pressenza\"},\"image\":{\"@id\":\"https:\/\/www.pressenza.com\/it\/#\/schema\/logo\/image\/\"},\"sameAs\":[\"https:\/\/www.facebook.com\/PressenzaItalia\",\"https:\/\/x.com\/PressenzaIPA\"]},{\"@type\":\"Person\",\"@id\":\"https:\/\/www.pressenza.com\/it\/#\/schema\/person\/d983e81827ae24f2c7b1a2123d197f8d\",\"name\":\"Redazione Italia\",\"description\":\"News from the Pressenza Bureau in Italy\",\"sameAs\":[\"https:\/\/www.pressenza.com\/it\/author\/redazione-italia\/\",\"https:\/\/www.facebook.com\/PressenzaItalia\",\"https:\/\/www.instagram.com\/pressenza_italia\/\",\"https:\/\/x.com\/pressenza_it\",\"https:\/\/www.youtube.com\/channel\/UCSalEIWjE1RSxkwjfftFuqg\"],\"url\":\"https:\/\/www.pressenza.com\/it\/author\/redazione-italia\/\"}]}<\/script>\n<!-- \/ Yoast SEO plugin. -->","yoast_head_json":{"title":"Kurdistan, Afghanistan, Iran: se le donne fanno una rivoluzione. Invito a un incontro online con le protagoniste","description":"Sei donne racconteranno la loro storia, due sono curde, due afgane, due iraniane. Le accomuna il fatto di essere scese in piazza, di aver accettato di","robots":{"index":"index","follow":"follow","max-snippet":"max-snippet:-1","max-image-preview":"max-image-preview:large","max-video-preview":"max-video-preview:-1"},"canonical":"https:\/\/www.pressenza.com\/it\/2023\/01\/kurdistan-afghanistan-iran-se-le-donne-fanno-una-rivoluzione-invito-a-un-incontro-online-con-le-protagoniste\/","og_locale":"it_IT","og_type":"article","og_title":"Kurdistan, Afghanistan, Iran: se le donne fanno una rivoluzione. Invito a un incontro online con le protagoniste","og_description":"Sei donne racconteranno la loro storia, due sono curde, due afgane, due iraniane. Le accomuna il fatto di essere scese in piazza, di aver accettato di","og_url":"https:\/\/www.pressenza.com\/it\/2023\/01\/kurdistan-afghanistan-iran-se-le-donne-fanno-una-rivoluzione-invito-a-un-incontro-online-con-le-protagoniste\/","og_site_name":"Pressenza","article_publisher":"https:\/\/www.facebook.com\/PressenzaItalia","article_author":"https:\/\/www.facebook.com\/PressenzaItalia","article_published_time":"2023-01-12T17:46:34+00:00","article_modified_time":"2023-01-12T17:48:33+00:00","og_image":[{"width":1169,"height":1654,"url":"https:\/\/www.pressenza.com\/wp-content\/uploads\/2023\/01\/donne-coi-capelli-al-vento.png","type":"image\/png"}],"author":"Redazione Italia","twitter_card":"summary_large_image","twitter_creator":"@pressenza_it","twitter_site":"@PressenzaIPA","twitter_misc":{"Scritto da":"Redazione Italia","Tempo di lettura stimato":"2 minuti"},"schema":{"@context":"https:\/\/schema.org","@graph":[{"@type":"Article","@id":"https:\/\/www.pressenza.com\/it\/2023\/01\/kurdistan-afghanistan-iran-se-le-donne-fanno-una-rivoluzione-invito-a-un-incontro-online-con-le-protagoniste\/#article","isPartOf":{"@id":"https:\/\/www.pressenza.com\/it\/2023\/01\/kurdistan-afghanistan-iran-se-le-donne-fanno-una-rivoluzione-invito-a-un-incontro-online-con-le-protagoniste\/"},"author":{"name":"Redazione Italia","@id":"https:\/\/www.pressenza.com\/it\/#\/schema\/person\/d983e81827ae24f2c7b1a2123d197f8d"},"headline":"Kurdistan, Afghanistan, Iran: se le donne fanno una rivoluzione. Invito a un incontro online con le protagoniste","datePublished":"2023-01-12T17:46:34+00:00","dateModified":"2023-01-12T17:48:33+00:00","mainEntityOfPage":{"@id":"https:\/\/www.pressenza.com\/it\/2023\/01\/kurdistan-afghanistan-iran-se-le-donne-fanno-una-rivoluzione-invito-a-un-incontro-online-con-le-protagoniste\/"},"wordCount":211,"publisher":{"@id":"https:\/\/www.pressenza.com\/it\/#organization"},"image":{"@id":"https:\/\/www.pressenza.com\/it\/2023\/01\/kurdistan-afghanistan-iran-se-le-donne-fanno-una-rivoluzione-invito-a-un-incontro-online-con-le-protagoniste\/#primaryimage"},"thumbnailUrl":"https:\/\/www.pressenza.com\/wp-content\/uploads\/2023\/01\/donne-coi-capelli-al-vento.png","keywords":["donne","eventi"],"articleSection":["Comunicati Stampa","Genere e femminismi"],"inLanguage":"it-IT"},{"@type":"WebPage","@id":"https:\/\/www.pressenza.com\/it\/2023\/01\/kurdistan-afghanistan-iran-se-le-donne-fanno-una-rivoluzione-invito-a-un-incontro-online-con-le-protagoniste\/","url":"https:\/\/www.pressenza.com\/it\/2023\/01\/kurdistan-afghanistan-iran-se-le-donne-fanno-una-rivoluzione-invito-a-un-incontro-online-con-le-protagoniste\/","name":"Kurdistan, Afghanistan, Iran: se le donne fanno una rivoluzione. Invito a un incontro online con le protagoniste","isPartOf":{"@id":"https:\/\/www.pressenza.com\/it\/#website"},"primaryImageOfPage":{"@id":"https:\/\/www.pressenza.com\/it\/2023\/01\/kurdistan-afghanistan-iran-se-le-donne-fanno-una-rivoluzione-invito-a-un-incontro-online-con-le-protagoniste\/#primaryimage"},"image":{"@id":"https:\/\/www.pressenza.com\/it\/2023\/01\/kurdistan-afghanistan-iran-se-le-donne-fanno-una-rivoluzione-invito-a-un-incontro-online-con-le-protagoniste\/#primaryimage"},"thumbnailUrl":"https:\/\/www.pressenza.com\/wp-content\/uploads\/2023\/01\/donne-coi-capelli-al-vento.png","datePublished":"2023-01-12T17:46:34+00:00","dateModified":"2023-01-12T17:48:33+00:00","description":"Sei donne racconteranno la loro storia, due sono curde, due afgane, due iraniane. Le accomuna il fatto di essere scese in piazza, di aver accettato di","breadcrumb":{"@id":"https:\/\/www.pressenza.com\/it\/2023\/01\/kurdistan-afghanistan-iran-se-le-donne-fanno-una-rivoluzione-invito-a-un-incontro-online-con-le-protagoniste\/#breadcrumb"},"inLanguage":"it-IT","potentialAction":[{"@type":"ReadAction","target":["https:\/\/www.pressenza.com\/it\/2023\/01\/kurdistan-afghanistan-iran-se-le-donne-fanno-una-rivoluzione-invito-a-un-incontro-online-con-le-protagoniste\/"]}]},{"@type":"ImageObject","inLanguage":"it-IT","@id":"https:\/\/www.pressenza.com\/it\/2023\/01\/kurdistan-afghanistan-iran-se-le-donne-fanno-una-rivoluzione-invito-a-un-incontro-online-con-le-protagoniste\/#primaryimage","url":"https:\/\/www.pressenza.com\/wp-content\/uploads\/2023\/01\/donne-coi-capelli-al-vento.png","contentUrl":"https:\/\/www.pressenza.com\/wp-content\/uploads\/2023\/01\/donne-coi-capelli-al-vento.png","width":1169,"height":1654},{"@type":"BreadcrumbList","@id":"https:\/\/www.pressenza.com\/it\/2023\/01\/kurdistan-afghanistan-iran-se-le-donne-fanno-una-rivoluzione-invito-a-un-incontro-online-con-le-protagoniste\/#breadcrumb","itemListElement":[{"@type":"ListItem","position":1,"name":"Accueil","item":"https:\/\/www.pressenza.com\/it\/"},{"@type":"ListItem","position":2,"name":"Kurdistan, Afghanistan, Iran: se le donne fanno una rivoluzione. Invito a un incontro online con le protagoniste"}]},{"@type":"WebSite","@id":"https:\/\/www.pressenza.com\/it\/#website","url":"https:\/\/www.pressenza.com\/it\/","name":"Pressenza","description":"Agenzia di Stampa Internazionale","publisher":{"@id":"https:\/\/www.pressenza.com\/it\/#organization"},"potentialAction":[{"@type":"SearchAction","target":{"@type":"EntryPoint","urlTemplate":"https:\/\/www.pressenza.com\/it\/?s={search_term_string}"},"query-input":{"@type":"PropertyValueSpecification","valueRequired":true,"valueName":"search_term_string"}}],"inLanguage":"it-IT"},{"@type":"Organization","@id":"https:\/\/www.pressenza.com\/it\/#organization","name":"Pressenza","url":"https:\/\/www.pressenza.com\/it\/","logo":{"@type":"ImageObject","inLanguage":"it-IT","@id":"https:\/\/www.pressenza.com\/it\/#\/schema\/logo\/image\/","url":"https:\/\/www.pressenza.com\/wp-content\/uploads\/2022\/10\/pressenza_logo_200x200.jpg","contentUrl":"https:\/\/www.pressenza.com\/wp-content\/uploads\/2022\/10\/pressenza_logo_200x200.jpg","width":200,"height":200,"caption":"Pressenza"},"image":{"@id":"https:\/\/www.pressenza.com\/it\/#\/schema\/logo\/image\/"},"sameAs":["https:\/\/www.facebook.com\/PressenzaItalia","https:\/\/x.com\/PressenzaIPA"]},{"@type":"Person","@id":"https:\/\/www.pressenza.com\/it\/#\/schema\/person\/d983e81827ae24f2c7b1a2123d197f8d","name":"Redazione Italia","description":"News from the Pressenza Bureau in Italy","sameAs":["https:\/\/www.pressenza.com\/it\/author\/redazione-italia\/","https:\/\/www.facebook.com\/PressenzaItalia","https:\/\/www.instagram.com\/pressenza_italia\/","https:\/\/x.com\/pressenza_it","https:\/\/www.youtube.com\/channel\/UCSalEIWjE1RSxkwjfftFuqg"],"url":"https:\/\/www.pressenza.com\/it\/author\/redazione-italia\/"}]}},"place":"","original_article_url":"","_links":{"self":[{"href":"https:\/\/www.pressenza.com\/it\/wp-json\/wp\/v2\/posts\/1709081","targetHints":{"allow":["GET"]}}],"collection":[{"href":"https:\/\/www.pressenza.com\/it\/wp-json\/wp\/v2\/posts"}],"about":[{"href":"https:\/\/www.pressenza.com\/it\/wp-json\/wp\/v2\/types\/post"}],"author":[{"embeddable":true,"href":"https:\/\/www.pressenza.com\/it\/wp-json\/wp\/v2\/users\/594"}],"replies":[{"embeddable":true,"href":"https:\/\/www.pressenza.com\/it\/wp-json\/wp\/v2\/comments?post=1709081"}],"version-history":[{"count":0,"href":"https:\/\/www.pressenza.com\/it\/wp-json\/wp\/v2\/posts\/1709081\/revisions"}],"wp:featuredmedia":[{"embeddable":true,"href":"https:\/\/www.pressenza.com\/it\/wp-json\/wp\/v2\/media\/1709083"}],"wp:attachment":[{"href":"https:\/\/www.pressenza.com\/it\/wp-json\/wp\/v2\/media?parent=1709081"}],"wp:term":[{"taxonomy":"category","embeddable":true,"href":"https:\/\/www.pressenza.com\/it\/wp-json\/wp\/v2\/categories?post=1709081"},{"taxonomy":"post_tag","embeddable":true,"href":"https:\/\/www.pressenza.com\/it\/wp-json\/wp\/v2\/tags?post=1709081"}],"curies":[{"name":"wp","href":"https:\/\/api.w.org\/{rel}","templated":true}]}}