{"id":1708729,"date":"2023-01-11T11:46:22","date_gmt":"2023-01-11T11:46:22","guid":{"rendered":"https:\/\/www.pressenza.com\/?p=1708729"},"modified":"2023-01-10T22:54:17","modified_gmt":"2023-01-10T22:54:17","slug":"linevitabile-rapporto-tra-sport-e-politica","status":"publish","type":"post","link":"https:\/\/www.pressenza.com\/it\/2023\/01\/linevitabile-rapporto-tra-sport-e-politica\/","title":{"rendered":"L\u2019inevitabile rapporto tra sport e politica"},"content":{"rendered":"<p>Nonostante spesso si sia tentato di tenerli distanti l\u2019uno dall\u2019altro,  lo sport e la politica sono confluiti sulla stessa strada moltissime volte.<br \/>\nDalle coraggiose scelte di Muhammad Ali, al boicottaggio occidentale alle Olimpiadi di Mosca del 1980 fino all\u2019esclusione degli atleti russi da varie manifestazioni sportive nell\u2019ultimo anno, \u00e8 difficile trovare un grande evento sportivo dove la politica non sia presente in qualche modo.<br \/>\nRecentemente hanno fatto rumore le affermazioni del presidente turco Erdo\u011fan , che lo scorso 25 dicembre, in occasione di un evento giovanile nella provincia orientale di Erzurum, riferendosi a Cristiano Ronaldo ha affermato: \u201cIn Qatar \u00e8 stato imposto un veto politico su di lui, perch\u00e9 difende la causa palestinese\u201d e ha poi aggiunto \u201csecondo le informazioni che ho ricevuto, Ronaldo sta andando in Arabia Saudita\u201d.<br \/>\nSe il presidente turco ci avesse preso per la seconda parte del discorso, potremmo dire lo stesso anche della prima?<\/p>\n<p>Calciatori e Palestina<br \/>\nIl presunto sostegno del fenomeno lusitano alla Palestina nasce da una notizia diffusasi via web nel 2012, secondo cui il campionissimo avrebbe messo all\u2019asta la scarpa d\u2019oro 2011-2012 per poi destinare il ricavato (corrispondente a 1.5 milioni di euro) alla costruzione di scuole sulla striscia di Gaza.<br \/>\nLa notizia venne poi smentita da una portavoce di Gestifute Media, un\u2019agenzia spagnola che ai tempi si occupava della gestione d\u2019immagine dell\u2019asso portoghese.<br \/>\nInoltre CR7 non ha mai rilasciato dichiarazioni ufficiali a sostegno della causa palestinese.<br \/>\nDiversi calciatori per\u00f2 in passato si sono esposti sulla questione.<br \/>\nDopo i fatti di Sheikh Jarrah del maggio 2021 diversi giocatori, tra cui Hakimi, Bennacer e Mahrez, hanno preso una posizione netta a favore della popolazione palestinese.<br \/>\nLa recente storica impresa del Marocco al Mondiale \u00e8 stata festeggiata sia dai calciatori in campo che dai tifosi sugli spalti con lo sfoggio di bandiere palestinesi, a sottolineare il forte legame sentimentale tra tutti i popoli arabi e la causa palestinese.<\/p>\n<p>Turchia: i casi \u00d6zil e Kanter<br \/>\nIl commento di Erdo\u011fan non \u00e8 stato del tutto casuale: il presidente turco \u00e8 noto per essere un grande appassionato di calcio, sport che ha anche praticato a livello professionistico.<br \/>\nLa leggenda vuole che in passato gli fosse stato affibbiato il soprannome di \u201cImam Beckenbauer\u201d.<br \/>\nSono anche noti i legami del presidente con diverse personalit\u00e0 sportive turche di rilievo: una fra tutte Mesut \u00d6zil.<br \/>\nL\u2019ex calciatore dell\u2019Arsenal, in occasione del suo matrimonio con l\u2019ex Miss Turchia Amine Gulse, ha scelto come testimone di nozze proprio il presidente della Turchia.<br \/>\nIl campione tedesco di origine turca \u00e8 stato al centro del dibattitto extracalcistico in diverse occasioni.<br \/>\nNel dicembre 2019, tramite un post su Instagram, \u00d6zil ha attaccato in maniera piuttosto forte il governo cinese per le politiche sugli Uiguri, definendo l\u2019etnia turcofona musulmana cinese come \u201cguerrieri che resistono alla persecuzione\u201d.<br \/>\nQueste dichiarazioni gli sono valse la cancellazione del suo avatar dal videogioco Komani Pro Evolution Soccer e sono costate all\u2019Arsenal l\u2019oscuramento della successiva partita nei canali cinesi.<br \/>\nDi tutt\u2019altro genere \u00e8 la storia di Enes Kanter, cestista turco\/statunitense attualmente svincolato.<br \/>\nDa sempre sostenitore di Fethullah G\u00fclen, storico oppositore di Erdo\u011fan, Enes non ha mai perso occasione per attaccare il presidente turco su Twitter.<br \/>\nI suoi attacchi lo hanno portato alla revoca della cittadinanza turca e all\u2019accusa di far parte di un\u2019organizzazione terroristica da parte di Ankara, con tanto di mandato d\u2019arresto.<br \/>\nIl 29 novembre 2021 ha ottenuto la cittadinanza statunitense e ha deciso di cambiare nome in Enes Freedom.<br \/>\nSvincolato da quasi un anno, il cestista \u00e8 attualmente intenzionato a denunciare l\u2019NBA, dal momento che secondo lui il suo mancato impiego nella lega \u00e8 dovuto al suo attivismo contro la violazione dei diritti umani in Cina.<\/p>\n<p>James McClean e il Poppy<br \/>\nSpostandoci in Inghilterra, \u00e8 impossibile non citare il caso James McClean.<br \/>\nCentrocampista con cittadinanza irlandese dal 2012, McClean \u00e8 noto per le sue posizioni politiche, che spesso lo hanno portato a ricevere anche minacce di morte.<br \/>\nNato a Derry, citt\u00e0 che fu teatro del Sunday Bloody Sunday cantato dagli U2, James si rifiuta ogni anno di indossare il papavero rosso in occasione del Remembrance Day, giorno di commemorazione osservato dai paesi del Commonwealth in ricordo dei soldati caduti.<br \/>\nQuesta sua scelta \u00e8 riconducibile proprio ai fatti avvenuti nella sua citt\u00e0 natale nel 1972, quando l\u2019esercito inglese uccise 14 civili disarmati.<br \/>\nDurante il lockdown del 2020 il centrocampista irlandese post\u00f2 una storia su Instagram insieme ai figli mentre indossava un passamontagna, storico simbolo dell\u2019organizzazione paramilitare irlandese IRA, con annessa descrizione \u201cOggi lezione di storia\u201d.<br \/>\nLa foto suscit\u00f2 non poca indignazione nel Regno Unito.<br \/>\nAnche l\u2019attuale centrocampista della Roma Matic ha rifiutato di indossare il Poppy nel novembre 2018, poich\u00e9 suscitava in lui il ricordo dei bombardamenti in Serbia.<br \/>\nPensare di separare lo sport dalla politica \u00e8 follia, ma in un\u2019epoca dominata dai diritti televisivi esprimersi su certi argomenti sar\u00e0 sempre pi\u00f9 difficile per le societ\u00e0 sportive.<br \/>\n(East Journal  Marco Pedone 10 Gennaio 2023)<\/p>\n","protected":false},"excerpt":{"rendered":"<p>Nonostante spesso si sia tentato di tenerli distanti l\u2019uno dall\u2019altro, lo sport e la politica sono confluiti sulla stessa strada moltissime volte. Dalle coraggiose scelte di Muhammad Ali, al boicottaggio occidentale alle Olimpiadi di Mosca del 1980 fino all\u2019esclusione degli&hellip;<\/p>\n","protected":false},"author":1438,"featured_media":595218,"comment_status":"closed","ping_status":"closed","sticky":false,"template":"","format":"standard","meta":{"footnotes":""},"categories":[150,1258,46975,38],"tags":[5306,5199,73288,5905],"class_list":["post-1708729","post","type-post","status-publish","format-standard","has-post-thumbnail","hentry","category-comunicati-stampa","category-educazione","category-giovani","category-internazionale","tag-calcio","tag-erdogan","tag-regime-erdogan","tag-sport-it"],"yoast_head":"<!-- This site is optimized with the Yoast SEO plugin v27.1.1 - https:\/\/yoast.com\/product\/yoast-seo-wordpress\/ -->\n<title>L\u2019inevitabile rapporto tra sport e politica<\/title>\n<meta name=\"description\" content=\"Nonostante spesso si sia tentato di tenerli distanti l\u2019uno dall\u2019altro, lo sport e la politica sono confluiti sulla stessa strada moltissime volte. Dalle\" \/>\n<meta name=\"robots\" content=\"index, follow, max-snippet:-1, max-image-preview:large, max-video-preview:-1\" \/>\n<link rel=\"canonical\" href=\"https:\/\/www.pressenza.com\/it\/2023\/01\/linevitabile-rapporto-tra-sport-e-politica\/\" \/>\n<meta property=\"og:locale\" content=\"it_IT\" \/>\n<meta property=\"og:type\" content=\"article\" \/>\n<meta property=\"og:title\" content=\"L\u2019inevitabile rapporto tra sport e politica\" \/>\n<meta property=\"og:description\" content=\"Nonostante spesso si sia tentato di tenerli distanti l\u2019uno dall\u2019altro, lo sport e la politica sono confluiti sulla stessa strada moltissime volte. Dalle\" \/>\n<meta property=\"og:url\" content=\"https:\/\/www.pressenza.com\/it\/2023\/01\/linevitabile-rapporto-tra-sport-e-politica\/\" \/>\n<meta property=\"og:site_name\" content=\"Pressenza\" \/>\n<meta property=\"article:publisher\" content=\"https:\/\/www.facebook.com\/PressenzaItalia\" \/>\n<meta property=\"article:author\" content=\"https:\/\/www.facebook.com\/EaST-Journal-114874678534254\/\" \/>\n<meta property=\"article:published_time\" content=\"2023-01-11T11:46:22+00:00\" \/>\n<meta property=\"og:image\" content=\"https:\/\/www.pressenza.com\/wp-content\/uploads\/2018\/02\/xeimerinoi.jpg\" \/>\n\t<meta property=\"og:image:width\" content=\"800\" \/>\n\t<meta property=\"og:image:height\" content=\"533\" \/>\n\t<meta property=\"og:image:type\" content=\"image\/jpeg\" \/>\n<meta name=\"author\" content=\"East Journal\" \/>\n<meta name=\"twitter:card\" content=\"summary_large_image\" \/>\n<meta name=\"twitter:creator\" content=\"@PressenzaIPA\" \/>\n<meta name=\"twitter:site\" content=\"@PressenzaIPA\" \/>\n<meta name=\"twitter:label1\" content=\"Scritto da\" \/>\n\t<meta name=\"twitter:data1\" content=\"East Journal\" \/>\n<script type=\"application\/ld+json\" class=\"yoast-schema-graph\">{\"@context\":\"https:\/\/schema.org\",\"@graph\":[{\"@type\":\"Article\",\"@id\":\"https:\/\/www.pressenza.com\/it\/2023\/01\/linevitabile-rapporto-tra-sport-e-politica\/#article\",\"isPartOf\":{\"@id\":\"https:\/\/www.pressenza.com\/it\/2023\/01\/linevitabile-rapporto-tra-sport-e-politica\/\"},\"author\":{\"name\":\"East Journal\",\"@id\":\"https:\/\/www.pressenza.com\/it\/#\/schema\/person\/ac0b6e21874c411b7ae3f1183e5b7a5a\"},\"headline\":\"L\u2019inevitabile rapporto tra sport e politica\",\"datePublished\":\"2023-01-11T11:46:22+00:00\",\"mainEntityOfPage\":{\"@id\":\"https:\/\/www.pressenza.com\/it\/2023\/01\/linevitabile-rapporto-tra-sport-e-politica\/\"},\"wordCount\":819,\"publisher\":{\"@id\":\"https:\/\/www.pressenza.com\/it\/#organization\"},\"image\":{\"@id\":\"https:\/\/www.pressenza.com\/it\/2023\/01\/linevitabile-rapporto-tra-sport-e-politica\/#primaryimage\"},\"thumbnailUrl\":\"https:\/\/www.pressenza.com\/wp-content\/uploads\/2018\/02\/xeimerinoi.jpg\",\"keywords\":[\"Calcio\",\"Erdogan\",\"regime Erdogan\",\"sport\"],\"articleSection\":[\"Comunicati Stampa\",\"Educazione\",\"Giovani\",\"Internazionale\"],\"inLanguage\":\"it-IT\"},{\"@type\":\"WebPage\",\"@id\":\"https:\/\/www.pressenza.com\/it\/2023\/01\/linevitabile-rapporto-tra-sport-e-politica\/\",\"url\":\"https:\/\/www.pressenza.com\/it\/2023\/01\/linevitabile-rapporto-tra-sport-e-politica\/\",\"name\":\"L\u2019inevitabile rapporto tra sport e politica\",\"isPartOf\":{\"@id\":\"https:\/\/www.pressenza.com\/it\/#website\"},\"primaryImageOfPage\":{\"@id\":\"https:\/\/www.pressenza.com\/it\/2023\/01\/linevitabile-rapporto-tra-sport-e-politica\/#primaryimage\"},\"image\":{\"@id\":\"https:\/\/www.pressenza.com\/it\/2023\/01\/linevitabile-rapporto-tra-sport-e-politica\/#primaryimage\"},\"thumbnailUrl\":\"https:\/\/www.pressenza.com\/wp-content\/uploads\/2018\/02\/xeimerinoi.jpg\",\"datePublished\":\"2023-01-11T11:46:22+00:00\",\"description\":\"Nonostante spesso si sia tentato di tenerli distanti l\u2019uno dall\u2019altro, lo sport e la politica sono confluiti sulla stessa strada moltissime volte. Dalle\",\"breadcrumb\":{\"@id\":\"https:\/\/www.pressenza.com\/it\/2023\/01\/linevitabile-rapporto-tra-sport-e-politica\/#breadcrumb\"},\"inLanguage\":\"it-IT\",\"potentialAction\":[{\"@type\":\"ReadAction\",\"target\":[\"https:\/\/www.pressenza.com\/it\/2023\/01\/linevitabile-rapporto-tra-sport-e-politica\/\"]}]},{\"@type\":\"ImageObject\",\"inLanguage\":\"it-IT\",\"@id\":\"https:\/\/www.pressenza.com\/it\/2023\/01\/linevitabile-rapporto-tra-sport-e-politica\/#primaryimage\",\"url\":\"https:\/\/www.pressenza.com\/wp-content\/uploads\/2018\/02\/xeimerinoi.jpg\",\"contentUrl\":\"https:\/\/www.pressenza.com\/wp-content\/uploads\/2018\/02\/xeimerinoi.jpg\",\"width\":800,\"height\":533,\"caption\":\"Feb 9, 2018; Pyeongchang, South Korea; North-South taekwondo team performs before the opening ceremony during the Pyeongchang 2018 Olympic Winter Games at Pyeongchang Olympic Stadium. Mandatory Credit: Geoff Burke-USA TODAY Sports\"},{\"@type\":\"BreadcrumbList\",\"@id\":\"https:\/\/www.pressenza.com\/it\/2023\/01\/linevitabile-rapporto-tra-sport-e-politica\/#breadcrumb\",\"itemListElement\":[{\"@type\":\"ListItem\",\"position\":1,\"name\":\"Accueil\",\"item\":\"https:\/\/www.pressenza.com\/it\/\"},{\"@type\":\"ListItem\",\"position\":2,\"name\":\"L\u2019inevitabile rapporto tra sport e politica\"}]},{\"@type\":\"WebSite\",\"@id\":\"https:\/\/www.pressenza.com\/it\/#website\",\"url\":\"https:\/\/www.pressenza.com\/it\/\",\"name\":\"Pressenza\",\"description\":\"Agenzia di Stampa Internazionale\",\"publisher\":{\"@id\":\"https:\/\/www.pressenza.com\/it\/#organization\"},\"potentialAction\":[{\"@type\":\"SearchAction\",\"target\":{\"@type\":\"EntryPoint\",\"urlTemplate\":\"https:\/\/www.pressenza.com\/it\/?s={search_term_string}\"},\"query-input\":{\"@type\":\"PropertyValueSpecification\",\"valueRequired\":true,\"valueName\":\"search_term_string\"}}],\"inLanguage\":\"it-IT\"},{\"@type\":\"Organization\",\"@id\":\"https:\/\/www.pressenza.com\/it\/#organization\",\"name\":\"Pressenza\",\"url\":\"https:\/\/www.pressenza.com\/it\/\",\"logo\":{\"@type\":\"ImageObject\",\"inLanguage\":\"it-IT\",\"@id\":\"https:\/\/www.pressenza.com\/it\/#\/schema\/logo\/image\/\",\"url\":\"https:\/\/www.pressenza.com\/wp-content\/uploads\/2022\/10\/pressenza_logo_200x200.jpg\",\"contentUrl\":\"https:\/\/www.pressenza.com\/wp-content\/uploads\/2022\/10\/pressenza_logo_200x200.jpg\",\"width\":200,\"height\":200,\"caption\":\"Pressenza\"},\"image\":{\"@id\":\"https:\/\/www.pressenza.com\/it\/#\/schema\/logo\/image\/\"},\"sameAs\":[\"https:\/\/www.facebook.com\/PressenzaItalia\",\"https:\/\/x.com\/PressenzaIPA\"]},{\"@type\":\"Person\",\"@id\":\"https:\/\/www.pressenza.com\/it\/#\/schema\/person\/ac0b6e21874c411b7ae3f1183e5b7a5a\",\"name\":\"East Journal\",\"sameAs\":[\"http:\/\/www.eastjournal.net\/\",\"https:\/\/www.facebook.com\/EaST-Journal-114874678534254\/\"],\"url\":\"https:\/\/www.pressenza.com\/it\/author\/east-journal\/\"}]}<\/script>\n<!-- \/ Yoast SEO plugin. -->","yoast_head_json":{"title":"L\u2019inevitabile rapporto tra sport e politica","description":"Nonostante spesso si sia tentato di tenerli distanti l\u2019uno dall\u2019altro, lo sport e la politica sono confluiti sulla stessa strada moltissime volte. Dalle","robots":{"index":"index","follow":"follow","max-snippet":"max-snippet:-1","max-image-preview":"max-image-preview:large","max-video-preview":"max-video-preview:-1"},"canonical":"https:\/\/www.pressenza.com\/it\/2023\/01\/linevitabile-rapporto-tra-sport-e-politica\/","og_locale":"it_IT","og_type":"article","og_title":"L\u2019inevitabile rapporto tra sport e politica","og_description":"Nonostante spesso si sia tentato di tenerli distanti l\u2019uno dall\u2019altro, lo sport e la politica sono confluiti sulla stessa strada moltissime volte. Dalle","og_url":"https:\/\/www.pressenza.com\/it\/2023\/01\/linevitabile-rapporto-tra-sport-e-politica\/","og_site_name":"Pressenza","article_publisher":"https:\/\/www.facebook.com\/PressenzaItalia","article_author":"https:\/\/www.facebook.com\/EaST-Journal-114874678534254\/","article_published_time":"2023-01-11T11:46:22+00:00","og_image":[{"width":800,"height":533,"url":"https:\/\/www.pressenza.com\/wp-content\/uploads\/2018\/02\/xeimerinoi.jpg","type":"image\/jpeg"}],"author":"East Journal","twitter_card":"summary_large_image","twitter_creator":"@PressenzaIPA","twitter_site":"@PressenzaIPA","twitter_misc":{"Scritto da":"East Journal"},"schema":{"@context":"https:\/\/schema.org","@graph":[{"@type":"Article","@id":"https:\/\/www.pressenza.com\/it\/2023\/01\/linevitabile-rapporto-tra-sport-e-politica\/#article","isPartOf":{"@id":"https:\/\/www.pressenza.com\/it\/2023\/01\/linevitabile-rapporto-tra-sport-e-politica\/"},"author":{"name":"East Journal","@id":"https:\/\/www.pressenza.com\/it\/#\/schema\/person\/ac0b6e21874c411b7ae3f1183e5b7a5a"},"headline":"L\u2019inevitabile rapporto tra sport e politica","datePublished":"2023-01-11T11:46:22+00:00","mainEntityOfPage":{"@id":"https:\/\/www.pressenza.com\/it\/2023\/01\/linevitabile-rapporto-tra-sport-e-politica\/"},"wordCount":819,"publisher":{"@id":"https:\/\/www.pressenza.com\/it\/#organization"},"image":{"@id":"https:\/\/www.pressenza.com\/it\/2023\/01\/linevitabile-rapporto-tra-sport-e-politica\/#primaryimage"},"thumbnailUrl":"https:\/\/www.pressenza.com\/wp-content\/uploads\/2018\/02\/xeimerinoi.jpg","keywords":["Calcio","Erdogan","regime Erdogan","sport"],"articleSection":["Comunicati Stampa","Educazione","Giovani","Internazionale"],"inLanguage":"it-IT"},{"@type":"WebPage","@id":"https:\/\/www.pressenza.com\/it\/2023\/01\/linevitabile-rapporto-tra-sport-e-politica\/","url":"https:\/\/www.pressenza.com\/it\/2023\/01\/linevitabile-rapporto-tra-sport-e-politica\/","name":"L\u2019inevitabile rapporto tra sport e politica","isPartOf":{"@id":"https:\/\/www.pressenza.com\/it\/#website"},"primaryImageOfPage":{"@id":"https:\/\/www.pressenza.com\/it\/2023\/01\/linevitabile-rapporto-tra-sport-e-politica\/#primaryimage"},"image":{"@id":"https:\/\/www.pressenza.com\/it\/2023\/01\/linevitabile-rapporto-tra-sport-e-politica\/#primaryimage"},"thumbnailUrl":"https:\/\/www.pressenza.com\/wp-content\/uploads\/2018\/02\/xeimerinoi.jpg","datePublished":"2023-01-11T11:46:22+00:00","description":"Nonostante spesso si sia tentato di tenerli distanti l\u2019uno dall\u2019altro, lo sport e la politica sono confluiti sulla stessa strada moltissime volte. Dalle","breadcrumb":{"@id":"https:\/\/www.pressenza.com\/it\/2023\/01\/linevitabile-rapporto-tra-sport-e-politica\/#breadcrumb"},"inLanguage":"it-IT","potentialAction":[{"@type":"ReadAction","target":["https:\/\/www.pressenza.com\/it\/2023\/01\/linevitabile-rapporto-tra-sport-e-politica\/"]}]},{"@type":"ImageObject","inLanguage":"it-IT","@id":"https:\/\/www.pressenza.com\/it\/2023\/01\/linevitabile-rapporto-tra-sport-e-politica\/#primaryimage","url":"https:\/\/www.pressenza.com\/wp-content\/uploads\/2018\/02\/xeimerinoi.jpg","contentUrl":"https:\/\/www.pressenza.com\/wp-content\/uploads\/2018\/02\/xeimerinoi.jpg","width":800,"height":533,"caption":"Feb 9, 2018; Pyeongchang, South Korea; North-South taekwondo team performs before the opening ceremony during the Pyeongchang 2018 Olympic Winter Games at Pyeongchang Olympic Stadium. Mandatory Credit: Geoff Burke-USA TODAY Sports"},{"@type":"BreadcrumbList","@id":"https:\/\/www.pressenza.com\/it\/2023\/01\/linevitabile-rapporto-tra-sport-e-politica\/#breadcrumb","itemListElement":[{"@type":"ListItem","position":1,"name":"Accueil","item":"https:\/\/www.pressenza.com\/it\/"},{"@type":"ListItem","position":2,"name":"L\u2019inevitabile rapporto tra sport e politica"}]},{"@type":"WebSite","@id":"https:\/\/www.pressenza.com\/it\/#website","url":"https:\/\/www.pressenza.com\/it\/","name":"Pressenza","description":"Agenzia di Stampa Internazionale","publisher":{"@id":"https:\/\/www.pressenza.com\/it\/#organization"},"potentialAction":[{"@type":"SearchAction","target":{"@type":"EntryPoint","urlTemplate":"https:\/\/www.pressenza.com\/it\/?s={search_term_string}"},"query-input":{"@type":"PropertyValueSpecification","valueRequired":true,"valueName":"search_term_string"}}],"inLanguage":"it-IT"},{"@type":"Organization","@id":"https:\/\/www.pressenza.com\/it\/#organization","name":"Pressenza","url":"https:\/\/www.pressenza.com\/it\/","logo":{"@type":"ImageObject","inLanguage":"it-IT","@id":"https:\/\/www.pressenza.com\/it\/#\/schema\/logo\/image\/","url":"https:\/\/www.pressenza.com\/wp-content\/uploads\/2022\/10\/pressenza_logo_200x200.jpg","contentUrl":"https:\/\/www.pressenza.com\/wp-content\/uploads\/2022\/10\/pressenza_logo_200x200.jpg","width":200,"height":200,"caption":"Pressenza"},"image":{"@id":"https:\/\/www.pressenza.com\/it\/#\/schema\/logo\/image\/"},"sameAs":["https:\/\/www.facebook.com\/PressenzaItalia","https:\/\/x.com\/PressenzaIPA"]},{"@type":"Person","@id":"https:\/\/www.pressenza.com\/it\/#\/schema\/person\/ac0b6e21874c411b7ae3f1183e5b7a5a","name":"East Journal","sameAs":["http:\/\/www.eastjournal.net\/","https:\/\/www.facebook.com\/EaST-Journal-114874678534254\/"],"url":"https:\/\/www.pressenza.com\/it\/author\/east-journal\/"}]}},"place":"","original_article_url":"","_links":{"self":[{"href":"https:\/\/www.pressenza.com\/it\/wp-json\/wp\/v2\/posts\/1708729","targetHints":{"allow":["GET"]}}],"collection":[{"href":"https:\/\/www.pressenza.com\/it\/wp-json\/wp\/v2\/posts"}],"about":[{"href":"https:\/\/www.pressenza.com\/it\/wp-json\/wp\/v2\/types\/post"}],"author":[{"embeddable":true,"href":"https:\/\/www.pressenza.com\/it\/wp-json\/wp\/v2\/users\/1438"}],"replies":[{"embeddable":true,"href":"https:\/\/www.pressenza.com\/it\/wp-json\/wp\/v2\/comments?post=1708729"}],"version-history":[{"count":0,"href":"https:\/\/www.pressenza.com\/it\/wp-json\/wp\/v2\/posts\/1708729\/revisions"}],"wp:featuredmedia":[{"embeddable":true,"href":"https:\/\/www.pressenza.com\/it\/wp-json\/wp\/v2\/media\/595218"}],"wp:attachment":[{"href":"https:\/\/www.pressenza.com\/it\/wp-json\/wp\/v2\/media?parent=1708729"}],"wp:term":[{"taxonomy":"category","embeddable":true,"href":"https:\/\/www.pressenza.com\/it\/wp-json\/wp\/v2\/categories?post=1708729"},{"taxonomy":"post_tag","embeddable":true,"href":"https:\/\/www.pressenza.com\/it\/wp-json\/wp\/v2\/tags?post=1708729"}],"curies":[{"name":"wp","href":"https:\/\/api.w.org\/{rel}","templated":true}]}}