{"id":1708722,"date":"2023-01-11T10:44:34","date_gmt":"2023-01-11T10:44:34","guid":{"rendered":"https:\/\/www.pressenza.com\/?p=1708722"},"modified":"2023-01-10T22:45:29","modified_gmt":"2023-01-10T22:45:29","slug":"mortalita-dei-bambini-nel-mondo","status":"publish","type":"post","link":"https:\/\/www.pressenza.com\/it\/2023\/01\/mortalita-dei-bambini-nel-mondo\/","title":{"rendered":"Mortalit\u00e0 dei bambini nel mondo"},"content":{"rendered":"<p>Un numero stimato di 5 milioni di bambini \u00e8 morto prima di compiere cinque anni e altri 2,1 milioni di bambini e giovani di et\u00e0 compresa tra i 5 e i 24 anni hanno perso la vita nel 2021, secondo gli ultimi dati diffusi da UNICEF\/OMS\/Banca Mondiale\/UN DESA del Gruppo inter-agenzie delle Nazioni Unite per la stima della mortalit\u00e0 dei bambini (UN IGME) nel rapporto Levels &#038; Trends in Child Mortality \u2013 Report 2021.<br \/>\nIn un secondo rapporto, &#8216;Never Forgotten The situation of stillbirth around the globe&#8217;, diffuso sempre oggi, il gruppo ha rilevato che, nello stesso periodo, ulteriori 1,9 milioni di bambini sono nati morti.<br \/>\nTragicamente, molte di queste morti avrebbero potuto essere evitate con un accesso equo e un&#8217;assistenza sanitaria di alta qualit\u00e0 per le madri, i neonati, gli adolescenti e i bambini.<br \/>\n&#8220;Ogni giorno, troppi genitori affrontano il trauma di perdere i propri figli, a volte anche prima del loro primo respiro&#8221;, ha dichiarato Vidhya Ganesh, Direttore della Divisione Analisi dei dati, programmazione e monitoraggio dell&#8217;UNICEF.<br \/>\n&#8220;Una tragedia cos\u00ec diffusa e prevenibile non dovrebbe mai essere accettata come inevitabile.<br \/>\nI progressi sono possibili con una volont\u00e0 politica pi\u00f9 forte e investimenti mirati per un accesso equo all&#8217;assistenza sanitaria primaria per ogni donna e bambino&#8221;. <\/p>\n<p>I rapporti mostrano alcuni risultati positivi, con una riduzione del rischio di morte in tutte le fasce d&#8217;et\u00e0 a livello globale dal 2000. Il tasso di mortalit\u00e0 globale al di sotto dei cinque anni \u00e8 diminuito del 50% dall&#8217;inizio del secolo, mentre i tassi di mortalit\u00e0 nei bambini pi\u00f9 grandi e nei giovani sono scesi del 36% e il tasso di nati morti \u00e8 diminuito del 35%.<br \/>\nCi\u00f2 pu\u00f2 essere attribuito a maggiori investimenti nel rafforzamento dei sistemi sanitari primari a beneficio di donne, bambini e giovani.<br \/>\nTuttavia, i progressi si sono ridotti significativamente dal 2010 e 54 Paesi non riusciranno a raggiungere il target degli Obiettivi di Sviluppo Sostenibile per quanto riguarda la mortalit\u00e0 al di sotto dei cinque anni.<br \/>\nSe non si interviene rapidamente per migliorare i servizi sanitari, avvertono le agenzie, quasi 59 milioni di bambini e giovani moriranno prima del 2030 e quasi 16 milioni di neonati nasceranno morti.<br \/>\n&#8220;\u00c8 molto ingiusto che le possibilit\u00e0 di sopravvivenza di un bambino possano essere determinate solo dal luogo di nascita e che vi siano cos\u00ec grandi disuguaglianze nell&#8217;accesso ai servizi sanitari salvavita&#8221;, ha dichiarato il dottor Anshu Banerjee, Direttore per la Salute materna, neonatale, infantile e adolescenziale e l&#8217;invecchiamento dell&#8217;Organizzazione Mondiale della Sanit\u00e0 (OMS).<br \/>\n&#8220;I bambini di tutto il mondo hanno bisogno di sistemi di assistenza sanitaria di base forti, che rispondano alle loro esigenze e a quelle delle loro famiglie, in modo che, indipendentemente dal luogo in cui nascono, possano avere il miglior inizio e la migliore speranza per il futuro&#8221;.<br \/>\nI bambini continuano ad avere possibilit\u00e0 di sopravvivenza molto diverse a seconda del luogo in cui nascono, con l&#8217;Africa subsahariana e l&#8217;Asia meridionale che si fanno carico dell&#8217;onere pi\u00f9 pesante, secondo i rapporti. Sebbene l&#8217;Africa sub-sahariana abbia registrato solo il 29% dei nati vivi a livello globale, nella regione si \u00e8 verificato il 56% di tutti i decessi sotto i cinque anni nel 2021, mentre nell&#8217;Asia meridionale il 26% del totale. I bambini nati nell&#8217;Africa subsahariana sono soggetti al pi\u00f9 alto rischio di morire da piccoli nel mondo, 15 volte superiore a quello dei bambini in Europa e nell&#8217;America settentrionale.<br \/>\nLe madri in queste due regioni sopportano anche la dolorosa perdita di bambini nati morti a un tasso altissimo, con il 77% di tutti i nati morti nel 2021 che si verificano nell&#8217;Africa sub-sahariana e nell&#8217;Asia meridionale. Quasi la met\u00e0 di tutti i nati morti si verifica nell&#8217;Africa subsahariana. Il rischio che una donna abbia un bambino nato morto nell&#8217;Africa subsahariana \u00e8 sette volte maggiore rispetto all&#8217;Europa e al Nord America.<br \/>\nL&#8217;accesso e la disponibilit\u00e0 di assistenza sanitaria di qualit\u00e0 continuano a essere una questione di vita o di morte per i bambini a livello globale. La maggior parte dei decessi dei bambini avviene nei primi cinque anni di vita, di cui la met\u00e0 entro il primo mese di vita. Per questi bambini pi\u00f9 piccoli, la nascita prematura e le complicazioni durante il travaglio sono le principali cause di morte. Allo stesso modo, pi\u00f9 del 40% dei casi di bambini nati morti si verifica durante il travaglio &#8211; la maggior parte dei quali \u00e8 prevenibile se le donne hanno accesso a cure di qualit\u00e0 durante la gravidanza e il parto. Per i bambini che sopravvivono oltre i primi 28 giorni di vita, le malattie infettive come polmonite, diarrea e malaria rappresentano la minaccia maggiore. <\/p>\n<p>I rapporti rilevano anche lacune nei dati, che potrebbero compromettere l&#8217;impatto delle politiche e dei programmi volti a migliorare la sopravvivenza e il benessere dei bambini.<br \/>\n&#8220;Le nuove stime evidenziano i notevoli progressi compiuti a livello mondiale dal 2000 nella riduzione della mortalit\u00e0 dei bambini sotto i 5 anni&#8221;, ha dichiarato John Wilmoth, direttore della Divisione Popolazione dell&#8217;UN DESA. &#8220;Nonostante questo successo, \u00e8 necessario lavorare ancora per affrontare le grandi differenze che persistono nella sopravvivenza dei bambini nei vari Paesi e regioni, soprattutto nell&#8217;Africa sub-sahariana. Solo migliorando l&#8217;accesso a un&#8217;assistenza sanitaria di qualit\u00e0, soprattutto al momento del parto, potremo ridurre queste disuguaglianze e porre fine alle morti prevenibili di neonati e bambini in tutto il mondo&#8221;.  <\/p>\n<p>*I due rapporti congiunti lanciati sono: Levels &#038; Trends in Child Mortality \u2013 Report 2021<br \/>\n<a href=\"https:\/\/data.unicef.org\/resources\/levels-and-trends-in-child-mortality-2021\/\">https:\/\/data.unicef.org\/resources\/levels-and-trends-in-child-mortality-2021\/<\/a><\/p>\n","protected":false},"excerpt":{"rendered":"<p>Un numero stimato di 5 milioni di bambini \u00e8 morto prima di compiere cinque anni e altri 2,1 milioni di bambini e giovani di et\u00e0 compresa tra i 5 e i 24 anni hanno perso la vita nel 2021, secondo&hellip;<\/p>\n","protected":false},"author":1490,"featured_media":1063734,"comment_status":"closed","ping_status":"closed","sticky":false,"template":"","format":"standard","meta":{"footnotes":""},"categories":[150,38,1259],"tags":[3197,109018,109019],"class_list":["post-1708722","post","type-post","status-publish","format-standard","has-post-thumbnail","hentry","category-comunicati-stampa","category-internazionale","category-salute-argomento","tag-assistenza-sanitaria","tag-mortalita-bambini","tag-parti-a-rischio"],"yoast_head":"<!-- This site is optimized with the Yoast SEO plugin v27.1.1 - https:\/\/yoast.com\/product\/yoast-seo-wordpress\/ -->\n<title>Mortalit\u00e0 dei bambini nel mondo<\/title>\n<meta name=\"description\" content=\"Un numero stimato di 5 milioni di bambini \u00e8 morto prima di compiere cinque anni e altri 2,1 milioni di bambini e giovani di et\u00e0 compresa tra i 5 e i 24\" \/>\n<meta name=\"robots\" content=\"index, follow, max-snippet:-1, max-image-preview:large, max-video-preview:-1\" \/>\n<link rel=\"canonical\" href=\"https:\/\/www.pressenza.com\/it\/2023\/01\/mortalita-dei-bambini-nel-mondo\/\" \/>\n<meta property=\"og:locale\" content=\"it_IT\" \/>\n<meta property=\"og:type\" content=\"article\" \/>\n<meta property=\"og:title\" content=\"Mortalit\u00e0 dei bambini nel mondo\" \/>\n<meta property=\"og:description\" content=\"Un numero stimato di 5 milioni di bambini \u00e8 morto prima di compiere cinque anni e altri 2,1 milioni di bambini e giovani di et\u00e0 compresa tra i 5 e i 24\" \/>\n<meta property=\"og:url\" content=\"https:\/\/www.pressenza.com\/it\/2023\/01\/mortalita-dei-bambini-nel-mondo\/\" \/>\n<meta property=\"og:site_name\" content=\"Pressenza\" \/>\n<meta property=\"article:publisher\" content=\"https:\/\/www.facebook.com\/PressenzaItalia\" \/>\n<meta property=\"article:published_time\" content=\"2023-01-11T10:44:34+00:00\" \/>\n<meta property=\"og:image\" content=\"https:\/\/www.pressenza.com\/wp-content\/uploads\/2020\/03\/bambini-Sudan.jpg\" \/>\n\t<meta property=\"og:image:width\" content=\"1024\" \/>\n\t<meta property=\"og:image:height\" content=\"615\" \/>\n\t<meta property=\"og:image:type\" content=\"image\/jpeg\" \/>\n<meta name=\"author\" content=\"UNICEF\" \/>\n<meta name=\"twitter:card\" content=\"summary_large_image\" \/>\n<meta name=\"twitter:creator\" content=\"@PressenzaIPA\" \/>\n<meta name=\"twitter:site\" content=\"@PressenzaIPA\" \/>\n<meta name=\"twitter:label1\" content=\"Scritto da\" \/>\n\t<meta name=\"twitter:data1\" content=\"UNICEF\" \/>\n\t<meta name=\"twitter:label2\" content=\"Tempo di lettura stimato\" \/>\n\t<meta name=\"twitter:data2\" content=\"5 minuti\" \/>\n<script type=\"application\/ld+json\" class=\"yoast-schema-graph\">{\"@context\":\"https:\/\/schema.org\",\"@graph\":[{\"@type\":\"Article\",\"@id\":\"https:\/\/www.pressenza.com\/it\/2023\/01\/mortalita-dei-bambini-nel-mondo\/#article\",\"isPartOf\":{\"@id\":\"https:\/\/www.pressenza.com\/it\/2023\/01\/mortalita-dei-bambini-nel-mondo\/\"},\"author\":{\"name\":\"UNICEF\",\"@id\":\"https:\/\/www.pressenza.com\/it\/#\/schema\/person\/1798433491159bafc2b2ce4daf871dd0\"},\"headline\":\"Mortalit\u00e0 dei bambini nel mondo\",\"datePublished\":\"2023-01-11T10:44:34+00:00\",\"mainEntityOfPage\":{\"@id\":\"https:\/\/www.pressenza.com\/it\/2023\/01\/mortalita-dei-bambini-nel-mondo\/\"},\"wordCount\":896,\"publisher\":{\"@id\":\"https:\/\/www.pressenza.com\/it\/#organization\"},\"image\":{\"@id\":\"https:\/\/www.pressenza.com\/it\/2023\/01\/mortalita-dei-bambini-nel-mondo\/#primaryimage\"},\"thumbnailUrl\":\"https:\/\/www.pressenza.com\/wp-content\/uploads\/2020\/03\/bambini-Sudan.jpg\",\"keywords\":[\"assistenza sanitaria\",\"mortalit\u00e0 bambini\",\"parti a rischio\"],\"articleSection\":[\"Comunicati Stampa\",\"Internazionale\",\"Salute\"],\"inLanguage\":\"it-IT\"},{\"@type\":\"WebPage\",\"@id\":\"https:\/\/www.pressenza.com\/it\/2023\/01\/mortalita-dei-bambini-nel-mondo\/\",\"url\":\"https:\/\/www.pressenza.com\/it\/2023\/01\/mortalita-dei-bambini-nel-mondo\/\",\"name\":\"Mortalit\u00e0 dei bambini nel mondo\",\"isPartOf\":{\"@id\":\"https:\/\/www.pressenza.com\/it\/#website\"},\"primaryImageOfPage\":{\"@id\":\"https:\/\/www.pressenza.com\/it\/2023\/01\/mortalita-dei-bambini-nel-mondo\/#primaryimage\"},\"image\":{\"@id\":\"https:\/\/www.pressenza.com\/it\/2023\/01\/mortalita-dei-bambini-nel-mondo\/#primaryimage\"},\"thumbnailUrl\":\"https:\/\/www.pressenza.com\/wp-content\/uploads\/2020\/03\/bambini-Sudan.jpg\",\"datePublished\":\"2023-01-11T10:44:34+00:00\",\"description\":\"Un numero stimato di 5 milioni di bambini \u00e8 morto prima di compiere cinque anni e altri 2,1 milioni di bambini e giovani di et\u00e0 compresa tra i 5 e i 24\",\"breadcrumb\":{\"@id\":\"https:\/\/www.pressenza.com\/it\/2023\/01\/mortalita-dei-bambini-nel-mondo\/#breadcrumb\"},\"inLanguage\":\"it-IT\",\"potentialAction\":[{\"@type\":\"ReadAction\",\"target\":[\"https:\/\/www.pressenza.com\/it\/2023\/01\/mortalita-dei-bambini-nel-mondo\/\"]}]},{\"@type\":\"ImageObject\",\"inLanguage\":\"it-IT\",\"@id\":\"https:\/\/www.pressenza.com\/it\/2023\/01\/mortalita-dei-bambini-nel-mondo\/#primaryimage\",\"url\":\"https:\/\/www.pressenza.com\/wp-content\/uploads\/2020\/03\/bambini-Sudan.jpg\",\"contentUrl\":\"https:\/\/www.pressenza.com\/wp-content\/uploads\/2020\/03\/bambini-Sudan.jpg\",\"width\":1024,\"height\":615},{\"@type\":\"BreadcrumbList\",\"@id\":\"https:\/\/www.pressenza.com\/it\/2023\/01\/mortalita-dei-bambini-nel-mondo\/#breadcrumb\",\"itemListElement\":[{\"@type\":\"ListItem\",\"position\":1,\"name\":\"Accueil\",\"item\":\"https:\/\/www.pressenza.com\/it\/\"},{\"@type\":\"ListItem\",\"position\":2,\"name\":\"Mortalit\u00e0 dei bambini nel mondo\"}]},{\"@type\":\"WebSite\",\"@id\":\"https:\/\/www.pressenza.com\/it\/#website\",\"url\":\"https:\/\/www.pressenza.com\/it\/\",\"name\":\"Pressenza\",\"description\":\"Agenzia di Stampa Internazionale\",\"publisher\":{\"@id\":\"https:\/\/www.pressenza.com\/it\/#organization\"},\"potentialAction\":[{\"@type\":\"SearchAction\",\"target\":{\"@type\":\"EntryPoint\",\"urlTemplate\":\"https:\/\/www.pressenza.com\/it\/?s={search_term_string}\"},\"query-input\":{\"@type\":\"PropertyValueSpecification\",\"valueRequired\":true,\"valueName\":\"search_term_string\"}}],\"inLanguage\":\"it-IT\"},{\"@type\":\"Organization\",\"@id\":\"https:\/\/www.pressenza.com\/it\/#organization\",\"name\":\"Pressenza\",\"url\":\"https:\/\/www.pressenza.com\/it\/\",\"logo\":{\"@type\":\"ImageObject\",\"inLanguage\":\"it-IT\",\"@id\":\"https:\/\/www.pressenza.com\/it\/#\/schema\/logo\/image\/\",\"url\":\"https:\/\/www.pressenza.com\/wp-content\/uploads\/2022\/10\/pressenza_logo_200x200.jpg\",\"contentUrl\":\"https:\/\/www.pressenza.com\/wp-content\/uploads\/2022\/10\/pressenza_logo_200x200.jpg\",\"width\":200,\"height\":200,\"caption\":\"Pressenza\"},\"image\":{\"@id\":\"https:\/\/www.pressenza.com\/it\/#\/schema\/logo\/image\/\"},\"sameAs\":[\"https:\/\/www.facebook.com\/PressenzaItalia\",\"https:\/\/x.com\/PressenzaIPA\"]},{\"@type\":\"Person\",\"@id\":\"https:\/\/www.pressenza.com\/it\/#\/schema\/person\/1798433491159bafc2b2ce4daf871dd0\",\"name\":\"UNICEF\",\"description\":\"www.unicef.it\",\"sameAs\":[\"http:\/\/www.unicef.it\/\"],\"url\":\"https:\/\/www.pressenza.com\/it\/author\/unicef\/\"}]}<\/script>\n<!-- \/ Yoast SEO plugin. -->","yoast_head_json":{"title":"Mortalit\u00e0 dei bambini nel mondo","description":"Un numero stimato di 5 milioni di bambini \u00e8 morto prima di compiere cinque anni e altri 2,1 milioni di bambini e giovani di et\u00e0 compresa tra i 5 e i 24","robots":{"index":"index","follow":"follow","max-snippet":"max-snippet:-1","max-image-preview":"max-image-preview:large","max-video-preview":"max-video-preview:-1"},"canonical":"https:\/\/www.pressenza.com\/it\/2023\/01\/mortalita-dei-bambini-nel-mondo\/","og_locale":"it_IT","og_type":"article","og_title":"Mortalit\u00e0 dei bambini nel mondo","og_description":"Un numero stimato di 5 milioni di bambini \u00e8 morto prima di compiere cinque anni e altri 2,1 milioni di bambini e giovani di et\u00e0 compresa tra i 5 e i 24","og_url":"https:\/\/www.pressenza.com\/it\/2023\/01\/mortalita-dei-bambini-nel-mondo\/","og_site_name":"Pressenza","article_publisher":"https:\/\/www.facebook.com\/PressenzaItalia","article_published_time":"2023-01-11T10:44:34+00:00","og_image":[{"width":1024,"height":615,"url":"https:\/\/www.pressenza.com\/wp-content\/uploads\/2020\/03\/bambini-Sudan.jpg","type":"image\/jpeg"}],"author":"UNICEF","twitter_card":"summary_large_image","twitter_creator":"@PressenzaIPA","twitter_site":"@PressenzaIPA","twitter_misc":{"Scritto da":"UNICEF","Tempo di lettura stimato":"5 minuti"},"schema":{"@context":"https:\/\/schema.org","@graph":[{"@type":"Article","@id":"https:\/\/www.pressenza.com\/it\/2023\/01\/mortalita-dei-bambini-nel-mondo\/#article","isPartOf":{"@id":"https:\/\/www.pressenza.com\/it\/2023\/01\/mortalita-dei-bambini-nel-mondo\/"},"author":{"name":"UNICEF","@id":"https:\/\/www.pressenza.com\/it\/#\/schema\/person\/1798433491159bafc2b2ce4daf871dd0"},"headline":"Mortalit\u00e0 dei bambini nel mondo","datePublished":"2023-01-11T10:44:34+00:00","mainEntityOfPage":{"@id":"https:\/\/www.pressenza.com\/it\/2023\/01\/mortalita-dei-bambini-nel-mondo\/"},"wordCount":896,"publisher":{"@id":"https:\/\/www.pressenza.com\/it\/#organization"},"image":{"@id":"https:\/\/www.pressenza.com\/it\/2023\/01\/mortalita-dei-bambini-nel-mondo\/#primaryimage"},"thumbnailUrl":"https:\/\/www.pressenza.com\/wp-content\/uploads\/2020\/03\/bambini-Sudan.jpg","keywords":["assistenza sanitaria","mortalit\u00e0 bambini","parti a rischio"],"articleSection":["Comunicati Stampa","Internazionale","Salute"],"inLanguage":"it-IT"},{"@type":"WebPage","@id":"https:\/\/www.pressenza.com\/it\/2023\/01\/mortalita-dei-bambini-nel-mondo\/","url":"https:\/\/www.pressenza.com\/it\/2023\/01\/mortalita-dei-bambini-nel-mondo\/","name":"Mortalit\u00e0 dei bambini nel mondo","isPartOf":{"@id":"https:\/\/www.pressenza.com\/it\/#website"},"primaryImageOfPage":{"@id":"https:\/\/www.pressenza.com\/it\/2023\/01\/mortalita-dei-bambini-nel-mondo\/#primaryimage"},"image":{"@id":"https:\/\/www.pressenza.com\/it\/2023\/01\/mortalita-dei-bambini-nel-mondo\/#primaryimage"},"thumbnailUrl":"https:\/\/www.pressenza.com\/wp-content\/uploads\/2020\/03\/bambini-Sudan.jpg","datePublished":"2023-01-11T10:44:34+00:00","description":"Un numero stimato di 5 milioni di bambini \u00e8 morto prima di compiere cinque anni e altri 2,1 milioni di bambini e giovani di et\u00e0 compresa tra i 5 e i 24","breadcrumb":{"@id":"https:\/\/www.pressenza.com\/it\/2023\/01\/mortalita-dei-bambini-nel-mondo\/#breadcrumb"},"inLanguage":"it-IT","potentialAction":[{"@type":"ReadAction","target":["https:\/\/www.pressenza.com\/it\/2023\/01\/mortalita-dei-bambini-nel-mondo\/"]}]},{"@type":"ImageObject","inLanguage":"it-IT","@id":"https:\/\/www.pressenza.com\/it\/2023\/01\/mortalita-dei-bambini-nel-mondo\/#primaryimage","url":"https:\/\/www.pressenza.com\/wp-content\/uploads\/2020\/03\/bambini-Sudan.jpg","contentUrl":"https:\/\/www.pressenza.com\/wp-content\/uploads\/2020\/03\/bambini-Sudan.jpg","width":1024,"height":615},{"@type":"BreadcrumbList","@id":"https:\/\/www.pressenza.com\/it\/2023\/01\/mortalita-dei-bambini-nel-mondo\/#breadcrumb","itemListElement":[{"@type":"ListItem","position":1,"name":"Accueil","item":"https:\/\/www.pressenza.com\/it\/"},{"@type":"ListItem","position":2,"name":"Mortalit\u00e0 dei bambini nel mondo"}]},{"@type":"WebSite","@id":"https:\/\/www.pressenza.com\/it\/#website","url":"https:\/\/www.pressenza.com\/it\/","name":"Pressenza","description":"Agenzia di Stampa Internazionale","publisher":{"@id":"https:\/\/www.pressenza.com\/it\/#organization"},"potentialAction":[{"@type":"SearchAction","target":{"@type":"EntryPoint","urlTemplate":"https:\/\/www.pressenza.com\/it\/?s={search_term_string}"},"query-input":{"@type":"PropertyValueSpecification","valueRequired":true,"valueName":"search_term_string"}}],"inLanguage":"it-IT"},{"@type":"Organization","@id":"https:\/\/www.pressenza.com\/it\/#organization","name":"Pressenza","url":"https:\/\/www.pressenza.com\/it\/","logo":{"@type":"ImageObject","inLanguage":"it-IT","@id":"https:\/\/www.pressenza.com\/it\/#\/schema\/logo\/image\/","url":"https:\/\/www.pressenza.com\/wp-content\/uploads\/2022\/10\/pressenza_logo_200x200.jpg","contentUrl":"https:\/\/www.pressenza.com\/wp-content\/uploads\/2022\/10\/pressenza_logo_200x200.jpg","width":200,"height":200,"caption":"Pressenza"},"image":{"@id":"https:\/\/www.pressenza.com\/it\/#\/schema\/logo\/image\/"},"sameAs":["https:\/\/www.facebook.com\/PressenzaItalia","https:\/\/x.com\/PressenzaIPA"]},{"@type":"Person","@id":"https:\/\/www.pressenza.com\/it\/#\/schema\/person\/1798433491159bafc2b2ce4daf871dd0","name":"UNICEF","description":"www.unicef.it","sameAs":["http:\/\/www.unicef.it\/"],"url":"https:\/\/www.pressenza.com\/it\/author\/unicef\/"}]}},"place":"","original_article_url":"","_links":{"self":[{"href":"https:\/\/www.pressenza.com\/it\/wp-json\/wp\/v2\/posts\/1708722","targetHints":{"allow":["GET"]}}],"collection":[{"href":"https:\/\/www.pressenza.com\/it\/wp-json\/wp\/v2\/posts"}],"about":[{"href":"https:\/\/www.pressenza.com\/it\/wp-json\/wp\/v2\/types\/post"}],"author":[{"embeddable":true,"href":"https:\/\/www.pressenza.com\/it\/wp-json\/wp\/v2\/users\/1490"}],"replies":[{"embeddable":true,"href":"https:\/\/www.pressenza.com\/it\/wp-json\/wp\/v2\/comments?post=1708722"}],"version-history":[{"count":0,"href":"https:\/\/www.pressenza.com\/it\/wp-json\/wp\/v2\/posts\/1708722\/revisions"}],"wp:featuredmedia":[{"embeddable":true,"href":"https:\/\/www.pressenza.com\/it\/wp-json\/wp\/v2\/media\/1063734"}],"wp:attachment":[{"href":"https:\/\/www.pressenza.com\/it\/wp-json\/wp\/v2\/media?parent=1708722"}],"wp:term":[{"taxonomy":"category","embeddable":true,"href":"https:\/\/www.pressenza.com\/it\/wp-json\/wp\/v2\/categories?post=1708722"},{"taxonomy":"post_tag","embeddable":true,"href":"https:\/\/www.pressenza.com\/it\/wp-json\/wp\/v2\/tags?post=1708722"}],"curies":[{"name":"wp","href":"https:\/\/api.w.org\/{rel}","templated":true}]}}