{"id":1708208,"date":"2023-01-08T16:43:34","date_gmt":"2023-01-08T16:43:34","guid":{"rendered":"https:\/\/www.pressenza.com\/?p=1708208"},"modified":"2023-01-08T16:48:07","modified_gmt":"2023-01-08T16:48:07","slug":"petizione-europea-contro-il-blocco-imposto-a-cuba","status":"publish","type":"post","link":"https:\/\/www.pressenza.com\/it\/2023\/01\/petizione-europea-contro-il-blocco-imposto-a-cuba\/","title":{"rendered":"Petizione europea contro il blocco imposto a Cuba"},"content":{"rendered":"<p class=\"gmail-western\"><span lang=\"es-ES-u-co-trad\">Ci siamo uniti per lanciare una petizione europea congiunta contro il blocco imposto a Cuba e per difendere le operazioni economico finanziarie delle imprese delle banche europee dalle illegali leggi extraterritoriali illegali di cui sono vittime.<\/span><\/p>\n<p class=\"gmail-western\"><span lang=\"es-ES-u-co-trad\">Di fronte alla guerra economica condotta dagli Stati Uniti contro l\u2019Europa e al blocco imposto dalla prima potenza mondiale a un piccolo Paese del Terzo Mondo, le istituzioni dell\u2019Unione Europea devono adottare le misure necessarie per garantire la libert\u00e0 di commercio che pure difendono.<\/span><\/p>\n<p class=\"gmail-western\"><span lang=\"es-ES-u-co-trad\">L\u2019Unione Europea deve difendere le proprie imprese e banche dagli effetti delle leggi extraterritoriali illegali imposte dagli Stati Uniti, adottando le misure necessarie per far rispettare il diritto internazionale.<\/span><\/p>\n<p class=\"gmail-western\"><span lang=\"es-ES-u-co-trad\">Abbiamo appena presentato la nostra petizione, scritta in spagnolo, al Parlamento europeo.<\/span><\/p>\n<p class=\"gmail-western\"><span lang=\"es-ES-u-co-trad\">Chiediamo a tutte le organizzazioni europee che si oppongono al blocco contro Cuba di unirsi a noi.<\/span><\/p>\n<p class=\"gmail-western\"><span lang=\"es-ES-u-co-trad\">Chiediamo ai politici, ai sindacalisti, agli accademici, alle persone del mondo della cultura,\u00a0<\/span><span lang=\"es-ES-u-co-trad\">del mondo dell\u2019economia, <\/span><span lang=\"es-ES-u-co-trad\">a tutti coloro che hanno voce in capitolo, di prendere posizione per chiedere il sostegno alla nostra petizione.<\/span><\/p>\n<p class=\"gmail-western\"><span lang=\"es-ES-u-co-trad\">Invitiamo i cittadini dei nostri Paesi a firmare la nostra petizione per dimostrare l\u2019attaccamento dei popoli europei alla loro indipendenza e al diritto del popolo cubano di seguire la strada che ha scelto.<\/span><\/p>\n<p>Per firmare la petizione: <a href=\"https:\/\/italiacuba.it\/2023\/01\/07\/petizione-europea-contro-il-blocco-imposto-a-cuba-e-per-difendere-la\/\">https:\/\/italiacuba.it\/2023\/01\/07\/petizione-europea-contro-il-blocco-imposto-a-cuba-e-per-difendere-la\/<\/a><\/p>\n<p style=\"text-align: right;\"><span lang=\"es-ES-u-co-trad\"><b>Associazione Nazionale di Amicizia Italia-Cuba (Italia)<\/b><\/span><br \/>\n<span lang=\"es-ES-u-co-trad\"><b>Movimiento Estatal de Solidaridad con Cuba (Spagna)<\/b><\/span><br \/>\n<span lang=\"es-ES-u-co-trad\"><b>Svensk-Kubanska f\u00f6reningen (Svezia)<\/b><\/span><br \/>\n<span lang=\"es-ES-u-co-trad\"><b>Cuba Coop\u00e9ration France (Francia)<\/b><\/span><\/p>\n","protected":false},"excerpt":{"rendered":"<p>Ci siamo uniti per lanciare una petizione europea congiunta contro il blocco imposto a Cuba e per difendere le operazioni economico finanziarie delle imprese delle banche europee dalle illegali leggi extraterritoriali illegali di cui sono vittime. Di fronte alla guerra&hellip;<\/p>\n","protected":false},"author":2094,"featured_media":1691281,"comment_status":"closed","ping_status":"closed","sticky":false,"template":"","format":"standard","meta":{"footnotes":""},"categories":[150,60],"tags":[82976,4377,22207,53374],"class_list":["post-1708208","post","type-post","status-publish","format-standard","has-post-thumbnail","hentry","category-comunicati-stampa","category-diritti-umani","tag-bloqueo-it","tag-cuba-it","tag-europa","tag-italia-cuba"],"yoast_head":"<!-- This site is optimized with the Yoast SEO plugin v27.1.1 - https:\/\/yoast.com\/product\/yoast-seo-wordpress\/ -->\n<title>Petizione europea contro il blocco imposto a Cuba<\/title>\n<meta name=\"description\" content=\"Ci siamo uniti per lanciare una petizione europea congiunta contro il blocco imposto a Cuba e per difendere le operazioni economico finanziarie delle\" \/>\n<meta name=\"robots\" content=\"index, follow, max-snippet:-1, max-image-preview:large, max-video-preview:-1\" \/>\n<link rel=\"canonical\" href=\"https:\/\/www.pressenza.com\/it\/2023\/01\/petizione-europea-contro-il-blocco-imposto-a-cuba\/\" \/>\n<meta property=\"og:locale\" content=\"it_IT\" \/>\n<meta property=\"og:type\" content=\"article\" \/>\n<meta property=\"og:title\" content=\"Petizione europea contro il blocco imposto a Cuba\" \/>\n<meta property=\"og:description\" content=\"Ci siamo uniti per lanciare una petizione europea congiunta contro il blocco imposto a Cuba e per difendere le operazioni economico finanziarie delle\" \/>\n<meta property=\"og:url\" content=\"https:\/\/www.pressenza.com\/it\/2023\/01\/petizione-europea-contro-il-blocco-imposto-a-cuba\/\" \/>\n<meta property=\"og:site_name\" content=\"Pressenza\" \/>\n<meta property=\"article:publisher\" content=\"https:\/\/www.facebook.com\/PressenzaItalia\" \/>\n<meta property=\"article:published_time\" content=\"2023-01-08T16:43:34+00:00\" \/>\n<meta property=\"article:modified_time\" content=\"2023-01-08T16:48:07+00:00\" \/>\n<meta property=\"og:image\" content=\"https:\/\/www.pressenza.com\/wp-content\/uploads\/2022\/11\/no-mas-bloqueo-ItaliaCuba.jpg\" \/>\n\t<meta property=\"og:image:width\" content=\"768\" \/>\n\t<meta property=\"og:image:height\" content=\"512\" \/>\n\t<meta property=\"og:image:type\" content=\"image\/jpeg\" \/>\n<meta name=\"author\" content=\"Associazione Nazionale di Amicizia Italia-Cuba\" \/>\n<meta name=\"twitter:card\" content=\"summary_large_image\" \/>\n<meta name=\"twitter:creator\" content=\"@PressenzaIPA\" \/>\n<meta name=\"twitter:site\" content=\"@PressenzaIPA\" \/>\n<meta name=\"twitter:label1\" content=\"Scritto da\" \/>\n\t<meta name=\"twitter:data1\" content=\"Associazione Nazionale di Amicizia Italia-Cuba\" \/>\n\t<meta name=\"twitter:label2\" content=\"Tempo di lettura stimato\" \/>\n\t<meta name=\"twitter:data2\" content=\"2 minuti\" \/>\n<script type=\"application\/ld+json\" class=\"yoast-schema-graph\">{\"@context\":\"https:\/\/schema.org\",\"@graph\":[{\"@type\":\"Article\",\"@id\":\"https:\/\/www.pressenza.com\/it\/2023\/01\/petizione-europea-contro-il-blocco-imposto-a-cuba\/#article\",\"isPartOf\":{\"@id\":\"https:\/\/www.pressenza.com\/it\/2023\/01\/petizione-europea-contro-il-blocco-imposto-a-cuba\/\"},\"author\":{\"name\":\"Associazione Nazionale di Amicizia Italia-Cuba\",\"@id\":\"https:\/\/www.pressenza.com\/it\/#\/schema\/person\/69353edb44b177a5665f40ea7f8ee3fe\"},\"headline\":\"Petizione europea contro il blocco imposto a Cuba\",\"datePublished\":\"2023-01-08T16:43:34+00:00\",\"dateModified\":\"2023-01-08T16:48:07+00:00\",\"mainEntityOfPage\":{\"@id\":\"https:\/\/www.pressenza.com\/it\/2023\/01\/petizione-europea-contro-il-blocco-imposto-a-cuba\/\"},\"wordCount\":248,\"publisher\":{\"@id\":\"https:\/\/www.pressenza.com\/it\/#organization\"},\"image\":{\"@id\":\"https:\/\/www.pressenza.com\/it\/2023\/01\/petizione-europea-contro-il-blocco-imposto-a-cuba\/#primaryimage\"},\"thumbnailUrl\":\"https:\/\/www.pressenza.com\/wp-content\/uploads\/2022\/11\/no-mas-bloqueo-ItaliaCuba.jpg\",\"keywords\":[\"bloqueo\",\"Cuba\",\"Europa\",\"Italia-Cuba\"],\"articleSection\":[\"Comunicati Stampa\",\"Diritti Umani\"],\"inLanguage\":\"it-IT\"},{\"@type\":\"WebPage\",\"@id\":\"https:\/\/www.pressenza.com\/it\/2023\/01\/petizione-europea-contro-il-blocco-imposto-a-cuba\/\",\"url\":\"https:\/\/www.pressenza.com\/it\/2023\/01\/petizione-europea-contro-il-blocco-imposto-a-cuba\/\",\"name\":\"Petizione europea contro il blocco imposto a Cuba\",\"isPartOf\":{\"@id\":\"https:\/\/www.pressenza.com\/it\/#website\"},\"primaryImageOfPage\":{\"@id\":\"https:\/\/www.pressenza.com\/it\/2023\/01\/petizione-europea-contro-il-blocco-imposto-a-cuba\/#primaryimage\"},\"image\":{\"@id\":\"https:\/\/www.pressenza.com\/it\/2023\/01\/petizione-europea-contro-il-blocco-imposto-a-cuba\/#primaryimage\"},\"thumbnailUrl\":\"https:\/\/www.pressenza.com\/wp-content\/uploads\/2022\/11\/no-mas-bloqueo-ItaliaCuba.jpg\",\"datePublished\":\"2023-01-08T16:43:34+00:00\",\"dateModified\":\"2023-01-08T16:48:07+00:00\",\"description\":\"Ci siamo uniti per lanciare una petizione europea congiunta contro il blocco imposto a Cuba e per difendere le operazioni economico finanziarie delle\",\"breadcrumb\":{\"@id\":\"https:\/\/www.pressenza.com\/it\/2023\/01\/petizione-europea-contro-il-blocco-imposto-a-cuba\/#breadcrumb\"},\"inLanguage\":\"it-IT\",\"potentialAction\":[{\"@type\":\"ReadAction\",\"target\":[\"https:\/\/www.pressenza.com\/it\/2023\/01\/petizione-europea-contro-il-blocco-imposto-a-cuba\/\"]}]},{\"@type\":\"ImageObject\",\"inLanguage\":\"it-IT\",\"@id\":\"https:\/\/www.pressenza.com\/it\/2023\/01\/petizione-europea-contro-il-blocco-imposto-a-cuba\/#primaryimage\",\"url\":\"https:\/\/www.pressenza.com\/wp-content\/uploads\/2022\/11\/no-mas-bloqueo-ItaliaCuba.jpg\",\"contentUrl\":\"https:\/\/www.pressenza.com\/wp-content\/uploads\/2022\/11\/no-mas-bloqueo-ItaliaCuba.jpg\",\"width\":768,\"height\":512,\"caption\":\"J\u00f3venes cubanos caminan junto a un cartel alusivo al bloqueo estadounidense contra la naci\u00f3n caribe\u00f1a durante una actividad contra el bloqueo de Estados Unidos contra la naci\u00f3n cubana, convocada por la Uni\u00f3n de J\u00f3venes Comunistas de Cuba (UJC) coincidiendo con las jornadas mundiales de solidaridad con la Isla, en la occidental provincia Matanzas, Cuba. 27 de junio de 2021.Foto: Jorge Luis Ba\u00f1os\/IPS\"},{\"@type\":\"BreadcrumbList\",\"@id\":\"https:\/\/www.pressenza.com\/it\/2023\/01\/petizione-europea-contro-il-blocco-imposto-a-cuba\/#breadcrumb\",\"itemListElement\":[{\"@type\":\"ListItem\",\"position\":1,\"name\":\"Accueil\",\"item\":\"https:\/\/www.pressenza.com\/it\/\"},{\"@type\":\"ListItem\",\"position\":2,\"name\":\"Petizione europea contro il blocco imposto a Cuba\"}]},{\"@type\":\"WebSite\",\"@id\":\"https:\/\/www.pressenza.com\/it\/#website\",\"url\":\"https:\/\/www.pressenza.com\/it\/\",\"name\":\"Pressenza\",\"description\":\"Agenzia di Stampa Internazionale\",\"publisher\":{\"@id\":\"https:\/\/www.pressenza.com\/it\/#organization\"},\"potentialAction\":[{\"@type\":\"SearchAction\",\"target\":{\"@type\":\"EntryPoint\",\"urlTemplate\":\"https:\/\/www.pressenza.com\/it\/?s={search_term_string}\"},\"query-input\":{\"@type\":\"PropertyValueSpecification\",\"valueRequired\":true,\"valueName\":\"search_term_string\"}}],\"inLanguage\":\"it-IT\"},{\"@type\":\"Organization\",\"@id\":\"https:\/\/www.pressenza.com\/it\/#organization\",\"name\":\"Pressenza\",\"url\":\"https:\/\/www.pressenza.com\/it\/\",\"logo\":{\"@type\":\"ImageObject\",\"inLanguage\":\"it-IT\",\"@id\":\"https:\/\/www.pressenza.com\/it\/#\/schema\/logo\/image\/\",\"url\":\"https:\/\/www.pressenza.com\/wp-content\/uploads\/2022\/10\/pressenza_logo_200x200.jpg\",\"contentUrl\":\"https:\/\/www.pressenza.com\/wp-content\/uploads\/2022\/10\/pressenza_logo_200x200.jpg\",\"width\":200,\"height\":200,\"caption\":\"Pressenza\"},\"image\":{\"@id\":\"https:\/\/www.pressenza.com\/it\/#\/schema\/logo\/image\/\"},\"sameAs\":[\"https:\/\/www.facebook.com\/PressenzaItalia\",\"https:\/\/x.com\/PressenzaIPA\"]},{\"@type\":\"Person\",\"@id\":\"https:\/\/www.pressenza.com\/it\/#\/schema\/person\/69353edb44b177a5665f40ea7f8ee3fe\",\"name\":\"Associazione Nazionale di Amicizia Italia-Cuba\",\"description\":\"L\u2019Associazione Nazionale di Amicizia Italia-Cuba \u00e8 l\u2019organizzazione democratica delle persone che vogliono operare, nel rispetto della Costituzione italiana, per lo sviluppo dei rapporti internazionali di amicizia, di solidariet\u00e0 e di cooperazione con il popolo cubano e i suoi legittimi rappresentanti, nel rispetto della Costituzione della Repubblica di Cuba. Si ispira agli ideali della Resistenza italiana e della Rivoluzione cubana, ai principi della solidariet\u00e0, dell\u2019uguaglianza e della fraterna collaborazione tra i popoli, contro ogni forma di razzismo e di oppressione, per la salvaguardia dei diritti umani collettivi e individuali, per il consolidamento della pace nel mondo. \u00c8 un'Associazione di Promozione Sociale senza fini di lucro, autonoma, pluralista e si colloca nel vasto movimento progressista e antifascista del nostro Paese. Promuove e favorisce la collaborazione con associazioni nazionali e internazionali che si ispirino agli ideali e ai principi di solidariet\u00e0 e di fratellanza tra i popoli e di lotta alla disuguaglianza e all\u2019oppressione. https:\/\/italiacuba.it\",\"sameAs\":[\"https:\/\/italiacuba.it\"],\"url\":\"https:\/\/www.pressenza.com\/it\/author\/associazione-nazionale-di-amicizia-italia-cuba\/\"}]}<\/script>\n<!-- \/ Yoast SEO plugin. -->","yoast_head_json":{"title":"Petizione europea contro il blocco imposto a Cuba","description":"Ci siamo uniti per lanciare una petizione europea congiunta contro il blocco imposto a Cuba e per difendere le operazioni economico finanziarie delle","robots":{"index":"index","follow":"follow","max-snippet":"max-snippet:-1","max-image-preview":"max-image-preview:large","max-video-preview":"max-video-preview:-1"},"canonical":"https:\/\/www.pressenza.com\/it\/2023\/01\/petizione-europea-contro-il-blocco-imposto-a-cuba\/","og_locale":"it_IT","og_type":"article","og_title":"Petizione europea contro il blocco imposto a Cuba","og_description":"Ci siamo uniti per lanciare una petizione europea congiunta contro il blocco imposto a Cuba e per difendere le operazioni economico finanziarie delle","og_url":"https:\/\/www.pressenza.com\/it\/2023\/01\/petizione-europea-contro-il-blocco-imposto-a-cuba\/","og_site_name":"Pressenza","article_publisher":"https:\/\/www.facebook.com\/PressenzaItalia","article_published_time":"2023-01-08T16:43:34+00:00","article_modified_time":"2023-01-08T16:48:07+00:00","og_image":[{"width":768,"height":512,"url":"https:\/\/www.pressenza.com\/wp-content\/uploads\/2022\/11\/no-mas-bloqueo-ItaliaCuba.jpg","type":"image\/jpeg"}],"author":"Associazione Nazionale di Amicizia Italia-Cuba","twitter_card":"summary_large_image","twitter_creator":"@PressenzaIPA","twitter_site":"@PressenzaIPA","twitter_misc":{"Scritto da":"Associazione Nazionale di Amicizia Italia-Cuba","Tempo di lettura stimato":"2 minuti"},"schema":{"@context":"https:\/\/schema.org","@graph":[{"@type":"Article","@id":"https:\/\/www.pressenza.com\/it\/2023\/01\/petizione-europea-contro-il-blocco-imposto-a-cuba\/#article","isPartOf":{"@id":"https:\/\/www.pressenza.com\/it\/2023\/01\/petizione-europea-contro-il-blocco-imposto-a-cuba\/"},"author":{"name":"Associazione Nazionale di Amicizia Italia-Cuba","@id":"https:\/\/www.pressenza.com\/it\/#\/schema\/person\/69353edb44b177a5665f40ea7f8ee3fe"},"headline":"Petizione europea contro il blocco imposto a Cuba","datePublished":"2023-01-08T16:43:34+00:00","dateModified":"2023-01-08T16:48:07+00:00","mainEntityOfPage":{"@id":"https:\/\/www.pressenza.com\/it\/2023\/01\/petizione-europea-contro-il-blocco-imposto-a-cuba\/"},"wordCount":248,"publisher":{"@id":"https:\/\/www.pressenza.com\/it\/#organization"},"image":{"@id":"https:\/\/www.pressenza.com\/it\/2023\/01\/petizione-europea-contro-il-blocco-imposto-a-cuba\/#primaryimage"},"thumbnailUrl":"https:\/\/www.pressenza.com\/wp-content\/uploads\/2022\/11\/no-mas-bloqueo-ItaliaCuba.jpg","keywords":["bloqueo","Cuba","Europa","Italia-Cuba"],"articleSection":["Comunicati Stampa","Diritti Umani"],"inLanguage":"it-IT"},{"@type":"WebPage","@id":"https:\/\/www.pressenza.com\/it\/2023\/01\/petizione-europea-contro-il-blocco-imposto-a-cuba\/","url":"https:\/\/www.pressenza.com\/it\/2023\/01\/petizione-europea-contro-il-blocco-imposto-a-cuba\/","name":"Petizione europea contro il blocco imposto a Cuba","isPartOf":{"@id":"https:\/\/www.pressenza.com\/it\/#website"},"primaryImageOfPage":{"@id":"https:\/\/www.pressenza.com\/it\/2023\/01\/petizione-europea-contro-il-blocco-imposto-a-cuba\/#primaryimage"},"image":{"@id":"https:\/\/www.pressenza.com\/it\/2023\/01\/petizione-europea-contro-il-blocco-imposto-a-cuba\/#primaryimage"},"thumbnailUrl":"https:\/\/www.pressenza.com\/wp-content\/uploads\/2022\/11\/no-mas-bloqueo-ItaliaCuba.jpg","datePublished":"2023-01-08T16:43:34+00:00","dateModified":"2023-01-08T16:48:07+00:00","description":"Ci siamo uniti per lanciare una petizione europea congiunta contro il blocco imposto a Cuba e per difendere le operazioni economico finanziarie delle","breadcrumb":{"@id":"https:\/\/www.pressenza.com\/it\/2023\/01\/petizione-europea-contro-il-blocco-imposto-a-cuba\/#breadcrumb"},"inLanguage":"it-IT","potentialAction":[{"@type":"ReadAction","target":["https:\/\/www.pressenza.com\/it\/2023\/01\/petizione-europea-contro-il-blocco-imposto-a-cuba\/"]}]},{"@type":"ImageObject","inLanguage":"it-IT","@id":"https:\/\/www.pressenza.com\/it\/2023\/01\/petizione-europea-contro-il-blocco-imposto-a-cuba\/#primaryimage","url":"https:\/\/www.pressenza.com\/wp-content\/uploads\/2022\/11\/no-mas-bloqueo-ItaliaCuba.jpg","contentUrl":"https:\/\/www.pressenza.com\/wp-content\/uploads\/2022\/11\/no-mas-bloqueo-ItaliaCuba.jpg","width":768,"height":512,"caption":"J\u00f3venes cubanos caminan junto a un cartel alusivo al bloqueo estadounidense contra la naci\u00f3n caribe\u00f1a durante una actividad contra el bloqueo de Estados Unidos contra la naci\u00f3n cubana, convocada por la Uni\u00f3n de J\u00f3venes Comunistas de Cuba (UJC) coincidiendo con las jornadas mundiales de solidaridad con la Isla, en la occidental provincia Matanzas, Cuba. 27 de junio de 2021.Foto: Jorge Luis Ba\u00f1os\/IPS"},{"@type":"BreadcrumbList","@id":"https:\/\/www.pressenza.com\/it\/2023\/01\/petizione-europea-contro-il-blocco-imposto-a-cuba\/#breadcrumb","itemListElement":[{"@type":"ListItem","position":1,"name":"Accueil","item":"https:\/\/www.pressenza.com\/it\/"},{"@type":"ListItem","position":2,"name":"Petizione europea contro il blocco imposto a Cuba"}]},{"@type":"WebSite","@id":"https:\/\/www.pressenza.com\/it\/#website","url":"https:\/\/www.pressenza.com\/it\/","name":"Pressenza","description":"Agenzia di Stampa Internazionale","publisher":{"@id":"https:\/\/www.pressenza.com\/it\/#organization"},"potentialAction":[{"@type":"SearchAction","target":{"@type":"EntryPoint","urlTemplate":"https:\/\/www.pressenza.com\/it\/?s={search_term_string}"},"query-input":{"@type":"PropertyValueSpecification","valueRequired":true,"valueName":"search_term_string"}}],"inLanguage":"it-IT"},{"@type":"Organization","@id":"https:\/\/www.pressenza.com\/it\/#organization","name":"Pressenza","url":"https:\/\/www.pressenza.com\/it\/","logo":{"@type":"ImageObject","inLanguage":"it-IT","@id":"https:\/\/www.pressenza.com\/it\/#\/schema\/logo\/image\/","url":"https:\/\/www.pressenza.com\/wp-content\/uploads\/2022\/10\/pressenza_logo_200x200.jpg","contentUrl":"https:\/\/www.pressenza.com\/wp-content\/uploads\/2022\/10\/pressenza_logo_200x200.jpg","width":200,"height":200,"caption":"Pressenza"},"image":{"@id":"https:\/\/www.pressenza.com\/it\/#\/schema\/logo\/image\/"},"sameAs":["https:\/\/www.facebook.com\/PressenzaItalia","https:\/\/x.com\/PressenzaIPA"]},{"@type":"Person","@id":"https:\/\/www.pressenza.com\/it\/#\/schema\/person\/69353edb44b177a5665f40ea7f8ee3fe","name":"Associazione Nazionale di Amicizia Italia-Cuba","description":"L\u2019Associazione Nazionale di Amicizia Italia-Cuba \u00e8 l\u2019organizzazione democratica delle persone che vogliono operare, nel rispetto della Costituzione italiana, per lo sviluppo dei rapporti internazionali di amicizia, di solidariet\u00e0 e di cooperazione con il popolo cubano e i suoi legittimi rappresentanti, nel rispetto della Costituzione della Repubblica di Cuba. Si ispira agli ideali della Resistenza italiana e della Rivoluzione cubana, ai principi della solidariet\u00e0, dell\u2019uguaglianza e della fraterna collaborazione tra i popoli, contro ogni forma di razzismo e di oppressione, per la salvaguardia dei diritti umani collettivi e individuali, per il consolidamento della pace nel mondo. \u00c8 un'Associazione di Promozione Sociale senza fini di lucro, autonoma, pluralista e si colloca nel vasto movimento progressista e antifascista del nostro Paese. Promuove e favorisce la collaborazione con associazioni nazionali e internazionali che si ispirino agli ideali e ai principi di solidariet\u00e0 e di fratellanza tra i popoli e di lotta alla disuguaglianza e all\u2019oppressione. https:\/\/italiacuba.it","sameAs":["https:\/\/italiacuba.it"],"url":"https:\/\/www.pressenza.com\/it\/author\/associazione-nazionale-di-amicizia-italia-cuba\/"}]}},"place":"","original_article_url":"","_links":{"self":[{"href":"https:\/\/www.pressenza.com\/it\/wp-json\/wp\/v2\/posts\/1708208","targetHints":{"allow":["GET"]}}],"collection":[{"href":"https:\/\/www.pressenza.com\/it\/wp-json\/wp\/v2\/posts"}],"about":[{"href":"https:\/\/www.pressenza.com\/it\/wp-json\/wp\/v2\/types\/post"}],"author":[{"embeddable":true,"href":"https:\/\/www.pressenza.com\/it\/wp-json\/wp\/v2\/users\/2094"}],"replies":[{"embeddable":true,"href":"https:\/\/www.pressenza.com\/it\/wp-json\/wp\/v2\/comments?post=1708208"}],"version-history":[{"count":0,"href":"https:\/\/www.pressenza.com\/it\/wp-json\/wp\/v2\/posts\/1708208\/revisions"}],"wp:featuredmedia":[{"embeddable":true,"href":"https:\/\/www.pressenza.com\/it\/wp-json\/wp\/v2\/media\/1691281"}],"wp:attachment":[{"href":"https:\/\/www.pressenza.com\/it\/wp-json\/wp\/v2\/media?parent=1708208"}],"wp:term":[{"taxonomy":"category","embeddable":true,"href":"https:\/\/www.pressenza.com\/it\/wp-json\/wp\/v2\/categories?post=1708208"},{"taxonomy":"post_tag","embeddable":true,"href":"https:\/\/www.pressenza.com\/it\/wp-json\/wp\/v2\/tags?post=1708208"}],"curies":[{"name":"wp","href":"https:\/\/api.w.org\/{rel}","templated":true}]}}