{"id":1701018,"date":"2022-12-18T11:26:05","date_gmt":"2022-12-18T11:26:05","guid":{"rendered":"https:\/\/www.pressenza.com\/?p=1701018"},"modified":"2022-12-18T11:26:05","modified_gmt":"2022-12-18T11:26:05","slug":"iran-arrestato-lavvocato-delle-giornaliste-che-avevano-rivelato-la-morte-di-mahsa-amini","status":"publish","type":"post","link":"https:\/\/www.pressenza.com\/it\/2022\/12\/iran-arrestato-lavvocato-delle-giornaliste-che-avevano-rivelato-la-morte-di-mahsa-amini\/","title":{"rendered":"Iran, arrestato l\u2019avvocato delle giornaliste che avevano rivelato la morte di Mahsa Amini"},"content":{"rendered":"<p>L\u2019avvocato Mohammed Al\u00ec Kamfirouzi \u00e8 stato arrestato mercoled\u00ec scorso. Lo ha comunicato ieri suo fratello. Kamfirouzi \u00e8 il legale delle due giornaliste Niloofar Hamidi (30 anni, fotografa) e Ilahe Mohammadi (34 anni, redattrice del giornale progressista Sharq), che avevano reso pubblico il caso di Mahsa Amini e che sono tuttora in carcere dal settembre scorso.<\/p>\n<p><em>\u201cL\u2019arresto di Kamfirouzi \u00e8 avvenuto senza nessun avviso di comparizione, senza accuse e fuori da ogni procedura legale\u201d,<\/em>\u00a0ha affermato il suo difensore. Sono 25 gli avvocati arrestati in Iran dallo scorso settembre per il solo fatto di difendere le vittime della repressione degli ayatollah.<\/p>\n<p>Nel carcere di\u00a0<a href=\"https:\/\/www.google.it\/maps\/place\/Karaj,+Provincia+di+Alborz,+Iran\/@35.8277747,50.8102978,11z\/data=!3m1!4b1!4m5!3m4!1s0x3f8dbf95ef45f011:0x722a04e54eba9bcd!8m2!3d35.8438581!4d50.9714995\" data-saferedirecturl=\"https:\/\/www.google.com\/url?q=https:\/\/www.google.it\/maps\/place\/Karaj,%2BProvincia%2Bdi%2BAlborz,%2BIran\/@35.8277747,50.8102978,11z\/data%3D!3m1!4b1!4m5!3m4!1s0x3f8dbf95ef45f011:0x722a04e54eba9bcd!8m2!3d35.8438581!4d50.9714995&amp;source=gmail&amp;ust=1671444709064000&amp;usg=AOvVaw0Em72uV1H_yZHYv5WjzjwT\">Karaj<\/a>\u00a0\u00e8 in corso una rivolta dei detenuti contro il trasferimento dei condannati a morte. Tra questi, il detenuto politico Saeed Iqbali ha iniziato uno sciopero della fame. I pasdaran hanno fatto arrivare rinforzi per costringere i detenuti a tornare in cella. I familiari sono in apprensione e da 24 ore attendono davanti al carcere di avere informazioni sulla situazione, ma vengono tenuti all\u2019oscuro.<\/p>\n<p>&nbsp;<\/p>\n","protected":false},"excerpt":{"rendered":"<p>L\u2019avvocato Mohammed Al\u00ec Kamfirouzi \u00e8 stato arrestato mercoled\u00ec scorso. Lo ha comunicato ieri suo fratello. Kamfirouzi \u00e8 il legale delle due giornaliste Niloofar Hamidi (30 anni, fotografa) e Ilahe Mohammadi (34 anni, redattrice del giornale progressista Sharq), che avevano reso&hellip;<\/p>\n","protected":false},"author":2080,"featured_media":1697541,"comment_status":"closed","ping_status":"closed","sticky":false,"template":"","format":"standard","meta":{"footnotes":""},"categories":[60,52],"tags":[108506,31334,3980,367,206,3502],"class_list":["post-1701018","post","type-post","status-publish","format-standard","has-post-thumbnail","hentry","category-diritti-umani","category-medio-oriente","tag-attesti","tag-avvocati","tag-condanne-a-morte","tag-giornalisti","tag-iran","tag-proteste"],"yoast_head":"<!-- This site is optimized with the Yoast SEO plugin v27.1.1 - https:\/\/yoast.com\/product\/yoast-seo-wordpress\/ -->\n<title>Iran, arrestato l\u2019avvocato delle giornaliste che avevano rivelato la morte di Mahsa Amini<\/title>\n<meta name=\"description\" content=\"L\u2019avvocato Mohammed Al\u00ec Kamfirouzi \u00e8 stato arrestato mercoled\u00ec scorso. Lo ha comunicato ieri suo fratello. Kamfirouzi \u00e8 il legale delle due giornaliste\" \/>\n<meta name=\"robots\" content=\"index, follow, max-snippet:-1, max-image-preview:large, max-video-preview:-1\" \/>\n<link rel=\"canonical\" href=\"https:\/\/www.pressenza.com\/it\/2022\/12\/iran-arrestato-lavvocato-delle-giornaliste-che-avevano-rivelato-la-morte-di-mahsa-amini\/\" \/>\n<meta property=\"og:locale\" content=\"it_IT\" \/>\n<meta property=\"og:type\" content=\"article\" \/>\n<meta property=\"og:title\" content=\"Iran, arrestato l\u2019avvocato delle giornaliste che avevano rivelato la morte di Mahsa Amini\" \/>\n<meta property=\"og:description\" content=\"L\u2019avvocato Mohammed Al\u00ec Kamfirouzi \u00e8 stato arrestato mercoled\u00ec scorso. Lo ha comunicato ieri suo fratello. Kamfirouzi \u00e8 il legale delle due giornaliste\" \/>\n<meta property=\"og:url\" content=\"https:\/\/www.pressenza.com\/it\/2022\/12\/iran-arrestato-lavvocato-delle-giornaliste-che-avevano-rivelato-la-morte-di-mahsa-amini\/\" \/>\n<meta property=\"og:site_name\" content=\"Pressenza\" \/>\n<meta property=\"article:publisher\" content=\"https:\/\/www.facebook.com\/PressenzaItalia\" \/>\n<meta property=\"article:published_time\" content=\"2022-12-18T11:26:05+00:00\" \/>\n<meta property=\"og:image\" content=\"https:\/\/www.pressenza.com\/wp-content\/uploads\/2022\/12\/manifestazioni-iran.jpg\" \/>\n\t<meta property=\"og:image:width\" content=\"1130\" \/>\n\t<meta property=\"og:image:height\" content=\"709\" \/>\n\t<meta property=\"og:image:type\" content=\"image\/jpeg\" \/>\n<meta name=\"author\" content=\"ANBAMED\" \/>\n<meta name=\"twitter:card\" content=\"summary_large_image\" \/>\n<meta name=\"twitter:creator\" content=\"@PressenzaIPA\" \/>\n<meta name=\"twitter:site\" content=\"@PressenzaIPA\" \/>\n<meta name=\"twitter:label1\" content=\"Scritto da\" \/>\n\t<meta name=\"twitter:data1\" content=\"ANBAMED\" \/>\n\t<meta name=\"twitter:label2\" content=\"Tempo di lettura stimato\" \/>\n\t<meta name=\"twitter:data2\" content=\"1 minuto\" \/>\n<script type=\"application\/ld+json\" class=\"yoast-schema-graph\">{\"@context\":\"https:\/\/schema.org\",\"@graph\":[{\"@type\":\"Article\",\"@id\":\"https:\/\/www.pressenza.com\/it\/2022\/12\/iran-arrestato-lavvocato-delle-giornaliste-che-avevano-rivelato-la-morte-di-mahsa-amini\/#article\",\"isPartOf\":{\"@id\":\"https:\/\/www.pressenza.com\/it\/2022\/12\/iran-arrestato-lavvocato-delle-giornaliste-che-avevano-rivelato-la-morte-di-mahsa-amini\/\"},\"author\":{\"name\":\"ANBAMED\",\"@id\":\"https:\/\/www.pressenza.com\/it\/#\/schema\/person\/9f05db79ca2872d8e94cb459a93831e4\"},\"headline\":\"Iran, arrestato l\u2019avvocato delle giornaliste che avevano rivelato la morte di Mahsa Amini\",\"datePublished\":\"2022-12-18T11:26:05+00:00\",\"mainEntityOfPage\":{\"@id\":\"https:\/\/www.pressenza.com\/it\/2022\/12\/iran-arrestato-lavvocato-delle-giornaliste-che-avevano-rivelato-la-morte-di-mahsa-amini\/\"},\"wordCount\":177,\"publisher\":{\"@id\":\"https:\/\/www.pressenza.com\/it\/#organization\"},\"image\":{\"@id\":\"https:\/\/www.pressenza.com\/it\/2022\/12\/iran-arrestato-lavvocato-delle-giornaliste-che-avevano-rivelato-la-morte-di-mahsa-amini\/#primaryimage\"},\"thumbnailUrl\":\"https:\/\/www.pressenza.com\/wp-content\/uploads\/2022\/12\/manifestazioni-iran.jpg\",\"keywords\":[\"attesti\",\"avvocati\",\"condanne a morte\",\"giornalisti\",\"Iran\",\"proteste\"],\"articleSection\":[\"Diritti Umani\",\"Medio Oriente\"],\"inLanguage\":\"it-IT\"},{\"@type\":\"WebPage\",\"@id\":\"https:\/\/www.pressenza.com\/it\/2022\/12\/iran-arrestato-lavvocato-delle-giornaliste-che-avevano-rivelato-la-morte-di-mahsa-amini\/\",\"url\":\"https:\/\/www.pressenza.com\/it\/2022\/12\/iran-arrestato-lavvocato-delle-giornaliste-che-avevano-rivelato-la-morte-di-mahsa-amini\/\",\"name\":\"Iran, arrestato l\u2019avvocato delle giornaliste che avevano rivelato la morte di Mahsa Amini\",\"isPartOf\":{\"@id\":\"https:\/\/www.pressenza.com\/it\/#website\"},\"primaryImageOfPage\":{\"@id\":\"https:\/\/www.pressenza.com\/it\/2022\/12\/iran-arrestato-lavvocato-delle-giornaliste-che-avevano-rivelato-la-morte-di-mahsa-amini\/#primaryimage\"},\"image\":{\"@id\":\"https:\/\/www.pressenza.com\/it\/2022\/12\/iran-arrestato-lavvocato-delle-giornaliste-che-avevano-rivelato-la-morte-di-mahsa-amini\/#primaryimage\"},\"thumbnailUrl\":\"https:\/\/www.pressenza.com\/wp-content\/uploads\/2022\/12\/manifestazioni-iran.jpg\",\"datePublished\":\"2022-12-18T11:26:05+00:00\",\"description\":\"L\u2019avvocato Mohammed Al\u00ec Kamfirouzi \u00e8 stato arrestato mercoled\u00ec scorso. Lo ha comunicato ieri suo fratello. Kamfirouzi \u00e8 il legale delle due giornaliste\",\"breadcrumb\":{\"@id\":\"https:\/\/www.pressenza.com\/it\/2022\/12\/iran-arrestato-lavvocato-delle-giornaliste-che-avevano-rivelato-la-morte-di-mahsa-amini\/#breadcrumb\"},\"inLanguage\":\"it-IT\",\"potentialAction\":[{\"@type\":\"ReadAction\",\"target\":[\"https:\/\/www.pressenza.com\/it\/2022\/12\/iran-arrestato-lavvocato-delle-giornaliste-che-avevano-rivelato-la-morte-di-mahsa-amini\/\"]}]},{\"@type\":\"ImageObject\",\"inLanguage\":\"it-IT\",\"@id\":\"https:\/\/www.pressenza.com\/it\/2022\/12\/iran-arrestato-lavvocato-delle-giornaliste-che-avevano-rivelato-la-morte-di-mahsa-amini\/#primaryimage\",\"url\":\"https:\/\/www.pressenza.com\/wp-content\/uploads\/2022\/12\/manifestazioni-iran.jpg\",\"contentUrl\":\"https:\/\/www.pressenza.com\/wp-content\/uploads\/2022\/12\/manifestazioni-iran.jpg\",\"width\":1130,\"height\":709},{\"@type\":\"BreadcrumbList\",\"@id\":\"https:\/\/www.pressenza.com\/it\/2022\/12\/iran-arrestato-lavvocato-delle-giornaliste-che-avevano-rivelato-la-morte-di-mahsa-amini\/#breadcrumb\",\"itemListElement\":[{\"@type\":\"ListItem\",\"position\":1,\"name\":\"Accueil\",\"item\":\"https:\/\/www.pressenza.com\/it\/\"},{\"@type\":\"ListItem\",\"position\":2,\"name\":\"Iran, arrestato l\u2019avvocato delle giornaliste che avevano rivelato la morte di Mahsa Amini\"}]},{\"@type\":\"WebSite\",\"@id\":\"https:\/\/www.pressenza.com\/it\/#website\",\"url\":\"https:\/\/www.pressenza.com\/it\/\",\"name\":\"Pressenza\",\"description\":\"Agenzia di Stampa Internazionale\",\"publisher\":{\"@id\":\"https:\/\/www.pressenza.com\/it\/#organization\"},\"potentialAction\":[{\"@type\":\"SearchAction\",\"target\":{\"@type\":\"EntryPoint\",\"urlTemplate\":\"https:\/\/www.pressenza.com\/it\/?s={search_term_string}\"},\"query-input\":{\"@type\":\"PropertyValueSpecification\",\"valueRequired\":true,\"valueName\":\"search_term_string\"}}],\"inLanguage\":\"it-IT\"},{\"@type\":\"Organization\",\"@id\":\"https:\/\/www.pressenza.com\/it\/#organization\",\"name\":\"Pressenza\",\"url\":\"https:\/\/www.pressenza.com\/it\/\",\"logo\":{\"@type\":\"ImageObject\",\"inLanguage\":\"it-IT\",\"@id\":\"https:\/\/www.pressenza.com\/it\/#\/schema\/logo\/image\/\",\"url\":\"https:\/\/www.pressenza.com\/wp-content\/uploads\/2022\/10\/pressenza_logo_200x200.jpg\",\"contentUrl\":\"https:\/\/www.pressenza.com\/wp-content\/uploads\/2022\/10\/pressenza_logo_200x200.jpg\",\"width\":200,\"height\":200,\"caption\":\"Pressenza\"},\"image\":{\"@id\":\"https:\/\/www.pressenza.com\/it\/#\/schema\/logo\/image\/\"},\"sameAs\":[\"https:\/\/www.facebook.com\/PressenzaItalia\",\"https:\/\/x.com\/PressenzaIPA\"]},{\"@type\":\"Person\",\"@id\":\"https:\/\/www.pressenza.com\/it\/#\/schema\/person\/9f05db79ca2872d8e94cb459a93831e4\",\"name\":\"ANBAMED\",\"description\":\"Notizie dal Sud Est del Mediterraneo\",\"sameAs\":[\"https:\/\/www.anbamed.it\/\"],\"url\":\"https:\/\/www.pressenza.com\/it\/author\/anbamed\/\"}]}<\/script>\n<!-- \/ Yoast SEO plugin. -->","yoast_head_json":{"title":"Iran, arrestato l\u2019avvocato delle giornaliste che avevano rivelato la morte di Mahsa Amini","description":"L\u2019avvocato Mohammed Al\u00ec Kamfirouzi \u00e8 stato arrestato mercoled\u00ec scorso. Lo ha comunicato ieri suo fratello. Kamfirouzi \u00e8 il legale delle due giornaliste","robots":{"index":"index","follow":"follow","max-snippet":"max-snippet:-1","max-image-preview":"max-image-preview:large","max-video-preview":"max-video-preview:-1"},"canonical":"https:\/\/www.pressenza.com\/it\/2022\/12\/iran-arrestato-lavvocato-delle-giornaliste-che-avevano-rivelato-la-morte-di-mahsa-amini\/","og_locale":"it_IT","og_type":"article","og_title":"Iran, arrestato l\u2019avvocato delle giornaliste che avevano rivelato la morte di Mahsa Amini","og_description":"L\u2019avvocato Mohammed Al\u00ec Kamfirouzi \u00e8 stato arrestato mercoled\u00ec scorso. Lo ha comunicato ieri suo fratello. Kamfirouzi \u00e8 il legale delle due giornaliste","og_url":"https:\/\/www.pressenza.com\/it\/2022\/12\/iran-arrestato-lavvocato-delle-giornaliste-che-avevano-rivelato-la-morte-di-mahsa-amini\/","og_site_name":"Pressenza","article_publisher":"https:\/\/www.facebook.com\/PressenzaItalia","article_published_time":"2022-12-18T11:26:05+00:00","og_image":[{"width":1130,"height":709,"url":"https:\/\/www.pressenza.com\/wp-content\/uploads\/2022\/12\/manifestazioni-iran.jpg","type":"image\/jpeg"}],"author":"ANBAMED","twitter_card":"summary_large_image","twitter_creator":"@PressenzaIPA","twitter_site":"@PressenzaIPA","twitter_misc":{"Scritto da":"ANBAMED","Tempo di lettura stimato":"1 minuto"},"schema":{"@context":"https:\/\/schema.org","@graph":[{"@type":"Article","@id":"https:\/\/www.pressenza.com\/it\/2022\/12\/iran-arrestato-lavvocato-delle-giornaliste-che-avevano-rivelato-la-morte-di-mahsa-amini\/#article","isPartOf":{"@id":"https:\/\/www.pressenza.com\/it\/2022\/12\/iran-arrestato-lavvocato-delle-giornaliste-che-avevano-rivelato-la-morte-di-mahsa-amini\/"},"author":{"name":"ANBAMED","@id":"https:\/\/www.pressenza.com\/it\/#\/schema\/person\/9f05db79ca2872d8e94cb459a93831e4"},"headline":"Iran, arrestato l\u2019avvocato delle giornaliste che avevano rivelato la morte di Mahsa Amini","datePublished":"2022-12-18T11:26:05+00:00","mainEntityOfPage":{"@id":"https:\/\/www.pressenza.com\/it\/2022\/12\/iran-arrestato-lavvocato-delle-giornaliste-che-avevano-rivelato-la-morte-di-mahsa-amini\/"},"wordCount":177,"publisher":{"@id":"https:\/\/www.pressenza.com\/it\/#organization"},"image":{"@id":"https:\/\/www.pressenza.com\/it\/2022\/12\/iran-arrestato-lavvocato-delle-giornaliste-che-avevano-rivelato-la-morte-di-mahsa-amini\/#primaryimage"},"thumbnailUrl":"https:\/\/www.pressenza.com\/wp-content\/uploads\/2022\/12\/manifestazioni-iran.jpg","keywords":["attesti","avvocati","condanne a morte","giornalisti","Iran","proteste"],"articleSection":["Diritti Umani","Medio Oriente"],"inLanguage":"it-IT"},{"@type":"WebPage","@id":"https:\/\/www.pressenza.com\/it\/2022\/12\/iran-arrestato-lavvocato-delle-giornaliste-che-avevano-rivelato-la-morte-di-mahsa-amini\/","url":"https:\/\/www.pressenza.com\/it\/2022\/12\/iran-arrestato-lavvocato-delle-giornaliste-che-avevano-rivelato-la-morte-di-mahsa-amini\/","name":"Iran, arrestato l\u2019avvocato delle giornaliste che avevano rivelato la morte di Mahsa Amini","isPartOf":{"@id":"https:\/\/www.pressenza.com\/it\/#website"},"primaryImageOfPage":{"@id":"https:\/\/www.pressenza.com\/it\/2022\/12\/iran-arrestato-lavvocato-delle-giornaliste-che-avevano-rivelato-la-morte-di-mahsa-amini\/#primaryimage"},"image":{"@id":"https:\/\/www.pressenza.com\/it\/2022\/12\/iran-arrestato-lavvocato-delle-giornaliste-che-avevano-rivelato-la-morte-di-mahsa-amini\/#primaryimage"},"thumbnailUrl":"https:\/\/www.pressenza.com\/wp-content\/uploads\/2022\/12\/manifestazioni-iran.jpg","datePublished":"2022-12-18T11:26:05+00:00","description":"L\u2019avvocato Mohammed Al\u00ec Kamfirouzi \u00e8 stato arrestato mercoled\u00ec scorso. Lo ha comunicato ieri suo fratello. Kamfirouzi \u00e8 il legale delle due giornaliste","breadcrumb":{"@id":"https:\/\/www.pressenza.com\/it\/2022\/12\/iran-arrestato-lavvocato-delle-giornaliste-che-avevano-rivelato-la-morte-di-mahsa-amini\/#breadcrumb"},"inLanguage":"it-IT","potentialAction":[{"@type":"ReadAction","target":["https:\/\/www.pressenza.com\/it\/2022\/12\/iran-arrestato-lavvocato-delle-giornaliste-che-avevano-rivelato-la-morte-di-mahsa-amini\/"]}]},{"@type":"ImageObject","inLanguage":"it-IT","@id":"https:\/\/www.pressenza.com\/it\/2022\/12\/iran-arrestato-lavvocato-delle-giornaliste-che-avevano-rivelato-la-morte-di-mahsa-amini\/#primaryimage","url":"https:\/\/www.pressenza.com\/wp-content\/uploads\/2022\/12\/manifestazioni-iran.jpg","contentUrl":"https:\/\/www.pressenza.com\/wp-content\/uploads\/2022\/12\/manifestazioni-iran.jpg","width":1130,"height":709},{"@type":"BreadcrumbList","@id":"https:\/\/www.pressenza.com\/it\/2022\/12\/iran-arrestato-lavvocato-delle-giornaliste-che-avevano-rivelato-la-morte-di-mahsa-amini\/#breadcrumb","itemListElement":[{"@type":"ListItem","position":1,"name":"Accueil","item":"https:\/\/www.pressenza.com\/it\/"},{"@type":"ListItem","position":2,"name":"Iran, arrestato l\u2019avvocato delle giornaliste che avevano rivelato la morte di Mahsa Amini"}]},{"@type":"WebSite","@id":"https:\/\/www.pressenza.com\/it\/#website","url":"https:\/\/www.pressenza.com\/it\/","name":"Pressenza","description":"Agenzia di Stampa Internazionale","publisher":{"@id":"https:\/\/www.pressenza.com\/it\/#organization"},"potentialAction":[{"@type":"SearchAction","target":{"@type":"EntryPoint","urlTemplate":"https:\/\/www.pressenza.com\/it\/?s={search_term_string}"},"query-input":{"@type":"PropertyValueSpecification","valueRequired":true,"valueName":"search_term_string"}}],"inLanguage":"it-IT"},{"@type":"Organization","@id":"https:\/\/www.pressenza.com\/it\/#organization","name":"Pressenza","url":"https:\/\/www.pressenza.com\/it\/","logo":{"@type":"ImageObject","inLanguage":"it-IT","@id":"https:\/\/www.pressenza.com\/it\/#\/schema\/logo\/image\/","url":"https:\/\/www.pressenza.com\/wp-content\/uploads\/2022\/10\/pressenza_logo_200x200.jpg","contentUrl":"https:\/\/www.pressenza.com\/wp-content\/uploads\/2022\/10\/pressenza_logo_200x200.jpg","width":200,"height":200,"caption":"Pressenza"},"image":{"@id":"https:\/\/www.pressenza.com\/it\/#\/schema\/logo\/image\/"},"sameAs":["https:\/\/www.facebook.com\/PressenzaItalia","https:\/\/x.com\/PressenzaIPA"]},{"@type":"Person","@id":"https:\/\/www.pressenza.com\/it\/#\/schema\/person\/9f05db79ca2872d8e94cb459a93831e4","name":"ANBAMED","description":"Notizie dal Sud Est del Mediterraneo","sameAs":["https:\/\/www.anbamed.it\/"],"url":"https:\/\/www.pressenza.com\/it\/author\/anbamed\/"}]}},"place":"","original_article_url":"","_links":{"self":[{"href":"https:\/\/www.pressenza.com\/it\/wp-json\/wp\/v2\/posts\/1701018","targetHints":{"allow":["GET"]}}],"collection":[{"href":"https:\/\/www.pressenza.com\/it\/wp-json\/wp\/v2\/posts"}],"about":[{"href":"https:\/\/www.pressenza.com\/it\/wp-json\/wp\/v2\/types\/post"}],"author":[{"embeddable":true,"href":"https:\/\/www.pressenza.com\/it\/wp-json\/wp\/v2\/users\/2080"}],"replies":[{"embeddable":true,"href":"https:\/\/www.pressenza.com\/it\/wp-json\/wp\/v2\/comments?post=1701018"}],"version-history":[{"count":0,"href":"https:\/\/www.pressenza.com\/it\/wp-json\/wp\/v2\/posts\/1701018\/revisions"}],"wp:featuredmedia":[{"embeddable":true,"href":"https:\/\/www.pressenza.com\/it\/wp-json\/wp\/v2\/media\/1697541"}],"wp:attachment":[{"href":"https:\/\/www.pressenza.com\/it\/wp-json\/wp\/v2\/media?parent=1701018"}],"wp:term":[{"taxonomy":"category","embeddable":true,"href":"https:\/\/www.pressenza.com\/it\/wp-json\/wp\/v2\/categories?post=1701018"},{"taxonomy":"post_tag","embeddable":true,"href":"https:\/\/www.pressenza.com\/it\/wp-json\/wp\/v2\/tags?post=1701018"}],"curies":[{"name":"wp","href":"https:\/\/api.w.org\/{rel}","templated":true}]}}