{"id":170069,"date":"2015-03-14T09:18:45","date_gmt":"2015-03-14T09:18:45","guid":{"rendered":"http:\/\/www.pressenza.com\/?p=170069"},"modified":"2015-03-14T09:18:45","modified_gmt":"2015-03-14T09:18:45","slug":"a-messina-lintegrazione-parte-dal-basso","status":"publish","type":"post","link":"https:\/\/www.pressenza.com\/it\/2015\/03\/a-messina-lintegrazione-parte-dal-basso\/","title":{"rendered":"A Messina l&#8217;integrazione parte dal &#8220;Basso&#8221;"},"content":{"rendered":"<p>La Comunit\u00e0 rom d\u00e0 il buon esempio.<\/p>\n<p><em>Intervista a Francesco Mucciardi Consigliere circoscrizionale di &#8220;Cambiare Messina dal Basso&#8221;.<\/em><br \/>\n<strong>Francesco, raccontaci chi sei e da dove nasce il tuo impegno come attivista di CMdB e come consigliere della V\u00b0 circoscrizione\u2026<\/strong><br \/>\nMi chiamo Francesco Mucciardi, ho 31 anni, sono nato a Montebelluna (TV) ma vivo a Messina da 26 anni, ho studiato Biologia ed Ecologia Marina all&#8217;Universit\u00e0, cogestisco un Caf-Patronato, e sono Consigliere della V Circoscrizione per il Movimento &#8220;Cambiamo Messina dal Basso&#8221;.<br \/>\nDopo alcuni anni di attivismo, spesso con ruoli di organizzazione e comunicazione, in particolare nel Movimento &#8220;Rete No Ponte&#8221; e in alcune associazioni politiche di sinistra radicale, senza mai per\u00f2 esser stato iscritto ad un partito, a marzo del 2013, dopo le sollecitazioni di compagni ed amici e dello staff di Renato Accorinti, accetto la loro proposta di candidarmi a Consigliere della V Circoscrizione, il quartiere dove abito.<br \/>\nConoscevo Renato da quattro anni, avevo partecipato a tante iniziative da lui organizzate negli anni precedenti, raccolto anch&#8217;io firme per invitarlo a candidarsi, ed aderito da subito al suo movimento \u201cCambiamo Messina dal Basso\u201d nato a gennaio 2013.<br \/>\nScelsi di candidarmi a Consigliere di Quartiere perch\u00e9 ho sempre creduto che in Politica (quella con la P maiuscola) si debba cominciare dal basso, con molta umilt\u00e0. Lo feci perch\u00e9 voglio servire i cittadini, difendere i pi\u00f9 deboli, farmi strumento delle nostre lotte portandole anche all&#8217;interno delle Istituzioni, farmi megafono della gente comune e in particolare degli ultimi.<br \/>\nSono Consigliere pur continuando a pensare che i Movimenti siano per una persona lo strumento in assoluto migliore e pi\u00f9 bello dell\u2019impegno politico, e che le Istituzioni attuali siano invece piene di difetti, ormai troppo lontane dai bisogni reali della popolazione. Ma l&#8217;ho fatto soprattutto per questo, per provare nel mio piccolo a cambiarle dall\u2019interno, a crearne di nuove, ed ad istituzionalizzare le Assemblee pubbliche cittadine. Perch\u00e9 volevo che tramite me si candidasse un gruppo dell\u2019esperienza movimentista messinese.<br \/>\nPerch\u00e9 volevo, e voglio ancora, che tramite me il Quartiere possa diventare davvero un bene comune autogestito da tutti in prima persona.<\/p>\n<p><strong>Parlaci dei Gruppi Territoriali messi in moto da CMdB. Quale messaggio vogliono mandare agli abitanti di una citt\u00e0 come Messina?<\/strong><br \/>\nIl Movimento &#8220;Cambiamo Messina dal Basso&#8221;, in modo assolutamente unico ed originale in Italia, si \u00e8 strutturato dopo le elezioni.<br \/>\nE&#8217; composto da gruppi tematici, gruppi territoriali, Coordinamento ed Assemblea dei firmatari della Carta d&#8217;Intenti. Quest&#8217;ultima \u00e8 la carta dei principi del Movimento, che bisogna firmare e condividere per aderire al suddetto (non ci sono tessere infatti). Il Coordinamento \u00e8 il gruppo direttivo ed organizzativo del Movimento, eletto dall&#8217;Assemblea. I gruppi tematici (a cui pu\u00f2 partecipare chiunque, anche i non firmatari, senza per\u00f2 diritto di voto) sono i gruppi che si occupano di specifici argomenti, come i servizi sociali, le pari opportunit\u00e0, lo sviluppo economico, i rifiuti, l&#8217;immigrazione, ecc. Mentre i gruppi territoriali sono i gruppi delle 6 Circoscrizioni di Messina, uno per Circoscrizione. Sono anch&#8217;essi aperti a tutti (sempre con diritto di voto solo per i firmatari della Carta), si riuniscono nel territorio, hanno scelto tra i partecipanti dei &#8220;referenti&#8221; (almeno due, preferibilmente uomo e donna) che si interfacciano continuamente con il Coordinamento del Movimento, organizzano riunioni ed iniziative, sia all&#8217;aperto d&#8217;estate che al chiuso d&#8217;inverno, ed anche assemblee popolari di quartiere.<br \/>\nIl messaggio che vogliamo mandare alla citt\u00e0 \u00e8 soprattutto quello della partecipazione, infatti questo Movimento non prevede tessere, e l&#8217;organizzazione di varie iniziative e riunioni sul territorio hanno proprio lo scopo di invitare tutta la cittadinanza a partecipare attivamente nel prendersi cura del proprio quartiere, della propria citt\u00e0 e dei beni comuni.<\/p>\n<p><strong>Parlaci di ci\u00f2 che \u00e8 accaduto il 13 febbraio nella tua circoscrizione, in particolare, del coinvolgimento dell\u2019Associazione Baktalo Drom. Com\u2019\u00e8 nato questo bellissimo &#8216;sodalizio&#8217;?<\/strong><br \/>\nIl 13 Febbraio scorso \u00e8 stata compiuta la prima scerbatura e pulizia delle 3 grandi aiuole della &#8220;Rotatoria Verzera&#8221; da parte dell&#8217;Associazione &#8220;Bahktalo Drom&#8221; della Comunit\u00e0 Rom del villaggio Matteotti all&#8217;Annunziata.<br \/>\nNata da un&#8217;idea in particolare del Presidente dell&#8217;Associazione Feri Zai (che ho conosciuto di persona in campagna elettorale), sostenuta dal sottoscritto, approvata da tutto il Consiglio della V Circoscrizione e dal Presidente Morabito, e grazie al parere positivo del Dipartimento Verde Pubblico del Comune di Messina, la rotatoria \u00e8 stata adottata da poco dall&#8217;Associazione per un anno!<br \/>\nLa prima scerbatura \u00e8 stata effettuata insieme al Circolo &#8220;Legambiente Messina&#8221;, al Comitato &#8220;Risaniamo Casa Nostra&#8221; di Giostra, al mio collega Consigliere della V Circoscrizione Marcello Cannistraci, all&#8217;Assessore all&#8217;Ambiente Daniele Ialacqua, ed ad alcuni attivisti del Movimento &#8220;Cambiamo Messina dal Basso&#8221;.<br \/>\nDa parte dei membri dell&#8217;Associazione Bahktalo Drom \u00e8 stato anche apposto nell&#8217;aiuola un cartello artigianale per indicarne l&#8217;adozione. Ovviamente la rotatoria conserver\u00e0 il suo nome.<\/p>\n<p><strong>Cosa puoi dirci della Comunit\u00e0 rom di Messina in termini di integrazione e come \u00e8 percepita in citt\u00e0? In questo contesto, che valore ha quanto accaduto il 13 febbraio?<\/strong><br \/>\nNel 2011, dopo tanti anni di degrado materiale e morale, viene sgomberato dalle autorit\u00e0 cittadine il campo rom di san Raineri nella zona falcata. Cos\u00ec la Comunit\u00e0 Rom, dopo varie peripezie dovute al fatto che nessun quartiere voleva originariamente ospitarli (anche purtroppo con azioni di protesta eclatanti e violente), a fine 2011 vengono trasferiti al villaggio Matteotti, all&#8217;Annunziata, e viene avviato con loro il progetto di autocostruzione delle loro abitazioni.<br \/>\nSempre nel 2011 la comunit\u00e0 aveva compiuto alcune azioni di pulizia e scerbatura dal basso, insieme al Circolo Arci &#8220;Thomas Sankara&#8221;, in particolare alle aiuole e allo spartitraffico di Villaggio Aldisio, e nella zona antistante Villa Sabin, nell&#8217;ambito del progetto \u201cI rom nella citt\u00e0: iniziativa di inter-azione e riqualificazione urbana\u201d, ideato dall&#8217;Arci proprio per sostenere l&#8217;integrazione della comunit\u00e0 in citt\u00e0.<br \/>\nDunque, all&#8217;Associazione Bahktalo Drom, composta da alcuni membri della comunit\u00e0, ed al sottoscritto, questo dell&#8217;adozione di una rotatoria \u00e8 parso il giusto passo in avanti, la buona prosecuzione di quel percorso. Per dare adesso un contributo per rendere pi\u00f9 pulito ed accogliente il villaggio Annunziata, sentendosi la Comunit\u00e0 Rom ormai dopo 4 anni parte integrante dello stesso.<br \/>\nI componenti dell&#8217;Associazione hanno sottolineato infatti che vorrebbero vedere la citt\u00e0 di Messina, la loro citt\u00e0, pi\u00f9 pulita, e tutti i cittadini pi\u00f9 partecipi, pi\u00f9 attivi, a costituire un&#8217;unica grande comunit\u00e0, prendendosi cura del proprio territorio, per la riqualificazione urbana, in difesa dei beni comuni.<br \/>\nPurtroppo ancora in citt\u00e0 la diffidenza verso i rom \u00e8 forte (anche al rione Matteotti stesso), ma certamente dopo questi ultimi anni, e con azioni come questa del 13 febbraio e con questa adozione, \u00e8 e sar\u00e0 sempre pi\u00f9 difficile a Messina associare la parola rom a quelle di ladro e fannullone.<\/p>\n<p><strong>Come vedi invece, le nuove generazioni rom\u2026<\/strong><\/p>\n<p>I figli della comunit\u00e0 rom del Matteotti sono nati in Italia, dunque sono cittadini italiani a tutti gli effetti. La maggior parte sono bambini, per i quali infatti da alcune settimane, su proposta dell&#8217;Assessorato alle Politiche Sociali del Comune, si sta lavorando con associazioni, volontari ed il Quartiere, per organizzare un doposcuola d&#8217;italiano da tenersi proprio in alcuni locali liberi adiacenti all&#8217;asilo del villaggio Matteotti (rivolto anche ai loro adulti che non conoscono bene la nostra lingua).<br \/>\nPer quanto riguarda i pi\u00f9 grandi invece, sono dei giovani assolutamente identici ai ragazzi italiani, con gli stessi gusti, abiti, comportamenti, preferenze musicali e sportive.<br \/>\nI problemi di convivenza con i messinesi difatti sono soprattutto con gli adulti. I giovani invece vivono pi\u00f9 in citt\u00e0 che al rione e sono, come dicevo, perfettamente integrati con i coetanei messinesi!<\/p>\n<p><em>Intervista a cura di Sofia Donato<\/em><br \/>\n<!--DOCTY--><\/p>\n","protected":false},"excerpt":{"rendered":"<p>La Comunit\u00e0 rom d\u00e0 il buon esempio. Intervista a Francesco Mucciardi Consigliere circoscrizionale di &#8220;Cambiare Messina dal Basso&#8221;. Francesco, raccontaci chi sei e da dove nasce il tuo impegno come attivista di CMdB e come consigliere della V\u00b0 circoscrizione\u2026 Mi&hellip;<\/p>\n","protected":false},"author":594,"featured_media":170113,"comment_status":"closed","ping_status":"open","sticky":false,"template":"","format":"standard","meta":{"footnotes":""},"categories":[11388,47,157,55],"tags":[16582,16585,16583,636,745],"class_list":["post-170069","post","type-post","status-publish","format-standard","has-post-thumbnail","hentry","category-contenuti-originali","category-europa","category-interviste","category-politica","tag-cambiare-messina-dal-basso","tag-circoscrizione","tag-lista-accorinti","tag-messina","tag-rom"],"yoast_head":"<!-- This site is optimized with the Yoast SEO plugin v27.1.1 - https:\/\/yoast.com\/product\/yoast-seo-wordpress\/ -->\n<title>A Messina l&#039;integrazione parte dal &quot;Basso&quot;<\/title>\n<meta name=\"description\" content=\"La Comunit\u00e0 rom d\u00e0 il buon esempio. Intervista a Francesco Mucciardi Consigliere circoscrizionale di &quot;Cambiare Messina dal Basso&quot;. Francesco, raccontaci\" \/>\n<meta name=\"robots\" content=\"index, follow, max-snippet:-1, max-image-preview:large, max-video-preview:-1\" \/>\n<link rel=\"canonical\" href=\"https:\/\/www.pressenza.com\/it\/2015\/03\/a-messina-lintegrazione-parte-dal-basso\/\" \/>\n<meta property=\"og:locale\" content=\"it_IT\" \/>\n<meta property=\"og:type\" content=\"article\" \/>\n<meta property=\"og:title\" content=\"A Messina l&#039;integrazione parte dal &quot;Basso&quot;\" \/>\n<meta property=\"og:description\" content=\"La Comunit\u00e0 rom d\u00e0 il buon esempio. Intervista a Francesco Mucciardi Consigliere circoscrizionale di &quot;Cambiare Messina dal Basso&quot;. Francesco, raccontaci\" \/>\n<meta property=\"og:url\" content=\"https:\/\/www.pressenza.com\/it\/2015\/03\/a-messina-lintegrazione-parte-dal-basso\/\" \/>\n<meta property=\"og:site_name\" content=\"Pressenza\" \/>\n<meta property=\"article:publisher\" content=\"https:\/\/www.facebook.com\/PressenzaItalia\" \/>\n<meta property=\"article:author\" content=\"https:\/\/www.facebook.com\/PressenzaItalia\" \/>\n<meta property=\"article:published_time\" content=\"2015-03-14T09:18:45+00:00\" \/>\n<meta property=\"og:image\" content=\"https:\/\/www.pressenza.com\/wp-content\/uploads\/2015\/03\/intervistamessina.jpg\" \/>\n\t<meta property=\"og:image:width\" content=\"720\" \/>\n\t<meta property=\"og:image:height\" content=\"960\" \/>\n\t<meta property=\"og:image:type\" content=\"image\/jpeg\" \/>\n<meta name=\"author\" content=\"Redazione Italia\" \/>\n<meta name=\"twitter:card\" content=\"summary_large_image\" \/>\n<meta name=\"twitter:creator\" content=\"@pressenza_it\" \/>\n<meta name=\"twitter:site\" content=\"@PressenzaIPA\" \/>\n<meta name=\"twitter:label1\" content=\"Scritto da\" \/>\n\t<meta name=\"twitter:data1\" content=\"Redazione Italia\" \/>\n\t<meta name=\"twitter:label2\" content=\"Tempo di lettura stimato\" \/>\n\t<meta name=\"twitter:data2\" content=\"6 minuti\" \/>\n<script type=\"application\/ld+json\" class=\"yoast-schema-graph\">{\"@context\":\"https:\/\/schema.org\",\"@graph\":[{\"@type\":\"Article\",\"@id\":\"https:\/\/www.pressenza.com\/it\/2015\/03\/a-messina-lintegrazione-parte-dal-basso\/#article\",\"isPartOf\":{\"@id\":\"https:\/\/www.pressenza.com\/it\/2015\/03\/a-messina-lintegrazione-parte-dal-basso\/\"},\"author\":{\"name\":\"Redazione Italia\",\"@id\":\"https:\/\/www.pressenza.com\/it\/#\/schema\/person\/d983e81827ae24f2c7b1a2123d197f8d\"},\"headline\":\"A Messina l&#8217;integrazione parte dal &#8220;Basso&#8221;\",\"datePublished\":\"2015-03-14T09:18:45+00:00\",\"mainEntityOfPage\":{\"@id\":\"https:\/\/www.pressenza.com\/it\/2015\/03\/a-messina-lintegrazione-parte-dal-basso\/\"},\"wordCount\":1257,\"publisher\":{\"@id\":\"https:\/\/www.pressenza.com\/it\/#organization\"},\"image\":{\"@id\":\"https:\/\/www.pressenza.com\/it\/2015\/03\/a-messina-lintegrazione-parte-dal-basso\/#primaryimage\"},\"thumbnailUrl\":\"https:\/\/www.pressenza.com\/wp-content\/uploads\/2015\/03\/intervistamessina.jpg\",\"keywords\":[\"Cambiare Messina dal basso\",\"circoscrizione\",\"lista Accorinti\",\"Messina\",\"rom\"],\"articleSection\":[\"contenuti originali\",\"Europa\",\"Interviste\",\"Politica\"],\"inLanguage\":\"it-IT\"},{\"@type\":\"WebPage\",\"@id\":\"https:\/\/www.pressenza.com\/it\/2015\/03\/a-messina-lintegrazione-parte-dal-basso\/\",\"url\":\"https:\/\/www.pressenza.com\/it\/2015\/03\/a-messina-lintegrazione-parte-dal-basso\/\",\"name\":\"A Messina l'integrazione parte dal \\\"Basso\\\"\",\"isPartOf\":{\"@id\":\"https:\/\/www.pressenza.com\/it\/#website\"},\"primaryImageOfPage\":{\"@id\":\"https:\/\/www.pressenza.com\/it\/2015\/03\/a-messina-lintegrazione-parte-dal-basso\/#primaryimage\"},\"image\":{\"@id\":\"https:\/\/www.pressenza.com\/it\/2015\/03\/a-messina-lintegrazione-parte-dal-basso\/#primaryimage\"},\"thumbnailUrl\":\"https:\/\/www.pressenza.com\/wp-content\/uploads\/2015\/03\/intervistamessina.jpg\",\"datePublished\":\"2015-03-14T09:18:45+00:00\",\"description\":\"La Comunit\u00e0 rom d\u00e0 il buon esempio. Intervista a Francesco Mucciardi Consigliere circoscrizionale di \\\"Cambiare Messina dal Basso\\\". Francesco, raccontaci\",\"breadcrumb\":{\"@id\":\"https:\/\/www.pressenza.com\/it\/2015\/03\/a-messina-lintegrazione-parte-dal-basso\/#breadcrumb\"},\"inLanguage\":\"it-IT\",\"potentialAction\":[{\"@type\":\"ReadAction\",\"target\":[\"https:\/\/www.pressenza.com\/it\/2015\/03\/a-messina-lintegrazione-parte-dal-basso\/\"]}]},{\"@type\":\"ImageObject\",\"inLanguage\":\"it-IT\",\"@id\":\"https:\/\/www.pressenza.com\/it\/2015\/03\/a-messina-lintegrazione-parte-dal-basso\/#primaryimage\",\"url\":\"https:\/\/www.pressenza.com\/wp-content\/uploads\/2015\/03\/intervistamessina.jpg\",\"contentUrl\":\"https:\/\/www.pressenza.com\/wp-content\/uploads\/2015\/03\/intervistamessina.jpg\",\"width\":720,\"height\":960},{\"@type\":\"BreadcrumbList\",\"@id\":\"https:\/\/www.pressenza.com\/it\/2015\/03\/a-messina-lintegrazione-parte-dal-basso\/#breadcrumb\",\"itemListElement\":[{\"@type\":\"ListItem\",\"position\":1,\"name\":\"Accueil\",\"item\":\"https:\/\/www.pressenza.com\/it\/\"},{\"@type\":\"ListItem\",\"position\":2,\"name\":\"A Messina l&#8217;integrazione parte dal &#8220;Basso&#8221;\"}]},{\"@type\":\"WebSite\",\"@id\":\"https:\/\/www.pressenza.com\/it\/#website\",\"url\":\"https:\/\/www.pressenza.com\/it\/\",\"name\":\"Pressenza\",\"description\":\"Agenzia di Stampa Internazionale\",\"publisher\":{\"@id\":\"https:\/\/www.pressenza.com\/it\/#organization\"},\"potentialAction\":[{\"@type\":\"SearchAction\",\"target\":{\"@type\":\"EntryPoint\",\"urlTemplate\":\"https:\/\/www.pressenza.com\/it\/?s={search_term_string}\"},\"query-input\":{\"@type\":\"PropertyValueSpecification\",\"valueRequired\":true,\"valueName\":\"search_term_string\"}}],\"inLanguage\":\"it-IT\"},{\"@type\":\"Organization\",\"@id\":\"https:\/\/www.pressenza.com\/it\/#organization\",\"name\":\"Pressenza\",\"url\":\"https:\/\/www.pressenza.com\/it\/\",\"logo\":{\"@type\":\"ImageObject\",\"inLanguage\":\"it-IT\",\"@id\":\"https:\/\/www.pressenza.com\/it\/#\/schema\/logo\/image\/\",\"url\":\"https:\/\/www.pressenza.com\/wp-content\/uploads\/2022\/10\/pressenza_logo_200x200.jpg\",\"contentUrl\":\"https:\/\/www.pressenza.com\/wp-content\/uploads\/2022\/10\/pressenza_logo_200x200.jpg\",\"width\":200,\"height\":200,\"caption\":\"Pressenza\"},\"image\":{\"@id\":\"https:\/\/www.pressenza.com\/it\/#\/schema\/logo\/image\/\"},\"sameAs\":[\"https:\/\/www.facebook.com\/PressenzaItalia\",\"https:\/\/x.com\/PressenzaIPA\"]},{\"@type\":\"Person\",\"@id\":\"https:\/\/www.pressenza.com\/it\/#\/schema\/person\/d983e81827ae24f2c7b1a2123d197f8d\",\"name\":\"Redazione Italia\",\"description\":\"News from the Pressenza Bureau in Italy\",\"sameAs\":[\"https:\/\/www.pressenza.com\/it\/author\/redazione-italia\/\",\"https:\/\/www.facebook.com\/PressenzaItalia\",\"https:\/\/www.instagram.com\/pressenza_italia\/\",\"https:\/\/x.com\/pressenza_it\",\"https:\/\/www.youtube.com\/channel\/UCSalEIWjE1RSxkwjfftFuqg\"],\"url\":\"https:\/\/www.pressenza.com\/it\/author\/redazione-italia\/\"}]}<\/script>\n<!-- \/ Yoast SEO plugin. -->","yoast_head_json":{"title":"A Messina l'integrazione parte dal \"Basso\"","description":"La Comunit\u00e0 rom d\u00e0 il buon esempio. Intervista a Francesco Mucciardi Consigliere circoscrizionale di \"Cambiare Messina dal Basso\". Francesco, raccontaci","robots":{"index":"index","follow":"follow","max-snippet":"max-snippet:-1","max-image-preview":"max-image-preview:large","max-video-preview":"max-video-preview:-1"},"canonical":"https:\/\/www.pressenza.com\/it\/2015\/03\/a-messina-lintegrazione-parte-dal-basso\/","og_locale":"it_IT","og_type":"article","og_title":"A Messina l'integrazione parte dal \"Basso\"","og_description":"La Comunit\u00e0 rom d\u00e0 il buon esempio. Intervista a Francesco Mucciardi Consigliere circoscrizionale di \"Cambiare Messina dal Basso\". Francesco, raccontaci","og_url":"https:\/\/www.pressenza.com\/it\/2015\/03\/a-messina-lintegrazione-parte-dal-basso\/","og_site_name":"Pressenza","article_publisher":"https:\/\/www.facebook.com\/PressenzaItalia","article_author":"https:\/\/www.facebook.com\/PressenzaItalia","article_published_time":"2015-03-14T09:18:45+00:00","og_image":[{"width":720,"height":960,"url":"https:\/\/www.pressenza.com\/wp-content\/uploads\/2015\/03\/intervistamessina.jpg","type":"image\/jpeg"}],"author":"Redazione Italia","twitter_card":"summary_large_image","twitter_creator":"@pressenza_it","twitter_site":"@PressenzaIPA","twitter_misc":{"Scritto da":"Redazione Italia","Tempo di lettura stimato":"6 minuti"},"schema":{"@context":"https:\/\/schema.org","@graph":[{"@type":"Article","@id":"https:\/\/www.pressenza.com\/it\/2015\/03\/a-messina-lintegrazione-parte-dal-basso\/#article","isPartOf":{"@id":"https:\/\/www.pressenza.com\/it\/2015\/03\/a-messina-lintegrazione-parte-dal-basso\/"},"author":{"name":"Redazione Italia","@id":"https:\/\/www.pressenza.com\/it\/#\/schema\/person\/d983e81827ae24f2c7b1a2123d197f8d"},"headline":"A Messina l&#8217;integrazione parte dal &#8220;Basso&#8221;","datePublished":"2015-03-14T09:18:45+00:00","mainEntityOfPage":{"@id":"https:\/\/www.pressenza.com\/it\/2015\/03\/a-messina-lintegrazione-parte-dal-basso\/"},"wordCount":1257,"publisher":{"@id":"https:\/\/www.pressenza.com\/it\/#organization"},"image":{"@id":"https:\/\/www.pressenza.com\/it\/2015\/03\/a-messina-lintegrazione-parte-dal-basso\/#primaryimage"},"thumbnailUrl":"https:\/\/www.pressenza.com\/wp-content\/uploads\/2015\/03\/intervistamessina.jpg","keywords":["Cambiare Messina dal basso","circoscrizione","lista Accorinti","Messina","rom"],"articleSection":["contenuti originali","Europa","Interviste","Politica"],"inLanguage":"it-IT"},{"@type":"WebPage","@id":"https:\/\/www.pressenza.com\/it\/2015\/03\/a-messina-lintegrazione-parte-dal-basso\/","url":"https:\/\/www.pressenza.com\/it\/2015\/03\/a-messina-lintegrazione-parte-dal-basso\/","name":"A Messina l'integrazione parte dal \"Basso\"","isPartOf":{"@id":"https:\/\/www.pressenza.com\/it\/#website"},"primaryImageOfPage":{"@id":"https:\/\/www.pressenza.com\/it\/2015\/03\/a-messina-lintegrazione-parte-dal-basso\/#primaryimage"},"image":{"@id":"https:\/\/www.pressenza.com\/it\/2015\/03\/a-messina-lintegrazione-parte-dal-basso\/#primaryimage"},"thumbnailUrl":"https:\/\/www.pressenza.com\/wp-content\/uploads\/2015\/03\/intervistamessina.jpg","datePublished":"2015-03-14T09:18:45+00:00","description":"La Comunit\u00e0 rom d\u00e0 il buon esempio. Intervista a Francesco Mucciardi Consigliere circoscrizionale di \"Cambiare Messina dal Basso\". Francesco, raccontaci","breadcrumb":{"@id":"https:\/\/www.pressenza.com\/it\/2015\/03\/a-messina-lintegrazione-parte-dal-basso\/#breadcrumb"},"inLanguage":"it-IT","potentialAction":[{"@type":"ReadAction","target":["https:\/\/www.pressenza.com\/it\/2015\/03\/a-messina-lintegrazione-parte-dal-basso\/"]}]},{"@type":"ImageObject","inLanguage":"it-IT","@id":"https:\/\/www.pressenza.com\/it\/2015\/03\/a-messina-lintegrazione-parte-dal-basso\/#primaryimage","url":"https:\/\/www.pressenza.com\/wp-content\/uploads\/2015\/03\/intervistamessina.jpg","contentUrl":"https:\/\/www.pressenza.com\/wp-content\/uploads\/2015\/03\/intervistamessina.jpg","width":720,"height":960},{"@type":"BreadcrumbList","@id":"https:\/\/www.pressenza.com\/it\/2015\/03\/a-messina-lintegrazione-parte-dal-basso\/#breadcrumb","itemListElement":[{"@type":"ListItem","position":1,"name":"Accueil","item":"https:\/\/www.pressenza.com\/it\/"},{"@type":"ListItem","position":2,"name":"A Messina l&#8217;integrazione parte dal &#8220;Basso&#8221;"}]},{"@type":"WebSite","@id":"https:\/\/www.pressenza.com\/it\/#website","url":"https:\/\/www.pressenza.com\/it\/","name":"Pressenza","description":"Agenzia di Stampa Internazionale","publisher":{"@id":"https:\/\/www.pressenza.com\/it\/#organization"},"potentialAction":[{"@type":"SearchAction","target":{"@type":"EntryPoint","urlTemplate":"https:\/\/www.pressenza.com\/it\/?s={search_term_string}"},"query-input":{"@type":"PropertyValueSpecification","valueRequired":true,"valueName":"search_term_string"}}],"inLanguage":"it-IT"},{"@type":"Organization","@id":"https:\/\/www.pressenza.com\/it\/#organization","name":"Pressenza","url":"https:\/\/www.pressenza.com\/it\/","logo":{"@type":"ImageObject","inLanguage":"it-IT","@id":"https:\/\/www.pressenza.com\/it\/#\/schema\/logo\/image\/","url":"https:\/\/www.pressenza.com\/wp-content\/uploads\/2022\/10\/pressenza_logo_200x200.jpg","contentUrl":"https:\/\/www.pressenza.com\/wp-content\/uploads\/2022\/10\/pressenza_logo_200x200.jpg","width":200,"height":200,"caption":"Pressenza"},"image":{"@id":"https:\/\/www.pressenza.com\/it\/#\/schema\/logo\/image\/"},"sameAs":["https:\/\/www.facebook.com\/PressenzaItalia","https:\/\/x.com\/PressenzaIPA"]},{"@type":"Person","@id":"https:\/\/www.pressenza.com\/it\/#\/schema\/person\/d983e81827ae24f2c7b1a2123d197f8d","name":"Redazione Italia","description":"News from the Pressenza Bureau in Italy","sameAs":["https:\/\/www.pressenza.com\/it\/author\/redazione-italia\/","https:\/\/www.facebook.com\/PressenzaItalia","https:\/\/www.instagram.com\/pressenza_italia\/","https:\/\/x.com\/pressenza_it","https:\/\/www.youtube.com\/channel\/UCSalEIWjE1RSxkwjfftFuqg"],"url":"https:\/\/www.pressenza.com\/it\/author\/redazione-italia\/"}]}},"place":"","original_article_url":"","_links":{"self":[{"href":"https:\/\/www.pressenza.com\/it\/wp-json\/wp\/v2\/posts\/170069","targetHints":{"allow":["GET"]}}],"collection":[{"href":"https:\/\/www.pressenza.com\/it\/wp-json\/wp\/v2\/posts"}],"about":[{"href":"https:\/\/www.pressenza.com\/it\/wp-json\/wp\/v2\/types\/post"}],"author":[{"embeddable":true,"href":"https:\/\/www.pressenza.com\/it\/wp-json\/wp\/v2\/users\/594"}],"replies":[{"embeddable":true,"href":"https:\/\/www.pressenza.com\/it\/wp-json\/wp\/v2\/comments?post=170069"}],"version-history":[{"count":0,"href":"https:\/\/www.pressenza.com\/it\/wp-json\/wp\/v2\/posts\/170069\/revisions"}],"wp:featuredmedia":[{"embeddable":true,"href":"https:\/\/www.pressenza.com\/it\/wp-json\/wp\/v2\/media\/170113"}],"wp:attachment":[{"href":"https:\/\/www.pressenza.com\/it\/wp-json\/wp\/v2\/media?parent=170069"}],"wp:term":[{"taxonomy":"category","embeddable":true,"href":"https:\/\/www.pressenza.com\/it\/wp-json\/wp\/v2\/categories?post=170069"},{"taxonomy":"post_tag","embeddable":true,"href":"https:\/\/www.pressenza.com\/it\/wp-json\/wp\/v2\/tags?post=170069"}],"curies":[{"name":"wp","href":"https:\/\/api.w.org\/{rel}","templated":true}]}}